{"id":980044,"date":"2019-11-24T10:09:51","date_gmt":"2019-11-24T10:09:51","guid":{"rendered":"https:\/\/www.pressenza.com\/?p=980044"},"modified":"2019-11-24T10:09:51","modified_gmt":"2019-11-24T10:09:51","slug":"ci-prendiamo-cura-della-comunita","status":"publish","type":"post","link":"https:\/\/www.pressenza.com\/it\/2019\/11\/ci-prendiamo-cura-della-comunita\/","title":{"rendered":"Ci prendiamo cura della comunit\u00e0"},"content":{"rendered":"<p style=\"text-align: left;\"><em><span style=\"color: #800000;\">Si muovono sul terreno che lega e ribalta pedagogia e politica, pensano che bambini e ragazzi siano gi\u00e0 cittadini, sanno bene che viviamo tempi in cui occorre prima di tutto scardinare pregiudizi e stereotipi e vincere la paura di mettersi in gioco. \u201cCultura in movimento\u201d \u00e8 pi\u00f9 di un progetto, \u00e8 un modo di fare comunit\u00e0. Che merita di essere raccontato e festeggiato<\/span><\/em><\/p>\n<p class=\"has-drop-cap\">Cultura in movimento \u00e8 pi\u00f9 di un progetto \u2013 promosso dal Circolo Arci Cinema Vekkio di Corneliano d\u2019Alba -, \u00e8 <strong>un movimento ma anche uno stile di pedagogia sociale, politica, comunitaria<\/strong> che opera nella citt\u00e0 e con le relazioni esistenti in essa, in quanto, spazio, ambiente e risorse a cui attingere. L\u2019obiettivo \u00e8 ambizioso: sviluppare azioni educative trasformative e emancipative nel territorio.<\/p>\n<p class=\"has-drop-cap\">Agiamo pensando che un cambiamento radicale delle nostre comunit\u00e0 non possa prescindere da <strong>un approccio popolare<\/strong> che parta dai vissuti quotidiani, dalle condizioni reali dei ragazzi\/e (e di noi tutti) e li colleghi ai grandi temi della societ\u00e0. Per questo agiamo per legare pedagogia e politica in un rapporto fecondo di percorsi liberatori si debbano mutare e rendere sempre pi\u00f9 calde le relazioni sociali.<\/p>\n<p>Il tema di fondo \u00e8 costruire una \u201cpedagogia militante\u201d, che prenda parte, propedeutica a un cambiamento radicale della societ\u00e0, non in modo ideologico e didattico, contenutistico, ma provando a far nascere il sentimento di una critica e di una ricerca pratica alternativa all\u2019esistente per le nostre vite alienate e sfruttate.<\/p>\n<figure class=\"wp-block-image\"><img decoding=\"async\" class=\"wp-image-415682 lazyloaded\" src=\"https:\/\/comune-info.net\/wp-content\/uploads\/2019\/11\/culture2-1024x575.jpg\" sizes=\"(max-width: 1024px) 100vw, 1024px\" srcset=\"https:\/\/comune-info.net\/wp-content\/uploads\/2019\/11\/culture2-1024x575.jpg 1024w, https:\/\/comune-info.net\/wp-content\/uploads\/2019\/11\/culture2-300x169.jpg 300w, https:\/\/comune-info.net\/wp-content\/uploads\/2019\/11\/culture2-700x393.jpg 700w, https:\/\/comune-info.net\/wp-content\/uploads\/2019\/11\/culture2-768x431.jpg 768w, https:\/\/comune-info.net\/wp-content\/uploads\/2019\/11\/culture2-1320x742.jpg 1320w, https:\/\/comune-info.net\/wp-content\/uploads\/2019\/11\/culture2-500x281.jpg 500w\" alt=\"\" data-src=\"https:\/\/comune-info.net\/wp-content\/uploads\/2019\/11\/culture2-1024x575.jpg\" data-srcset=\"https:\/\/comune-info.net\/wp-content\/uploads\/2019\/11\/culture2-1024x575.jpg 1024w, https:\/\/comune-info.net\/wp-content\/uploads\/2019\/11\/culture2-300x169.jpg 300w, https:\/\/comune-info.net\/wp-content\/uploads\/2019\/11\/culture2-700x393.jpg 700w, https:\/\/comune-info.net\/wp-content\/uploads\/2019\/11\/culture2-768x431.jpg 768w, https:\/\/comune-info.net\/wp-content\/uploads\/2019\/11\/culture2-1320x742.jpg 1320w, https:\/\/comune-info.net\/wp-content\/uploads\/2019\/11\/culture2-500x281.jpg 500w\" data-sizes=\"(max-width: 1024px) 100vw, 1024px\" \/><\/figure>\n<figure class=\"wp-block-image\"><img decoding=\"async\" class=\"wp-image-415683 lazyloaded\" src=\"https:\/\/comune-info.net\/wp-content\/uploads\/2019\/11\/culture3-1024x575.jpg\" sizes=\"(max-width: 1024px) 100vw, 1024px\" srcset=\"https:\/\/comune-info.net\/wp-content\/uploads\/2019\/11\/culture3-1024x575.jpg 1024w, https:\/\/comune-info.net\/wp-content\/uploads\/2019\/11\/culture3-300x169.jpg 300w, https:\/\/comune-info.net\/wp-content\/uploads\/2019\/11\/culture3-700x393.jpg 700w, https:\/\/comune-info.net\/wp-content\/uploads\/2019\/11\/culture3-768x431.jpg 768w, https:\/\/comune-info.net\/wp-content\/uploads\/2019\/11\/culture3-1320x742.jpg 1320w, https:\/\/comune-info.net\/wp-content\/uploads\/2019\/11\/culture3-500x281.jpg 500w\" alt=\"\" data-src=\"https:\/\/comune-info.net\/wp-content\/uploads\/2019\/11\/culture3-1024x575.jpg\" data-srcset=\"https:\/\/comune-info.net\/wp-content\/uploads\/2019\/11\/culture3-1024x575.jpg 1024w, https:\/\/comune-info.net\/wp-content\/uploads\/2019\/11\/culture3-300x169.jpg 300w, https:\/\/comune-info.net\/wp-content\/uploads\/2019\/11\/culture3-700x393.jpg 700w, https:\/\/comune-info.net\/wp-content\/uploads\/2019\/11\/culture3-768x431.jpg 768w, https:\/\/comune-info.net\/wp-content\/uploads\/2019\/11\/culture3-1320x742.jpg 1320w, https:\/\/comune-info.net\/wp-content\/uploads\/2019\/11\/culture3-500x281.jpg 500w\" data-sizes=\"(max-width: 1024px) 100vw, 1024px\" \/><\/figure>\n<p><strong>Agire comunitariamente significa prima di tutto auto-educarci ad azioni democratiche per riappropriarci degli spazi, dei temi e dei tempi delle nostre citt\u00e0<\/strong>.<\/p>\n<p>Ingaggio con le persone e il territorio, mappa sociale, racconto e raccolta di storie, emersione dei temi, creazione di un oggetto culturale e tentativo di azione trasformativa: ecco in breve il nostro metodo, che non ha di certo la pretesa di essere scientifico e istituzionale, ma ha come riferimenti dichiarati e forti l\u2019<strong>inchiesta sociale<\/strong> e la <strong>socioanalisi narrativa<\/strong>.<\/p>\n<p>In un\u2019epoca dominata dall\u2019individualismo e dalla competizione, fomentata da un sistema educativo che spinge a equipaggiarsi per gareggiare tutti contro tutti nella dinamica sociale, il nostro apporto \u00e8 stato quello di <strong>far vivere l\u2019esperienza del collettivo<\/strong>.<\/p>\n<figure class=\"wp-block-image\"><img decoding=\"async\" class=\"wp-image-415684 lazyloaded\" src=\"https:\/\/comune-info.net\/wp-content\/uploads\/2019\/11\/culture4-1-1024x683.jpg\" sizes=\"(max-width: 1024px) 100vw, 1024px\" srcset=\"https:\/\/comune-info.net\/wp-content\/uploads\/2019\/11\/culture4-1-1024x683.jpg 1024w, https:\/\/comune-info.net\/wp-content\/uploads\/2019\/11\/culture4-1-300x200.jpg 300w, https:\/\/comune-info.net\/wp-content\/uploads\/2019\/11\/culture4-1-700x467.jpg 700w, https:\/\/comune-info.net\/wp-content\/uploads\/2019\/11\/culture4-1-768x512.jpg 768w, https:\/\/comune-info.net\/wp-content\/uploads\/2019\/11\/culture4-1-1320x880.jpg 1320w, https:\/\/comune-info.net\/wp-content\/uploads\/2019\/11\/culture4-1-500x333.jpg 500w\" alt=\"\" data-src=\"https:\/\/comune-info.net\/wp-content\/uploads\/2019\/11\/culture4-1-1024x683.jpg\" data-srcset=\"https:\/\/comune-info.net\/wp-content\/uploads\/2019\/11\/culture4-1-1024x683.jpg 1024w, https:\/\/comune-info.net\/wp-content\/uploads\/2019\/11\/culture4-1-300x200.jpg 300w, https:\/\/comune-info.net\/wp-content\/uploads\/2019\/11\/culture4-1-700x467.jpg 700w, https:\/\/comune-info.net\/wp-content\/uploads\/2019\/11\/culture4-1-768x512.jpg 768w, https:\/\/comune-info.net\/wp-content\/uploads\/2019\/11\/culture4-1-1320x880.jpg 1320w, https:\/\/comune-info.net\/wp-content\/uploads\/2019\/11\/culture4-1-500x333.jpg 500w\" data-sizes=\"(max-width: 1024px) 100vw, 1024px\" \/><\/figure>\n<figure class=\"wp-block-image\"><img decoding=\"async\" class=\"wp-image-415685 lazyloaded\" src=\"https:\/\/comune-info.net\/wp-content\/uploads\/2019\/11\/culture6-1024x683.jpg\" sizes=\"(max-width: 1024px) 100vw, 1024px\" srcset=\"https:\/\/comune-info.net\/wp-content\/uploads\/2019\/11\/culture6-1024x683.jpg 1024w, https:\/\/comune-info.net\/wp-content\/uploads\/2019\/11\/culture6-300x200.jpg 300w, https:\/\/comune-info.net\/wp-content\/uploads\/2019\/11\/culture6-700x467.jpg 700w, https:\/\/comune-info.net\/wp-content\/uploads\/2019\/11\/culture6-768x512.jpg 768w, https:\/\/comune-info.net\/wp-content\/uploads\/2019\/11\/culture6-1320x880.jpg 1320w, https:\/\/comune-info.net\/wp-content\/uploads\/2019\/11\/culture6-500x333.jpg 500w\" alt=\"\" data-src=\"https:\/\/comune-info.net\/wp-content\/uploads\/2019\/11\/culture6-1024x683.jpg\" data-srcset=\"https:\/\/comune-info.net\/wp-content\/uploads\/2019\/11\/culture6-1024x683.jpg 1024w, https:\/\/comune-info.net\/wp-content\/uploads\/2019\/11\/culture6-300x200.jpg 300w, https:\/\/comune-info.net\/wp-content\/uploads\/2019\/11\/culture6-700x467.jpg 700w, https:\/\/comune-info.net\/wp-content\/uploads\/2019\/11\/culture6-768x512.jpg 768w, https:\/\/comune-info.net\/wp-content\/uploads\/2019\/11\/culture6-1320x880.jpg 1320w, https:\/\/comune-info.net\/wp-content\/uploads\/2019\/11\/culture6-500x333.jpg 500w\" data-sizes=\"(max-width: 1024px) 100vw, 1024px\" \/><\/figure>\n<p>L\u2019altro nodo politico che quasi sempre si costruisce \u00e8 l\u2019affrontare, l\u2019essere un piccolo antidoto alla disillusione al cambiamento, che non solo leggiamo in molti sguardi, ma a volte ci viene comunicata con <strong>la paura di mettersi in gioco<\/strong>, perch\u00e9 intanto non cambia nulla\u2026<\/p>\n<p>Gli elementi pedagogici emersi trasversalmente partono dal tentare di <strong>essere inclusivi con tutte le persone che incontriamo<\/strong>, e questo non lo facciamo offrendo iniziative o attivit\u00e0, ma andando incontro alle persone nei luoghi che frequentano, interpellandoli come soggetti, come abitanti e conoscitori di un luogo, delle sue storie e delle relazioni che vi accadono. <strong>I bambini\/e, i ragazzi\/e sono gi\u00e0 cittadini<\/strong>.<\/p>\n<p>Si tratta di <strong>un percorso educativo non didattico<\/strong>, ma di diretta implicazione nelle dinamiche sociali, un apprendimento reale e di partecipazione concreta nella vita della citt\u00e0 e delle sue relazioni.<\/p>\n<p>Altro aspetto fondamentale dei nostri percorsi sono le <strong>storie<\/strong>, sia quelle che <strong>raccontiamo<\/strong> per promuovere il dialogo, sia quelle che <strong>raccogliamo<\/strong>. \u00c8 evidente quanto queste possano essere accomodanti e innocue quanto potenziali scintille di riflessione e azione comunitaria. Le storie esperienziali raccontateci da ragazzi e bambini fanno infatti emergere il punto di vista soggettivo, di parte e permettono di collegare questo aspetto personale al resto della dinamica sociale, provando a <strong>scardinare pregiudizi e stereotipi<\/strong>.<\/p>\n","protected":false},"excerpt":{"rendered":"<p>Si muovono sul terreno che lega e ribalta pedagogia e politica, pensano che bambini e ragazzi siano gi\u00e0 cittadini, sanno bene che viviamo tempi in cui occorre prima di tutto scardinare pregiudizi e stereotipi e vincere la paura di mettersi&hellip;<\/p>\n","protected":false},"author":1436,"featured_media":980055,"comment_status":"closed","ping_status":"closed","sticky":false,"template":"","format":"standard","meta":{"footnotes":""},"categories":[150,56,47],"tags":[67383,67382,67384,2115,3353],"class_list":["post-980044","post","type-post","status-publish","format-standard","has-post-thumbnail","hentry","category-comunicati-stampa","category-cultura","category-europa","tag-corneliano-dalba","tag-cultura-in-movimento","tag-fare-comunita","tag-pedagogia","tag-politica-it"],"yoast_head":"<!-- This site is optimized with the Yoast SEO plugin v27.1.1 - https:\/\/yoast.com\/product\/yoast-seo-wordpress\/ -->\n<title>Ci prendiamo cura della comunit\u00e0<\/title>\n<meta name=\"description\" content=\"Si muovono sul terreno che lega e ribalta pedagogia e politica, pensano che bambini e ragazzi siano gi\u00e0 cittadini, sanno bene che viviamo tempi in cui\" \/>\n<meta name=\"robots\" content=\"index, follow, max-snippet:-1, max-image-preview:large, max-video-preview:-1\" \/>\n<link rel=\"canonical\" href=\"https:\/\/www.pressenza.com\/it\/2019\/11\/ci-prendiamo-cura-della-comunita\/\" \/>\n<meta property=\"og:locale\" content=\"it_IT\" \/>\n<meta property=\"og:type\" content=\"article\" \/>\n<meta property=\"og:title\" content=\"Ci prendiamo cura della comunit\u00e0\" \/>\n<meta property=\"og:description\" content=\"Si muovono sul terreno che lega e ribalta pedagogia e politica, pensano che bambini e ragazzi siano gi\u00e0 cittadini, sanno bene che viviamo tempi in cui\" \/>\n<meta property=\"og:url\" content=\"https:\/\/www.pressenza.com\/it\/2019\/11\/ci-prendiamo-cura-della-comunita\/\" \/>\n<meta property=\"og:site_name\" content=\"Pressenza\" \/>\n<meta property=\"article:publisher\" content=\"https:\/\/www.facebook.com\/PressenzaItalia\" \/>\n<meta property=\"article:published_time\" content=\"2019-11-24T10:09:51+00:00\" \/>\n<meta property=\"og:image\" content=\"https:\/\/www.pressenza.com\/wp-content\/uploads\/2019\/11\/culture5-1024x683.jpg\" \/>\n\t<meta property=\"og:image:width\" content=\"1024\" \/>\n\t<meta property=\"og:image:height\" content=\"683\" \/>\n\t<meta property=\"og:image:type\" content=\"image\/jpeg\" \/>\n<meta name=\"author\" content=\"Comune-info\" \/>\n<meta name=\"twitter:card\" content=\"summary_large_image\" \/>\n<meta name=\"twitter:creator\" content=\"@PressenzaIPA\" \/>\n<meta name=\"twitter:site\" content=\"@PressenzaIPA\" \/>\n<meta name=\"twitter:label1\" content=\"Scritto da\" \/>\n\t<meta name=\"twitter:data1\" content=\"Comune-info\" \/>\n\t<meta name=\"twitter:label2\" content=\"Tempo di lettura stimato\" \/>\n\t<meta name=\"twitter:data2\" content=\"3 minuti\" \/>\n<script type=\"application\/ld+json\" class=\"yoast-schema-graph\">{\"@context\":\"https:\/\/schema.org\",\"@graph\":[{\"@type\":\"Article\",\"@id\":\"https:\/\/www.pressenza.com\/it\/2019\/11\/ci-prendiamo-cura-della-comunita\/#article\",\"isPartOf\":{\"@id\":\"https:\/\/www.pressenza.com\/it\/2019\/11\/ci-prendiamo-cura-della-comunita\/\"},\"author\":{\"name\":\"Comune-info\",\"@id\":\"https:\/\/www.pressenza.com\/it\/#\/schema\/person\/1ee2824dbc73024ca26b2ff0897954a1\"},\"headline\":\"Ci prendiamo cura della comunit\u00e0\",\"datePublished\":\"2019-11-24T10:09:51+00:00\",\"mainEntityOfPage\":{\"@id\":\"https:\/\/www.pressenza.com\/it\/2019\/11\/ci-prendiamo-cura-della-comunita\/\"},\"wordCount\":571,\"publisher\":{\"@id\":\"https:\/\/www.pressenza.com\/it\/#organization\"},\"image\":{\"@id\":\"https:\/\/www.pressenza.com\/it\/2019\/11\/ci-prendiamo-cura-della-comunita\/#primaryimage\"},\"thumbnailUrl\":\"https:\/\/www.pressenza.com\/wp-content\/uploads\/2019\/11\/culture5-1024x683.jpg\",\"keywords\":[\"Corneliano d\u2019Alba\",\"Cultura in movimento\",\"Fare comunit\u00e0\",\"pedagogia\",\"politica\"],\"articleSection\":[\"Comunicati Stampa\",\"Cultura e Media\",\"Europa\"],\"inLanguage\":\"it-IT\"},{\"@type\":\"WebPage\",\"@id\":\"https:\/\/www.pressenza.com\/it\/2019\/11\/ci-prendiamo-cura-della-comunita\/\",\"url\":\"https:\/\/www.pressenza.com\/it\/2019\/11\/ci-prendiamo-cura-della-comunita\/\",\"name\":\"Ci prendiamo cura della comunit\u00e0\",\"isPartOf\":{\"@id\":\"https:\/\/www.pressenza.com\/it\/#website\"},\"primaryImageOfPage\":{\"@id\":\"https:\/\/www.pressenza.com\/it\/2019\/11\/ci-prendiamo-cura-della-comunita\/#primaryimage\"},\"image\":{\"@id\":\"https:\/\/www.pressenza.com\/it\/2019\/11\/ci-prendiamo-cura-della-comunita\/#primaryimage\"},\"thumbnailUrl\":\"https:\/\/www.pressenza.com\/wp-content\/uploads\/2019\/11\/culture5-1024x683.jpg\",\"datePublished\":\"2019-11-24T10:09:51+00:00\",\"description\":\"Si muovono sul terreno che lega e ribalta pedagogia e politica, pensano che bambini e ragazzi siano gi\u00e0 cittadini, sanno bene che viviamo tempi in cui\",\"breadcrumb\":{\"@id\":\"https:\/\/www.pressenza.com\/it\/2019\/11\/ci-prendiamo-cura-della-comunita\/#breadcrumb\"},\"inLanguage\":\"it-IT\",\"potentialAction\":[{\"@type\":\"ReadAction\",\"target\":[\"https:\/\/www.pressenza.com\/it\/2019\/11\/ci-prendiamo-cura-della-comunita\/\"]}]},{\"@type\":\"ImageObject\",\"inLanguage\":\"it-IT\",\"@id\":\"https:\/\/www.pressenza.com\/it\/2019\/11\/ci-prendiamo-cura-della-comunita\/#primaryimage\",\"url\":\"https:\/\/www.pressenza.com\/wp-content\/uploads\/2019\/11\/culture5-1024x683.jpg\",\"contentUrl\":\"https:\/\/www.pressenza.com\/wp-content\/uploads\/2019\/11\/culture5-1024x683.jpg\",\"width\":1024,\"height\":683},{\"@type\":\"BreadcrumbList\",\"@id\":\"https:\/\/www.pressenza.com\/it\/2019\/11\/ci-prendiamo-cura-della-comunita\/#breadcrumb\",\"itemListElement\":[{\"@type\":\"ListItem\",\"position\":1,\"name\":\"Accueil\",\"item\":\"https:\/\/www.pressenza.com\/it\/\"},{\"@type\":\"ListItem\",\"position\":2,\"name\":\"Ci prendiamo cura della comunit\u00e0\"}]},{\"@type\":\"WebSite\",\"@id\":\"https:\/\/www.pressenza.com\/it\/#website\",\"url\":\"https:\/\/www.pressenza.com\/it\/\",\"name\":\"Pressenza\",\"description\":\"Agenzia di Stampa Internazionale\",\"publisher\":{\"@id\":\"https:\/\/www.pressenza.com\/it\/#organization\"},\"potentialAction\":[{\"@type\":\"SearchAction\",\"target\":{\"@type\":\"EntryPoint\",\"urlTemplate\":\"https:\/\/www.pressenza.com\/it\/?s={search_term_string}\"},\"query-input\":{\"@type\":\"PropertyValueSpecification\",\"valueRequired\":true,\"valueName\":\"search_term_string\"}}],\"inLanguage\":\"it-IT\"},{\"@type\":\"Organization\",\"@id\":\"https:\/\/www.pressenza.com\/it\/#organization\",\"name\":\"Pressenza\",\"url\":\"https:\/\/www.pressenza.com\/it\/\",\"logo\":{\"@type\":\"ImageObject\",\"inLanguage\":\"it-IT\",\"@id\":\"https:\/\/www.pressenza.com\/it\/#\/schema\/logo\/image\/\",\"url\":\"https:\/\/www.pressenza.com\/wp-content\/uploads\/2022\/10\/pressenza_logo_200x200.jpg\",\"contentUrl\":\"https:\/\/www.pressenza.com\/wp-content\/uploads\/2022\/10\/pressenza_logo_200x200.jpg\",\"width\":200,\"height\":200,\"caption\":\"Pressenza\"},\"image\":{\"@id\":\"https:\/\/www.pressenza.com\/it\/#\/schema\/logo\/image\/\"},\"sameAs\":[\"https:\/\/www.facebook.com\/PressenzaItalia\",\"https:\/\/x.com\/PressenzaIPA\"]},{\"@type\":\"Person\",\"@id\":\"https:\/\/www.pressenza.com\/it\/#\/schema\/person\/1ee2824dbc73024ca26b2ff0897954a1\",\"name\":\"Comune-info\",\"description\":\"Informazione indipendente su beni comuni, decrescita, altra economia\",\"sameAs\":[\"http:\/\/comune-info.net\/\"],\"url\":\"https:\/\/www.pressenza.com\/it\/author\/comune-info\/\"}]}<\/script>\n<!-- \/ Yoast SEO plugin. -->","yoast_head_json":{"title":"Ci prendiamo cura della comunit\u00e0","description":"Si muovono sul terreno che lega e ribalta pedagogia e politica, pensano che bambini e ragazzi siano gi\u00e0 cittadini, sanno bene che viviamo tempi in cui","robots":{"index":"index","follow":"follow","max-snippet":"max-snippet:-1","max-image-preview":"max-image-preview:large","max-video-preview":"max-video-preview:-1"},"canonical":"https:\/\/www.pressenza.com\/it\/2019\/11\/ci-prendiamo-cura-della-comunita\/","og_locale":"it_IT","og_type":"article","og_title":"Ci prendiamo cura della comunit\u00e0","og_description":"Si muovono sul terreno che lega e ribalta pedagogia e politica, pensano che bambini e ragazzi siano gi\u00e0 cittadini, sanno bene che viviamo tempi in cui","og_url":"https:\/\/www.pressenza.com\/it\/2019\/11\/ci-prendiamo-cura-della-comunita\/","og_site_name":"Pressenza","article_publisher":"https:\/\/www.facebook.com\/PressenzaItalia","article_published_time":"2019-11-24T10:09:51+00:00","og_image":[{"width":1024,"height":683,"url":"https:\/\/www.pressenza.com\/wp-content\/uploads\/2019\/11\/culture5-1024x683.jpg","type":"image\/jpeg"}],"author":"Comune-info","twitter_card":"summary_large_image","twitter_creator":"@PressenzaIPA","twitter_site":"@PressenzaIPA","twitter_misc":{"Scritto da":"Comune-info","Tempo di lettura stimato":"3 minuti"},"schema":{"@context":"https:\/\/schema.org","@graph":[{"@type":"Article","@id":"https:\/\/www.pressenza.com\/it\/2019\/11\/ci-prendiamo-cura-della-comunita\/#article","isPartOf":{"@id":"https:\/\/www.pressenza.com\/it\/2019\/11\/ci-prendiamo-cura-della-comunita\/"},"author":{"name":"Comune-info","@id":"https:\/\/www.pressenza.com\/it\/#\/schema\/person\/1ee2824dbc73024ca26b2ff0897954a1"},"headline":"Ci prendiamo cura della comunit\u00e0","datePublished":"2019-11-24T10:09:51+00:00","mainEntityOfPage":{"@id":"https:\/\/www.pressenza.com\/it\/2019\/11\/ci-prendiamo-cura-della-comunita\/"},"wordCount":571,"publisher":{"@id":"https:\/\/www.pressenza.com\/it\/#organization"},"image":{"@id":"https:\/\/www.pressenza.com\/it\/2019\/11\/ci-prendiamo-cura-della-comunita\/#primaryimage"},"thumbnailUrl":"https:\/\/www.pressenza.com\/wp-content\/uploads\/2019\/11\/culture5-1024x683.jpg","keywords":["Corneliano d\u2019Alba","Cultura in movimento","Fare comunit\u00e0","pedagogia","politica"],"articleSection":["Comunicati Stampa","Cultura e Media","Europa"],"inLanguage":"it-IT"},{"@type":"WebPage","@id":"https:\/\/www.pressenza.com\/it\/2019\/11\/ci-prendiamo-cura-della-comunita\/","url":"https:\/\/www.pressenza.com\/it\/2019\/11\/ci-prendiamo-cura-della-comunita\/","name":"Ci prendiamo cura della comunit\u00e0","isPartOf":{"@id":"https:\/\/www.pressenza.com\/it\/#website"},"primaryImageOfPage":{"@id":"https:\/\/www.pressenza.com\/it\/2019\/11\/ci-prendiamo-cura-della-comunita\/#primaryimage"},"image":{"@id":"https:\/\/www.pressenza.com\/it\/2019\/11\/ci-prendiamo-cura-della-comunita\/#primaryimage"},"thumbnailUrl":"https:\/\/www.pressenza.com\/wp-content\/uploads\/2019\/11\/culture5-1024x683.jpg","datePublished":"2019-11-24T10:09:51+00:00","description":"Si muovono sul terreno che lega e ribalta pedagogia e politica, pensano che bambini e ragazzi siano gi\u00e0 cittadini, sanno bene che viviamo tempi in cui","breadcrumb":{"@id":"https:\/\/www.pressenza.com\/it\/2019\/11\/ci-prendiamo-cura-della-comunita\/#breadcrumb"},"inLanguage":"it-IT","potentialAction":[{"@type":"ReadAction","target":["https:\/\/www.pressenza.com\/it\/2019\/11\/ci-prendiamo-cura-della-comunita\/"]}]},{"@type":"ImageObject","inLanguage":"it-IT","@id":"https:\/\/www.pressenza.com\/it\/2019\/11\/ci-prendiamo-cura-della-comunita\/#primaryimage","url":"https:\/\/www.pressenza.com\/wp-content\/uploads\/2019\/11\/culture5-1024x683.jpg","contentUrl":"https:\/\/www.pressenza.com\/wp-content\/uploads\/2019\/11\/culture5-1024x683.jpg","width":1024,"height":683},{"@type":"BreadcrumbList","@id":"https:\/\/www.pressenza.com\/it\/2019\/11\/ci-prendiamo-cura-della-comunita\/#breadcrumb","itemListElement":[{"@type":"ListItem","position":1,"name":"Accueil","item":"https:\/\/www.pressenza.com\/it\/"},{"@type":"ListItem","position":2,"name":"Ci prendiamo cura della comunit\u00e0"}]},{"@type":"WebSite","@id":"https:\/\/www.pressenza.com\/it\/#website","url":"https:\/\/www.pressenza.com\/it\/","name":"Pressenza","description":"Agenzia di Stampa Internazionale","publisher":{"@id":"https:\/\/www.pressenza.com\/it\/#organization"},"potentialAction":[{"@type":"SearchAction","target":{"@type":"EntryPoint","urlTemplate":"https:\/\/www.pressenza.com\/it\/?s={search_term_string}"},"query-input":{"@type":"PropertyValueSpecification","valueRequired":true,"valueName":"search_term_string"}}],"inLanguage":"it-IT"},{"@type":"Organization","@id":"https:\/\/www.pressenza.com\/it\/#organization","name":"Pressenza","url":"https:\/\/www.pressenza.com\/it\/","logo":{"@type":"ImageObject","inLanguage":"it-IT","@id":"https:\/\/www.pressenza.com\/it\/#\/schema\/logo\/image\/","url":"https:\/\/www.pressenza.com\/wp-content\/uploads\/2022\/10\/pressenza_logo_200x200.jpg","contentUrl":"https:\/\/www.pressenza.com\/wp-content\/uploads\/2022\/10\/pressenza_logo_200x200.jpg","width":200,"height":200,"caption":"Pressenza"},"image":{"@id":"https:\/\/www.pressenza.com\/it\/#\/schema\/logo\/image\/"},"sameAs":["https:\/\/www.facebook.com\/PressenzaItalia","https:\/\/x.com\/PressenzaIPA"]},{"@type":"Person","@id":"https:\/\/www.pressenza.com\/it\/#\/schema\/person\/1ee2824dbc73024ca26b2ff0897954a1","name":"Comune-info","description":"Informazione indipendente su beni comuni, decrescita, altra economia","sameAs":["http:\/\/comune-info.net\/"],"url":"https:\/\/www.pressenza.com\/it\/author\/comune-info\/"}]}},"place":"","original_article_url":"https:\/\/comune-info.net\/ci-prendiamo-cura-della-comunita\/","_links":{"self":[{"href":"https:\/\/www.pressenza.com\/it\/wp-json\/wp\/v2\/posts\/980044","targetHints":{"allow":["GET"]}}],"collection":[{"href":"https:\/\/www.pressenza.com\/it\/wp-json\/wp\/v2\/posts"}],"about":[{"href":"https:\/\/www.pressenza.com\/it\/wp-json\/wp\/v2\/types\/post"}],"author":[{"embeddable":true,"href":"https:\/\/www.pressenza.com\/it\/wp-json\/wp\/v2\/users\/1436"}],"replies":[{"embeddable":true,"href":"https:\/\/www.pressenza.com\/it\/wp-json\/wp\/v2\/comments?post=980044"}],"version-history":[{"count":0,"href":"https:\/\/www.pressenza.com\/it\/wp-json\/wp\/v2\/posts\/980044\/revisions"}],"wp:featuredmedia":[{"embeddable":true,"href":"https:\/\/www.pressenza.com\/it\/wp-json\/wp\/v2\/media\/980055"}],"wp:attachment":[{"href":"https:\/\/www.pressenza.com\/it\/wp-json\/wp\/v2\/media?parent=980044"}],"wp:term":[{"taxonomy":"category","embeddable":true,"href":"https:\/\/www.pressenza.com\/it\/wp-json\/wp\/v2\/categories?post=980044"},{"taxonomy":"post_tag","embeddable":true,"href":"https:\/\/www.pressenza.com\/it\/wp-json\/wp\/v2\/tags?post=980044"}],"curies":[{"name":"wp","href":"https:\/\/api.w.org\/{rel}","templated":true}]}}