{"id":976140,"date":"2019-11-19T16:49:13","date_gmt":"2019-11-19T16:49:13","guid":{"rendered":"https:\/\/www.pressenza.com\/?p=976140"},"modified":"2019-11-20T14:39:30","modified_gmt":"2019-11-20T14:39:30","slug":"cile-un-accordo-mica-tanto-storico","status":"publish","type":"post","link":"https:\/\/www.pressenza.com\/it\/2019\/11\/cile-un-accordo-mica-tanto-storico\/","title":{"rendered":"Cile. Un accordo mica tanto &#8220;storico&#8221;"},"content":{"rendered":"<p>Venerd\u00ec 15 novembre 2019 la grande maggioranza dei partiti nel Parlamento cileno ha votato a favore della proposta dell&#8217;alleanza di governo di indire un referendum nell\u2019aprile del 2020, per stabilire se il popolo cileno vuole modificare la Costituzione e, in caso affermativo, come cambiarla. Tra i partiti con rappresentanza parlamentare, solo sei non hanno votato a favore di questa proposta: il Partito Ecologista Verde, il Partito Convergenza Sociale, il Partito Comunista, il Partito Verde regionale, il Partito Progressista e il Partito Umanista.<\/p>\n<p>L&#8217;accordo votato dalla maggioranza parlamentare presenta alcuni inconvenienti:<\/p>\n<p>&#8211; Non soddisfa la richiesta popolare perch\u00e9 Pi\u00f1era si dimetta e venga giudicato insieme al suo governo per le loro responsabilit\u00e0 nei crimini contro i manifestanti.<br \/>\n&#8211; Con questa strategia, Pi\u00f1era rimane al potere per altri due anni.<br \/>\n&#8211; L&#8217;obiettivo \u00e8 quello di calmare la folla in sei mesi e andare a un referendum con pi\u00f9 tempo. Gli alleati del governo in questo sforzo saranno naturalmente la stampa del sistema, che funger\u00e0 da estintore e la polizia, che cercher\u00e0 di sfiancare i manifestanti.<\/p>\n<p>I partiti che hanno votato a favore di questo accordo &#8220;storico&#8221;, come l&#8217;hanno chiamato, hanno condannato la maggioranza delle assemblee popolari dei quartieri, che il giorno precedente avevano impedito di inviare al governo un &#8220;disegno di legge&#8221; ed esigevano il giudizio delle responsabilit\u00e0 di Pi\u00f1era e la stesura della nuova Costituzione insieme al popolo. Quello stesso pomeriggio c\u2019\u00e8 stata una nuova manifestazione in Plaza Italia, che purtroppo al calar della notte ha dovuto affrontare la pi\u00f9 dura repressione poliziesca degli ultimi giorni.<\/p>\n<p>Ieri, 18 novembre 2019, si \u00e8 compiuto un mese da quando il popolo cileno \u00e8 sceso in strada ogni giorno chiedendo dignit\u00e0. Ovviamente il numero di manifestanti \u00e8 diminuito rispetto all\u2019inizio, ma sono ancora migliaia, mostrano una passione innegabile, sono stanchi delle mobilitazioni centrali e organizzano centinaia di assemblee di quartiere in tutto il Cile.<\/p>\n<p>Traduzione dallo spagnolo di Silvia Nocera<\/p>\n","protected":false},"excerpt":{"rendered":"<p>Venerd\u00ec 15 novembre 2019 la grande maggioranza dei partiti nel Parlamento cileno ha votato a favore della proposta dell&#8217;alleanza di governo di indire un referendum nell\u2019aprile del 2020, per stabilire se il popolo cileno vuole modificare la Costituzione e, in&hellip;<\/p>\n","protected":false},"author":1203,"featured_media":975480,"comment_status":"closed","ping_status":"closed","sticky":false,"template":"","format":"standard","meta":{"footnotes":""},"categories":[11388,162,55,48],"tags":[67182,540,66130,890,190],"class_list":["post-976140","post","type-post","status-publish","format-standard","has-post-thumbnail","hentry","category-contenuti-originali","category-opinioni","category-politica","category-sud-america","tag-accordo-parlamentare","tag-cile","tag-nuova-costituzione","tag-proteste-sociali","tag-referendum"],"yoast_head":"<!-- This site is optimized with the Yoast SEO plugin v27.1.1 - https:\/\/yoast.com\/product\/yoast-seo-wordpress\/ -->\n<title>Cile. Un accordo mica tanto &quot;storico&quot;<\/title>\n<meta name=\"description\" content=\"Venerd\u00ec 15 novembre 2019 la grande maggioranza dei partiti nel Parlamento cileno ha votato a favore della proposta dell&#039;alleanza di governo di indire un\" \/>\n<meta name=\"robots\" content=\"index, follow, max-snippet:-1, max-image-preview:large, max-video-preview:-1\" \/>\n<link rel=\"canonical\" href=\"https:\/\/www.pressenza.com\/it\/2019\/11\/cile-un-accordo-mica-tanto-storico\/\" \/>\n<meta property=\"og:locale\" content=\"it_IT\" \/>\n<meta property=\"og:type\" content=\"article\" \/>\n<meta property=\"og:title\" content=\"Cile. Un accordo mica tanto &quot;storico&quot;\" \/>\n<meta property=\"og:description\" content=\"Venerd\u00ec 15 novembre 2019 la grande maggioranza dei partiti nel Parlamento cileno ha votato a favore della proposta dell&#039;alleanza di governo di indire un\" \/>\n<meta property=\"og:url\" content=\"https:\/\/www.pressenza.com\/it\/2019\/11\/cile-un-accordo-mica-tanto-storico\/\" \/>\n<meta property=\"og:site_name\" content=\"Pressenza\" \/>\n<meta property=\"article:publisher\" content=\"https:\/\/www.facebook.com\/PressenzaItalia\" \/>\n<meta property=\"article:author\" content=\"https:\/\/www.facebook.com\/marianella.kloka?fref=ts\" \/>\n<meta property=\"article:published_time\" content=\"2019-11-19T16:49:13+00:00\" \/>\n<meta property=\"article:modified_time\" content=\"2019-11-20T14:39:30+00:00\" \/>\n<meta property=\"og:image\" content=\"https:\/\/www.pressenza.com\/wp-content\/uploads\/2019\/11\/a-month-of-protest-in-Chile.jpg\" \/>\n\t<meta property=\"og:image:width\" content=\"884\" \/>\n\t<meta property=\"og:image:height\" content=\"491\" \/>\n\t<meta property=\"og:image:type\" content=\"image\/jpeg\" \/>\n<meta name=\"author\" content=\"Marianella Kloka\" \/>\n<meta name=\"twitter:card\" content=\"summary_large_image\" \/>\n<meta name=\"twitter:creator\" content=\"@MarianellaKloka\" \/>\n<meta name=\"twitter:site\" content=\"@PressenzaIPA\" \/>\n<meta name=\"twitter:label1\" content=\"Scritto da\" \/>\n\t<meta name=\"twitter:data1\" content=\"Marianella Kloka\" \/>\n\t<meta name=\"twitter:label2\" content=\"Tempo di lettura stimato\" \/>\n\t<meta name=\"twitter:data2\" content=\"2 minuti\" \/>\n<script type=\"application\/ld+json\" class=\"yoast-schema-graph\">{\"@context\":\"https:\/\/schema.org\",\"@graph\":[{\"@type\":\"Article\",\"@id\":\"https:\/\/www.pressenza.com\/it\/2019\/11\/cile-un-accordo-mica-tanto-storico\/#article\",\"isPartOf\":{\"@id\":\"https:\/\/www.pressenza.com\/it\/2019\/11\/cile-un-accordo-mica-tanto-storico\/\"},\"author\":{\"name\":\"Marianella Kloka\",\"@id\":\"https:\/\/www.pressenza.com\/it\/#\/schema\/person\/2f6926fff5b90a0637b85437f24cbfe9\"},\"headline\":\"Cile. Un accordo mica tanto &#8220;storico&#8221;\",\"datePublished\":\"2019-11-19T16:49:13+00:00\",\"dateModified\":\"2019-11-20T14:39:30+00:00\",\"mainEntityOfPage\":{\"@id\":\"https:\/\/www.pressenza.com\/it\/2019\/11\/cile-un-accordo-mica-tanto-storico\/\"},\"wordCount\":322,\"publisher\":{\"@id\":\"https:\/\/www.pressenza.com\/it\/#organization\"},\"image\":{\"@id\":\"https:\/\/www.pressenza.com\/it\/2019\/11\/cile-un-accordo-mica-tanto-storico\/#primaryimage\"},\"thumbnailUrl\":\"https:\/\/www.pressenza.com\/wp-content\/uploads\/2019\/11\/a-month-of-protest-in-Chile.jpg\",\"keywords\":[\"accordo parlamentare\",\"Cile\",\"nuova Costituzione\",\"proteste sociali\",\"referendum\"],\"articleSection\":[\"contenuti originali\",\"Opinioni\",\"Politica\",\"Sud America\"],\"inLanguage\":\"it-IT\"},{\"@type\":\"WebPage\",\"@id\":\"https:\/\/www.pressenza.com\/it\/2019\/11\/cile-un-accordo-mica-tanto-storico\/\",\"url\":\"https:\/\/www.pressenza.com\/it\/2019\/11\/cile-un-accordo-mica-tanto-storico\/\",\"name\":\"Cile. Un accordo mica tanto \\\"storico\\\"\",\"isPartOf\":{\"@id\":\"https:\/\/www.pressenza.com\/it\/#website\"},\"primaryImageOfPage\":{\"@id\":\"https:\/\/www.pressenza.com\/it\/2019\/11\/cile-un-accordo-mica-tanto-storico\/#primaryimage\"},\"image\":{\"@id\":\"https:\/\/www.pressenza.com\/it\/2019\/11\/cile-un-accordo-mica-tanto-storico\/#primaryimage\"},\"thumbnailUrl\":\"https:\/\/www.pressenza.com\/wp-content\/uploads\/2019\/11\/a-month-of-protest-in-Chile.jpg\",\"datePublished\":\"2019-11-19T16:49:13+00:00\",\"dateModified\":\"2019-11-20T14:39:30+00:00\",\"description\":\"Venerd\u00ec 15 novembre 2019 la grande maggioranza dei partiti nel Parlamento cileno ha votato a favore della proposta dell'alleanza di governo di indire un\",\"breadcrumb\":{\"@id\":\"https:\/\/www.pressenza.com\/it\/2019\/11\/cile-un-accordo-mica-tanto-storico\/#breadcrumb\"},\"inLanguage\":\"it-IT\",\"potentialAction\":[{\"@type\":\"ReadAction\",\"target\":[\"https:\/\/www.pressenza.com\/it\/2019\/11\/cile-un-accordo-mica-tanto-storico\/\"]}]},{\"@type\":\"ImageObject\",\"inLanguage\":\"it-IT\",\"@id\":\"https:\/\/www.pressenza.com\/it\/2019\/11\/cile-un-accordo-mica-tanto-storico\/#primaryimage\",\"url\":\"https:\/\/www.pressenza.com\/wp-content\/uploads\/2019\/11\/a-month-of-protest-in-Chile.jpg\",\"contentUrl\":\"https:\/\/www.pressenza.com\/wp-content\/uploads\/2019\/11\/a-month-of-protest-in-Chile.jpg\",\"width\":884,\"height\":491},{\"@type\":\"BreadcrumbList\",\"@id\":\"https:\/\/www.pressenza.com\/it\/2019\/11\/cile-un-accordo-mica-tanto-storico\/#breadcrumb\",\"itemListElement\":[{\"@type\":\"ListItem\",\"position\":1,\"name\":\"Accueil\",\"item\":\"https:\/\/www.pressenza.com\/it\/\"},{\"@type\":\"ListItem\",\"position\":2,\"name\":\"Cile. Un accordo mica tanto &#8220;storico&#8221;\"}]},{\"@type\":\"WebSite\",\"@id\":\"https:\/\/www.pressenza.com\/it\/#website\",\"url\":\"https:\/\/www.pressenza.com\/it\/\",\"name\":\"Pressenza\",\"description\":\"Agenzia di Stampa Internazionale\",\"publisher\":{\"@id\":\"https:\/\/www.pressenza.com\/it\/#organization\"},\"potentialAction\":[{\"@type\":\"SearchAction\",\"target\":{\"@type\":\"EntryPoint\",\"urlTemplate\":\"https:\/\/www.pressenza.com\/it\/?s={search_term_string}\"},\"query-input\":{\"@type\":\"PropertyValueSpecification\",\"valueRequired\":true,\"valueName\":\"search_term_string\"}}],\"inLanguage\":\"it-IT\"},{\"@type\":\"Organization\",\"@id\":\"https:\/\/www.pressenza.com\/it\/#organization\",\"name\":\"Pressenza\",\"url\":\"https:\/\/www.pressenza.com\/it\/\",\"logo\":{\"@type\":\"ImageObject\",\"inLanguage\":\"it-IT\",\"@id\":\"https:\/\/www.pressenza.com\/it\/#\/schema\/logo\/image\/\",\"url\":\"https:\/\/www.pressenza.com\/wp-content\/uploads\/2022\/10\/pressenza_logo_200x200.jpg\",\"contentUrl\":\"https:\/\/www.pressenza.com\/wp-content\/uploads\/2022\/10\/pressenza_logo_200x200.jpg\",\"width\":200,\"height\":200,\"caption\":\"Pressenza\"},\"image\":{\"@id\":\"https:\/\/www.pressenza.com\/it\/#\/schema\/logo\/image\/\"},\"sameAs\":[\"https:\/\/www.facebook.com\/PressenzaItalia\",\"https:\/\/x.com\/PressenzaIPA\"]},{\"@type\":\"Person\",\"@id\":\"https:\/\/www.pressenza.com\/it\/#\/schema\/person\/2f6926fff5b90a0637b85437f24cbfe9\",\"name\":\"Marianella Kloka\",\"description\":\"Marianella Kloka is a 50 years old woman, living in Athens, Greece. She has been a member of the Humanist Movement since 1990 and she is a founding member of World without Wars and Violence in Greece. Currently she works as an advocacy officer for the NGO PRAKSIS. Politics, human rights, scripts, audiovisuals. Twitter: @MarianellaKloka | Facebook: marianella.kloka\",\"sameAs\":[\"https:\/\/www.facebook.com\/marianella.kloka?fref=ts\",\"https:\/\/x.com\/MarianellaKloka\"],\"url\":\"https:\/\/www.pressenza.com\/it\/author\/marianella-kloka\/\"}]}<\/script>\n<!-- \/ Yoast SEO plugin. -->","yoast_head_json":{"title":"Cile. Un accordo mica tanto \"storico\"","description":"Venerd\u00ec 15 novembre 2019 la grande maggioranza dei partiti nel Parlamento cileno ha votato a favore della proposta dell'alleanza di governo di indire un","robots":{"index":"index","follow":"follow","max-snippet":"max-snippet:-1","max-image-preview":"max-image-preview:large","max-video-preview":"max-video-preview:-1"},"canonical":"https:\/\/www.pressenza.com\/it\/2019\/11\/cile-un-accordo-mica-tanto-storico\/","og_locale":"it_IT","og_type":"article","og_title":"Cile. Un accordo mica tanto \"storico\"","og_description":"Venerd\u00ec 15 novembre 2019 la grande maggioranza dei partiti nel Parlamento cileno ha votato a favore della proposta dell'alleanza di governo di indire un","og_url":"https:\/\/www.pressenza.com\/it\/2019\/11\/cile-un-accordo-mica-tanto-storico\/","og_site_name":"Pressenza","article_publisher":"https:\/\/www.facebook.com\/PressenzaItalia","article_author":"https:\/\/www.facebook.com\/marianella.kloka?fref=ts","article_published_time":"2019-11-19T16:49:13+00:00","article_modified_time":"2019-11-20T14:39:30+00:00","og_image":[{"width":884,"height":491,"url":"https:\/\/www.pressenza.com\/wp-content\/uploads\/2019\/11\/a-month-of-protest-in-Chile.jpg","type":"image\/jpeg"}],"author":"Marianella Kloka","twitter_card":"summary_large_image","twitter_creator":"@MarianellaKloka","twitter_site":"@PressenzaIPA","twitter_misc":{"Scritto da":"Marianella Kloka","Tempo di lettura stimato":"2 minuti"},"schema":{"@context":"https:\/\/schema.org","@graph":[{"@type":"Article","@id":"https:\/\/www.pressenza.com\/it\/2019\/11\/cile-un-accordo-mica-tanto-storico\/#article","isPartOf":{"@id":"https:\/\/www.pressenza.com\/it\/2019\/11\/cile-un-accordo-mica-tanto-storico\/"},"author":{"name":"Marianella Kloka","@id":"https:\/\/www.pressenza.com\/it\/#\/schema\/person\/2f6926fff5b90a0637b85437f24cbfe9"},"headline":"Cile. Un accordo mica tanto &#8220;storico&#8221;","datePublished":"2019-11-19T16:49:13+00:00","dateModified":"2019-11-20T14:39:30+00:00","mainEntityOfPage":{"@id":"https:\/\/www.pressenza.com\/it\/2019\/11\/cile-un-accordo-mica-tanto-storico\/"},"wordCount":322,"publisher":{"@id":"https:\/\/www.pressenza.com\/it\/#organization"},"image":{"@id":"https:\/\/www.pressenza.com\/it\/2019\/11\/cile-un-accordo-mica-tanto-storico\/#primaryimage"},"thumbnailUrl":"https:\/\/www.pressenza.com\/wp-content\/uploads\/2019\/11\/a-month-of-protest-in-Chile.jpg","keywords":["accordo parlamentare","Cile","nuova Costituzione","proteste sociali","referendum"],"articleSection":["contenuti originali","Opinioni","Politica","Sud America"],"inLanguage":"it-IT"},{"@type":"WebPage","@id":"https:\/\/www.pressenza.com\/it\/2019\/11\/cile-un-accordo-mica-tanto-storico\/","url":"https:\/\/www.pressenza.com\/it\/2019\/11\/cile-un-accordo-mica-tanto-storico\/","name":"Cile. Un accordo mica tanto \"storico\"","isPartOf":{"@id":"https:\/\/www.pressenza.com\/it\/#website"},"primaryImageOfPage":{"@id":"https:\/\/www.pressenza.com\/it\/2019\/11\/cile-un-accordo-mica-tanto-storico\/#primaryimage"},"image":{"@id":"https:\/\/www.pressenza.com\/it\/2019\/11\/cile-un-accordo-mica-tanto-storico\/#primaryimage"},"thumbnailUrl":"https:\/\/www.pressenza.com\/wp-content\/uploads\/2019\/11\/a-month-of-protest-in-Chile.jpg","datePublished":"2019-11-19T16:49:13+00:00","dateModified":"2019-11-20T14:39:30+00:00","description":"Venerd\u00ec 15 novembre 2019 la grande maggioranza dei partiti nel Parlamento cileno ha votato a favore della proposta dell'alleanza di governo di indire un","breadcrumb":{"@id":"https:\/\/www.pressenza.com\/it\/2019\/11\/cile-un-accordo-mica-tanto-storico\/#breadcrumb"},"inLanguage":"it-IT","potentialAction":[{"@type":"ReadAction","target":["https:\/\/www.pressenza.com\/it\/2019\/11\/cile-un-accordo-mica-tanto-storico\/"]}]},{"@type":"ImageObject","inLanguage":"it-IT","@id":"https:\/\/www.pressenza.com\/it\/2019\/11\/cile-un-accordo-mica-tanto-storico\/#primaryimage","url":"https:\/\/www.pressenza.com\/wp-content\/uploads\/2019\/11\/a-month-of-protest-in-Chile.jpg","contentUrl":"https:\/\/www.pressenza.com\/wp-content\/uploads\/2019\/11\/a-month-of-protest-in-Chile.jpg","width":884,"height":491},{"@type":"BreadcrumbList","@id":"https:\/\/www.pressenza.com\/it\/2019\/11\/cile-un-accordo-mica-tanto-storico\/#breadcrumb","itemListElement":[{"@type":"ListItem","position":1,"name":"Accueil","item":"https:\/\/www.pressenza.com\/it\/"},{"@type":"ListItem","position":2,"name":"Cile. Un accordo mica tanto &#8220;storico&#8221;"}]},{"@type":"WebSite","@id":"https:\/\/www.pressenza.com\/it\/#website","url":"https:\/\/www.pressenza.com\/it\/","name":"Pressenza","description":"Agenzia di Stampa Internazionale","publisher":{"@id":"https:\/\/www.pressenza.com\/it\/#organization"},"potentialAction":[{"@type":"SearchAction","target":{"@type":"EntryPoint","urlTemplate":"https:\/\/www.pressenza.com\/it\/?s={search_term_string}"},"query-input":{"@type":"PropertyValueSpecification","valueRequired":true,"valueName":"search_term_string"}}],"inLanguage":"it-IT"},{"@type":"Organization","@id":"https:\/\/www.pressenza.com\/it\/#organization","name":"Pressenza","url":"https:\/\/www.pressenza.com\/it\/","logo":{"@type":"ImageObject","inLanguage":"it-IT","@id":"https:\/\/www.pressenza.com\/it\/#\/schema\/logo\/image\/","url":"https:\/\/www.pressenza.com\/wp-content\/uploads\/2022\/10\/pressenza_logo_200x200.jpg","contentUrl":"https:\/\/www.pressenza.com\/wp-content\/uploads\/2022\/10\/pressenza_logo_200x200.jpg","width":200,"height":200,"caption":"Pressenza"},"image":{"@id":"https:\/\/www.pressenza.com\/it\/#\/schema\/logo\/image\/"},"sameAs":["https:\/\/www.facebook.com\/PressenzaItalia","https:\/\/x.com\/PressenzaIPA"]},{"@type":"Person","@id":"https:\/\/www.pressenza.com\/it\/#\/schema\/person\/2f6926fff5b90a0637b85437f24cbfe9","name":"Marianella Kloka","description":"Marianella Kloka is a 50 years old woman, living in Athens, Greece. She has been a member of the Humanist Movement since 1990 and she is a founding member of World without Wars and Violence in Greece. Currently she works as an advocacy officer for the NGO PRAKSIS. Politics, human rights, scripts, audiovisuals. Twitter: @MarianellaKloka | Facebook: marianella.kloka","sameAs":["https:\/\/www.facebook.com\/marianella.kloka?fref=ts","https:\/\/x.com\/MarianellaKloka"],"url":"https:\/\/www.pressenza.com\/it\/author\/marianella-kloka\/"}]}},"place":"","original_article_url":"","_links":{"self":[{"href":"https:\/\/www.pressenza.com\/it\/wp-json\/wp\/v2\/posts\/976140","targetHints":{"allow":["GET"]}}],"collection":[{"href":"https:\/\/www.pressenza.com\/it\/wp-json\/wp\/v2\/posts"}],"about":[{"href":"https:\/\/www.pressenza.com\/it\/wp-json\/wp\/v2\/types\/post"}],"author":[{"embeddable":true,"href":"https:\/\/www.pressenza.com\/it\/wp-json\/wp\/v2\/users\/1203"}],"replies":[{"embeddable":true,"href":"https:\/\/www.pressenza.com\/it\/wp-json\/wp\/v2\/comments?post=976140"}],"version-history":[{"count":0,"href":"https:\/\/www.pressenza.com\/it\/wp-json\/wp\/v2\/posts\/976140\/revisions"}],"wp:featuredmedia":[{"embeddable":true,"href":"https:\/\/www.pressenza.com\/it\/wp-json\/wp\/v2\/media\/975480"}],"wp:attachment":[{"href":"https:\/\/www.pressenza.com\/it\/wp-json\/wp\/v2\/media?parent=976140"}],"wp:term":[{"taxonomy":"category","embeddable":true,"href":"https:\/\/www.pressenza.com\/it\/wp-json\/wp\/v2\/categories?post=976140"},{"taxonomy":"post_tag","embeddable":true,"href":"https:\/\/www.pressenza.com\/it\/wp-json\/wp\/v2\/tags?post=976140"}],"curies":[{"name":"wp","href":"https:\/\/api.w.org\/{rel}","templated":true}]}}