{"id":975458,"date":"2019-11-18T21:28:43","date_gmt":"2019-11-18T21:28:43","guid":{"rendered":"https:\/\/www.pressenza.com\/?p=975458"},"modified":"2019-11-18T21:30:48","modified_gmt":"2019-11-18T21:30:48","slug":"ecuador-lassemblea-archivia-il-disegno-di-legge-sulla-crescita-economica","status":"publish","type":"post","link":"https:\/\/www.pressenza.com\/it\/2019\/11\/ecuador-lassemblea-archivia-il-disegno-di-legge-sulla-crescita-economica\/","title":{"rendered":"Ecuador: l&#8217;Assemblea archivia il disegno di legge sulla crescita economica"},"content":{"rendered":"<div>\n<p>In seno all&#8217;Assemblea Nazionale si \u00e8 tenuto il secondo dibattito sul progetto di legge sulla crescita economica.<\/p>\n<p>In sessione plenaria l&#8217;Assemblea Nazionale ha archiviato il disegno di legge sulla crescita economica il pomeriggio di domenica 17 novembre 2019. Con 70 voti a favore, il potere legislativo ha approvato la mozione dei membri dell&#8217;assemblea Ra\u00fal Tello e Vicente Almeida per archiviare e respingere il disegno di legge presentato nel secondo dibattito durante la Sessione n. 629.<\/p>\n<p>La giornata parlamentare \u00e8 iniziata alle 14:45 e si \u00e8 conclusa alle 18:00. 129 dei 137 legislatori hanno partecipato alla votazione dopo che a due legislatori capigruppo \u00e8 stato consentito di esprimere le loro osservazioni e mozioni sulla legge. Daniel Mendoza (Alianza PAIS), presidente della Commissione del Regime Economico, ha ricordato al termine della sessione plenaria che chi si \u00e8 opposto a questa legge ha infranto &#8220;i sogni di molti giovani&#8221;. Ha anche detto che, con la sua archiviazione, anche gli aspetti positivi del progetto vengono negati, come l&#8217;eliminazione dell&#8217;acconto sull&#8217;imposta sul reddito.<\/p>\n<p>Gabriela Larre\u00e1tegui (SUMA) ha detto che con questo voto &#8220;il paese ha perso&#8221;. Tuttavia, molti dei legislatori che hanno votato a favore dell&#8217;archiviazione si aspettano che l&#8217;esecutivo ripresenti un disegno di legge contenente gli aspetti positivi della proposta non approvata.<\/p>\n<\/div>\n<div><\/div>\n<div><\/div>\n<blockquote class=\"twitter-tweet\" data-width=\"500\" data-dnt=\"true\">\n<p lang=\"es\" dir=\"ltr\">Con 70 votos afirmativos el Pleno de la Asamblea Nacional decide negar y archivar el proyecto de <a href=\"https:\/\/twitter.com\/hashtag\/LeyCrecimientoEcon%C3%B3mico?src=hash&amp;ref_src=twsrc%5Etfw\">#LeyCrecimientoEcon\u00f3mico<\/a> <a href=\"https:\/\/t.co\/y1GfINTtWC\">pic.twitter.com\/y1GfINTtWC<\/a><\/p>\n<p>&mdash; Asamblea Nacional (@AsambleaEcuador) <a href=\"https:\/\/twitter.com\/AsambleaEcuador\/status\/1196203001368776705?ref_src=twsrc%5Etfw\">November 17, 2019<\/a><\/p><\/blockquote>\n<p><script async src=\"https:\/\/platform.twitter.com\/widgets.js\" charset=\"utf-8\"><\/script><\/p>\n<p>Durante il dibattito<\/p>\n<p>Prima di iniziare il dibattito, i membri dell&#8217;assemblea Pabel Mu\u00f1oz e Luis Pachala hanno chiesto di modificare l&#8217;ordine del giorno e di non leggere la relazione completa, ma solo le prime 12 pagine. Queste includono l&#8217;analisi, la sintesi, le conclusioni e le raccomandazioni della Commissione del Regime Economico, il gruppo legislativo che ha elaborato il progetto.<\/p>\n<p>Il primo oratore \u00e8 stato il presidente della commissione, che ha esortato a ottenere un consenso per evitare di perdere i benefici per i cittadini che la legge propone.<\/p>\n<blockquote class=\"twitter-tweet\" data-width=\"500\" data-dnt=\"true\">\n<p lang=\"es\" dir=\"ltr\">La legisladora <a href=\"https:\/\/twitter.com\/silviasalgadoan?ref_src=twsrc%5Etfw\">@silviasalgadoan<\/a> propone la reconsideraci\u00f3n de la decisi\u00f3n del Pleno de la Asamblea Nacional de negar y archivar la <a href=\"https:\/\/twitter.com\/hashtag\/LeyCrecimientoEcon%C3%B3mico?src=hash&amp;ref_src=twsrc%5Etfw\">#LeyCrecimientoEcon\u00f3mico<\/a>. 50 votos afirmativos no es aprobada.<\/p>\n<p>&mdash; Asamblea Nacional (@AsambleaEcuador) <a href=\"https:\/\/twitter.com\/AsambleaEcuador\/status\/1196202069763461125?ref_src=twsrc%5Etfw\">November 17, 2019<\/a><\/p><\/blockquote>\n<p><script async src=\"https:\/\/platform.twitter.com\/widgets.js\" charset=\"utf-8\"><\/script><\/p>\n<div>\n<p>Tra i punti che spiccavano nella normativa, secondo Mendoza, c&#8217;era l&#8217;eliminazione dell&#8217;esenzione dall&#8217;imposta occasionale per la vendita di beni immobili. Inoltre, i debitori di crediti formativi avrebbero avuto sei mesi di tempo per beneficiare della remissione di interessi, multe e soprattasse, nonch\u00e9 un anno per avviare il processo di cancellazione del contratto di pagamento.<\/p>\n<p>Mendoza ha spiegato che la commissione ha eliminato articoli che generano confusione, come l&#8217;autonomia dell&#8217;Istituto di sicurezza sociale (IESS), della polizia (ISSPOL) e delle forze armate (ISSFA); o il rimpatrio dei capitali.<\/p>\n<p>Il disegno di legge proponeva inoltre che l&#8217;aliquota dell&#8217;imposta sul valore aggiunto (IVA) per i fiori, i trattori fino a 300 cavalli e le strisce reattive per misurare il glucosio fosse dello 0%. Inoltre, gli atleti avrebbero beneficiato della detrazione supplementare del 100% delle spese di pubblicit\u00e0 e sponsorizzazione per i programmi sportivi approvati dal Ministero dello Sport.<\/p>\n<p>Per quanto riguarda le riforme fiscali, la legge proponeva un&#8217;aliquota dell&#8217;imposta speciale sul consumo (ICE) per le confezioni in plastica fino al 2023, che inizia con tre centesimi e termina in 10. L&#8217;ICE sar\u00e0 mantenuto anche per le persone fisiche che acquistano piani postpaid sui loro telefoni cellulari.<\/p>\n<p>Mendoza ha aggiunto che la legge ha proposto uno spazio di bilancio per gli imprevisti pari al 3% del bilancio generale dello Stato.<\/p>\n<\/div>\n<div><\/div>\n<blockquote class=\"twitter-tweet\" data-width=\"500\" data-dnt=\"true\">\n<p lang=\"es\" dir=\"ltr\"><a href=\"https:\/\/twitter.com\/hashtag\/LeyCrecimientoEcon%C3%B3mico?src=hash&amp;ref_src=twsrc%5Etfw\">#LeyCrecimientoEcon\u00f3mico<\/a><\/p>\n<p>El asamble\u00edsta @Raultellob dio su criterio sobre varios articulados de la <a href=\"https:\/\/twitter.com\/hashtag\/LeyCrecimientoEcon%C3%B3mico?src=hash&amp;ref_src=twsrc%5Etfw\">#LeyCrecimientoEcon\u00f3mico<\/a>, entre ellos, la situaci\u00f3n del <a href=\"https:\/\/twitter.com\/IESSec?ref_src=twsrc%5Etfw\">@IESSec<\/a>, autonom\u00eda del <a href=\"https:\/\/twitter.com\/BancoCentral_Ec?ref_src=twsrc%5Etfw\">@BancoCentral_Ec<\/a>, derechos laborales, entre otros temas <a href=\"https:\/\/t.co\/qsehnkZBNn\">pic.twitter.com\/qsehnkZBNn<\/a><\/p>\n<p>&mdash; Asamblea Nacional (@AsambleaEcuador) <a href=\"https:\/\/twitter.com\/AsambleaEcuador\/status\/1196198185426968577?ref_src=twsrc%5Etfw\">November 17, 2019<\/a><\/p><\/blockquote>\n<p><script async src=\"https:\/\/platform.twitter.com\/widgets.js\" charset=\"utf-8\"><\/script><\/p>\n<p>Dopo quasi mezz&#8217;ora di intervento di Mendoza, il capo dell&#8217;Assemblea ha aperto il dibattito per gli altri gruppi politici che compongono il Legislativo. Patricio Donoso (CREO) ha dichiarato che il suo gruppo non \u00e8 d&#8217;accordo che &#8220;il disegno di legge passi a legge definitiva&#8221;.<\/p>\n<p>La stessa opinione \u00e8 stata espressa dal collega Homero Castanier, che ha anche suggerito di approvare ci\u00f2 che \u00e8 positivo e negare gli aspetti controproducenti. Henry Cucal\u00f3n (PSC), membro dell&#8217;Assemblea, ha criticato l&#8217;aumento delle tasse per i cittadini e ha anche espresso il suo disaccordo sul votare separatamente gli articoli pi\u00f9 sensibili della legge.<\/p>\n<p>La legge sulla crescita economica consisteva in 404 articoli, 8 disposizioni generali, 25 disposizioni transitorie, 4 disposizioni derogatorie e 22 riforme giuridiche.<\/p>\n<div class=\"yj6qo ajU\">\n<div id=\":2ew\" class=\"ajR\" tabindex=\"0\" role=\"button\" data-tooltip=\"Mostra contenuti abbreviati\" aria-label=\"Mostra contenuti abbreviati\" aria-expanded=\"false\"><img decoding=\"async\" class=\"ajT\" src=\"https:\/\/ssl.gstatic.com\/ui\/v1\/icons\/mail\/images\/cleardot.gif\" \/><\/div>\n<\/div>\n","protected":false},"excerpt":{"rendered":"<p>In seno all&#8217;Assemblea Nazionale si \u00e8 tenuto il secondo dibattito sul progetto di legge sulla crescita economica. In sessione plenaria l&#8217;Assemblea Nazionale ha archiviato il disegno di legge sulla crescita economica il pomeriggio di domenica 17 novembre 2019. Con 70&hellip;<\/p>\n","protected":false},"author":1263,"featured_media":974508,"comment_status":"closed","ping_status":"closed","sticky":false,"template":"","format":"standard","meta":{"footnotes":""},"categories":[60,62,55,61,48],"tags":[5487,1550],"class_list":["post-975458","post","type-post","status-publish","format-standard","has-post-thumbnail","hentry","category-diritti-umani","category-economia","category-politica","category-popoli-aborigeni","category-sud-america","tag-crescita-economica","tag-ecuador-it"],"yoast_head":"<!-- This site is optimized with the Yoast SEO plugin v27.1.1 - https:\/\/yoast.com\/product\/yoast-seo-wordpress\/ -->\n<title>Ecuador: l&#039;Assemblea archivia il disegno di legge sulla crescita economica<\/title>\n<meta name=\"description\" content=\"In seno all&#039;Assemblea Nazionale si \u00e8 tenuto il secondo dibattito sul progetto di legge sulla crescita economica. In sessione plenaria l&#039;Assemblea\" \/>\n<meta name=\"robots\" content=\"index, follow, max-snippet:-1, max-image-preview:large, max-video-preview:-1\" \/>\n<link rel=\"canonical\" href=\"https:\/\/www.pressenza.com\/it\/2019\/11\/ecuador-lassemblea-archivia-il-disegno-di-legge-sulla-crescita-economica\/\" \/>\n<meta property=\"og:locale\" content=\"it_IT\" \/>\n<meta property=\"og:type\" content=\"article\" \/>\n<meta property=\"og:title\" content=\"Ecuador: l&#039;Assemblea archivia il disegno di legge sulla crescita economica\" \/>\n<meta property=\"og:description\" content=\"In seno all&#039;Assemblea Nazionale si \u00e8 tenuto il secondo dibattito sul progetto di legge sulla crescita economica. In sessione plenaria l&#039;Assemblea\" \/>\n<meta property=\"og:url\" content=\"https:\/\/www.pressenza.com\/it\/2019\/11\/ecuador-lassemblea-archivia-il-disegno-di-legge-sulla-crescita-economica\/\" \/>\n<meta property=\"og:site_name\" content=\"Pressenza\" \/>\n<meta property=\"article:publisher\" content=\"https:\/\/www.facebook.com\/PressenzaItalia\" \/>\n<meta property=\"article:author\" content=\"https:\/\/www.facebook.com\/diarioeltelegrafo\" \/>\n<meta property=\"article:published_time\" content=\"2019-11-18T21:28:43+00:00\" \/>\n<meta property=\"article:modified_time\" content=\"2019-11-18T21:30:48+00:00\" \/>\n<meta property=\"og:image\" content=\"https:\/\/www.pressenza.com\/wp-content\/uploads\/2019\/11\/Screen-Shot-2019-11-17-at-7.47.40-PM.png\" \/>\n\t<meta property=\"og:image:width\" content=\"1502\" \/>\n\t<meta property=\"og:image:height\" content=\"710\" \/>\n\t<meta property=\"og:image:type\" content=\"image\/png\" \/>\n<meta name=\"author\" content=\"El Telegrafo\" \/>\n<meta name=\"twitter:card\" content=\"summary_large_image\" \/>\n<meta name=\"twitter:creator\" content=\"@el_telegrafo\" \/>\n<meta name=\"twitter:site\" content=\"@PressenzaIPA\" \/>\n<meta name=\"twitter:label1\" content=\"Scritto da\" \/>\n\t<meta name=\"twitter:data1\" content=\"El Telegrafo\" \/>\n\t<meta name=\"twitter:label2\" content=\"Tempo di lettura stimato\" \/>\n\t<meta name=\"twitter:data2\" content=\"3 minuti\" \/>\n<script type=\"application\/ld+json\" class=\"yoast-schema-graph\">{\"@context\":\"https:\/\/schema.org\",\"@graph\":[{\"@type\":\"Article\",\"@id\":\"https:\/\/www.pressenza.com\/it\/2019\/11\/ecuador-lassemblea-archivia-il-disegno-di-legge-sulla-crescita-economica\/#article\",\"isPartOf\":{\"@id\":\"https:\/\/www.pressenza.com\/it\/2019\/11\/ecuador-lassemblea-archivia-il-disegno-di-legge-sulla-crescita-economica\/\"},\"author\":{\"name\":\"El Telegrafo\",\"@id\":\"https:\/\/www.pressenza.com\/it\/#\/schema\/person\/9acb3a428b03383f1cfe021496facf28\"},\"headline\":\"Ecuador: l&#8217;Assemblea archivia il disegno di legge sulla crescita economica\",\"datePublished\":\"2019-11-18T21:28:43+00:00\",\"dateModified\":\"2019-11-18T21:30:48+00:00\",\"mainEntityOfPage\":{\"@id\":\"https:\/\/www.pressenza.com\/it\/2019\/11\/ecuador-lassemblea-archivia-il-disegno-di-legge-sulla-crescita-economica\/\"},\"wordCount\":667,\"publisher\":{\"@id\":\"https:\/\/www.pressenza.com\/it\/#organization\"},\"image\":{\"@id\":\"https:\/\/www.pressenza.com\/it\/2019\/11\/ecuador-lassemblea-archivia-il-disegno-di-legge-sulla-crescita-economica\/#primaryimage\"},\"thumbnailUrl\":\"https:\/\/www.pressenza.com\/wp-content\/uploads\/2019\/11\/Screen-Shot-2019-11-17-at-7.47.40-PM.png\",\"keywords\":[\"crescita economica\",\"Ecuador\"],\"articleSection\":[\"Diritti Umani\",\"Economia\",\"Politica\",\"Popoli originari\",\"Sud America\"],\"inLanguage\":\"it-IT\"},{\"@type\":\"WebPage\",\"@id\":\"https:\/\/www.pressenza.com\/it\/2019\/11\/ecuador-lassemblea-archivia-il-disegno-di-legge-sulla-crescita-economica\/\",\"url\":\"https:\/\/www.pressenza.com\/it\/2019\/11\/ecuador-lassemblea-archivia-il-disegno-di-legge-sulla-crescita-economica\/\",\"name\":\"Ecuador: l'Assemblea archivia il disegno di legge sulla crescita economica\",\"isPartOf\":{\"@id\":\"https:\/\/www.pressenza.com\/it\/#website\"},\"primaryImageOfPage\":{\"@id\":\"https:\/\/www.pressenza.com\/it\/2019\/11\/ecuador-lassemblea-archivia-il-disegno-di-legge-sulla-crescita-economica\/#primaryimage\"},\"image\":{\"@id\":\"https:\/\/www.pressenza.com\/it\/2019\/11\/ecuador-lassemblea-archivia-il-disegno-di-legge-sulla-crescita-economica\/#primaryimage\"},\"thumbnailUrl\":\"https:\/\/www.pressenza.com\/wp-content\/uploads\/2019\/11\/Screen-Shot-2019-11-17-at-7.47.40-PM.png\",\"datePublished\":\"2019-11-18T21:28:43+00:00\",\"dateModified\":\"2019-11-18T21:30:48+00:00\",\"description\":\"In seno all'Assemblea Nazionale si \u00e8 tenuto il secondo dibattito sul progetto di legge sulla crescita economica. In sessione plenaria l'Assemblea\",\"breadcrumb\":{\"@id\":\"https:\/\/www.pressenza.com\/it\/2019\/11\/ecuador-lassemblea-archivia-il-disegno-di-legge-sulla-crescita-economica\/#breadcrumb\"},\"inLanguage\":\"it-IT\",\"potentialAction\":[{\"@type\":\"ReadAction\",\"target\":[\"https:\/\/www.pressenza.com\/it\/2019\/11\/ecuador-lassemblea-archivia-il-disegno-di-legge-sulla-crescita-economica\/\"]}]},{\"@type\":\"ImageObject\",\"inLanguage\":\"it-IT\",\"@id\":\"https:\/\/www.pressenza.com\/it\/2019\/11\/ecuador-lassemblea-archivia-il-disegno-di-legge-sulla-crescita-economica\/#primaryimage\",\"url\":\"https:\/\/www.pressenza.com\/wp-content\/uploads\/2019\/11\/Screen-Shot-2019-11-17-at-7.47.40-PM.png\",\"contentUrl\":\"https:\/\/www.pressenza.com\/wp-content\/uploads\/2019\/11\/Screen-Shot-2019-11-17-at-7.47.40-PM.png\",\"width\":1502,\"height\":710,\"caption\":\"Asamblea Nacional\"},{\"@type\":\"BreadcrumbList\",\"@id\":\"https:\/\/www.pressenza.com\/it\/2019\/11\/ecuador-lassemblea-archivia-il-disegno-di-legge-sulla-crescita-economica\/#breadcrumb\",\"itemListElement\":[{\"@type\":\"ListItem\",\"position\":1,\"name\":\"Accueil\",\"item\":\"https:\/\/www.pressenza.com\/it\/\"},{\"@type\":\"ListItem\",\"position\":2,\"name\":\"Ecuador: l&#8217;Assemblea archivia il disegno di legge sulla crescita economica\"}]},{\"@type\":\"WebSite\",\"@id\":\"https:\/\/www.pressenza.com\/it\/#website\",\"url\":\"https:\/\/www.pressenza.com\/it\/\",\"name\":\"Pressenza\",\"description\":\"Agenzia di Stampa Internazionale\",\"publisher\":{\"@id\":\"https:\/\/www.pressenza.com\/it\/#organization\"},\"potentialAction\":[{\"@type\":\"SearchAction\",\"target\":{\"@type\":\"EntryPoint\",\"urlTemplate\":\"https:\/\/www.pressenza.com\/it\/?s={search_term_string}\"},\"query-input\":{\"@type\":\"PropertyValueSpecification\",\"valueRequired\":true,\"valueName\":\"search_term_string\"}}],\"inLanguage\":\"it-IT\"},{\"@type\":\"Organization\",\"@id\":\"https:\/\/www.pressenza.com\/it\/#organization\",\"name\":\"Pressenza\",\"url\":\"https:\/\/www.pressenza.com\/it\/\",\"logo\":{\"@type\":\"ImageObject\",\"inLanguage\":\"it-IT\",\"@id\":\"https:\/\/www.pressenza.com\/it\/#\/schema\/logo\/image\/\",\"url\":\"https:\/\/www.pressenza.com\/wp-content\/uploads\/2022\/10\/pressenza_logo_200x200.jpg\",\"contentUrl\":\"https:\/\/www.pressenza.com\/wp-content\/uploads\/2022\/10\/pressenza_logo_200x200.jpg\",\"width\":200,\"height\":200,\"caption\":\"Pressenza\"},\"image\":{\"@id\":\"https:\/\/www.pressenza.com\/it\/#\/schema\/logo\/image\/\"},\"sameAs\":[\"https:\/\/www.facebook.com\/PressenzaItalia\",\"https:\/\/x.com\/PressenzaIPA\"]},{\"@type\":\"Person\",\"@id\":\"https:\/\/www.pressenza.com\/it\/#\/schema\/person\/9acb3a428b03383f1cfe021496facf28\",\"name\":\"El Telegrafo\",\"sameAs\":[\"http:\/\/www.eltelegrafo.com.ec\/\",\"https:\/\/www.facebook.com\/diarioeltelegrafo\",\"https:\/\/x.com\/el_telegrafo\"],\"url\":\"https:\/\/www.pressenza.com\/it\/author\/el-telegrafo\/\"}]}<\/script>\n<!-- \/ Yoast SEO plugin. -->","yoast_head_json":{"title":"Ecuador: l'Assemblea archivia il disegno di legge sulla crescita economica","description":"In seno all'Assemblea Nazionale si \u00e8 tenuto il secondo dibattito sul progetto di legge sulla crescita economica. In sessione plenaria l'Assemblea","robots":{"index":"index","follow":"follow","max-snippet":"max-snippet:-1","max-image-preview":"max-image-preview:large","max-video-preview":"max-video-preview:-1"},"canonical":"https:\/\/www.pressenza.com\/it\/2019\/11\/ecuador-lassemblea-archivia-il-disegno-di-legge-sulla-crescita-economica\/","og_locale":"it_IT","og_type":"article","og_title":"Ecuador: l'Assemblea archivia il disegno di legge sulla crescita economica","og_description":"In seno all'Assemblea Nazionale si \u00e8 tenuto il secondo dibattito sul progetto di legge sulla crescita economica. In sessione plenaria l'Assemblea","og_url":"https:\/\/www.pressenza.com\/it\/2019\/11\/ecuador-lassemblea-archivia-il-disegno-di-legge-sulla-crescita-economica\/","og_site_name":"Pressenza","article_publisher":"https:\/\/www.facebook.com\/PressenzaItalia","article_author":"https:\/\/www.facebook.com\/diarioeltelegrafo","article_published_time":"2019-11-18T21:28:43+00:00","article_modified_time":"2019-11-18T21:30:48+00:00","og_image":[{"width":1502,"height":710,"url":"https:\/\/www.pressenza.com\/wp-content\/uploads\/2019\/11\/Screen-Shot-2019-11-17-at-7.47.40-PM.png","type":"image\/png"}],"author":"El Telegrafo","twitter_card":"summary_large_image","twitter_creator":"@el_telegrafo","twitter_site":"@PressenzaIPA","twitter_misc":{"Scritto da":"El Telegrafo","Tempo di lettura stimato":"3 minuti"},"schema":{"@context":"https:\/\/schema.org","@graph":[{"@type":"Article","@id":"https:\/\/www.pressenza.com\/it\/2019\/11\/ecuador-lassemblea-archivia-il-disegno-di-legge-sulla-crescita-economica\/#article","isPartOf":{"@id":"https:\/\/www.pressenza.com\/it\/2019\/11\/ecuador-lassemblea-archivia-il-disegno-di-legge-sulla-crescita-economica\/"},"author":{"name":"El Telegrafo","@id":"https:\/\/www.pressenza.com\/it\/#\/schema\/person\/9acb3a428b03383f1cfe021496facf28"},"headline":"Ecuador: l&#8217;Assemblea archivia il disegno di legge sulla crescita economica","datePublished":"2019-11-18T21:28:43+00:00","dateModified":"2019-11-18T21:30:48+00:00","mainEntityOfPage":{"@id":"https:\/\/www.pressenza.com\/it\/2019\/11\/ecuador-lassemblea-archivia-il-disegno-di-legge-sulla-crescita-economica\/"},"wordCount":667,"publisher":{"@id":"https:\/\/www.pressenza.com\/it\/#organization"},"image":{"@id":"https:\/\/www.pressenza.com\/it\/2019\/11\/ecuador-lassemblea-archivia-il-disegno-di-legge-sulla-crescita-economica\/#primaryimage"},"thumbnailUrl":"https:\/\/www.pressenza.com\/wp-content\/uploads\/2019\/11\/Screen-Shot-2019-11-17-at-7.47.40-PM.png","keywords":["crescita economica","Ecuador"],"articleSection":["Diritti Umani","Economia","Politica","Popoli originari","Sud America"],"inLanguage":"it-IT"},{"@type":"WebPage","@id":"https:\/\/www.pressenza.com\/it\/2019\/11\/ecuador-lassemblea-archivia-il-disegno-di-legge-sulla-crescita-economica\/","url":"https:\/\/www.pressenza.com\/it\/2019\/11\/ecuador-lassemblea-archivia-il-disegno-di-legge-sulla-crescita-economica\/","name":"Ecuador: l'Assemblea archivia il disegno di legge sulla crescita economica","isPartOf":{"@id":"https:\/\/www.pressenza.com\/it\/#website"},"primaryImageOfPage":{"@id":"https:\/\/www.pressenza.com\/it\/2019\/11\/ecuador-lassemblea-archivia-il-disegno-di-legge-sulla-crescita-economica\/#primaryimage"},"image":{"@id":"https:\/\/www.pressenza.com\/it\/2019\/11\/ecuador-lassemblea-archivia-il-disegno-di-legge-sulla-crescita-economica\/#primaryimage"},"thumbnailUrl":"https:\/\/www.pressenza.com\/wp-content\/uploads\/2019\/11\/Screen-Shot-2019-11-17-at-7.47.40-PM.png","datePublished":"2019-11-18T21:28:43+00:00","dateModified":"2019-11-18T21:30:48+00:00","description":"In seno all'Assemblea Nazionale si \u00e8 tenuto il secondo dibattito sul progetto di legge sulla crescita economica. In sessione plenaria l'Assemblea","breadcrumb":{"@id":"https:\/\/www.pressenza.com\/it\/2019\/11\/ecuador-lassemblea-archivia-il-disegno-di-legge-sulla-crescita-economica\/#breadcrumb"},"inLanguage":"it-IT","potentialAction":[{"@type":"ReadAction","target":["https:\/\/www.pressenza.com\/it\/2019\/11\/ecuador-lassemblea-archivia-il-disegno-di-legge-sulla-crescita-economica\/"]}]},{"@type":"ImageObject","inLanguage":"it-IT","@id":"https:\/\/www.pressenza.com\/it\/2019\/11\/ecuador-lassemblea-archivia-il-disegno-di-legge-sulla-crescita-economica\/#primaryimage","url":"https:\/\/www.pressenza.com\/wp-content\/uploads\/2019\/11\/Screen-Shot-2019-11-17-at-7.47.40-PM.png","contentUrl":"https:\/\/www.pressenza.com\/wp-content\/uploads\/2019\/11\/Screen-Shot-2019-11-17-at-7.47.40-PM.png","width":1502,"height":710,"caption":"Asamblea Nacional"},{"@type":"BreadcrumbList","@id":"https:\/\/www.pressenza.com\/it\/2019\/11\/ecuador-lassemblea-archivia-il-disegno-di-legge-sulla-crescita-economica\/#breadcrumb","itemListElement":[{"@type":"ListItem","position":1,"name":"Accueil","item":"https:\/\/www.pressenza.com\/it\/"},{"@type":"ListItem","position":2,"name":"Ecuador: l&#8217;Assemblea archivia il disegno di legge sulla crescita economica"}]},{"@type":"WebSite","@id":"https:\/\/www.pressenza.com\/it\/#website","url":"https:\/\/www.pressenza.com\/it\/","name":"Pressenza","description":"Agenzia di Stampa Internazionale","publisher":{"@id":"https:\/\/www.pressenza.com\/it\/#organization"},"potentialAction":[{"@type":"SearchAction","target":{"@type":"EntryPoint","urlTemplate":"https:\/\/www.pressenza.com\/it\/?s={search_term_string}"},"query-input":{"@type":"PropertyValueSpecification","valueRequired":true,"valueName":"search_term_string"}}],"inLanguage":"it-IT"},{"@type":"Organization","@id":"https:\/\/www.pressenza.com\/it\/#organization","name":"Pressenza","url":"https:\/\/www.pressenza.com\/it\/","logo":{"@type":"ImageObject","inLanguage":"it-IT","@id":"https:\/\/www.pressenza.com\/it\/#\/schema\/logo\/image\/","url":"https:\/\/www.pressenza.com\/wp-content\/uploads\/2022\/10\/pressenza_logo_200x200.jpg","contentUrl":"https:\/\/www.pressenza.com\/wp-content\/uploads\/2022\/10\/pressenza_logo_200x200.jpg","width":200,"height":200,"caption":"Pressenza"},"image":{"@id":"https:\/\/www.pressenza.com\/it\/#\/schema\/logo\/image\/"},"sameAs":["https:\/\/www.facebook.com\/PressenzaItalia","https:\/\/x.com\/PressenzaIPA"]},{"@type":"Person","@id":"https:\/\/www.pressenza.com\/it\/#\/schema\/person\/9acb3a428b03383f1cfe021496facf28","name":"El Telegrafo","sameAs":["http:\/\/www.eltelegrafo.com.ec\/","https:\/\/www.facebook.com\/diarioeltelegrafo","https:\/\/x.com\/el_telegrafo"],"url":"https:\/\/www.pressenza.com\/it\/author\/el-telegrafo\/"}]}},"place":"Quito","original_article_url":"","_links":{"self":[{"href":"https:\/\/www.pressenza.com\/it\/wp-json\/wp\/v2\/posts\/975458","targetHints":{"allow":["GET"]}}],"collection":[{"href":"https:\/\/www.pressenza.com\/it\/wp-json\/wp\/v2\/posts"}],"about":[{"href":"https:\/\/www.pressenza.com\/it\/wp-json\/wp\/v2\/types\/post"}],"author":[{"embeddable":true,"href":"https:\/\/www.pressenza.com\/it\/wp-json\/wp\/v2\/users\/1263"}],"replies":[{"embeddable":true,"href":"https:\/\/www.pressenza.com\/it\/wp-json\/wp\/v2\/comments?post=975458"}],"version-history":[{"count":0,"href":"https:\/\/www.pressenza.com\/it\/wp-json\/wp\/v2\/posts\/975458\/revisions"}],"wp:featuredmedia":[{"embeddable":true,"href":"https:\/\/www.pressenza.com\/it\/wp-json\/wp\/v2\/media\/974508"}],"wp:attachment":[{"href":"https:\/\/www.pressenza.com\/it\/wp-json\/wp\/v2\/media?parent=975458"}],"wp:term":[{"taxonomy":"category","embeddable":true,"href":"https:\/\/www.pressenza.com\/it\/wp-json\/wp\/v2\/categories?post=975458"},{"taxonomy":"post_tag","embeddable":true,"href":"https:\/\/www.pressenza.com\/it\/wp-json\/wp\/v2\/tags?post=975458"}],"curies":[{"name":"wp","href":"https:\/\/api.w.org\/{rel}","templated":true}]}}