{"id":97472,"date":"2014-03-29T15:15:38","date_gmt":"2014-03-29T15:15:38","guid":{"rendered":"http:\/\/www.pressenza.com\/?p=97472"},"modified":"2014-03-29T15:15:38","modified_gmt":"2014-03-29T15:15:38","slug":"marcia-per-pace-in-bassa-romagna","status":"publish","type":"post","link":"https:\/\/www.pressenza.com\/it\/2014\/03\/marcia-per-pace-in-bassa-romagna\/","title":{"rendered":"Marcia per la Pace in Bassa Romagna"},"content":{"rendered":"<p align=\"center\"><i>L\u2019iniziativa, con partenze in tutti i Comuni, sar\u00e0 domenica 30 marzo<\/i><\/p>\n<p align=\"center\"><i>Ispirata dall\u2019esperienza della Perugia-Assisi, ha visto il coinvolgimento di tantissime realt\u00e0 locali<\/i><\/p>\n<p align=\"center\">\n<p><b>Domenica 30 marzo<\/b> nella Bassa Romagna sar\u00e0 organizzata una <b>Marcia per la pace<\/b>. Un\u2019iniziativa propedeutica, che punta a integrarsi con la prossima Marcia per la pace Perugia-Assisi, che si svolger\u00e0 domenica 19 ottobre 2014.<\/p>\n<p>&nbsp;<\/p>\n<p>La Perugia-Assisi, nata nel 1961, si trasforma quindi e allarga i suoi confini, mettendosi al servizio di un percorso lungo un anno, insieme a tanti altri territori che aderiscono, ciascuno con la propria marcia, come la Forlimpopoli-Bertinoro, o quella del Lodigiano in Lombardia e di Campobasso: &#8220;Vogliamo estendere il progetto iniziale andando di citt\u00e0 in citt\u00e0 organizzando nuove marce capaci di sensibilizzare, mobilitare e unire le donne, gli uomini e le istituzioni di buona volont\u00e0 \u2013 sottolinea Flavio Lotti, coordinatore del Comitato promotore della Perugia-Assisi -. Tanti nuovi percorsi di pace capaci di rinnovare e accrescere l&#8217;impegno concreto del nostro paese contro l&#8217;impoverimento, le guerre e l&#8217;indifferenza. La pace \u00e8 in serio pericolo, fuori e dentro il nostro paese, e richiede il nostro impegno urgente\u201d.<\/p>\n<p>&nbsp;<\/p>\n<p>L\u2019appello \u00e8 stato accolto con entusiasmo dalla Bassa Romagna: \u201cSi tratta di un atto dovuto: non potevamo non raccogliere lo stimolo che ci \u00e8 giunto dalle associazioni che stanno facendo un lavoro encomiabile \u2013 ha sottolineato Ombretta Toschi, assessore alle Politiche per la pace e solidariet\u00e0 internazionale del Comune di Lugo -. Abbiamo quindi colto la loro sollecitazione ad aderire al manifesto degli enti locali per la pace di cui i nostri comuni fanno parte, mettendoci a disposizione del progetto e svolgendo una effettiva azione di coordinamento tra le associazioni e i Comuni dell&#8217;Unione. La Marcia non ha un significato simbolico: \u00e8 un gesto che tutti dobbiamo e possiamo compiere per aderire pienamente a una cultura doverosa di solidariet\u00e0 tra i popoli\u201d.<\/p>\n<p>&nbsp;<\/p>\n<p>Ecco dunque gli itinerari, che confluiranno tutti a Lugo in via Quarantola alle 11.15 (piazzale dell\u2019Intesa), per poi proseguire insieme per via Quarantola, via Mentana, fino all\u2019arrivo presso le logge del Pavaglione alle 12, dove ci saranno momenti di musica e festa. Dopo le 13 a Lugo sar\u00e0 attivo un servizio di navetta per il rientro dei partecipanti.<\/p>\n<p>&nbsp;<\/p>\n<p>Due le partenze da <b>Lugo<\/b>, a piedi: il primo, per coloro che necessitano del parcheggio, nel piazzale del Bingo Baccara, lungo la via provinciale Felisio, alle 8.45; il secondo dal parco Golfera in via Sammartina alle 9.30. Ad <b>Alfonsine<\/b> il ritrovo \u00e8 in via Rossetta Sottofiume, con partenza in bici alle 8 e, nella localit\u00e0 di Rossetta, alle 8.30, sempre con partenza in bici. Prima di arrivare a Lugo, i partecipanti da Alfonsine confluiranno a Bagnacavallo. A <b>Bagnacavallo<\/b> il ritrovo \u00e8 al parco di via Togliatti, presso la scultura per la Pace, alle 9.45. Altre due partenze sono a Villanova alle 8.30 (in bici) e a Villa Prati (angolo via Cocchi) alle 8.15 per chi vuole partire a piedi e alle 9 per chi preferisce la bici. A <b>Fusignano<\/b> la partenza \u00e8 alle 9, sia in bici, sia a piedi, con ritrovo al Bosco di Fusignano (accesso da via ex Tranvia). A <b>Massa Lombarda<\/b>, <b>Conselice<\/b> e <b>Bagnara<\/b> il ritrovo e partenza sono alle 8.30: tutti i gruppi si receranno poi a <b>Sant\u2019Agata<\/b>, da cui si partir\u00e0 alle 9, sia a piedi, sia in bici.<\/p>\n<p>&nbsp;<\/p>\n<p>La Marcia per la pace della Bassa Romagna \u00e8 arricchita inoltre da tre appuntamenti collaterali, prima e dopo: <b>gioved\u00ec 27 marzo<\/b> alle 20.45 al Salone Estense della Rocca di Lugo\u00a0 un incontro di approfondimento e riflessione sul tema \u201cpace e diritti umani sfidano la globalizzazione&#8221;, condotto dal professor Antonio Papisca, docente dell&#8217;Universit\u00e0 di Padova e direttore del Centro studi e formazione sui diritti dell&#8217;uomo e dei popoli di Padova (cattedra Unesco). <b>Da venerd\u00ec 28 marzo<\/b> fino a domenica 30 marzo a Bagnacavallo, nella Sala delle Colonne di via Mazzini, sar\u00e0 allestita una mostra della Marcia per la pace di Romagna Forl\u00ec-Forlimpopoli-Bertinoro. Sempre a Bagnacavallo, <b>marted\u00ec 29 aprile<\/b> alle 20.45 nella Sala polivalente della scuola primaria di via Cavour 7 ci sar\u00e0 un incontro con il professor Andrea Canevaro, docente dell&#8217;Universit\u00e0 di Bologna sul tema &#8220;il senso della pace nel nostro quotidiano, nelle relazioni sociali, nella scuola&#8221;.<\/p>\n<p>&nbsp;<\/p>\n<p>La Perugia-Assisi del 19 ottobre 2014 segner\u00e0 il culmine di tutti questi percorsi, nel mezzo del semestre di Presidenza italiana dell&#8217;Unione Europea; a 100 anni da quella inutile strage che fu la Prima Guerra Mondiale; a 20 anni dal conflitto cruento nei territori dell&#8217;ex-Jugoslavia, nel cuore della civile Europa, a poche settimane dalle tragedie di Lampedusa, dove hanno trovato la morte 500 eritrei che fuggivano dal loro paese martoriato dalla guerra, a pochi minuti dai genocidi in Sud America, in Asia, in Africa. Un ruolo importante lo avr\u00e0 la scuola dove ha gi\u00e0 preso avvio il Programma nazionale di educazione alla cittadinanza democratica \u201cPace, fraternit\u00e0 e dialogo\u201d, promosso dal Coordinamento nazionale degli enti locali per la pace e i diritti umani, in collaborazione con il Ministero dell&#8217;Istruzione.<\/p>\n<p>&nbsp;<\/p>\n<p>\u00abRealizzare la prima edizione della Marcia per la Pace della Bassa Romagna, con l&#8217;adesione di oltre settanta associazioni \u00e8 un risultato importante e non scontato \u2013 ha dichiarato il sindaco Laura Rossi, rappresentante dell\u2019Unione dei Comuni della Bassa Romagna \u2013. Un contributo attivo nello stimolare e informare \u00e8 stato svolto dalle scuole, invitate a collaborare per il buon esito della manifestazione attraverso la partecipazione dei giovani e delle loro famiglie. Questa mobilitazione pu\u00f2 rappresentare l\u2019occasione per tanti giovani di sentirsi protagonisti di una grande iniziativa di pace e responsabili della storia e del processo di trasformazione del mondo. Ancora una volta, attraverso l\u2019Unione dei Comuni della Bassa Romagna, siamo in grado di dare una grande risposta unitaria, nella consapevolezza che questo territorio possiede tante energie, un tessuto sociale e culturale fertile, ricco di competenze, di associazioni e di persone in grado di affrontare le sfide del futuro ancorate ai valori della partecipazione, della solidariet\u00e0 e della Costituzione.\u00bb<\/p>\n<p>&nbsp;<\/p>\n<p>La Marcia per la pace della Bassa Romagna \u00e8 organizzata dal Coordinamento per la Pace di Bagnacavallo, con il patrocinio dell&#8217;Unione dei Comuni della Bassa Romagna e dei Comuni di Alfonsine, Bagnacavallo, Cotignola, Fusignano, Lugo, Massa Lombarda. Tantissime le realt\u00e0 che hanno aderito con entusiasmo all\u2019iniziativa: Circolo ARCI Casablanca di Villanova, Tenda della Pace Villanova, associazione Amici di Neresheim di Bagnacavallo, associazione culturale \u201cIl pane e le rose\u201d di Bagnacavallo, Pro Loco Bagnacavallo, associazione Help For Family di Bagnacavallo, AIDO Bassa Romagna e AIDO Bagnacavallo, ANPI Rossetta, associazione interculturale Jam Salam di Bagnacavallo, associazione interculturale Arcobaleno di Lugo, associazione Civilt\u00e0 Etica, Il Delirio dell&#8217;Economia Lugo, il Movimento Internazionale di Riconciliazione di Lugo, il Coordinamento Obiettori Fiscali alle spese militari Lugo, LuGas, Comitato Africa Alfonsine, Casa dei popoli Lugo, associazione Teen Theatre Cotignola, parrocchie di San Michele e San Pietro di Bagnacavallo, Gruppo Scout Bagnacavallo 1, ANPI Bagnacavallo, Legambiente Bassa Romagna, associazione culturale Primola Cotignola, CGIL Provincia Ravenna, UIL Provincia Ravenna, CISL Romagna, associazione culturale Cinecircolo Fuoriquadro, associazione culturale Sonora Social Club, associazione Pereira, AVIS Bagnacavallo, Croce Rossa Italiana Comitato Locale di Lugo, Centro di Documentazione Don Tonino Bello di Faenza, Gruppo Emergency di Faenza, BagnaGas, associazione culturale Civilt\u00e0 delle Erbe Palustri, i Consigli di Zona di Bagnacavallo Centro, Villa Prati, Rossetta, Villanova, Boncellino, associazione multiculturale Iride di Lugo, Unione comunale ANPI Lugo, Circolo ACLI di Lugo, associazione musicale Doremi Bagnacavallo, Gruppo Camminatori Lugo, Nordic Walking Bassa Romagna, PavaglioneLugo.net, associazione L&#8217;incontro di Villa Prati, Polisportiva Rossetta, centro sociale Il Senato Villanova, Coldiretti Ravenna, associazione Amici dell&#8217;Abbondanza Bagnacavallo, centro sociale Il Tondo Lugo, UDI Massa Lombarda, Amici della Bici del Tondo di Lugo, centro sociale C\u00e0 di Cuntad\u00e8n Sant\u2019Agata, Circolo AUSER di Massa Lombarda, CGIL Massa Lombarda, ANPI Massa Lombarda, AVIS Massa Lombarda, Podistica Massa Lombarda, associazione Amici dello IOR Massa Lombarda, Circolo fotografico di Massa Lombarda, istituto comprensivo Lugo 1 Baracca, istituto comprensivo di Bagnacavallo, Universit\u00e0 Popolare per Adulti \u201cUmberto Pagani\u201d di Alfonsine.<\/p>\n<p>&nbsp;<\/p>\n<p>Per ulteriori informazioni, contattare l\u2019Ufficio Comunicazione dell\u2019Unione dei Comuni Bassa Romagna, telefono 0545 38485 oppure gli uffici Urp dei singoli Comuni.<\/p>\n","protected":false},"excerpt":{"rendered":"<p>L\u2019iniziativa, con partenze in tutti i Comuni, sar\u00e0 domenica 30 marzo Ispirata dall\u2019esperienza della Perugia-Assisi, ha visto il coinvolgimento di tantissime realt\u00e0 locali Domenica 30 marzo nella Bassa Romagna sar\u00e0 organizzata una Marcia per la pace. Un\u2019iniziativa propedeutica, che punta&hellip;<\/p>\n","protected":false},"author":594,"featured_media":97473,"comment_status":"closed","ping_status":"open","sticky":false,"template":"","format":"standard","meta":{"footnotes":""},"categories":[150,47,1263],"tags":[9742,294,9741,9740],"class_list":["post-97472","post","type-post","status-publish","format-standard","has-post-thumbnail","hentry","category-comunicati-stampa","category-europa","category-pace-disarmo","tag-marcia-per-la-pace","tag-pace","tag-perugia-assisi","tag-romagna"],"yoast_head":"<!-- This site is optimized with the Yoast SEO plugin v27.1.1 - https:\/\/yoast.com\/product\/yoast-seo-wordpress\/ -->\n<title>Marcia per la Pace in Bassa Romagna<\/title>\n<meta name=\"description\" content=\"L\u2019iniziativa, con partenze in tutti i Comuni, sar\u00e0 domenica 30 marzo Ispirata dall\u2019esperienza della Perugia-Assisi, ha visto il coinvolgimento di\" \/>\n<meta name=\"robots\" content=\"index, follow, max-snippet:-1, max-image-preview:large, max-video-preview:-1\" \/>\n<link rel=\"canonical\" href=\"https:\/\/www.pressenza.com\/it\/2014\/03\/marcia-per-pace-in-bassa-romagna\/\" \/>\n<meta property=\"og:locale\" content=\"it_IT\" \/>\n<meta property=\"og:type\" content=\"article\" \/>\n<meta property=\"og:title\" content=\"Marcia per la Pace in Bassa Romagna\" \/>\n<meta property=\"og:description\" content=\"L\u2019iniziativa, con partenze in tutti i Comuni, sar\u00e0 domenica 30 marzo Ispirata dall\u2019esperienza della Perugia-Assisi, ha visto il coinvolgimento di\" \/>\n<meta property=\"og:url\" content=\"https:\/\/www.pressenza.com\/it\/2014\/03\/marcia-per-pace-in-bassa-romagna\/\" \/>\n<meta property=\"og:site_name\" content=\"Pressenza\" \/>\n<meta property=\"article:publisher\" content=\"https:\/\/www.facebook.com\/PressenzaItalia\" \/>\n<meta property=\"article:author\" content=\"https:\/\/www.facebook.com\/PressenzaItalia\" \/>\n<meta property=\"article:published_time\" content=\"2014-03-29T15:15:38+00:00\" \/>\n<meta property=\"og:image\" content=\"https:\/\/www.pressenza.com\/wp-content\/uploads\/2014\/03\/pacebassaromagna.jpg\" \/>\n\t<meta property=\"og:image:width\" content=\"566\" \/>\n\t<meta property=\"og:image:height\" content=\"730\" \/>\n\t<meta property=\"og:image:type\" content=\"image\/jpeg\" \/>\n<meta name=\"author\" content=\"Redazione Italia\" \/>\n<meta name=\"twitter:card\" content=\"summary_large_image\" \/>\n<meta name=\"twitter:creator\" content=\"@pressenza_it\" \/>\n<meta name=\"twitter:site\" content=\"@PressenzaIPA\" \/>\n<meta name=\"twitter:label1\" content=\"Scritto da\" \/>\n\t<meta name=\"twitter:data1\" content=\"Redazione Italia\" \/>\n\t<meta name=\"twitter:label2\" content=\"Tempo di lettura stimato\" \/>\n\t<meta name=\"twitter:data2\" content=\"6 minuti\" \/>\n<script type=\"application\/ld+json\" class=\"yoast-schema-graph\">{\"@context\":\"https:\/\/schema.org\",\"@graph\":[{\"@type\":\"Article\",\"@id\":\"https:\/\/www.pressenza.com\/it\/2014\/03\/marcia-per-pace-in-bassa-romagna\/#article\",\"isPartOf\":{\"@id\":\"https:\/\/www.pressenza.com\/it\/2014\/03\/marcia-per-pace-in-bassa-romagna\/\"},\"author\":{\"name\":\"Redazione Italia\",\"@id\":\"https:\/\/www.pressenza.com\/it\/#\/schema\/person\/d983e81827ae24f2c7b1a2123d197f8d\"},\"headline\":\"Marcia per la Pace in Bassa Romagna\",\"datePublished\":\"2014-03-29T15:15:38+00:00\",\"mainEntityOfPage\":{\"@id\":\"https:\/\/www.pressenza.com\/it\/2014\/03\/marcia-per-pace-in-bassa-romagna\/\"},\"wordCount\":1317,\"publisher\":{\"@id\":\"https:\/\/www.pressenza.com\/it\/#organization\"},\"image\":{\"@id\":\"https:\/\/www.pressenza.com\/it\/2014\/03\/marcia-per-pace-in-bassa-romagna\/#primaryimage\"},\"thumbnailUrl\":\"https:\/\/www.pressenza.com\/wp-content\/uploads\/2014\/03\/pacebassaromagna.jpg\",\"keywords\":[\"Marcia per la Pace\",\"Pace\",\"Perugia-Assisi\",\"Romagna\"],\"articleSection\":[\"Comunicati Stampa\",\"Europa\",\"Pace e Disarmo\"],\"inLanguage\":\"it-IT\"},{\"@type\":\"WebPage\",\"@id\":\"https:\/\/www.pressenza.com\/it\/2014\/03\/marcia-per-pace-in-bassa-romagna\/\",\"url\":\"https:\/\/www.pressenza.com\/it\/2014\/03\/marcia-per-pace-in-bassa-romagna\/\",\"name\":\"Marcia per la Pace in Bassa Romagna\",\"isPartOf\":{\"@id\":\"https:\/\/www.pressenza.com\/it\/#website\"},\"primaryImageOfPage\":{\"@id\":\"https:\/\/www.pressenza.com\/it\/2014\/03\/marcia-per-pace-in-bassa-romagna\/#primaryimage\"},\"image\":{\"@id\":\"https:\/\/www.pressenza.com\/it\/2014\/03\/marcia-per-pace-in-bassa-romagna\/#primaryimage\"},\"thumbnailUrl\":\"https:\/\/www.pressenza.com\/wp-content\/uploads\/2014\/03\/pacebassaromagna.jpg\",\"datePublished\":\"2014-03-29T15:15:38+00:00\",\"description\":\"L\u2019iniziativa, con partenze in tutti i Comuni, sar\u00e0 domenica 30 marzo Ispirata dall\u2019esperienza della Perugia-Assisi, ha visto il coinvolgimento di\",\"breadcrumb\":{\"@id\":\"https:\/\/www.pressenza.com\/it\/2014\/03\/marcia-per-pace-in-bassa-romagna\/#breadcrumb\"},\"inLanguage\":\"it-IT\",\"potentialAction\":[{\"@type\":\"ReadAction\",\"target\":[\"https:\/\/www.pressenza.com\/it\/2014\/03\/marcia-per-pace-in-bassa-romagna\/\"]}]},{\"@type\":\"ImageObject\",\"inLanguage\":\"it-IT\",\"@id\":\"https:\/\/www.pressenza.com\/it\/2014\/03\/marcia-per-pace-in-bassa-romagna\/#primaryimage\",\"url\":\"https:\/\/www.pressenza.com\/wp-content\/uploads\/2014\/03\/pacebassaromagna.jpg\",\"contentUrl\":\"https:\/\/www.pressenza.com\/wp-content\/uploads\/2014\/03\/pacebassaromagna.jpg\",\"width\":566,\"height\":730},{\"@type\":\"BreadcrumbList\",\"@id\":\"https:\/\/www.pressenza.com\/it\/2014\/03\/marcia-per-pace-in-bassa-romagna\/#breadcrumb\",\"itemListElement\":[{\"@type\":\"ListItem\",\"position\":1,\"name\":\"Accueil\",\"item\":\"https:\/\/www.pressenza.com\/it\/\"},{\"@type\":\"ListItem\",\"position\":2,\"name\":\"Marcia per la Pace in Bassa Romagna\"}]},{\"@type\":\"WebSite\",\"@id\":\"https:\/\/www.pressenza.com\/it\/#website\",\"url\":\"https:\/\/www.pressenza.com\/it\/\",\"name\":\"Pressenza\",\"description\":\"Agenzia di Stampa Internazionale\",\"publisher\":{\"@id\":\"https:\/\/www.pressenza.com\/it\/#organization\"},\"potentialAction\":[{\"@type\":\"SearchAction\",\"target\":{\"@type\":\"EntryPoint\",\"urlTemplate\":\"https:\/\/www.pressenza.com\/it\/?s={search_term_string}\"},\"query-input\":{\"@type\":\"PropertyValueSpecification\",\"valueRequired\":true,\"valueName\":\"search_term_string\"}}],\"inLanguage\":\"it-IT\"},{\"@type\":\"Organization\",\"@id\":\"https:\/\/www.pressenza.com\/it\/#organization\",\"name\":\"Pressenza\",\"url\":\"https:\/\/www.pressenza.com\/it\/\",\"logo\":{\"@type\":\"ImageObject\",\"inLanguage\":\"it-IT\",\"@id\":\"https:\/\/www.pressenza.com\/it\/#\/schema\/logo\/image\/\",\"url\":\"https:\/\/www.pressenza.com\/wp-content\/uploads\/2022\/10\/pressenza_logo_200x200.jpg\",\"contentUrl\":\"https:\/\/www.pressenza.com\/wp-content\/uploads\/2022\/10\/pressenza_logo_200x200.jpg\",\"width\":200,\"height\":200,\"caption\":\"Pressenza\"},\"image\":{\"@id\":\"https:\/\/www.pressenza.com\/it\/#\/schema\/logo\/image\/\"},\"sameAs\":[\"https:\/\/www.facebook.com\/PressenzaItalia\",\"https:\/\/x.com\/PressenzaIPA\"]},{\"@type\":\"Person\",\"@id\":\"https:\/\/www.pressenza.com\/it\/#\/schema\/person\/d983e81827ae24f2c7b1a2123d197f8d\",\"name\":\"Redazione Italia\",\"description\":\"News from the Pressenza Bureau in Italy\",\"sameAs\":[\"https:\/\/www.pressenza.com\/it\/author\/redazione-italia\/\",\"https:\/\/www.facebook.com\/PressenzaItalia\",\"https:\/\/www.instagram.com\/pressenza_italia\/\",\"https:\/\/x.com\/pressenza_it\",\"https:\/\/www.youtube.com\/channel\/UCSalEIWjE1RSxkwjfftFuqg\"],\"url\":\"https:\/\/www.pressenza.com\/it\/author\/redazione-italia\/\"}]}<\/script>\n<!-- \/ Yoast SEO plugin. -->","yoast_head_json":{"title":"Marcia per la Pace in Bassa Romagna","description":"L\u2019iniziativa, con partenze in tutti i Comuni, sar\u00e0 domenica 30 marzo Ispirata dall\u2019esperienza della Perugia-Assisi, ha visto il coinvolgimento di","robots":{"index":"index","follow":"follow","max-snippet":"max-snippet:-1","max-image-preview":"max-image-preview:large","max-video-preview":"max-video-preview:-1"},"canonical":"https:\/\/www.pressenza.com\/it\/2014\/03\/marcia-per-pace-in-bassa-romagna\/","og_locale":"it_IT","og_type":"article","og_title":"Marcia per la Pace in Bassa Romagna","og_description":"L\u2019iniziativa, con partenze in tutti i Comuni, sar\u00e0 domenica 30 marzo Ispirata dall\u2019esperienza della Perugia-Assisi, ha visto il coinvolgimento di","og_url":"https:\/\/www.pressenza.com\/it\/2014\/03\/marcia-per-pace-in-bassa-romagna\/","og_site_name":"Pressenza","article_publisher":"https:\/\/www.facebook.com\/PressenzaItalia","article_author":"https:\/\/www.facebook.com\/PressenzaItalia","article_published_time":"2014-03-29T15:15:38+00:00","og_image":[{"width":566,"height":730,"url":"https:\/\/www.pressenza.com\/wp-content\/uploads\/2014\/03\/pacebassaromagna.jpg","type":"image\/jpeg"}],"author":"Redazione Italia","twitter_card":"summary_large_image","twitter_creator":"@pressenza_it","twitter_site":"@PressenzaIPA","twitter_misc":{"Scritto da":"Redazione Italia","Tempo di lettura stimato":"6 minuti"},"schema":{"@context":"https:\/\/schema.org","@graph":[{"@type":"Article","@id":"https:\/\/www.pressenza.com\/it\/2014\/03\/marcia-per-pace-in-bassa-romagna\/#article","isPartOf":{"@id":"https:\/\/www.pressenza.com\/it\/2014\/03\/marcia-per-pace-in-bassa-romagna\/"},"author":{"name":"Redazione Italia","@id":"https:\/\/www.pressenza.com\/it\/#\/schema\/person\/d983e81827ae24f2c7b1a2123d197f8d"},"headline":"Marcia per la Pace in Bassa Romagna","datePublished":"2014-03-29T15:15:38+00:00","mainEntityOfPage":{"@id":"https:\/\/www.pressenza.com\/it\/2014\/03\/marcia-per-pace-in-bassa-romagna\/"},"wordCount":1317,"publisher":{"@id":"https:\/\/www.pressenza.com\/it\/#organization"},"image":{"@id":"https:\/\/www.pressenza.com\/it\/2014\/03\/marcia-per-pace-in-bassa-romagna\/#primaryimage"},"thumbnailUrl":"https:\/\/www.pressenza.com\/wp-content\/uploads\/2014\/03\/pacebassaromagna.jpg","keywords":["Marcia per la Pace","Pace","Perugia-Assisi","Romagna"],"articleSection":["Comunicati Stampa","Europa","Pace e Disarmo"],"inLanguage":"it-IT"},{"@type":"WebPage","@id":"https:\/\/www.pressenza.com\/it\/2014\/03\/marcia-per-pace-in-bassa-romagna\/","url":"https:\/\/www.pressenza.com\/it\/2014\/03\/marcia-per-pace-in-bassa-romagna\/","name":"Marcia per la Pace in Bassa Romagna","isPartOf":{"@id":"https:\/\/www.pressenza.com\/it\/#website"},"primaryImageOfPage":{"@id":"https:\/\/www.pressenza.com\/it\/2014\/03\/marcia-per-pace-in-bassa-romagna\/#primaryimage"},"image":{"@id":"https:\/\/www.pressenza.com\/it\/2014\/03\/marcia-per-pace-in-bassa-romagna\/#primaryimage"},"thumbnailUrl":"https:\/\/www.pressenza.com\/wp-content\/uploads\/2014\/03\/pacebassaromagna.jpg","datePublished":"2014-03-29T15:15:38+00:00","description":"L\u2019iniziativa, con partenze in tutti i Comuni, sar\u00e0 domenica 30 marzo Ispirata dall\u2019esperienza della Perugia-Assisi, ha visto il coinvolgimento di","breadcrumb":{"@id":"https:\/\/www.pressenza.com\/it\/2014\/03\/marcia-per-pace-in-bassa-romagna\/#breadcrumb"},"inLanguage":"it-IT","potentialAction":[{"@type":"ReadAction","target":["https:\/\/www.pressenza.com\/it\/2014\/03\/marcia-per-pace-in-bassa-romagna\/"]}]},{"@type":"ImageObject","inLanguage":"it-IT","@id":"https:\/\/www.pressenza.com\/it\/2014\/03\/marcia-per-pace-in-bassa-romagna\/#primaryimage","url":"https:\/\/www.pressenza.com\/wp-content\/uploads\/2014\/03\/pacebassaromagna.jpg","contentUrl":"https:\/\/www.pressenza.com\/wp-content\/uploads\/2014\/03\/pacebassaromagna.jpg","width":566,"height":730},{"@type":"BreadcrumbList","@id":"https:\/\/www.pressenza.com\/it\/2014\/03\/marcia-per-pace-in-bassa-romagna\/#breadcrumb","itemListElement":[{"@type":"ListItem","position":1,"name":"Accueil","item":"https:\/\/www.pressenza.com\/it\/"},{"@type":"ListItem","position":2,"name":"Marcia per la Pace in Bassa Romagna"}]},{"@type":"WebSite","@id":"https:\/\/www.pressenza.com\/it\/#website","url":"https:\/\/www.pressenza.com\/it\/","name":"Pressenza","description":"Agenzia di Stampa Internazionale","publisher":{"@id":"https:\/\/www.pressenza.com\/it\/#organization"},"potentialAction":[{"@type":"SearchAction","target":{"@type":"EntryPoint","urlTemplate":"https:\/\/www.pressenza.com\/it\/?s={search_term_string}"},"query-input":{"@type":"PropertyValueSpecification","valueRequired":true,"valueName":"search_term_string"}}],"inLanguage":"it-IT"},{"@type":"Organization","@id":"https:\/\/www.pressenza.com\/it\/#organization","name":"Pressenza","url":"https:\/\/www.pressenza.com\/it\/","logo":{"@type":"ImageObject","inLanguage":"it-IT","@id":"https:\/\/www.pressenza.com\/it\/#\/schema\/logo\/image\/","url":"https:\/\/www.pressenza.com\/wp-content\/uploads\/2022\/10\/pressenza_logo_200x200.jpg","contentUrl":"https:\/\/www.pressenza.com\/wp-content\/uploads\/2022\/10\/pressenza_logo_200x200.jpg","width":200,"height":200,"caption":"Pressenza"},"image":{"@id":"https:\/\/www.pressenza.com\/it\/#\/schema\/logo\/image\/"},"sameAs":["https:\/\/www.facebook.com\/PressenzaItalia","https:\/\/x.com\/PressenzaIPA"]},{"@type":"Person","@id":"https:\/\/www.pressenza.com\/it\/#\/schema\/person\/d983e81827ae24f2c7b1a2123d197f8d","name":"Redazione Italia","description":"News from the Pressenza Bureau in Italy","sameAs":["https:\/\/www.pressenza.com\/it\/author\/redazione-italia\/","https:\/\/www.facebook.com\/PressenzaItalia","https:\/\/www.instagram.com\/pressenza_italia\/","https:\/\/x.com\/pressenza_it","https:\/\/www.youtube.com\/channel\/UCSalEIWjE1RSxkwjfftFuqg"],"url":"https:\/\/www.pressenza.com\/it\/author\/redazione-italia\/"}]}},"place":"","original_article_url":"","_links":{"self":[{"href":"https:\/\/www.pressenza.com\/it\/wp-json\/wp\/v2\/posts\/97472","targetHints":{"allow":["GET"]}}],"collection":[{"href":"https:\/\/www.pressenza.com\/it\/wp-json\/wp\/v2\/posts"}],"about":[{"href":"https:\/\/www.pressenza.com\/it\/wp-json\/wp\/v2\/types\/post"}],"author":[{"embeddable":true,"href":"https:\/\/www.pressenza.com\/it\/wp-json\/wp\/v2\/users\/594"}],"replies":[{"embeddable":true,"href":"https:\/\/www.pressenza.com\/it\/wp-json\/wp\/v2\/comments?post=97472"}],"version-history":[{"count":0,"href":"https:\/\/www.pressenza.com\/it\/wp-json\/wp\/v2\/posts\/97472\/revisions"}],"wp:featuredmedia":[{"embeddable":true,"href":"https:\/\/www.pressenza.com\/it\/wp-json\/wp\/v2\/media\/97473"}],"wp:attachment":[{"href":"https:\/\/www.pressenza.com\/it\/wp-json\/wp\/v2\/media?parent=97472"}],"wp:term":[{"taxonomy":"category","embeddable":true,"href":"https:\/\/www.pressenza.com\/it\/wp-json\/wp\/v2\/categories?post=97472"},{"taxonomy":"post_tag","embeddable":true,"href":"https:\/\/www.pressenza.com\/it\/wp-json\/wp\/v2\/tags?post=97472"}],"curies":[{"name":"wp","href":"https:\/\/api.w.org\/{rel}","templated":true}]}}