{"id":973086,"date":"2019-11-16T13:57:56","date_gmt":"2019-11-16T13:57:56","guid":{"rendered":"https:\/\/www.pressenza.com\/?p=973086"},"modified":"2019-11-16T13:57:56","modified_gmt":"2019-11-16T13:57:56","slug":"crisi-clima-per-mitigarla-non-basta-la-parola","status":"publish","type":"post","link":"https:\/\/www.pressenza.com\/it\/2019\/11\/crisi-clima-per-mitigarla-non-basta-la-parola\/","title":{"rendered":"\u201cCrisi clima\u201d: per mitigarla non basta la parola"},"content":{"rendered":"<div class=\"gs\">\n<div class=\"\">\n<div id=\":pt\" class=\"ii gt\">\n<div id=\":ps\" class=\"a3s aXjCH \">\n<div>\n<p dir=\"ltr\">Occorrono &#8220;scelte di politica economica coraggiosa che questo Governo sta gi\u00e0 mettendo in campo con il decreto clima&#8221;. Cos\u00ec il ministro dell&#8217;Ambiente, Sergio Costa, ha commentato la grave alluvione che ha colpito Venezia. Extinction Rebellion Italia, nel concordare sul legame dell\u2019alluvione di Venezia con\u00a0 il collasso climatico, ci tiene a precisare che per mitigare la crisi climatica ed adattarsi ad essa non basta attaccare la parola \u201cclima\u201d a un decreto legge.<\/p>\n<p dir=\"ltr\">In generale consideriamo le misure approntate dal governo non adeguate a fronteggiare la crisi ecologica e climatica di cui stiamo vivendo gli effetti. Il corpus della manovra (art.2 e 3) verte su misure che incidono sul settore dei trasporti ma in maniera del tutto marginale. Si delega alle amministrazioni provinciali l\u2019adempimento delle misure inserite nel \u201cProgramma strategico nazionale per il contrasto ai cambiamenti climatici\u201d, mancando cos\u00ec di un azione forte di respiro nazionale. Inoltre il budget della manovra \u00e8 coerente con quello di un ministero secondario: \u00e8 necessario il coinvolgimento nel contrasto alla crisi climatica di tutto il consiglio dei Ministri, con provvedimenti che riguardino tutti i Ministeri, a partire dal Mise e dal Mit. Come contrastare il business prodotto dalle fonti fossili se si pensa che esse, a livello mondiale investono 10.000 volte di pi\u00f9?<\/p>\n<p dir=\"ltr\">A proposito nel cosiddetto \u201cdecreto clima\u201d non si agisce sui sussidi alle fonti fossili: si ricorda come nel 2017 l\u2019Italia abbia erogato oltre 10.5 miliardi di euro di sussidi ai combustibili fossili, e i governi che si sono susseguiti da quella data non hanno invertito il trend.<\/p>\n<p dir=\"ltr\">\u00c8 di ieri la notizia che la Banca degli investimenti Europea (BEI) cesser\u00e0 di finanziare tutti i progetti nelle fonti fossili, compreso il gas naturale (che preferiamo chiamare \u201cgas fossile\u201d). L\u2019auspicio di Extinction Rebellion \u00e8 che l\u2019Italia metta in atto le azioni necessarie per raggiungere lo zero netto di emissioni entro il 2025, smettendo di finanziare i combustibili fossili, comprese le infrastrutture legate al \u201cgas fossile\u201d. L\u2019Italia \u00e8 sembrata fra i Paesi pi\u00f9 titubanti su questo ultimo punto al consiglio di amministrazione della BEI.<\/p>\n<p dir=\"ltr\">Nell\u2019incontro pubblico che il Ministro ha avuto con gli attivisti di Extinction Rebellion, l\u201911 ottobre in Piazza Monte Citorio, il ministro Costa ha dichiarato che intende muoversi \u2018senza penalizzare nessuno\u2019: il nostro parere sul tema \u00e8 che \u2018senza penalizzare nessuno\u2019 il nostro governo stia penalizzando tutti. \u00c8 notizia di ieri che l\u2019Italia \u00e8 tristemente prima in Europa e undicesima nel mondo per morti premature da esposizione alle polveri sottili PM2.5. Solo nel 2016 sono state ben 45.600, con una perdita economica di oltre 20 milioni di euro, la peggiore in Europa. Noi di Extinction Rebellion siamo consapevoli del legame strettissimo che c\u2019\u00e8 fra la crisi climatica ed ecologica e la salute di tutti i viventi, e ci rammarichiamo che dal 2014 al 2018 nessun membro del nostro governo nazionale abbia citato questo legame in sede ufficiale (vedi foto sotto).<\/p>\n<p dir=\"ltr\"><img loading=\"lazy\" decoding=\"async\" class=\"CToWUd a6T\" tabindex=\"0\" src=\"https:\/\/lh6.googleusercontent.com\/UC8rjF2t6WjlW9aBJqRhsEu6fgrJjZpsW-7G815DlQcKvJHb9j0By7PWV0AXbKjBl8EtIY0afXBPx5-hjHvcI0bJwFcv1-rWGro9mnEQL6aAQ-gOerjj9tFHZkh8SrFNBxec3zcz\" width=\"608\" height=\"518\" \/><\/p>\n<p dir=\"ltr\">Email: <a href=\"mailto:stampa@extinctionrebellion.it\" target=\"_blank\" rel=\"noopener\">stampa@extinctionrebellion.it<\/a>\u00a0 Telefono: 3406244276 \/ 3292480942 <a href=\"https:\/\/extinctionrebellion.it\/\" target=\"_blank\" rel=\"noopener\" data-saferedirecturl=\"https:\/\/www.google.com\/url?q=https:\/\/extinctionrebellion.it\/&amp;source=gmail&amp;ust=1573995597928000&amp;usg=AFQjCNHGFqpCcFFxes7i9jHLkq9wfKCBZQ\">\u00a0<\/a><a href=\"http:\/\/www.extinctionrebellion.it\/\" target=\"_blank\" rel=\"noopener\" data-saferedirecturl=\"https:\/\/www.google.com\/url?q=http:\/\/www.extinctionrebellion.it&amp;source=gmail&amp;ust=1573995597928000&amp;usg=AFQjCNE0Oo_JXAn5Bbzd-Km-CYNFlUGE_g\">www.extinctionrebellion.it<\/a> <a href=\"https:\/\/www.facebook.com\/XRItaly\/\" target=\"_blank\" rel=\"noopener\" data-saferedirecturl=\"https:\/\/www.google.com\/url?q=https:\/\/www.facebook.com\/XRItaly\/&amp;source=gmail&amp;ust=1573995597928000&amp;usg=AFQjCNHWRehzyBRGOo1o8SmfpZ6wUjDebw\">Facebook Extinction Rebellion Italia<\/a> \u00a0 \u00a0 \u00a0 \u00a0 \u00a0 <a href=\"https:\/\/www.instagram.com\/XRItaly\/\" target=\"_blank\" rel=\"noopener\" data-saferedirecturl=\"https:\/\/www.google.com\/url?q=https:\/\/www.instagram.com\/XRItaly\/&amp;source=gmail&amp;ust=1573995597928000&amp;usg=AFQjCNFxjxwUSmNjfcFYd2QRlZn9NlbhpQ\">Instagram Extinction Rebellion Italia<\/a>\u00a0 \u00a0 \u00a0 \u00a0 \u00a0 \u00a0 \u00a0 \u00a0 \u00a0 \u00a0 \u00a0 \u00a0 <a href=\"https:\/\/twitter.com\/XrItaly\" target=\"_blank\" rel=\"noopener\" data-saferedirecturl=\"https:\/\/www.google.com\/url?q=https:\/\/twitter.com\/XrItaly&amp;source=gmail&amp;ust=1573995597928000&amp;usg=AFQjCNFpAU6WRGo6XRt2s1_ABx_8qWgbPA\">Twitter Extinction Rebellion Italia<\/a><\/p>\n<\/div>\n<\/div>\n<\/div>\n<\/div>\n<\/div>\n","protected":false},"excerpt":{"rendered":"<p>Occorrono &#8220;scelte di politica economica coraggiosa che questo Governo sta gi\u00e0 mettendo in campo con il decreto clima&#8221;. Cos\u00ec il ministro dell&#8217;Ambiente, Sergio Costa, ha commentato la grave alluvione che ha colpito Venezia. Extinction Rebellion Italia, nel concordare sul legame&hellip;<\/p>\n","protected":false},"author":1696,"featured_media":973088,"comment_status":"closed","ping_status":"closed","sticky":false,"template":"","format":"standard","meta":{"footnotes":""},"categories":[150,59,47,55],"tags":[7908,57914,46953,4206],"class_list":["post-973086","post","type-post","status-publish","format-standard","has-post-thumbnail","hentry","category-comunicati-stampa","category-ambiente-ecologia","category-europa","category-politica","tag-clima","tag-extinction-rebellion-it","tag-sergio-costa","tag-venezia"],"yoast_head":"<!-- This site is optimized with the Yoast SEO plugin v27.1.1 - https:\/\/yoast.com\/product\/yoast-seo-wordpress\/ -->\n<title>\u201cCrisi clima\u201d: per mitigarla non basta la parola<\/title>\n<meta name=\"description\" content=\"Occorrono &quot;scelte di politica economica coraggiosa che questo Governo sta gi\u00e0 mettendo in campo con il decreto clima&quot;. Cos\u00ec il ministro dell&#039;Ambiente,\" \/>\n<meta name=\"robots\" content=\"index, follow, max-snippet:-1, max-image-preview:large, max-video-preview:-1\" \/>\n<link rel=\"canonical\" href=\"https:\/\/www.pressenza.com\/it\/2019\/11\/crisi-clima-per-mitigarla-non-basta-la-parola\/\" \/>\n<meta property=\"og:locale\" content=\"it_IT\" \/>\n<meta property=\"og:type\" content=\"article\" \/>\n<meta property=\"og:title\" content=\"\u201cCrisi clima\u201d: per mitigarla non basta la parola\" \/>\n<meta property=\"og:description\" content=\"Occorrono &quot;scelte di politica economica coraggiosa che questo Governo sta gi\u00e0 mettendo in campo con il decreto clima&quot;. Cos\u00ec il ministro dell&#039;Ambiente,\" \/>\n<meta property=\"og:url\" content=\"https:\/\/www.pressenza.com\/it\/2019\/11\/crisi-clima-per-mitigarla-non-basta-la-parola\/\" \/>\n<meta property=\"og:site_name\" content=\"Pressenza\" \/>\n<meta property=\"article:publisher\" content=\"https:\/\/www.facebook.com\/PressenzaItalia\" \/>\n<meta property=\"article:published_time\" content=\"2019-11-16T13:57:56+00:00\" \/>\n<meta property=\"og:image\" content=\"https:\/\/www.pressenza.com\/wp-content\/uploads\/2019\/11\/XR-con-Costa-720x480.png\" \/>\n\t<meta property=\"og:image:width\" content=\"720\" \/>\n\t<meta property=\"og:image:height\" content=\"480\" \/>\n\t<meta property=\"og:image:type\" content=\"image\/png\" \/>\n<meta name=\"author\" content=\"Extinction Rebellion\" \/>\n<meta name=\"twitter:card\" content=\"summary_large_image\" \/>\n<meta name=\"twitter:creator\" content=\"@PressenzaIPA\" \/>\n<meta name=\"twitter:site\" content=\"@PressenzaIPA\" \/>\n<meta name=\"twitter:label1\" content=\"Scritto da\" \/>\n\t<meta name=\"twitter:data1\" content=\"Extinction Rebellion\" \/>\n\t<meta name=\"twitter:label2\" content=\"Tempo di lettura stimato\" \/>\n\t<meta name=\"twitter:data2\" content=\"2 minuti\" \/>\n<script type=\"application\/ld+json\" class=\"yoast-schema-graph\">{\"@context\":\"https:\/\/schema.org\",\"@graph\":[{\"@type\":\"Article\",\"@id\":\"https:\/\/www.pressenza.com\/it\/2019\/11\/crisi-clima-per-mitigarla-non-basta-la-parola\/#article\",\"isPartOf\":{\"@id\":\"https:\/\/www.pressenza.com\/it\/2019\/11\/crisi-clima-per-mitigarla-non-basta-la-parola\/\"},\"author\":{\"name\":\"Extinction Rebellion\",\"@id\":\"https:\/\/www.pressenza.com\/it\/#\/schema\/person\/469654e5f261458f78054b73ca6931aa\"},\"headline\":\"\u201cCrisi clima\u201d: per mitigarla non basta la parola\",\"datePublished\":\"2019-11-16T13:57:56+00:00\",\"mainEntityOfPage\":{\"@id\":\"https:\/\/www.pressenza.com\/it\/2019\/11\/crisi-clima-per-mitigarla-non-basta-la-parola\/\"},\"wordCount\":496,\"publisher\":{\"@id\":\"https:\/\/www.pressenza.com\/it\/#organization\"},\"image\":{\"@id\":\"https:\/\/www.pressenza.com\/it\/2019\/11\/crisi-clima-per-mitigarla-non-basta-la-parola\/#primaryimage\"},\"thumbnailUrl\":\"https:\/\/www.pressenza.com\/wp-content\/uploads\/2019\/11\/XR-con-Costa.png\",\"keywords\":[\"clima\",\"Extinction Rebellion\",\"Sergio Costa\",\"Venezia\"],\"articleSection\":[\"Comunicati Stampa\",\"Ecologia ed Ambiente\",\"Europa\",\"Politica\"],\"inLanguage\":\"it-IT\"},{\"@type\":\"WebPage\",\"@id\":\"https:\/\/www.pressenza.com\/it\/2019\/11\/crisi-clima-per-mitigarla-non-basta-la-parola\/\",\"url\":\"https:\/\/www.pressenza.com\/it\/2019\/11\/crisi-clima-per-mitigarla-non-basta-la-parola\/\",\"name\":\"\u201cCrisi clima\u201d: per mitigarla non basta la parola\",\"isPartOf\":{\"@id\":\"https:\/\/www.pressenza.com\/it\/#website\"},\"primaryImageOfPage\":{\"@id\":\"https:\/\/www.pressenza.com\/it\/2019\/11\/crisi-clima-per-mitigarla-non-basta-la-parola\/#primaryimage\"},\"image\":{\"@id\":\"https:\/\/www.pressenza.com\/it\/2019\/11\/crisi-clima-per-mitigarla-non-basta-la-parola\/#primaryimage\"},\"thumbnailUrl\":\"https:\/\/www.pressenza.com\/wp-content\/uploads\/2019\/11\/XR-con-Costa.png\",\"datePublished\":\"2019-11-16T13:57:56+00:00\",\"description\":\"Occorrono \\\"scelte di politica economica coraggiosa che questo Governo sta gi\u00e0 mettendo in campo con il decreto clima\\\". Cos\u00ec il ministro dell'Ambiente,\",\"breadcrumb\":{\"@id\":\"https:\/\/www.pressenza.com\/it\/2019\/11\/crisi-clima-per-mitigarla-non-basta-la-parola\/#breadcrumb\"},\"inLanguage\":\"it-IT\",\"potentialAction\":[{\"@type\":\"ReadAction\",\"target\":[\"https:\/\/www.pressenza.com\/it\/2019\/11\/crisi-clima-per-mitigarla-non-basta-la-parola\/\"]}]},{\"@type\":\"ImageObject\",\"inLanguage\":\"it-IT\",\"@id\":\"https:\/\/www.pressenza.com\/it\/2019\/11\/crisi-clima-per-mitigarla-non-basta-la-parola\/#primaryimage\",\"url\":\"https:\/\/www.pressenza.com\/wp-content\/uploads\/2019\/11\/XR-con-Costa.png\",\"contentUrl\":\"https:\/\/www.pressenza.com\/wp-content\/uploads\/2019\/11\/XR-con-Costa.png\",\"width\":2048,\"height\":1365},{\"@type\":\"BreadcrumbList\",\"@id\":\"https:\/\/www.pressenza.com\/it\/2019\/11\/crisi-clima-per-mitigarla-non-basta-la-parola\/#breadcrumb\",\"itemListElement\":[{\"@type\":\"ListItem\",\"position\":1,\"name\":\"Accueil\",\"item\":\"https:\/\/www.pressenza.com\/it\/\"},{\"@type\":\"ListItem\",\"position\":2,\"name\":\"\u201cCrisi clima\u201d: per mitigarla non basta la parola\"}]},{\"@type\":\"WebSite\",\"@id\":\"https:\/\/www.pressenza.com\/it\/#website\",\"url\":\"https:\/\/www.pressenza.com\/it\/\",\"name\":\"Pressenza\",\"description\":\"Agenzia di Stampa Internazionale\",\"publisher\":{\"@id\":\"https:\/\/www.pressenza.com\/it\/#organization\"},\"potentialAction\":[{\"@type\":\"SearchAction\",\"target\":{\"@type\":\"EntryPoint\",\"urlTemplate\":\"https:\/\/www.pressenza.com\/it\/?s={search_term_string}\"},\"query-input\":{\"@type\":\"PropertyValueSpecification\",\"valueRequired\":true,\"valueName\":\"search_term_string\"}}],\"inLanguage\":\"it-IT\"},{\"@type\":\"Organization\",\"@id\":\"https:\/\/www.pressenza.com\/it\/#organization\",\"name\":\"Pressenza\",\"url\":\"https:\/\/www.pressenza.com\/it\/\",\"logo\":{\"@type\":\"ImageObject\",\"inLanguage\":\"it-IT\",\"@id\":\"https:\/\/www.pressenza.com\/it\/#\/schema\/logo\/image\/\",\"url\":\"https:\/\/www.pressenza.com\/wp-content\/uploads\/2022\/10\/pressenza_logo_200x200.jpg\",\"contentUrl\":\"https:\/\/www.pressenza.com\/wp-content\/uploads\/2022\/10\/pressenza_logo_200x200.jpg\",\"width\":200,\"height\":200,\"caption\":\"Pressenza\"},\"image\":{\"@id\":\"https:\/\/www.pressenza.com\/it\/#\/schema\/logo\/image\/\"},\"sameAs\":[\"https:\/\/www.facebook.com\/PressenzaItalia\",\"https:\/\/x.com\/PressenzaIPA\"]},{\"@type\":\"Person\",\"@id\":\"https:\/\/www.pressenza.com\/it\/#\/schema\/person\/469654e5f261458f78054b73ca6931aa\",\"name\":\"Extinction Rebellion\",\"description\":\"Extinction Rebellion (XR) \u00e8 un movimento internazionale \u201cdal basso\u201d, nonviolento, fondato in Inghilterra in risposta alla devastazione ambientale causata dalle attivit\u00e0 umane. La sua ragione d\u2019essere si basa sui risultati scientifici.\",\"sameAs\":[\"https:\/\/rebellion.earth\/\"],\"url\":\"https:\/\/www.pressenza.com\/it\/author\/extinction-rebellion\/\"}]}<\/script>\n<!-- \/ Yoast SEO plugin. -->","yoast_head_json":{"title":"\u201cCrisi clima\u201d: per mitigarla non basta la parola","description":"Occorrono \"scelte di politica economica coraggiosa che questo Governo sta gi\u00e0 mettendo in campo con il decreto clima\". Cos\u00ec il ministro dell'Ambiente,","robots":{"index":"index","follow":"follow","max-snippet":"max-snippet:-1","max-image-preview":"max-image-preview:large","max-video-preview":"max-video-preview:-1"},"canonical":"https:\/\/www.pressenza.com\/it\/2019\/11\/crisi-clima-per-mitigarla-non-basta-la-parola\/","og_locale":"it_IT","og_type":"article","og_title":"\u201cCrisi clima\u201d: per mitigarla non basta la parola","og_description":"Occorrono \"scelte di politica economica coraggiosa che questo Governo sta gi\u00e0 mettendo in campo con il decreto clima\". Cos\u00ec il ministro dell'Ambiente,","og_url":"https:\/\/www.pressenza.com\/it\/2019\/11\/crisi-clima-per-mitigarla-non-basta-la-parola\/","og_site_name":"Pressenza","article_publisher":"https:\/\/www.facebook.com\/PressenzaItalia","article_published_time":"2019-11-16T13:57:56+00:00","og_image":[{"width":720,"height":480,"url":"https:\/\/www.pressenza.com\/wp-content\/uploads\/2019\/11\/XR-con-Costa-720x480.png","type":"image\/png"}],"author":"Extinction Rebellion","twitter_card":"summary_large_image","twitter_creator":"@PressenzaIPA","twitter_site":"@PressenzaIPA","twitter_misc":{"Scritto da":"Extinction Rebellion","Tempo di lettura stimato":"2 minuti"},"schema":{"@context":"https:\/\/schema.org","@graph":[{"@type":"Article","@id":"https:\/\/www.pressenza.com\/it\/2019\/11\/crisi-clima-per-mitigarla-non-basta-la-parola\/#article","isPartOf":{"@id":"https:\/\/www.pressenza.com\/it\/2019\/11\/crisi-clima-per-mitigarla-non-basta-la-parola\/"},"author":{"name":"Extinction Rebellion","@id":"https:\/\/www.pressenza.com\/it\/#\/schema\/person\/469654e5f261458f78054b73ca6931aa"},"headline":"\u201cCrisi clima\u201d: per mitigarla non basta la parola","datePublished":"2019-11-16T13:57:56+00:00","mainEntityOfPage":{"@id":"https:\/\/www.pressenza.com\/it\/2019\/11\/crisi-clima-per-mitigarla-non-basta-la-parola\/"},"wordCount":496,"publisher":{"@id":"https:\/\/www.pressenza.com\/it\/#organization"},"image":{"@id":"https:\/\/www.pressenza.com\/it\/2019\/11\/crisi-clima-per-mitigarla-non-basta-la-parola\/#primaryimage"},"thumbnailUrl":"https:\/\/www.pressenza.com\/wp-content\/uploads\/2019\/11\/XR-con-Costa.png","keywords":["clima","Extinction Rebellion","Sergio Costa","Venezia"],"articleSection":["Comunicati Stampa","Ecologia ed Ambiente","Europa","Politica"],"inLanguage":"it-IT"},{"@type":"WebPage","@id":"https:\/\/www.pressenza.com\/it\/2019\/11\/crisi-clima-per-mitigarla-non-basta-la-parola\/","url":"https:\/\/www.pressenza.com\/it\/2019\/11\/crisi-clima-per-mitigarla-non-basta-la-parola\/","name":"\u201cCrisi clima\u201d: per mitigarla non basta la parola","isPartOf":{"@id":"https:\/\/www.pressenza.com\/it\/#website"},"primaryImageOfPage":{"@id":"https:\/\/www.pressenza.com\/it\/2019\/11\/crisi-clima-per-mitigarla-non-basta-la-parola\/#primaryimage"},"image":{"@id":"https:\/\/www.pressenza.com\/it\/2019\/11\/crisi-clima-per-mitigarla-non-basta-la-parola\/#primaryimage"},"thumbnailUrl":"https:\/\/www.pressenza.com\/wp-content\/uploads\/2019\/11\/XR-con-Costa.png","datePublished":"2019-11-16T13:57:56+00:00","description":"Occorrono \"scelte di politica economica coraggiosa che questo Governo sta gi\u00e0 mettendo in campo con il decreto clima\". Cos\u00ec il ministro dell'Ambiente,","breadcrumb":{"@id":"https:\/\/www.pressenza.com\/it\/2019\/11\/crisi-clima-per-mitigarla-non-basta-la-parola\/#breadcrumb"},"inLanguage":"it-IT","potentialAction":[{"@type":"ReadAction","target":["https:\/\/www.pressenza.com\/it\/2019\/11\/crisi-clima-per-mitigarla-non-basta-la-parola\/"]}]},{"@type":"ImageObject","inLanguage":"it-IT","@id":"https:\/\/www.pressenza.com\/it\/2019\/11\/crisi-clima-per-mitigarla-non-basta-la-parola\/#primaryimage","url":"https:\/\/www.pressenza.com\/wp-content\/uploads\/2019\/11\/XR-con-Costa.png","contentUrl":"https:\/\/www.pressenza.com\/wp-content\/uploads\/2019\/11\/XR-con-Costa.png","width":2048,"height":1365},{"@type":"BreadcrumbList","@id":"https:\/\/www.pressenza.com\/it\/2019\/11\/crisi-clima-per-mitigarla-non-basta-la-parola\/#breadcrumb","itemListElement":[{"@type":"ListItem","position":1,"name":"Accueil","item":"https:\/\/www.pressenza.com\/it\/"},{"@type":"ListItem","position":2,"name":"\u201cCrisi clima\u201d: per mitigarla non basta la parola"}]},{"@type":"WebSite","@id":"https:\/\/www.pressenza.com\/it\/#website","url":"https:\/\/www.pressenza.com\/it\/","name":"Pressenza","description":"Agenzia di Stampa Internazionale","publisher":{"@id":"https:\/\/www.pressenza.com\/it\/#organization"},"potentialAction":[{"@type":"SearchAction","target":{"@type":"EntryPoint","urlTemplate":"https:\/\/www.pressenza.com\/it\/?s={search_term_string}"},"query-input":{"@type":"PropertyValueSpecification","valueRequired":true,"valueName":"search_term_string"}}],"inLanguage":"it-IT"},{"@type":"Organization","@id":"https:\/\/www.pressenza.com\/it\/#organization","name":"Pressenza","url":"https:\/\/www.pressenza.com\/it\/","logo":{"@type":"ImageObject","inLanguage":"it-IT","@id":"https:\/\/www.pressenza.com\/it\/#\/schema\/logo\/image\/","url":"https:\/\/www.pressenza.com\/wp-content\/uploads\/2022\/10\/pressenza_logo_200x200.jpg","contentUrl":"https:\/\/www.pressenza.com\/wp-content\/uploads\/2022\/10\/pressenza_logo_200x200.jpg","width":200,"height":200,"caption":"Pressenza"},"image":{"@id":"https:\/\/www.pressenza.com\/it\/#\/schema\/logo\/image\/"},"sameAs":["https:\/\/www.facebook.com\/PressenzaItalia","https:\/\/x.com\/PressenzaIPA"]},{"@type":"Person","@id":"https:\/\/www.pressenza.com\/it\/#\/schema\/person\/469654e5f261458f78054b73ca6931aa","name":"Extinction Rebellion","description":"Extinction Rebellion (XR) \u00e8 un movimento internazionale \u201cdal basso\u201d, nonviolento, fondato in Inghilterra in risposta alla devastazione ambientale causata dalle attivit\u00e0 umane. La sua ragione d\u2019essere si basa sui risultati scientifici.","sameAs":["https:\/\/rebellion.earth\/"],"url":"https:\/\/www.pressenza.com\/it\/author\/extinction-rebellion\/"}]}},"place":"","original_article_url":"","_links":{"self":[{"href":"https:\/\/www.pressenza.com\/it\/wp-json\/wp\/v2\/posts\/973086","targetHints":{"allow":["GET"]}}],"collection":[{"href":"https:\/\/www.pressenza.com\/it\/wp-json\/wp\/v2\/posts"}],"about":[{"href":"https:\/\/www.pressenza.com\/it\/wp-json\/wp\/v2\/types\/post"}],"author":[{"embeddable":true,"href":"https:\/\/www.pressenza.com\/it\/wp-json\/wp\/v2\/users\/1696"}],"replies":[{"embeddable":true,"href":"https:\/\/www.pressenza.com\/it\/wp-json\/wp\/v2\/comments?post=973086"}],"version-history":[{"count":0,"href":"https:\/\/www.pressenza.com\/it\/wp-json\/wp\/v2\/posts\/973086\/revisions"}],"wp:featuredmedia":[{"embeddable":true,"href":"https:\/\/www.pressenza.com\/it\/wp-json\/wp\/v2\/media\/973088"}],"wp:attachment":[{"href":"https:\/\/www.pressenza.com\/it\/wp-json\/wp\/v2\/media?parent=973086"}],"wp:term":[{"taxonomy":"category","embeddable":true,"href":"https:\/\/www.pressenza.com\/it\/wp-json\/wp\/v2\/categories?post=973086"},{"taxonomy":"post_tag","embeddable":true,"href":"https:\/\/www.pressenza.com\/it\/wp-json\/wp\/v2\/tags?post=973086"}],"curies":[{"name":"wp","href":"https:\/\/api.w.org\/{rel}","templated":true}]}}