{"id":97251,"date":"2014-03-28T21:06:04","date_gmt":"2014-03-28T21:06:04","guid":{"rendered":"http:\/\/www.pressenza.com\/?p=97251"},"modified":"2014-03-28T21:06:04","modified_gmt":"2014-03-28T21:06:04","slug":"ravenna-i-conti-lambiente-2014","status":"publish","type":"post","link":"https:\/\/www.pressenza.com\/it\/2014\/03\/ravenna-i-conti-lambiente-2014\/","title":{"rendered":"Ravenna: Fare i conti con l\u2019ambiente 2014"},"content":{"rendered":"<p><img loading=\"lazy\" decoding=\"async\" class=\"alignnone\" alt=\"\" src=\"http:\/\/www.labelab.it\/ravenna2014\/wp-content\/uploads\/sites\/2\/2014\/03\/copy-banner_home.png\" width=\"960\" height=\"274\" \/><\/p>\n<p><b>Al via il \u201cfestival formativo\u201d di Ravenna su rifiuti, acqua, energia, bonifiche e sostenibilit\u00e0.<\/b><\/p>\n<p><i>Fare i conti con l\u2019ambiente<\/i> \u00e8 un singolare festival ecologico nato a Ravenna sette anni fa per volont\u00e0 di un gruppo di professionisti dell\u2019ambiente, il network labelab, guidato da Giovanni Montresori e Mario Sunseri. Un Festival che, sin dalle origini, ha manifestato tutta la sua originalit\u00e0, miscelando contenuti dall\u2019alto valore tecnico-scientifico calati all\u2019interno di un \u201cpalcoscenico\u201d particolare come il centro storico della citt\u00e0, una delle pi\u00f9 suggestive d\u2019Europa.<\/p>\n<p>Efficace e originale \u00e8 anche lo sviluppo &#8220;dal basso&#8221; dell&#8217;iniziativa, con il coinvolgimento diretto e materiale di tutti gli attori (istituzioni, associazioni di categoria, imprese, ecc) attraverso la regia di labelab, con la collaborazione del Comune di Ravenna, di altri 40 enti patrocinatori e diverse aziende partner e sponsor, all\u2019insegna di un evento poco incline al marketing e ai \u201cproclami\u201d.<\/p>\n<p>L\u2019evento, perfettamente a kilometri zero (si svolge interamente nel centro storico pedonale di Ravenna all&#8217;interno di 12 sale attrezzate, in Piazza del Popolo e nelle principali vie), si snoda in 3 giornate (quest\u2019anno anticipate a maggio, 21\/22\/23) e si configura come un vero e proprio festival formativo con un\u2019ampia rassegna di conferenze, seminari di formazione (denominati labmeeting) e workshop in grado di abbracciare tutti i segmenti di attualit\u00e0 tecnico-scientifica del settore rifiuti, acqua, energia, bonifiche e sostenibilit\u00e0 ambientale.<\/p>\n<p>L\u2019idea \u00e8 proprio quella di \u201cfare i conti con l\u2019ambiente\u201d, sia dal punto di vista tecnico-numerico sia nella presa di coscienza dei guasti provocati da uno sviluppo umano ed industriale incontrollato.<\/p>\n<p>Tante le novit\u00e0 di questa edizione: l\u2019approfondimento di tutte le tematiche connesse alla <b>gestione evoluta dei rifiuti urban<\/b>i (aspetti tecnici e normativi), della <b>gestione delle risorse idriche<\/b> e dell\u2019ottimizzazione energetica; uno spazio di presentazione specifico per importanti <b>progetti europei<\/b> (SIFOR, Identis WEEE, Cop, ecc.); la presenza dell\u2019<b>Alta Scuola di Formazione sulla bonifica dei siti contaminati<\/b>, corso residenziale rivolto a sviluppare concrete professionalit\u00e0 nel campo del recupero e riconversione delle aree dismesse e dei siti contaminati; un <b>focus specifico sul tema \u201cbonifica dell\u2019amianto\u201d, <\/b>enorme questione irrisolta (ancora 32 milioni di tonnellate \u2013 un carico di circa 2 milioni di tir \u2013 da mettere in sicurezza a venti anni dal divieto di produrlo e installarlo) che sar\u00e0 affrontato con approfondimenti specifici con i maggiori esperti del settore; la presentazione dei temi della qualit\u00e0 ambientale nell\u2019edilizia con particolare riferimento ai problemi del controllo dello stato <b>dei suoli e sottosuoli e alla radioattivit\u00e0 dell\u2019ambiente e dei materiali utilizzati<\/b>; un momento di confronto internazionale sulle <b>strategie e sistemi europei per la riqualifica delle aree dismesse per una Nuova Economia Territoriale<\/b>.<\/p>\n<p><b>\u00a0<\/b><\/p>\n<p><b>Fare i conti con l\u2019ambiente\/Ravenna2014: come funziona e cosa vedere<\/b><\/p>\n<p>L\u2019evento \u00e8 alquanto ricco, e conta pi\u00f9 di 60 iniziative, distribuite in maniera coerente sul territorio e nei 3 giorni della manifestazione. In particolare, sono previste:<\/p>\n<p>&#8211;\u00a0\u00a0\u00a0\u00a0\u00a0\u00a0\u00a0\u00a0\u00a0 <b>Conferenze: <\/b>l\u2019evento principale della tre giorni, con esperti nazionali e internazionali ad introdurre i temi principali;<\/p>\n<p>&#8211;\u00a0\u00a0\u00a0\u00a0\u00a0\u00a0\u00a0\u00a0\u00a0 <b>LabMeeting: <\/b>veri e propri momenti formativi e di approfondimento relativi a tematiche di interesse per operatori, professionisti, enti locali, svolti con l\u2019ausilio di software dedicati e case-studies;<\/p>\n<p>&#8211;\u00a0\u00a0\u00a0\u00a0\u00a0\u00a0\u00a0\u00a0\u00a0 <b>Workshop: <\/b>momenti di dialogo tra esperti del settore;<\/p>\n<p>&#8211;\u00a0\u00a0\u00a0\u00a0\u00a0\u00a0\u00a0\u00a0\u00a0 <b>Eventi culturali<\/b><\/p>\n<p>Parliamo dalle conferenze: si parte il primo giorno, 21 maggio, con la \u201c<b>bonifica dei siti contaminati<\/b>\u201d. Parteciperanno Daniele Cazzuffi (CESI SpA, Milano e RemTech Expo, Ferrara), Laura D\u2019Aprile (MATTM), Gernot D\u00f6berl (EA, Austria), Donatella Giacopetti (Unione Petrolifera), Frank Swartjes (RIVM, NL), Simonetta Tunesi (ATIA-ISWA). Gioved\u00ec 22 nel pomeriggio sar\u00e0 la volta della <b>conferenza internazionale sulla sostenibilit\u00e0<\/b>, con la partecipazione di Luigi Bruzzi (Dipartimento di Fisica dell\u2019Universit\u00e0 di Bologna), Marco Abbiati (Universit\u00e0 of Bologna), Alessandra Bonoli (Universit\u00e0 di Bologna) e interventi del comitato scientifico internazionale. La serata del gioved\u00ec assisteremo alla conferenza di Umberto Torelli, giornalista del Corriere della Sera, esperto di tecnologia e mondo globalizzato: <b>L\u2019hi-tech che cambia: \u00abchi consuma e chi produce?\u00bb <\/b>con uno sguardo sulle factory \u201chi tech\u201d nel mondo.<\/p>\n<p>Venerd\u00ec 23 maggio sar\u00e0 giornata alquanto ricca, con la conferenza sul <b>trattamento e lo smaltimento dei rifiuti contenenti amianto <\/b>con la partecipazione di illustri relatori del panorama giuridico &#8211; tecnico e scientifico italiano che affronteranno la problematica della dismissione delle 32 milioni di tonnellate di \u201ceternit\u201d ancora presenti sul nostro territorio.\u00a0 Sempre venerd\u00ec, la mattina, <b>Marco Fratoddi<\/b> (direttore de La Nuova Ecologia) parler\u00e0 di <b>comunicazione ambientale<\/b> e delle difficolt\u00e0 connesse alla comunicazione \u201cgreen\u201d in Italia. A seguire il tradizionale \u201c<b>labeCamp<\/b>\u201d, una sorta di non-conferenza \u201ca microfoni aperti\u201d che vedr\u00e0 la partecipazione di blogger, giornalisti, esperti ed appassionati di ecologia, tutti accomunati dalla voglia di praticare \u201cconversazioni sostenibili\u201d. In chiusura, presso Ravenna Yacht Club, \u201cLuci e ombre sulla gestione del ciclo di vita di uno scafo\u201d.<\/p>\n<p>&nbsp;<\/p>\n<p><b>Fare i conti con l\u2019ambiente\/Ravenna2014: gli eventi culturali<\/b><\/p>\n<p><i>Fare i conti con l\u2019ambiente<\/i> \u00e8 un vero proprio festival a pi\u00f9 voci, in cui il visitatore ha davvero la possibilit\u00e0 di scegliere il tipo e la profondit\u00e0 della sua partecipazione. Accanto ai momenti pi\u00f9 accademici e alle conferenze tecnico-scientifiche si snoda infatti un ricchissimo calendario di eventi culturali, che miscela teatro, cinematografia e arte.\u00a0 Partiamo da <b>Emergenze Creative<\/b>, a cura di Silvia Cirelli, rassegna artistica che porta nel centro storico di Ravenna un intervento di <i>arte pubblica<\/i> realizzato appositamente per la manifestazione. In stretto dialogo con la realt\u00e0 locale, Emergenze Creative si riconferma come opportunit\u00e0 di confronto fra arte e ambiente, con un progetto di richiamo collettivo che ancora una volta evidenzia quanto l\u2019arte contemporanea possa fungere da importante strumento di comunicazione e di sensibilizzazione.<\/p>\n<p>E poi la mostra <b>opeRAEE<\/b>, in collaborazione con il progetto RAEE in Carcere (un laboratorio creativo che ha lo scopo di promuovere l&#8217;inserimento sociale e lavorativo di detenuti o dimessi dal carcere): una selezione dei lavori artistici realizzati tramite il recupero di apparecchi elettrici ed elettronici (RAEE per l&#8217;appunto), a dimostrazione di come i rifiuti elettronici possano facilmente diventare arte. RAEE in Carcere nasce nel 2005 dalla collaborazione tra Regione Emilia Romagna, Amministrazione penitenziaria, Hera spa, insieme ai consorzi Ecolight, Ecodom, le cooperative sociali It2, Gulliver e Il Germoglio e le direzioni delle carceri di Bologna, Forl\u00ec e Ferrara.<\/p>\n<p>E anche i \u201c<b>live painting<\/b>\u201d a tema ambientale del gruppo DissensoCreativo.<\/p>\n<p>A Ravenna verr\u00e0 anche presentato il libro &#8220;<b>Conservare il Valore&#8221;<\/b>, saggio di Simonetta Tunesi (Luiss Editrice): introducono David Newmann, Presidente ATIA-ISWA, Antonio Pergolizzi (Legambiente) e Mario Sunseri, ATIA-ISWA.<\/p>\n<p>&nbsp;<\/p>\n<p><b>Ravenna e la comunicazione ambientale<\/b><\/p>\n<p>La comunicazione \u00e8 sempre stato un tema fondante e trasversale per gli eventi di Ravenna. Sin dalla prima edizione, grande importanza \u00e8 stata data non solo alla diffusione dei risultati e delle presentazioni (attraverso l\u2019utilizzo, tra i primi in Italia, di un blog tematico e dei social media) ma anche alla riflessione sulla comunicazione ambientale in s\u00e9. I contributi (negli anni) dei vari Patrizio Roversi, Carlo Brumat, Philippe Daverio, Mario Tozzi, hanno alimentato una discussione mai sopita sull\u2019importanza della comunicazione e sulla difficolt\u00e0, talvolta, di fare una buona comunicazione \u201cgreen\u201d in Italia. <i>Fare i conti con l\u2019ambiente<\/i> ha stimolato anche la nascita \u2013 tra gli altri \u2013 di FIMA, la Federazione Italiana dei Giornalisti Ambientali che nelle piazze ravennati ha trovato spunti per organizzarsi e crescere.<\/p>\n<p>Uno dei momenti di comunicazione pi\u00f9 interessanti e singolari \u00e8 il labeCamp, non-conferenza prevista per il 23 maggio, che vedr\u00e0 la partecipazione di blogger, giornalisti, esperti ed appassionati di ecologia, tutti accomunati dalla voglia di praticare \u201cconversazioni sostenibili\u201d. Il labeCamp sar\u00e0 coordinato da <b>Vittorio Pasteris<\/b>, firma del giornalismo e dell\u2019internet nostrano. Strumentalmente parliamo di \u201ctema di partenza\u201d e non di \u201ctema dell\u2019evento\u201d in quanto lo svolgimento del Camp sar\u00e0 dinamico e fluido ed i contenuti si succederanno uno dentro l\u2019altro come frattali che crescono e muoiono dando vita a nuove discussioni. Una sorta di \u201cstream of consciousness\u201d alla maniera di Joyce, tenendo comunque ben presente il \u201ccappello\u201d originario e primario, \u201c<i>vivere sostenibile: i conti tornano?<\/i>\u201d. Novambiente, FIMA e La Nuova Ecologia patrocinano la <i>non-conferenza<\/i> e il giornale di Legambiente pubblicher\u00e0 gli atti e i contenuti pi\u00f9 interessanti che verranno prodotti nel corso della giornata.<\/p>\n<p>Info: <a href=\"http:\/\/www.labelab.it\/ravenna2014\/\">http:\/\/www.labelab.it\/ravenna2014\/<\/a><\/p>\n<p><b>\u00a0Fonte: CS di <b>LABELAB <a href=\"http:\/\/www.labelab.it\/blog\" target=\"_blank\">www.labelab.it\/blog<\/a><\/b><br \/>\n<\/b><\/p>\n","protected":false},"excerpt":{"rendered":"<p>Al via il \u201cfestival formativo\u201d di Ravenna su rifiuti, acqua, energia, bonifiche e sostenibilit\u00e0. Fare i conti con l\u2019ambiente \u00e8 un singolare festival ecologico nato a Ravenna sette anni fa per volont\u00e0 di un gruppo di professionisti dell\u2019ambiente, il network&hellip;<\/p>\n","protected":false},"author":594,"featured_media":0,"comment_status":"closed","ping_status":"open","sticky":false,"template":"","format":"standard","meta":{"footnotes":""},"categories":[150,56,59,47],"tags":[225,4147,5095],"class_list":["post-97251","post","type-post","status-publish","format-standard","hentry","category-comunicati-stampa","category-cultura","category-ambiente-ecologia","category-europa","tag-ambiente","tag-ravenna","tag-sostenibilita"],"yoast_head":"<!-- This site is optimized with the Yoast SEO plugin v27.1.1 - https:\/\/yoast.com\/product\/yoast-seo-wordpress\/ -->\n<title>Ravenna: Fare i conti con l\u2019ambiente 2014<\/title>\n<meta name=\"description\" content=\"Al via il \u201cfestival formativo\u201d di Ravenna su rifiuti, acqua, energia, bonifiche e sostenibilit\u00e0. Fare i conti con l\u2019ambiente \u00e8 un singolare festival\" \/>\n<meta name=\"robots\" content=\"index, follow, max-snippet:-1, max-image-preview:large, max-video-preview:-1\" \/>\n<link rel=\"canonical\" href=\"https:\/\/www.pressenza.com\/it\/2014\/03\/ravenna-i-conti-lambiente-2014\/\" \/>\n<meta property=\"og:locale\" content=\"it_IT\" \/>\n<meta property=\"og:type\" content=\"article\" \/>\n<meta property=\"og:title\" content=\"Ravenna: Fare i conti con l\u2019ambiente 2014\" \/>\n<meta property=\"og:description\" content=\"Al via il \u201cfestival formativo\u201d di Ravenna su rifiuti, acqua, energia, bonifiche e sostenibilit\u00e0. Fare i conti con l\u2019ambiente \u00e8 un singolare festival\" \/>\n<meta property=\"og:url\" content=\"https:\/\/www.pressenza.com\/it\/2014\/03\/ravenna-i-conti-lambiente-2014\/\" \/>\n<meta property=\"og:site_name\" content=\"Pressenza\" \/>\n<meta property=\"article:publisher\" content=\"https:\/\/www.facebook.com\/PressenzaItalia\" \/>\n<meta property=\"article:author\" content=\"https:\/\/www.facebook.com\/PressenzaItalia\" \/>\n<meta property=\"article:published_time\" content=\"2014-03-28T21:06:04+00:00\" \/>\n<meta property=\"og:image\" content=\"http:\/\/www.labelab.it\/ravenna2014\/wp-content\/uploads\/sites\/2\/2014\/03\/copy-banner_home.png\" \/>\n<meta name=\"author\" content=\"Redazione Italia\" \/>\n<meta name=\"twitter:card\" content=\"summary_large_image\" \/>\n<meta name=\"twitter:creator\" content=\"@pressenza_it\" \/>\n<meta name=\"twitter:site\" content=\"@PressenzaIPA\" \/>\n<meta name=\"twitter:label1\" content=\"Scritto da\" \/>\n\t<meta name=\"twitter:data1\" content=\"Redazione Italia\" \/>\n\t<meta name=\"twitter:label2\" content=\"Tempo di lettura stimato\" \/>\n\t<meta name=\"twitter:data2\" content=\"7 minuti\" \/>\n<script type=\"application\/ld+json\" class=\"yoast-schema-graph\">{\"@context\":\"https:\/\/schema.org\",\"@graph\":[{\"@type\":\"Article\",\"@id\":\"https:\/\/www.pressenza.com\/it\/2014\/03\/ravenna-i-conti-lambiente-2014\/#article\",\"isPartOf\":{\"@id\":\"https:\/\/www.pressenza.com\/it\/2014\/03\/ravenna-i-conti-lambiente-2014\/\"},\"author\":{\"name\":\"Redazione Italia\",\"@id\":\"https:\/\/www.pressenza.com\/it\/#\/schema\/person\/d983e81827ae24f2c7b1a2123d197f8d\"},\"headline\":\"Ravenna: Fare i conti con l\u2019ambiente 2014\",\"datePublished\":\"2014-03-28T21:06:04+00:00\",\"mainEntityOfPage\":{\"@id\":\"https:\/\/www.pressenza.com\/it\/2014\/03\/ravenna-i-conti-lambiente-2014\/\"},\"wordCount\":1350,\"publisher\":{\"@id\":\"https:\/\/www.pressenza.com\/it\/#organization\"},\"image\":{\"@id\":\"https:\/\/www.pressenza.com\/it\/2014\/03\/ravenna-i-conti-lambiente-2014\/#primaryimage\"},\"thumbnailUrl\":\"http:\/\/www.labelab.it\/ravenna2014\/wp-content\/uploads\/sites\/2\/2014\/03\/copy-banner_home.png\",\"keywords\":[\"ambiente\",\"Ravenna\",\"sostenibilit\u00e0\"],\"articleSection\":[\"Comunicati Stampa\",\"Cultura e Media\",\"Ecologia ed Ambiente\",\"Europa\"],\"inLanguage\":\"it-IT\"},{\"@type\":\"WebPage\",\"@id\":\"https:\/\/www.pressenza.com\/it\/2014\/03\/ravenna-i-conti-lambiente-2014\/\",\"url\":\"https:\/\/www.pressenza.com\/it\/2014\/03\/ravenna-i-conti-lambiente-2014\/\",\"name\":\"Ravenna: Fare i conti con l\u2019ambiente 2014\",\"isPartOf\":{\"@id\":\"https:\/\/www.pressenza.com\/it\/#website\"},\"primaryImageOfPage\":{\"@id\":\"https:\/\/www.pressenza.com\/it\/2014\/03\/ravenna-i-conti-lambiente-2014\/#primaryimage\"},\"image\":{\"@id\":\"https:\/\/www.pressenza.com\/it\/2014\/03\/ravenna-i-conti-lambiente-2014\/#primaryimage\"},\"thumbnailUrl\":\"http:\/\/www.labelab.it\/ravenna2014\/wp-content\/uploads\/sites\/2\/2014\/03\/copy-banner_home.png\",\"datePublished\":\"2014-03-28T21:06:04+00:00\",\"description\":\"Al via il \u201cfestival formativo\u201d di Ravenna su rifiuti, acqua, energia, bonifiche e sostenibilit\u00e0. Fare i conti con l\u2019ambiente \u00e8 un singolare festival\",\"breadcrumb\":{\"@id\":\"https:\/\/www.pressenza.com\/it\/2014\/03\/ravenna-i-conti-lambiente-2014\/#breadcrumb\"},\"inLanguage\":\"it-IT\",\"potentialAction\":[{\"@type\":\"ReadAction\",\"target\":[\"https:\/\/www.pressenza.com\/it\/2014\/03\/ravenna-i-conti-lambiente-2014\/\"]}]},{\"@type\":\"ImageObject\",\"inLanguage\":\"it-IT\",\"@id\":\"https:\/\/www.pressenza.com\/it\/2014\/03\/ravenna-i-conti-lambiente-2014\/#primaryimage\",\"url\":\"http:\/\/www.labelab.it\/ravenna2014\/wp-content\/uploads\/sites\/2\/2014\/03\/copy-banner_home.png\",\"contentUrl\":\"http:\/\/www.labelab.it\/ravenna2014\/wp-content\/uploads\/sites\/2\/2014\/03\/copy-banner_home.png\"},{\"@type\":\"BreadcrumbList\",\"@id\":\"https:\/\/www.pressenza.com\/it\/2014\/03\/ravenna-i-conti-lambiente-2014\/#breadcrumb\",\"itemListElement\":[{\"@type\":\"ListItem\",\"position\":1,\"name\":\"Accueil\",\"item\":\"https:\/\/www.pressenza.com\/it\/\"},{\"@type\":\"ListItem\",\"position\":2,\"name\":\"Ravenna: Fare i conti con l\u2019ambiente 2014\"}]},{\"@type\":\"WebSite\",\"@id\":\"https:\/\/www.pressenza.com\/it\/#website\",\"url\":\"https:\/\/www.pressenza.com\/it\/\",\"name\":\"Pressenza\",\"description\":\"Agenzia di Stampa Internazionale\",\"publisher\":{\"@id\":\"https:\/\/www.pressenza.com\/it\/#organization\"},\"potentialAction\":[{\"@type\":\"SearchAction\",\"target\":{\"@type\":\"EntryPoint\",\"urlTemplate\":\"https:\/\/www.pressenza.com\/it\/?s={search_term_string}\"},\"query-input\":{\"@type\":\"PropertyValueSpecification\",\"valueRequired\":true,\"valueName\":\"search_term_string\"}}],\"inLanguage\":\"it-IT\"},{\"@type\":\"Organization\",\"@id\":\"https:\/\/www.pressenza.com\/it\/#organization\",\"name\":\"Pressenza\",\"url\":\"https:\/\/www.pressenza.com\/it\/\",\"logo\":{\"@type\":\"ImageObject\",\"inLanguage\":\"it-IT\",\"@id\":\"https:\/\/www.pressenza.com\/it\/#\/schema\/logo\/image\/\",\"url\":\"https:\/\/www.pressenza.com\/wp-content\/uploads\/2022\/10\/pressenza_logo_200x200.jpg\",\"contentUrl\":\"https:\/\/www.pressenza.com\/wp-content\/uploads\/2022\/10\/pressenza_logo_200x200.jpg\",\"width\":200,\"height\":200,\"caption\":\"Pressenza\"},\"image\":{\"@id\":\"https:\/\/www.pressenza.com\/it\/#\/schema\/logo\/image\/\"},\"sameAs\":[\"https:\/\/www.facebook.com\/PressenzaItalia\",\"https:\/\/x.com\/PressenzaIPA\"]},{\"@type\":\"Person\",\"@id\":\"https:\/\/www.pressenza.com\/it\/#\/schema\/person\/d983e81827ae24f2c7b1a2123d197f8d\",\"name\":\"Redazione Italia\",\"description\":\"News from the Pressenza Bureau in Italy\",\"sameAs\":[\"https:\/\/www.pressenza.com\/it\/author\/redazione-italia\/\",\"https:\/\/www.facebook.com\/PressenzaItalia\",\"https:\/\/www.instagram.com\/pressenza_italia\/\",\"https:\/\/x.com\/pressenza_it\",\"https:\/\/www.youtube.com\/channel\/UCSalEIWjE1RSxkwjfftFuqg\"],\"url\":\"https:\/\/www.pressenza.com\/it\/author\/redazione-italia\/\"}]}<\/script>\n<!-- \/ Yoast SEO plugin. -->","yoast_head_json":{"title":"Ravenna: Fare i conti con l\u2019ambiente 2014","description":"Al via il \u201cfestival formativo\u201d di Ravenna su rifiuti, acqua, energia, bonifiche e sostenibilit\u00e0. Fare i conti con l\u2019ambiente \u00e8 un singolare festival","robots":{"index":"index","follow":"follow","max-snippet":"max-snippet:-1","max-image-preview":"max-image-preview:large","max-video-preview":"max-video-preview:-1"},"canonical":"https:\/\/www.pressenza.com\/it\/2014\/03\/ravenna-i-conti-lambiente-2014\/","og_locale":"it_IT","og_type":"article","og_title":"Ravenna: Fare i conti con l\u2019ambiente 2014","og_description":"Al via il \u201cfestival formativo\u201d di Ravenna su rifiuti, acqua, energia, bonifiche e sostenibilit\u00e0. Fare i conti con l\u2019ambiente \u00e8 un singolare festival","og_url":"https:\/\/www.pressenza.com\/it\/2014\/03\/ravenna-i-conti-lambiente-2014\/","og_site_name":"Pressenza","article_publisher":"https:\/\/www.facebook.com\/PressenzaItalia","article_author":"https:\/\/www.facebook.com\/PressenzaItalia","article_published_time":"2014-03-28T21:06:04+00:00","og_image":[{"url":"http:\/\/www.labelab.it\/ravenna2014\/wp-content\/uploads\/sites\/2\/2014\/03\/copy-banner_home.png","type":"","width":"","height":""}],"author":"Redazione Italia","twitter_card":"summary_large_image","twitter_creator":"@pressenza_it","twitter_site":"@PressenzaIPA","twitter_misc":{"Scritto da":"Redazione Italia","Tempo di lettura stimato":"7 minuti"},"schema":{"@context":"https:\/\/schema.org","@graph":[{"@type":"Article","@id":"https:\/\/www.pressenza.com\/it\/2014\/03\/ravenna-i-conti-lambiente-2014\/#article","isPartOf":{"@id":"https:\/\/www.pressenza.com\/it\/2014\/03\/ravenna-i-conti-lambiente-2014\/"},"author":{"name":"Redazione Italia","@id":"https:\/\/www.pressenza.com\/it\/#\/schema\/person\/d983e81827ae24f2c7b1a2123d197f8d"},"headline":"Ravenna: Fare i conti con l\u2019ambiente 2014","datePublished":"2014-03-28T21:06:04+00:00","mainEntityOfPage":{"@id":"https:\/\/www.pressenza.com\/it\/2014\/03\/ravenna-i-conti-lambiente-2014\/"},"wordCount":1350,"publisher":{"@id":"https:\/\/www.pressenza.com\/it\/#organization"},"image":{"@id":"https:\/\/www.pressenza.com\/it\/2014\/03\/ravenna-i-conti-lambiente-2014\/#primaryimage"},"thumbnailUrl":"http:\/\/www.labelab.it\/ravenna2014\/wp-content\/uploads\/sites\/2\/2014\/03\/copy-banner_home.png","keywords":["ambiente","Ravenna","sostenibilit\u00e0"],"articleSection":["Comunicati Stampa","Cultura e Media","Ecologia ed Ambiente","Europa"],"inLanguage":"it-IT"},{"@type":"WebPage","@id":"https:\/\/www.pressenza.com\/it\/2014\/03\/ravenna-i-conti-lambiente-2014\/","url":"https:\/\/www.pressenza.com\/it\/2014\/03\/ravenna-i-conti-lambiente-2014\/","name":"Ravenna: Fare i conti con l\u2019ambiente 2014","isPartOf":{"@id":"https:\/\/www.pressenza.com\/it\/#website"},"primaryImageOfPage":{"@id":"https:\/\/www.pressenza.com\/it\/2014\/03\/ravenna-i-conti-lambiente-2014\/#primaryimage"},"image":{"@id":"https:\/\/www.pressenza.com\/it\/2014\/03\/ravenna-i-conti-lambiente-2014\/#primaryimage"},"thumbnailUrl":"http:\/\/www.labelab.it\/ravenna2014\/wp-content\/uploads\/sites\/2\/2014\/03\/copy-banner_home.png","datePublished":"2014-03-28T21:06:04+00:00","description":"Al via il \u201cfestival formativo\u201d di Ravenna su rifiuti, acqua, energia, bonifiche e sostenibilit\u00e0. Fare i conti con l\u2019ambiente \u00e8 un singolare festival","breadcrumb":{"@id":"https:\/\/www.pressenza.com\/it\/2014\/03\/ravenna-i-conti-lambiente-2014\/#breadcrumb"},"inLanguage":"it-IT","potentialAction":[{"@type":"ReadAction","target":["https:\/\/www.pressenza.com\/it\/2014\/03\/ravenna-i-conti-lambiente-2014\/"]}]},{"@type":"ImageObject","inLanguage":"it-IT","@id":"https:\/\/www.pressenza.com\/it\/2014\/03\/ravenna-i-conti-lambiente-2014\/#primaryimage","url":"http:\/\/www.labelab.it\/ravenna2014\/wp-content\/uploads\/sites\/2\/2014\/03\/copy-banner_home.png","contentUrl":"http:\/\/www.labelab.it\/ravenna2014\/wp-content\/uploads\/sites\/2\/2014\/03\/copy-banner_home.png"},{"@type":"BreadcrumbList","@id":"https:\/\/www.pressenza.com\/it\/2014\/03\/ravenna-i-conti-lambiente-2014\/#breadcrumb","itemListElement":[{"@type":"ListItem","position":1,"name":"Accueil","item":"https:\/\/www.pressenza.com\/it\/"},{"@type":"ListItem","position":2,"name":"Ravenna: Fare i conti con l\u2019ambiente 2014"}]},{"@type":"WebSite","@id":"https:\/\/www.pressenza.com\/it\/#website","url":"https:\/\/www.pressenza.com\/it\/","name":"Pressenza","description":"Agenzia di Stampa Internazionale","publisher":{"@id":"https:\/\/www.pressenza.com\/it\/#organization"},"potentialAction":[{"@type":"SearchAction","target":{"@type":"EntryPoint","urlTemplate":"https:\/\/www.pressenza.com\/it\/?s={search_term_string}"},"query-input":{"@type":"PropertyValueSpecification","valueRequired":true,"valueName":"search_term_string"}}],"inLanguage":"it-IT"},{"@type":"Organization","@id":"https:\/\/www.pressenza.com\/it\/#organization","name":"Pressenza","url":"https:\/\/www.pressenza.com\/it\/","logo":{"@type":"ImageObject","inLanguage":"it-IT","@id":"https:\/\/www.pressenza.com\/it\/#\/schema\/logo\/image\/","url":"https:\/\/www.pressenza.com\/wp-content\/uploads\/2022\/10\/pressenza_logo_200x200.jpg","contentUrl":"https:\/\/www.pressenza.com\/wp-content\/uploads\/2022\/10\/pressenza_logo_200x200.jpg","width":200,"height":200,"caption":"Pressenza"},"image":{"@id":"https:\/\/www.pressenza.com\/it\/#\/schema\/logo\/image\/"},"sameAs":["https:\/\/www.facebook.com\/PressenzaItalia","https:\/\/x.com\/PressenzaIPA"]},{"@type":"Person","@id":"https:\/\/www.pressenza.com\/it\/#\/schema\/person\/d983e81827ae24f2c7b1a2123d197f8d","name":"Redazione Italia","description":"News from the Pressenza Bureau in Italy","sameAs":["https:\/\/www.pressenza.com\/it\/author\/redazione-italia\/","https:\/\/www.facebook.com\/PressenzaItalia","https:\/\/www.instagram.com\/pressenza_italia\/","https:\/\/x.com\/pressenza_it","https:\/\/www.youtube.com\/channel\/UCSalEIWjE1RSxkwjfftFuqg"],"url":"https:\/\/www.pressenza.com\/it\/author\/redazione-italia\/"}]}},"place":"","original_article_url":"","_links":{"self":[{"href":"https:\/\/www.pressenza.com\/it\/wp-json\/wp\/v2\/posts\/97251","targetHints":{"allow":["GET"]}}],"collection":[{"href":"https:\/\/www.pressenza.com\/it\/wp-json\/wp\/v2\/posts"}],"about":[{"href":"https:\/\/www.pressenza.com\/it\/wp-json\/wp\/v2\/types\/post"}],"author":[{"embeddable":true,"href":"https:\/\/www.pressenza.com\/it\/wp-json\/wp\/v2\/users\/594"}],"replies":[{"embeddable":true,"href":"https:\/\/www.pressenza.com\/it\/wp-json\/wp\/v2\/comments?post=97251"}],"version-history":[{"count":0,"href":"https:\/\/www.pressenza.com\/it\/wp-json\/wp\/v2\/posts\/97251\/revisions"}],"wp:attachment":[{"href":"https:\/\/www.pressenza.com\/it\/wp-json\/wp\/v2\/media?parent=97251"}],"wp:term":[{"taxonomy":"category","embeddable":true,"href":"https:\/\/www.pressenza.com\/it\/wp-json\/wp\/v2\/categories?post=97251"},{"taxonomy":"post_tag","embeddable":true,"href":"https:\/\/www.pressenza.com\/it\/wp-json\/wp\/v2\/tags?post=97251"}],"curies":[{"name":"wp","href":"https:\/\/api.w.org\/{rel}","templated":true}]}}