{"id":970115,"date":"2019-11-12T16:49:30","date_gmt":"2019-11-12T16:49:30","guid":{"rendered":"https:\/\/www.pressenza.com\/?p=970115"},"modified":"2019-11-12T16:49:30","modified_gmt":"2019-11-12T16:49:30","slug":"migliaia-di-manifestanti-a-cordoba-in-argentina-in-appoggio-a-evo-morales","status":"publish","type":"post","link":"https:\/\/www.pressenza.com\/it\/2019\/11\/migliaia-di-manifestanti-a-cordoba-in-argentina-in-appoggio-a-evo-morales\/","title":{"rendered":"Migliaia di manifestanti a Cordoba, in Argentina, in appoggio a Evo Morales"},"content":{"rendered":"<p>Migliaia di persone di Cordoba si sono mobilitate nel pomeriggio di luned\u00ec 11 novembre contro il colpo di stato perpetrato il giorno prima in Bolivia contro il governo costituzionale di Evo Morales.<\/p>\n<p>Le whipala, emblema della cultura nativa andina e le bandiere dello Stato Plurinazionale sventolavano maestose insieme a quelle di un gran numero di gruppi sociali, politici, sindacali e studenteschi, presenti per trasmettere solidariet\u00e0 al presidente con il grido di &#8220;Evo, non sei solo&#8221;.<\/p>\n<p>La manifestazione \u00e8 stata indetta dalla sezione locale del sindacato dei muratori argentini (UOLRA) e ha visto la partecipazione di un nutrito contingente della comunit\u00e0 boliviana che vive in citt\u00e0.<\/p>\n<p>Tra le centinaia di realt\u00e0 presenti, si sono mobilitate delegazioni di UEPC, UOLRA, SURRBAC, CTEP, Marta Ju\u00e1rez, La C\u00e1mpora, Patria Grande, il Partito Umanista, il Partido Obrero, la Sinistra Socialista, PSOL, la Facolt\u00e0 di Scienze Sociali, di Filosofia e scienze umane, tra gli altri.<\/p>\n<p>La rabbia e il disagio nel constatare come l&#8217;enorme contributo del processo di cambiamento sia stato violato da elementi retrogradi in connivenza con settori della polizia e dell&#8217;esercito e con l&#8217;evidente istruzione e collaborazione di forze straniere si \u00e8 trasformato grazie all&#8217;abbraccio militante, che ha dato luogo alla certezza che la lotta popolare continuer\u00e0 in Bolivia.<\/p>\n<p>Allo stesso tempo, consapevoli del pericolo che un colpo di stato civico-militare-fondamentalista si ripeta in America Latina, la folla riunita ha espresso la ferma convinzione di opporsi a ogni folle tentativo da parte dei settori antipopolari in Argentina.<\/p>\n<p>Le fotografie sono di Pressenza.<\/p>\n<p>Traduzione dallo spagnolo di Silvia Nocera<\/p>\n<div class=\"post-gallery\">\n\t\t\t<figure class=\"post-gallery-item\">\n\t\t\t\t<img decoding=\"async\" src=\"https:\/\/www.pressenza.com\/wp-content\/uploads\/2019\/11\/manifestaci\u00f3n-repudio-golpe-Bolivia-en-Cba-027-720x960.jpg\" loading=\"lazy\">\n\t\t\t\t<figcaption>\n\t\t\t\t\t\n\t\t\t\t<\/figcaption>\n\t\t\t<\/figure>\n\t\t\t<figure class=\"post-gallery-item\">\n\t\t\t\t<img decoding=\"async\" src=\"https:\/\/www.pressenza.com\/wp-content\/uploads\/2019\/11\/manifestaci\u00f3n-repudio-golpe-Bolivia-en-Cba-041-720x540.jpg\" loading=\"lazy\">\n\t\t\t\t<figcaption>\n\t\t\t\t\t\n\t\t\t\t<\/figcaption>\n\t\t\t<\/figure>\n\t\t\t<figure class=\"post-gallery-item\">\n\t\t\t\t<img decoding=\"async\" src=\"https:\/\/www.pressenza.com\/wp-content\/uploads\/2019\/11\/manifestaci\u00f3n-repudio-golpe-Bolivia-en-Cba-048-720x540.jpg\" loading=\"lazy\">\n\t\t\t\t<figcaption>\n\t\t\t\t\t\n\t\t\t\t<\/figcaption>\n\t\t\t<\/figure>\n\t\t\t<figure class=\"post-gallery-item\">\n\t\t\t\t<img decoding=\"async\" src=\"https:\/\/www.pressenza.com\/wp-content\/uploads\/2019\/11\/manifestaci\u00f3n-repudio-golpe-Bolivia-en-Cba-045-720x540.jpg\" loading=\"lazy\">\n\t\t\t\t<figcaption>\n\t\t\t\t\t\n\t\t\t\t<\/figcaption>\n\t\t\t<\/figure>\n\t\t\t<figure class=\"post-gallery-item\">\n\t\t\t\t<img decoding=\"async\" src=\"https:\/\/www.pressenza.com\/wp-content\/uploads\/2019\/11\/manifestaci\u00f3n-repudio-golpe-Bolivia-en-Cba-049-720x540.jpg\" loading=\"lazy\">\n\t\t\t\t<figcaption>\n\t\t\t\t\t\n\t\t\t\t<\/figcaption>\n\t\t\t<\/figure>\n\t\t\t<figure class=\"post-gallery-item\">\n\t\t\t\t<img decoding=\"async\" src=\"https:\/\/www.pressenza.com\/wp-content\/uploads\/2019\/11\/manifestaci\u00f3n-repudio-golpe-Bolivia-en-Cba-032-720x960.jpg\" loading=\"lazy\">\n\t\t\t\t<figcaption>\n\t\t\t\t\t\n\t\t\t\t<\/figcaption>\n\t\t\t<\/figure>\n\t\t\t<figure class=\"post-gallery-item\">\n\t\t\t\t<img decoding=\"async\" src=\"https:\/\/www.pressenza.com\/wp-content\/uploads\/2019\/11\/manifestaci\u00f3n-repudio-golpe-Bolivia-en-Cba-018-720x960.jpg\" loading=\"lazy\">\n\t\t\t\t<figcaption>\n\t\t\t\t\t\n\t\t\t\t<\/figcaption>\n\t\t\t<\/figure>\n\t\t\t<figure class=\"post-gallery-item\">\n\t\t\t\t<img decoding=\"async\" src=\"https:\/\/www.pressenza.com\/wp-content\/uploads\/2019\/11\/manifestaci\u00f3n-repudio-golpe-Bolivia-en-Cba-031-720x960.jpg\" loading=\"lazy\">\n\t\t\t\t<figcaption>\n\t\t\t\t\t\n\t\t\t\t<\/figcaption>\n\t\t\t<\/figure>\n\t\t\t<figure class=\"post-gallery-item\">\n\t\t\t\t<img decoding=\"async\" src=\"https:\/\/www.pressenza.com\/wp-content\/uploads\/2019\/11\/manifestaci\u00f3n-repudio-golpe-Bolivia-en-Cba-055-720x540.jpg\" loading=\"lazy\">\n\t\t\t\t<figcaption>\n\t\t\t\t\t\n\t\t\t\t<\/figcaption>\n\t\t\t<\/figure>\n\t\t\t<figure class=\"post-gallery-item\">\n\t\t\t\t<img decoding=\"async\" src=\"https:\/\/www.pressenza.com\/wp-content\/uploads\/2019\/11\/manifestaci\u00f3n-repudio-golpe-Bolivia-en-Cba-052-720x960.jpg\" loading=\"lazy\">\n\t\t\t\t<figcaption>\n\t\t\t\t\t\n\t\t\t\t<\/figcaption>\n\t\t\t<\/figure>\n\t\t\t<figure class=\"post-gallery-item\">\n\t\t\t\t<img decoding=\"async\" src=\"https:\/\/www.pressenza.com\/wp-content\/uploads\/2019\/11\/manifestaci\u00f3n-repudio-golpe-Bolivia-en-Cba-021-720x960.jpg\" loading=\"lazy\">\n\t\t\t\t<figcaption>\n\t\t\t\t\t\n\t\t\t\t<\/figcaption>\n\t\t\t<\/figure>\n\t\t\t<figure class=\"post-gallery-item\">\n\t\t\t\t<img decoding=\"async\" src=\"https:\/\/www.pressenza.com\/wp-content\/uploads\/2019\/11\/manifestaci\u00f3n-repudio-golpe-Bolivia-en-Cba-053-720x540.jpg\" loading=\"lazy\">\n\t\t\t\t<figcaption>\n\t\t\t\t\t\n\t\t\t\t<\/figcaption>\n\t\t\t<\/figure><\/div>\n<p>&nbsp;<\/p>\n","protected":false},"excerpt":{"rendered":"<p>Migliaia di persone di Cordoba si sono mobilitate nel pomeriggio di luned\u00ec 11 novembre contro il colpo di stato perpetrato il giorno prima in Bolivia contro il governo costituzionale di Evo Morales. Le whipala, emblema della cultura nativa andina e&hellip;<\/p>\n","protected":false},"author":87,"featured_media":969747,"comment_status":"closed","ping_status":"closed","sticky":false,"template":"","format":"standard","meta":{"footnotes":""},"categories":[11388,60,5677,55,48],"tags":[1688,14148,172,5768],"class_list":["post-970115","post","type-post","status-publish","format-standard","has-post-thumbnail","hentry","category-contenuti-originali","category-diritti-umani","category-fotoreportages","category-politica","category-sud-america","tag-argentina-it","tag-bolivia-it-14","tag-colpo-di-stato","tag-evo-morales-it"],"yoast_head":"<!-- This site is optimized with the Yoast SEO plugin v27.1.1 - https:\/\/yoast.com\/product\/yoast-seo-wordpress\/ -->\n<title>Migliaia di manifestanti a Cordoba, in Argentina, in appoggio a Evo Morales<\/title>\n<meta name=\"description\" content=\"Migliaia di persone di Cordoba si sono mobilitate nel pomeriggio di luned\u00ec 11 novembre contro il colpo di stato perpetrato il giorno prima in Bolivia\" \/>\n<meta name=\"robots\" content=\"index, follow, max-snippet:-1, max-image-preview:large, max-video-preview:-1\" \/>\n<link rel=\"canonical\" href=\"https:\/\/www.pressenza.com\/it\/2019\/11\/migliaia-di-manifestanti-a-cordoba-in-argentina-in-appoggio-a-evo-morales\/\" \/>\n<meta property=\"og:locale\" content=\"it_IT\" \/>\n<meta property=\"og:type\" content=\"article\" \/>\n<meta property=\"og:title\" content=\"Migliaia di manifestanti a Cordoba, in Argentina, in appoggio a Evo Morales\" \/>\n<meta property=\"og:description\" content=\"Migliaia di persone di Cordoba si sono mobilitate nel pomeriggio di luned\u00ec 11 novembre contro il colpo di stato perpetrato il giorno prima in Bolivia\" \/>\n<meta property=\"og:url\" content=\"https:\/\/www.pressenza.com\/it\/2019\/11\/migliaia-di-manifestanti-a-cordoba-in-argentina-in-appoggio-a-evo-morales\/\" \/>\n<meta property=\"og:site_name\" content=\"Pressenza\" \/>\n<meta property=\"article:publisher\" content=\"https:\/\/www.facebook.com\/PressenzaItalia\" \/>\n<meta property=\"article:published_time\" content=\"2019-11-12T16:49:30+00:00\" \/>\n<meta property=\"og:image\" content=\"https:\/\/www.pressenza.com\/wp-content\/uploads\/2019\/11\/manifestaci\u00f3n-repudio-golpe-Bolivia-en-Cba-027-1.jpg\" \/>\n\t<meta property=\"og:image:width\" content=\"1536\" \/>\n\t<meta property=\"og:image:height\" content=\"2048\" \/>\n\t<meta property=\"og:image:type\" content=\"image\/jpeg\" \/>\n<meta name=\"author\" content=\"Redacci\u00f3n Argentina\" \/>\n<meta name=\"twitter:card\" content=\"summary_large_image\" \/>\n<meta name=\"twitter:creator\" content=\"@pressenza\" \/>\n<meta name=\"twitter:site\" content=\"@PressenzaIPA\" \/>\n<meta name=\"twitter:label1\" content=\"Scritto da\" \/>\n\t<meta name=\"twitter:data1\" content=\"Redacci\u00f3n Argentina\" \/>\n\t<meta name=\"twitter:label2\" content=\"Tempo di lettura stimato\" \/>\n\t<meta name=\"twitter:data2\" content=\"1 minuto\" \/>\n<script type=\"application\/ld+json\" class=\"yoast-schema-graph\">{\"@context\":\"https:\/\/schema.org\",\"@graph\":[{\"@type\":\"Article\",\"@id\":\"https:\/\/www.pressenza.com\/it\/2019\/11\/migliaia-di-manifestanti-a-cordoba-in-argentina-in-appoggio-a-evo-morales\/#article\",\"isPartOf\":{\"@id\":\"https:\/\/www.pressenza.com\/it\/2019\/11\/migliaia-di-manifestanti-a-cordoba-in-argentina-in-appoggio-a-evo-morales\/\"},\"author\":{\"name\":\"Redacci\u00f3n Argentina\",\"@id\":\"https:\/\/www.pressenza.com\/it\/#\/schema\/person\/0dda7d1b68267ad95b1e1d83abc98c89\"},\"headline\":\"Migliaia di manifestanti a Cordoba, in Argentina, in appoggio a Evo Morales\",\"datePublished\":\"2019-11-12T16:49:30+00:00\",\"mainEntityOfPage\":{\"@id\":\"https:\/\/www.pressenza.com\/it\/2019\/11\/migliaia-di-manifestanti-a-cordoba-in-argentina-in-appoggio-a-evo-morales\/\"},\"wordCount\":274,\"publisher\":{\"@id\":\"https:\/\/www.pressenza.com\/it\/#organization\"},\"image\":{\"@id\":\"https:\/\/www.pressenza.com\/it\/2019\/11\/migliaia-di-manifestanti-a-cordoba-in-argentina-in-appoggio-a-evo-morales\/#primaryimage\"},\"thumbnailUrl\":\"https:\/\/www.pressenza.com\/wp-content\/uploads\/2019\/11\/manifestaci\u00f3n-repudio-golpe-Bolivia-en-Cba-027-1.jpg\",\"keywords\":[\"Argentina\",\"Bolivia\",\"colpo di stato\",\"Evo Morales\"],\"articleSection\":[\"contenuti originali\",\"Diritti Umani\",\"Fotoreportages\",\"Politica\",\"Sud America\"],\"inLanguage\":\"it-IT\"},{\"@type\":\"WebPage\",\"@id\":\"https:\/\/www.pressenza.com\/it\/2019\/11\/migliaia-di-manifestanti-a-cordoba-in-argentina-in-appoggio-a-evo-morales\/\",\"url\":\"https:\/\/www.pressenza.com\/it\/2019\/11\/migliaia-di-manifestanti-a-cordoba-in-argentina-in-appoggio-a-evo-morales\/\",\"name\":\"Migliaia di manifestanti a Cordoba, in Argentina, in appoggio a Evo Morales\",\"isPartOf\":{\"@id\":\"https:\/\/www.pressenza.com\/it\/#website\"},\"primaryImageOfPage\":{\"@id\":\"https:\/\/www.pressenza.com\/it\/2019\/11\/migliaia-di-manifestanti-a-cordoba-in-argentina-in-appoggio-a-evo-morales\/#primaryimage\"},\"image\":{\"@id\":\"https:\/\/www.pressenza.com\/it\/2019\/11\/migliaia-di-manifestanti-a-cordoba-in-argentina-in-appoggio-a-evo-morales\/#primaryimage\"},\"thumbnailUrl\":\"https:\/\/www.pressenza.com\/wp-content\/uploads\/2019\/11\/manifestaci\u00f3n-repudio-golpe-Bolivia-en-Cba-027-1.jpg\",\"datePublished\":\"2019-11-12T16:49:30+00:00\",\"description\":\"Migliaia di persone di Cordoba si sono mobilitate nel pomeriggio di luned\u00ec 11 novembre contro il colpo di stato perpetrato il giorno prima in Bolivia\",\"breadcrumb\":{\"@id\":\"https:\/\/www.pressenza.com\/it\/2019\/11\/migliaia-di-manifestanti-a-cordoba-in-argentina-in-appoggio-a-evo-morales\/#breadcrumb\"},\"inLanguage\":\"it-IT\",\"potentialAction\":[{\"@type\":\"ReadAction\",\"target\":[\"https:\/\/www.pressenza.com\/it\/2019\/11\/migliaia-di-manifestanti-a-cordoba-in-argentina-in-appoggio-a-evo-morales\/\"]}]},{\"@type\":\"ImageObject\",\"inLanguage\":\"it-IT\",\"@id\":\"https:\/\/www.pressenza.com\/it\/2019\/11\/migliaia-di-manifestanti-a-cordoba-in-argentina-in-appoggio-a-evo-morales\/#primaryimage\",\"url\":\"https:\/\/www.pressenza.com\/wp-content\/uploads\/2019\/11\/manifestaci\u00f3n-repudio-golpe-Bolivia-en-Cba-027-1.jpg\",\"contentUrl\":\"https:\/\/www.pressenza.com\/wp-content\/uploads\/2019\/11\/manifestaci\u00f3n-repudio-golpe-Bolivia-en-Cba-027-1.jpg\",\"width\":1536,\"height\":2048},{\"@type\":\"BreadcrumbList\",\"@id\":\"https:\/\/www.pressenza.com\/it\/2019\/11\/migliaia-di-manifestanti-a-cordoba-in-argentina-in-appoggio-a-evo-morales\/#breadcrumb\",\"itemListElement\":[{\"@type\":\"ListItem\",\"position\":1,\"name\":\"Accueil\",\"item\":\"https:\/\/www.pressenza.com\/it\/\"},{\"@type\":\"ListItem\",\"position\":2,\"name\":\"Migliaia di manifestanti a Cordoba, in Argentina, in appoggio a Evo Morales\"}]},{\"@type\":\"WebSite\",\"@id\":\"https:\/\/www.pressenza.com\/it\/#website\",\"url\":\"https:\/\/www.pressenza.com\/it\/\",\"name\":\"Pressenza\",\"description\":\"Agenzia di Stampa Internazionale\",\"publisher\":{\"@id\":\"https:\/\/www.pressenza.com\/it\/#organization\"},\"potentialAction\":[{\"@type\":\"SearchAction\",\"target\":{\"@type\":\"EntryPoint\",\"urlTemplate\":\"https:\/\/www.pressenza.com\/it\/?s={search_term_string}\"},\"query-input\":{\"@type\":\"PropertyValueSpecification\",\"valueRequired\":true,\"valueName\":\"search_term_string\"}}],\"inLanguage\":\"it-IT\"},{\"@type\":\"Organization\",\"@id\":\"https:\/\/www.pressenza.com\/it\/#organization\",\"name\":\"Pressenza\",\"url\":\"https:\/\/www.pressenza.com\/it\/\",\"logo\":{\"@type\":\"ImageObject\",\"inLanguage\":\"it-IT\",\"@id\":\"https:\/\/www.pressenza.com\/it\/#\/schema\/logo\/image\/\",\"url\":\"https:\/\/www.pressenza.com\/wp-content\/uploads\/2022\/10\/pressenza_logo_200x200.jpg\",\"contentUrl\":\"https:\/\/www.pressenza.com\/wp-content\/uploads\/2022\/10\/pressenza_logo_200x200.jpg\",\"width\":200,\"height\":200,\"caption\":\"Pressenza\"},\"image\":{\"@id\":\"https:\/\/www.pressenza.com\/it\/#\/schema\/logo\/image\/\"},\"sameAs\":[\"https:\/\/www.facebook.com\/PressenzaItalia\",\"https:\/\/x.com\/PressenzaIPA\"]},{\"@type\":\"Person\",\"@id\":\"https:\/\/www.pressenza.com\/it\/#\/schema\/person\/0dda7d1b68267ad95b1e1d83abc98c89\",\"name\":\"Redacci\u00f3n Argentina\",\"description\":\"News from the Pressenza Bureau in Argentina.\",\"sameAs\":[\"https:\/\/x.com\/pressenza\"],\"url\":\"https:\/\/www.pressenza.com\/it\/author\/redaccion-argentina\/\"}]}<\/script>\n<!-- \/ Yoast SEO plugin. -->","yoast_head_json":{"title":"Migliaia di manifestanti a Cordoba, in Argentina, in appoggio a Evo Morales","description":"Migliaia di persone di Cordoba si sono mobilitate nel pomeriggio di luned\u00ec 11 novembre contro il colpo di stato perpetrato il giorno prima in Bolivia","robots":{"index":"index","follow":"follow","max-snippet":"max-snippet:-1","max-image-preview":"max-image-preview:large","max-video-preview":"max-video-preview:-1"},"canonical":"https:\/\/www.pressenza.com\/it\/2019\/11\/migliaia-di-manifestanti-a-cordoba-in-argentina-in-appoggio-a-evo-morales\/","og_locale":"it_IT","og_type":"article","og_title":"Migliaia di manifestanti a Cordoba, in Argentina, in appoggio a Evo Morales","og_description":"Migliaia di persone di Cordoba si sono mobilitate nel pomeriggio di luned\u00ec 11 novembre contro il colpo di stato perpetrato il giorno prima in Bolivia","og_url":"https:\/\/www.pressenza.com\/it\/2019\/11\/migliaia-di-manifestanti-a-cordoba-in-argentina-in-appoggio-a-evo-morales\/","og_site_name":"Pressenza","article_publisher":"https:\/\/www.facebook.com\/PressenzaItalia","article_published_time":"2019-11-12T16:49:30+00:00","og_image":[{"width":1536,"height":2048,"url":"https:\/\/www.pressenza.com\/wp-content\/uploads\/2019\/11\/manifestaci\u00f3n-repudio-golpe-Bolivia-en-Cba-027-1.jpg","type":"image\/jpeg"}],"author":"Redacci\u00f3n Argentina","twitter_card":"summary_large_image","twitter_creator":"@pressenza","twitter_site":"@PressenzaIPA","twitter_misc":{"Scritto da":"Redacci\u00f3n Argentina","Tempo di lettura stimato":"1 minuto"},"schema":{"@context":"https:\/\/schema.org","@graph":[{"@type":"Article","@id":"https:\/\/www.pressenza.com\/it\/2019\/11\/migliaia-di-manifestanti-a-cordoba-in-argentina-in-appoggio-a-evo-morales\/#article","isPartOf":{"@id":"https:\/\/www.pressenza.com\/it\/2019\/11\/migliaia-di-manifestanti-a-cordoba-in-argentina-in-appoggio-a-evo-morales\/"},"author":{"name":"Redacci\u00f3n Argentina","@id":"https:\/\/www.pressenza.com\/it\/#\/schema\/person\/0dda7d1b68267ad95b1e1d83abc98c89"},"headline":"Migliaia di manifestanti a Cordoba, in Argentina, in appoggio a Evo Morales","datePublished":"2019-11-12T16:49:30+00:00","mainEntityOfPage":{"@id":"https:\/\/www.pressenza.com\/it\/2019\/11\/migliaia-di-manifestanti-a-cordoba-in-argentina-in-appoggio-a-evo-morales\/"},"wordCount":274,"publisher":{"@id":"https:\/\/www.pressenza.com\/it\/#organization"},"image":{"@id":"https:\/\/www.pressenza.com\/it\/2019\/11\/migliaia-di-manifestanti-a-cordoba-in-argentina-in-appoggio-a-evo-morales\/#primaryimage"},"thumbnailUrl":"https:\/\/www.pressenza.com\/wp-content\/uploads\/2019\/11\/manifestaci\u00f3n-repudio-golpe-Bolivia-en-Cba-027-1.jpg","keywords":["Argentina","Bolivia","colpo di stato","Evo Morales"],"articleSection":["contenuti originali","Diritti Umani","Fotoreportages","Politica","Sud America"],"inLanguage":"it-IT"},{"@type":"WebPage","@id":"https:\/\/www.pressenza.com\/it\/2019\/11\/migliaia-di-manifestanti-a-cordoba-in-argentina-in-appoggio-a-evo-morales\/","url":"https:\/\/www.pressenza.com\/it\/2019\/11\/migliaia-di-manifestanti-a-cordoba-in-argentina-in-appoggio-a-evo-morales\/","name":"Migliaia di manifestanti a Cordoba, in Argentina, in appoggio a Evo Morales","isPartOf":{"@id":"https:\/\/www.pressenza.com\/it\/#website"},"primaryImageOfPage":{"@id":"https:\/\/www.pressenza.com\/it\/2019\/11\/migliaia-di-manifestanti-a-cordoba-in-argentina-in-appoggio-a-evo-morales\/#primaryimage"},"image":{"@id":"https:\/\/www.pressenza.com\/it\/2019\/11\/migliaia-di-manifestanti-a-cordoba-in-argentina-in-appoggio-a-evo-morales\/#primaryimage"},"thumbnailUrl":"https:\/\/www.pressenza.com\/wp-content\/uploads\/2019\/11\/manifestaci\u00f3n-repudio-golpe-Bolivia-en-Cba-027-1.jpg","datePublished":"2019-11-12T16:49:30+00:00","description":"Migliaia di persone di Cordoba si sono mobilitate nel pomeriggio di luned\u00ec 11 novembre contro il colpo di stato perpetrato il giorno prima in Bolivia","breadcrumb":{"@id":"https:\/\/www.pressenza.com\/it\/2019\/11\/migliaia-di-manifestanti-a-cordoba-in-argentina-in-appoggio-a-evo-morales\/#breadcrumb"},"inLanguage":"it-IT","potentialAction":[{"@type":"ReadAction","target":["https:\/\/www.pressenza.com\/it\/2019\/11\/migliaia-di-manifestanti-a-cordoba-in-argentina-in-appoggio-a-evo-morales\/"]}]},{"@type":"ImageObject","inLanguage":"it-IT","@id":"https:\/\/www.pressenza.com\/it\/2019\/11\/migliaia-di-manifestanti-a-cordoba-in-argentina-in-appoggio-a-evo-morales\/#primaryimage","url":"https:\/\/www.pressenza.com\/wp-content\/uploads\/2019\/11\/manifestaci\u00f3n-repudio-golpe-Bolivia-en-Cba-027-1.jpg","contentUrl":"https:\/\/www.pressenza.com\/wp-content\/uploads\/2019\/11\/manifestaci\u00f3n-repudio-golpe-Bolivia-en-Cba-027-1.jpg","width":1536,"height":2048},{"@type":"BreadcrumbList","@id":"https:\/\/www.pressenza.com\/it\/2019\/11\/migliaia-di-manifestanti-a-cordoba-in-argentina-in-appoggio-a-evo-morales\/#breadcrumb","itemListElement":[{"@type":"ListItem","position":1,"name":"Accueil","item":"https:\/\/www.pressenza.com\/it\/"},{"@type":"ListItem","position":2,"name":"Migliaia di manifestanti a Cordoba, in Argentina, in appoggio a Evo Morales"}]},{"@type":"WebSite","@id":"https:\/\/www.pressenza.com\/it\/#website","url":"https:\/\/www.pressenza.com\/it\/","name":"Pressenza","description":"Agenzia di Stampa Internazionale","publisher":{"@id":"https:\/\/www.pressenza.com\/it\/#organization"},"potentialAction":[{"@type":"SearchAction","target":{"@type":"EntryPoint","urlTemplate":"https:\/\/www.pressenza.com\/it\/?s={search_term_string}"},"query-input":{"@type":"PropertyValueSpecification","valueRequired":true,"valueName":"search_term_string"}}],"inLanguage":"it-IT"},{"@type":"Organization","@id":"https:\/\/www.pressenza.com\/it\/#organization","name":"Pressenza","url":"https:\/\/www.pressenza.com\/it\/","logo":{"@type":"ImageObject","inLanguage":"it-IT","@id":"https:\/\/www.pressenza.com\/it\/#\/schema\/logo\/image\/","url":"https:\/\/www.pressenza.com\/wp-content\/uploads\/2022\/10\/pressenza_logo_200x200.jpg","contentUrl":"https:\/\/www.pressenza.com\/wp-content\/uploads\/2022\/10\/pressenza_logo_200x200.jpg","width":200,"height":200,"caption":"Pressenza"},"image":{"@id":"https:\/\/www.pressenza.com\/it\/#\/schema\/logo\/image\/"},"sameAs":["https:\/\/www.facebook.com\/PressenzaItalia","https:\/\/x.com\/PressenzaIPA"]},{"@type":"Person","@id":"https:\/\/www.pressenza.com\/it\/#\/schema\/person\/0dda7d1b68267ad95b1e1d83abc98c89","name":"Redacci\u00f3n Argentina","description":"News from the Pressenza Bureau in Argentina.","sameAs":["https:\/\/x.com\/pressenza"],"url":"https:\/\/www.pressenza.com\/it\/author\/redaccion-argentina\/"}]}},"place":"","original_article_url":"","_links":{"self":[{"href":"https:\/\/www.pressenza.com\/it\/wp-json\/wp\/v2\/posts\/970115","targetHints":{"allow":["GET"]}}],"collection":[{"href":"https:\/\/www.pressenza.com\/it\/wp-json\/wp\/v2\/posts"}],"about":[{"href":"https:\/\/www.pressenza.com\/it\/wp-json\/wp\/v2\/types\/post"}],"author":[{"embeddable":true,"href":"https:\/\/www.pressenza.com\/it\/wp-json\/wp\/v2\/users\/87"}],"replies":[{"embeddable":true,"href":"https:\/\/www.pressenza.com\/it\/wp-json\/wp\/v2\/comments?post=970115"}],"version-history":[{"count":0,"href":"https:\/\/www.pressenza.com\/it\/wp-json\/wp\/v2\/posts\/970115\/revisions"}],"wp:featuredmedia":[{"embeddable":true,"href":"https:\/\/www.pressenza.com\/it\/wp-json\/wp\/v2\/media\/969747"}],"wp:attachment":[{"href":"https:\/\/www.pressenza.com\/it\/wp-json\/wp\/v2\/media?parent=970115"}],"wp:term":[{"taxonomy":"category","embeddable":true,"href":"https:\/\/www.pressenza.com\/it\/wp-json\/wp\/v2\/categories?post=970115"},{"taxonomy":"post_tag","embeddable":true,"href":"https:\/\/www.pressenza.com\/it\/wp-json\/wp\/v2\/tags?post=970115"}],"curies":[{"name":"wp","href":"https:\/\/api.w.org\/{rel}","templated":true}]}}