{"id":969040,"date":"2019-11-11T12:26:54","date_gmt":"2019-11-11T12:26:54","guid":{"rendered":"https:\/\/www.pressenza.com\/?p=969040"},"modified":"2019-11-11T12:28:11","modified_gmt":"2019-11-11T12:28:11","slug":"elezioni-spagnole-andremo-tutti-alla-malora","status":"publish","type":"post","link":"https:\/\/www.pressenza.com\/it\/2019\/11\/elezioni-spagnole-andremo-tutti-alla-malora\/","title":{"rendered":"Elezioni spagnole: &#8220;andremo tutti alla malora&#8221;"},"content":{"rendered":"<p><strong>L&#8217;amaro sapore della sconfitta del progresso possibile.<\/strong><\/p>\n<p>Il partito socialista spagnolo ha vinto di nuovo le elezioni, ma ha perso seggi, i suoi fedeli non l&#8217;hanno sostenuto. <em>Podemos<\/em>, l&#8217;alternativa di sinistra per il governo con il PSOE, perde ancora pi\u00f9 seggi.<\/p>\n<p>Il sogno di favorire stanziamenti che sarebbero stati i migliori della democrazia spagnola per la maggioranza della popolazione, e il trionfo di una sinistra che avrebbe sconfitto un logoro Partito Popolare \u00e8 stato infranto nelle elezioni di aprile, dato che le forze vincenti della sinistra (PSOE e PODEMOS) non hanno raggiunto un accordo, paralizzando il paese per sei mesi e portandolo a nuove elezioni che hanno peggiorato i risultati della sinistra e favorito l&#8217;ascesa della destra rappresentata dal Partito Popolare, che tuttavia \u00e8 stato sfavorito soprattutto dall&#8217;ascesa dell&#8217;estrema destra, rappresentata da VOX.<\/p>\n<p>Le cosiddette (dubbie) forze centrali, rappresentate da <em>Ciudadanos<\/em>, sono state quelle che pi\u00f9 hanno perso da questa nuova opportunit\u00e0.<\/p>\n<p>La frammentazione dei partiti si \u00e8 accentuata e i voti sono stati ridistribuiti in modo pi\u00f9 territoriale, con l&#8217;apparizione di nuovi partiti che rappresentano aree geografiche pi\u00f9 che ideologie.<\/p>\n<p>La possibilit\u00e0 di governare si complica enormemente ed \u00e8 ancora pi\u00f9 difficile rispetto alle precedenti elezioni. La stanchezza per le lotte tra partiti e leadership ha prodotto un effetto di rimbalzo sulla cittadinanza. 52 deputati di estrema destra aggiungono troppi voti per parlare di futuri diritti per la popolazione.<\/p>\n<p>L&#8217;indipendentismo catalano ha vinto una buona parte della torta elettorale, il massimo storico in un&#8217;elezione generale, anche se non sar\u00e0 rappresentato dall&#8217;aumento dei seggi, bens\u00ec dai voti. Nonostante la maggioranza indipendentista sia stata vinta dall&#8217;indipendentismo di sinistra, il patto con il PSOE sar\u00e0 una lotta impossibile o quanto meno difficile tra prigionia e libert\u00e0, tra indipendentismo e nazionalismo.<\/p>\n<p>Domani bisognerebbe cominciare a parlare di patti, patti che, con il gusto di una sconfitta progressista, fanno ripiombare nella miseria i diritti popolari per i quali molti di noi lottano.<\/p>\n<p>E, come dice Colau, &#8220;andremo tutti alla malora&#8221;.<\/p>\n<blockquote class=\"twitter-tweet\" data-width=\"500\" data-dnt=\"true\">\n<p lang=\"es\" dir=\"ltr\">Ninguna persona dem\u00f3crata y progresista puede estar contenta hoy. La extrema derecha avanza por la incapacidad de la izquierda. Pedro, tus elecciones han fracasado. Y en general, o las izquierdas hacen un frente amplio, o nos vamos todas a la mierda <a href=\"https:\/\/twitter.com\/hashtag\/eleccionesgenerales10N?src=hash&amp;ref_src=twsrc%5Etfw\">#eleccionesgenerales10N<\/a><\/p>\n<p>&mdash; Ada Colau \ud83d\udc9c\ud83c\udf08\ud83d\udd3b (@AdaColau) <a href=\"https:\/\/twitter.com\/AdaColau\/status\/1193672617749876736?ref_src=twsrc%5Etfw\">November 10, 2019<\/a><\/p><\/blockquote>\n<p><script async src=\"https:\/\/platform.twitter.com\/widgets.js\" charset=\"utf-8\"><\/script><\/p>\n<h5><em>Nessuna persona democratica e progressista pu\u00f2 essere contenta oggi. L&#8217;estrema destra avanza grazie all&#8217;incapacit\u00e0 della sinistra. Pedro, le tue elezioni hanno fallito. E in generale, o le sinistre si mettono insieme in un fronte ampio, o ce ne andiamo tutti alla malora (ndt).<\/em><\/h5>\n<p>&nbsp;<\/p>\n<p><em>Traduzione dallo spagnolo di Matilde Mirabella<\/em><\/p>\n","protected":false},"excerpt":{"rendered":"<p>L&#8217;amaro sapore della sconfitta del progresso possibile. Il partito socialista spagnolo ha vinto di nuovo le elezioni, ma ha perso seggi, i suoi fedeli non l&#8217;hanno sostenuto. Podemos, l&#8217;alternativa di sinistra per il governo con il PSOE, perde ancora pi\u00f9&hellip;<\/p>\n","protected":false},"author":647,"featured_media":968839,"comment_status":"closed","ping_status":"closed","sticky":false,"template":"","format":"standard","meta":{"footnotes":""},"categories":[11388,47,55],"tags":[616,1602],"class_list":["post-969040","post","type-post","status-publish","format-standard","has-post-thumbnail","hentry","category-contenuti-originali","category-europa","category-politica","tag-elezioni","tag-spagna"],"yoast_head":"<!-- This site is optimized with the Yoast SEO plugin v27.1.1 - https:\/\/yoast.com\/product\/yoast-seo-wordpress\/ -->\n<title>Elezioni spagnole: &quot;andremo tutti alla malora&quot;<\/title>\n<meta name=\"description\" content=\"La possibilit\u00e0 di governare si complica enormemente ed \u00e8 ancora pi\u00f9 difficile rispetto alle precedenti elezioni. La stanchezza per le lotte tra partiti e leadership ha prodotto un effetto di rimbalzo sulla cittadinanza. 52 deputati di estrema destra aggiungono troppi voti per parlare di futuri diritti per la popolazione\" \/>\n<meta name=\"robots\" content=\"index, follow, max-snippet:-1, max-image-preview:large, max-video-preview:-1\" \/>\n<link rel=\"canonical\" href=\"https:\/\/www.pressenza.com\/it\/2019\/11\/elezioni-spagnole-andremo-tutti-alla-malora\/\" \/>\n<meta property=\"og:locale\" content=\"it_IT\" \/>\n<meta property=\"og:type\" content=\"article\" \/>\n<meta property=\"og:title\" content=\"Elezioni spagnole: &quot;andremo tutti alla malora&quot;\" \/>\n<meta property=\"og:description\" content=\"La possibilit\u00e0 di governare si complica enormemente ed \u00e8 ancora pi\u00f9 difficile rispetto alle precedenti elezioni. La stanchezza per le lotte tra partiti e leadership ha prodotto un effetto di rimbalzo sulla cittadinanza. 52 deputati di estrema destra aggiungono troppi voti per parlare di futuri diritti per la popolazione\" \/>\n<meta property=\"og:url\" content=\"https:\/\/www.pressenza.com\/it\/2019\/11\/elezioni-spagnole-andremo-tutti-alla-malora\/\" \/>\n<meta property=\"og:site_name\" content=\"Pressenza\" \/>\n<meta property=\"article:publisher\" content=\"https:\/\/www.facebook.com\/PressenzaItalia\" \/>\n<meta property=\"article:published_time\" content=\"2019-11-11T12:26:54+00:00\" \/>\n<meta property=\"article:modified_time\" content=\"2019-11-11T12:28:11+00:00\" \/>\n<meta property=\"og:image\" content=\"https:\/\/www.pressenza.com\/wp-content\/uploads\/2019\/11\/candidatos-elecciones-2019.jpg\" \/>\n\t<meta property=\"og:image:width\" content=\"2048\" \/>\n\t<meta property=\"og:image:height\" content=\"767\" \/>\n\t<meta property=\"og:image:type\" content=\"image\/jpeg\" \/>\n<meta name=\"author\" content=\"Raquel Paricio\" \/>\n<meta name=\"twitter:card\" content=\"summary_large_image\" \/>\n<meta name=\"twitter:creator\" content=\"@PressenzaIPA\" \/>\n<meta name=\"twitter:site\" content=\"@PressenzaIPA\" \/>\n<meta name=\"twitter:label1\" content=\"Scritto da\" \/>\n\t<meta name=\"twitter:data1\" content=\"Raquel Paricio\" \/>\n\t<meta name=\"twitter:label2\" content=\"Tempo di lettura stimato\" \/>\n\t<meta name=\"twitter:data2\" content=\"2 minuti\" \/>\n<script type=\"application\/ld+json\" class=\"yoast-schema-graph\">{\"@context\":\"https:\/\/schema.org\",\"@graph\":[{\"@type\":\"Article\",\"@id\":\"https:\/\/www.pressenza.com\/it\/2019\/11\/elezioni-spagnole-andremo-tutti-alla-malora\/#article\",\"isPartOf\":{\"@id\":\"https:\/\/www.pressenza.com\/it\/2019\/11\/elezioni-spagnole-andremo-tutti-alla-malora\/\"},\"author\":{\"name\":\"Raquel Paricio\",\"@id\":\"https:\/\/www.pressenza.com\/it\/#\/schema\/person\/7104466338f7b188aedd367b5e15c977\"},\"headline\":\"Elezioni spagnole: &#8220;andremo tutti alla malora&#8221;\",\"datePublished\":\"2019-11-11T12:26:54+00:00\",\"dateModified\":\"2019-11-11T12:28:11+00:00\",\"mainEntityOfPage\":{\"@id\":\"https:\/\/www.pressenza.com\/it\/2019\/11\/elezioni-spagnole-andremo-tutti-alla-malora\/\"},\"wordCount\":398,\"publisher\":{\"@id\":\"https:\/\/www.pressenza.com\/it\/#organization\"},\"image\":{\"@id\":\"https:\/\/www.pressenza.com\/it\/2019\/11\/elezioni-spagnole-andremo-tutti-alla-malora\/#primaryimage\"},\"thumbnailUrl\":\"https:\/\/www.pressenza.com\/wp-content\/uploads\/2019\/11\/candidatos-elecciones-2019.jpg\",\"keywords\":[\"elezioni\",\"Spagna\"],\"articleSection\":[\"contenuti originali\",\"Europa\",\"Politica\"],\"inLanguage\":\"it-IT\"},{\"@type\":\"WebPage\",\"@id\":\"https:\/\/www.pressenza.com\/it\/2019\/11\/elezioni-spagnole-andremo-tutti-alla-malora\/\",\"url\":\"https:\/\/www.pressenza.com\/it\/2019\/11\/elezioni-spagnole-andremo-tutti-alla-malora\/\",\"name\":\"Elezioni spagnole: \\\"andremo tutti alla malora\\\"\",\"isPartOf\":{\"@id\":\"https:\/\/www.pressenza.com\/it\/#website\"},\"primaryImageOfPage\":{\"@id\":\"https:\/\/www.pressenza.com\/it\/2019\/11\/elezioni-spagnole-andremo-tutti-alla-malora\/#primaryimage\"},\"image\":{\"@id\":\"https:\/\/www.pressenza.com\/it\/2019\/11\/elezioni-spagnole-andremo-tutti-alla-malora\/#primaryimage\"},\"thumbnailUrl\":\"https:\/\/www.pressenza.com\/wp-content\/uploads\/2019\/11\/candidatos-elecciones-2019.jpg\",\"datePublished\":\"2019-11-11T12:26:54+00:00\",\"dateModified\":\"2019-11-11T12:28:11+00:00\",\"description\":\"La possibilit\u00e0 di governare si complica enormemente ed \u00e8 ancora pi\u00f9 difficile rispetto alle precedenti elezioni. La stanchezza per le lotte tra partiti e leadership ha prodotto un effetto di rimbalzo sulla cittadinanza. 52 deputati di estrema destra aggiungono troppi voti per parlare di futuri diritti per la popolazione\",\"breadcrumb\":{\"@id\":\"https:\/\/www.pressenza.com\/it\/2019\/11\/elezioni-spagnole-andremo-tutti-alla-malora\/#breadcrumb\"},\"inLanguage\":\"it-IT\",\"potentialAction\":[{\"@type\":\"ReadAction\",\"target\":[\"https:\/\/www.pressenza.com\/it\/2019\/11\/elezioni-spagnole-andremo-tutti-alla-malora\/\"]}]},{\"@type\":\"ImageObject\",\"inLanguage\":\"it-IT\",\"@id\":\"https:\/\/www.pressenza.com\/it\/2019\/11\/elezioni-spagnole-andremo-tutti-alla-malora\/#primaryimage\",\"url\":\"https:\/\/www.pressenza.com\/wp-content\/uploads\/2019\/11\/candidatos-elecciones-2019.jpg\",\"contentUrl\":\"https:\/\/www.pressenza.com\/wp-content\/uploads\/2019\/11\/candidatos-elecciones-2019.jpg\",\"width\":2048,\"height\":767},{\"@type\":\"BreadcrumbList\",\"@id\":\"https:\/\/www.pressenza.com\/it\/2019\/11\/elezioni-spagnole-andremo-tutti-alla-malora\/#breadcrumb\",\"itemListElement\":[{\"@type\":\"ListItem\",\"position\":1,\"name\":\"Accueil\",\"item\":\"https:\/\/www.pressenza.com\/it\/\"},{\"@type\":\"ListItem\",\"position\":2,\"name\":\"Elezioni spagnole: &#8220;andremo tutti alla malora&#8221;\"}]},{\"@type\":\"WebSite\",\"@id\":\"https:\/\/www.pressenza.com\/it\/#website\",\"url\":\"https:\/\/www.pressenza.com\/it\/\",\"name\":\"Pressenza\",\"description\":\"Agenzia di Stampa Internazionale\",\"publisher\":{\"@id\":\"https:\/\/www.pressenza.com\/it\/#organization\"},\"potentialAction\":[{\"@type\":\"SearchAction\",\"target\":{\"@type\":\"EntryPoint\",\"urlTemplate\":\"https:\/\/www.pressenza.com\/it\/?s={search_term_string}\"},\"query-input\":{\"@type\":\"PropertyValueSpecification\",\"valueRequired\":true,\"valueName\":\"search_term_string\"}}],\"inLanguage\":\"it-IT\"},{\"@type\":\"Organization\",\"@id\":\"https:\/\/www.pressenza.com\/it\/#organization\",\"name\":\"Pressenza\",\"url\":\"https:\/\/www.pressenza.com\/it\/\",\"logo\":{\"@type\":\"ImageObject\",\"inLanguage\":\"it-IT\",\"@id\":\"https:\/\/www.pressenza.com\/it\/#\/schema\/logo\/image\/\",\"url\":\"https:\/\/www.pressenza.com\/wp-content\/uploads\/2022\/10\/pressenza_logo_200x200.jpg\",\"contentUrl\":\"https:\/\/www.pressenza.com\/wp-content\/uploads\/2022\/10\/pressenza_logo_200x200.jpg\",\"width\":200,\"height\":200,\"caption\":\"Pressenza\"},\"image\":{\"@id\":\"https:\/\/www.pressenza.com\/it\/#\/schema\/logo\/image\/\"},\"sameAs\":[\"https:\/\/www.facebook.com\/PressenzaItalia\",\"https:\/\/x.com\/PressenzaIPA\"]},{\"@type\":\"Person\",\"@id\":\"https:\/\/www.pressenza.com\/it\/#\/schema\/person\/7104466338f7b188aedd367b5e15c977\",\"name\":\"Raquel Paricio\",\"description\":\"Docente. Artista. Humanista. Doctora en Arte y Tecnolog\u00eda. Investiga en las diferentes escuelas de meditaci\u00f3n de diferentes culturas.\",\"url\":\"https:\/\/www.pressenza.com\/it\/author\/raquel-paricio\/\"}]}<\/script>\n<!-- \/ Yoast SEO plugin. -->","yoast_head_json":{"title":"Elezioni spagnole: \"andremo tutti alla malora\"","description":"La possibilit\u00e0 di governare si complica enormemente ed \u00e8 ancora pi\u00f9 difficile rispetto alle precedenti elezioni. La stanchezza per le lotte tra partiti e leadership ha prodotto un effetto di rimbalzo sulla cittadinanza. 52 deputati di estrema destra aggiungono troppi voti per parlare di futuri diritti per la popolazione","robots":{"index":"index","follow":"follow","max-snippet":"max-snippet:-1","max-image-preview":"max-image-preview:large","max-video-preview":"max-video-preview:-1"},"canonical":"https:\/\/www.pressenza.com\/it\/2019\/11\/elezioni-spagnole-andremo-tutti-alla-malora\/","og_locale":"it_IT","og_type":"article","og_title":"Elezioni spagnole: \"andremo tutti alla malora\"","og_description":"La possibilit\u00e0 di governare si complica enormemente ed \u00e8 ancora pi\u00f9 difficile rispetto alle precedenti elezioni. La stanchezza per le lotte tra partiti e leadership ha prodotto un effetto di rimbalzo sulla cittadinanza. 52 deputati di estrema destra aggiungono troppi voti per parlare di futuri diritti per la popolazione","og_url":"https:\/\/www.pressenza.com\/it\/2019\/11\/elezioni-spagnole-andremo-tutti-alla-malora\/","og_site_name":"Pressenza","article_publisher":"https:\/\/www.facebook.com\/PressenzaItalia","article_published_time":"2019-11-11T12:26:54+00:00","article_modified_time":"2019-11-11T12:28:11+00:00","og_image":[{"width":2048,"height":767,"url":"https:\/\/www.pressenza.com\/wp-content\/uploads\/2019\/11\/candidatos-elecciones-2019.jpg","type":"image\/jpeg"}],"author":"Raquel Paricio","twitter_card":"summary_large_image","twitter_creator":"@PressenzaIPA","twitter_site":"@PressenzaIPA","twitter_misc":{"Scritto da":"Raquel Paricio","Tempo di lettura stimato":"2 minuti"},"schema":{"@context":"https:\/\/schema.org","@graph":[{"@type":"Article","@id":"https:\/\/www.pressenza.com\/it\/2019\/11\/elezioni-spagnole-andremo-tutti-alla-malora\/#article","isPartOf":{"@id":"https:\/\/www.pressenza.com\/it\/2019\/11\/elezioni-spagnole-andremo-tutti-alla-malora\/"},"author":{"name":"Raquel Paricio","@id":"https:\/\/www.pressenza.com\/it\/#\/schema\/person\/7104466338f7b188aedd367b5e15c977"},"headline":"Elezioni spagnole: &#8220;andremo tutti alla malora&#8221;","datePublished":"2019-11-11T12:26:54+00:00","dateModified":"2019-11-11T12:28:11+00:00","mainEntityOfPage":{"@id":"https:\/\/www.pressenza.com\/it\/2019\/11\/elezioni-spagnole-andremo-tutti-alla-malora\/"},"wordCount":398,"publisher":{"@id":"https:\/\/www.pressenza.com\/it\/#organization"},"image":{"@id":"https:\/\/www.pressenza.com\/it\/2019\/11\/elezioni-spagnole-andremo-tutti-alla-malora\/#primaryimage"},"thumbnailUrl":"https:\/\/www.pressenza.com\/wp-content\/uploads\/2019\/11\/candidatos-elecciones-2019.jpg","keywords":["elezioni","Spagna"],"articleSection":["contenuti originali","Europa","Politica"],"inLanguage":"it-IT"},{"@type":"WebPage","@id":"https:\/\/www.pressenza.com\/it\/2019\/11\/elezioni-spagnole-andremo-tutti-alla-malora\/","url":"https:\/\/www.pressenza.com\/it\/2019\/11\/elezioni-spagnole-andremo-tutti-alla-malora\/","name":"Elezioni spagnole: \"andremo tutti alla malora\"","isPartOf":{"@id":"https:\/\/www.pressenza.com\/it\/#website"},"primaryImageOfPage":{"@id":"https:\/\/www.pressenza.com\/it\/2019\/11\/elezioni-spagnole-andremo-tutti-alla-malora\/#primaryimage"},"image":{"@id":"https:\/\/www.pressenza.com\/it\/2019\/11\/elezioni-spagnole-andremo-tutti-alla-malora\/#primaryimage"},"thumbnailUrl":"https:\/\/www.pressenza.com\/wp-content\/uploads\/2019\/11\/candidatos-elecciones-2019.jpg","datePublished":"2019-11-11T12:26:54+00:00","dateModified":"2019-11-11T12:28:11+00:00","description":"La possibilit\u00e0 di governare si complica enormemente ed \u00e8 ancora pi\u00f9 difficile rispetto alle precedenti elezioni. La stanchezza per le lotte tra partiti e leadership ha prodotto un effetto di rimbalzo sulla cittadinanza. 52 deputati di estrema destra aggiungono troppi voti per parlare di futuri diritti per la popolazione","breadcrumb":{"@id":"https:\/\/www.pressenza.com\/it\/2019\/11\/elezioni-spagnole-andremo-tutti-alla-malora\/#breadcrumb"},"inLanguage":"it-IT","potentialAction":[{"@type":"ReadAction","target":["https:\/\/www.pressenza.com\/it\/2019\/11\/elezioni-spagnole-andremo-tutti-alla-malora\/"]}]},{"@type":"ImageObject","inLanguage":"it-IT","@id":"https:\/\/www.pressenza.com\/it\/2019\/11\/elezioni-spagnole-andremo-tutti-alla-malora\/#primaryimage","url":"https:\/\/www.pressenza.com\/wp-content\/uploads\/2019\/11\/candidatos-elecciones-2019.jpg","contentUrl":"https:\/\/www.pressenza.com\/wp-content\/uploads\/2019\/11\/candidatos-elecciones-2019.jpg","width":2048,"height":767},{"@type":"BreadcrumbList","@id":"https:\/\/www.pressenza.com\/it\/2019\/11\/elezioni-spagnole-andremo-tutti-alla-malora\/#breadcrumb","itemListElement":[{"@type":"ListItem","position":1,"name":"Accueil","item":"https:\/\/www.pressenza.com\/it\/"},{"@type":"ListItem","position":2,"name":"Elezioni spagnole: &#8220;andremo tutti alla malora&#8221;"}]},{"@type":"WebSite","@id":"https:\/\/www.pressenza.com\/it\/#website","url":"https:\/\/www.pressenza.com\/it\/","name":"Pressenza","description":"Agenzia di Stampa Internazionale","publisher":{"@id":"https:\/\/www.pressenza.com\/it\/#organization"},"potentialAction":[{"@type":"SearchAction","target":{"@type":"EntryPoint","urlTemplate":"https:\/\/www.pressenza.com\/it\/?s={search_term_string}"},"query-input":{"@type":"PropertyValueSpecification","valueRequired":true,"valueName":"search_term_string"}}],"inLanguage":"it-IT"},{"@type":"Organization","@id":"https:\/\/www.pressenza.com\/it\/#organization","name":"Pressenza","url":"https:\/\/www.pressenza.com\/it\/","logo":{"@type":"ImageObject","inLanguage":"it-IT","@id":"https:\/\/www.pressenza.com\/it\/#\/schema\/logo\/image\/","url":"https:\/\/www.pressenza.com\/wp-content\/uploads\/2022\/10\/pressenza_logo_200x200.jpg","contentUrl":"https:\/\/www.pressenza.com\/wp-content\/uploads\/2022\/10\/pressenza_logo_200x200.jpg","width":200,"height":200,"caption":"Pressenza"},"image":{"@id":"https:\/\/www.pressenza.com\/it\/#\/schema\/logo\/image\/"},"sameAs":["https:\/\/www.facebook.com\/PressenzaItalia","https:\/\/x.com\/PressenzaIPA"]},{"@type":"Person","@id":"https:\/\/www.pressenza.com\/it\/#\/schema\/person\/7104466338f7b188aedd367b5e15c977","name":"Raquel Paricio","description":"Docente. Artista. Humanista. Doctora en Arte y Tecnolog\u00eda. Investiga en las diferentes escuelas de meditaci\u00f3n de diferentes culturas.","url":"https:\/\/www.pressenza.com\/it\/author\/raquel-paricio\/"}]}},"place":"Barcellona","original_article_url":"","_links":{"self":[{"href":"https:\/\/www.pressenza.com\/it\/wp-json\/wp\/v2\/posts\/969040","targetHints":{"allow":["GET"]}}],"collection":[{"href":"https:\/\/www.pressenza.com\/it\/wp-json\/wp\/v2\/posts"}],"about":[{"href":"https:\/\/www.pressenza.com\/it\/wp-json\/wp\/v2\/types\/post"}],"author":[{"embeddable":true,"href":"https:\/\/www.pressenza.com\/it\/wp-json\/wp\/v2\/users\/647"}],"replies":[{"embeddable":true,"href":"https:\/\/www.pressenza.com\/it\/wp-json\/wp\/v2\/comments?post=969040"}],"version-history":[{"count":0,"href":"https:\/\/www.pressenza.com\/it\/wp-json\/wp\/v2\/posts\/969040\/revisions"}],"wp:featuredmedia":[{"embeddable":true,"href":"https:\/\/www.pressenza.com\/it\/wp-json\/wp\/v2\/media\/968839"}],"wp:attachment":[{"href":"https:\/\/www.pressenza.com\/it\/wp-json\/wp\/v2\/media?parent=969040"}],"wp:term":[{"taxonomy":"category","embeddable":true,"href":"https:\/\/www.pressenza.com\/it\/wp-json\/wp\/v2\/categories?post=969040"},{"taxonomy":"post_tag","embeddable":true,"href":"https:\/\/www.pressenza.com\/it\/wp-json\/wp\/v2\/tags?post=969040"}],"curies":[{"name":"wp","href":"https:\/\/api.w.org\/{rel}","templated":true}]}}