{"id":959911,"date":"2019-11-01T13:47:28","date_gmt":"2019-11-01T13:47:28","guid":{"rendered":"https:\/\/www.pressenza.com\/?p=959911"},"modified":"2019-11-01T13:54:14","modified_gmt":"2019-11-01T13:54:14","slug":"cile-intervista-a-tomas-hirsch-gia-candidato-alla-presidenza-e-parlamentare-del-frente-amplio","status":"publish","type":"post","link":"https:\/\/www.pressenza.com\/it\/2019\/11\/cile-intervista-a-tomas-hirsch-gia-candidato-alla-presidenza-e-parlamentare-del-frente-amplio\/","title":{"rendered":"Cile: Intervista a Tom\u00e0s Hirsch, gi\u00e0 candidato alla presidenza e parlamentare del Frente Amplio"},"content":{"rendered":"<p><em>Di Christian Dalenz per Il Manifesto<\/em><\/p>\n<p><strong>Tom\u00e0s Hirsch \u00e8 tra i fondatori del Partito Umanista, storica formazione politica che partecip\u00f2 a quella Concertaci\u00f3n de Partidos por la Democracia che riusc\u00ec a cacciare il generale Augusto Pinochet<\/strong> dal potere con il referendum del 1988. Dopo che il suo partito usc\u00ec dalla Concertaci\u00f3n, \u00e8 stato per due volte candidato presidente (nel 1999 con il Partito Umanista e nel 2005 con la coalizione di sinistra radicale Juntos Podemos M\u00e1s).<\/p>\n<p><strong>Oggi \u00e8 parlamentare del Frente Amplio,<\/strong> coalizione di centrosinistra alternativa a quella da cui proviene l\u2019ex presidente Michelle Bachelet. E ha partecipato attivamente alle proteste degli ultimi giorni nel suo Paese. Riesco a raggiungere Tom\u00e1s appena tornato a casa dopo una dura sessione parlamentare a Valpara\u00edso, citt\u00e0 costiera a 140 km da Sant\u00edago e sede del Congresso (\u00abPinochet lo mise l\u00ec perch\u00e9 non lo voleva di torno a Sant\u00edago. Se lo avessero lasciato fare, lo avrebbe persino confinato nell\u2019Isola di Pasqua\u00bb).<br \/>\nLe proteste sono cominciate a partire da un aumento del biglietto dei trasporti pubblici. Ma non era in fondo un aumento molto piccolo?<br \/>\n<strong>In Cile c\u2019\u00e8 un sistema iniquo e abusivo che affligge le persone da molti anni.<\/strong> I dati macroeconomici sono buoni, ma la distribuzione del reddito \u00e8 tra le peggiori al mondo. Noi del Partito Umanista denunciamo dal 1993 che il mito del Cile come successo del neoliberismo \u00e8 una farsa, una bugia, ma ci hanno sempre denigrato e classificato come gente negativa. Si protesta contro questo soprattutto, non tanto per l\u2019esiguo aumento dei biglietti della metro nella sola Sant\u00edago. Quella \u00e8 stata solo la goccia che ha fatto traboccare il vaso! Il sommovimento continua a crescere perch\u00e9 il governo non capisce le domande sociali, oppure le capisce ma non vuole cambiare nulla del modello cileno per davvero. La teoria del logoramento delle proteste propugnata dal governo non ha funzionato. Le ridicoli misure annunciate finora e le sostituzioni dei ministri non rappresentano in alcun modo un segnale di cambiamento strutturale, e la gente se ne rende conto.<\/p>\n<p><strong>Pi\u00f1era pu\u00f2 rimanere al governo o dovrebbe andarsene?<\/strong><br \/>\nNoi crediamo che le sue dimissioni aiuterebbero a far calmare il clima. Ma oltre a questo stiamo preparando un\u2019accusa nei suoi confronti per violazione della Costituzione, causata dalle irregolarit\u00e0 commesse durante l\u2019applicazione dello stato di emergenza. Pi\u00f1era ha enormi responsabilit\u00e0 politiche per la grande quantit\u00e0 di gente che \u00e8 stata uccisa, torturata, ferita o persino violentata sessualmente. Il governo nega queste violazioni dei diritti umani, ma ci sono i testimoni che le confermano. Stanno arrivando in Cile due missioni internazionali a fare indagini, una inviata dall\u2019Onu e un\u2019altra da Amnesty International: questo fa capire la gravit\u00e0 della situazione, che arriva a ricordare i tempi della dittatura di Pinochet.<\/p>\n<p><strong>Che differenza c\u2019\u00e8 tra la repressione odierna e quella di Pinochet?<\/strong><br \/>\nHo vissuto pienamente il periodo della dittatura, sono passato pi\u00f9 volte per situazioni di questo genere e sono stato pi\u00f9 volte in carcere. Rispetto alle repressioni odierne, allora potevamo contare su organizzazioni di solidariet\u00e0 che aiutavano i manifestanti. Ma esistevano perch\u00e9 c\u2019era la dittatura; tutti eravamo pienamente coscienti dei rischi che correvamo e pronti ad affrontarli. Oggi invece c\u2019\u00e8 la democrazia, e queste repressioni sono arrivate di sorpresa. Siamo pi\u00f9 indifesi: pensi di poter dialogare con i militari e con i carabinieri, ma la risposta \u00e8 uno sparo. \u00c8 scioccante che ci si trovi di fronte a risposte da dittatura in tempi di democrazia.<\/p>\n<p><strong>Che cosa credi che sia necessario fare adesso?<\/strong><br \/>\nArrivati a questo punto le soluzioni devono essere profonde e andare oltre le richieste fatte finora dalla popolazione. Sul piano istituzionale \u00e8 necessario che il governo convochi un\u2019assemblea costituente. Questo potrebbe diminuire l\u2019intensit\u00e0 dei moti popolari qualora i cittadini avvertano di poter avere un ruolo in questo processo. Per quanto riguarda l\u2019economia, uno dei temi pi\u00f9 caldi \u00e8 quello del sistema previdenziale privato, che ha portato a pensioni misere. Noi vorremmo al suo posto un sistema pubblico di ripartizione solidale che garantisca agli anziani di vivere degnamente. In secondo luogo occorre un consistente aumento dei salari, molto bassi rispetto al costo della vita. Al momento il salario minimo \u00e8 insufficiente. \u00c8 poi necessario rendere l\u2019acqua un bene pubblico; cancellare l\u2019odiata legge sulla pesca, che consegna a sette famiglie i diritti effettivi nel settore; mettere una tassa dell\u20191% sul patrimonio dei pi\u00f9 ricchi. Tutte misure che vanno verso quel cambio di modello che il governo non vuole affrontare.<\/p>\n<p><strong>Credi che si potrebbero applicare anche nazionalizzazioni di importanti settori del Paese, come quello del rame, come gi\u00e0 fece Allende nei primi anni \u201970?<\/strong><br \/>\nLe statalizzazioni sarebbero una grande soluzione per avere le risorse necessarie a rispondere alle domande sociali e per recuperare la dignit\u00e0 nazionale. Ma visto che fare investimenti pubblici nelle miniere di rame sarebbe una questione molto complessa, proponiamo l\u2019aumento delle royalties ai privati, che in Cile sono le tra pi\u00f9 basse al mondo.<\/p>\n<p><strong>Perch\u00e9 l\u2019attuale costituzione non va bene? E come dovrebbe essere la nuova?<\/strong><br \/>\nLa costituzione vigente \u00e8 un cordone ombelicale che ci tiene ancora legati all\u2019epoca di Pinochet, visto che la volle lui. \u00c8 una costituzione che toglie allo Stato il compito di rispondere alle necessit\u00e0 sociali e le consegna al settore privato, che a sua volta se ne fa carico solo se possono garantire un lucro. Questo si traduce in una mancanza di garanzia di buona educazione, buona sanit\u00e0, buone pensioni e protezione dell\u2019ambiente. Noi vogliamo tutto questo nella nuova costituzione, che deve essere scritta con la partecipazione popolare.<\/p>\n<p><strong>Le proteste in Cile e le altre a cui stiamo assistendo in America Latina sono simili?<\/strong><br \/>\nCredo che siano molto collegate, e a loro volta le proteste latinoamericane sono connesse con ci\u00f2 che sta accadendo nel resto del mondo. La gente al mondo \u00e8 disperata per il livello di violenza che subisce. Attenzione, non \u00e8 principalmente violenza fisica, ma \u00e8 soprattutto violenza economica e psicosociale. Questa societ\u00e0 individualista, che si \u00e8 ampliata ovunque, va contro il concetto di comunit\u00e0, contro il \u00abnoi\u00bb, e non \u00e8 pi\u00f9 sopportata dalla maggior parte della popolazione sul pianeta. La situazione \u00e8 complessa, abbiamo grandi sfide davanti e sono preoccupato. Ma quando vedo le nuove generazioni mobilitarsi e per la maggior parte in maniera non violenta, nonostante i mezzi di comunicazione mostrino soprattutto i disordini, mi riempio di speranza rispetto alla possibilit\u00e0 di soluzioni positive.<\/p>\n<p><strong>Di Christian Dalenz<\/strong><\/p>\n","protected":false},"excerpt":{"rendered":"<p>Tom\u00e0s Hirsch tra i fondatori del Partito Umanista, storica formazione politica che partecip\u00f2 a quella Concertaci\u00f3n de Partidos por la Democracia che riusc\u00ec a cacciare il generale Augusto Pinochet. Oggi con il Frente Amplio propone la formazione di una nuova assemblea costituente per riscrivere una nuova Costituzione a misura di essere umano.<\/p>\n","protected":false},"author":594,"featured_media":959913,"comment_status":"closed","ping_status":"closed","sticky":false,"template":"","format":"standard","meta":{"footnotes":""},"categories":[157,55,48],"tags":[4001,540,17496,44998,66130,66394,942,66395,50009],"class_list":["post-959911","post","type-post","status-publish","format-standard","has-post-thumbnail","hentry","category-interviste","category-politica","category-sud-america","tag-assemblea-costituente","tag-cile","tag-costituente","tag-frente-amplio-it","tag-nuova-costituzione","tag-partido-humanista-chile-it","tag-partito-umanista","tag-ph-it","tag-tomas-hirsch-it-2"],"yoast_head":"<!-- This site is optimized with the Yoast SEO plugin v27.1.1 - https:\/\/yoast.com\/product\/yoast-seo-wordpress\/ -->\n<title>Cile: Intervista a Tom\u00e0s Hirsch, gi\u00e0 candidato alla presidenza e parlamentare del Frente Amplio<\/title>\n<meta name=\"description\" content=\"Tom\u00e0s Hirsch tra i fondatori del Partito Umanista, storica formazione politica che partecip\u00f2 a quella Concertaci\u00f3n de Partidos por la Democracia che riusc\u00ec a cacciare il generale Augusto Pinochet. Oggi con il Frente Amplio propone la formazione di una nuova assemblea costituente per riscrivere una nuova Costituzione a misura di essere umano.\" \/>\n<meta name=\"robots\" content=\"index, follow, max-snippet:-1, max-image-preview:large, max-video-preview:-1\" \/>\n<link rel=\"canonical\" href=\"https:\/\/www.pressenza.com\/it\/2019\/11\/cile-intervista-a-tomas-hirsch-gia-candidato-alla-presidenza-e-parlamentare-del-frente-amplio\/\" \/>\n<meta property=\"og:locale\" content=\"it_IT\" \/>\n<meta property=\"og:type\" content=\"article\" \/>\n<meta property=\"og:title\" content=\"Cile: Intervista a Tom\u00e0s Hirsch, gi\u00e0 candidato alla presidenza e parlamentare del Frente Amplio\" \/>\n<meta property=\"og:description\" content=\"Tom\u00e0s Hirsch tra i fondatori del Partito Umanista, storica formazione politica che partecip\u00f2 a quella Concertaci\u00f3n de Partidos por la Democracia che riusc\u00ec a cacciare il generale Augusto Pinochet. Oggi con il Frente Amplio propone la formazione di una nuova assemblea costituente per riscrivere una nuova Costituzione a misura di essere umano.\" \/>\n<meta property=\"og:url\" content=\"https:\/\/www.pressenza.com\/it\/2019\/11\/cile-intervista-a-tomas-hirsch-gia-candidato-alla-presidenza-e-parlamentare-del-frente-amplio\/\" \/>\n<meta property=\"og:site_name\" content=\"Pressenza\" \/>\n<meta property=\"article:publisher\" content=\"https:\/\/www.facebook.com\/PressenzaItalia\" \/>\n<meta property=\"article:author\" content=\"https:\/\/www.facebook.com\/PressenzaItalia\" \/>\n<meta property=\"article:published_time\" content=\"2019-11-01T13:47:28+00:00\" \/>\n<meta property=\"article:modified_time\" content=\"2019-11-01T13:54:14+00:00\" \/>\n<meta property=\"og:image\" content=\"https:\/\/www.pressenza.com\/wp-content\/uploads\/2019\/11\/Costituente.png\" \/>\n\t<meta property=\"og:image:width\" content=\"1170\" \/>\n\t<meta property=\"og:image:height\" content=\"787\" \/>\n\t<meta property=\"og:image:type\" content=\"image\/png\" \/>\n<meta name=\"author\" content=\"Redazione Italia\" \/>\n<meta name=\"twitter:card\" content=\"summary_large_image\" \/>\n<meta name=\"twitter:creator\" content=\"@pressenza_it\" \/>\n<meta name=\"twitter:site\" content=\"@PressenzaIPA\" \/>\n<meta name=\"twitter:label1\" content=\"Scritto da\" \/>\n\t<meta name=\"twitter:data1\" content=\"Redazione Italia\" \/>\n\t<meta name=\"twitter:label2\" content=\"Tempo di lettura stimato\" \/>\n\t<meta name=\"twitter:data2\" content=\"5 minuti\" \/>\n<script type=\"application\/ld+json\" class=\"yoast-schema-graph\">{\"@context\":\"https:\/\/schema.org\",\"@graph\":[{\"@type\":\"Article\",\"@id\":\"https:\/\/www.pressenza.com\/it\/2019\/11\/cile-intervista-a-tomas-hirsch-gia-candidato-alla-presidenza-e-parlamentare-del-frente-amplio\/#article\",\"isPartOf\":{\"@id\":\"https:\/\/www.pressenza.com\/it\/2019\/11\/cile-intervista-a-tomas-hirsch-gia-candidato-alla-presidenza-e-parlamentare-del-frente-amplio\/\"},\"author\":{\"name\":\"Redazione Italia\",\"@id\":\"https:\/\/www.pressenza.com\/it\/#\/schema\/person\/d983e81827ae24f2c7b1a2123d197f8d\"},\"headline\":\"Cile: Intervista a Tom\u00e0s Hirsch, gi\u00e0 candidato alla presidenza e parlamentare del Frente Amplio\",\"datePublished\":\"2019-11-01T13:47:28+00:00\",\"dateModified\":\"2019-11-01T13:54:14+00:00\",\"mainEntityOfPage\":{\"@id\":\"https:\/\/www.pressenza.com\/it\/2019\/11\/cile-intervista-a-tomas-hirsch-gia-candidato-alla-presidenza-e-parlamentare-del-frente-amplio\/\"},\"wordCount\":1067,\"publisher\":{\"@id\":\"https:\/\/www.pressenza.com\/it\/#organization\"},\"image\":{\"@id\":\"https:\/\/www.pressenza.com\/it\/2019\/11\/cile-intervista-a-tomas-hirsch-gia-candidato-alla-presidenza-e-parlamentare-del-frente-amplio\/#primaryimage\"},\"thumbnailUrl\":\"https:\/\/www.pressenza.com\/wp-content\/uploads\/2019\/11\/Costituente.png\",\"keywords\":[\"Assemblea Costituente\",\"Cile\",\"Costituente\",\"Frente Amplio\",\"nuova Costituzione\",\"Partido Humanista Chile\",\"Partito Umanista\",\"ph\",\"Tom\u00e1s Hirsch\"],\"articleSection\":[\"Interviste\",\"Politica\",\"Sud America\"],\"inLanguage\":\"it-IT\"},{\"@type\":\"WebPage\",\"@id\":\"https:\/\/www.pressenza.com\/it\/2019\/11\/cile-intervista-a-tomas-hirsch-gia-candidato-alla-presidenza-e-parlamentare-del-frente-amplio\/\",\"url\":\"https:\/\/www.pressenza.com\/it\/2019\/11\/cile-intervista-a-tomas-hirsch-gia-candidato-alla-presidenza-e-parlamentare-del-frente-amplio\/\",\"name\":\"Cile: Intervista a Tom\u00e0s Hirsch, gi\u00e0 candidato alla presidenza e parlamentare del Frente Amplio\",\"isPartOf\":{\"@id\":\"https:\/\/www.pressenza.com\/it\/#website\"},\"primaryImageOfPage\":{\"@id\":\"https:\/\/www.pressenza.com\/it\/2019\/11\/cile-intervista-a-tomas-hirsch-gia-candidato-alla-presidenza-e-parlamentare-del-frente-amplio\/#primaryimage\"},\"image\":{\"@id\":\"https:\/\/www.pressenza.com\/it\/2019\/11\/cile-intervista-a-tomas-hirsch-gia-candidato-alla-presidenza-e-parlamentare-del-frente-amplio\/#primaryimage\"},\"thumbnailUrl\":\"https:\/\/www.pressenza.com\/wp-content\/uploads\/2019\/11\/Costituente.png\",\"datePublished\":\"2019-11-01T13:47:28+00:00\",\"dateModified\":\"2019-11-01T13:54:14+00:00\",\"description\":\"Tom\u00e0s Hirsch tra i fondatori del Partito Umanista, storica formazione politica che partecip\u00f2 a quella Concertaci\u00f3n de Partidos por la Democracia che riusc\u00ec a cacciare il generale Augusto Pinochet. Oggi con il Frente Amplio propone la formazione di una nuova assemblea costituente per riscrivere una nuova Costituzione a misura di essere umano.\",\"breadcrumb\":{\"@id\":\"https:\/\/www.pressenza.com\/it\/2019\/11\/cile-intervista-a-tomas-hirsch-gia-candidato-alla-presidenza-e-parlamentare-del-frente-amplio\/#breadcrumb\"},\"inLanguage\":\"it-IT\",\"potentialAction\":[{\"@type\":\"ReadAction\",\"target\":[\"https:\/\/www.pressenza.com\/it\/2019\/11\/cile-intervista-a-tomas-hirsch-gia-candidato-alla-presidenza-e-parlamentare-del-frente-amplio\/\"]}]},{\"@type\":\"ImageObject\",\"inLanguage\":\"it-IT\",\"@id\":\"https:\/\/www.pressenza.com\/it\/2019\/11\/cile-intervista-a-tomas-hirsch-gia-candidato-alla-presidenza-e-parlamentare-del-frente-amplio\/#primaryimage\",\"url\":\"https:\/\/www.pressenza.com\/wp-content\/uploads\/2019\/11\/Costituente.png\",\"contentUrl\":\"https:\/\/www.pressenza.com\/wp-content\/uploads\/2019\/11\/Costituente.png\",\"width\":1170,\"height\":787,\"caption\":\"Manifestazione di fronte alla Moneda, la sede del presidente della Repubblica, a Santiago del Cile\"},{\"@type\":\"BreadcrumbList\",\"@id\":\"https:\/\/www.pressenza.com\/it\/2019\/11\/cile-intervista-a-tomas-hirsch-gia-candidato-alla-presidenza-e-parlamentare-del-frente-amplio\/#breadcrumb\",\"itemListElement\":[{\"@type\":\"ListItem\",\"position\":1,\"name\":\"Accueil\",\"item\":\"https:\/\/www.pressenza.com\/it\/\"},{\"@type\":\"ListItem\",\"position\":2,\"name\":\"Cile: Intervista a Tom\u00e0s Hirsch, gi\u00e0 candidato alla presidenza e parlamentare del Frente Amplio\"}]},{\"@type\":\"WebSite\",\"@id\":\"https:\/\/www.pressenza.com\/it\/#website\",\"url\":\"https:\/\/www.pressenza.com\/it\/\",\"name\":\"Pressenza\",\"description\":\"Agenzia di Stampa Internazionale\",\"publisher\":{\"@id\":\"https:\/\/www.pressenza.com\/it\/#organization\"},\"potentialAction\":[{\"@type\":\"SearchAction\",\"target\":{\"@type\":\"EntryPoint\",\"urlTemplate\":\"https:\/\/www.pressenza.com\/it\/?s={search_term_string}\"},\"query-input\":{\"@type\":\"PropertyValueSpecification\",\"valueRequired\":true,\"valueName\":\"search_term_string\"}}],\"inLanguage\":\"it-IT\"},{\"@type\":\"Organization\",\"@id\":\"https:\/\/www.pressenza.com\/it\/#organization\",\"name\":\"Pressenza\",\"url\":\"https:\/\/www.pressenza.com\/it\/\",\"logo\":{\"@type\":\"ImageObject\",\"inLanguage\":\"it-IT\",\"@id\":\"https:\/\/www.pressenza.com\/it\/#\/schema\/logo\/image\/\",\"url\":\"https:\/\/www.pressenza.com\/wp-content\/uploads\/2022\/10\/pressenza_logo_200x200.jpg\",\"contentUrl\":\"https:\/\/www.pressenza.com\/wp-content\/uploads\/2022\/10\/pressenza_logo_200x200.jpg\",\"width\":200,\"height\":200,\"caption\":\"Pressenza\"},\"image\":{\"@id\":\"https:\/\/www.pressenza.com\/it\/#\/schema\/logo\/image\/\"},\"sameAs\":[\"https:\/\/www.facebook.com\/PressenzaItalia\",\"https:\/\/x.com\/PressenzaIPA\"]},{\"@type\":\"Person\",\"@id\":\"https:\/\/www.pressenza.com\/it\/#\/schema\/person\/d983e81827ae24f2c7b1a2123d197f8d\",\"name\":\"Redazione Italia\",\"description\":\"News from the Pressenza Bureau in Italy\",\"sameAs\":[\"https:\/\/www.pressenza.com\/it\/author\/redazione-italia\/\",\"https:\/\/www.facebook.com\/PressenzaItalia\",\"https:\/\/www.instagram.com\/pressenza_italia\/\",\"https:\/\/x.com\/pressenza_it\",\"https:\/\/www.youtube.com\/channel\/UCSalEIWjE1RSxkwjfftFuqg\"],\"url\":\"https:\/\/www.pressenza.com\/it\/author\/redazione-italia\/\"}]}<\/script>\n<!-- \/ Yoast SEO plugin. -->","yoast_head_json":{"title":"Cile: Intervista a Tom\u00e0s Hirsch, gi\u00e0 candidato alla presidenza e parlamentare del Frente Amplio","description":"Tom\u00e0s Hirsch tra i fondatori del Partito Umanista, storica formazione politica che partecip\u00f2 a quella Concertaci\u00f3n de Partidos por la Democracia che riusc\u00ec a cacciare il generale Augusto Pinochet. Oggi con il Frente Amplio propone la formazione di una nuova assemblea costituente per riscrivere una nuova Costituzione a misura di essere umano.","robots":{"index":"index","follow":"follow","max-snippet":"max-snippet:-1","max-image-preview":"max-image-preview:large","max-video-preview":"max-video-preview:-1"},"canonical":"https:\/\/www.pressenza.com\/it\/2019\/11\/cile-intervista-a-tomas-hirsch-gia-candidato-alla-presidenza-e-parlamentare-del-frente-amplio\/","og_locale":"it_IT","og_type":"article","og_title":"Cile: Intervista a Tom\u00e0s Hirsch, gi\u00e0 candidato alla presidenza e parlamentare del Frente Amplio","og_description":"Tom\u00e0s Hirsch tra i fondatori del Partito Umanista, storica formazione politica che partecip\u00f2 a quella Concertaci\u00f3n de Partidos por la Democracia che riusc\u00ec a cacciare il generale Augusto Pinochet. Oggi con il Frente Amplio propone la formazione di una nuova assemblea costituente per riscrivere una nuova Costituzione a misura di essere umano.","og_url":"https:\/\/www.pressenza.com\/it\/2019\/11\/cile-intervista-a-tomas-hirsch-gia-candidato-alla-presidenza-e-parlamentare-del-frente-amplio\/","og_site_name":"Pressenza","article_publisher":"https:\/\/www.facebook.com\/PressenzaItalia","article_author":"https:\/\/www.facebook.com\/PressenzaItalia","article_published_time":"2019-11-01T13:47:28+00:00","article_modified_time":"2019-11-01T13:54:14+00:00","og_image":[{"width":1170,"height":787,"url":"https:\/\/www.pressenza.com\/wp-content\/uploads\/2019\/11\/Costituente.png","type":"image\/png"}],"author":"Redazione Italia","twitter_card":"summary_large_image","twitter_creator":"@pressenza_it","twitter_site":"@PressenzaIPA","twitter_misc":{"Scritto da":"Redazione Italia","Tempo di lettura stimato":"5 minuti"},"schema":{"@context":"https:\/\/schema.org","@graph":[{"@type":"Article","@id":"https:\/\/www.pressenza.com\/it\/2019\/11\/cile-intervista-a-tomas-hirsch-gia-candidato-alla-presidenza-e-parlamentare-del-frente-amplio\/#article","isPartOf":{"@id":"https:\/\/www.pressenza.com\/it\/2019\/11\/cile-intervista-a-tomas-hirsch-gia-candidato-alla-presidenza-e-parlamentare-del-frente-amplio\/"},"author":{"name":"Redazione Italia","@id":"https:\/\/www.pressenza.com\/it\/#\/schema\/person\/d983e81827ae24f2c7b1a2123d197f8d"},"headline":"Cile: Intervista a Tom\u00e0s Hirsch, gi\u00e0 candidato alla presidenza e parlamentare del Frente Amplio","datePublished":"2019-11-01T13:47:28+00:00","dateModified":"2019-11-01T13:54:14+00:00","mainEntityOfPage":{"@id":"https:\/\/www.pressenza.com\/it\/2019\/11\/cile-intervista-a-tomas-hirsch-gia-candidato-alla-presidenza-e-parlamentare-del-frente-amplio\/"},"wordCount":1067,"publisher":{"@id":"https:\/\/www.pressenza.com\/it\/#organization"},"image":{"@id":"https:\/\/www.pressenza.com\/it\/2019\/11\/cile-intervista-a-tomas-hirsch-gia-candidato-alla-presidenza-e-parlamentare-del-frente-amplio\/#primaryimage"},"thumbnailUrl":"https:\/\/www.pressenza.com\/wp-content\/uploads\/2019\/11\/Costituente.png","keywords":["Assemblea Costituente","Cile","Costituente","Frente Amplio","nuova Costituzione","Partido Humanista Chile","Partito Umanista","ph","Tom\u00e1s Hirsch"],"articleSection":["Interviste","Politica","Sud America"],"inLanguage":"it-IT"},{"@type":"WebPage","@id":"https:\/\/www.pressenza.com\/it\/2019\/11\/cile-intervista-a-tomas-hirsch-gia-candidato-alla-presidenza-e-parlamentare-del-frente-amplio\/","url":"https:\/\/www.pressenza.com\/it\/2019\/11\/cile-intervista-a-tomas-hirsch-gia-candidato-alla-presidenza-e-parlamentare-del-frente-amplio\/","name":"Cile: Intervista a Tom\u00e0s Hirsch, gi\u00e0 candidato alla presidenza e parlamentare del Frente Amplio","isPartOf":{"@id":"https:\/\/www.pressenza.com\/it\/#website"},"primaryImageOfPage":{"@id":"https:\/\/www.pressenza.com\/it\/2019\/11\/cile-intervista-a-tomas-hirsch-gia-candidato-alla-presidenza-e-parlamentare-del-frente-amplio\/#primaryimage"},"image":{"@id":"https:\/\/www.pressenza.com\/it\/2019\/11\/cile-intervista-a-tomas-hirsch-gia-candidato-alla-presidenza-e-parlamentare-del-frente-amplio\/#primaryimage"},"thumbnailUrl":"https:\/\/www.pressenza.com\/wp-content\/uploads\/2019\/11\/Costituente.png","datePublished":"2019-11-01T13:47:28+00:00","dateModified":"2019-11-01T13:54:14+00:00","description":"Tom\u00e0s Hirsch tra i fondatori del Partito Umanista, storica formazione politica che partecip\u00f2 a quella Concertaci\u00f3n de Partidos por la Democracia che riusc\u00ec a cacciare il generale Augusto Pinochet. Oggi con il Frente Amplio propone la formazione di una nuova assemblea costituente per riscrivere una nuova Costituzione a misura di essere umano.","breadcrumb":{"@id":"https:\/\/www.pressenza.com\/it\/2019\/11\/cile-intervista-a-tomas-hirsch-gia-candidato-alla-presidenza-e-parlamentare-del-frente-amplio\/#breadcrumb"},"inLanguage":"it-IT","potentialAction":[{"@type":"ReadAction","target":["https:\/\/www.pressenza.com\/it\/2019\/11\/cile-intervista-a-tomas-hirsch-gia-candidato-alla-presidenza-e-parlamentare-del-frente-amplio\/"]}]},{"@type":"ImageObject","inLanguage":"it-IT","@id":"https:\/\/www.pressenza.com\/it\/2019\/11\/cile-intervista-a-tomas-hirsch-gia-candidato-alla-presidenza-e-parlamentare-del-frente-amplio\/#primaryimage","url":"https:\/\/www.pressenza.com\/wp-content\/uploads\/2019\/11\/Costituente.png","contentUrl":"https:\/\/www.pressenza.com\/wp-content\/uploads\/2019\/11\/Costituente.png","width":1170,"height":787,"caption":"Manifestazione di fronte alla Moneda, la sede del presidente della Repubblica, a Santiago del Cile"},{"@type":"BreadcrumbList","@id":"https:\/\/www.pressenza.com\/it\/2019\/11\/cile-intervista-a-tomas-hirsch-gia-candidato-alla-presidenza-e-parlamentare-del-frente-amplio\/#breadcrumb","itemListElement":[{"@type":"ListItem","position":1,"name":"Accueil","item":"https:\/\/www.pressenza.com\/it\/"},{"@type":"ListItem","position":2,"name":"Cile: Intervista a Tom\u00e0s Hirsch, gi\u00e0 candidato alla presidenza e parlamentare del Frente Amplio"}]},{"@type":"WebSite","@id":"https:\/\/www.pressenza.com\/it\/#website","url":"https:\/\/www.pressenza.com\/it\/","name":"Pressenza","description":"Agenzia di Stampa Internazionale","publisher":{"@id":"https:\/\/www.pressenza.com\/it\/#organization"},"potentialAction":[{"@type":"SearchAction","target":{"@type":"EntryPoint","urlTemplate":"https:\/\/www.pressenza.com\/it\/?s={search_term_string}"},"query-input":{"@type":"PropertyValueSpecification","valueRequired":true,"valueName":"search_term_string"}}],"inLanguage":"it-IT"},{"@type":"Organization","@id":"https:\/\/www.pressenza.com\/it\/#organization","name":"Pressenza","url":"https:\/\/www.pressenza.com\/it\/","logo":{"@type":"ImageObject","inLanguage":"it-IT","@id":"https:\/\/www.pressenza.com\/it\/#\/schema\/logo\/image\/","url":"https:\/\/www.pressenza.com\/wp-content\/uploads\/2022\/10\/pressenza_logo_200x200.jpg","contentUrl":"https:\/\/www.pressenza.com\/wp-content\/uploads\/2022\/10\/pressenza_logo_200x200.jpg","width":200,"height":200,"caption":"Pressenza"},"image":{"@id":"https:\/\/www.pressenza.com\/it\/#\/schema\/logo\/image\/"},"sameAs":["https:\/\/www.facebook.com\/PressenzaItalia","https:\/\/x.com\/PressenzaIPA"]},{"@type":"Person","@id":"https:\/\/www.pressenza.com\/it\/#\/schema\/person\/d983e81827ae24f2c7b1a2123d197f8d","name":"Redazione Italia","description":"News from the Pressenza Bureau in Italy","sameAs":["https:\/\/www.pressenza.com\/it\/author\/redazione-italia\/","https:\/\/www.facebook.com\/PressenzaItalia","https:\/\/www.instagram.com\/pressenza_italia\/","https:\/\/x.com\/pressenza_it","https:\/\/www.youtube.com\/channel\/UCSalEIWjE1RSxkwjfftFuqg"],"url":"https:\/\/www.pressenza.com\/it\/author\/redazione-italia\/"}]}},"place":"","original_article_url":"","_links":{"self":[{"href":"https:\/\/www.pressenza.com\/it\/wp-json\/wp\/v2\/posts\/959911","targetHints":{"allow":["GET"]}}],"collection":[{"href":"https:\/\/www.pressenza.com\/it\/wp-json\/wp\/v2\/posts"}],"about":[{"href":"https:\/\/www.pressenza.com\/it\/wp-json\/wp\/v2\/types\/post"}],"author":[{"embeddable":true,"href":"https:\/\/www.pressenza.com\/it\/wp-json\/wp\/v2\/users\/594"}],"replies":[{"embeddable":true,"href":"https:\/\/www.pressenza.com\/it\/wp-json\/wp\/v2\/comments?post=959911"}],"version-history":[{"count":0,"href":"https:\/\/www.pressenza.com\/it\/wp-json\/wp\/v2\/posts\/959911\/revisions"}],"wp:featuredmedia":[{"embeddable":true,"href":"https:\/\/www.pressenza.com\/it\/wp-json\/wp\/v2\/media\/959913"}],"wp:attachment":[{"href":"https:\/\/www.pressenza.com\/it\/wp-json\/wp\/v2\/media?parent=959911"}],"wp:term":[{"taxonomy":"category","embeddable":true,"href":"https:\/\/www.pressenza.com\/it\/wp-json\/wp\/v2\/categories?post=959911"},{"taxonomy":"post_tag","embeddable":true,"href":"https:\/\/www.pressenza.com\/it\/wp-json\/wp\/v2\/tags?post=959911"}],"curies":[{"name":"wp","href":"https:\/\/api.w.org\/{rel}","templated":true}]}}