{"id":959844,"date":"2019-11-01T13:21:36","date_gmt":"2019-11-01T13:21:36","guid":{"rendered":"https:\/\/www.pressenza.com\/?p=959844"},"modified":"2019-11-01T13:48:20","modified_gmt":"2019-11-01T13:48:20","slug":"brasile-marielle-franco-e-il-portinaio-di-bolsonaro","status":"publish","type":"post","link":"https:\/\/www.pressenza.com\/it\/2019\/11\/brasile-marielle-franco-e-il-portinaio-di-bolsonaro\/","title":{"rendered":"Brasile: Marielle Franco e il portinaio di Bolsonaro"},"content":{"rendered":"<p><span lang=\"it-IT\">AI-5. Atto Istituzionale n\u00ba 5. Era il tredici dicembre del 1968, la giunta militare decret\u00f2 la fine dei diritti civili e il paese precipit\u00f2 nel suo momento peggiore. Il miracolo economico soffocava le grida dei torturati, degli esiliati, e di chi spar\u00ec per sempre. Si censuravano giornali e libri, a volte solo perch\u00e9 dal titolo o dalla copertina sembravano sediziosi, sovversivi. Solamente dopo due decenni i brasiliani poterono tornare a votare protetti da una nuova costituzione. Oggi, in parlamento, un deputato minaccia: se la sinistra continua a tenere questo atteggiamento radicale ci sar\u00e0 un nuovo AI-5. Non \u00e8 un deputato qualunque, \u00e8 il capo del partito di maggioranza, \u00e8 il figlio del presidente della repubblica. Qualche giorno fa, quando la rivolta in Cile era al culmine, lo stesso deputato affermava che in Brasile eventuali disordini verrebbero soffocati nel sangue e chi osasse protestare \u201cavrebbe dovuto vedersela con la polizia\u201d, e con le mani imit\u00f2 il gesto propagato da suo padre: la pistola puntata. Poco dopo, un video nella rete sociale presidenziale mostrava un leone circondato da un gruppo di iene. Ogni iena rappresentava un partito di opposizione, e non solo, anche la Conferenza Episcopale, il Movimento dei Senza Terra, l\u2019Ordine degli Avvocati, la grande stampa, le reti di televisione e perfino la Corte Costituzionale veniva inclusa tra le iene intorno al re della foresta. Quando la situazione sembrava perduta ecco che arriva un secondo leone identificato come \u201cconservatore patriota\u201d, una scritta sul video esorta a sostenere \u201cil nostro presidente fino alla fine\u201d perch\u00e9 ad attaccarlo \u201cci pensa gi\u00e0 l\u2019opposizione\u201d. I due leoni mettono in fuga le iene, la bandiera nazionale in dissolvenza e la voce del presidente a ripetere lo slogan di campagna: Brasile sopra tutto, Dio sopra tutti. <\/span><a href=\"https:\/\/www.youtube.com\/watch?v=tGrukTfoPAg\"><span lang=\"it-IT\">https:\/\/www.youtube.com\/watch?v=tGrukTfoPAg<\/span><\/a><span lang=\"it-IT\">\u00a0<\/span><\/p>\n<p><span lang=\"it-IT\">Passano ventiquattro ore. E una notizia bomba scuote la nazione. Viene divulgato, non si sa ancora da chi, la deposizione del portinaio che il giorno 14 marzo del 2018 era responsabile di verificare il flusso di entrata e uscita del condominio di Bolsonaro, all\u2019epoca ancora candidato. Ho avuto modo di raccontare in precedenza su chi abitava in questo condominio, trafficanti di armi appartenenti ai gruppi paramilitari &#8211; le milizie che controllano buona parte del territorio di Rio de Janeiro e si finanziano con il narcotraffico. Ho avuto modo di raccontare sugli stretti rapporti di amicizia tra la famiglia presidenziale e detti miliziani. Dicevo dunque che viene divulgata la deposizione del portinaio che il giorno 14 marzo del 2018 si trovava in servizio. Non \u00e8 un giorno qualunque, ma \u00e8 la data in cui venne assassinata Marielle Franco, consigliere comunale e attivista dei diritti umani che, col suo martirio, diviene simbolo internazionale della lotta popolare di emancipazione e resistenza. Quel giorno, poche ore prima dell\u2019omicidio, un noto miliziano (ex comandante delle truppe speciali) si presenta e chiede al portinaio di recarsi nella casa numero 58. La casa di Bolsonaro. Il portinaio citofona e \u201cil signor Jair autorizza l\u2019entrata\u201d. Poi per\u00f2 seguendo la macchina attraverso i monitor, nota che si dirige verso la casa del miliziano amico della famiglia Bolsonaro. Il portinaio citofona di nuovo e informa il \u201csignor Jair\u201d dell\u2019accaduto, il quale risponde che non ci sono problemi, anzi, lui stesso garantisce che tutto sia in ordine.<\/span><\/p>\n<p><span lang=\"it-IT\">Ricapitoliamo: il giorno dell\u2019omicidio di Marielle Franco, il miliziano (accusato di aver sparato) bussa alla porta di Bolsonaro che ne autorizza l\u2019entrata, ma costui si dirige verso la residenza di un secondo miliziano, colui che guider\u00e0 la macchina dell\u2019attentato.<\/span><\/p>\n<p><span lang=\"it-IT\">\u00c8 stato provato che Bolsonaro non poteva aver risposto al citofono: era a Brasilia in una sessione parlamentare, come attestano i documenti ufficiali della Camera dei Deputati. Comunque sia, il nome di Bolsonaro viene legato ai miliziani che uccidono Marielle.<\/span><\/p>\n<p><span lang=\"it-IT\">La deposizione del portinaio \u00e8 stata divulgata ieri l\u2019altro ma \u00e8 avvenuta un mese fa. Per legge quando il nome del presidente viene citato in una indagine deve essere avvisata la Corte Costituzionale. E cos\u00ec fu fatto, in gran segreto. Il processo venne subito archiviato. Ma, una volta reso pubblico, si nota che, nonostante le smentite degli inquirenti, i registri di entrata e uscita dal condominio possono essere stati manomessi da chiunque ne avesse accesso. Subito si accusa il povero portinaio di avere inventato tutto, o meglio, di essersi sbagliato: il miliziano non ha chiesto di recarsi da Bolsonaro, ma dal suo complice. \u00c8 la cosa migliore che gli inquirenti schierati davanti alla stampa possono dire per poter insabbiare ogni indagine. Nel caso di una menzogna del portinaio, allora sarebbero obbligati a indagare\u2026 Bolsonaro\u2026 Milizia\u2026 Trafficanti di armi e droga\u2026 Omicidio di Marielle.<\/span><\/p>\n<p><span lang=\"it-IT\">Pochi minuti dopo la divulgazione della notizia, il presidente appare in video. Furioso, con urli e strepiti accusa tutto e tutti di un grande complotto\u2026 \u201cNon ho alcun motivo per far uccidere nessuno\u201d dice\u2026 dimenticandosi che nessuno si \u00e8 mai azzardato a dire niente per legarlo alla morte della povera attivista.<\/span><\/p>\n<p><span lang=\"it-IT\">Oggi il figlio e deputato invoca la dittatura, o meglio, minaccia la popolazione intera con un nuovo AI-5. Pubblica una sua foto com un mitra in braccio.<\/span><\/p>\n<p><span lang=\"it-IT\">Eccomi qua davanti al computer ad aspettare nuove notizie: il presidente sgrida pubblicamente il figlio per aver detto quello che ha detto. Ma ormai lo ha detto. Sappiamo bene come \u00e8 la tattica fascista, affermare e smentire, confondere, fake news a destra e sinistra, smentire di nuovo, e nel frattempo continuare a coltivarsi la base di appoggio composta da ogni tipo di fanatici.<\/span><\/p>\n<p><span lang=\"it-IT\">Un amico mi scrive da lontano. Ha letto il mio ultimo articolo dove racconto che nei corsi preparatori per entrare in polizia si insegna il metodo sicuro per torturare, per le esecuzioni sommarie e come far sparire i cadaveri. I professori filmano le loro lezioni e le sbattono su youtube. La platea dei futuri aspiranti ride, sghignazza. Nessuno ha smentito, anzi, sono tutti qui sullo schermo del mio computer, con nome cognome e indirizzo. Il mio amico da lontano mi scrive preoccupato: ho un brutto presentimento. Anch\u2019io.<\/span><\/p>\n<p><span lang=\"it-IT\">PS. In questo esatto momento il presidente dice che le parole del figlio sono state travisate. <\/span>Come volevasi dimostrare.<\/p>\n<p>&nbsp;<\/p>\n","protected":false},"excerpt":{"rendered":"<p>AI-5. Atto Istituzionale n\u00ba 5. Era il tredici dicembre del 1968, la giunta militare decret\u00f2 la fine dei diritti civili e il paese precipit\u00f2 nel suo momento peggiore. Il miracolo economico soffocava le grida dei torturati, degli esiliati, e di&hellip;<\/p>\n","protected":false},"author":1567,"featured_media":822572,"comment_status":"closed","ping_status":"closed","sticky":false,"template":"","format":"standard","meta":{"footnotes":""},"categories":[11388,60,38,162,55,48],"tags":[3993,54027,54028],"class_list":["post-959844","post","type-post","status-publish","format-standard","has-post-thumbnail","hentry","category-contenuti-originali","category-diritti-umani","category-internazionale","category-opinioni","category-politica","category-sud-america","tag-brasile","tag-jair-bolsonaro-it","tag-marielle-franco-it"],"yoast_head":"<!-- This site is optimized with the Yoast SEO plugin v27.1.1 - https:\/\/yoast.com\/product\/yoast-seo-wordpress\/ -->\n<title>Brasile: Marielle Franco e il portinaio di Bolsonaro<\/title>\n<meta name=\"description\" content=\"AI-5. Atto Istituzionale n\u00ba 5. Era il tredici dicembre del 1968, la giunta militare decret\u00f2 la fine dei diritti civili e il paese precipit\u00f2 nel suo\" \/>\n<meta name=\"robots\" content=\"index, follow, max-snippet:-1, max-image-preview:large, max-video-preview:-1\" \/>\n<link rel=\"canonical\" href=\"https:\/\/www.pressenza.com\/it\/2019\/11\/brasile-marielle-franco-e-il-portinaio-di-bolsonaro\/\" \/>\n<meta property=\"og:locale\" content=\"it_IT\" \/>\n<meta property=\"og:type\" content=\"article\" \/>\n<meta property=\"og:title\" content=\"Brasile: Marielle Franco e il portinaio di Bolsonaro\" \/>\n<meta property=\"og:description\" content=\"AI-5. Atto Istituzionale n\u00ba 5. Era il tredici dicembre del 1968, la giunta militare decret\u00f2 la fine dei diritti civili e il paese precipit\u00f2 nel suo\" \/>\n<meta property=\"og:url\" content=\"https:\/\/www.pressenza.com\/it\/2019\/11\/brasile-marielle-franco-e-il-portinaio-di-bolsonaro\/\" \/>\n<meta property=\"og:site_name\" content=\"Pressenza\" \/>\n<meta property=\"article:publisher\" content=\"https:\/\/www.facebook.com\/PressenzaItalia\" \/>\n<meta property=\"article:published_time\" content=\"2019-11-01T13:21:36+00:00\" \/>\n<meta property=\"article:modified_time\" content=\"2019-11-01T13:48:20+00:00\" \/>\n<meta property=\"og:image\" content=\"https:\/\/www.pressenza.com\/wp-content\/uploads\/2019\/03\/800px-Marielle_presente_hoje_e_sempre_2.jpg\" \/>\n\t<meta property=\"og:image:width\" content=\"800\" \/>\n\t<meta property=\"og:image:height\" content=\"532\" \/>\n\t<meta property=\"og:image:type\" content=\"image\/jpeg\" \/>\n<meta name=\"author\" content=\"Paolo D&#039;Aprile\" \/>\n<meta name=\"twitter:card\" content=\"summary_large_image\" \/>\n<meta name=\"twitter:creator\" content=\"@PressenzaIPA\" \/>\n<meta name=\"twitter:site\" content=\"@PressenzaIPA\" \/>\n<meta name=\"twitter:label1\" content=\"Scritto da\" \/>\n\t<meta name=\"twitter:data1\" content=\"Paolo D&#039;Aprile\" \/>\n\t<meta name=\"twitter:label2\" content=\"Tempo di lettura stimato\" \/>\n\t<meta name=\"twitter:data2\" content=\"5 minuti\" \/>\n<script type=\"application\/ld+json\" class=\"yoast-schema-graph\">{\"@context\":\"https:\/\/schema.org\",\"@graph\":[{\"@type\":\"Article\",\"@id\":\"https:\/\/www.pressenza.com\/it\/2019\/11\/brasile-marielle-franco-e-il-portinaio-di-bolsonaro\/#article\",\"isPartOf\":{\"@id\":\"https:\/\/www.pressenza.com\/it\/2019\/11\/brasile-marielle-franco-e-il-portinaio-di-bolsonaro\/\"},\"author\":{\"name\":\"Paolo D'Aprile\",\"@id\":\"https:\/\/www.pressenza.com\/it\/#\/schema\/person\/b7683f6cc5b4992d9641abb1dd2b2c7a\"},\"headline\":\"Brasile: Marielle Franco e il portinaio di Bolsonaro\",\"datePublished\":\"2019-11-01T13:21:36+00:00\",\"dateModified\":\"2019-11-01T13:48:20+00:00\",\"mainEntityOfPage\":{\"@id\":\"https:\/\/www.pressenza.com\/it\/2019\/11\/brasile-marielle-franco-e-il-portinaio-di-bolsonaro\/\"},\"wordCount\":1013,\"publisher\":{\"@id\":\"https:\/\/www.pressenza.com\/it\/#organization\"},\"image\":{\"@id\":\"https:\/\/www.pressenza.com\/it\/2019\/11\/brasile-marielle-franco-e-il-portinaio-di-bolsonaro\/#primaryimage\"},\"thumbnailUrl\":\"https:\/\/www.pressenza.com\/wp-content\/uploads\/2019\/03\/800px-Marielle_presente_hoje_e_sempre_2.jpg\",\"keywords\":[\"Brasile\",\"Jair Bolsonaro\",\"Marielle Franco\"],\"articleSection\":[\"contenuti originali\",\"Diritti Umani\",\"Internazionale\",\"Opinioni\",\"Politica\",\"Sud America\"],\"inLanguage\":\"it-IT\"},{\"@type\":\"WebPage\",\"@id\":\"https:\/\/www.pressenza.com\/it\/2019\/11\/brasile-marielle-franco-e-il-portinaio-di-bolsonaro\/\",\"url\":\"https:\/\/www.pressenza.com\/it\/2019\/11\/brasile-marielle-franco-e-il-portinaio-di-bolsonaro\/\",\"name\":\"Brasile: Marielle Franco e il portinaio di Bolsonaro\",\"isPartOf\":{\"@id\":\"https:\/\/www.pressenza.com\/it\/#website\"},\"primaryImageOfPage\":{\"@id\":\"https:\/\/www.pressenza.com\/it\/2019\/11\/brasile-marielle-franco-e-il-portinaio-di-bolsonaro\/#primaryimage\"},\"image\":{\"@id\":\"https:\/\/www.pressenza.com\/it\/2019\/11\/brasile-marielle-franco-e-il-portinaio-di-bolsonaro\/#primaryimage\"},\"thumbnailUrl\":\"https:\/\/www.pressenza.com\/wp-content\/uploads\/2019\/03\/800px-Marielle_presente_hoje_e_sempre_2.jpg\",\"datePublished\":\"2019-11-01T13:21:36+00:00\",\"dateModified\":\"2019-11-01T13:48:20+00:00\",\"description\":\"AI-5. Atto Istituzionale n\u00ba 5. Era il tredici dicembre del 1968, la giunta militare decret\u00f2 la fine dei diritti civili e il paese precipit\u00f2 nel suo\",\"breadcrumb\":{\"@id\":\"https:\/\/www.pressenza.com\/it\/2019\/11\/brasile-marielle-franco-e-il-portinaio-di-bolsonaro\/#breadcrumb\"},\"inLanguage\":\"it-IT\",\"potentialAction\":[{\"@type\":\"ReadAction\",\"target\":[\"https:\/\/www.pressenza.com\/it\/2019\/11\/brasile-marielle-franco-e-il-portinaio-di-bolsonaro\/\"]}]},{\"@type\":\"ImageObject\",\"inLanguage\":\"it-IT\",\"@id\":\"https:\/\/www.pressenza.com\/it\/2019\/11\/brasile-marielle-franco-e-il-portinaio-di-bolsonaro\/#primaryimage\",\"url\":\"https:\/\/www.pressenza.com\/wp-content\/uploads\/2019\/03\/800px-Marielle_presente_hoje_e_sempre_2.jpg\",\"contentUrl\":\"https:\/\/www.pressenza.com\/wp-content\/uploads\/2019\/03\/800px-Marielle_presente_hoje_e_sempre_2.jpg\",\"width\":800,\"height\":532,\"caption\":\"Marielle Franco\"},{\"@type\":\"BreadcrumbList\",\"@id\":\"https:\/\/www.pressenza.com\/it\/2019\/11\/brasile-marielle-franco-e-il-portinaio-di-bolsonaro\/#breadcrumb\",\"itemListElement\":[{\"@type\":\"ListItem\",\"position\":1,\"name\":\"Accueil\",\"item\":\"https:\/\/www.pressenza.com\/it\/\"},{\"@type\":\"ListItem\",\"position\":2,\"name\":\"Brasile: Marielle Franco e il portinaio di Bolsonaro\"}]},{\"@type\":\"WebSite\",\"@id\":\"https:\/\/www.pressenza.com\/it\/#website\",\"url\":\"https:\/\/www.pressenza.com\/it\/\",\"name\":\"Pressenza\",\"description\":\"Agenzia di Stampa Internazionale\",\"publisher\":{\"@id\":\"https:\/\/www.pressenza.com\/it\/#organization\"},\"potentialAction\":[{\"@type\":\"SearchAction\",\"target\":{\"@type\":\"EntryPoint\",\"urlTemplate\":\"https:\/\/www.pressenza.com\/it\/?s={search_term_string}\"},\"query-input\":{\"@type\":\"PropertyValueSpecification\",\"valueRequired\":true,\"valueName\":\"search_term_string\"}}],\"inLanguage\":\"it-IT\"},{\"@type\":\"Organization\",\"@id\":\"https:\/\/www.pressenza.com\/it\/#organization\",\"name\":\"Pressenza\",\"url\":\"https:\/\/www.pressenza.com\/it\/\",\"logo\":{\"@type\":\"ImageObject\",\"inLanguage\":\"it-IT\",\"@id\":\"https:\/\/www.pressenza.com\/it\/#\/schema\/logo\/image\/\",\"url\":\"https:\/\/www.pressenza.com\/wp-content\/uploads\/2022\/10\/pressenza_logo_200x200.jpg\",\"contentUrl\":\"https:\/\/www.pressenza.com\/wp-content\/uploads\/2022\/10\/pressenza_logo_200x200.jpg\",\"width\":200,\"height\":200,\"caption\":\"Pressenza\"},\"image\":{\"@id\":\"https:\/\/www.pressenza.com\/it\/#\/schema\/logo\/image\/\"},\"sameAs\":[\"https:\/\/www.facebook.com\/PressenzaItalia\",\"https:\/\/x.com\/PressenzaIPA\"]},{\"@type\":\"Person\",\"@id\":\"https:\/\/www.pressenza.com\/it\/#\/schema\/person\/b7683f6cc5b4992d9641abb1dd2b2c7a\",\"name\":\"Paolo D'Aprile\",\"description\":\"Nasco nel 1963... sono un uomo di mezza et\u00e0! Vivo a S\u00e3o Paulo dal 1989 e il mio lavoro di fisioterapista mi ha portato in contatto con le situazioni estreme della citt\u00e0, dalle favelas ai \\\"meninos de rua\\\". Ho partecipato a vari progetti di inclusione attraverso l'esercizio dei diritti civili. Da grande voglio fare il calciatore, l'astronauta e il pompiere.\",\"url\":\"https:\/\/www.pressenza.com\/it\/author\/paolo-daprile\/\"}]}<\/script>\n<!-- \/ Yoast SEO plugin. -->","yoast_head_json":{"title":"Brasile: Marielle Franco e il portinaio di Bolsonaro","description":"AI-5. Atto Istituzionale n\u00ba 5. Era il tredici dicembre del 1968, la giunta militare decret\u00f2 la fine dei diritti civili e il paese precipit\u00f2 nel suo","robots":{"index":"index","follow":"follow","max-snippet":"max-snippet:-1","max-image-preview":"max-image-preview:large","max-video-preview":"max-video-preview:-1"},"canonical":"https:\/\/www.pressenza.com\/it\/2019\/11\/brasile-marielle-franco-e-il-portinaio-di-bolsonaro\/","og_locale":"it_IT","og_type":"article","og_title":"Brasile: Marielle Franco e il portinaio di Bolsonaro","og_description":"AI-5. Atto Istituzionale n\u00ba 5. Era il tredici dicembre del 1968, la giunta militare decret\u00f2 la fine dei diritti civili e il paese precipit\u00f2 nel suo","og_url":"https:\/\/www.pressenza.com\/it\/2019\/11\/brasile-marielle-franco-e-il-portinaio-di-bolsonaro\/","og_site_name":"Pressenza","article_publisher":"https:\/\/www.facebook.com\/PressenzaItalia","article_published_time":"2019-11-01T13:21:36+00:00","article_modified_time":"2019-11-01T13:48:20+00:00","og_image":[{"width":800,"height":532,"url":"https:\/\/www.pressenza.com\/wp-content\/uploads\/2019\/03\/800px-Marielle_presente_hoje_e_sempre_2.jpg","type":"image\/jpeg"}],"author":"Paolo D'Aprile","twitter_card":"summary_large_image","twitter_creator":"@PressenzaIPA","twitter_site":"@PressenzaIPA","twitter_misc":{"Scritto da":"Paolo D'Aprile","Tempo di lettura stimato":"5 minuti"},"schema":{"@context":"https:\/\/schema.org","@graph":[{"@type":"Article","@id":"https:\/\/www.pressenza.com\/it\/2019\/11\/brasile-marielle-franco-e-il-portinaio-di-bolsonaro\/#article","isPartOf":{"@id":"https:\/\/www.pressenza.com\/it\/2019\/11\/brasile-marielle-franco-e-il-portinaio-di-bolsonaro\/"},"author":{"name":"Paolo D'Aprile","@id":"https:\/\/www.pressenza.com\/it\/#\/schema\/person\/b7683f6cc5b4992d9641abb1dd2b2c7a"},"headline":"Brasile: Marielle Franco e il portinaio di Bolsonaro","datePublished":"2019-11-01T13:21:36+00:00","dateModified":"2019-11-01T13:48:20+00:00","mainEntityOfPage":{"@id":"https:\/\/www.pressenza.com\/it\/2019\/11\/brasile-marielle-franco-e-il-portinaio-di-bolsonaro\/"},"wordCount":1013,"publisher":{"@id":"https:\/\/www.pressenza.com\/it\/#organization"},"image":{"@id":"https:\/\/www.pressenza.com\/it\/2019\/11\/brasile-marielle-franco-e-il-portinaio-di-bolsonaro\/#primaryimage"},"thumbnailUrl":"https:\/\/www.pressenza.com\/wp-content\/uploads\/2019\/03\/800px-Marielle_presente_hoje_e_sempre_2.jpg","keywords":["Brasile","Jair Bolsonaro","Marielle Franco"],"articleSection":["contenuti originali","Diritti Umani","Internazionale","Opinioni","Politica","Sud America"],"inLanguage":"it-IT"},{"@type":"WebPage","@id":"https:\/\/www.pressenza.com\/it\/2019\/11\/brasile-marielle-franco-e-il-portinaio-di-bolsonaro\/","url":"https:\/\/www.pressenza.com\/it\/2019\/11\/brasile-marielle-franco-e-il-portinaio-di-bolsonaro\/","name":"Brasile: Marielle Franco e il portinaio di Bolsonaro","isPartOf":{"@id":"https:\/\/www.pressenza.com\/it\/#website"},"primaryImageOfPage":{"@id":"https:\/\/www.pressenza.com\/it\/2019\/11\/brasile-marielle-franco-e-il-portinaio-di-bolsonaro\/#primaryimage"},"image":{"@id":"https:\/\/www.pressenza.com\/it\/2019\/11\/brasile-marielle-franco-e-il-portinaio-di-bolsonaro\/#primaryimage"},"thumbnailUrl":"https:\/\/www.pressenza.com\/wp-content\/uploads\/2019\/03\/800px-Marielle_presente_hoje_e_sempre_2.jpg","datePublished":"2019-11-01T13:21:36+00:00","dateModified":"2019-11-01T13:48:20+00:00","description":"AI-5. Atto Istituzionale n\u00ba 5. Era il tredici dicembre del 1968, la giunta militare decret\u00f2 la fine dei diritti civili e il paese precipit\u00f2 nel suo","breadcrumb":{"@id":"https:\/\/www.pressenza.com\/it\/2019\/11\/brasile-marielle-franco-e-il-portinaio-di-bolsonaro\/#breadcrumb"},"inLanguage":"it-IT","potentialAction":[{"@type":"ReadAction","target":["https:\/\/www.pressenza.com\/it\/2019\/11\/brasile-marielle-franco-e-il-portinaio-di-bolsonaro\/"]}]},{"@type":"ImageObject","inLanguage":"it-IT","@id":"https:\/\/www.pressenza.com\/it\/2019\/11\/brasile-marielle-franco-e-il-portinaio-di-bolsonaro\/#primaryimage","url":"https:\/\/www.pressenza.com\/wp-content\/uploads\/2019\/03\/800px-Marielle_presente_hoje_e_sempre_2.jpg","contentUrl":"https:\/\/www.pressenza.com\/wp-content\/uploads\/2019\/03\/800px-Marielle_presente_hoje_e_sempre_2.jpg","width":800,"height":532,"caption":"Marielle Franco"},{"@type":"BreadcrumbList","@id":"https:\/\/www.pressenza.com\/it\/2019\/11\/brasile-marielle-franco-e-il-portinaio-di-bolsonaro\/#breadcrumb","itemListElement":[{"@type":"ListItem","position":1,"name":"Accueil","item":"https:\/\/www.pressenza.com\/it\/"},{"@type":"ListItem","position":2,"name":"Brasile: Marielle Franco e il portinaio di Bolsonaro"}]},{"@type":"WebSite","@id":"https:\/\/www.pressenza.com\/it\/#website","url":"https:\/\/www.pressenza.com\/it\/","name":"Pressenza","description":"Agenzia di Stampa Internazionale","publisher":{"@id":"https:\/\/www.pressenza.com\/it\/#organization"},"potentialAction":[{"@type":"SearchAction","target":{"@type":"EntryPoint","urlTemplate":"https:\/\/www.pressenza.com\/it\/?s={search_term_string}"},"query-input":{"@type":"PropertyValueSpecification","valueRequired":true,"valueName":"search_term_string"}}],"inLanguage":"it-IT"},{"@type":"Organization","@id":"https:\/\/www.pressenza.com\/it\/#organization","name":"Pressenza","url":"https:\/\/www.pressenza.com\/it\/","logo":{"@type":"ImageObject","inLanguage":"it-IT","@id":"https:\/\/www.pressenza.com\/it\/#\/schema\/logo\/image\/","url":"https:\/\/www.pressenza.com\/wp-content\/uploads\/2022\/10\/pressenza_logo_200x200.jpg","contentUrl":"https:\/\/www.pressenza.com\/wp-content\/uploads\/2022\/10\/pressenza_logo_200x200.jpg","width":200,"height":200,"caption":"Pressenza"},"image":{"@id":"https:\/\/www.pressenza.com\/it\/#\/schema\/logo\/image\/"},"sameAs":["https:\/\/www.facebook.com\/PressenzaItalia","https:\/\/x.com\/PressenzaIPA"]},{"@type":"Person","@id":"https:\/\/www.pressenza.com\/it\/#\/schema\/person\/b7683f6cc5b4992d9641abb1dd2b2c7a","name":"Paolo D'Aprile","description":"Nasco nel 1963... sono un uomo di mezza et\u00e0! Vivo a S\u00e3o Paulo dal 1989 e il mio lavoro di fisioterapista mi ha portato in contatto con le situazioni estreme della citt\u00e0, dalle favelas ai \"meninos de rua\". Ho partecipato a vari progetti di inclusione attraverso l'esercizio dei diritti civili. Da grande voglio fare il calciatore, l'astronauta e il pompiere.","url":"https:\/\/www.pressenza.com\/it\/author\/paolo-daprile\/"}]}},"place":"","original_article_url":"","_links":{"self":[{"href":"https:\/\/www.pressenza.com\/it\/wp-json\/wp\/v2\/posts\/959844","targetHints":{"allow":["GET"]}}],"collection":[{"href":"https:\/\/www.pressenza.com\/it\/wp-json\/wp\/v2\/posts"}],"about":[{"href":"https:\/\/www.pressenza.com\/it\/wp-json\/wp\/v2\/types\/post"}],"author":[{"embeddable":true,"href":"https:\/\/www.pressenza.com\/it\/wp-json\/wp\/v2\/users\/1567"}],"replies":[{"embeddable":true,"href":"https:\/\/www.pressenza.com\/it\/wp-json\/wp\/v2\/comments?post=959844"}],"version-history":[{"count":0,"href":"https:\/\/www.pressenza.com\/it\/wp-json\/wp\/v2\/posts\/959844\/revisions"}],"wp:featuredmedia":[{"embeddable":true,"href":"https:\/\/www.pressenza.com\/it\/wp-json\/wp\/v2\/media\/822572"}],"wp:attachment":[{"href":"https:\/\/www.pressenza.com\/it\/wp-json\/wp\/v2\/media?parent=959844"}],"wp:term":[{"taxonomy":"category","embeddable":true,"href":"https:\/\/www.pressenza.com\/it\/wp-json\/wp\/v2\/categories?post=959844"},{"taxonomy":"post_tag","embeddable":true,"href":"https:\/\/www.pressenza.com\/it\/wp-json\/wp\/v2\/tags?post=959844"}],"curies":[{"name":"wp","href":"https:\/\/api.w.org\/{rel}","templated":true}]}}