{"id":9537,"date":"2012-06-19T00:00:00","date_gmt":"2012-06-19T00:00:00","guid":{"rendered":""},"modified":"2012-06-21T06:15:26","modified_gmt":"2012-06-21T06:15:26","slug":"riox20-x-concluso-il-dibattito-tra-le-delegazioni","status":"publish","type":"post","link":"https:\/\/www.pressenza.com\/it\/2012\/06\/riox20-x-concluso-il-dibattito-tra-le-delegazioni\/","title":{"rendered":"Rio+20 : concluso il dibattito tra le delegazioni"},"content":{"rendered":"<p>Il maggiore disaccordo ruota intorno al concetto di green economy, fulcro del documento, e sui meccanismi concreti di implementazione degli accordi stessi.<\/p>\n<p>Le delegazioni hanno continuato a lavorare tutto il fine settimana e luned\u00ec la presidenza della conferenza preliminare \u00e8 passata al Brasile.<\/p>\n<p>Da qui la svolta. Il Brasile ha deciso di ridurre sostanzialmente il documento eliminando pagine di paragrafi e temi che non sono considerati prioritari e intorno ai quali continuava ad esserci disaccordo. Allo stesso tempo ha deciso di ridurre i gruppi di lavoro a 4 tra i quali giustamente il gruppo riguardante proprio la green economy. Cos\u00ec il processo \u00e8 stato accelerato e oggi \u00e8 circolato il documento finale delle delegazioni. Il cosiddetto gruppo dei 77 con la partecipazione di alcuni paesi africani, i paesi ALBA (Alleanza Boliviana per i Paesi dell\u2019America) e l&#8217;India hanno giocato un ruolo importante per apportare diverse posizioni al dibattito.<br \/>\nSebbene in un primo momento si era detto che non si sarebbero aperte ulteriori discussioni sul documento pubblicato, il Brasile si \u00e8 pronunciato indicando che \u00e8 necessario tornare ad aprire il dibattito e ascoltare di pi\u00f9 i movimenti sociali. Domani inizia la Conferenza Ufficiale con l\u2019assenza di alcuni mandatari e, anche se le aspettative dei movimenti sociali e alcune  delegazioni, come la Bolivia sono scettiche, mancano ancora tre giorni per conoscere il risultato di questa Conferenza che secondo i movimenti sar\u00e0 un insuccesso.<\/p>\n<p>Pubblichiamo qui il [documento](http:\/\/www.pressenza.com\/npermalink\/riox20-official-documentx-the-future-we-want)<br \/>\n menzionato per i lettori di Presenza (versione inglese) <\/p>\n<p>Tradotto da Eleonora Albini<\/p>\n","protected":false},"excerpt":{"rendered":"<p>Il pre-summit di Rio+20 \u00e8 iniziato il 13 di giugno ed era previsto che terminasse sabato 16. Le delegazioni ufficiali dei governi dovevano arrivare ad un accordo sul cosiddetto Documento Zero. Ma a quel momento, solamente il 30% del consenso era stato raggiunto.                                                            <\/p>\n","protected":false},"author":454,"featured_media":0,"comment_status":"closed","ping_status":"open","sticky":false,"template":"","format":"standard","meta":{"footnotes":""},"categories":[59,38,48],"tags":[],"class_list":["post-9537","post","type-post","status-publish","format-standard","hentry","category-ambiente-ecologia","category-internazionale","category-sud-america"],"yoast_head":"<!-- This site is optimized with the Yoast SEO plugin v27.1.1 - https:\/\/yoast.com\/product\/yoast-seo-wordpress\/ -->\n<title>Rio+20 : concluso il dibattito tra le delegazioni<\/title>\n<meta name=\"description\" content=\"Il pre-summit di Rio+20 \u00e8 iniziato il 13 di giugno ed era previsto che terminasse sabato 16. Le delegazioni ufficiali dei governi dovevano arrivare ad un accordo sul cosiddetto Documento Zero. Ma a quel momento, solamente il 30% del consenso era stato raggiunto.\" \/>\n<meta name=\"robots\" content=\"index, follow, max-snippet:-1, max-image-preview:large, max-video-preview:-1\" \/>\n<link rel=\"canonical\" href=\"https:\/\/www.pressenza.com\/it\/2012\/06\/riox20-x-concluso-il-dibattito-tra-le-delegazioni\/\" \/>\n<meta property=\"og:locale\" content=\"it_IT\" \/>\n<meta property=\"og:type\" content=\"article\" \/>\n<meta property=\"og:title\" content=\"Rio+20 : concluso il dibattito tra le delegazioni\" \/>\n<meta property=\"og:description\" content=\"Il pre-summit di Rio+20 \u00e8 iniziato il 13 di giugno ed era previsto che terminasse sabato 16. Le delegazioni ufficiali dei governi dovevano arrivare ad un accordo sul cosiddetto Documento Zero. Ma a quel momento, solamente il 30% del consenso era stato raggiunto.\" \/>\n<meta property=\"og:url\" content=\"https:\/\/www.pressenza.com\/it\/2012\/06\/riox20-x-concluso-il-dibattito-tra-le-delegazioni\/\" \/>\n<meta property=\"og:site_name\" content=\"Pressenza\" \/>\n<meta property=\"article:publisher\" content=\"https:\/\/www.facebook.com\/PressenzaItalia\" \/>\n<meta property=\"article:published_time\" content=\"2012-06-19T00:00:00+00:00\" \/>\n<meta property=\"article:modified_time\" content=\"2012-06-21T06:15:26+00:00\" \/>\n<meta name=\"author\" content=\"Nelsy Lizarazo\" \/>\n<meta name=\"twitter:card\" content=\"summary_large_image\" \/>\n<meta name=\"twitter:creator\" content=\"@PressenzaIPA\" \/>\n<meta name=\"twitter:site\" content=\"@PressenzaIPA\" \/>\n<meta name=\"twitter:label1\" content=\"Scritto da\" \/>\n\t<meta name=\"twitter:data1\" content=\"Nelsy Lizarazo\" \/>\n\t<meta name=\"twitter:label2\" content=\"Tempo di lettura stimato\" \/>\n\t<meta name=\"twitter:data2\" content=\"1 minuto\" \/>\n<script type=\"application\/ld+json\" class=\"yoast-schema-graph\">{\"@context\":\"https:\/\/schema.org\",\"@graph\":[{\"@type\":\"Article\",\"@id\":\"https:\/\/www.pressenza.com\/it\/2012\/06\/riox20-x-concluso-il-dibattito-tra-le-delegazioni\/#article\",\"isPartOf\":{\"@id\":\"https:\/\/www.pressenza.com\/it\/2012\/06\/riox20-x-concluso-il-dibattito-tra-le-delegazioni\/\"},\"author\":{\"name\":\"Nelsy Lizarazo\",\"@id\":\"https:\/\/www.pressenza.com\/it\/#\/schema\/person\/25aa5b5c387ba3badce63b165da09f9c\"},\"headline\":\"Rio+20 : concluso il dibattito tra le delegazioni\",\"datePublished\":\"2012-06-19T00:00:00+00:00\",\"dateModified\":\"2012-06-21T06:15:26+00:00\",\"mainEntityOfPage\":{\"@id\":\"https:\/\/www.pressenza.com\/it\/2012\/06\/riox20-x-concluso-il-dibattito-tra-le-delegazioni\/\"},\"wordCount\":257,\"publisher\":{\"@id\":\"https:\/\/www.pressenza.com\/it\/#organization\"},\"articleSection\":[\"Ecologia ed Ambiente\",\"Internazionale\",\"Sud America\"],\"inLanguage\":\"it-IT\"},{\"@type\":\"WebPage\",\"@id\":\"https:\/\/www.pressenza.com\/it\/2012\/06\/riox20-x-concluso-il-dibattito-tra-le-delegazioni\/\",\"url\":\"https:\/\/www.pressenza.com\/it\/2012\/06\/riox20-x-concluso-il-dibattito-tra-le-delegazioni\/\",\"name\":\"Rio+20 : concluso il dibattito tra le delegazioni\",\"isPartOf\":{\"@id\":\"https:\/\/www.pressenza.com\/it\/#website\"},\"datePublished\":\"2012-06-19T00:00:00+00:00\",\"dateModified\":\"2012-06-21T06:15:26+00:00\",\"description\":\"Il pre-summit di Rio+20 \u00e8 iniziato il 13 di giugno ed era previsto che terminasse sabato 16. Le delegazioni ufficiali dei governi dovevano arrivare ad un accordo sul cosiddetto Documento Zero. Ma a quel momento, solamente il 30% del consenso era stato raggiunto.\",\"breadcrumb\":{\"@id\":\"https:\/\/www.pressenza.com\/it\/2012\/06\/riox20-x-concluso-il-dibattito-tra-le-delegazioni\/#breadcrumb\"},\"inLanguage\":\"it-IT\",\"potentialAction\":[{\"@type\":\"ReadAction\",\"target\":[\"https:\/\/www.pressenza.com\/it\/2012\/06\/riox20-x-concluso-il-dibattito-tra-le-delegazioni\/\"]}]},{\"@type\":\"BreadcrumbList\",\"@id\":\"https:\/\/www.pressenza.com\/it\/2012\/06\/riox20-x-concluso-il-dibattito-tra-le-delegazioni\/#breadcrumb\",\"itemListElement\":[{\"@type\":\"ListItem\",\"position\":1,\"name\":\"Accueil\",\"item\":\"https:\/\/www.pressenza.com\/it\/\"},{\"@type\":\"ListItem\",\"position\":2,\"name\":\"Rio+20 : concluso il dibattito tra le delegazioni\"}]},{\"@type\":\"WebSite\",\"@id\":\"https:\/\/www.pressenza.com\/it\/#website\",\"url\":\"https:\/\/www.pressenza.com\/it\/\",\"name\":\"Pressenza\",\"description\":\"Agenzia di Stampa Internazionale\",\"publisher\":{\"@id\":\"https:\/\/www.pressenza.com\/it\/#organization\"},\"potentialAction\":[{\"@type\":\"SearchAction\",\"target\":{\"@type\":\"EntryPoint\",\"urlTemplate\":\"https:\/\/www.pressenza.com\/it\/?s={search_term_string}\"},\"query-input\":{\"@type\":\"PropertyValueSpecification\",\"valueRequired\":true,\"valueName\":\"search_term_string\"}}],\"inLanguage\":\"it-IT\"},{\"@type\":\"Organization\",\"@id\":\"https:\/\/www.pressenza.com\/it\/#organization\",\"name\":\"Pressenza\",\"url\":\"https:\/\/www.pressenza.com\/it\/\",\"logo\":{\"@type\":\"ImageObject\",\"inLanguage\":\"it-IT\",\"@id\":\"https:\/\/www.pressenza.com\/it\/#\/schema\/logo\/image\/\",\"url\":\"https:\/\/www.pressenza.com\/wp-content\/uploads\/2022\/10\/pressenza_logo_200x200.jpg\",\"contentUrl\":\"https:\/\/www.pressenza.com\/wp-content\/uploads\/2022\/10\/pressenza_logo_200x200.jpg\",\"width\":200,\"height\":200,\"caption\":\"Pressenza\"},\"image\":{\"@id\":\"https:\/\/www.pressenza.com\/it\/#\/schema\/logo\/image\/\"},\"sameAs\":[\"https:\/\/www.facebook.com\/PressenzaItalia\",\"https:\/\/x.com\/PressenzaIPA\"]},{\"@type\":\"Person\",\"@id\":\"https:\/\/www.pressenza.com\/it\/#\/schema\/person\/25aa5b5c387ba3badce63b165da09f9c\",\"name\":\"Nelsy Lizarazo\",\"description\":\"Nelsy Lizarazo, Colombian, living in Quito, Ecuador. Professional background in philosophy, literature, political sciences and international relations.\",\"url\":\"https:\/\/www.pressenza.com\/it\/author\/nelsy-lizarazo\/\"}]}<\/script>\n<!-- \/ Yoast SEO plugin. -->","yoast_head_json":{"title":"Rio+20 : concluso il dibattito tra le delegazioni","description":"Il pre-summit di Rio+20 \u00e8 iniziato il 13 di giugno ed era previsto che terminasse sabato 16. Le delegazioni ufficiali dei governi dovevano arrivare ad un accordo sul cosiddetto Documento Zero. Ma a quel momento, solamente il 30% del consenso era stato raggiunto.","robots":{"index":"index","follow":"follow","max-snippet":"max-snippet:-1","max-image-preview":"max-image-preview:large","max-video-preview":"max-video-preview:-1"},"canonical":"https:\/\/www.pressenza.com\/it\/2012\/06\/riox20-x-concluso-il-dibattito-tra-le-delegazioni\/","og_locale":"it_IT","og_type":"article","og_title":"Rio+20 : concluso il dibattito tra le delegazioni","og_description":"Il pre-summit di Rio+20 \u00e8 iniziato il 13 di giugno ed era previsto che terminasse sabato 16. Le delegazioni ufficiali dei governi dovevano arrivare ad un accordo sul cosiddetto Documento Zero. Ma a quel momento, solamente il 30% del consenso era stato raggiunto.","og_url":"https:\/\/www.pressenza.com\/it\/2012\/06\/riox20-x-concluso-il-dibattito-tra-le-delegazioni\/","og_site_name":"Pressenza","article_publisher":"https:\/\/www.facebook.com\/PressenzaItalia","article_published_time":"2012-06-19T00:00:00+00:00","article_modified_time":"2012-06-21T06:15:26+00:00","author":"Nelsy Lizarazo","twitter_card":"summary_large_image","twitter_creator":"@PressenzaIPA","twitter_site":"@PressenzaIPA","twitter_misc":{"Scritto da":"Nelsy Lizarazo","Tempo di lettura stimato":"1 minuto"},"schema":{"@context":"https:\/\/schema.org","@graph":[{"@type":"Article","@id":"https:\/\/www.pressenza.com\/it\/2012\/06\/riox20-x-concluso-il-dibattito-tra-le-delegazioni\/#article","isPartOf":{"@id":"https:\/\/www.pressenza.com\/it\/2012\/06\/riox20-x-concluso-il-dibattito-tra-le-delegazioni\/"},"author":{"name":"Nelsy Lizarazo","@id":"https:\/\/www.pressenza.com\/it\/#\/schema\/person\/25aa5b5c387ba3badce63b165da09f9c"},"headline":"Rio+20 : concluso il dibattito tra le delegazioni","datePublished":"2012-06-19T00:00:00+00:00","dateModified":"2012-06-21T06:15:26+00:00","mainEntityOfPage":{"@id":"https:\/\/www.pressenza.com\/it\/2012\/06\/riox20-x-concluso-il-dibattito-tra-le-delegazioni\/"},"wordCount":257,"publisher":{"@id":"https:\/\/www.pressenza.com\/it\/#organization"},"articleSection":["Ecologia ed Ambiente","Internazionale","Sud America"],"inLanguage":"it-IT"},{"@type":"WebPage","@id":"https:\/\/www.pressenza.com\/it\/2012\/06\/riox20-x-concluso-il-dibattito-tra-le-delegazioni\/","url":"https:\/\/www.pressenza.com\/it\/2012\/06\/riox20-x-concluso-il-dibattito-tra-le-delegazioni\/","name":"Rio+20 : concluso il dibattito tra le delegazioni","isPartOf":{"@id":"https:\/\/www.pressenza.com\/it\/#website"},"datePublished":"2012-06-19T00:00:00+00:00","dateModified":"2012-06-21T06:15:26+00:00","description":"Il pre-summit di Rio+20 \u00e8 iniziato il 13 di giugno ed era previsto che terminasse sabato 16. Le delegazioni ufficiali dei governi dovevano arrivare ad un accordo sul cosiddetto Documento Zero. Ma a quel momento, solamente il 30% del consenso era stato raggiunto.","breadcrumb":{"@id":"https:\/\/www.pressenza.com\/it\/2012\/06\/riox20-x-concluso-il-dibattito-tra-le-delegazioni\/#breadcrumb"},"inLanguage":"it-IT","potentialAction":[{"@type":"ReadAction","target":["https:\/\/www.pressenza.com\/it\/2012\/06\/riox20-x-concluso-il-dibattito-tra-le-delegazioni\/"]}]},{"@type":"BreadcrumbList","@id":"https:\/\/www.pressenza.com\/it\/2012\/06\/riox20-x-concluso-il-dibattito-tra-le-delegazioni\/#breadcrumb","itemListElement":[{"@type":"ListItem","position":1,"name":"Accueil","item":"https:\/\/www.pressenza.com\/it\/"},{"@type":"ListItem","position":2,"name":"Rio+20 : concluso il dibattito tra le delegazioni"}]},{"@type":"WebSite","@id":"https:\/\/www.pressenza.com\/it\/#website","url":"https:\/\/www.pressenza.com\/it\/","name":"Pressenza","description":"Agenzia di Stampa Internazionale","publisher":{"@id":"https:\/\/www.pressenza.com\/it\/#organization"},"potentialAction":[{"@type":"SearchAction","target":{"@type":"EntryPoint","urlTemplate":"https:\/\/www.pressenza.com\/it\/?s={search_term_string}"},"query-input":{"@type":"PropertyValueSpecification","valueRequired":true,"valueName":"search_term_string"}}],"inLanguage":"it-IT"},{"@type":"Organization","@id":"https:\/\/www.pressenza.com\/it\/#organization","name":"Pressenza","url":"https:\/\/www.pressenza.com\/it\/","logo":{"@type":"ImageObject","inLanguage":"it-IT","@id":"https:\/\/www.pressenza.com\/it\/#\/schema\/logo\/image\/","url":"https:\/\/www.pressenza.com\/wp-content\/uploads\/2022\/10\/pressenza_logo_200x200.jpg","contentUrl":"https:\/\/www.pressenza.com\/wp-content\/uploads\/2022\/10\/pressenza_logo_200x200.jpg","width":200,"height":200,"caption":"Pressenza"},"image":{"@id":"https:\/\/www.pressenza.com\/it\/#\/schema\/logo\/image\/"},"sameAs":["https:\/\/www.facebook.com\/PressenzaItalia","https:\/\/x.com\/PressenzaIPA"]},{"@type":"Person","@id":"https:\/\/www.pressenza.com\/it\/#\/schema\/person\/25aa5b5c387ba3badce63b165da09f9c","name":"Nelsy Lizarazo","description":"Nelsy Lizarazo, Colombian, living in Quito, Ecuador. Professional background in philosophy, literature, political sciences and international relations.","url":"https:\/\/www.pressenza.com\/it\/author\/nelsy-lizarazo\/"}]}},"place":"R\u00edo de Janeiro","original_article_url":"","_links":{"self":[{"href":"https:\/\/www.pressenza.com\/it\/wp-json\/wp\/v2\/posts\/9537","targetHints":{"allow":["GET"]}}],"collection":[{"href":"https:\/\/www.pressenza.com\/it\/wp-json\/wp\/v2\/posts"}],"about":[{"href":"https:\/\/www.pressenza.com\/it\/wp-json\/wp\/v2\/types\/post"}],"author":[{"embeddable":true,"href":"https:\/\/www.pressenza.com\/it\/wp-json\/wp\/v2\/users\/454"}],"replies":[{"embeddable":true,"href":"https:\/\/www.pressenza.com\/it\/wp-json\/wp\/v2\/comments?post=9537"}],"version-history":[{"count":0,"href":"https:\/\/www.pressenza.com\/it\/wp-json\/wp\/v2\/posts\/9537\/revisions"}],"wp:attachment":[{"href":"https:\/\/www.pressenza.com\/it\/wp-json\/wp\/v2\/media?parent=9537"}],"wp:term":[{"taxonomy":"category","embeddable":true,"href":"https:\/\/www.pressenza.com\/it\/wp-json\/wp\/v2\/categories?post=9537"},{"taxonomy":"post_tag","embeddable":true,"href":"https:\/\/www.pressenza.com\/it\/wp-json\/wp\/v2\/tags?post=9537"}],"curies":[{"name":"wp","href":"https:\/\/api.w.org\/{rel}","templated":true}]}}