{"id":953212,"date":"2019-11-03T11:27:02","date_gmt":"2019-11-03T11:27:02","guid":{"rendered":"https:\/\/www.pressenza.com\/?p=953212"},"modified":"2019-11-03T11:27:02","modified_gmt":"2019-11-03T11:27:02","slug":"ce-bisogno-di-nonviolenza","status":"publish","type":"post","link":"https:\/\/www.pressenza.com\/it\/2019\/11\/ce-bisogno-di-nonviolenza\/","title":{"rendered":"C&#8217;\u00e8 bisogno di nonviolenza"},"content":{"rendered":"<p>&#8220;<span lang=\"it-IT\">Le false soluzioni non possono porre termine alla violenza. Questo mondo sta per esplodere e non c\u2019\u00e8 modo di porre termine alla violenza!&#8221;(1)<\/span><\/p>\n<p>Una frase adeguata ai tempi di oggi? Veramente l&#8217;ha detta 50 anni fa un giovane (a 31 anni si \u00e8 giovani, in questa societ\u00e0 gerontocratica, no?) in cima a una montagna, parlando a 200 suoi amici e fondando un movimento.<\/p>\n<p>Per\u00f2 a me, a leggere questa frase e quel discorso mi viene in mente il mondo di oggi e questa sua ottusa incapacit\u00e0 ad occuparsi dei problemi di fondo. E uno dei problemi di fondo, forse il problema di fondo \u00e8 appunto quello della violenza.<\/p>\n<p>La violenza non si manifesta solo nel fatto fisico dell&#8217;aggressione, dell&#8217;uccisione, del suicidio, del rapimento, del picchiare ecc. Forse quello \u00e8 l&#8217;aspetto pi\u00f9 esteriore della violenza. La violenza pervade l&#8217;economia, l&#8217;educazione, le relazioni umane, il lavoro. Una violenza particolarmente evidente in questo momento riguarda la discriminazione che sfocia nel razzismo, nel sessismo, nell&#8217;emarginazione per cause etniche, di comportamento sessuale, di struttura morfologica (quanti disabili abbiamo ancora chiusi nelle case?).<\/p>\n<p>Ovunque mi giro vedo nella violenza la chiave di ogni sofferenza, di ogni ingiustizia, di ogni torto fatto a ciascuno e a tutti gli Esseri Umani.<\/p>\n<p>I giovani reclamano giustizia e non vengono ascoltati, i popoli reclamano una casa e non vengono ascoltati, ognuno di noi reclama una vita migliore e si arrabatta per tirare avanti la baracca, qualcuno non reclama perch\u00e9 da quando ho cominciato a scrivere \u00e8 morto di fame, quando c&#8217;\u00e8 cibo per tutti quanti.<\/p>\n<p>Ma, in qualche modo, sembra che non riusciamo ad alzare un pochino la testa per guardare avanti, perch\u00e9 la violenza pi\u00f9 &#8220;moderna&#8221; \u00e8 stata quella di rubarci il futuro.<\/p>\n<p>Negli eventi che narriamo in questi giorni c&#8217;\u00e8 evidente lo spartiacque tra violenza e nonviolenza: le pentole battute dai manifestanti contro gli idranti e i lacrimogeni dei carabineros cileni, le determinate ed ironiche proteste degli originari ecuadoriani contro l&#8217;indifferenza e il tradimento del governo, l&#8217;informazione capillare che circola via social sulle proteste di mezzo mondo contro l&#8217;informazione manipolata e propagandistica che circola su molti media main frame che fa vedere solo la violenza di alcuni manifestanti, l&#8217;azione capillare dei giovani (e non) di sensibilizzazione sul clima di fronte alla sostanziale immobilit\u00e0 dei governi a vedere l&#8217;emergenza e a prendere provvedimenti di radicale cambiamento di sistema.<\/p>\n<p>Credo che ognuno possa aggiungere anche piccoli esempi personali, perfino della vita quotidiana dove la risposta agli eventi, nonviolenta o violenta, diventa sempre pi\u00f9 cruciale per la propria stessa sopravvivenza.<\/p>\n<p>Ma risulta chiaro che se la nonviolenza deve cominciare dentro ognuno di noi ed esprimersi nel mondo, \u00e8 ugualmente indispensabile che nel mondo si moltiplichino gli spazi, gli ambiti in cui l&#8217;azione nonviolenta si possa manifestare, dove la gente possa lavorare insieme, scambiare esperienze e rafforzarsi reciprocamente nell&#8217;azione\u00a0 e nella comprensione. Pressenza vuole essere uno di questi spazi, a livello informativo, ove ogni azione nonviolenta, piccola o grande che sia, ha spazio per raccontarsi.<\/p>\n<p>La risposta nonviolenta \u00e8 una risposta alta, non immediata, necessita di costruzione, di pensiero, emozione ed azione, necessita di una intenzione trasformativa molto forte.<\/p>\n<p>Al tempo stesso la necessit\u00e0 della nonviolenza dovr\u00e0 derivare da un&#8217;urgente constatazione che questo sistema, basato sulla violenza, non funziona pi\u00f9 per nessuno e porta a una prossima catastrofe che se non sar\u00e0 ecologica sar\u00e0 sicuramente umana perch\u00e9 tocca in profondit\u00e0 il senso della vita dell&#8217;Essere Umano in questo pianeta, in questo segmento dell&#8217;Esistente.<\/p>\n<p>Cos\u00ec il compito dei nonviolenti \u00e8 quello di rimboccarsi le maniche e lavorare incessantemente per costruire ambiti, confortare, incoraggiare, approfondire: perch\u00e9 la nonviolenza \u00e8 necessari, urgente ed \u00e8 di tutti, per tutti.<\/p>\n<p>(1) Silo, <em>La Guarigione delle Sofferenza<\/em>, discorso pronunciato il 4 Maggio del 1969 a Punta de Vacas, ai piedi dell&#8217;Aconcagua. Si trova in <a href=\"http:\/\/www.multimage.org\/libri\/discorsi2\"><em>Discorsi<\/em><\/a>, Multimage, Firenze 2016<\/p>\n","protected":false},"excerpt":{"rendered":"<p>&#8220;Le false soluzioni non possono porre termine alla violenza. Questo mondo sta per esplodere e non c\u2019\u00e8 modo di porre termine alla violenza!&#8221;(1) Una frase adeguata ai tempi di oggi? Veramente l&#8217;ha detta 50 anni fa un giovane (a 31&hellip;<\/p>\n","protected":false},"author":10,"featured_media":729965,"comment_status":"closed","ping_status":"closed","sticky":false,"template":"","format":"standard","meta":{"footnotes":""},"categories":[11388,38,1262,162],"tags":[3194,460,1312,744],"class_list":["post-953212","post","type-post","status-publish","format-standard","has-post-thumbnail","hentry","category-contenuti-originali","category-internazionale","category-nonviolenza-argomento","category-opinioni","tag-essere-umano","tag-nonviolenza","tag-pressenza-it","tag-violenza"],"yoast_head":"<!-- This site is optimized with the Yoast SEO plugin v27.1.1 - https:\/\/yoast.com\/product\/yoast-seo-wordpress\/ -->\n<title>C&#039;\u00e8 bisogno di nonviolenza<\/title>\n<meta name=\"description\" content=\"&quot;Le false soluzioni non possono porre termine alla violenza. Questo mondo sta per esplodere e non c\u2019\u00e8 modo di porre termine alla violenza!&quot;(1) Una frase\" \/>\n<meta name=\"robots\" content=\"index, follow, max-snippet:-1, max-image-preview:large, max-video-preview:-1\" \/>\n<link rel=\"canonical\" href=\"https:\/\/www.pressenza.com\/it\/2019\/11\/ce-bisogno-di-nonviolenza\/\" \/>\n<meta property=\"og:locale\" content=\"it_IT\" \/>\n<meta property=\"og:type\" content=\"article\" \/>\n<meta property=\"og:title\" content=\"C&#039;\u00e8 bisogno di nonviolenza\" \/>\n<meta property=\"og:description\" content=\"&quot;Le false soluzioni non possono porre termine alla violenza. Questo mondo sta per esplodere e non c\u2019\u00e8 modo di porre termine alla violenza!&quot;(1) Una frase\" \/>\n<meta property=\"og:url\" content=\"https:\/\/www.pressenza.com\/it\/2019\/11\/ce-bisogno-di-nonviolenza\/\" \/>\n<meta property=\"og:site_name\" content=\"Pressenza\" \/>\n<meta property=\"article:publisher\" content=\"https:\/\/www.facebook.com\/PressenzaItalia\" \/>\n<meta property=\"article:published_time\" content=\"2019-11-03T11:27:02+00:00\" \/>\n<meta property=\"og:image\" content=\"https:\/\/www.pressenza.com\/wp-content\/uploads\/2018\/10\/FI-nonviolenza-cover.jpg\" \/>\n\t<meta property=\"og:image:width\" content=\"750\" \/>\n\t<meta property=\"og:image:height\" content=\"499\" \/>\n\t<meta property=\"og:image:type\" content=\"image\/jpeg\" \/>\n<meta name=\"author\" content=\"Olivier Turquet\" \/>\n<meta name=\"twitter:card\" content=\"summary_large_image\" \/>\n<meta name=\"twitter:creator\" content=\"@PressenzaIPA\" \/>\n<meta name=\"twitter:site\" content=\"@PressenzaIPA\" \/>\n<meta name=\"twitter:label1\" content=\"Scritto da\" \/>\n\t<meta name=\"twitter:data1\" content=\"Olivier Turquet\" \/>\n\t<meta name=\"twitter:label2\" content=\"Tempo di lettura stimato\" \/>\n\t<meta name=\"twitter:data2\" content=\"3 minuti\" \/>\n<script type=\"application\/ld+json\" class=\"yoast-schema-graph\">{\"@context\":\"https:\/\/schema.org\",\"@graph\":[{\"@type\":\"Article\",\"@id\":\"https:\/\/www.pressenza.com\/it\/2019\/11\/ce-bisogno-di-nonviolenza\/#article\",\"isPartOf\":{\"@id\":\"https:\/\/www.pressenza.com\/it\/2019\/11\/ce-bisogno-di-nonviolenza\/\"},\"author\":{\"name\":\"Olivier Turquet\",\"@id\":\"https:\/\/www.pressenza.com\/it\/#\/schema\/person\/636f8feb51f63f34e7378d5fcdd1de53\"},\"headline\":\"C&#8217;\u00e8 bisogno di nonviolenza\",\"datePublished\":\"2019-11-03T11:27:02+00:00\",\"mainEntityOfPage\":{\"@id\":\"https:\/\/www.pressenza.com\/it\/2019\/11\/ce-bisogno-di-nonviolenza\/\"},\"wordCount\":635,\"publisher\":{\"@id\":\"https:\/\/www.pressenza.com\/it\/#organization\"},\"image\":{\"@id\":\"https:\/\/www.pressenza.com\/it\/2019\/11\/ce-bisogno-di-nonviolenza\/#primaryimage\"},\"thumbnailUrl\":\"https:\/\/www.pressenza.com\/wp-content\/uploads\/2018\/10\/FI-nonviolenza-cover.jpg\",\"keywords\":[\"Essere Umano\",\"nonviolenza\",\"Pressenza\",\"violenza\"],\"articleSection\":[\"contenuti originali\",\"Internazionale\",\"Nonviolenza\",\"Opinioni\"],\"inLanguage\":\"it-IT\"},{\"@type\":\"WebPage\",\"@id\":\"https:\/\/www.pressenza.com\/it\/2019\/11\/ce-bisogno-di-nonviolenza\/\",\"url\":\"https:\/\/www.pressenza.com\/it\/2019\/11\/ce-bisogno-di-nonviolenza\/\",\"name\":\"C'\u00e8 bisogno di nonviolenza\",\"isPartOf\":{\"@id\":\"https:\/\/www.pressenza.com\/it\/#website\"},\"primaryImageOfPage\":{\"@id\":\"https:\/\/www.pressenza.com\/it\/2019\/11\/ce-bisogno-di-nonviolenza\/#primaryimage\"},\"image\":{\"@id\":\"https:\/\/www.pressenza.com\/it\/2019\/11\/ce-bisogno-di-nonviolenza\/#primaryimage\"},\"thumbnailUrl\":\"https:\/\/www.pressenza.com\/wp-content\/uploads\/2018\/10\/FI-nonviolenza-cover.jpg\",\"datePublished\":\"2019-11-03T11:27:02+00:00\",\"description\":\"\\\"Le false soluzioni non possono porre termine alla violenza. Questo mondo sta per esplodere e non c\u2019\u00e8 modo di porre termine alla violenza!\\\"(1) Una frase\",\"breadcrumb\":{\"@id\":\"https:\/\/www.pressenza.com\/it\/2019\/11\/ce-bisogno-di-nonviolenza\/#breadcrumb\"},\"inLanguage\":\"it-IT\",\"potentialAction\":[{\"@type\":\"ReadAction\",\"target\":[\"https:\/\/www.pressenza.com\/it\/2019\/11\/ce-bisogno-di-nonviolenza\/\"]}]},{\"@type\":\"ImageObject\",\"inLanguage\":\"it-IT\",\"@id\":\"https:\/\/www.pressenza.com\/it\/2019\/11\/ce-bisogno-di-nonviolenza\/#primaryimage\",\"url\":\"https:\/\/www.pressenza.com\/wp-content\/uploads\/2018\/10\/FI-nonviolenza-cover.jpg\",\"contentUrl\":\"https:\/\/www.pressenza.com\/wp-content\/uploads\/2018\/10\/FI-nonviolenza-cover.jpg\",\"width\":750,\"height\":499},{\"@type\":\"BreadcrumbList\",\"@id\":\"https:\/\/www.pressenza.com\/it\/2019\/11\/ce-bisogno-di-nonviolenza\/#breadcrumb\",\"itemListElement\":[{\"@type\":\"ListItem\",\"position\":1,\"name\":\"Accueil\",\"item\":\"https:\/\/www.pressenza.com\/it\/\"},{\"@type\":\"ListItem\",\"position\":2,\"name\":\"C&#8217;\u00e8 bisogno di nonviolenza\"}]},{\"@type\":\"WebSite\",\"@id\":\"https:\/\/www.pressenza.com\/it\/#website\",\"url\":\"https:\/\/www.pressenza.com\/it\/\",\"name\":\"Pressenza\",\"description\":\"Agenzia di Stampa Internazionale\",\"publisher\":{\"@id\":\"https:\/\/www.pressenza.com\/it\/#organization\"},\"potentialAction\":[{\"@type\":\"SearchAction\",\"target\":{\"@type\":\"EntryPoint\",\"urlTemplate\":\"https:\/\/www.pressenza.com\/it\/?s={search_term_string}\"},\"query-input\":{\"@type\":\"PropertyValueSpecification\",\"valueRequired\":true,\"valueName\":\"search_term_string\"}}],\"inLanguage\":\"it-IT\"},{\"@type\":\"Organization\",\"@id\":\"https:\/\/www.pressenza.com\/it\/#organization\",\"name\":\"Pressenza\",\"url\":\"https:\/\/www.pressenza.com\/it\/\",\"logo\":{\"@type\":\"ImageObject\",\"inLanguage\":\"it-IT\",\"@id\":\"https:\/\/www.pressenza.com\/it\/#\/schema\/logo\/image\/\",\"url\":\"https:\/\/www.pressenza.com\/wp-content\/uploads\/2022\/10\/pressenza_logo_200x200.jpg\",\"contentUrl\":\"https:\/\/www.pressenza.com\/wp-content\/uploads\/2022\/10\/pressenza_logo_200x200.jpg\",\"width\":200,\"height\":200,\"caption\":\"Pressenza\"},\"image\":{\"@id\":\"https:\/\/www.pressenza.com\/it\/#\/schema\/logo\/image\/\"},\"sameAs\":[\"https:\/\/www.facebook.com\/PressenzaItalia\",\"https:\/\/x.com\/PressenzaIPA\"]},{\"@type\":\"Person\",\"@id\":\"https:\/\/www.pressenza.com\/it\/#\/schema\/person\/636f8feb51f63f34e7378d5fcdd1de53\",\"name\":\"Olivier Turquet\",\"description\":\"Takes care of writing to tell the reality for about 40 years. He has worked with paper publications, radio and electronic He founded the electronic news agency humanist Good News. He was press secretary to various events such as: the International Humanist, Florence Play, the World March for Peace and Nonviolence. Currently coordinates the Italian team of Pressenza. olivierturquet.wordpress.com\",\"sameAs\":[\"http:\/\/olivierturquet.wordpress.com\"],\"url\":\"https:\/\/www.pressenza.com\/it\/author\/olivier-turquet\/\"}]}<\/script>\n<!-- \/ Yoast SEO plugin. -->","yoast_head_json":{"title":"C'\u00e8 bisogno di nonviolenza","description":"\"Le false soluzioni non possono porre termine alla violenza. Questo mondo sta per esplodere e non c\u2019\u00e8 modo di porre termine alla violenza!\"(1) Una frase","robots":{"index":"index","follow":"follow","max-snippet":"max-snippet:-1","max-image-preview":"max-image-preview:large","max-video-preview":"max-video-preview:-1"},"canonical":"https:\/\/www.pressenza.com\/it\/2019\/11\/ce-bisogno-di-nonviolenza\/","og_locale":"it_IT","og_type":"article","og_title":"C'\u00e8 bisogno di nonviolenza","og_description":"\"Le false soluzioni non possono porre termine alla violenza. Questo mondo sta per esplodere e non c\u2019\u00e8 modo di porre termine alla violenza!\"(1) Una frase","og_url":"https:\/\/www.pressenza.com\/it\/2019\/11\/ce-bisogno-di-nonviolenza\/","og_site_name":"Pressenza","article_publisher":"https:\/\/www.facebook.com\/PressenzaItalia","article_published_time":"2019-11-03T11:27:02+00:00","og_image":[{"width":750,"height":499,"url":"https:\/\/www.pressenza.com\/wp-content\/uploads\/2018\/10\/FI-nonviolenza-cover.jpg","type":"image\/jpeg"}],"author":"Olivier Turquet","twitter_card":"summary_large_image","twitter_creator":"@PressenzaIPA","twitter_site":"@PressenzaIPA","twitter_misc":{"Scritto da":"Olivier Turquet","Tempo di lettura stimato":"3 minuti"},"schema":{"@context":"https:\/\/schema.org","@graph":[{"@type":"Article","@id":"https:\/\/www.pressenza.com\/it\/2019\/11\/ce-bisogno-di-nonviolenza\/#article","isPartOf":{"@id":"https:\/\/www.pressenza.com\/it\/2019\/11\/ce-bisogno-di-nonviolenza\/"},"author":{"name":"Olivier Turquet","@id":"https:\/\/www.pressenza.com\/it\/#\/schema\/person\/636f8feb51f63f34e7378d5fcdd1de53"},"headline":"C&#8217;\u00e8 bisogno di nonviolenza","datePublished":"2019-11-03T11:27:02+00:00","mainEntityOfPage":{"@id":"https:\/\/www.pressenza.com\/it\/2019\/11\/ce-bisogno-di-nonviolenza\/"},"wordCount":635,"publisher":{"@id":"https:\/\/www.pressenza.com\/it\/#organization"},"image":{"@id":"https:\/\/www.pressenza.com\/it\/2019\/11\/ce-bisogno-di-nonviolenza\/#primaryimage"},"thumbnailUrl":"https:\/\/www.pressenza.com\/wp-content\/uploads\/2018\/10\/FI-nonviolenza-cover.jpg","keywords":["Essere Umano","nonviolenza","Pressenza","violenza"],"articleSection":["contenuti originali","Internazionale","Nonviolenza","Opinioni"],"inLanguage":"it-IT"},{"@type":"WebPage","@id":"https:\/\/www.pressenza.com\/it\/2019\/11\/ce-bisogno-di-nonviolenza\/","url":"https:\/\/www.pressenza.com\/it\/2019\/11\/ce-bisogno-di-nonviolenza\/","name":"C'\u00e8 bisogno di nonviolenza","isPartOf":{"@id":"https:\/\/www.pressenza.com\/it\/#website"},"primaryImageOfPage":{"@id":"https:\/\/www.pressenza.com\/it\/2019\/11\/ce-bisogno-di-nonviolenza\/#primaryimage"},"image":{"@id":"https:\/\/www.pressenza.com\/it\/2019\/11\/ce-bisogno-di-nonviolenza\/#primaryimage"},"thumbnailUrl":"https:\/\/www.pressenza.com\/wp-content\/uploads\/2018\/10\/FI-nonviolenza-cover.jpg","datePublished":"2019-11-03T11:27:02+00:00","description":"\"Le false soluzioni non possono porre termine alla violenza. Questo mondo sta per esplodere e non c\u2019\u00e8 modo di porre termine alla violenza!\"(1) Una frase","breadcrumb":{"@id":"https:\/\/www.pressenza.com\/it\/2019\/11\/ce-bisogno-di-nonviolenza\/#breadcrumb"},"inLanguage":"it-IT","potentialAction":[{"@type":"ReadAction","target":["https:\/\/www.pressenza.com\/it\/2019\/11\/ce-bisogno-di-nonviolenza\/"]}]},{"@type":"ImageObject","inLanguage":"it-IT","@id":"https:\/\/www.pressenza.com\/it\/2019\/11\/ce-bisogno-di-nonviolenza\/#primaryimage","url":"https:\/\/www.pressenza.com\/wp-content\/uploads\/2018\/10\/FI-nonviolenza-cover.jpg","contentUrl":"https:\/\/www.pressenza.com\/wp-content\/uploads\/2018\/10\/FI-nonviolenza-cover.jpg","width":750,"height":499},{"@type":"BreadcrumbList","@id":"https:\/\/www.pressenza.com\/it\/2019\/11\/ce-bisogno-di-nonviolenza\/#breadcrumb","itemListElement":[{"@type":"ListItem","position":1,"name":"Accueil","item":"https:\/\/www.pressenza.com\/it\/"},{"@type":"ListItem","position":2,"name":"C&#8217;\u00e8 bisogno di nonviolenza"}]},{"@type":"WebSite","@id":"https:\/\/www.pressenza.com\/it\/#website","url":"https:\/\/www.pressenza.com\/it\/","name":"Pressenza","description":"Agenzia di Stampa Internazionale","publisher":{"@id":"https:\/\/www.pressenza.com\/it\/#organization"},"potentialAction":[{"@type":"SearchAction","target":{"@type":"EntryPoint","urlTemplate":"https:\/\/www.pressenza.com\/it\/?s={search_term_string}"},"query-input":{"@type":"PropertyValueSpecification","valueRequired":true,"valueName":"search_term_string"}}],"inLanguage":"it-IT"},{"@type":"Organization","@id":"https:\/\/www.pressenza.com\/it\/#organization","name":"Pressenza","url":"https:\/\/www.pressenza.com\/it\/","logo":{"@type":"ImageObject","inLanguage":"it-IT","@id":"https:\/\/www.pressenza.com\/it\/#\/schema\/logo\/image\/","url":"https:\/\/www.pressenza.com\/wp-content\/uploads\/2022\/10\/pressenza_logo_200x200.jpg","contentUrl":"https:\/\/www.pressenza.com\/wp-content\/uploads\/2022\/10\/pressenza_logo_200x200.jpg","width":200,"height":200,"caption":"Pressenza"},"image":{"@id":"https:\/\/www.pressenza.com\/it\/#\/schema\/logo\/image\/"},"sameAs":["https:\/\/www.facebook.com\/PressenzaItalia","https:\/\/x.com\/PressenzaIPA"]},{"@type":"Person","@id":"https:\/\/www.pressenza.com\/it\/#\/schema\/person\/636f8feb51f63f34e7378d5fcdd1de53","name":"Olivier Turquet","description":"Takes care of writing to tell the reality for about 40 years. He has worked with paper publications, radio and electronic He founded the electronic news agency humanist Good News. He was press secretary to various events such as: the International Humanist, Florence Play, the World March for Peace and Nonviolence. Currently coordinates the Italian team of Pressenza. olivierturquet.wordpress.com","sameAs":["http:\/\/olivierturquet.wordpress.com"],"url":"https:\/\/www.pressenza.com\/it\/author\/olivier-turquet\/"}]}},"place":"","original_article_url":"","_links":{"self":[{"href":"https:\/\/www.pressenza.com\/it\/wp-json\/wp\/v2\/posts\/953212","targetHints":{"allow":["GET"]}}],"collection":[{"href":"https:\/\/www.pressenza.com\/it\/wp-json\/wp\/v2\/posts"}],"about":[{"href":"https:\/\/www.pressenza.com\/it\/wp-json\/wp\/v2\/types\/post"}],"author":[{"embeddable":true,"href":"https:\/\/www.pressenza.com\/it\/wp-json\/wp\/v2\/users\/10"}],"replies":[{"embeddable":true,"href":"https:\/\/www.pressenza.com\/it\/wp-json\/wp\/v2\/comments?post=953212"}],"version-history":[{"count":0,"href":"https:\/\/www.pressenza.com\/it\/wp-json\/wp\/v2\/posts\/953212\/revisions"}],"wp:featuredmedia":[{"embeddable":true,"href":"https:\/\/www.pressenza.com\/it\/wp-json\/wp\/v2\/media\/729965"}],"wp:attachment":[{"href":"https:\/\/www.pressenza.com\/it\/wp-json\/wp\/v2\/media?parent=953212"}],"wp:term":[{"taxonomy":"category","embeddable":true,"href":"https:\/\/www.pressenza.com\/it\/wp-json\/wp\/v2\/categories?post=953212"},{"taxonomy":"post_tag","embeddable":true,"href":"https:\/\/www.pressenza.com\/it\/wp-json\/wp\/v2\/tags?post=953212"}],"curies":[{"name":"wp","href":"https:\/\/api.w.org\/{rel}","templated":true}]}}