{"id":953050,"date":"2019-10-25T08:15:27","date_gmt":"2019-10-25T07:15:27","guid":{"rendered":"https:\/\/www.pressenza.com\/?p=953050"},"modified":"2019-10-25T08:50:38","modified_gmt":"2019-10-25T07:50:38","slug":"cile-tomas-hirsch-non-si-puo-dialogare-con-i-militari-per-strada","status":"publish","type":"post","link":"https:\/\/www.pressenza.com\/it\/2019\/10\/cile-tomas-hirsch-non-si-puo-dialogare-con-i-militari-per-strada\/","title":{"rendered":"Cile, Tom\u00e1s Hirsch: &#8220;Non si pu\u00f2 dialogare con i militari per strada&#8221;"},"content":{"rendered":"<p>Il 23 ottobre la Camera dei Deputati del Cile ha tenuto una sessione speciale alla presenza del Ministro dell&#8217;Interno e della Pubblica Sicurezza, Andr\u00e9s Chadwick, che ha presentato una relazione sulle misure adottate dal governo in risposta alla situazione di crisi del paese.<\/p>\n<p>Dopo la presentazione del ministro, Tom\u00e1s Hirsch (deputato umanista del Frente Amplio) \u00e8 stato tra coloro che hanno ribattuto. Contando su un tempo limitato per il suo intervento e davanti all&#8217;evidente disinteresse del ministro per quanto veniva detto, in un momento del suo intervento Hirsch ha chiesto alla Presidente della seduta: &#8220;<em>Posso fermarmi, Presidente, mentre il ministro si diverte o lo stanno intrattenendo?\u201d<\/em><\/p>\n<p>Come uno che cerca di convincere uno studente distratto a fare attenzione e comprendere ci\u00f2 che gli viene spiegato, Hirsch ha insistito sulle affermazioni che aveva gi\u00e0 fatto nelle sedute precedenti.<\/p>\n<p>Il 20 ottobre, dopo l&#8217;annuncio dell&#8217;annullamento dell&#8217;aumento delle tariffe di trasporto, Tom\u00e1s Hirsch aveva dichiarato alla Camera dei Deputati:<\/p>\n<p><em>&#8220;Una settimana fa, il presidente Pi\u00f1era ha detto che il Cile \u00e8 un&#8217;oasi in America Latina. S\u00ec, ma curiosamente \u00e8 l&#8217;unica oasi al mondo piena di militari per strada. Non capite niente! Non si tratta della metropolitana. Si tratta di decenni di abusi, di maltrattamenti&#8230;.. (&#8230;.) C&#8217;\u00e8 molta rabbia accumulata e non si risolver\u00e0 annullando l&#8217;aumento delle tariffe della metropolitana&#8230;..&#8221;.<\/em><\/p>\n<p>Le manifestazioni in aumento gli hanno dato ragione.<\/p>\n<p>Nella sessione del 23 e davanti all&#8217;annuncio di altre misure palliative da parte del governo che il ministro ha cercato di giustificare, Hirsch ha insistito:<\/p>\n<p>&#8220;&#8230;.<em>il paese \u00e8 stato maltrattato e ha subito abusi per decenni. E come risponde il governo? Prima, senza capire nulla &#8211; perch\u00e9 eravamo in un&#8217;oasi- e poi con misure che oggi, di fronte alla situazione attuale, sono briciole. Sono solo briciole!<\/em><\/p>\n<p><em>Non state capendo nulla! Non state capendo che da troppo tempo c&#8217;\u00e8 una protesta sociale per cambiare la struttura di questo sistema, che \u00e8 profondamente disumano! Alcuni di noi lo denunciano da molto tempo. Non ci hanno mai voluto ascoltare.<\/em><\/p>\n<p><em>Abbiamo detto &#8220;fermate l&#8217;AFP&#8221;. Non volevano ascoltare perch\u00e9 si stavano riempiendo le tasche. Abbiamo detto loro di &#8220;smettere di fare affari con la salute, di rubare l&#8217;acqua, di consegnare il pesce agli amici della senatrice&#8230;.&#8221; e non hanno mai voluto ascoltare. Non volevano ascoltare. Ed eccoci finalmente a questa situazione in cui un popolo si sveglia, si solleva e si mobilita&#8221;<\/em>.<\/p>\n<div id=\"attachment_950594\" class=\"wp-caption alignnone\"><img loading=\"lazy\" decoding=\"async\" aria-describedby=\"caption-attachment-950594\" class=\"size-large wp-image-950594\" src=\"https:\/\/www.pressenza.com\/wp-content\/uploads\/2019\/10\/S4-720x501.jpeg\" alt=\"\" width=\"720\" height=\"501\" srcset=\"https:\/\/www.pressenza.com\/wp-content\/uploads\/2019\/10\/S4-720x501.jpeg 720w, https:\/\/www.pressenza.com\/wp-content\/uploads\/2019\/10\/S4-300x209.jpeg 300w, https:\/\/www.pressenza.com\/wp-content\/uploads\/2019\/10\/S4-768x534.jpeg 768w, https:\/\/www.pressenza.com\/wp-content\/uploads\/2019\/10\/S4.jpeg 1280w\" sizes=\"auto, (max-width: 720px) 100vw, 720px\" \/><p id=\"caption-attachment-950594\" class=\"wp-caption-text\">Foto di Sergio Bast\u00edas<\/p><\/div>\n<p><strong>Come disattivare la violenza<\/strong><\/p>\n<p>Nella seduta parlamentare del 20\u00a0 ottobre il deputato aveva detto: <em>&#8220;Rifiutiamo la violenza. La violenza \u00e8 la disuguaglianza che esiste in Cile. (&#8230;..) Volete disattivare la violenza accumulata? Allora dovete smettere di maltrattare le persone, dovete smettere di abusare delle persone. Volete disattivare la violenza? Allora dovreste presentare immediatamente (&#8230;..) un disegno di legge per abbassare i vergognosi stipendi dei parlamentari e delle alte autorit\u00e0. Presentare immediatamente un disegno di legge serio per aumentare le pensioni minime. Presentare un disegno di legge per un aumento decente del salario minimo e per permettere a qualsiasi famiglia di superare la soglia di povert\u00e0&#8221;.<br \/>\n<\/em><br \/>\nTuttavia, tre giorni dopo, di fronte a una protesta popolare che continua a crescere, nella sua presentazione davanti ai deputati il ministro ha detto che &#8220;le azioni di violenza sono concertate e cercano di generare condizioni di crisi nel funzionamento del paese&#8221;. Per questo Hirsch l&#8217;ha interpellato:<\/p>\n<p><em>&#8220;E dove avete puntato lo sguardo?\u00a0 Sui saccheggiatori, e avete portato i militari per le strade e avete messo tutta la vostra energia nella repressione pi\u00f9 brutale. So che ve la ricordate bene, beh, faceva parte della dittatura! Vi sembrava normale anche a quei tempi&#8230;.. ma oggi dovremmo essere in democrazia! Quello che state facendo \u00e8 di una crudelt\u00e0 impensabile. Uccidete la gente e venite qui a dare una spiegazione&#8230;.!<\/em><\/p>\n<p><em>Guardi, Ministro: nessuna crisi sociale, nessuna crisi sociale nella storia, \u00e8 stata risolta con i carri armati in strada. Non funziona. Si risolve con cambiamenti in linea con le richieste, non portando i militari in strada. Si risolve con un nuovo patto, con un nuovo patto sociale. Ma cosa abbiamo oggi? Morti senza un nome, senza una chiara causa, senza responsabili. Impossibilit\u00e0 di sostenere le persone che sono state detenute. Denunce di installazione di centri di tortura in pi\u00f9 di una stazione della metropolitana (ci sono i video, ci sono i video!).<\/em><\/p>\n<p>Quindi la prima cosa da fare \u00e8 togliere i militari dalla strada. E&#8217; la prima cosa da fare. In questa situazione non si pu\u00f2 cercare il dialogo come se non fosse successo niente&#8221;.<\/p>\n<p>Infine, alle proposte di azioni immediate, il deputato ha aggiunto quella di una riforma costituzionale:<\/p>\n<p><em>&#8220;Il Cile ha bisogno di una nuova Costituzione generata in democrazia e oggi chiediamo che, una volta per tutte, si vada avanti per darci quella nuova Costituzione che ci permetter\u00e0 di uscire da questa trappola che va avanti da troppo tempo&#8221;.<\/em><\/p>\n<p>Traduzione dallo spagnolo di Silvia Nocersa<\/p>\n<p><iframe loading=\"lazy\" src=\"https:\/\/www.youtube.com\/embed\/bwQ3HqHGV4k\" width=\"720\" height=\"405\" frameborder=\"0\" allowfullscreen=\"allowfullscreen\"><span data-mce-type=\"bookmark\" style=\"display: inline-block; width: 0px; overflow: hidden; line-height: 0;\" class=\"mce_SELRES_start\">\ufeff<\/span><span data-mce-type=\"bookmark\" style=\"display: inline-block; width: 0px; overflow: hidden; line-height: 0;\" class=\"mce_SELRES_start\">\ufeff<\/span>&lt;\/ifra<\/iframe><\/p>\n","protected":false},"excerpt":{"rendered":"<p>Le dichiarazioni del deputato umanista Tom\u00e1s Hirsch durante l&#8217;ultima seduta parlamentare cilena a proposito della brutale repressione del governo di Pinera<\/p>\n","protected":false},"author":43,"featured_media":950583,"comment_status":"closed","ping_status":"closed","sticky":false,"template":"","format":"standard","meta":{"footnotes":""},"categories":[11388,162,55,48],"tags":[540,4202,17211,54001,3502,1119,50009],"class_list":["post-953050","post","type-post","status-publish","format-standard","has-post-thumbnail","hentry","category-contenuti-originali","category-opinioni","category-politica","category-sud-america","tag-cile","tag-dialogo-it","tag-militari","tag-pinera-it","tag-proteste","tag-repressione","tag-tomas-hirsch-it-2"],"yoast_head":"<!-- This site is optimized with the Yoast SEO plugin v27.1.1 - https:\/\/yoast.com\/product\/yoast-seo-wordpress\/ -->\n<title>Cile, Tom\u00e1s Hirsch: &quot;Non si pu\u00f2 dialogare con i militari per strada&quot;<\/title>\n<meta name=\"description\" content=\"Le dichiarazioni del deputato umanista Tom\u00e1s Hirsch durante l&#039;ultima seduta parlamentare cilena a proposito della brutale repressione del governo di Pinera\" \/>\n<meta name=\"robots\" content=\"index, follow, max-snippet:-1, max-image-preview:large, max-video-preview:-1\" \/>\n<link rel=\"canonical\" href=\"https:\/\/www.pressenza.com\/it\/2019\/10\/cile-tomas-hirsch-non-si-puo-dialogare-con-i-militari-per-strada\/\" \/>\n<meta property=\"og:locale\" content=\"it_IT\" \/>\n<meta property=\"og:type\" content=\"article\" \/>\n<meta property=\"og:title\" content=\"Cile, Tom\u00e1s Hirsch: &quot;Non si pu\u00f2 dialogare con i militari per strada&quot;\" \/>\n<meta property=\"og:description\" content=\"Le dichiarazioni del deputato umanista Tom\u00e1s Hirsch durante l&#039;ultima seduta parlamentare cilena a proposito della brutale repressione del governo di Pinera\" \/>\n<meta property=\"og:url\" content=\"https:\/\/www.pressenza.com\/it\/2019\/10\/cile-tomas-hirsch-non-si-puo-dialogare-con-i-militari-per-strada\/\" \/>\n<meta property=\"og:site_name\" content=\"Pressenza\" \/>\n<meta property=\"article:publisher\" content=\"https:\/\/www.facebook.com\/PressenzaItalia\" \/>\n<meta property=\"article:author\" content=\"https:\/\/www.facebook.com\/pressenza\" \/>\n<meta property=\"article:published_time\" content=\"2019-10-25T07:15:27+00:00\" \/>\n<meta property=\"article:modified_time\" content=\"2019-10-25T07:50:38+00:00\" \/>\n<meta property=\"og:image\" content=\"https:\/\/www.pressenza.com\/wp-content\/uploads\/2019\/10\/S2.jpeg\" \/>\n\t<meta property=\"og:image:width\" content=\"1280\" \/>\n\t<meta property=\"og:image:height\" content=\"720\" \/>\n\t<meta property=\"og:image:type\" content=\"image\/jpeg\" \/>\n<meta name=\"author\" content=\"Redacci\u00f3n Chile\" \/>\n<meta name=\"twitter:card\" content=\"summary_large_image\" \/>\n<meta name=\"twitter:creator\" content=\"@pressenza\" \/>\n<meta name=\"twitter:site\" content=\"@PressenzaIPA\" \/>\n<meta name=\"twitter:label1\" content=\"Scritto da\" \/>\n\t<meta name=\"twitter:data1\" content=\"Redacci\u00f3n Chile\" \/>\n\t<meta name=\"twitter:label2\" content=\"Tempo di lettura stimato\" \/>\n\t<meta name=\"twitter:data2\" content=\"4 minuti\" \/>\n<script type=\"application\/ld+json\" class=\"yoast-schema-graph\">{\"@context\":\"https:\/\/schema.org\",\"@graph\":[{\"@type\":\"Article\",\"@id\":\"https:\/\/www.pressenza.com\/it\/2019\/10\/cile-tomas-hirsch-non-si-puo-dialogare-con-i-militari-per-strada\/#article\",\"isPartOf\":{\"@id\":\"https:\/\/www.pressenza.com\/it\/2019\/10\/cile-tomas-hirsch-non-si-puo-dialogare-con-i-militari-per-strada\/\"},\"author\":{\"name\":\"Redacci\u00f3n Chile\",\"@id\":\"https:\/\/www.pressenza.com\/it\/#\/schema\/person\/d7db40df35d6698ba69ba9ee260944ed\"},\"headline\":\"Cile, Tom\u00e1s Hirsch: &#8220;Non si pu\u00f2 dialogare con i militari per strada&#8221;\",\"datePublished\":\"2019-10-25T07:15:27+00:00\",\"dateModified\":\"2019-10-25T07:50:38+00:00\",\"mainEntityOfPage\":{\"@id\":\"https:\/\/www.pressenza.com\/it\/2019\/10\/cile-tomas-hirsch-non-si-puo-dialogare-con-i-militari-per-strada\/\"},\"wordCount\":828,\"publisher\":{\"@id\":\"https:\/\/www.pressenza.com\/it\/#organization\"},\"image\":{\"@id\":\"https:\/\/www.pressenza.com\/it\/2019\/10\/cile-tomas-hirsch-non-si-puo-dialogare-con-i-militari-per-strada\/#primaryimage\"},\"thumbnailUrl\":\"https:\/\/www.pressenza.com\/wp-content\/uploads\/2019\/10\/S2.jpeg\",\"keywords\":[\"Cile\",\"dialogo\",\"militari\",\"Pi\u00f1era\",\"proteste\",\"repressione\",\"Tom\u00e1s Hirsch\"],\"articleSection\":[\"contenuti originali\",\"Opinioni\",\"Politica\",\"Sud America\"],\"inLanguage\":\"it-IT\"},{\"@type\":\"WebPage\",\"@id\":\"https:\/\/www.pressenza.com\/it\/2019\/10\/cile-tomas-hirsch-non-si-puo-dialogare-con-i-militari-per-strada\/\",\"url\":\"https:\/\/www.pressenza.com\/it\/2019\/10\/cile-tomas-hirsch-non-si-puo-dialogare-con-i-militari-per-strada\/\",\"name\":\"Cile, Tom\u00e1s Hirsch: \\\"Non si pu\u00f2 dialogare con i militari per strada\\\"\",\"isPartOf\":{\"@id\":\"https:\/\/www.pressenza.com\/it\/#website\"},\"primaryImageOfPage\":{\"@id\":\"https:\/\/www.pressenza.com\/it\/2019\/10\/cile-tomas-hirsch-non-si-puo-dialogare-con-i-militari-per-strada\/#primaryimage\"},\"image\":{\"@id\":\"https:\/\/www.pressenza.com\/it\/2019\/10\/cile-tomas-hirsch-non-si-puo-dialogare-con-i-militari-per-strada\/#primaryimage\"},\"thumbnailUrl\":\"https:\/\/www.pressenza.com\/wp-content\/uploads\/2019\/10\/S2.jpeg\",\"datePublished\":\"2019-10-25T07:15:27+00:00\",\"dateModified\":\"2019-10-25T07:50:38+00:00\",\"description\":\"Le dichiarazioni del deputato umanista Tom\u00e1s Hirsch durante l'ultima seduta parlamentare cilena a proposito della brutale repressione del governo di Pinera\",\"breadcrumb\":{\"@id\":\"https:\/\/www.pressenza.com\/it\/2019\/10\/cile-tomas-hirsch-non-si-puo-dialogare-con-i-militari-per-strada\/#breadcrumb\"},\"inLanguage\":\"it-IT\",\"potentialAction\":[{\"@type\":\"ReadAction\",\"target\":[\"https:\/\/www.pressenza.com\/it\/2019\/10\/cile-tomas-hirsch-non-si-puo-dialogare-con-i-militari-per-strada\/\"]}]},{\"@type\":\"ImageObject\",\"inLanguage\":\"it-IT\",\"@id\":\"https:\/\/www.pressenza.com\/it\/2019\/10\/cile-tomas-hirsch-non-si-puo-dialogare-con-i-militari-per-strada\/#primaryimage\",\"url\":\"https:\/\/www.pressenza.com\/wp-content\/uploads\/2019\/10\/S2.jpeg\",\"contentUrl\":\"https:\/\/www.pressenza.com\/wp-content\/uploads\/2019\/10\/S2.jpeg\",\"width\":1280,\"height\":720,\"caption\":\"Chili. Tom\u00e1s Hirsch : \u00ab On ne peut pas dialoguer avec les militaires dans la rue \u00bb\"},{\"@type\":\"BreadcrumbList\",\"@id\":\"https:\/\/www.pressenza.com\/it\/2019\/10\/cile-tomas-hirsch-non-si-puo-dialogare-con-i-militari-per-strada\/#breadcrumb\",\"itemListElement\":[{\"@type\":\"ListItem\",\"position\":1,\"name\":\"Accueil\",\"item\":\"https:\/\/www.pressenza.com\/it\/\"},{\"@type\":\"ListItem\",\"position\":2,\"name\":\"Cile, Tom\u00e1s Hirsch: &#8220;Non si pu\u00f2 dialogare con i militari per strada&#8221;\"}]},{\"@type\":\"WebSite\",\"@id\":\"https:\/\/www.pressenza.com\/it\/#website\",\"url\":\"https:\/\/www.pressenza.com\/it\/\",\"name\":\"Pressenza\",\"description\":\"Agenzia di Stampa Internazionale\",\"publisher\":{\"@id\":\"https:\/\/www.pressenza.com\/it\/#organization\"},\"potentialAction\":[{\"@type\":\"SearchAction\",\"target\":{\"@type\":\"EntryPoint\",\"urlTemplate\":\"https:\/\/www.pressenza.com\/it\/?s={search_term_string}\"},\"query-input\":{\"@type\":\"PropertyValueSpecification\",\"valueRequired\":true,\"valueName\":\"search_term_string\"}}],\"inLanguage\":\"it-IT\"},{\"@type\":\"Organization\",\"@id\":\"https:\/\/www.pressenza.com\/it\/#organization\",\"name\":\"Pressenza\",\"url\":\"https:\/\/www.pressenza.com\/it\/\",\"logo\":{\"@type\":\"ImageObject\",\"inLanguage\":\"it-IT\",\"@id\":\"https:\/\/www.pressenza.com\/it\/#\/schema\/logo\/image\/\",\"url\":\"https:\/\/www.pressenza.com\/wp-content\/uploads\/2022\/10\/pressenza_logo_200x200.jpg\",\"contentUrl\":\"https:\/\/www.pressenza.com\/wp-content\/uploads\/2022\/10\/pressenza_logo_200x200.jpg\",\"width\":200,\"height\":200,\"caption\":\"Pressenza\"},\"image\":{\"@id\":\"https:\/\/www.pressenza.com\/it\/#\/schema\/logo\/image\/\"},\"sameAs\":[\"https:\/\/www.facebook.com\/PressenzaItalia\",\"https:\/\/x.com\/PressenzaIPA\"]},{\"@type\":\"Person\",\"@id\":\"https:\/\/www.pressenza.com\/it\/#\/schema\/person\/d7db40df35d6698ba69ba9ee260944ed\",\"name\":\"Redacci\u00f3n Chile\",\"description\":\"News from the Pressenza Bureau in Chile\",\"sameAs\":[\"https:\/\/www.facebook.com\/pressenza\",\"https:\/\/x.com\/pressenza\"],\"url\":\"https:\/\/www.pressenza.com\/it\/author\/redaccion-chile\/\"}]}<\/script>\n<!-- \/ Yoast SEO plugin. -->","yoast_head_json":{"title":"Cile, Tom\u00e1s Hirsch: \"Non si pu\u00f2 dialogare con i militari per strada\"","description":"Le dichiarazioni del deputato umanista Tom\u00e1s Hirsch durante l'ultima seduta parlamentare cilena a proposito della brutale repressione del governo di Pinera","robots":{"index":"index","follow":"follow","max-snippet":"max-snippet:-1","max-image-preview":"max-image-preview:large","max-video-preview":"max-video-preview:-1"},"canonical":"https:\/\/www.pressenza.com\/it\/2019\/10\/cile-tomas-hirsch-non-si-puo-dialogare-con-i-militari-per-strada\/","og_locale":"it_IT","og_type":"article","og_title":"Cile, Tom\u00e1s Hirsch: \"Non si pu\u00f2 dialogare con i militari per strada\"","og_description":"Le dichiarazioni del deputato umanista Tom\u00e1s Hirsch durante l'ultima seduta parlamentare cilena a proposito della brutale repressione del governo di Pinera","og_url":"https:\/\/www.pressenza.com\/it\/2019\/10\/cile-tomas-hirsch-non-si-puo-dialogare-con-i-militari-per-strada\/","og_site_name":"Pressenza","article_publisher":"https:\/\/www.facebook.com\/PressenzaItalia","article_author":"https:\/\/www.facebook.com\/pressenza","article_published_time":"2019-10-25T07:15:27+00:00","article_modified_time":"2019-10-25T07:50:38+00:00","og_image":[{"width":1280,"height":720,"url":"https:\/\/www.pressenza.com\/wp-content\/uploads\/2019\/10\/S2.jpeg","type":"image\/jpeg"}],"author":"Redacci\u00f3n Chile","twitter_card":"summary_large_image","twitter_creator":"@pressenza","twitter_site":"@PressenzaIPA","twitter_misc":{"Scritto da":"Redacci\u00f3n Chile","Tempo di lettura stimato":"4 minuti"},"schema":{"@context":"https:\/\/schema.org","@graph":[{"@type":"Article","@id":"https:\/\/www.pressenza.com\/it\/2019\/10\/cile-tomas-hirsch-non-si-puo-dialogare-con-i-militari-per-strada\/#article","isPartOf":{"@id":"https:\/\/www.pressenza.com\/it\/2019\/10\/cile-tomas-hirsch-non-si-puo-dialogare-con-i-militari-per-strada\/"},"author":{"name":"Redacci\u00f3n Chile","@id":"https:\/\/www.pressenza.com\/it\/#\/schema\/person\/d7db40df35d6698ba69ba9ee260944ed"},"headline":"Cile, Tom\u00e1s Hirsch: &#8220;Non si pu\u00f2 dialogare con i militari per strada&#8221;","datePublished":"2019-10-25T07:15:27+00:00","dateModified":"2019-10-25T07:50:38+00:00","mainEntityOfPage":{"@id":"https:\/\/www.pressenza.com\/it\/2019\/10\/cile-tomas-hirsch-non-si-puo-dialogare-con-i-militari-per-strada\/"},"wordCount":828,"publisher":{"@id":"https:\/\/www.pressenza.com\/it\/#organization"},"image":{"@id":"https:\/\/www.pressenza.com\/it\/2019\/10\/cile-tomas-hirsch-non-si-puo-dialogare-con-i-militari-per-strada\/#primaryimage"},"thumbnailUrl":"https:\/\/www.pressenza.com\/wp-content\/uploads\/2019\/10\/S2.jpeg","keywords":["Cile","dialogo","militari","Pi\u00f1era","proteste","repressione","Tom\u00e1s Hirsch"],"articleSection":["contenuti originali","Opinioni","Politica","Sud America"],"inLanguage":"it-IT"},{"@type":"WebPage","@id":"https:\/\/www.pressenza.com\/it\/2019\/10\/cile-tomas-hirsch-non-si-puo-dialogare-con-i-militari-per-strada\/","url":"https:\/\/www.pressenza.com\/it\/2019\/10\/cile-tomas-hirsch-non-si-puo-dialogare-con-i-militari-per-strada\/","name":"Cile, Tom\u00e1s Hirsch: \"Non si pu\u00f2 dialogare con i militari per strada\"","isPartOf":{"@id":"https:\/\/www.pressenza.com\/it\/#website"},"primaryImageOfPage":{"@id":"https:\/\/www.pressenza.com\/it\/2019\/10\/cile-tomas-hirsch-non-si-puo-dialogare-con-i-militari-per-strada\/#primaryimage"},"image":{"@id":"https:\/\/www.pressenza.com\/it\/2019\/10\/cile-tomas-hirsch-non-si-puo-dialogare-con-i-militari-per-strada\/#primaryimage"},"thumbnailUrl":"https:\/\/www.pressenza.com\/wp-content\/uploads\/2019\/10\/S2.jpeg","datePublished":"2019-10-25T07:15:27+00:00","dateModified":"2019-10-25T07:50:38+00:00","description":"Le dichiarazioni del deputato umanista Tom\u00e1s Hirsch durante l'ultima seduta parlamentare cilena a proposito della brutale repressione del governo di Pinera","breadcrumb":{"@id":"https:\/\/www.pressenza.com\/it\/2019\/10\/cile-tomas-hirsch-non-si-puo-dialogare-con-i-militari-per-strada\/#breadcrumb"},"inLanguage":"it-IT","potentialAction":[{"@type":"ReadAction","target":["https:\/\/www.pressenza.com\/it\/2019\/10\/cile-tomas-hirsch-non-si-puo-dialogare-con-i-militari-per-strada\/"]}]},{"@type":"ImageObject","inLanguage":"it-IT","@id":"https:\/\/www.pressenza.com\/it\/2019\/10\/cile-tomas-hirsch-non-si-puo-dialogare-con-i-militari-per-strada\/#primaryimage","url":"https:\/\/www.pressenza.com\/wp-content\/uploads\/2019\/10\/S2.jpeg","contentUrl":"https:\/\/www.pressenza.com\/wp-content\/uploads\/2019\/10\/S2.jpeg","width":1280,"height":720,"caption":"Chili. Tom\u00e1s Hirsch : \u00ab On ne peut pas dialoguer avec les militaires dans la rue \u00bb"},{"@type":"BreadcrumbList","@id":"https:\/\/www.pressenza.com\/it\/2019\/10\/cile-tomas-hirsch-non-si-puo-dialogare-con-i-militari-per-strada\/#breadcrumb","itemListElement":[{"@type":"ListItem","position":1,"name":"Accueil","item":"https:\/\/www.pressenza.com\/it\/"},{"@type":"ListItem","position":2,"name":"Cile, Tom\u00e1s Hirsch: &#8220;Non si pu\u00f2 dialogare con i militari per strada&#8221;"}]},{"@type":"WebSite","@id":"https:\/\/www.pressenza.com\/it\/#website","url":"https:\/\/www.pressenza.com\/it\/","name":"Pressenza","description":"Agenzia di Stampa Internazionale","publisher":{"@id":"https:\/\/www.pressenza.com\/it\/#organization"},"potentialAction":[{"@type":"SearchAction","target":{"@type":"EntryPoint","urlTemplate":"https:\/\/www.pressenza.com\/it\/?s={search_term_string}"},"query-input":{"@type":"PropertyValueSpecification","valueRequired":true,"valueName":"search_term_string"}}],"inLanguage":"it-IT"},{"@type":"Organization","@id":"https:\/\/www.pressenza.com\/it\/#organization","name":"Pressenza","url":"https:\/\/www.pressenza.com\/it\/","logo":{"@type":"ImageObject","inLanguage":"it-IT","@id":"https:\/\/www.pressenza.com\/it\/#\/schema\/logo\/image\/","url":"https:\/\/www.pressenza.com\/wp-content\/uploads\/2022\/10\/pressenza_logo_200x200.jpg","contentUrl":"https:\/\/www.pressenza.com\/wp-content\/uploads\/2022\/10\/pressenza_logo_200x200.jpg","width":200,"height":200,"caption":"Pressenza"},"image":{"@id":"https:\/\/www.pressenza.com\/it\/#\/schema\/logo\/image\/"},"sameAs":["https:\/\/www.facebook.com\/PressenzaItalia","https:\/\/x.com\/PressenzaIPA"]},{"@type":"Person","@id":"https:\/\/www.pressenza.com\/it\/#\/schema\/person\/d7db40df35d6698ba69ba9ee260944ed","name":"Redacci\u00f3n Chile","description":"News from the Pressenza Bureau in Chile","sameAs":["https:\/\/www.facebook.com\/pressenza","https:\/\/x.com\/pressenza"],"url":"https:\/\/www.pressenza.com\/it\/author\/redaccion-chile\/"}]}},"place":"","original_article_url":"","_links":{"self":[{"href":"https:\/\/www.pressenza.com\/it\/wp-json\/wp\/v2\/posts\/953050","targetHints":{"allow":["GET"]}}],"collection":[{"href":"https:\/\/www.pressenza.com\/it\/wp-json\/wp\/v2\/posts"}],"about":[{"href":"https:\/\/www.pressenza.com\/it\/wp-json\/wp\/v2\/types\/post"}],"author":[{"embeddable":true,"href":"https:\/\/www.pressenza.com\/it\/wp-json\/wp\/v2\/users\/43"}],"replies":[{"embeddable":true,"href":"https:\/\/www.pressenza.com\/it\/wp-json\/wp\/v2\/comments?post=953050"}],"version-history":[{"count":0,"href":"https:\/\/www.pressenza.com\/it\/wp-json\/wp\/v2\/posts\/953050\/revisions"}],"wp:featuredmedia":[{"embeddable":true,"href":"https:\/\/www.pressenza.com\/it\/wp-json\/wp\/v2\/media\/950583"}],"wp:attachment":[{"href":"https:\/\/www.pressenza.com\/it\/wp-json\/wp\/v2\/media?parent=953050"}],"wp:term":[{"taxonomy":"category","embeddable":true,"href":"https:\/\/www.pressenza.com\/it\/wp-json\/wp\/v2\/categories?post=953050"},{"taxonomy":"post_tag","embeddable":true,"href":"https:\/\/www.pressenza.com\/it\/wp-json\/wp\/v2\/tags?post=953050"}],"curies":[{"name":"wp","href":"https:\/\/api.w.org\/{rel}","templated":true}]}}