{"id":95298,"date":"2014-03-21T18:37:55","date_gmt":"2014-03-21T18:37:55","guid":{"rendered":"http:\/\/www.pressenza.com\/?p=95298"},"modified":"2014-12-14T21:06:35","modified_gmt":"2014-12-14T21:06:35","slug":"nomad-extreme-uniniziativa-dedicata-designers-si-trovano-confini-mondo","status":"publish","type":"post","link":"https:\/\/www.pressenza.com\/it\/2014\/03\/nomad-extreme-uniniziativa-dedicata-designers-si-trovano-confini-mondo\/","title":{"rendered":"Nomad Extreme, un\u2019iniziativa dedicata ai designers che si trovano ai confini del mondo"},"content":{"rendered":"<p align=\"left\"><b>9 -13 aprile <\/b><b>2014<\/b><\/p>\n<p align=\"left\"><b>S<\/b><b>pazio T12 Lab<\/b><\/p>\n<p align=\"left\"><b>Via dei Transiti 12, Milano<\/b><\/p>\n<p align=\"left\">\u201cMade in Mali\u201d presenta artisti di Bamako e Timbouctou: \u00a0<b>Ousmane Garba Kounta<\/b><b>, Aboubakar Fofana<\/b><b>, Sidiki Traore\u0301<\/b><b>.<\/b><\/p>\n<p align=\"left\"><b>Ousmane Garba Kounta<\/b><b>,<\/b><b> <\/b>nato e vissuto a Timbouctu, esprime attraverso le sue opere, tutte create con elementi naturali, le condizioni in cui il continente africano versa e in particolare le cause di quegli ostacoli che non permettono all\u2019Africa di svilupparsi. Le sue opere diventano di enorme attualit\u00e0 e denunciano la terribile situazione che vive il paese e in particolare la sua citt\u00e0, dove lavorava anche per dare visibilit\u00e0 e giusta collocazione alla cultura ed alle discipline artistiche.<\/p>\n<p align=\"left\"><b>Aboubakar Fofana<\/b><b>,<\/b> nato a Bamako, ha abitato in Francia per pi\u00f9 di trent\u2019anni e ora vive\u00a0tra Parigi, Tokyo e Bamako. Tinge i migliori tessuti e utilizza le\u00a0tecniche tradizionali-indaco\u00a0 africane\u00a0 mediante pigmenti che fabbrica direttamente con\u00a0 materiale naturale proveniente da luoghi remoti. Si impegna a preservare e rivitalizzare la tradizione maliana della produzione di tinture di\u00a0indaco naturale e di\u00a0tinture vegetali, ormai quasi perduta. Ha attinto le sue conoscenze dai migliori\u00a0maestri tessili\u00a0del Mali<\/p>\n<p align=\"left\"><b>Sidiki Traor\u00e8, <\/b>nato a Bamalko, autodidatta e pieno di energie, \u00e8 un pittore instancabile. La sua testa \u00e8 piena di idee che egli imprime direttamente sulla tela. Questa sua effervescenza appare in tutti i suoi lavori. Sidiki Traor\u00e8 si esprime con energia in totale libert\u00e0 e ha messo a punto un vocabolario plastico suo personale popolato di immagini stilizzate.\u00a0La sua carriera artistica \u00e8 iniziata nel 1992. Al ritorno da un soggiorno di cinque anni a Parigi, ha cercato \u00a0di esprimere e di denunciare ci\u00f2 che non funzionava nel mondo attraverso la tecnica di tintura tradizionale dei tessuti detta Bogolan, imprimendovi il suo stile e mescolandola alla pittura. Si ispira a temi di attualit\u00e0\u00a0delle societ\u00e0 africane ed europee, traducendo in immagini i fatti e i soggetti che lo colpiscono in modo particolare.<\/p>\n<p align=\"left\">\n","protected":false},"excerpt":{"rendered":"<p>9 -13 aprile 2014 Spazio T12 Lab Via dei Transiti 12, Milano \u201cMade in Mali\u201d presenta artisti di Bamako e Timbouctou: \u00a0Ousmane Garba Kounta, Aboubakar Fofana, Sidiki Traore\u0301. Ousmane Garba Kounta, nato e vissuto a Timbouctu, esprime attraverso le sue&hellip;<\/p>\n","protected":false},"author":941,"featured_media":95299,"comment_status":"closed","ping_status":"open","sticky":false,"template":"","format":"standard","meta":{"footnotes":""},"categories":[45,56,47],"tags":[9596,460,294],"class_list":["post-95298","post","type-post","status-publish","format-standard","has-post-thumbnail","hentry","category-africa-it","category-cultura","category-europa","tag-artisti-maliani","tag-nonviolenza","tag-pace"],"yoast_head":"<!-- This site is optimized with the Yoast SEO plugin v27.1.1 - https:\/\/yoast.com\/product\/yoast-seo-wordpress\/ -->\n<title>Nomad Extreme, un\u2019iniziativa dedicata ai designers che si trovano ai confini del mondo<\/title>\n<meta name=\"description\" content=\"9 -13 aprile 2014 Spazio T12 Lab Via dei Transiti 12, Milano \u201cMade in Mali\u201d presenta artisti di Bamako e Timbouctou: \u00a0Ousmane Garba Kounta, Aboubakar\" \/>\n<meta name=\"robots\" content=\"index, follow, max-snippet:-1, max-image-preview:large, max-video-preview:-1\" \/>\n<link rel=\"canonical\" href=\"https:\/\/www.pressenza.com\/it\/2014\/03\/nomad-extreme-uniniziativa-dedicata-designers-si-trovano-confini-mondo\/\" \/>\n<meta property=\"og:locale\" content=\"it_IT\" \/>\n<meta property=\"og:type\" content=\"article\" \/>\n<meta property=\"og:title\" content=\"Nomad Extreme, un\u2019iniziativa dedicata ai designers che si trovano ai confini del mondo\" \/>\n<meta property=\"og:description\" content=\"9 -13 aprile 2014 Spazio T12 Lab Via dei Transiti 12, Milano \u201cMade in Mali\u201d presenta artisti di Bamako e Timbouctou: \u00a0Ousmane Garba Kounta, Aboubakar\" \/>\n<meta property=\"og:url\" content=\"https:\/\/www.pressenza.com\/it\/2014\/03\/nomad-extreme-uniniziativa-dedicata-designers-si-trovano-confini-mondo\/\" \/>\n<meta property=\"og:site_name\" content=\"Pressenza\" \/>\n<meta property=\"article:publisher\" content=\"https:\/\/www.facebook.com\/PressenzaItalia\" \/>\n<meta property=\"article:published_time\" content=\"2014-03-21T18:37:55+00:00\" \/>\n<meta property=\"article:modified_time\" content=\"2014-12-14T21:06:35+00:00\" \/>\n<meta property=\"og:image\" content=\"https:\/\/www.pressenza.com\/wp-content\/uploads\/2014\/03\/artisti-Mali.jpg\" \/>\n\t<meta property=\"og:image:width\" content=\"993\" \/>\n\t<meta property=\"og:image:height\" content=\"1404\" \/>\n\t<meta property=\"og:image:type\" content=\"image\/jpeg\" \/>\n<meta name=\"author\" content=\"Antonella Freggiaro\" \/>\n<meta name=\"twitter:card\" content=\"summary_large_image\" \/>\n<meta name=\"twitter:creator\" content=\"@PressenzaIPA\" \/>\n<meta name=\"twitter:site\" content=\"@PressenzaIPA\" \/>\n<meta name=\"twitter:label1\" content=\"Scritto da\" \/>\n\t<meta name=\"twitter:data1\" content=\"Antonella Freggiaro\" \/>\n\t<meta name=\"twitter:label2\" content=\"Tempo di lettura stimato\" \/>\n\t<meta name=\"twitter:data2\" content=\"2 minuti\" \/>\n<script type=\"application\/ld+json\" class=\"yoast-schema-graph\">{\"@context\":\"https:\/\/schema.org\",\"@graph\":[{\"@type\":\"Article\",\"@id\":\"https:\/\/www.pressenza.com\/it\/2014\/03\/nomad-extreme-uniniziativa-dedicata-designers-si-trovano-confini-mondo\/#article\",\"isPartOf\":{\"@id\":\"https:\/\/www.pressenza.com\/it\/2014\/03\/nomad-extreme-uniniziativa-dedicata-designers-si-trovano-confini-mondo\/\"},\"author\":{\"name\":\"Antonella Freggiaro\",\"@id\":\"https:\/\/www.pressenza.com\/it\/#\/schema\/person\/3e5837299c96e9fe8354a3f2dcd7d89f\"},\"headline\":\"Nomad Extreme, un\u2019iniziativa dedicata ai designers che si trovano ai confini del mondo\",\"datePublished\":\"2014-03-21T18:37:55+00:00\",\"dateModified\":\"2014-12-14T21:06:35+00:00\",\"mainEntityOfPage\":{\"@id\":\"https:\/\/www.pressenza.com\/it\/2014\/03\/nomad-extreme-uniniziativa-dedicata-designers-si-trovano-confini-mondo\/\"},\"wordCount\":325,\"publisher\":{\"@id\":\"https:\/\/www.pressenza.com\/it\/#organization\"},\"image\":{\"@id\":\"https:\/\/www.pressenza.com\/it\/2014\/03\/nomad-extreme-uniniziativa-dedicata-designers-si-trovano-confini-mondo\/#primaryimage\"},\"thumbnailUrl\":\"https:\/\/www.pressenza.com\/wp-content\/uploads\/2014\/03\/artisti-Mali.jpg\",\"keywords\":[\"artisti maliani\",\"nonviolenza\",\"Pace\"],\"articleSection\":[\"Africa\",\"Cultura e Media\",\"Europa\"],\"inLanguage\":\"it-IT\"},{\"@type\":\"WebPage\",\"@id\":\"https:\/\/www.pressenza.com\/it\/2014\/03\/nomad-extreme-uniniziativa-dedicata-designers-si-trovano-confini-mondo\/\",\"url\":\"https:\/\/www.pressenza.com\/it\/2014\/03\/nomad-extreme-uniniziativa-dedicata-designers-si-trovano-confini-mondo\/\",\"name\":\"Nomad Extreme, un\u2019iniziativa dedicata ai designers che si trovano ai confini del mondo\",\"isPartOf\":{\"@id\":\"https:\/\/www.pressenza.com\/it\/#website\"},\"primaryImageOfPage\":{\"@id\":\"https:\/\/www.pressenza.com\/it\/2014\/03\/nomad-extreme-uniniziativa-dedicata-designers-si-trovano-confini-mondo\/#primaryimage\"},\"image\":{\"@id\":\"https:\/\/www.pressenza.com\/it\/2014\/03\/nomad-extreme-uniniziativa-dedicata-designers-si-trovano-confini-mondo\/#primaryimage\"},\"thumbnailUrl\":\"https:\/\/www.pressenza.com\/wp-content\/uploads\/2014\/03\/artisti-Mali.jpg\",\"datePublished\":\"2014-03-21T18:37:55+00:00\",\"dateModified\":\"2014-12-14T21:06:35+00:00\",\"description\":\"9 -13 aprile 2014 Spazio T12 Lab Via dei Transiti 12, Milano \u201cMade in Mali\u201d presenta artisti di Bamako e Timbouctou: \u00a0Ousmane Garba Kounta, Aboubakar\",\"breadcrumb\":{\"@id\":\"https:\/\/www.pressenza.com\/it\/2014\/03\/nomad-extreme-uniniziativa-dedicata-designers-si-trovano-confini-mondo\/#breadcrumb\"},\"inLanguage\":\"it-IT\",\"potentialAction\":[{\"@type\":\"ReadAction\",\"target\":[\"https:\/\/www.pressenza.com\/it\/2014\/03\/nomad-extreme-uniniziativa-dedicata-designers-si-trovano-confini-mondo\/\"]}]},{\"@type\":\"ImageObject\",\"inLanguage\":\"it-IT\",\"@id\":\"https:\/\/www.pressenza.com\/it\/2014\/03\/nomad-extreme-uniniziativa-dedicata-designers-si-trovano-confini-mondo\/#primaryimage\",\"url\":\"https:\/\/www.pressenza.com\/wp-content\/uploads\/2014\/03\/artisti-Mali.jpg\",\"contentUrl\":\"https:\/\/www.pressenza.com\/wp-content\/uploads\/2014\/03\/artisti-Mali.jpg\",\"width\":993,\"height\":1404},{\"@type\":\"BreadcrumbList\",\"@id\":\"https:\/\/www.pressenza.com\/it\/2014\/03\/nomad-extreme-uniniziativa-dedicata-designers-si-trovano-confini-mondo\/#breadcrumb\",\"itemListElement\":[{\"@type\":\"ListItem\",\"position\":1,\"name\":\"Accueil\",\"item\":\"https:\/\/www.pressenza.com\/it\/\"},{\"@type\":\"ListItem\",\"position\":2,\"name\":\"Nomad Extreme, un\u2019iniziativa dedicata ai designers che si trovano ai confini del mondo\"}]},{\"@type\":\"WebSite\",\"@id\":\"https:\/\/www.pressenza.com\/it\/#website\",\"url\":\"https:\/\/www.pressenza.com\/it\/\",\"name\":\"Pressenza\",\"description\":\"Agenzia di Stampa Internazionale\",\"publisher\":{\"@id\":\"https:\/\/www.pressenza.com\/it\/#organization\"},\"potentialAction\":[{\"@type\":\"SearchAction\",\"target\":{\"@type\":\"EntryPoint\",\"urlTemplate\":\"https:\/\/www.pressenza.com\/it\/?s={search_term_string}\"},\"query-input\":{\"@type\":\"PropertyValueSpecification\",\"valueRequired\":true,\"valueName\":\"search_term_string\"}}],\"inLanguage\":\"it-IT\"},{\"@type\":\"Organization\",\"@id\":\"https:\/\/www.pressenza.com\/it\/#organization\",\"name\":\"Pressenza\",\"url\":\"https:\/\/www.pressenza.com\/it\/\",\"logo\":{\"@type\":\"ImageObject\",\"inLanguage\":\"it-IT\",\"@id\":\"https:\/\/www.pressenza.com\/it\/#\/schema\/logo\/image\/\",\"url\":\"https:\/\/www.pressenza.com\/wp-content\/uploads\/2022\/10\/pressenza_logo_200x200.jpg\",\"contentUrl\":\"https:\/\/www.pressenza.com\/wp-content\/uploads\/2022\/10\/pressenza_logo_200x200.jpg\",\"width\":200,\"height\":200,\"caption\":\"Pressenza\"},\"image\":{\"@id\":\"https:\/\/www.pressenza.com\/it\/#\/schema\/logo\/image\/\"},\"sameAs\":[\"https:\/\/www.facebook.com\/PressenzaItalia\",\"https:\/\/x.com\/PressenzaIPA\"]},{\"@type\":\"Person\",\"@id\":\"https:\/\/www.pressenza.com\/it\/#\/schema\/person\/3e5837299c96e9fe8354a3f2dcd7d89f\",\"name\":\"Antonella Freggiaro\",\"description\":\"Antonella Freggiaro, presidente dell'associazione Abarek\u00e0-Nandree, \u00e8 impegnata da anni in Mali in progetti nel campo dell'educazione, della nonviolenza e della sanit\u00e0.\",\"url\":\"https:\/\/www.pressenza.com\/it\/author\/antonella-freggiaro\/\"}]}<\/script>\n<!-- \/ Yoast SEO plugin. -->","yoast_head_json":{"title":"Nomad Extreme, un\u2019iniziativa dedicata ai designers che si trovano ai confini del mondo","description":"9 -13 aprile 2014 Spazio T12 Lab Via dei Transiti 12, Milano \u201cMade in Mali\u201d presenta artisti di Bamako e Timbouctou: \u00a0Ousmane Garba Kounta, Aboubakar","robots":{"index":"index","follow":"follow","max-snippet":"max-snippet:-1","max-image-preview":"max-image-preview:large","max-video-preview":"max-video-preview:-1"},"canonical":"https:\/\/www.pressenza.com\/it\/2014\/03\/nomad-extreme-uniniziativa-dedicata-designers-si-trovano-confini-mondo\/","og_locale":"it_IT","og_type":"article","og_title":"Nomad Extreme, un\u2019iniziativa dedicata ai designers che si trovano ai confini del mondo","og_description":"9 -13 aprile 2014 Spazio T12 Lab Via dei Transiti 12, Milano \u201cMade in Mali\u201d presenta artisti di Bamako e Timbouctou: \u00a0Ousmane Garba Kounta, Aboubakar","og_url":"https:\/\/www.pressenza.com\/it\/2014\/03\/nomad-extreme-uniniziativa-dedicata-designers-si-trovano-confini-mondo\/","og_site_name":"Pressenza","article_publisher":"https:\/\/www.facebook.com\/PressenzaItalia","article_published_time":"2014-03-21T18:37:55+00:00","article_modified_time":"2014-12-14T21:06:35+00:00","og_image":[{"width":993,"height":1404,"url":"https:\/\/www.pressenza.com\/wp-content\/uploads\/2014\/03\/artisti-Mali.jpg","type":"image\/jpeg"}],"author":"Antonella Freggiaro","twitter_card":"summary_large_image","twitter_creator":"@PressenzaIPA","twitter_site":"@PressenzaIPA","twitter_misc":{"Scritto da":"Antonella Freggiaro","Tempo di lettura stimato":"2 minuti"},"schema":{"@context":"https:\/\/schema.org","@graph":[{"@type":"Article","@id":"https:\/\/www.pressenza.com\/it\/2014\/03\/nomad-extreme-uniniziativa-dedicata-designers-si-trovano-confini-mondo\/#article","isPartOf":{"@id":"https:\/\/www.pressenza.com\/it\/2014\/03\/nomad-extreme-uniniziativa-dedicata-designers-si-trovano-confini-mondo\/"},"author":{"name":"Antonella Freggiaro","@id":"https:\/\/www.pressenza.com\/it\/#\/schema\/person\/3e5837299c96e9fe8354a3f2dcd7d89f"},"headline":"Nomad Extreme, un\u2019iniziativa dedicata ai designers che si trovano ai confini del mondo","datePublished":"2014-03-21T18:37:55+00:00","dateModified":"2014-12-14T21:06:35+00:00","mainEntityOfPage":{"@id":"https:\/\/www.pressenza.com\/it\/2014\/03\/nomad-extreme-uniniziativa-dedicata-designers-si-trovano-confini-mondo\/"},"wordCount":325,"publisher":{"@id":"https:\/\/www.pressenza.com\/it\/#organization"},"image":{"@id":"https:\/\/www.pressenza.com\/it\/2014\/03\/nomad-extreme-uniniziativa-dedicata-designers-si-trovano-confini-mondo\/#primaryimage"},"thumbnailUrl":"https:\/\/www.pressenza.com\/wp-content\/uploads\/2014\/03\/artisti-Mali.jpg","keywords":["artisti maliani","nonviolenza","Pace"],"articleSection":["Africa","Cultura e Media","Europa"],"inLanguage":"it-IT"},{"@type":"WebPage","@id":"https:\/\/www.pressenza.com\/it\/2014\/03\/nomad-extreme-uniniziativa-dedicata-designers-si-trovano-confini-mondo\/","url":"https:\/\/www.pressenza.com\/it\/2014\/03\/nomad-extreme-uniniziativa-dedicata-designers-si-trovano-confini-mondo\/","name":"Nomad Extreme, un\u2019iniziativa dedicata ai designers che si trovano ai confini del mondo","isPartOf":{"@id":"https:\/\/www.pressenza.com\/it\/#website"},"primaryImageOfPage":{"@id":"https:\/\/www.pressenza.com\/it\/2014\/03\/nomad-extreme-uniniziativa-dedicata-designers-si-trovano-confini-mondo\/#primaryimage"},"image":{"@id":"https:\/\/www.pressenza.com\/it\/2014\/03\/nomad-extreme-uniniziativa-dedicata-designers-si-trovano-confini-mondo\/#primaryimage"},"thumbnailUrl":"https:\/\/www.pressenza.com\/wp-content\/uploads\/2014\/03\/artisti-Mali.jpg","datePublished":"2014-03-21T18:37:55+00:00","dateModified":"2014-12-14T21:06:35+00:00","description":"9 -13 aprile 2014 Spazio T12 Lab Via dei Transiti 12, Milano \u201cMade in Mali\u201d presenta artisti di Bamako e Timbouctou: \u00a0Ousmane Garba Kounta, Aboubakar","breadcrumb":{"@id":"https:\/\/www.pressenza.com\/it\/2014\/03\/nomad-extreme-uniniziativa-dedicata-designers-si-trovano-confini-mondo\/#breadcrumb"},"inLanguage":"it-IT","potentialAction":[{"@type":"ReadAction","target":["https:\/\/www.pressenza.com\/it\/2014\/03\/nomad-extreme-uniniziativa-dedicata-designers-si-trovano-confini-mondo\/"]}]},{"@type":"ImageObject","inLanguage":"it-IT","@id":"https:\/\/www.pressenza.com\/it\/2014\/03\/nomad-extreme-uniniziativa-dedicata-designers-si-trovano-confini-mondo\/#primaryimage","url":"https:\/\/www.pressenza.com\/wp-content\/uploads\/2014\/03\/artisti-Mali.jpg","contentUrl":"https:\/\/www.pressenza.com\/wp-content\/uploads\/2014\/03\/artisti-Mali.jpg","width":993,"height":1404},{"@type":"BreadcrumbList","@id":"https:\/\/www.pressenza.com\/it\/2014\/03\/nomad-extreme-uniniziativa-dedicata-designers-si-trovano-confini-mondo\/#breadcrumb","itemListElement":[{"@type":"ListItem","position":1,"name":"Accueil","item":"https:\/\/www.pressenza.com\/it\/"},{"@type":"ListItem","position":2,"name":"Nomad Extreme, un\u2019iniziativa dedicata ai designers che si trovano ai confini del mondo"}]},{"@type":"WebSite","@id":"https:\/\/www.pressenza.com\/it\/#website","url":"https:\/\/www.pressenza.com\/it\/","name":"Pressenza","description":"Agenzia di Stampa Internazionale","publisher":{"@id":"https:\/\/www.pressenza.com\/it\/#organization"},"potentialAction":[{"@type":"SearchAction","target":{"@type":"EntryPoint","urlTemplate":"https:\/\/www.pressenza.com\/it\/?s={search_term_string}"},"query-input":{"@type":"PropertyValueSpecification","valueRequired":true,"valueName":"search_term_string"}}],"inLanguage":"it-IT"},{"@type":"Organization","@id":"https:\/\/www.pressenza.com\/it\/#organization","name":"Pressenza","url":"https:\/\/www.pressenza.com\/it\/","logo":{"@type":"ImageObject","inLanguage":"it-IT","@id":"https:\/\/www.pressenza.com\/it\/#\/schema\/logo\/image\/","url":"https:\/\/www.pressenza.com\/wp-content\/uploads\/2022\/10\/pressenza_logo_200x200.jpg","contentUrl":"https:\/\/www.pressenza.com\/wp-content\/uploads\/2022\/10\/pressenza_logo_200x200.jpg","width":200,"height":200,"caption":"Pressenza"},"image":{"@id":"https:\/\/www.pressenza.com\/it\/#\/schema\/logo\/image\/"},"sameAs":["https:\/\/www.facebook.com\/PressenzaItalia","https:\/\/x.com\/PressenzaIPA"]},{"@type":"Person","@id":"https:\/\/www.pressenza.com\/it\/#\/schema\/person\/3e5837299c96e9fe8354a3f2dcd7d89f","name":"Antonella Freggiaro","description":"Antonella Freggiaro, presidente dell'associazione Abarek\u00e0-Nandree, \u00e8 impegnata da anni in Mali in progetti nel campo dell'educazione, della nonviolenza e della sanit\u00e0.","url":"https:\/\/www.pressenza.com\/it\/author\/antonella-freggiaro\/"}]}},"place":"Milano","original_article_url":"","_links":{"self":[{"href":"https:\/\/www.pressenza.com\/it\/wp-json\/wp\/v2\/posts\/95298","targetHints":{"allow":["GET"]}}],"collection":[{"href":"https:\/\/www.pressenza.com\/it\/wp-json\/wp\/v2\/posts"}],"about":[{"href":"https:\/\/www.pressenza.com\/it\/wp-json\/wp\/v2\/types\/post"}],"author":[{"embeddable":true,"href":"https:\/\/www.pressenza.com\/it\/wp-json\/wp\/v2\/users\/941"}],"replies":[{"embeddable":true,"href":"https:\/\/www.pressenza.com\/it\/wp-json\/wp\/v2\/comments?post=95298"}],"version-history":[{"count":0,"href":"https:\/\/www.pressenza.com\/it\/wp-json\/wp\/v2\/posts\/95298\/revisions"}],"wp:featuredmedia":[{"embeddable":true,"href":"https:\/\/www.pressenza.com\/it\/wp-json\/wp\/v2\/media\/95299"}],"wp:attachment":[{"href":"https:\/\/www.pressenza.com\/it\/wp-json\/wp\/v2\/media?parent=95298"}],"wp:term":[{"taxonomy":"category","embeddable":true,"href":"https:\/\/www.pressenza.com\/it\/wp-json\/wp\/v2\/categories?post=95298"},{"taxonomy":"post_tag","embeddable":true,"href":"https:\/\/www.pressenza.com\/it\/wp-json\/wp\/v2\/tags?post=95298"}],"curies":[{"name":"wp","href":"https:\/\/api.w.org\/{rel}","templated":true}]}}