{"id":951173,"date":"2019-10-23T14:55:32","date_gmt":"2019-10-23T13:55:32","guid":{"rendered":"https:\/\/www.pressenza.com\/?p=951173"},"modified":"2019-10-23T14:56:33","modified_gmt":"2019-10-23T13:56:33","slug":"settimana-internazionale-per-il-disarmo-2019-strada-da-seguire-per-costruire-un-mondo-migliore","status":"publish","type":"post","link":"https:\/\/www.pressenza.com\/it\/2019\/10\/settimana-internazionale-per-il-disarmo-2019-strada-da-seguire-per-costruire-un-mondo-migliore\/","title":{"rendered":"Settimana internazionale per il Disarmo 2019: strada da seguire per costruire un mondo migliore"},"content":{"rendered":"<p><strong>Inizia la Settimana di appuntamenti internazionali a favore del Disarmo volta dalle Nazioni Unite. Da New York la chiara indicazione della societ\u00e0 civile internazionale: senza una riduzione della diffusione degli armamenti, una messa al bando dei sistemi d\u2019arma pi\u00f9 pericolosi e uno spostamento di risorse dalle spese militari non saremo in grado di raggiungere gli obiettivi di Sviluppo Sostenibile e affrontare l\u2019emergenza climatica.\u00a0<\/strong><\/p>\n<p><strong>Occorre seguire una vera \u201cAgenda per il Disarmo\u201d<\/strong><\/p>\n<p>Da domani 24 ottobre si celebrer\u00e0 in tutto il mondo la\u00a0<strong>Settimana internazionale per il Disarmo<\/strong>, iniziativa decisa e promossa <strong>nel 1978 delle Nazioni Unite<\/strong> per riflettere sulla necessit\u00e0 di una forte ed efficace riduzione di eserciti ed armamenti nel mondo. Va ricordato infatti che la prima risoluzione della storia dell\u2019ONU ha avuto come tema il disarmo, in particolare quello nucleare.<\/p>\n<p>Anche per il 2019 <strong>la Rete italiana per il Disarmo vuole rilanciare questo importante appuntamento rafforzando le iniziative e le campagne gi\u00e0 in corso su vari temi per promuovere azioni e politiche di disarmo<\/strong>.<\/p>\n<p>Un rilancio che viene proprio <strong>dal Palazzo di Vetro di New York, in cui anche RID \u00e8 presente in questi giorni per partecipare al Forum sul Disarmo Umanitario della societ\u00e0 civile e ad alcuni dibattiti della \u201cPrima Commissione sul disarmo dell\u2019Assemblea Generale 2019\u201d<\/strong>. Giorni che costituiscono occasione di confronto con altre organizzazioni per il disarmo e il controllo degli armamenti e con i diplomatici di tutto il mondo. \u201cTutti insieme abbiamo <strong>ribadito la necessit\u00e0 di percorsi di disarmo per poter costruire un mondo di Pace, non dominato da conflitti ma reso migliore dalla cooperazione<\/strong> &#8211; commenta da New York Francesco Vignarca, coordinatore RID &#8211; e lo abbiamo indicato con forza n<strong>ell\u2019ambito delle campagne internazionali di cui facciamo parte<\/strong> che hanno partecipato alle iniziative di questi giorni\u201d.<\/p>\n<p>Dal<strong> controllo dell\u2019export di armamenti<\/strong>, alla <strong>riduzione della spesa militare<\/strong>, alla promozione di una <strong>difesa civile nonviolenta<\/strong>, al <strong>contrasto alle armi di distruzione di massa<\/strong> in particolare con la messa al <strong>bando delle testate nucleari<\/strong>; dalla richiesta di <strong>protezione dei civili dall\u2019uso indiscriminato di armi esplosive<\/strong> in contesto urbano, allo stop anche preventivo verso i sistemi d\u2019arma della guerra attuale o del futuro come <strong>droni o &#8220;killer robots&#8221;<\/strong>.\u00a0Sono tutte iniziative che la nostra Rete Disarmo porta avanti quotidianamente insieme ai propri partner internazionali nell\u2019ambito di campagne che hanno presentato in questi giorni proposte e dati alla comunit\u00e0 internazionale, sottolineando come <strong>solo riducendo risorse e centralit\u00e0 politica da armi ed eserciti si potranno affrontare i veri problemi del nostro tempo, in particolare l\u2019emergenza climatica.<\/strong><\/p>\n<p>A tracciare la strada in tal senso c\u2019\u00e8 sicuramente l\u2019<strong>Agenda internazionale 2030 per lo Sviluppo Sostenibile<\/strong> approvata dagli Stati di tutto il mondo e che contiene come proprio passaggio fondamentale anche iniziative per prevenire, combattere, sradicare il commercio illecito di armi: nell\u2019Agenda \u00e8 infatti inserito un obiettivo specifico per <strong>ridurre significativamente il flusso illecito di armamenti all\u2019interno dell\u2019obiettivo generale sulla Pace (il numero 16)<\/strong>.<\/p>\n<p>Inoltre \u00e8 proprio dedicata a questo tema la piattaforma di <strong>\u201cAgenda politica per il Disarmo\u201d <\/strong>dal titolo &#8220;Proteggere il nostro futuro&#8221; elaborata e proposta nel maggio 2018\u00a0dal\u00a0Segretario Generale delle Nazioni Unite Antonio Guterres. \u201cUn punto di riferimento continuamente rilanciato dal Segretario Generale e dal Sottosegretario per il Disarmo Izumi Nakamitsu &#8211; commenta Francesco Vignarca &#8211; lo <strong>vediamo anche in questi giorni a New York <\/strong>in cui l\u2019Ufficio Onu per il Disarmo UNODA partecipa attivamente a molti incontri della societ\u00e0 civile rilanciando la necessit\u00e0 di azioni forti, ad esempio per una <strong>riduzione delle spese militari<\/strong>\u201d.<\/p>\n<p>\u00c8 davvero importante e significativo, e rafforza le iniziative di Rete Disarmo e di tutti i suoi partner, che sia preso a modello di azione politica internazionale un documento bastato proprio e integralmente sui pilastri del <strong>&#8220;Disarmo per salvare l&#8217;Umanit\u00e0, &#8220;Disarmo per salvare vite&#8221;, &#8220;Disarmo per le generazioni future\u201d<\/strong>. La Rete italiana per il Disarmo e tutte le organizzazioni che la compongono fanno dunque <strong>appello alle forze politiche italiane affinch\u00e9\u00a0includano nelle proprie attivit\u00e0 quotidiane e nella propria piattaforma di proposte i suggerimenti e i principi dell\u2019Agenda per il Disarmo ONU<\/strong>, ricordando ancora una volta lo stretto\u00a0legame con gli Obiettivi di Sviluppo sostenibile dell&#8217;Agenda 2030.<\/p>\n<p>&nbsp;<\/p>\n<p>_________________<\/p>\n<p>In questi giorni la <strong>Rete Italiana per il Disarmo<\/strong> ha sottoscritto diversi documenti e dichiarazioni delle Campagne internazionali di cui fa parte, su varie questioni aperte. Qui sotto un elenco dei punti significativi di ciascun documento (che \u00e8 possibile richiedere alla nostra Rete, se interessati)<\/p>\n<p>&nbsp;<\/p>\n<p><strong>Control Arms<\/strong><\/p>\n<p>\u201cCi sono cos\u00ec tanti passi, piccoli e grandi, che dovrebbero essere intrapresi per rendere il mondo migliore e pi\u00f9 sicuro, ma tra questi uno cruciale \u00e8 fermare immediatamente i trasferimenti di armi che alimentano conflitti, povert\u00e0 e violazioni dei diritti umani internazionali e del diritto umanitario\u201d.<\/p>\n<p><strong>International Network on Explosive Weapons<\/strong><\/p>\n<p>\u201cQuando le armi esplosive sono usate nelle zone urbane, i civili vengono uccisi e feriti, infrastrutture vitali su cui i civili contano per la propria sopravvivenza sono distrutte e le persone sono costrette a fuggire. I dati suggeriscono che quando vengono utilizzate armi esplosive nelle aree popolate, nove persone su dieci, ferite o uccise, sono civili. (\u2026) Oltre ad alti livelli di morte, lesioni e fisiologica traumi, l&#8217;uso di armi esplosive in zone popolate provoca gravi danni di lunga durata e la distruzione di infrastrutture e servizi essenziali, tra cui scuole, ospedali, abitazioni, acqua e sistemi igienico-sanitari, lascia massiccia contaminazione ambientale con ordigni inesplosi ed \u00e8 causa primaria degli spostamenti forzati\u201d.<\/p>\n<p><strong>International Campaign to Abolish Nuclear Weapons<\/strong><\/p>\n<p>Sono necessarie solo altre 17 ratifiche per mettere le armi nucleari sullo stesso piano giuridico delle armi chimiche e biologiche. Esortiamo tutti gli Stati che non lo hanno ancora fatto a firmare e ratificare questo trattato indispensabile con urgenza. Se pensate che le armi nucleari non influenzino il vostro Paese, dovreste ripensarci. Le 14.000 armi nucleari che esistono oggi nel mondo rappresentano un&#8217;acuta minaccia esistenziale per tutti noi. Nessuna Nazione \u00e8 immune alle ricadute radioattive che trascenderebbero i confini nazionali se queste armi fossero mai riutilizzate. Nessuna Nazione \u00e8 immune alle perturbazioni climatiche, al collasso agricolo ed economico, agli sfollamenti di massa e alla carestia che inevitabilmente seguiranno anche una guerra nucleare limitata. In qualsiasi parte del mondo viviate, il compiacersi di fronte a questa minaccia globale non \u00e8 un\u2019opzione&#8221;.<\/p>\n<p><strong>Campaign to Stop Killer Robots<\/strong><\/p>\n<p>\u201cLa nostra Campagna invita gli Stati ad avviare negoziati su un Trattato per preservare un significativo controllo umano sull&#8217;uso della forza. Tale Trattato dovrebbe applicarsi alla gamma di sistemi d&#8217;arma che selezionano e impegnano bersagli sulla base di input di sensori, cio\u00e8 sistemi in cui l&#8217;oggetto da attaccare \u00e8 determinato dai sensori piuttosto che dagli umani; dovrebbe vietare i sistemi che non consentono un controllo umano significativo e dovrebbe stabilire obblighi positivi per garantire che altri sistemi siano adeguatamente limitati.<\/p>\n<p>L&#8217;obiettivo di stabilire limiti alla minaccia dei robot killer \u00e8 ora ampiamente condiviso da molti Stati, dal Segretario Generale delle Nazioni Unite (ONU), dal Comitato Internazionale della Croce Rossa (CICR) e dalle organizzazioni non governative. Le richieste di un nuovo Trattato per vietare i robot killer hanno il fermo sostegno del settore tecnologico, tra cui decine di aziende e migliaia di esperti di intelligenza artificiale, robotici, scienziati ed esperti di tecnologia\u201d.<\/p>\n<p><strong>European Forum on Armed Drones<\/strong><\/p>\n<p>\u201cInsieme, ci impegniamo a proteggere le persone e a prevenire e mitigare i danni derivanti dall&#8217;uso di droni negli schieramenti militari nazionali e internazionali, inclusi quelli che costituiscono violazione dei diritti umani internazionali e del diritto umanitario. Molte delle nostre organizzazioni operano sotto l&#8217;ombrello pi\u00f9 ampio del disarmo umanitario, condividendo l&#8217;obiettivo comune di prevenire e rimediare alla sofferenza umana inflitta dalle armi attraverso l&#8217;istituzione di regole e norme\u201d.<\/p>\n","protected":false},"excerpt":{"rendered":"<p>Inizia la Settimana di appuntamenti internazionali a favore del Disarmo volta dalle Nazioni Unite. Da New York la chiara indicazione della societ\u00e0 civile internazionale: senza una riduzione della diffusione degli armamenti, una messa al bando dei sistemi d\u2019arma pi\u00f9 pericolosi&hellip;<\/p>\n","protected":false},"author":235,"featured_media":951175,"comment_status":"closed","ping_status":"closed","sticky":false,"template":"","format":"standard","meta":{"footnotes":""},"categories":[150,47,1263],"tags":[231,65899],"class_list":["post-951173","post","type-post","status-publish","format-standard","has-post-thumbnail","hentry","category-comunicati-stampa","category-europa","category-pace-disarmo","tag-disarmo","tag-settimana-internazionale-per-il-disarmo"],"yoast_head":"<!-- This site is optimized with the Yoast SEO plugin v27.1.1 - https:\/\/yoast.com\/product\/yoast-seo-wordpress\/ -->\n<title>Settimana internazionale per il Disarmo 2019: strada da seguire per costruire un mondo migliore<\/title>\n<meta name=\"description\" content=\"Comincia domani, 24 ottobre, la Settimana internazionale per il Disarmo, iniziativa decisa e promossa nel 1978 delle Nazioni Unite per riflettere sulla necessit\u00e0 di una forte ed efficace riduzione di eserciti ed armamenti nel mondo. Rilanciamo questo appuntamento rafforzando le iniziative e le campagne gi\u00e0 in corso per promuovere azioni e politiche di disarmo\" \/>\n<meta name=\"robots\" content=\"index, follow, max-snippet:-1, max-image-preview:large, max-video-preview:-1\" \/>\n<link rel=\"canonical\" href=\"https:\/\/www.pressenza.com\/it\/2019\/10\/settimana-internazionale-per-il-disarmo-2019-strada-da-seguire-per-costruire-un-mondo-migliore\/\" \/>\n<meta property=\"og:locale\" content=\"it_IT\" \/>\n<meta property=\"og:type\" content=\"article\" \/>\n<meta property=\"og:title\" content=\"Settimana internazionale per il Disarmo 2019: strada da seguire per costruire un mondo migliore\" \/>\n<meta property=\"og:description\" content=\"Comincia domani, 24 ottobre, la Settimana internazionale per il Disarmo, iniziativa decisa e promossa nel 1978 delle Nazioni Unite per riflettere sulla necessit\u00e0 di una forte ed efficace riduzione di eserciti ed armamenti nel mondo. Rilanciamo questo appuntamento rafforzando le iniziative e le campagne gi\u00e0 in corso per promuovere azioni e politiche di disarmo\" \/>\n<meta property=\"og:url\" content=\"https:\/\/www.pressenza.com\/it\/2019\/10\/settimana-internazionale-per-il-disarmo-2019-strada-da-seguire-per-costruire-un-mondo-migliore\/\" \/>\n<meta property=\"og:site_name\" content=\"Pressenza\" \/>\n<meta property=\"article:publisher\" content=\"https:\/\/www.facebook.com\/PressenzaItalia\" \/>\n<meta property=\"article:author\" content=\"https:\/\/www.facebook.com\/retedisarmo\/\" \/>\n<meta property=\"article:published_time\" content=\"2019-10-23T13:55:32+00:00\" \/>\n<meta property=\"article:modified_time\" content=\"2019-10-23T13:56:33+00:00\" \/>\n<meta property=\"og:image\" content=\"https:\/\/www.pressenza.com\/wp-content\/uploads\/2019\/10\/Disarmo-1.jpg\" \/>\n\t<meta property=\"og:image:width\" content=\"632\" \/>\n\t<meta property=\"og:image:height\" content=\"444\" \/>\n\t<meta property=\"og:image:type\" content=\"image\/jpeg\" \/>\n<meta name=\"author\" content=\"Rete Italiana per il Disarmo\" \/>\n<meta name=\"twitter:card\" content=\"summary_large_image\" \/>\n<meta name=\"twitter:creator\" content=\"@PressenzaIPA\" \/>\n<meta name=\"twitter:site\" content=\"@PressenzaIPA\" \/>\n<meta name=\"twitter:label1\" content=\"Scritto da\" \/>\n\t<meta name=\"twitter:data1\" content=\"Rete Italiana per il Disarmo\" \/>\n\t<meta name=\"twitter:label2\" content=\"Tempo di lettura stimato\" \/>\n\t<meta name=\"twitter:data2\" content=\"6 minuti\" \/>\n<script type=\"application\/ld+json\" class=\"yoast-schema-graph\">{\"@context\":\"https:\/\/schema.org\",\"@graph\":[{\"@type\":\"Article\",\"@id\":\"https:\/\/www.pressenza.com\/it\/2019\/10\/settimana-internazionale-per-il-disarmo-2019-strada-da-seguire-per-costruire-un-mondo-migliore\/#article\",\"isPartOf\":{\"@id\":\"https:\/\/www.pressenza.com\/it\/2019\/10\/settimana-internazionale-per-il-disarmo-2019-strada-da-seguire-per-costruire-un-mondo-migliore\/\"},\"author\":{\"name\":\"Rete Italiana per il Disarmo\",\"@id\":\"https:\/\/www.pressenza.com\/it\/#\/schema\/person\/68db3ba40086f89be9c210065b21fb6e\"},\"headline\":\"Settimana internazionale per il Disarmo 2019: strada da seguire per costruire un mondo migliore\",\"datePublished\":\"2019-10-23T13:55:32+00:00\",\"dateModified\":\"2019-10-23T13:56:33+00:00\",\"mainEntityOfPage\":{\"@id\":\"https:\/\/www.pressenza.com\/it\/2019\/10\/settimana-internazionale-per-il-disarmo-2019-strada-da-seguire-per-costruire-un-mondo-migliore\/\"},\"wordCount\":1277,\"publisher\":{\"@id\":\"https:\/\/www.pressenza.com\/it\/#organization\"},\"image\":{\"@id\":\"https:\/\/www.pressenza.com\/it\/2019\/10\/settimana-internazionale-per-il-disarmo-2019-strada-da-seguire-per-costruire-un-mondo-migliore\/#primaryimage\"},\"thumbnailUrl\":\"https:\/\/www.pressenza.com\/wp-content\/uploads\/2019\/10\/Disarmo-1.jpg\",\"keywords\":[\"disarmo\",\"Settimana Internazionale per il Disarmo\"],\"articleSection\":[\"Comunicati Stampa\",\"Europa\",\"Pace e Disarmo\"],\"inLanguage\":\"it-IT\"},{\"@type\":\"WebPage\",\"@id\":\"https:\/\/www.pressenza.com\/it\/2019\/10\/settimana-internazionale-per-il-disarmo-2019-strada-da-seguire-per-costruire-un-mondo-migliore\/\",\"url\":\"https:\/\/www.pressenza.com\/it\/2019\/10\/settimana-internazionale-per-il-disarmo-2019-strada-da-seguire-per-costruire-un-mondo-migliore\/\",\"name\":\"Settimana internazionale per il Disarmo 2019: strada da seguire per costruire un mondo migliore\",\"isPartOf\":{\"@id\":\"https:\/\/www.pressenza.com\/it\/#website\"},\"primaryImageOfPage\":{\"@id\":\"https:\/\/www.pressenza.com\/it\/2019\/10\/settimana-internazionale-per-il-disarmo-2019-strada-da-seguire-per-costruire-un-mondo-migliore\/#primaryimage\"},\"image\":{\"@id\":\"https:\/\/www.pressenza.com\/it\/2019\/10\/settimana-internazionale-per-il-disarmo-2019-strada-da-seguire-per-costruire-un-mondo-migliore\/#primaryimage\"},\"thumbnailUrl\":\"https:\/\/www.pressenza.com\/wp-content\/uploads\/2019\/10\/Disarmo-1.jpg\",\"datePublished\":\"2019-10-23T13:55:32+00:00\",\"dateModified\":\"2019-10-23T13:56:33+00:00\",\"description\":\"Comincia domani, 24 ottobre, la Settimana internazionale per il Disarmo, iniziativa decisa e promossa nel 1978 delle Nazioni Unite per riflettere sulla necessit\u00e0 di una forte ed efficace riduzione di eserciti ed armamenti nel mondo. Rilanciamo questo appuntamento rafforzando le iniziative e le campagne gi\u00e0 in corso per promuovere azioni e politiche di disarmo\",\"breadcrumb\":{\"@id\":\"https:\/\/www.pressenza.com\/it\/2019\/10\/settimana-internazionale-per-il-disarmo-2019-strada-da-seguire-per-costruire-un-mondo-migliore\/#breadcrumb\"},\"inLanguage\":\"it-IT\",\"potentialAction\":[{\"@type\":\"ReadAction\",\"target\":[\"https:\/\/www.pressenza.com\/it\/2019\/10\/settimana-internazionale-per-il-disarmo-2019-strada-da-seguire-per-costruire-un-mondo-migliore\/\"]}]},{\"@type\":\"ImageObject\",\"inLanguage\":\"it-IT\",\"@id\":\"https:\/\/www.pressenza.com\/it\/2019\/10\/settimana-internazionale-per-il-disarmo-2019-strada-da-seguire-per-costruire-un-mondo-migliore\/#primaryimage\",\"url\":\"https:\/\/www.pressenza.com\/wp-content\/uploads\/2019\/10\/Disarmo-1.jpg\",\"contentUrl\":\"https:\/\/www.pressenza.com\/wp-content\/uploads\/2019\/10\/Disarmo-1.jpg\",\"width\":632,\"height\":444},{\"@type\":\"BreadcrumbList\",\"@id\":\"https:\/\/www.pressenza.com\/it\/2019\/10\/settimana-internazionale-per-il-disarmo-2019-strada-da-seguire-per-costruire-un-mondo-migliore\/#breadcrumb\",\"itemListElement\":[{\"@type\":\"ListItem\",\"position\":1,\"name\":\"Accueil\",\"item\":\"https:\/\/www.pressenza.com\/it\/\"},{\"@type\":\"ListItem\",\"position\":2,\"name\":\"Settimana internazionale per il Disarmo 2019: strada da seguire per costruire un mondo migliore\"}]},{\"@type\":\"WebSite\",\"@id\":\"https:\/\/www.pressenza.com\/it\/#website\",\"url\":\"https:\/\/www.pressenza.com\/it\/\",\"name\":\"Pressenza\",\"description\":\"Agenzia di Stampa Internazionale\",\"publisher\":{\"@id\":\"https:\/\/www.pressenza.com\/it\/#organization\"},\"potentialAction\":[{\"@type\":\"SearchAction\",\"target\":{\"@type\":\"EntryPoint\",\"urlTemplate\":\"https:\/\/www.pressenza.com\/it\/?s={search_term_string}\"},\"query-input\":{\"@type\":\"PropertyValueSpecification\",\"valueRequired\":true,\"valueName\":\"search_term_string\"}}],\"inLanguage\":\"it-IT\"},{\"@type\":\"Organization\",\"@id\":\"https:\/\/www.pressenza.com\/it\/#organization\",\"name\":\"Pressenza\",\"url\":\"https:\/\/www.pressenza.com\/it\/\",\"logo\":{\"@type\":\"ImageObject\",\"inLanguage\":\"it-IT\",\"@id\":\"https:\/\/www.pressenza.com\/it\/#\/schema\/logo\/image\/\",\"url\":\"https:\/\/www.pressenza.com\/wp-content\/uploads\/2022\/10\/pressenza_logo_200x200.jpg\",\"contentUrl\":\"https:\/\/www.pressenza.com\/wp-content\/uploads\/2022\/10\/pressenza_logo_200x200.jpg\",\"width\":200,\"height\":200,\"caption\":\"Pressenza\"},\"image\":{\"@id\":\"https:\/\/www.pressenza.com\/it\/#\/schema\/logo\/image\/\"},\"sameAs\":[\"https:\/\/www.facebook.com\/PressenzaItalia\",\"https:\/\/x.com\/PressenzaIPA\"]},{\"@type\":\"Person\",\"@id\":\"https:\/\/www.pressenza.com\/it\/#\/schema\/person\/68db3ba40086f89be9c210065b21fb6e\",\"name\":\"Rete Italiana per il Disarmo\",\"description\":\"www.disarmo.org\",\"sameAs\":[\"http:\/\/www.disarmo.org\/\",\"https:\/\/www.facebook.com\/retedisarmo\/\"],\"url\":\"https:\/\/www.pressenza.com\/it\/author\/rete-disarmo\/\"}]}<\/script>\n<!-- \/ Yoast SEO plugin. -->","yoast_head_json":{"title":"Settimana internazionale per il Disarmo 2019: strada da seguire per costruire un mondo migliore","description":"Comincia domani, 24 ottobre, la Settimana internazionale per il Disarmo, iniziativa decisa e promossa nel 1978 delle Nazioni Unite per riflettere sulla necessit\u00e0 di una forte ed efficace riduzione di eserciti ed armamenti nel mondo. Rilanciamo questo appuntamento rafforzando le iniziative e le campagne gi\u00e0 in corso per promuovere azioni e politiche di disarmo","robots":{"index":"index","follow":"follow","max-snippet":"max-snippet:-1","max-image-preview":"max-image-preview:large","max-video-preview":"max-video-preview:-1"},"canonical":"https:\/\/www.pressenza.com\/it\/2019\/10\/settimana-internazionale-per-il-disarmo-2019-strada-da-seguire-per-costruire-un-mondo-migliore\/","og_locale":"it_IT","og_type":"article","og_title":"Settimana internazionale per il Disarmo 2019: strada da seguire per costruire un mondo migliore","og_description":"Comincia domani, 24 ottobre, la Settimana internazionale per il Disarmo, iniziativa decisa e promossa nel 1978 delle Nazioni Unite per riflettere sulla necessit\u00e0 di una forte ed efficace riduzione di eserciti ed armamenti nel mondo. Rilanciamo questo appuntamento rafforzando le iniziative e le campagne gi\u00e0 in corso per promuovere azioni e politiche di disarmo","og_url":"https:\/\/www.pressenza.com\/it\/2019\/10\/settimana-internazionale-per-il-disarmo-2019-strada-da-seguire-per-costruire-un-mondo-migliore\/","og_site_name":"Pressenza","article_publisher":"https:\/\/www.facebook.com\/PressenzaItalia","article_author":"https:\/\/www.facebook.com\/retedisarmo\/","article_published_time":"2019-10-23T13:55:32+00:00","article_modified_time":"2019-10-23T13:56:33+00:00","og_image":[{"width":632,"height":444,"url":"https:\/\/www.pressenza.com\/wp-content\/uploads\/2019\/10\/Disarmo-1.jpg","type":"image\/jpeg"}],"author":"Rete Italiana per il Disarmo","twitter_card":"summary_large_image","twitter_creator":"@PressenzaIPA","twitter_site":"@PressenzaIPA","twitter_misc":{"Scritto da":"Rete Italiana per il Disarmo","Tempo di lettura stimato":"6 minuti"},"schema":{"@context":"https:\/\/schema.org","@graph":[{"@type":"Article","@id":"https:\/\/www.pressenza.com\/it\/2019\/10\/settimana-internazionale-per-il-disarmo-2019-strada-da-seguire-per-costruire-un-mondo-migliore\/#article","isPartOf":{"@id":"https:\/\/www.pressenza.com\/it\/2019\/10\/settimana-internazionale-per-il-disarmo-2019-strada-da-seguire-per-costruire-un-mondo-migliore\/"},"author":{"name":"Rete Italiana per il Disarmo","@id":"https:\/\/www.pressenza.com\/it\/#\/schema\/person\/68db3ba40086f89be9c210065b21fb6e"},"headline":"Settimana internazionale per il Disarmo 2019: strada da seguire per costruire un mondo migliore","datePublished":"2019-10-23T13:55:32+00:00","dateModified":"2019-10-23T13:56:33+00:00","mainEntityOfPage":{"@id":"https:\/\/www.pressenza.com\/it\/2019\/10\/settimana-internazionale-per-il-disarmo-2019-strada-da-seguire-per-costruire-un-mondo-migliore\/"},"wordCount":1277,"publisher":{"@id":"https:\/\/www.pressenza.com\/it\/#organization"},"image":{"@id":"https:\/\/www.pressenza.com\/it\/2019\/10\/settimana-internazionale-per-il-disarmo-2019-strada-da-seguire-per-costruire-un-mondo-migliore\/#primaryimage"},"thumbnailUrl":"https:\/\/www.pressenza.com\/wp-content\/uploads\/2019\/10\/Disarmo-1.jpg","keywords":["disarmo","Settimana Internazionale per il Disarmo"],"articleSection":["Comunicati Stampa","Europa","Pace e Disarmo"],"inLanguage":"it-IT"},{"@type":"WebPage","@id":"https:\/\/www.pressenza.com\/it\/2019\/10\/settimana-internazionale-per-il-disarmo-2019-strada-da-seguire-per-costruire-un-mondo-migliore\/","url":"https:\/\/www.pressenza.com\/it\/2019\/10\/settimana-internazionale-per-il-disarmo-2019-strada-da-seguire-per-costruire-un-mondo-migliore\/","name":"Settimana internazionale per il Disarmo 2019: strada da seguire per costruire un mondo migliore","isPartOf":{"@id":"https:\/\/www.pressenza.com\/it\/#website"},"primaryImageOfPage":{"@id":"https:\/\/www.pressenza.com\/it\/2019\/10\/settimana-internazionale-per-il-disarmo-2019-strada-da-seguire-per-costruire-un-mondo-migliore\/#primaryimage"},"image":{"@id":"https:\/\/www.pressenza.com\/it\/2019\/10\/settimana-internazionale-per-il-disarmo-2019-strada-da-seguire-per-costruire-un-mondo-migliore\/#primaryimage"},"thumbnailUrl":"https:\/\/www.pressenza.com\/wp-content\/uploads\/2019\/10\/Disarmo-1.jpg","datePublished":"2019-10-23T13:55:32+00:00","dateModified":"2019-10-23T13:56:33+00:00","description":"Comincia domani, 24 ottobre, la Settimana internazionale per il Disarmo, iniziativa decisa e promossa nel 1978 delle Nazioni Unite per riflettere sulla necessit\u00e0 di una forte ed efficace riduzione di eserciti ed armamenti nel mondo. Rilanciamo questo appuntamento rafforzando le iniziative e le campagne gi\u00e0 in corso per promuovere azioni e politiche di disarmo","breadcrumb":{"@id":"https:\/\/www.pressenza.com\/it\/2019\/10\/settimana-internazionale-per-il-disarmo-2019-strada-da-seguire-per-costruire-un-mondo-migliore\/#breadcrumb"},"inLanguage":"it-IT","potentialAction":[{"@type":"ReadAction","target":["https:\/\/www.pressenza.com\/it\/2019\/10\/settimana-internazionale-per-il-disarmo-2019-strada-da-seguire-per-costruire-un-mondo-migliore\/"]}]},{"@type":"ImageObject","inLanguage":"it-IT","@id":"https:\/\/www.pressenza.com\/it\/2019\/10\/settimana-internazionale-per-il-disarmo-2019-strada-da-seguire-per-costruire-un-mondo-migliore\/#primaryimage","url":"https:\/\/www.pressenza.com\/wp-content\/uploads\/2019\/10\/Disarmo-1.jpg","contentUrl":"https:\/\/www.pressenza.com\/wp-content\/uploads\/2019\/10\/Disarmo-1.jpg","width":632,"height":444},{"@type":"BreadcrumbList","@id":"https:\/\/www.pressenza.com\/it\/2019\/10\/settimana-internazionale-per-il-disarmo-2019-strada-da-seguire-per-costruire-un-mondo-migliore\/#breadcrumb","itemListElement":[{"@type":"ListItem","position":1,"name":"Accueil","item":"https:\/\/www.pressenza.com\/it\/"},{"@type":"ListItem","position":2,"name":"Settimana internazionale per il Disarmo 2019: strada da seguire per costruire un mondo migliore"}]},{"@type":"WebSite","@id":"https:\/\/www.pressenza.com\/it\/#website","url":"https:\/\/www.pressenza.com\/it\/","name":"Pressenza","description":"Agenzia di Stampa Internazionale","publisher":{"@id":"https:\/\/www.pressenza.com\/it\/#organization"},"potentialAction":[{"@type":"SearchAction","target":{"@type":"EntryPoint","urlTemplate":"https:\/\/www.pressenza.com\/it\/?s={search_term_string}"},"query-input":{"@type":"PropertyValueSpecification","valueRequired":true,"valueName":"search_term_string"}}],"inLanguage":"it-IT"},{"@type":"Organization","@id":"https:\/\/www.pressenza.com\/it\/#organization","name":"Pressenza","url":"https:\/\/www.pressenza.com\/it\/","logo":{"@type":"ImageObject","inLanguage":"it-IT","@id":"https:\/\/www.pressenza.com\/it\/#\/schema\/logo\/image\/","url":"https:\/\/www.pressenza.com\/wp-content\/uploads\/2022\/10\/pressenza_logo_200x200.jpg","contentUrl":"https:\/\/www.pressenza.com\/wp-content\/uploads\/2022\/10\/pressenza_logo_200x200.jpg","width":200,"height":200,"caption":"Pressenza"},"image":{"@id":"https:\/\/www.pressenza.com\/it\/#\/schema\/logo\/image\/"},"sameAs":["https:\/\/www.facebook.com\/PressenzaItalia","https:\/\/x.com\/PressenzaIPA"]},{"@type":"Person","@id":"https:\/\/www.pressenza.com\/it\/#\/schema\/person\/68db3ba40086f89be9c210065b21fb6e","name":"Rete Italiana per il Disarmo","description":"www.disarmo.org","sameAs":["http:\/\/www.disarmo.org\/","https:\/\/www.facebook.com\/retedisarmo\/"],"url":"https:\/\/www.pressenza.com\/it\/author\/rete-disarmo\/"}]}},"place":"","original_article_url":"","_links":{"self":[{"href":"https:\/\/www.pressenza.com\/it\/wp-json\/wp\/v2\/posts\/951173","targetHints":{"allow":["GET"]}}],"collection":[{"href":"https:\/\/www.pressenza.com\/it\/wp-json\/wp\/v2\/posts"}],"about":[{"href":"https:\/\/www.pressenza.com\/it\/wp-json\/wp\/v2\/types\/post"}],"author":[{"embeddable":true,"href":"https:\/\/www.pressenza.com\/it\/wp-json\/wp\/v2\/users\/235"}],"replies":[{"embeddable":true,"href":"https:\/\/www.pressenza.com\/it\/wp-json\/wp\/v2\/comments?post=951173"}],"version-history":[{"count":0,"href":"https:\/\/www.pressenza.com\/it\/wp-json\/wp\/v2\/posts\/951173\/revisions"}],"wp:featuredmedia":[{"embeddable":true,"href":"https:\/\/www.pressenza.com\/it\/wp-json\/wp\/v2\/media\/951175"}],"wp:attachment":[{"href":"https:\/\/www.pressenza.com\/it\/wp-json\/wp\/v2\/media?parent=951173"}],"wp:term":[{"taxonomy":"category","embeddable":true,"href":"https:\/\/www.pressenza.com\/it\/wp-json\/wp\/v2\/categories?post=951173"},{"taxonomy":"post_tag","embeddable":true,"href":"https:\/\/www.pressenza.com\/it\/wp-json\/wp\/v2\/tags?post=951173"}],"curies":[{"name":"wp","href":"https:\/\/api.w.org\/{rel}","templated":true}]}}