{"id":9506,"date":"2012-06-16T00:00:00","date_gmt":"2012-06-16T00:00:00","guid":{"rendered":""},"modified":"2012-06-18T06:24:00","modified_gmt":"2012-06-18T06:24:00","slug":"rio-x20-e-la-conferenza-dei-popolix-le-differenze-sono-evidenti","status":"publish","type":"post","link":"https:\/\/www.pressenza.com\/it\/2012\/06\/rio-x20-e-la-conferenza-dei-popolix-le-differenze-sono-evidenti\/","title":{"rendered":"R\u00edo +20 e la Conferenza dei Popoli: le differenze sono evidenti"},"content":{"rendered":"<p>Fin dai primi giorni delegazioni di vari continenti hanno iniziato ad arrivare a Rio. Da una parte le delegazioni ufficiali responsabili dei negoziati per il documento che dovranno firmare i rispettivi presidenti al termine della conferenza ufficiale che non a caso, ma certamente in modo pretenzioso, si chiama \u201cIl futuro che vogliamo\u201d, slogan della stessa conferenza. Dall\u2019altra, le delegazioni della Cupula dos Povos, ovvero la Conferenza dei Popoli, formate da diversi movimenti che organizzano attivit\u00e0 parallele e cercano di incidere in qualche modo nei contenuti del documento da negoziare.<\/p>\n<p>Da una parte la Conferenza dei Popoli si tiene in uno spazio molto ampio con tende, tavolini e sedie di plastica, difficolt\u00e0 organizzative varie nonch\u00e9 massiccia presenza di polizia e militari. 2000 giovani sono accampati all\u2019Universit\u00e0 Federale di Rio, mentre un numero non confermato di rappresentanti di popoli indigeni \u00e8 accampato in una zona pi\u00f9 distante; l\u00ec discutono, si confrontano, organizzano assemblee e presentano proposte per il documento finale di questo summit.Dall\u2019altra, la conferenza ufficiale che si tiene in uno spazio con padiglioni, supporti audio video, traduzione simultanea, punti ristoro e se non bastasse una zona adiacente dedicata a eventi e riunioni parallele. <\/p>\n<p>Spostarsi da un\u2019area all\u2019altra delle due conferenze richiede circa due ore in taxi e 150 real, traffico permettendo.<\/p>\n<p>Queste distanze evidenti, non solo geografiche, evidenziano senza dubbio le differenze profonde tra i due eventi, negli intenti e nelle posizioni. Mettono in risalto che il futuro che vogliamo \u00e8 diverso.<\/p>\n<p>Curiosamente, ma forse non \u00e8 un caso, le delegazioni ufficiali sono riuscite a trovare accordi solamente sul 30% dei contenuti del documento ufficiale. Il concetto centrale di tutto il documento, la cosiddetta \u201cgreen economy\u201d non trova consenso.<\/p>\n<p>In questo scenario, organizzazioni e movimenti appartenenti alla societ\u00e0 civile hanno sviluppato durante i tre giorni di negoziati,  sessioni di lavoro divise per gruppi tematici per cercare di trovare una posizione comune sul documento e attraverso delegazioni ufficiali dei paesi del cosiddetto Gruppo dei 77, presentare le proprie posizioni al tavolo dei negoziati. Durante le giornate di sabato, domenica e luned\u00ec, questi gruppi svolgono i \u201cDialoghi della Societ\u00e0 Civile\u201d.<br \/>\nDall\u2019altra parte, nella stessa zona ma in padiglioni dotati aria condizionata chiamati \u201cglobos\u201d, si muovono ministri legati al tema centrale della conferenza e le aziende pubbliche brasiliane che tengono conferenze, consegnano materiali e proposte ufficiali cercando almeno apparentemente di essere concordi.<br \/>\nDa domenica 17 iniziano le assemblee preliminari alla Conferenza dei Popoli e la stesura della Dichiarazione Finale.<\/p>\n<p>Il 20 ci sar\u00e0 la mobilitazione delle organizzazioni e dei movimenti legati alla Cupula, ovvero nel giorno stesso in cui avr\u00e0 inizio la Conferenza Ufficiale Rio+20. Il 22, in caso di accordo, si firmer\u00e0 il documento Zero. Quello stesso giorno, i movimenti  sociali presenteranno la propria Dichiarazione. Nel frattempo il numero dei partecipanti cresce e cos\u00ec anche la tensione.<\/p>\n<p>Tradotto da Eleonora Albini<\/p>\n","protected":false},"excerpt":{"rendered":"<p>Pressenza IPA, a Rio de Janeiro da venerd\u00ec, ha tastato il polso ai due summit in corso, quello ufficiale, Rio+20, e quello alternativo, la cosiddetta Conferenza dei Popoli. Fin dal principio si sono palesate le contraddizioni nei concetti che riguardano progresso e sviluppo evidenziando che il futuro che vogliamo non \u00e8 lo stesso. Qui le prime impressioni.<\/p>\n","protected":false},"author":454,"featured_media":0,"comment_status":"closed","ping_status":"open","sticky":false,"template":"","format":"standard","meta":{"footnotes":""},"categories":[59,38,48],"tags":[],"class_list":["post-9506","post","type-post","status-publish","format-standard","hentry","category-ambiente-ecologia","category-internazionale","category-sud-america"],"yoast_head":"<!-- This site is optimized with the Yoast SEO plugin v27.1.1 - https:\/\/yoast.com\/product\/yoast-seo-wordpress\/ -->\n<title>R\u00edo +20 e la Conferenza dei Popoli: le differenze sono evidenti<\/title>\n<meta name=\"description\" content=\"Pressenza IPA, a Rio de Janeiro da venerd\u00ec, ha tastato il polso ai due summit in corso, quello ufficiale, Rio+20, e quello alternativo, la cosiddetta Conferenza dei Popoli. Fin dal principio si sono palesate le contraddizioni nei concetti che riguardano progresso e sviluppo evidenziando che il futuro che vogliamo non \u00e8 lo stesso. Qui le prime impressioni.\" \/>\n<meta name=\"robots\" content=\"index, follow, max-snippet:-1, max-image-preview:large, max-video-preview:-1\" \/>\n<link rel=\"canonical\" href=\"https:\/\/www.pressenza.com\/it\/2012\/06\/rio-x20-e-la-conferenza-dei-popolix-le-differenze-sono-evidenti\/\" \/>\n<meta property=\"og:locale\" content=\"it_IT\" \/>\n<meta property=\"og:type\" content=\"article\" \/>\n<meta property=\"og:title\" content=\"R\u00edo +20 e la Conferenza dei Popoli: le differenze sono evidenti\" \/>\n<meta property=\"og:description\" content=\"Pressenza IPA, a Rio de Janeiro da venerd\u00ec, ha tastato il polso ai due summit in corso, quello ufficiale, Rio+20, e quello alternativo, la cosiddetta Conferenza dei Popoli. Fin dal principio si sono palesate le contraddizioni nei concetti che riguardano progresso e sviluppo evidenziando che il futuro che vogliamo non \u00e8 lo stesso. Qui le prime impressioni.\" \/>\n<meta property=\"og:url\" content=\"https:\/\/www.pressenza.com\/it\/2012\/06\/rio-x20-e-la-conferenza-dei-popolix-le-differenze-sono-evidenti\/\" \/>\n<meta property=\"og:site_name\" content=\"Pressenza\" \/>\n<meta property=\"article:publisher\" content=\"https:\/\/www.facebook.com\/PressenzaItalia\" \/>\n<meta property=\"article:published_time\" content=\"2012-06-16T00:00:00+00:00\" \/>\n<meta property=\"article:modified_time\" content=\"2012-06-18T06:24:00+00:00\" \/>\n<meta name=\"author\" content=\"Nelsy Lizarazo\" \/>\n<meta name=\"twitter:card\" content=\"summary_large_image\" \/>\n<meta name=\"twitter:creator\" content=\"@PressenzaIPA\" \/>\n<meta name=\"twitter:site\" content=\"@PressenzaIPA\" \/>\n<meta name=\"twitter:label1\" content=\"Scritto da\" \/>\n\t<meta name=\"twitter:data1\" content=\"Nelsy Lizarazo\" \/>\n\t<meta name=\"twitter:label2\" content=\"Tempo di lettura stimato\" \/>\n\t<meta name=\"twitter:data2\" content=\"2 minuti\" \/>\n<script type=\"application\/ld+json\" class=\"yoast-schema-graph\">{\"@context\":\"https:\/\/schema.org\",\"@graph\":[{\"@type\":\"Article\",\"@id\":\"https:\/\/www.pressenza.com\/it\/2012\/06\/rio-x20-e-la-conferenza-dei-popolix-le-differenze-sono-evidenti\/#article\",\"isPartOf\":{\"@id\":\"https:\/\/www.pressenza.com\/it\/2012\/06\/rio-x20-e-la-conferenza-dei-popolix-le-differenze-sono-evidenti\/\"},\"author\":{\"name\":\"Nelsy Lizarazo\",\"@id\":\"https:\/\/www.pressenza.com\/it\/#\/schema\/person\/25aa5b5c387ba3badce63b165da09f9c\"},\"headline\":\"R\u00edo +20 e la Conferenza dei Popoli: le differenze sono evidenti\",\"datePublished\":\"2012-06-16T00:00:00+00:00\",\"dateModified\":\"2012-06-18T06:24:00+00:00\",\"mainEntityOfPage\":{\"@id\":\"https:\/\/www.pressenza.com\/it\/2012\/06\/rio-x20-e-la-conferenza-dei-popolix-le-differenze-sono-evidenti\/\"},\"wordCount\":476,\"publisher\":{\"@id\":\"https:\/\/www.pressenza.com\/it\/#organization\"},\"articleSection\":[\"Ecologia ed Ambiente\",\"Internazionale\",\"Sud America\"],\"inLanguage\":\"it-IT\"},{\"@type\":\"WebPage\",\"@id\":\"https:\/\/www.pressenza.com\/it\/2012\/06\/rio-x20-e-la-conferenza-dei-popolix-le-differenze-sono-evidenti\/\",\"url\":\"https:\/\/www.pressenza.com\/it\/2012\/06\/rio-x20-e-la-conferenza-dei-popolix-le-differenze-sono-evidenti\/\",\"name\":\"R\u00edo +20 e la Conferenza dei Popoli: le differenze sono evidenti\",\"isPartOf\":{\"@id\":\"https:\/\/www.pressenza.com\/it\/#website\"},\"datePublished\":\"2012-06-16T00:00:00+00:00\",\"dateModified\":\"2012-06-18T06:24:00+00:00\",\"description\":\"Pressenza IPA, a Rio de Janeiro da venerd\u00ec, ha tastato il polso ai due summit in corso, quello ufficiale, Rio+20, e quello alternativo, la cosiddetta Conferenza dei Popoli. Fin dal principio si sono palesate le contraddizioni nei concetti che riguardano progresso e sviluppo evidenziando che il futuro che vogliamo non \u00e8 lo stesso. Qui le prime impressioni.\",\"breadcrumb\":{\"@id\":\"https:\/\/www.pressenza.com\/it\/2012\/06\/rio-x20-e-la-conferenza-dei-popolix-le-differenze-sono-evidenti\/#breadcrumb\"},\"inLanguage\":\"it-IT\",\"potentialAction\":[{\"@type\":\"ReadAction\",\"target\":[\"https:\/\/www.pressenza.com\/it\/2012\/06\/rio-x20-e-la-conferenza-dei-popolix-le-differenze-sono-evidenti\/\"]}]},{\"@type\":\"BreadcrumbList\",\"@id\":\"https:\/\/www.pressenza.com\/it\/2012\/06\/rio-x20-e-la-conferenza-dei-popolix-le-differenze-sono-evidenti\/#breadcrumb\",\"itemListElement\":[{\"@type\":\"ListItem\",\"position\":1,\"name\":\"Accueil\",\"item\":\"https:\/\/www.pressenza.com\/it\/\"},{\"@type\":\"ListItem\",\"position\":2,\"name\":\"R\u00edo +20 e la Conferenza dei Popoli: le differenze sono evidenti\"}]},{\"@type\":\"WebSite\",\"@id\":\"https:\/\/www.pressenza.com\/it\/#website\",\"url\":\"https:\/\/www.pressenza.com\/it\/\",\"name\":\"Pressenza\",\"description\":\"Agenzia di Stampa Internazionale\",\"publisher\":{\"@id\":\"https:\/\/www.pressenza.com\/it\/#organization\"},\"potentialAction\":[{\"@type\":\"SearchAction\",\"target\":{\"@type\":\"EntryPoint\",\"urlTemplate\":\"https:\/\/www.pressenza.com\/it\/?s={search_term_string}\"},\"query-input\":{\"@type\":\"PropertyValueSpecification\",\"valueRequired\":true,\"valueName\":\"search_term_string\"}}],\"inLanguage\":\"it-IT\"},{\"@type\":\"Organization\",\"@id\":\"https:\/\/www.pressenza.com\/it\/#organization\",\"name\":\"Pressenza\",\"url\":\"https:\/\/www.pressenza.com\/it\/\",\"logo\":{\"@type\":\"ImageObject\",\"inLanguage\":\"it-IT\",\"@id\":\"https:\/\/www.pressenza.com\/it\/#\/schema\/logo\/image\/\",\"url\":\"https:\/\/www.pressenza.com\/wp-content\/uploads\/2022\/10\/pressenza_logo_200x200.jpg\",\"contentUrl\":\"https:\/\/www.pressenza.com\/wp-content\/uploads\/2022\/10\/pressenza_logo_200x200.jpg\",\"width\":200,\"height\":200,\"caption\":\"Pressenza\"},\"image\":{\"@id\":\"https:\/\/www.pressenza.com\/it\/#\/schema\/logo\/image\/\"},\"sameAs\":[\"https:\/\/www.facebook.com\/PressenzaItalia\",\"https:\/\/x.com\/PressenzaIPA\"]},{\"@type\":\"Person\",\"@id\":\"https:\/\/www.pressenza.com\/it\/#\/schema\/person\/25aa5b5c387ba3badce63b165da09f9c\",\"name\":\"Nelsy Lizarazo\",\"description\":\"Nelsy Lizarazo, Colombian, living in Quito, Ecuador. Professional background in philosophy, literature, political sciences and international relations.\",\"url\":\"https:\/\/www.pressenza.com\/it\/author\/nelsy-lizarazo\/\"}]}<\/script>\n<!-- \/ Yoast SEO plugin. -->","yoast_head_json":{"title":"R\u00edo +20 e la Conferenza dei Popoli: le differenze sono evidenti","description":"Pressenza IPA, a Rio de Janeiro da venerd\u00ec, ha tastato il polso ai due summit in corso, quello ufficiale, Rio+20, e quello alternativo, la cosiddetta Conferenza dei Popoli. Fin dal principio si sono palesate le contraddizioni nei concetti che riguardano progresso e sviluppo evidenziando che il futuro che vogliamo non \u00e8 lo stesso. Qui le prime impressioni.","robots":{"index":"index","follow":"follow","max-snippet":"max-snippet:-1","max-image-preview":"max-image-preview:large","max-video-preview":"max-video-preview:-1"},"canonical":"https:\/\/www.pressenza.com\/it\/2012\/06\/rio-x20-e-la-conferenza-dei-popolix-le-differenze-sono-evidenti\/","og_locale":"it_IT","og_type":"article","og_title":"R\u00edo +20 e la Conferenza dei Popoli: le differenze sono evidenti","og_description":"Pressenza IPA, a Rio de Janeiro da venerd\u00ec, ha tastato il polso ai due summit in corso, quello ufficiale, Rio+20, e quello alternativo, la cosiddetta Conferenza dei Popoli. Fin dal principio si sono palesate le contraddizioni nei concetti che riguardano progresso e sviluppo evidenziando che il futuro che vogliamo non \u00e8 lo stesso. Qui le prime impressioni.","og_url":"https:\/\/www.pressenza.com\/it\/2012\/06\/rio-x20-e-la-conferenza-dei-popolix-le-differenze-sono-evidenti\/","og_site_name":"Pressenza","article_publisher":"https:\/\/www.facebook.com\/PressenzaItalia","article_published_time":"2012-06-16T00:00:00+00:00","article_modified_time":"2012-06-18T06:24:00+00:00","author":"Nelsy Lizarazo","twitter_card":"summary_large_image","twitter_creator":"@PressenzaIPA","twitter_site":"@PressenzaIPA","twitter_misc":{"Scritto da":"Nelsy Lizarazo","Tempo di lettura stimato":"2 minuti"},"schema":{"@context":"https:\/\/schema.org","@graph":[{"@type":"Article","@id":"https:\/\/www.pressenza.com\/it\/2012\/06\/rio-x20-e-la-conferenza-dei-popolix-le-differenze-sono-evidenti\/#article","isPartOf":{"@id":"https:\/\/www.pressenza.com\/it\/2012\/06\/rio-x20-e-la-conferenza-dei-popolix-le-differenze-sono-evidenti\/"},"author":{"name":"Nelsy Lizarazo","@id":"https:\/\/www.pressenza.com\/it\/#\/schema\/person\/25aa5b5c387ba3badce63b165da09f9c"},"headline":"R\u00edo +20 e la Conferenza dei Popoli: le differenze sono evidenti","datePublished":"2012-06-16T00:00:00+00:00","dateModified":"2012-06-18T06:24:00+00:00","mainEntityOfPage":{"@id":"https:\/\/www.pressenza.com\/it\/2012\/06\/rio-x20-e-la-conferenza-dei-popolix-le-differenze-sono-evidenti\/"},"wordCount":476,"publisher":{"@id":"https:\/\/www.pressenza.com\/it\/#organization"},"articleSection":["Ecologia ed Ambiente","Internazionale","Sud America"],"inLanguage":"it-IT"},{"@type":"WebPage","@id":"https:\/\/www.pressenza.com\/it\/2012\/06\/rio-x20-e-la-conferenza-dei-popolix-le-differenze-sono-evidenti\/","url":"https:\/\/www.pressenza.com\/it\/2012\/06\/rio-x20-e-la-conferenza-dei-popolix-le-differenze-sono-evidenti\/","name":"R\u00edo +20 e la Conferenza dei Popoli: le differenze sono evidenti","isPartOf":{"@id":"https:\/\/www.pressenza.com\/it\/#website"},"datePublished":"2012-06-16T00:00:00+00:00","dateModified":"2012-06-18T06:24:00+00:00","description":"Pressenza IPA, a Rio de Janeiro da venerd\u00ec, ha tastato il polso ai due summit in corso, quello ufficiale, Rio+20, e quello alternativo, la cosiddetta Conferenza dei Popoli. Fin dal principio si sono palesate le contraddizioni nei concetti che riguardano progresso e sviluppo evidenziando che il futuro che vogliamo non \u00e8 lo stesso. Qui le prime impressioni.","breadcrumb":{"@id":"https:\/\/www.pressenza.com\/it\/2012\/06\/rio-x20-e-la-conferenza-dei-popolix-le-differenze-sono-evidenti\/#breadcrumb"},"inLanguage":"it-IT","potentialAction":[{"@type":"ReadAction","target":["https:\/\/www.pressenza.com\/it\/2012\/06\/rio-x20-e-la-conferenza-dei-popolix-le-differenze-sono-evidenti\/"]}]},{"@type":"BreadcrumbList","@id":"https:\/\/www.pressenza.com\/it\/2012\/06\/rio-x20-e-la-conferenza-dei-popolix-le-differenze-sono-evidenti\/#breadcrumb","itemListElement":[{"@type":"ListItem","position":1,"name":"Accueil","item":"https:\/\/www.pressenza.com\/it\/"},{"@type":"ListItem","position":2,"name":"R\u00edo +20 e la Conferenza dei Popoli: le differenze sono evidenti"}]},{"@type":"WebSite","@id":"https:\/\/www.pressenza.com\/it\/#website","url":"https:\/\/www.pressenza.com\/it\/","name":"Pressenza","description":"Agenzia di Stampa Internazionale","publisher":{"@id":"https:\/\/www.pressenza.com\/it\/#organization"},"potentialAction":[{"@type":"SearchAction","target":{"@type":"EntryPoint","urlTemplate":"https:\/\/www.pressenza.com\/it\/?s={search_term_string}"},"query-input":{"@type":"PropertyValueSpecification","valueRequired":true,"valueName":"search_term_string"}}],"inLanguage":"it-IT"},{"@type":"Organization","@id":"https:\/\/www.pressenza.com\/it\/#organization","name":"Pressenza","url":"https:\/\/www.pressenza.com\/it\/","logo":{"@type":"ImageObject","inLanguage":"it-IT","@id":"https:\/\/www.pressenza.com\/it\/#\/schema\/logo\/image\/","url":"https:\/\/www.pressenza.com\/wp-content\/uploads\/2022\/10\/pressenza_logo_200x200.jpg","contentUrl":"https:\/\/www.pressenza.com\/wp-content\/uploads\/2022\/10\/pressenza_logo_200x200.jpg","width":200,"height":200,"caption":"Pressenza"},"image":{"@id":"https:\/\/www.pressenza.com\/it\/#\/schema\/logo\/image\/"},"sameAs":["https:\/\/www.facebook.com\/PressenzaItalia","https:\/\/x.com\/PressenzaIPA"]},{"@type":"Person","@id":"https:\/\/www.pressenza.com\/it\/#\/schema\/person\/25aa5b5c387ba3badce63b165da09f9c","name":"Nelsy Lizarazo","description":"Nelsy Lizarazo, Colombian, living in Quito, Ecuador. Professional background in philosophy, literature, political sciences and international relations.","url":"https:\/\/www.pressenza.com\/it\/author\/nelsy-lizarazo\/"}]}},"place":"desde R\u00edo de Janeiro\/ Brasil","original_article_url":"","_links":{"self":[{"href":"https:\/\/www.pressenza.com\/it\/wp-json\/wp\/v2\/posts\/9506","targetHints":{"allow":["GET"]}}],"collection":[{"href":"https:\/\/www.pressenza.com\/it\/wp-json\/wp\/v2\/posts"}],"about":[{"href":"https:\/\/www.pressenza.com\/it\/wp-json\/wp\/v2\/types\/post"}],"author":[{"embeddable":true,"href":"https:\/\/www.pressenza.com\/it\/wp-json\/wp\/v2\/users\/454"}],"replies":[{"embeddable":true,"href":"https:\/\/www.pressenza.com\/it\/wp-json\/wp\/v2\/comments?post=9506"}],"version-history":[{"count":0,"href":"https:\/\/www.pressenza.com\/it\/wp-json\/wp\/v2\/posts\/9506\/revisions"}],"wp:attachment":[{"href":"https:\/\/www.pressenza.com\/it\/wp-json\/wp\/v2\/media?parent=9506"}],"wp:term":[{"taxonomy":"category","embeddable":true,"href":"https:\/\/www.pressenza.com\/it\/wp-json\/wp\/v2\/categories?post=9506"},{"taxonomy":"post_tag","embeddable":true,"href":"https:\/\/www.pressenza.com\/it\/wp-json\/wp\/v2\/tags?post=9506"}],"curies":[{"name":"wp","href":"https:\/\/api.w.org\/{rel}","templated":true}]}}