{"id":950504,"date":"2019-10-22T22:38:27","date_gmt":"2019-10-22T21:38:27","guid":{"rendered":"https:\/\/www.pressenza.com\/?p=950504"},"modified":"2019-10-22T22:38:27","modified_gmt":"2019-10-22T21:38:27","slug":"cile-mario-aguilar-mai-piu-una-trattativa-alle-spalle-dei-cittadini","status":"publish","type":"post","link":"https:\/\/www.pressenza.com\/it\/2019\/10\/cile-mario-aguilar-mai-piu-una-trattativa-alle-spalle-dei-cittadini\/","title":{"rendered":"Cile, Mario Aguilar: &#8220;Mai pi\u00f9 una trattativa alle spalle dei cittadini&#8221;"},"content":{"rendered":"<p>Riportiamo qui il discorso del Presidente del Colegio de Profesores de Chile e membro di Unidad Social &#8211; che in una conferenza stampa tenutasi questa mattina a Santiago ha lanciato uno sciopero nazionale per domani, mercoled\u00ec 23 ottobre e per gioved\u00ec 24 ottobre. Maggiori informazioni su:<\/p>\n<p><a href=\"http:\/\/www.colegiodeprofesores.cl\/2019\/10\/22\/se-convoca-a-huelga-general-en-todo-chile-el-23-y-24-de-octubre\">http:\/\/www.colegiodeprofesores.cl\/2019\/10\/22\/se-convoca-a-huelga-general-en-todo-chile-el-23-y-24-de-octubre<\/a><\/p>\n<p>&#8220;Noi insegnanti facciamo parte del popolo, di quelli che vengono disprezzati dall\u2019\u00e9lite al governo, questa \u00e9lite arrogante, questa \u00e9lite che ci ha sistematicamente maltrattato per anni e che oggi cerca &#8211; e voglio denunciarlo qui &#8211; oggi cerca una via d&#8217;uscita \u201ccucinata\u201d tra di loro.<\/p>\n<p>Oggi il Presidente della Repubblica ha convocato quattro partiti cosiddetti di opposizione per &#8220;cercare una soluzione&#8221;. Lo denunciamo. Si tratta di un negoziato, come \u00e8 stato fatto tante volte prima e di cui la gente \u00e8 stanca.<\/p>\n<p>Che i partiti politici sappiano che la gente \u00e8 stufa di loro, di questi negoziati condotti alle spalle dei cittadini. Tra noi professori sono sicuro che nessuno qui accetta una trattativa alle spalle della cittadinanza che si sta mobilitando.<\/p>\n<p>Non sono stati loro a mobilitare le persone che oggi sono per strada. Se mai sono stati la causa, hanno fatto parte di questa crisi, quindi non possono prestarsi a una nuova operazione. Se si prestano a questa manovra verranno ripudiati dalle organizzazioni sociali, ma soprattutto dai cittadini.<\/p>\n<p>Pertanto li invitiamo a non prestarsi ad alcuna &#8220;uscita&#8221; o &#8220;soluzione&#8221; condotta alle spalle del popolo, cio\u00e8 senza movimenti sociali, cio\u00e8 senza il mondo sociale.<\/p>\n<p>Anche per questo motivo, domani noi insegnanti scenderemo in piazza a manifestare insieme a tutto il mondo sociale e a tutti i cittadini e gioved\u00ec parteciperemo attivamente allo sciopero generale indetto oggi.<\/p>\n<div style=\"width: 640px;\" class=\"wp-video\"><!--[if lt IE 9]><script>document.createElement('video');<\/script><![endif]-->\n<video class=\"wp-video-shortcode\" id=\"video-950504-1\" width=\"640\" height=\"480\" preload=\"metadata\" controls=\"controls\"><source type=\"video\/mp4\" src=\"https:\/\/www.pressenza.com\/wp-content\/uploads\/2019\/10\/Colegio-Profesores-221019.mp4?_=1\" \/><a href=\"https:\/\/www.pressenza.com\/wp-content\/uploads\/2019\/10\/Colegio-Profesores-221019.mp4\">https:\/\/www.pressenza.com\/wp-content\/uploads\/2019\/10\/Colegio-Profesores-221019.mp4<\/a><\/video><\/div>\n","protected":false},"excerpt":{"rendered":"<p>Riportiamo qui il discorso del Presidente del Colegio de Profesores de Chile e membro di Unidad Social &#8211; che in una conferenza stampa tenutasi questa mattina a Santiago ha lanciato uno sciopero nazionale per domani, mercoled\u00ec 23 ottobre e per&hellip;<\/p>\n","protected":false},"author":43,"featured_media":950236,"comment_status":"closed","ping_status":"closed","sticky":false,"template":"","format":"standard","meta":{"footnotes":""},"categories":[11388,55,48,27065],"tags":[540,185,16327,60415,890,1447,65858],"class_list":["post-950504","post","type-post","status-publish","format-standard","has-post-thumbnail","hentry","category-contenuti-originali","category-politica","category-sud-america","category-video-it","tag-cile","tag-governo","tag-insegnanti","tag-mario-aguilar-it","tag-proteste-sociali","tag-sciopero","tag-trattative"],"yoast_head":"<!-- This site is optimized with the Yoast SEO plugin v27.1.1 - https:\/\/yoast.com\/product\/yoast-seo-wordpress\/ -->\n<title>Cile, Mario Aguilar: &quot;Mai pi\u00f9 una trattativa alle spalle dei cittadini&quot;<\/title>\n<meta name=\"description\" content=\"Riportiamo qui il discorso del Presidente del Colegio de Profesores de Chile e membro di Unidad Social - che in una conferenza stampa tenutasi questa\" \/>\n<meta name=\"robots\" content=\"index, follow, max-snippet:-1, max-image-preview:large, max-video-preview:-1\" \/>\n<link rel=\"canonical\" href=\"https:\/\/www.pressenza.com\/it\/2019\/10\/cile-mario-aguilar-mai-piu-una-trattativa-alle-spalle-dei-cittadini\/\" \/>\n<meta property=\"og:locale\" content=\"it_IT\" \/>\n<meta property=\"og:type\" content=\"article\" \/>\n<meta property=\"og:title\" content=\"Cile, Mario Aguilar: &quot;Mai pi\u00f9 una trattativa alle spalle dei cittadini&quot;\" \/>\n<meta property=\"og:description\" content=\"Riportiamo qui il discorso del Presidente del Colegio de Profesores de Chile e membro di Unidad Social - che in una conferenza stampa tenutasi questa\" \/>\n<meta property=\"og:url\" content=\"https:\/\/www.pressenza.com\/it\/2019\/10\/cile-mario-aguilar-mai-piu-una-trattativa-alle-spalle-dei-cittadini\/\" \/>\n<meta property=\"og:site_name\" content=\"Pressenza\" \/>\n<meta property=\"article:publisher\" content=\"https:\/\/www.facebook.com\/PressenzaItalia\" \/>\n<meta property=\"article:author\" content=\"https:\/\/www.facebook.com\/pressenza\" \/>\n<meta property=\"article:published_time\" content=\"2019-10-22T21:38:27+00:00\" \/>\n<meta property=\"og:image\" content=\"https:\/\/www.pressenza.com\/wp-content\/uploads\/2019\/10\/IMG-20191022-WA0018.jpg\" \/>\n\t<meta property=\"og:image:width\" content=\"1024\" \/>\n\t<meta property=\"og:image:height\" content=\"693\" \/>\n\t<meta property=\"og:image:type\" content=\"image\/jpeg\" \/>\n<meta name=\"author\" content=\"Redacci\u00f3n Chile\" \/>\n<meta name=\"twitter:card\" content=\"summary_large_image\" \/>\n<meta name=\"twitter:creator\" content=\"@pressenza\" \/>\n<meta name=\"twitter:site\" content=\"@PressenzaIPA\" \/>\n<meta name=\"twitter:label1\" content=\"Scritto da\" \/>\n\t<meta name=\"twitter:data1\" content=\"Redacci\u00f3n Chile\" \/>\n\t<meta name=\"twitter:label2\" content=\"Tempo di lettura stimato\" \/>\n\t<meta name=\"twitter:data2\" content=\"1 minuto\" \/>\n<script type=\"application\/ld+json\" class=\"yoast-schema-graph\">{\"@context\":\"https:\/\/schema.org\",\"@graph\":[{\"@type\":\"Article\",\"@id\":\"https:\/\/www.pressenza.com\/it\/2019\/10\/cile-mario-aguilar-mai-piu-una-trattativa-alle-spalle-dei-cittadini\/#article\",\"isPartOf\":{\"@id\":\"https:\/\/www.pressenza.com\/it\/2019\/10\/cile-mario-aguilar-mai-piu-una-trattativa-alle-spalle-dei-cittadini\/\"},\"author\":{\"name\":\"Redacci\u00f3n Chile\",\"@id\":\"https:\/\/www.pressenza.com\/it\/#\/schema\/person\/d7db40df35d6698ba69ba9ee260944ed\"},\"headline\":\"Cile, Mario Aguilar: &#8220;Mai pi\u00f9 una trattativa alle spalle dei cittadini&#8221;\",\"datePublished\":\"2019-10-22T21:38:27+00:00\",\"mainEntityOfPage\":{\"@id\":\"https:\/\/www.pressenza.com\/it\/2019\/10\/cile-mario-aguilar-mai-piu-una-trattativa-alle-spalle-dei-cittadini\/\"},\"wordCount\":300,\"publisher\":{\"@id\":\"https:\/\/www.pressenza.com\/it\/#organization\"},\"image\":{\"@id\":\"https:\/\/www.pressenza.com\/it\/2019\/10\/cile-mario-aguilar-mai-piu-una-trattativa-alle-spalle-dei-cittadini\/#primaryimage\"},\"thumbnailUrl\":\"https:\/\/www.pressenza.com\/wp-content\/uploads\/2019\/10\/IMG-20191022-WA0018.jpg\",\"keywords\":[\"Cile\",\"governo\",\"insegnanti\",\"Mario Aguilar\",\"proteste sociali\",\"sciopero\",\"trattative\"],\"articleSection\":[\"contenuti originali\",\"Politica\",\"Sud America\",\"Video\"],\"inLanguage\":\"it-IT\"},{\"@type\":\"WebPage\",\"@id\":\"https:\/\/www.pressenza.com\/it\/2019\/10\/cile-mario-aguilar-mai-piu-una-trattativa-alle-spalle-dei-cittadini\/\",\"url\":\"https:\/\/www.pressenza.com\/it\/2019\/10\/cile-mario-aguilar-mai-piu-una-trattativa-alle-spalle-dei-cittadini\/\",\"name\":\"Cile, Mario Aguilar: \\\"Mai pi\u00f9 una trattativa alle spalle dei cittadini\\\"\",\"isPartOf\":{\"@id\":\"https:\/\/www.pressenza.com\/it\/#website\"},\"primaryImageOfPage\":{\"@id\":\"https:\/\/www.pressenza.com\/it\/2019\/10\/cile-mario-aguilar-mai-piu-una-trattativa-alle-spalle-dei-cittadini\/#primaryimage\"},\"image\":{\"@id\":\"https:\/\/www.pressenza.com\/it\/2019\/10\/cile-mario-aguilar-mai-piu-una-trattativa-alle-spalle-dei-cittadini\/#primaryimage\"},\"thumbnailUrl\":\"https:\/\/www.pressenza.com\/wp-content\/uploads\/2019\/10\/IMG-20191022-WA0018.jpg\",\"datePublished\":\"2019-10-22T21:38:27+00:00\",\"description\":\"Riportiamo qui il discorso del Presidente del Colegio de Profesores de Chile e membro di Unidad Social - che in una conferenza stampa tenutasi questa\",\"breadcrumb\":{\"@id\":\"https:\/\/www.pressenza.com\/it\/2019\/10\/cile-mario-aguilar-mai-piu-una-trattativa-alle-spalle-dei-cittadini\/#breadcrumb\"},\"inLanguage\":\"it-IT\",\"potentialAction\":[{\"@type\":\"ReadAction\",\"target\":[\"https:\/\/www.pressenza.com\/it\/2019\/10\/cile-mario-aguilar-mai-piu-una-trattativa-alle-spalle-dei-cittadini\/\"]}]},{\"@type\":\"ImageObject\",\"inLanguage\":\"it-IT\",\"@id\":\"https:\/\/www.pressenza.com\/it\/2019\/10\/cile-mario-aguilar-mai-piu-una-trattativa-alle-spalle-dei-cittadini\/#primaryimage\",\"url\":\"https:\/\/www.pressenza.com\/wp-content\/uploads\/2019\/10\/IMG-20191022-WA0018.jpg\",\"contentUrl\":\"https:\/\/www.pressenza.com\/wp-content\/uploads\/2019\/10\/IMG-20191022-WA0018.jpg\",\"width\":1024,\"height\":693},{\"@type\":\"BreadcrumbList\",\"@id\":\"https:\/\/www.pressenza.com\/it\/2019\/10\/cile-mario-aguilar-mai-piu-una-trattativa-alle-spalle-dei-cittadini\/#breadcrumb\",\"itemListElement\":[{\"@type\":\"ListItem\",\"position\":1,\"name\":\"Accueil\",\"item\":\"https:\/\/www.pressenza.com\/it\/\"},{\"@type\":\"ListItem\",\"position\":2,\"name\":\"Cile, Mario Aguilar: &#8220;Mai pi\u00f9 una trattativa alle spalle dei cittadini&#8221;\"}]},{\"@type\":\"WebSite\",\"@id\":\"https:\/\/www.pressenza.com\/it\/#website\",\"url\":\"https:\/\/www.pressenza.com\/it\/\",\"name\":\"Pressenza\",\"description\":\"Agenzia di Stampa Internazionale\",\"publisher\":{\"@id\":\"https:\/\/www.pressenza.com\/it\/#organization\"},\"potentialAction\":[{\"@type\":\"SearchAction\",\"target\":{\"@type\":\"EntryPoint\",\"urlTemplate\":\"https:\/\/www.pressenza.com\/it\/?s={search_term_string}\"},\"query-input\":{\"@type\":\"PropertyValueSpecification\",\"valueRequired\":true,\"valueName\":\"search_term_string\"}}],\"inLanguage\":\"it-IT\"},{\"@type\":\"Organization\",\"@id\":\"https:\/\/www.pressenza.com\/it\/#organization\",\"name\":\"Pressenza\",\"url\":\"https:\/\/www.pressenza.com\/it\/\",\"logo\":{\"@type\":\"ImageObject\",\"inLanguage\":\"it-IT\",\"@id\":\"https:\/\/www.pressenza.com\/it\/#\/schema\/logo\/image\/\",\"url\":\"https:\/\/www.pressenza.com\/wp-content\/uploads\/2022\/10\/pressenza_logo_200x200.jpg\",\"contentUrl\":\"https:\/\/www.pressenza.com\/wp-content\/uploads\/2022\/10\/pressenza_logo_200x200.jpg\",\"width\":200,\"height\":200,\"caption\":\"Pressenza\"},\"image\":{\"@id\":\"https:\/\/www.pressenza.com\/it\/#\/schema\/logo\/image\/\"},\"sameAs\":[\"https:\/\/www.facebook.com\/PressenzaItalia\",\"https:\/\/x.com\/PressenzaIPA\"]},{\"@type\":\"Person\",\"@id\":\"https:\/\/www.pressenza.com\/it\/#\/schema\/person\/d7db40df35d6698ba69ba9ee260944ed\",\"name\":\"Redacci\u00f3n Chile\",\"description\":\"News from the Pressenza Bureau in Chile\",\"sameAs\":[\"https:\/\/www.facebook.com\/pressenza\",\"https:\/\/x.com\/pressenza\"],\"url\":\"https:\/\/www.pressenza.com\/it\/author\/redaccion-chile\/\"}]}<\/script>\n<!-- \/ Yoast SEO plugin. -->","yoast_head_json":{"title":"Cile, Mario Aguilar: \"Mai pi\u00f9 una trattativa alle spalle dei cittadini\"","description":"Riportiamo qui il discorso del Presidente del Colegio de Profesores de Chile e membro di Unidad Social - che in una conferenza stampa tenutasi questa","robots":{"index":"index","follow":"follow","max-snippet":"max-snippet:-1","max-image-preview":"max-image-preview:large","max-video-preview":"max-video-preview:-1"},"canonical":"https:\/\/www.pressenza.com\/it\/2019\/10\/cile-mario-aguilar-mai-piu-una-trattativa-alle-spalle-dei-cittadini\/","og_locale":"it_IT","og_type":"article","og_title":"Cile, Mario Aguilar: \"Mai pi\u00f9 una trattativa alle spalle dei cittadini\"","og_description":"Riportiamo qui il discorso del Presidente del Colegio de Profesores de Chile e membro di Unidad Social - che in una conferenza stampa tenutasi questa","og_url":"https:\/\/www.pressenza.com\/it\/2019\/10\/cile-mario-aguilar-mai-piu-una-trattativa-alle-spalle-dei-cittadini\/","og_site_name":"Pressenza","article_publisher":"https:\/\/www.facebook.com\/PressenzaItalia","article_author":"https:\/\/www.facebook.com\/pressenza","article_published_time":"2019-10-22T21:38:27+00:00","og_image":[{"width":1024,"height":693,"url":"https:\/\/www.pressenza.com\/wp-content\/uploads\/2019\/10\/IMG-20191022-WA0018.jpg","type":"image\/jpeg"}],"author":"Redacci\u00f3n Chile","twitter_card":"summary_large_image","twitter_creator":"@pressenza","twitter_site":"@PressenzaIPA","twitter_misc":{"Scritto da":"Redacci\u00f3n Chile","Tempo di lettura stimato":"1 minuto"},"schema":{"@context":"https:\/\/schema.org","@graph":[{"@type":"Article","@id":"https:\/\/www.pressenza.com\/it\/2019\/10\/cile-mario-aguilar-mai-piu-una-trattativa-alle-spalle-dei-cittadini\/#article","isPartOf":{"@id":"https:\/\/www.pressenza.com\/it\/2019\/10\/cile-mario-aguilar-mai-piu-una-trattativa-alle-spalle-dei-cittadini\/"},"author":{"name":"Redacci\u00f3n Chile","@id":"https:\/\/www.pressenza.com\/it\/#\/schema\/person\/d7db40df35d6698ba69ba9ee260944ed"},"headline":"Cile, Mario Aguilar: &#8220;Mai pi\u00f9 una trattativa alle spalle dei cittadini&#8221;","datePublished":"2019-10-22T21:38:27+00:00","mainEntityOfPage":{"@id":"https:\/\/www.pressenza.com\/it\/2019\/10\/cile-mario-aguilar-mai-piu-una-trattativa-alle-spalle-dei-cittadini\/"},"wordCount":300,"publisher":{"@id":"https:\/\/www.pressenza.com\/it\/#organization"},"image":{"@id":"https:\/\/www.pressenza.com\/it\/2019\/10\/cile-mario-aguilar-mai-piu-una-trattativa-alle-spalle-dei-cittadini\/#primaryimage"},"thumbnailUrl":"https:\/\/www.pressenza.com\/wp-content\/uploads\/2019\/10\/IMG-20191022-WA0018.jpg","keywords":["Cile","governo","insegnanti","Mario Aguilar","proteste sociali","sciopero","trattative"],"articleSection":["contenuti originali","Politica","Sud America","Video"],"inLanguage":"it-IT"},{"@type":"WebPage","@id":"https:\/\/www.pressenza.com\/it\/2019\/10\/cile-mario-aguilar-mai-piu-una-trattativa-alle-spalle-dei-cittadini\/","url":"https:\/\/www.pressenza.com\/it\/2019\/10\/cile-mario-aguilar-mai-piu-una-trattativa-alle-spalle-dei-cittadini\/","name":"Cile, Mario Aguilar: \"Mai pi\u00f9 una trattativa alle spalle dei cittadini\"","isPartOf":{"@id":"https:\/\/www.pressenza.com\/it\/#website"},"primaryImageOfPage":{"@id":"https:\/\/www.pressenza.com\/it\/2019\/10\/cile-mario-aguilar-mai-piu-una-trattativa-alle-spalle-dei-cittadini\/#primaryimage"},"image":{"@id":"https:\/\/www.pressenza.com\/it\/2019\/10\/cile-mario-aguilar-mai-piu-una-trattativa-alle-spalle-dei-cittadini\/#primaryimage"},"thumbnailUrl":"https:\/\/www.pressenza.com\/wp-content\/uploads\/2019\/10\/IMG-20191022-WA0018.jpg","datePublished":"2019-10-22T21:38:27+00:00","description":"Riportiamo qui il discorso del Presidente del Colegio de Profesores de Chile e membro di Unidad Social - che in una conferenza stampa tenutasi questa","breadcrumb":{"@id":"https:\/\/www.pressenza.com\/it\/2019\/10\/cile-mario-aguilar-mai-piu-una-trattativa-alle-spalle-dei-cittadini\/#breadcrumb"},"inLanguage":"it-IT","potentialAction":[{"@type":"ReadAction","target":["https:\/\/www.pressenza.com\/it\/2019\/10\/cile-mario-aguilar-mai-piu-una-trattativa-alle-spalle-dei-cittadini\/"]}]},{"@type":"ImageObject","inLanguage":"it-IT","@id":"https:\/\/www.pressenza.com\/it\/2019\/10\/cile-mario-aguilar-mai-piu-una-trattativa-alle-spalle-dei-cittadini\/#primaryimage","url":"https:\/\/www.pressenza.com\/wp-content\/uploads\/2019\/10\/IMG-20191022-WA0018.jpg","contentUrl":"https:\/\/www.pressenza.com\/wp-content\/uploads\/2019\/10\/IMG-20191022-WA0018.jpg","width":1024,"height":693},{"@type":"BreadcrumbList","@id":"https:\/\/www.pressenza.com\/it\/2019\/10\/cile-mario-aguilar-mai-piu-una-trattativa-alle-spalle-dei-cittadini\/#breadcrumb","itemListElement":[{"@type":"ListItem","position":1,"name":"Accueil","item":"https:\/\/www.pressenza.com\/it\/"},{"@type":"ListItem","position":2,"name":"Cile, Mario Aguilar: &#8220;Mai pi\u00f9 una trattativa alle spalle dei cittadini&#8221;"}]},{"@type":"WebSite","@id":"https:\/\/www.pressenza.com\/it\/#website","url":"https:\/\/www.pressenza.com\/it\/","name":"Pressenza","description":"Agenzia di Stampa Internazionale","publisher":{"@id":"https:\/\/www.pressenza.com\/it\/#organization"},"potentialAction":[{"@type":"SearchAction","target":{"@type":"EntryPoint","urlTemplate":"https:\/\/www.pressenza.com\/it\/?s={search_term_string}"},"query-input":{"@type":"PropertyValueSpecification","valueRequired":true,"valueName":"search_term_string"}}],"inLanguage":"it-IT"},{"@type":"Organization","@id":"https:\/\/www.pressenza.com\/it\/#organization","name":"Pressenza","url":"https:\/\/www.pressenza.com\/it\/","logo":{"@type":"ImageObject","inLanguage":"it-IT","@id":"https:\/\/www.pressenza.com\/it\/#\/schema\/logo\/image\/","url":"https:\/\/www.pressenza.com\/wp-content\/uploads\/2022\/10\/pressenza_logo_200x200.jpg","contentUrl":"https:\/\/www.pressenza.com\/wp-content\/uploads\/2022\/10\/pressenza_logo_200x200.jpg","width":200,"height":200,"caption":"Pressenza"},"image":{"@id":"https:\/\/www.pressenza.com\/it\/#\/schema\/logo\/image\/"},"sameAs":["https:\/\/www.facebook.com\/PressenzaItalia","https:\/\/x.com\/PressenzaIPA"]},{"@type":"Person","@id":"https:\/\/www.pressenza.com\/it\/#\/schema\/person\/d7db40df35d6698ba69ba9ee260944ed","name":"Redacci\u00f3n Chile","description":"News from the Pressenza Bureau in Chile","sameAs":["https:\/\/www.facebook.com\/pressenza","https:\/\/x.com\/pressenza"],"url":"https:\/\/www.pressenza.com\/it\/author\/redaccion-chile\/"}]}},"place":"","original_article_url":"","_links":{"self":[{"href":"https:\/\/www.pressenza.com\/it\/wp-json\/wp\/v2\/posts\/950504","targetHints":{"allow":["GET"]}}],"collection":[{"href":"https:\/\/www.pressenza.com\/it\/wp-json\/wp\/v2\/posts"}],"about":[{"href":"https:\/\/www.pressenza.com\/it\/wp-json\/wp\/v2\/types\/post"}],"author":[{"embeddable":true,"href":"https:\/\/www.pressenza.com\/it\/wp-json\/wp\/v2\/users\/43"}],"replies":[{"embeddable":true,"href":"https:\/\/www.pressenza.com\/it\/wp-json\/wp\/v2\/comments?post=950504"}],"version-history":[{"count":0,"href":"https:\/\/www.pressenza.com\/it\/wp-json\/wp\/v2\/posts\/950504\/revisions"}],"wp:featuredmedia":[{"embeddable":true,"href":"https:\/\/www.pressenza.com\/it\/wp-json\/wp\/v2\/media\/950236"}],"wp:attachment":[{"href":"https:\/\/www.pressenza.com\/it\/wp-json\/wp\/v2\/media?parent=950504"}],"wp:term":[{"taxonomy":"category","embeddable":true,"href":"https:\/\/www.pressenza.com\/it\/wp-json\/wp\/v2\/categories?post=950504"},{"taxonomy":"post_tag","embeddable":true,"href":"https:\/\/www.pressenza.com\/it\/wp-json\/wp\/v2\/tags?post=950504"}],"curies":[{"name":"wp","href":"https:\/\/api.w.org\/{rel}","templated":true}]}}