{"id":949047,"date":"2019-10-21T11:53:27","date_gmt":"2019-10-21T10:53:27","guid":{"rendered":"https:\/\/www.pressenza.com\/?p=949047"},"modified":"2019-10-21T11:55:32","modified_gmt":"2019-10-21T10:55:32","slug":"paghiamo-la-multa-ma-quale-decoro","status":"publish","type":"post","link":"https:\/\/www.pressenza.com\/it\/2019\/10\/paghiamo-la-multa-ma-quale-decoro\/","title":{"rendered":"Paghiamo la multa, ma quale decoro?"},"content":{"rendered":"<p><strong>Marted\u00ec 22 ottobre 2019 dalle 18 alle 20<\/strong><\/p>\n<p><strong>Piazza della Scala, Milano<\/strong><\/p>\n<p><strong>Organizzato da\u00a0<a href=\"https:\/\/www.facebook.com\/MilanoInComuneSinistraCostituzione\/?eid=ARCohypELZ4_94tlktfb0dbDJWypQ2HwP2D9CF8kCup-Qn3E2oikj7Rfx-ia9P4fu-LT0mVkrLKRToBZ\" data-hovercard=\"\/ajax\/hovercard\/page.php?id=1633961576828566&amp;extragetparams=%7B%22eid%22%3A%22ARCohypELZ4_94tlktfb0dbDJWypQ2HwP2D9CF8kCup-Qn3E2oikj7Rfx-ia9P4fu-LT0mVkrLKRToBZ%22%7D\" data-hovercard-position=\"below\" aria-describedby=\"u_s_1\" aria-owns=\"js_jv\">Milano in Comune<\/a><\/strong><\/p>\n<p>Milano \u00e8 citt\u00e0 aperta, ma dice no alle adunate fasciste e razziste. Questo lo striscione che \u00e8 stato esposto dai balconi dell\u2019ufficio del nostro consigliere comunale Basilio Rizzo. Era lo scorso 18 maggio, quando in occasione del raduno sovranista organizzato da Matteo Salvini in tutta la citt\u00e0 di Milano si manifestava il proprio dissenso esponendo striscioni di ogni tipo.<\/p>\n<p>Basilio Rizzo si \u00e8 visto recapitare una multa da 500 euro, il massimo previsto, per aver violato il Regolamento del decoro urbano del Comune.<\/p>\n<p>Basilio ha fatto ricorso, rivendicando (giustamente) che il contenuto dello striscione non mina certo il decoro della citt\u00e0, ma rivendica la Medaglia d\u2019Ora alla Resistenza di Milano. In attesa di una certa vittoria, abbiamo deciso di raccogliere i soldi della multa, ma a modo nostro.<\/p>\n<p>Per questo invitiamo tutte e tutti coloro che si riconoscono nel contenuto dello striscione esposto, che portava il simbolo di Milano in Comune, di fare una &#8220;colletta solidale&#8221; nel proprio giro (rigorosamente in monete&#8230; Per farne sentire il peso) e portarne il raccolto marted\u00ec 22 ottobre, dalle 18 in piazza della Scala, davanti a Palazzo Marino, per poter raggiungere l&#8217;importo dovuto, intanto che Basilio porta avanti il ricorso contro il Comune.<\/p>\n<p>&nbsp;<\/p>\n","protected":false},"excerpt":{"rendered":"<p>Marted\u00ec 22 ottobre 2019 dalle 18 alle 20 Piazza della Scala, Milano Organizzato da\u00a0Milano in Comune Milano \u00e8 citt\u00e0 aperta, ma dice no alle adunate fasciste e razziste. Questo lo striscione che \u00e8 stato esposto dai balconi dell\u2019ufficio del nostro&hellip;<\/p>\n","protected":false},"author":594,"featured_media":949048,"comment_status":"closed","ping_status":"closed","sticky":false,"template":"","format":"standard","meta":{"footnotes":""},"categories":[47,55],"tags":[6792,65759,44176,63443],"class_list":["post-949047","post","type-post","status-publish","format-standard","has-post-thumbnail","hentry","category-europa","category-politica","tag-anti-fascismo","tag-basilioi-rizzo","tag-decoro-urbano","tag-multa-it"],"yoast_head":"<!-- This site is optimized with the Yoast SEO plugin v27.1.1 - https:\/\/yoast.com\/product\/yoast-seo-wordpress\/ -->\n<title>Paghiamo la multa, ma quale decoro?<\/title>\n<meta name=\"description\" content=\"Marted\u00ec 22 ottobre 2019 dalle 18 alle 20 Piazza della Scala, Milano Organizzato da\u00a0Milano in Comune Milano \u00e8 citt\u00e0 aperta, ma dice no alle adunate\" \/>\n<meta name=\"robots\" content=\"index, follow, max-snippet:-1, max-image-preview:large, max-video-preview:-1\" \/>\n<link rel=\"canonical\" href=\"https:\/\/www.pressenza.com\/it\/2019\/10\/paghiamo-la-multa-ma-quale-decoro\/\" \/>\n<meta property=\"og:locale\" content=\"it_IT\" \/>\n<meta property=\"og:type\" content=\"article\" \/>\n<meta property=\"og:title\" content=\"Paghiamo la multa, ma quale decoro?\" \/>\n<meta property=\"og:description\" content=\"Marted\u00ec 22 ottobre 2019 dalle 18 alle 20 Piazza della Scala, Milano Organizzato da\u00a0Milano in Comune Milano \u00e8 citt\u00e0 aperta, ma dice no alle adunate\" \/>\n<meta property=\"og:url\" content=\"https:\/\/www.pressenza.com\/it\/2019\/10\/paghiamo-la-multa-ma-quale-decoro\/\" \/>\n<meta property=\"og:site_name\" content=\"Pressenza\" \/>\n<meta property=\"article:publisher\" content=\"https:\/\/www.facebook.com\/PressenzaItalia\" \/>\n<meta property=\"article:author\" content=\"https:\/\/www.facebook.com\/PressenzaItalia\" \/>\n<meta property=\"article:published_time\" content=\"2019-10-21T10:53:27+00:00\" \/>\n<meta property=\"article:modified_time\" content=\"2019-10-21T10:55:32+00:00\" \/>\n<meta property=\"og:image\" content=\"https:\/\/www.pressenza.com\/wp-content\/uploads\/2019\/10\/multa-Basilio.jpg\" \/>\n\t<meta property=\"og:image:width\" content=\"880\" \/>\n\t<meta property=\"og:image:height\" content=\"660\" \/>\n\t<meta property=\"og:image:type\" content=\"image\/jpeg\" \/>\n<meta name=\"author\" content=\"Redazione Italia\" \/>\n<meta name=\"twitter:card\" content=\"summary_large_image\" \/>\n<meta name=\"twitter:creator\" content=\"@pressenza_it\" \/>\n<meta name=\"twitter:site\" content=\"@PressenzaIPA\" \/>\n<meta name=\"twitter:label1\" content=\"Scritto da\" \/>\n\t<meta name=\"twitter:data1\" content=\"Redazione Italia\" \/>\n\t<meta name=\"twitter:label2\" content=\"Tempo di lettura stimato\" \/>\n\t<meta name=\"twitter:data2\" content=\"1 minuto\" \/>\n<script type=\"application\/ld+json\" class=\"yoast-schema-graph\">{\"@context\":\"https:\/\/schema.org\",\"@graph\":[{\"@type\":\"Article\",\"@id\":\"https:\/\/www.pressenza.com\/it\/2019\/10\/paghiamo-la-multa-ma-quale-decoro\/#article\",\"isPartOf\":{\"@id\":\"https:\/\/www.pressenza.com\/it\/2019\/10\/paghiamo-la-multa-ma-quale-decoro\/\"},\"author\":{\"name\":\"Redazione Italia\",\"@id\":\"https:\/\/www.pressenza.com\/it\/#\/schema\/person\/d983e81827ae24f2c7b1a2123d197f8d\"},\"headline\":\"Paghiamo la multa, ma quale decoro?\",\"datePublished\":\"2019-10-21T10:53:27+00:00\",\"dateModified\":\"2019-10-21T10:55:32+00:00\",\"mainEntityOfPage\":{\"@id\":\"https:\/\/www.pressenza.com\/it\/2019\/10\/paghiamo-la-multa-ma-quale-decoro\/\"},\"wordCount\":215,\"publisher\":{\"@id\":\"https:\/\/www.pressenza.com\/it\/#organization\"},\"image\":{\"@id\":\"https:\/\/www.pressenza.com\/it\/2019\/10\/paghiamo-la-multa-ma-quale-decoro\/#primaryimage\"},\"thumbnailUrl\":\"https:\/\/www.pressenza.com\/wp-content\/uploads\/2019\/10\/multa-Basilio.jpg\",\"keywords\":[\"anti-fascismo\",\"Basilioi Rizzo\",\"decoro urbano\",\"multa\"],\"articleSection\":[\"Europa\",\"Politica\"],\"inLanguage\":\"it-IT\"},{\"@type\":\"WebPage\",\"@id\":\"https:\/\/www.pressenza.com\/it\/2019\/10\/paghiamo-la-multa-ma-quale-decoro\/\",\"url\":\"https:\/\/www.pressenza.com\/it\/2019\/10\/paghiamo-la-multa-ma-quale-decoro\/\",\"name\":\"Paghiamo la multa, ma quale decoro?\",\"isPartOf\":{\"@id\":\"https:\/\/www.pressenza.com\/it\/#website\"},\"primaryImageOfPage\":{\"@id\":\"https:\/\/www.pressenza.com\/it\/2019\/10\/paghiamo-la-multa-ma-quale-decoro\/#primaryimage\"},\"image\":{\"@id\":\"https:\/\/www.pressenza.com\/it\/2019\/10\/paghiamo-la-multa-ma-quale-decoro\/#primaryimage\"},\"thumbnailUrl\":\"https:\/\/www.pressenza.com\/wp-content\/uploads\/2019\/10\/multa-Basilio.jpg\",\"datePublished\":\"2019-10-21T10:53:27+00:00\",\"dateModified\":\"2019-10-21T10:55:32+00:00\",\"description\":\"Marted\u00ec 22 ottobre 2019 dalle 18 alle 20 Piazza della Scala, Milano Organizzato da\u00a0Milano in Comune Milano \u00e8 citt\u00e0 aperta, ma dice no alle adunate\",\"breadcrumb\":{\"@id\":\"https:\/\/www.pressenza.com\/it\/2019\/10\/paghiamo-la-multa-ma-quale-decoro\/#breadcrumb\"},\"inLanguage\":\"it-IT\",\"potentialAction\":[{\"@type\":\"ReadAction\",\"target\":[\"https:\/\/www.pressenza.com\/it\/2019\/10\/paghiamo-la-multa-ma-quale-decoro\/\"]}]},{\"@type\":\"ImageObject\",\"inLanguage\":\"it-IT\",\"@id\":\"https:\/\/www.pressenza.com\/it\/2019\/10\/paghiamo-la-multa-ma-quale-decoro\/#primaryimage\",\"url\":\"https:\/\/www.pressenza.com\/wp-content\/uploads\/2019\/10\/multa-Basilio.jpg\",\"contentUrl\":\"https:\/\/www.pressenza.com\/wp-content\/uploads\/2019\/10\/multa-Basilio.jpg\",\"width\":880,\"height\":660},{\"@type\":\"BreadcrumbList\",\"@id\":\"https:\/\/www.pressenza.com\/it\/2019\/10\/paghiamo-la-multa-ma-quale-decoro\/#breadcrumb\",\"itemListElement\":[{\"@type\":\"ListItem\",\"position\":1,\"name\":\"Accueil\",\"item\":\"https:\/\/www.pressenza.com\/it\/\"},{\"@type\":\"ListItem\",\"position\":2,\"name\":\"Paghiamo la multa, ma quale decoro?\"}]},{\"@type\":\"WebSite\",\"@id\":\"https:\/\/www.pressenza.com\/it\/#website\",\"url\":\"https:\/\/www.pressenza.com\/it\/\",\"name\":\"Pressenza\",\"description\":\"Agenzia di Stampa Internazionale\",\"publisher\":{\"@id\":\"https:\/\/www.pressenza.com\/it\/#organization\"},\"potentialAction\":[{\"@type\":\"SearchAction\",\"target\":{\"@type\":\"EntryPoint\",\"urlTemplate\":\"https:\/\/www.pressenza.com\/it\/?s={search_term_string}\"},\"query-input\":{\"@type\":\"PropertyValueSpecification\",\"valueRequired\":true,\"valueName\":\"search_term_string\"}}],\"inLanguage\":\"it-IT\"},{\"@type\":\"Organization\",\"@id\":\"https:\/\/www.pressenza.com\/it\/#organization\",\"name\":\"Pressenza\",\"url\":\"https:\/\/www.pressenza.com\/it\/\",\"logo\":{\"@type\":\"ImageObject\",\"inLanguage\":\"it-IT\",\"@id\":\"https:\/\/www.pressenza.com\/it\/#\/schema\/logo\/image\/\",\"url\":\"https:\/\/www.pressenza.com\/wp-content\/uploads\/2022\/10\/pressenza_logo_200x200.jpg\",\"contentUrl\":\"https:\/\/www.pressenza.com\/wp-content\/uploads\/2022\/10\/pressenza_logo_200x200.jpg\",\"width\":200,\"height\":200,\"caption\":\"Pressenza\"},\"image\":{\"@id\":\"https:\/\/www.pressenza.com\/it\/#\/schema\/logo\/image\/\"},\"sameAs\":[\"https:\/\/www.facebook.com\/PressenzaItalia\",\"https:\/\/x.com\/PressenzaIPA\"]},{\"@type\":\"Person\",\"@id\":\"https:\/\/www.pressenza.com\/it\/#\/schema\/person\/d983e81827ae24f2c7b1a2123d197f8d\",\"name\":\"Redazione Italia\",\"description\":\"News from the Pressenza Bureau in Italy\",\"sameAs\":[\"https:\/\/www.pressenza.com\/it\/author\/redazione-italia\/\",\"https:\/\/www.facebook.com\/PressenzaItalia\",\"https:\/\/www.instagram.com\/pressenza_italia\/\",\"https:\/\/x.com\/pressenza_it\",\"https:\/\/www.youtube.com\/channel\/UCSalEIWjE1RSxkwjfftFuqg\"],\"url\":\"https:\/\/www.pressenza.com\/it\/author\/redazione-italia\/\"}]}<\/script>\n<!-- \/ Yoast SEO plugin. -->","yoast_head_json":{"title":"Paghiamo la multa, ma quale decoro?","description":"Marted\u00ec 22 ottobre 2019 dalle 18 alle 20 Piazza della Scala, Milano Organizzato da\u00a0Milano in Comune Milano \u00e8 citt\u00e0 aperta, ma dice no alle adunate","robots":{"index":"index","follow":"follow","max-snippet":"max-snippet:-1","max-image-preview":"max-image-preview:large","max-video-preview":"max-video-preview:-1"},"canonical":"https:\/\/www.pressenza.com\/it\/2019\/10\/paghiamo-la-multa-ma-quale-decoro\/","og_locale":"it_IT","og_type":"article","og_title":"Paghiamo la multa, ma quale decoro?","og_description":"Marted\u00ec 22 ottobre 2019 dalle 18 alle 20 Piazza della Scala, Milano Organizzato da\u00a0Milano in Comune Milano \u00e8 citt\u00e0 aperta, ma dice no alle adunate","og_url":"https:\/\/www.pressenza.com\/it\/2019\/10\/paghiamo-la-multa-ma-quale-decoro\/","og_site_name":"Pressenza","article_publisher":"https:\/\/www.facebook.com\/PressenzaItalia","article_author":"https:\/\/www.facebook.com\/PressenzaItalia","article_published_time":"2019-10-21T10:53:27+00:00","article_modified_time":"2019-10-21T10:55:32+00:00","og_image":[{"width":880,"height":660,"url":"https:\/\/www.pressenza.com\/wp-content\/uploads\/2019\/10\/multa-Basilio.jpg","type":"image\/jpeg"}],"author":"Redazione Italia","twitter_card":"summary_large_image","twitter_creator":"@pressenza_it","twitter_site":"@PressenzaIPA","twitter_misc":{"Scritto da":"Redazione Italia","Tempo di lettura stimato":"1 minuto"},"schema":{"@context":"https:\/\/schema.org","@graph":[{"@type":"Article","@id":"https:\/\/www.pressenza.com\/it\/2019\/10\/paghiamo-la-multa-ma-quale-decoro\/#article","isPartOf":{"@id":"https:\/\/www.pressenza.com\/it\/2019\/10\/paghiamo-la-multa-ma-quale-decoro\/"},"author":{"name":"Redazione Italia","@id":"https:\/\/www.pressenza.com\/it\/#\/schema\/person\/d983e81827ae24f2c7b1a2123d197f8d"},"headline":"Paghiamo la multa, ma quale decoro?","datePublished":"2019-10-21T10:53:27+00:00","dateModified":"2019-10-21T10:55:32+00:00","mainEntityOfPage":{"@id":"https:\/\/www.pressenza.com\/it\/2019\/10\/paghiamo-la-multa-ma-quale-decoro\/"},"wordCount":215,"publisher":{"@id":"https:\/\/www.pressenza.com\/it\/#organization"},"image":{"@id":"https:\/\/www.pressenza.com\/it\/2019\/10\/paghiamo-la-multa-ma-quale-decoro\/#primaryimage"},"thumbnailUrl":"https:\/\/www.pressenza.com\/wp-content\/uploads\/2019\/10\/multa-Basilio.jpg","keywords":["anti-fascismo","Basilioi Rizzo","decoro urbano","multa"],"articleSection":["Europa","Politica"],"inLanguage":"it-IT"},{"@type":"WebPage","@id":"https:\/\/www.pressenza.com\/it\/2019\/10\/paghiamo-la-multa-ma-quale-decoro\/","url":"https:\/\/www.pressenza.com\/it\/2019\/10\/paghiamo-la-multa-ma-quale-decoro\/","name":"Paghiamo la multa, ma quale decoro?","isPartOf":{"@id":"https:\/\/www.pressenza.com\/it\/#website"},"primaryImageOfPage":{"@id":"https:\/\/www.pressenza.com\/it\/2019\/10\/paghiamo-la-multa-ma-quale-decoro\/#primaryimage"},"image":{"@id":"https:\/\/www.pressenza.com\/it\/2019\/10\/paghiamo-la-multa-ma-quale-decoro\/#primaryimage"},"thumbnailUrl":"https:\/\/www.pressenza.com\/wp-content\/uploads\/2019\/10\/multa-Basilio.jpg","datePublished":"2019-10-21T10:53:27+00:00","dateModified":"2019-10-21T10:55:32+00:00","description":"Marted\u00ec 22 ottobre 2019 dalle 18 alle 20 Piazza della Scala, Milano Organizzato da\u00a0Milano in Comune Milano \u00e8 citt\u00e0 aperta, ma dice no alle adunate","breadcrumb":{"@id":"https:\/\/www.pressenza.com\/it\/2019\/10\/paghiamo-la-multa-ma-quale-decoro\/#breadcrumb"},"inLanguage":"it-IT","potentialAction":[{"@type":"ReadAction","target":["https:\/\/www.pressenza.com\/it\/2019\/10\/paghiamo-la-multa-ma-quale-decoro\/"]}]},{"@type":"ImageObject","inLanguage":"it-IT","@id":"https:\/\/www.pressenza.com\/it\/2019\/10\/paghiamo-la-multa-ma-quale-decoro\/#primaryimage","url":"https:\/\/www.pressenza.com\/wp-content\/uploads\/2019\/10\/multa-Basilio.jpg","contentUrl":"https:\/\/www.pressenza.com\/wp-content\/uploads\/2019\/10\/multa-Basilio.jpg","width":880,"height":660},{"@type":"BreadcrumbList","@id":"https:\/\/www.pressenza.com\/it\/2019\/10\/paghiamo-la-multa-ma-quale-decoro\/#breadcrumb","itemListElement":[{"@type":"ListItem","position":1,"name":"Accueil","item":"https:\/\/www.pressenza.com\/it\/"},{"@type":"ListItem","position":2,"name":"Paghiamo la multa, ma quale decoro?"}]},{"@type":"WebSite","@id":"https:\/\/www.pressenza.com\/it\/#website","url":"https:\/\/www.pressenza.com\/it\/","name":"Pressenza","description":"Agenzia di Stampa Internazionale","publisher":{"@id":"https:\/\/www.pressenza.com\/it\/#organization"},"potentialAction":[{"@type":"SearchAction","target":{"@type":"EntryPoint","urlTemplate":"https:\/\/www.pressenza.com\/it\/?s={search_term_string}"},"query-input":{"@type":"PropertyValueSpecification","valueRequired":true,"valueName":"search_term_string"}}],"inLanguage":"it-IT"},{"@type":"Organization","@id":"https:\/\/www.pressenza.com\/it\/#organization","name":"Pressenza","url":"https:\/\/www.pressenza.com\/it\/","logo":{"@type":"ImageObject","inLanguage":"it-IT","@id":"https:\/\/www.pressenza.com\/it\/#\/schema\/logo\/image\/","url":"https:\/\/www.pressenza.com\/wp-content\/uploads\/2022\/10\/pressenza_logo_200x200.jpg","contentUrl":"https:\/\/www.pressenza.com\/wp-content\/uploads\/2022\/10\/pressenza_logo_200x200.jpg","width":200,"height":200,"caption":"Pressenza"},"image":{"@id":"https:\/\/www.pressenza.com\/it\/#\/schema\/logo\/image\/"},"sameAs":["https:\/\/www.facebook.com\/PressenzaItalia","https:\/\/x.com\/PressenzaIPA"]},{"@type":"Person","@id":"https:\/\/www.pressenza.com\/it\/#\/schema\/person\/d983e81827ae24f2c7b1a2123d197f8d","name":"Redazione Italia","description":"News from the Pressenza Bureau in Italy","sameAs":["https:\/\/www.pressenza.com\/it\/author\/redazione-italia\/","https:\/\/www.facebook.com\/PressenzaItalia","https:\/\/www.instagram.com\/pressenza_italia\/","https:\/\/x.com\/pressenza_it","https:\/\/www.youtube.com\/channel\/UCSalEIWjE1RSxkwjfftFuqg"],"url":"https:\/\/www.pressenza.com\/it\/author\/redazione-italia\/"}]}},"place":"Milano","original_article_url":"","_links":{"self":[{"href":"https:\/\/www.pressenza.com\/it\/wp-json\/wp\/v2\/posts\/949047","targetHints":{"allow":["GET"]}}],"collection":[{"href":"https:\/\/www.pressenza.com\/it\/wp-json\/wp\/v2\/posts"}],"about":[{"href":"https:\/\/www.pressenza.com\/it\/wp-json\/wp\/v2\/types\/post"}],"author":[{"embeddable":true,"href":"https:\/\/www.pressenza.com\/it\/wp-json\/wp\/v2\/users\/594"}],"replies":[{"embeddable":true,"href":"https:\/\/www.pressenza.com\/it\/wp-json\/wp\/v2\/comments?post=949047"}],"version-history":[{"count":0,"href":"https:\/\/www.pressenza.com\/it\/wp-json\/wp\/v2\/posts\/949047\/revisions"}],"wp:featuredmedia":[{"embeddable":true,"href":"https:\/\/www.pressenza.com\/it\/wp-json\/wp\/v2\/media\/949048"}],"wp:attachment":[{"href":"https:\/\/www.pressenza.com\/it\/wp-json\/wp\/v2\/media?parent=949047"}],"wp:term":[{"taxonomy":"category","embeddable":true,"href":"https:\/\/www.pressenza.com\/it\/wp-json\/wp\/v2\/categories?post=949047"},{"taxonomy":"post_tag","embeddable":true,"href":"https:\/\/www.pressenza.com\/it\/wp-json\/wp\/v2\/tags?post=949047"}],"curies":[{"name":"wp","href":"https:\/\/api.w.org\/{rel}","templated":true}]}}