{"id":947701,"date":"2019-10-19T11:20:06","date_gmt":"2019-10-19T10:20:06","guid":{"rendered":"https:\/\/www.pressenza.com\/?p=947701"},"modified":"2019-10-19T11:20:06","modified_gmt":"2019-10-19T10:20:06","slug":"migliaia-di-catalani-partecipano-alle-marce-per-la-liberta","status":"publish","type":"post","link":"https:\/\/www.pressenza.com\/it\/2019\/10\/migliaia-di-catalani-partecipano-alle-marce-per-la-liberta\/","title":{"rendered":"Migliaia di catalani partecipano alle \u201cMarce per la libert\u00e0\u201d"},"content":{"rendered":"<p>Pi\u00f9 di 500.000 persone hanno partecipato alle &#8220;Marce per la libert\u00e0&#8221;, attraversando per tre giorni tutta la Catalogna per poi ritrovarsi in una grande manifestazione pacifica e festosa nel centro di Barcellona.<\/p>\n<p>Da mercoled\u00ec 16 ottobre una parte significativa della popolazione ha partecipato a marce pacifiche da cinque diversi punti della Catalogna (Girona, Vic, Berga, Berga, T\u00e0rrega e Tarragona), confluite venerd\u00ec 18 ottobre in una grande manifestazione nel centro di Barcellona. Ognuna delle marce ha percorso circa cento chilometri. Si tratta di una protesta pacifica e di massa contro la sentenza della Corte Suprema nei confronti dei leader indipendentisti.<\/p>\n<p>Le cinque marce sono state promosse dall&#8217;Assemblea Nazionale Catalana e da \u00d2mnium Cultural e appoggiate dalle altre realt\u00e0 favorevoli all&#8217;indipendenza, compresi i partiti e lo stesso &#8220;Govern de la Generalitat&#8221;, che vi hanno partecipato. L&#8217;Assemblea Nazionale Catalana, \u00d2mnium Cultural e la grande maggioranza della societ\u00e0 catalana si dissociano e denunciano gli atti di violenza e vandalismo che si sono verificati a Barcellona nelle ultime notti.<\/p>\n<p>Venerd\u00ec 18 le principali arterie che portano a Barcellona sono state invase da migliaia di persone. In concomitanza con l&#8217;arrivo delle marce, si \u00e8 tenuto uno sciopero generale in tutta la Catalogna, indetto dai sindacati indipendentisti (Intersindical-CSC e Intersindical Alternativa de Catalunya IAC). Lo sciopero \u00e8 stato proclamato per varie ragioni lavorative ed economiche come l&#8217;abrogazione della riforma del lavoro o l&#8217;introduzione di un salario minimo catalano di \u20ac 1.200, anche se non \u00e8 stato appoggiato dai sindacati pi\u00f9 grandi (CCOO e UGT).<\/p>\n<p>Purtroppo, quando i partecipanti alla manifestazione hanno cominciato a disperdersi, in un&#8217;area molto vicina, nei pressi del quartier generale della polizia, una protesta parallela \u00e8 sfociata in violenti scontri tra gruppi giovanili e polizia. I manifestanti hanno eretto barricate, dato fuoco ai contenitori e gettato pietre e fumogeni, mentre la polizia nazionale ha risposto con lacrimogeni e pallottole di gomma.<\/p>\n<p>Foto di Pilar Paricio, Josep Zambrano y Fernando Estrada<\/p>\n<p>Traduzione dallo spagnolo di Anna Polo<\/p>\n<div class=\"post-gallery\">\n\t\t\t<figure class=\"post-gallery-item\">\n\t\t\t\t<img decoding=\"async\" src=\"https:\/\/www.pressenza.com\/wp-content\/uploads\/2019\/10\/unnamed-11-1-720x540.jpg\" loading=\"lazy\">\n\t\t\t\t<figcaption>\n\t\t\t\t\t\n\t\t\t\t<\/figcaption>\n\t\t\t<\/figure>\n\t\t\t<figure class=\"post-gallery-item\">\n\t\t\t\t<img decoding=\"async\" src=\"https:\/\/www.pressenza.com\/wp-content\/uploads\/2019\/10\/unnamed-8-1-720x540.jpg\" loading=\"lazy\">\n\t\t\t\t<figcaption>\n\t\t\t\t\t\n\t\t\t\t<\/figcaption>\n\t\t\t<\/figure>\n\t\t\t<figure class=\"post-gallery-item\">\n\t\t\t\t<img decoding=\"async\" src=\"https:\/\/www.pressenza.com\/wp-content\/uploads\/2019\/10\/unnamed-7-1-720x540.jpg\" loading=\"lazy\">\n\t\t\t\t<figcaption>\n\t\t\t\t\t\n\t\t\t\t<\/figcaption>\n\t\t\t<\/figure>\n\t\t\t<figure class=\"post-gallery-item\">\n\t\t\t\t<img decoding=\"async\" src=\"https:\/\/www.pressenza.com\/wp-content\/uploads\/2019\/10\/unnamed-5-720x540.jpg\" loading=\"lazy\">\n\t\t\t\t<figcaption>\n\t\t\t\t\t\n\t\t\t\t<\/figcaption>\n\t\t\t<\/figure>\n\t\t\t<figure class=\"post-gallery-item\">\n\t\t\t\t<img decoding=\"async\" src=\"https:\/\/www.pressenza.com\/wp-content\/uploads\/2019\/10\/unnamed-3-1-720x540.jpg\" loading=\"lazy\">\n\t\t\t\t<figcaption>\n\t\t\t\t\t\n\t\t\t\t<\/figcaption>\n\t\t\t<\/figure>\n\t\t\t<figure class=\"post-gallery-item\">\n\t\t\t\t<img decoding=\"async\" src=\"https:\/\/www.pressenza.com\/wp-content\/uploads\/2019\/10\/unnamed-1-1-720x540.jpg\" loading=\"lazy\">\n\t\t\t\t<figcaption>\n\t\t\t\t\t\n\t\t\t\t<\/figcaption>\n\t\t\t<\/figure>\n\t\t\t<figure class=\"post-gallery-item\">\n\t\t\t\t<img decoding=\"async\" src=\"https:\/\/www.pressenza.com\/wp-content\/uploads\/2019\/10\/031eb242-e3e8-40ac-922c-e2f19b09eae8-720x480.jpg\" loading=\"lazy\">\n\t\t\t\t<figcaption>\n\t\t\t\t\t\n\t\t\t\t<\/figcaption>\n\t\t\t<\/figure>\n\t\t\t<figure class=\"post-gallery-item\">\n\t\t\t\t<img decoding=\"async\" src=\"https:\/\/www.pressenza.com\/wp-content\/uploads\/2019\/10\/9add7f85-07bd-4057-a8f8-51d88776c02d-720x480.jpg\" loading=\"lazy\">\n\t\t\t\t<figcaption>\n\t\t\t\t\t\n\t\t\t\t<\/figcaption>\n\t\t\t<\/figure>\n\t\t\t<figure class=\"post-gallery-item\">\n\t\t\t\t<img decoding=\"async\" src=\"https:\/\/www.pressenza.com\/wp-content\/uploads\/2019\/10\/1a2413b7-754d-4f92-aa2f-864a1e26e7d2-720x480.jpg\" loading=\"lazy\">\n\t\t\t\t<figcaption>\n\t\t\t\t\t\n\t\t\t\t<\/figcaption>\n\t\t\t<\/figure><\/div>\n","protected":false},"excerpt":{"rendered":"<p>Pi\u00f9 di 500.000 persone hanno partecipato alle &#8220;Marce per la libert\u00e0&#8221;, attraversando per tre giorni tutta la Catalogna per poi ritrovarsi in una grande manifestazione pacifica e festosa nel centro di Barcellona. Da mercoled\u00ec 16 ottobre una parte significativa della&hellip;<\/p>\n","protected":false},"author":1102,"featured_media":947119,"comment_status":"closed","ping_status":"closed","sticky":false,"template":"","format":"standard","meta":{"footnotes":""},"categories":[11388,5677,55],"tags":[12283,65668,4412],"class_list":["post-947701","post","type-post","status-publish","format-standard","has-post-thumbnail","hentry","category-contenuti-originali","category-fotoreportages","category-politica","tag-catalogna","tag-marce-per-la-liberta","tag-sciopero-generale"],"yoast_head":"<!-- This site is optimized with the Yoast SEO plugin v27.1.1 - https:\/\/yoast.com\/product\/yoast-seo-wordpress\/ -->\n<title>Migliaia di catalani partecipano alle \u201cMarce per la libert\u00e0\u201d<\/title>\n<meta name=\"description\" content=\"Pi\u00f9 di 500.000 persone hanno partecipato alle &quot;Marce per la libert\u00e0&quot;, attraversando per tre giorni tutta la Catalogna per poi ritrovarsi in una grande\" \/>\n<meta name=\"robots\" content=\"index, follow, max-snippet:-1, max-image-preview:large, max-video-preview:-1\" \/>\n<link rel=\"canonical\" href=\"https:\/\/www.pressenza.com\/it\/2019\/10\/migliaia-di-catalani-partecipano-alle-marce-per-la-liberta\/\" \/>\n<meta property=\"og:locale\" content=\"it_IT\" \/>\n<meta property=\"og:type\" content=\"article\" \/>\n<meta property=\"og:title\" content=\"Migliaia di catalani partecipano alle \u201cMarce per la libert\u00e0\u201d\" \/>\n<meta property=\"og:description\" content=\"Pi\u00f9 di 500.000 persone hanno partecipato alle &quot;Marce per la libert\u00e0&quot;, attraversando per tre giorni tutta la Catalogna per poi ritrovarsi in una grande\" \/>\n<meta property=\"og:url\" content=\"https:\/\/www.pressenza.com\/it\/2019\/10\/migliaia-di-catalani-partecipano-alle-marce-per-la-liberta\/\" \/>\n<meta property=\"og:site_name\" content=\"Pressenza\" \/>\n<meta property=\"article:publisher\" content=\"https:\/\/www.facebook.com\/PressenzaItalia\" \/>\n<meta property=\"article:published_time\" content=\"2019-10-19T10:20:06+00:00\" \/>\n<meta property=\"og:image\" content=\"https:\/\/www.pressenza.com\/wp-content\/uploads\/2019\/10\/unnamed-2.jpg\" \/>\n\t<meta property=\"og:image:width\" content=\"2016\" \/>\n\t<meta property=\"og:image:height\" content=\"1512\" \/>\n\t<meta property=\"og:image:type\" content=\"image\/jpeg\" \/>\n<meta name=\"author\" content=\"Pilar Paricio\" \/>\n<meta name=\"twitter:card\" content=\"summary_large_image\" \/>\n<meta name=\"twitter:creator\" content=\"@PressenzaIPA\" \/>\n<meta name=\"twitter:site\" content=\"@PressenzaIPA\" \/>\n<meta name=\"twitter:label1\" content=\"Scritto da\" \/>\n\t<meta name=\"twitter:data1\" content=\"Pilar Paricio\" \/>\n\t<meta name=\"twitter:label2\" content=\"Tempo di lettura stimato\" \/>\n\t<meta name=\"twitter:data2\" content=\"2 minuti\" \/>\n<script type=\"application\/ld+json\" class=\"yoast-schema-graph\">{\"@context\":\"https:\/\/schema.org\",\"@graph\":[{\"@type\":\"Article\",\"@id\":\"https:\/\/www.pressenza.com\/it\/2019\/10\/migliaia-di-catalani-partecipano-alle-marce-per-la-liberta\/#article\",\"isPartOf\":{\"@id\":\"https:\/\/www.pressenza.com\/it\/2019\/10\/migliaia-di-catalani-partecipano-alle-marce-per-la-liberta\/\"},\"author\":{\"name\":\"Pilar Paricio\",\"@id\":\"https:\/\/www.pressenza.com\/it\/#\/schema\/person\/b38ea2890059fade68f5d3d1713cadfd\"},\"headline\":\"Migliaia di catalani partecipano alle \u201cMarce per la libert\u00e0\u201d\",\"datePublished\":\"2019-10-19T10:20:06+00:00\",\"mainEntityOfPage\":{\"@id\":\"https:\/\/www.pressenza.com\/it\/2019\/10\/migliaia-di-catalani-partecipano-alle-marce-per-la-liberta\/\"},\"wordCount\":331,\"publisher\":{\"@id\":\"https:\/\/www.pressenza.com\/it\/#organization\"},\"image\":{\"@id\":\"https:\/\/www.pressenza.com\/it\/2019\/10\/migliaia-di-catalani-partecipano-alle-marce-per-la-liberta\/#primaryimage\"},\"thumbnailUrl\":\"https:\/\/www.pressenza.com\/wp-content\/uploads\/2019\/10\/unnamed-2.jpg\",\"keywords\":[\"Catalogna\",\"Marce per la libert\u00e0\",\"sciopero generale\"],\"articleSection\":[\"contenuti originali\",\"Fotoreportages\",\"Politica\"],\"inLanguage\":\"it-IT\"},{\"@type\":\"WebPage\",\"@id\":\"https:\/\/www.pressenza.com\/it\/2019\/10\/migliaia-di-catalani-partecipano-alle-marce-per-la-liberta\/\",\"url\":\"https:\/\/www.pressenza.com\/it\/2019\/10\/migliaia-di-catalani-partecipano-alle-marce-per-la-liberta\/\",\"name\":\"Migliaia di catalani partecipano alle \u201cMarce per la libert\u00e0\u201d\",\"isPartOf\":{\"@id\":\"https:\/\/www.pressenza.com\/it\/#website\"},\"primaryImageOfPage\":{\"@id\":\"https:\/\/www.pressenza.com\/it\/2019\/10\/migliaia-di-catalani-partecipano-alle-marce-per-la-liberta\/#primaryimage\"},\"image\":{\"@id\":\"https:\/\/www.pressenza.com\/it\/2019\/10\/migliaia-di-catalani-partecipano-alle-marce-per-la-liberta\/#primaryimage\"},\"thumbnailUrl\":\"https:\/\/www.pressenza.com\/wp-content\/uploads\/2019\/10\/unnamed-2.jpg\",\"datePublished\":\"2019-10-19T10:20:06+00:00\",\"description\":\"Pi\u00f9 di 500.000 persone hanno partecipato alle \\\"Marce per la libert\u00e0\\\", attraversando per tre giorni tutta la Catalogna per poi ritrovarsi in una grande\",\"breadcrumb\":{\"@id\":\"https:\/\/www.pressenza.com\/it\/2019\/10\/migliaia-di-catalani-partecipano-alle-marce-per-la-liberta\/#breadcrumb\"},\"inLanguage\":\"it-IT\",\"potentialAction\":[{\"@type\":\"ReadAction\",\"target\":[\"https:\/\/www.pressenza.com\/it\/2019\/10\/migliaia-di-catalani-partecipano-alle-marce-per-la-liberta\/\"]}]},{\"@type\":\"ImageObject\",\"inLanguage\":\"it-IT\",\"@id\":\"https:\/\/www.pressenza.com\/it\/2019\/10\/migliaia-di-catalani-partecipano-alle-marce-per-la-liberta\/#primaryimage\",\"url\":\"https:\/\/www.pressenza.com\/wp-content\/uploads\/2019\/10\/unnamed-2.jpg\",\"contentUrl\":\"https:\/\/www.pressenza.com\/wp-content\/uploads\/2019\/10\/unnamed-2.jpg\",\"width\":2016,\"height\":1512,\"caption\":\"Friedliche Massendemonstrationen in Katalonien bringen 500.000 Menschen zusammen\"},{\"@type\":\"BreadcrumbList\",\"@id\":\"https:\/\/www.pressenza.com\/it\/2019\/10\/migliaia-di-catalani-partecipano-alle-marce-per-la-liberta\/#breadcrumb\",\"itemListElement\":[{\"@type\":\"ListItem\",\"position\":1,\"name\":\"Accueil\",\"item\":\"https:\/\/www.pressenza.com\/it\/\"},{\"@type\":\"ListItem\",\"position\":2,\"name\":\"Migliaia di catalani partecipano alle \u201cMarce per la libert\u00e0\u201d\"}]},{\"@type\":\"WebSite\",\"@id\":\"https:\/\/www.pressenza.com\/it\/#website\",\"url\":\"https:\/\/www.pressenza.com\/it\/\",\"name\":\"Pressenza\",\"description\":\"Agenzia di Stampa Internazionale\",\"publisher\":{\"@id\":\"https:\/\/www.pressenza.com\/it\/#organization\"},\"potentialAction\":[{\"@type\":\"SearchAction\",\"target\":{\"@type\":\"EntryPoint\",\"urlTemplate\":\"https:\/\/www.pressenza.com\/it\/?s={search_term_string}\"},\"query-input\":{\"@type\":\"PropertyValueSpecification\",\"valueRequired\":true,\"valueName\":\"search_term_string\"}}],\"inLanguage\":\"it-IT\"},{\"@type\":\"Organization\",\"@id\":\"https:\/\/www.pressenza.com\/it\/#organization\",\"name\":\"Pressenza\",\"url\":\"https:\/\/www.pressenza.com\/it\/\",\"logo\":{\"@type\":\"ImageObject\",\"inLanguage\":\"it-IT\",\"@id\":\"https:\/\/www.pressenza.com\/it\/#\/schema\/logo\/image\/\",\"url\":\"https:\/\/www.pressenza.com\/wp-content\/uploads\/2022\/10\/pressenza_logo_200x200.jpg\",\"contentUrl\":\"https:\/\/www.pressenza.com\/wp-content\/uploads\/2022\/10\/pressenza_logo_200x200.jpg\",\"width\":200,\"height\":200,\"caption\":\"Pressenza\"},\"image\":{\"@id\":\"https:\/\/www.pressenza.com\/it\/#\/schema\/logo\/image\/\"},\"sameAs\":[\"https:\/\/www.facebook.com\/PressenzaItalia\",\"https:\/\/x.com\/PressenzaIPA\"]},{\"@type\":\"Person\",\"@id\":\"https:\/\/www.pressenza.com\/it\/#\/schema\/person\/b38ea2890059fade68f5d3d1713cadfd\",\"name\":\"Pilar Paricio\",\"description\":\"Barcelona. Arquitecta, especializada en planificaci\u00f3n urbana. Trabaja por el avance de la poblaci\u00f3n en derechos b\u00e1sicos como el derecho a la vivienda y el derecho a la ciudad. Involucrada con el cambio social y personal, participa en el Nuevo Humanismo.\",\"url\":\"https:\/\/www.pressenza.com\/it\/author\/pilar-paricio\/\"}]}<\/script>\n<!-- \/ Yoast SEO plugin. -->","yoast_head_json":{"title":"Migliaia di catalani partecipano alle \u201cMarce per la libert\u00e0\u201d","description":"Pi\u00f9 di 500.000 persone hanno partecipato alle \"Marce per la libert\u00e0\", attraversando per tre giorni tutta la Catalogna per poi ritrovarsi in una grande","robots":{"index":"index","follow":"follow","max-snippet":"max-snippet:-1","max-image-preview":"max-image-preview:large","max-video-preview":"max-video-preview:-1"},"canonical":"https:\/\/www.pressenza.com\/it\/2019\/10\/migliaia-di-catalani-partecipano-alle-marce-per-la-liberta\/","og_locale":"it_IT","og_type":"article","og_title":"Migliaia di catalani partecipano alle \u201cMarce per la libert\u00e0\u201d","og_description":"Pi\u00f9 di 500.000 persone hanno partecipato alle \"Marce per la libert\u00e0\", attraversando per tre giorni tutta la Catalogna per poi ritrovarsi in una grande","og_url":"https:\/\/www.pressenza.com\/it\/2019\/10\/migliaia-di-catalani-partecipano-alle-marce-per-la-liberta\/","og_site_name":"Pressenza","article_publisher":"https:\/\/www.facebook.com\/PressenzaItalia","article_published_time":"2019-10-19T10:20:06+00:00","og_image":[{"width":2016,"height":1512,"url":"https:\/\/www.pressenza.com\/wp-content\/uploads\/2019\/10\/unnamed-2.jpg","type":"image\/jpeg"}],"author":"Pilar Paricio","twitter_card":"summary_large_image","twitter_creator":"@PressenzaIPA","twitter_site":"@PressenzaIPA","twitter_misc":{"Scritto da":"Pilar Paricio","Tempo di lettura stimato":"2 minuti"},"schema":{"@context":"https:\/\/schema.org","@graph":[{"@type":"Article","@id":"https:\/\/www.pressenza.com\/it\/2019\/10\/migliaia-di-catalani-partecipano-alle-marce-per-la-liberta\/#article","isPartOf":{"@id":"https:\/\/www.pressenza.com\/it\/2019\/10\/migliaia-di-catalani-partecipano-alle-marce-per-la-liberta\/"},"author":{"name":"Pilar Paricio","@id":"https:\/\/www.pressenza.com\/it\/#\/schema\/person\/b38ea2890059fade68f5d3d1713cadfd"},"headline":"Migliaia di catalani partecipano alle \u201cMarce per la libert\u00e0\u201d","datePublished":"2019-10-19T10:20:06+00:00","mainEntityOfPage":{"@id":"https:\/\/www.pressenza.com\/it\/2019\/10\/migliaia-di-catalani-partecipano-alle-marce-per-la-liberta\/"},"wordCount":331,"publisher":{"@id":"https:\/\/www.pressenza.com\/it\/#organization"},"image":{"@id":"https:\/\/www.pressenza.com\/it\/2019\/10\/migliaia-di-catalani-partecipano-alle-marce-per-la-liberta\/#primaryimage"},"thumbnailUrl":"https:\/\/www.pressenza.com\/wp-content\/uploads\/2019\/10\/unnamed-2.jpg","keywords":["Catalogna","Marce per la libert\u00e0","sciopero generale"],"articleSection":["contenuti originali","Fotoreportages","Politica"],"inLanguage":"it-IT"},{"@type":"WebPage","@id":"https:\/\/www.pressenza.com\/it\/2019\/10\/migliaia-di-catalani-partecipano-alle-marce-per-la-liberta\/","url":"https:\/\/www.pressenza.com\/it\/2019\/10\/migliaia-di-catalani-partecipano-alle-marce-per-la-liberta\/","name":"Migliaia di catalani partecipano alle \u201cMarce per la libert\u00e0\u201d","isPartOf":{"@id":"https:\/\/www.pressenza.com\/it\/#website"},"primaryImageOfPage":{"@id":"https:\/\/www.pressenza.com\/it\/2019\/10\/migliaia-di-catalani-partecipano-alle-marce-per-la-liberta\/#primaryimage"},"image":{"@id":"https:\/\/www.pressenza.com\/it\/2019\/10\/migliaia-di-catalani-partecipano-alle-marce-per-la-liberta\/#primaryimage"},"thumbnailUrl":"https:\/\/www.pressenza.com\/wp-content\/uploads\/2019\/10\/unnamed-2.jpg","datePublished":"2019-10-19T10:20:06+00:00","description":"Pi\u00f9 di 500.000 persone hanno partecipato alle \"Marce per la libert\u00e0\", attraversando per tre giorni tutta la Catalogna per poi ritrovarsi in una grande","breadcrumb":{"@id":"https:\/\/www.pressenza.com\/it\/2019\/10\/migliaia-di-catalani-partecipano-alle-marce-per-la-liberta\/#breadcrumb"},"inLanguage":"it-IT","potentialAction":[{"@type":"ReadAction","target":["https:\/\/www.pressenza.com\/it\/2019\/10\/migliaia-di-catalani-partecipano-alle-marce-per-la-liberta\/"]}]},{"@type":"ImageObject","inLanguage":"it-IT","@id":"https:\/\/www.pressenza.com\/it\/2019\/10\/migliaia-di-catalani-partecipano-alle-marce-per-la-liberta\/#primaryimage","url":"https:\/\/www.pressenza.com\/wp-content\/uploads\/2019\/10\/unnamed-2.jpg","contentUrl":"https:\/\/www.pressenza.com\/wp-content\/uploads\/2019\/10\/unnamed-2.jpg","width":2016,"height":1512,"caption":"Friedliche Massendemonstrationen in Katalonien bringen 500.000 Menschen zusammen"},{"@type":"BreadcrumbList","@id":"https:\/\/www.pressenza.com\/it\/2019\/10\/migliaia-di-catalani-partecipano-alle-marce-per-la-liberta\/#breadcrumb","itemListElement":[{"@type":"ListItem","position":1,"name":"Accueil","item":"https:\/\/www.pressenza.com\/it\/"},{"@type":"ListItem","position":2,"name":"Migliaia di catalani partecipano alle \u201cMarce per la libert\u00e0\u201d"}]},{"@type":"WebSite","@id":"https:\/\/www.pressenza.com\/it\/#website","url":"https:\/\/www.pressenza.com\/it\/","name":"Pressenza","description":"Agenzia di Stampa Internazionale","publisher":{"@id":"https:\/\/www.pressenza.com\/it\/#organization"},"potentialAction":[{"@type":"SearchAction","target":{"@type":"EntryPoint","urlTemplate":"https:\/\/www.pressenza.com\/it\/?s={search_term_string}"},"query-input":{"@type":"PropertyValueSpecification","valueRequired":true,"valueName":"search_term_string"}}],"inLanguage":"it-IT"},{"@type":"Organization","@id":"https:\/\/www.pressenza.com\/it\/#organization","name":"Pressenza","url":"https:\/\/www.pressenza.com\/it\/","logo":{"@type":"ImageObject","inLanguage":"it-IT","@id":"https:\/\/www.pressenza.com\/it\/#\/schema\/logo\/image\/","url":"https:\/\/www.pressenza.com\/wp-content\/uploads\/2022\/10\/pressenza_logo_200x200.jpg","contentUrl":"https:\/\/www.pressenza.com\/wp-content\/uploads\/2022\/10\/pressenza_logo_200x200.jpg","width":200,"height":200,"caption":"Pressenza"},"image":{"@id":"https:\/\/www.pressenza.com\/it\/#\/schema\/logo\/image\/"},"sameAs":["https:\/\/www.facebook.com\/PressenzaItalia","https:\/\/x.com\/PressenzaIPA"]},{"@type":"Person","@id":"https:\/\/www.pressenza.com\/it\/#\/schema\/person\/b38ea2890059fade68f5d3d1713cadfd","name":"Pilar Paricio","description":"Barcelona. Arquitecta, especializada en planificaci\u00f3n urbana. Trabaja por el avance de la poblaci\u00f3n en derechos b\u00e1sicos como el derecho a la vivienda y el derecho a la ciudad. Involucrada con el cambio social y personal, participa en el Nuevo Humanismo.","url":"https:\/\/www.pressenza.com\/it\/author\/pilar-paricio\/"}]}},"place":"","original_article_url":"","_links":{"self":[{"href":"https:\/\/www.pressenza.com\/it\/wp-json\/wp\/v2\/posts\/947701","targetHints":{"allow":["GET"]}}],"collection":[{"href":"https:\/\/www.pressenza.com\/it\/wp-json\/wp\/v2\/posts"}],"about":[{"href":"https:\/\/www.pressenza.com\/it\/wp-json\/wp\/v2\/types\/post"}],"author":[{"embeddable":true,"href":"https:\/\/www.pressenza.com\/it\/wp-json\/wp\/v2\/users\/1102"}],"replies":[{"embeddable":true,"href":"https:\/\/www.pressenza.com\/it\/wp-json\/wp\/v2\/comments?post=947701"}],"version-history":[{"count":0,"href":"https:\/\/www.pressenza.com\/it\/wp-json\/wp\/v2\/posts\/947701\/revisions"}],"wp:featuredmedia":[{"embeddable":true,"href":"https:\/\/www.pressenza.com\/it\/wp-json\/wp\/v2\/media\/947119"}],"wp:attachment":[{"href":"https:\/\/www.pressenza.com\/it\/wp-json\/wp\/v2\/media?parent=947701"}],"wp:term":[{"taxonomy":"category","embeddable":true,"href":"https:\/\/www.pressenza.com\/it\/wp-json\/wp\/v2\/categories?post=947701"},{"taxonomy":"post_tag","embeddable":true,"href":"https:\/\/www.pressenza.com\/it\/wp-json\/wp\/v2\/tags?post=947701"}],"curies":[{"name":"wp","href":"https:\/\/api.w.org\/{rel}","templated":true}]}}