{"id":947642,"date":"2019-10-19T10:39:38","date_gmt":"2019-10-19T09:39:38","guid":{"rendered":"https:\/\/www.pressenza.com\/?p=947642"},"modified":"2019-10-19T11:39:11","modified_gmt":"2019-10-19T10:39:11","slug":"macarena-ha-lottato-per-la-vita-fino-la-fine","status":"publish","type":"post","link":"https:\/\/www.pressenza.com\/it\/2019\/10\/macarena-ha-lottato-per-la-vita-fino-la-fine\/","title":{"rendered":"Macarena ha lottato per la vita fino alla fine"},"content":{"rendered":"<p><strong>Macarena Valdes<\/strong>, l&#8217;attivista cilena della comunit\u00e0 Mapuche Newen, trovata appesa a una corda il 22 agosto 2016, non si \u00e8 impiccata, ma \u00e8 stata prima strangolata con una laccio.<\/p>\n<p><strong>Macarena Valdes ha lottato con tutte le sue forze fino all&#8217;ultimo respiro che aveva in gola<\/strong>, ha lottato con la forza della disperazione che pu\u00f2 avere una giovane madre di 4 figli, ha lottato fino farsi uscire le lacrime dagli occhi, nel tentativo di cercare di liberarsi da chi la stava strangolando con un laccio al collo. Forse ce l&#8217;avrebbe fatta almeno a liberarsi se a strangolarla fosse stata una sola persona, ma erano almeno altre due persone quelle che la trattenevano e la tiravano per contenerla,\u00a0affinch\u00e9 non si muovesse; mentre un&#8217;altra con sempre pi\u00f9 forza le stringeva il collo con un laccio o con una corda per soffocarla.<\/p>\n<p>E&#8217; stata uccisa cos\u00ec Macarena, prima di essere appesa con una corda al collo.<\/p>\n<p><strong>Questo lo stralcio di una nota trapelata questa settimana,<\/strong> tramite una rivista messicana. E&#8217; l&#8217;anticipo della traduzione finale dell\u2019informativa ufficiale \u201c Commenti sulla morte di Yudi Macarena Vald\u00e8s Mu\u00f1oz\u201d redatta dal medico forense britannico della Corte Penale Internazionale John Clark, gi\u00e0 a suo tempo impegnato nelle analisi contenute all&#8217;interno del processo internazionale per le stragi e i crimini di civili commessi durante la guerra della ex-Jugoslavia.<\/p>\n<p><strong>L\u2019accusa sta aspettando il termine della traduzione ufficiale,<\/strong> che a breve sar\u00e0 presentata negli atti del processo per la morte di Macarena Valdes.<\/p>\n<p>Sono trascorsi oltre tre anni di impunit\u00e0, ma questa non \u00e8 stata l&#8217;unica costante: siamo anche di fronte a vessazioni e a minacce continue alla vita della famiglia e di tutta la comunit\u00e0 di Macarena.<\/p>\n<p><strong>Ad agosto, nell&#8217;ultimo anniversario della morte di Macarena, i carabineros hanno arrestato molti attivisti cileni<\/strong> presenti alla commemorazione, tra cui il marito stesso di Macarena, Ruben Collio.<\/p>\n<p><strong>In una prima fase le autorit\u00e0 e le forze di polizia del Cile avevano verbalizzato la morte di Macarena Valdes come &#8220;suicidio&#8221;<\/strong>;\u00a0\u00a0grazie all\u2019impegno dei familiari e alla mobilitazione delle comunit\u00e0 Mapuche, era stato tuttavia\u00a0 possibile riesumare il corpo e procedere a una seconda autopsia, questa volta indipendente, che aveva sancito senza ombra di dubbio che la giovane era stata brutalmente assassinata.\u00a0 In questa settimana sono infine giunti anche i primi elementi probatori che ricostruiscono come \u00e8 stata assassinata Macarena.\u00a0 Si sospettava d&#8217;altronde fin dall&#8217;inizio che non potesse trattarsi di suicidio, vista la chiusura frettolosa del caso da parte delle autorit\u00e0 e soprattutto il fatto che Macarena era una giovane donna, madre di 4 figli e piena di vita e forza e non aveva alcuna ragione per togliersi la vita.<\/p>\n<p>&#8220;La Negra&#8221; cos\u00ec era chiamata scherzosamente\u00a0Macarena dai suoi\u00a0 familiari e dalla sua comunit\u00e0. Protettrice del rispetto per la natura e in lotta fin da ragazzina per la dignit\u00e0 del suo popolo e del territorio di Tranguil di fronte all\u2019invasione della multinazionale idroelettrica RP Global.<\/p>\n<p><strong>La costruzione della centrale idroelettrica, contro la quale Macarena si batteva, \u00e8 iniziata nell\u2019ottobre del 2015<\/strong> senza che fosse stato redatto, da parte del Servizio di valutazione ambientale cileno alcuno studio sull\u2019impatto per l\u2019ecosistema locale e senza consultare le comunit\u00e0 Mapuche che vivono nella zona interessata dal progetto.\u00a0 Queste si sono rese conto di cosa stava accadendo solo quando hanno visto arrivare le ruspe e i macchinari della <strong>multinazionale RP Global<\/strong>, invadere le terre in cui vivono da migliaia di anni, profanare e disotterrare addirittura le sepolture dei loro cari.<\/p>\n<p><strong>L&#8217;attivista uccisa in Cile nell&#8217;agosto di tre anni fa \u00e8 solo uno dei molti casi.<\/strong> A livello mondiale i dati riportano <strong>3 uccisioni di attivisti ambientalisti la settimana<\/strong>.\u00a0 Come lei molte altre persone che si battono per la tutela dell&#8217;ambiente e in difesa delle comunit\u00e0 locali sudamericane hanno trovato la morte in questi anni in circostanze raccapriccianti.\u00a0 Attivisti per molti dei quali si \u00e8 arrivati alla certezza che sono stati assassinati, ma senza ancora un solo colpevole condannato per questi crimini continui.\u00a0 Tra i casi pi\u00f9 noti, Camilo Catrillanca, Raphael Nahuel e Santiago Maldonado (rispettivamente di 28, 22 e 24 anni), tutti assassinati tra l&#8217;agosto 2017 e il novembre 2018 durante operazioni di polizia e di \u201cpulizia territoriale\u201d nelle terre mapuche.<\/p>\n<p>Del resto <strong>la situazione \u00e8 simile anche in gran parte dell\u2019America Latina<\/strong>. Si va dall\u2019Honduras, dove \u00e8 stata uccisa l\u2019attivista Berta Caceres, al Brasile, con l&#8217;assassinio di Rosane Santiago Silveira, per non parlare delle centinaia di vittime, tra gli indigeni e gli ambientalisti, solo negli ultimi due-tre anni In Amazzonia, Colombia, Brasile e Paraguay.<\/p>\n<p>C&#8217;\u00e8 <strong>un elemento comune in questa continua strage, in questa occupazione forzata e criminale dei terreni indigeni<\/strong>: dovunque, si assiste alla <strong>complicit\u00e0 e alla connivenza degli Stati e dei governi con gli interessi e i profitti di multinazionali<\/strong> che si occupano di estrazione di fonti energetiche, di aziende di allevatori, di industrie del legname, di imprese minerarie, di sfruttamento del territorio per impiantare industrie, per la coltivazione e l&#8217;allevamento intensivi, oppure per la produzione e la sotto-lavorazione industriale. Fece parlare molto di s\u00e9 il caso della morte dell&#8217;attivista argentino Santiago Maldonado, scomparso il 1\u00b0 agosto 2017\u00a0 nei giorni in cui la polizia di Macr\u00ec reprimeva brutalmente ancora una volta le proteste degli indigeni Mapuche nella Patagonia argentina. Maldonado\u00a0 lottava contro l&#8217;esproprio delle terre indigene operato dal gruppo Benetton, che nell&#8217;area della Patagonia Mapuche tramite il governo \u00e8 venuto in possesso di vasti territori, recitandoli poi con filo spinato e presidiandoli con guardie armate private.<\/p>\n<p><strong>E&#8217; una lotta per la sopravvivenza quella degli indigeni, una resistenza che va avanti da oltre 500 anni.<\/strong>\u00a0Cinque\u00a0 secoli di massacri indiscriminati, di crimini impuniti, di\u00a0diritti, e vite violentate ogni giorno.<\/p>\n<p>Il popolo indigeno nonostante ci\u00f2 continua a lottare. Lotta per poter guardare ancora lo scintillare trasparente dei fiumi,\u00a0 per assistere al verde degli alberi in cui si esprime la vita, lotta per ascoltare di nuovo il fruscio delle foglie, per difendere la vita e la dignit\u00e0, per preservare migliaia di specie animali.\u00a0 Lotta per respirare ancora aria pulita. Lotta per il coraggio delle sorelle e dei fratelli assassinati,\u00a0 perch\u00e9 la loro anima saggia non abbandoni l\u2019umanit\u00e0. <strong>Lotta infine, per vedere di nuovo la Terra sorridere, perch\u00e9 l\u2019essere umano comprenda che viviamo tutti sullo stesso pianeta, lotta per la vita fino alla fine, cos\u00ec come fino alla fine, per la vita, ha lottato Macarena.<\/strong><\/p>\n<p>&nbsp;<\/p>\n<p>&nbsp;<\/p>\n","protected":false},"excerpt":{"rendered":"<p>Macarena Valdes l&#8217;attivista cilena della comunit\u00e0 Mapuche Newen, trovata appesa a una corda nel 2016, non s&#8217;impicc\u00f2, \u00e8 stata prima strangolata con una laccio.<\/p>\n","protected":false},"author":980,"featured_media":947672,"comment_status":"closed","ping_status":"closed","sticky":false,"template":"","format":"standard","meta":{"footnotes":""},"categories":[11388,60,61,48],"tags":[1688,9612,540,20887,65662,65663,2953,65664,2725,65661,65665],"class_list":["post-947642","post","type-post","status-publish","format-standard","has-post-thumbnail","hentry","category-contenuti-originali","category-diritti-umani","category-popoli-aborigeni","category-sud-america","tag-argentina-it","tag-benetton","tag-cile","tag-indigeni","tag-macarena-valdes-it","tag-macri-it","tag-mapuche-it","tag-patagonia-it","tag-popoli-originari","tag-rp-global","tag-santiago-maldonado-it"],"yoast_head":"<!-- This site is optimized with the Yoast SEO plugin v27.1.1 - https:\/\/yoast.com\/product\/yoast-seo-wordpress\/ -->\n<title>Macarena ha lottato per la vita fino alla fine<\/title>\n<meta name=\"description\" content=\"Macarena Valdes l&#039;attivista cilena della comunit\u00e0 Mapuche Newen, trovata appesa a una corda nel 2016, non s&#039;impicc\u00f2, \u00e8 stata prima strangolata con una laccio.\" \/>\n<meta name=\"robots\" content=\"index, follow, max-snippet:-1, max-image-preview:large, max-video-preview:-1\" \/>\n<link rel=\"canonical\" href=\"https:\/\/www.pressenza.com\/it\/2019\/10\/macarena-ha-lottato-per-la-vita-fino-la-fine\/\" \/>\n<meta property=\"og:locale\" content=\"it_IT\" \/>\n<meta property=\"og:type\" content=\"article\" \/>\n<meta property=\"og:title\" content=\"Macarena ha lottato per la vita fino alla fine\" \/>\n<meta property=\"og:description\" content=\"Macarena Valdes l&#039;attivista cilena della comunit\u00e0 Mapuche Newen, trovata appesa a una corda nel 2016, non s&#039;impicc\u00f2, \u00e8 stata prima strangolata con una laccio.\" \/>\n<meta property=\"og:url\" content=\"https:\/\/www.pressenza.com\/it\/2019\/10\/macarena-ha-lottato-per-la-vita-fino-la-fine\/\" \/>\n<meta property=\"og:site_name\" content=\"Pressenza\" \/>\n<meta property=\"article:publisher\" content=\"https:\/\/www.facebook.com\/PressenzaItalia\" \/>\n<meta property=\"article:author\" content=\"https:\/\/www.facebook.com\/valdarno.sostenibile\" \/>\n<meta property=\"article:published_time\" content=\"2019-10-19T09:39:38+00:00\" \/>\n<meta property=\"article:modified_time\" content=\"2019-10-19T10:39:11+00:00\" \/>\n<meta property=\"og:image\" content=\"https:\/\/www.pressenza.com\/wp-content\/uploads\/2019\/10\/Macarena-Valdes-con-i-suoi-figli.jpg\" \/>\n\t<meta property=\"og:image:width\" content=\"1200\" \/>\n\t<meta property=\"og:image:height\" content=\"800\" \/>\n\t<meta property=\"og:image:type\" content=\"image\/jpeg\" \/>\n<meta name=\"author\" content=\"Luca Cellini\" \/>\n<meta name=\"twitter:card\" content=\"summary_large_image\" \/>\n<meta name=\"twitter:creator\" content=\"@LucaCellini68\" \/>\n<meta name=\"twitter:site\" content=\"@PressenzaIPA\" \/>\n<meta name=\"twitter:label1\" content=\"Scritto da\" \/>\n\t<meta name=\"twitter:data1\" content=\"Luca Cellini\" \/>\n\t<meta name=\"twitter:label2\" content=\"Tempo di lettura stimato\" \/>\n\t<meta name=\"twitter:data2\" content=\"5 minuti\" \/>\n<script type=\"application\/ld+json\" class=\"yoast-schema-graph\">{\"@context\":\"https:\/\/schema.org\",\"@graph\":[{\"@type\":\"Article\",\"@id\":\"https:\/\/www.pressenza.com\/it\/2019\/10\/macarena-ha-lottato-per-la-vita-fino-la-fine\/#article\",\"isPartOf\":{\"@id\":\"https:\/\/www.pressenza.com\/it\/2019\/10\/macarena-ha-lottato-per-la-vita-fino-la-fine\/\"},\"author\":{\"name\":\"Luca Cellini\",\"@id\":\"https:\/\/www.pressenza.com\/it\/#\/schema\/person\/6f5bf686b3d94620dc918fd3afbd9180\"},\"headline\":\"Macarena ha lottato per la vita fino alla fine\",\"datePublished\":\"2019-10-19T09:39:38+00:00\",\"dateModified\":\"2019-10-19T10:39:11+00:00\",\"mainEntityOfPage\":{\"@id\":\"https:\/\/www.pressenza.com\/it\/2019\/10\/macarena-ha-lottato-per-la-vita-fino-la-fine\/\"},\"wordCount\":1063,\"publisher\":{\"@id\":\"https:\/\/www.pressenza.com\/it\/#organization\"},\"image\":{\"@id\":\"https:\/\/www.pressenza.com\/it\/2019\/10\/macarena-ha-lottato-per-la-vita-fino-la-fine\/#primaryimage\"},\"thumbnailUrl\":\"https:\/\/www.pressenza.com\/wp-content\/uploads\/2019\/10\/Macarena-Valdes-con-i-suoi-figli.jpg\",\"keywords\":[\"Argentina\",\"Benetton\",\"Cile\",\"indigeni\",\"MACARENA VALD\u00c9S\",\"Macri\",\"Mapuche\",\"Patagonia\",\"popoli originari\",\"RP Global\",\"Santiago Maldonado\"],\"articleSection\":[\"contenuti originali\",\"Diritti Umani\",\"Popoli originari\",\"Sud America\"],\"inLanguage\":\"it-IT\"},{\"@type\":\"WebPage\",\"@id\":\"https:\/\/www.pressenza.com\/it\/2019\/10\/macarena-ha-lottato-per-la-vita-fino-la-fine\/\",\"url\":\"https:\/\/www.pressenza.com\/it\/2019\/10\/macarena-ha-lottato-per-la-vita-fino-la-fine\/\",\"name\":\"Macarena ha lottato per la vita fino alla fine\",\"isPartOf\":{\"@id\":\"https:\/\/www.pressenza.com\/it\/#website\"},\"primaryImageOfPage\":{\"@id\":\"https:\/\/www.pressenza.com\/it\/2019\/10\/macarena-ha-lottato-per-la-vita-fino-la-fine\/#primaryimage\"},\"image\":{\"@id\":\"https:\/\/www.pressenza.com\/it\/2019\/10\/macarena-ha-lottato-per-la-vita-fino-la-fine\/#primaryimage\"},\"thumbnailUrl\":\"https:\/\/www.pressenza.com\/wp-content\/uploads\/2019\/10\/Macarena-Valdes-con-i-suoi-figli.jpg\",\"datePublished\":\"2019-10-19T09:39:38+00:00\",\"dateModified\":\"2019-10-19T10:39:11+00:00\",\"description\":\"Macarena Valdes l'attivista cilena della comunit\u00e0 Mapuche Newen, trovata appesa a una corda nel 2016, non s'impicc\u00f2, \u00e8 stata prima strangolata con una laccio.\",\"breadcrumb\":{\"@id\":\"https:\/\/www.pressenza.com\/it\/2019\/10\/macarena-ha-lottato-per-la-vita-fino-la-fine\/#breadcrumb\"},\"inLanguage\":\"it-IT\",\"potentialAction\":[{\"@type\":\"ReadAction\",\"target\":[\"https:\/\/www.pressenza.com\/it\/2019\/10\/macarena-ha-lottato-per-la-vita-fino-la-fine\/\"]}]},{\"@type\":\"ImageObject\",\"inLanguage\":\"it-IT\",\"@id\":\"https:\/\/www.pressenza.com\/it\/2019\/10\/macarena-ha-lottato-per-la-vita-fino-la-fine\/#primaryimage\",\"url\":\"https:\/\/www.pressenza.com\/wp-content\/uploads\/2019\/10\/Macarena-Valdes-con-i-suoi-figli.jpg\",\"contentUrl\":\"https:\/\/www.pressenza.com\/wp-content\/uploads\/2019\/10\/Macarena-Valdes-con-i-suoi-figli.jpg\",\"width\":1200,\"height\":800,\"caption\":\"Macarena Valdes con i suoi figli\"},{\"@type\":\"BreadcrumbList\",\"@id\":\"https:\/\/www.pressenza.com\/it\/2019\/10\/macarena-ha-lottato-per-la-vita-fino-la-fine\/#breadcrumb\",\"itemListElement\":[{\"@type\":\"ListItem\",\"position\":1,\"name\":\"Accueil\",\"item\":\"https:\/\/www.pressenza.com\/it\/\"},{\"@type\":\"ListItem\",\"position\":2,\"name\":\"Macarena ha lottato per la vita fino alla fine\"}]},{\"@type\":\"WebSite\",\"@id\":\"https:\/\/www.pressenza.com\/it\/#website\",\"url\":\"https:\/\/www.pressenza.com\/it\/\",\"name\":\"Pressenza\",\"description\":\"Agenzia di Stampa Internazionale\",\"publisher\":{\"@id\":\"https:\/\/www.pressenza.com\/it\/#organization\"},\"potentialAction\":[{\"@type\":\"SearchAction\",\"target\":{\"@type\":\"EntryPoint\",\"urlTemplate\":\"https:\/\/www.pressenza.com\/it\/?s={search_term_string}\"},\"query-input\":{\"@type\":\"PropertyValueSpecification\",\"valueRequired\":true,\"valueName\":\"search_term_string\"}}],\"inLanguage\":\"it-IT\"},{\"@type\":\"Organization\",\"@id\":\"https:\/\/www.pressenza.com\/it\/#organization\",\"name\":\"Pressenza\",\"url\":\"https:\/\/www.pressenza.com\/it\/\",\"logo\":{\"@type\":\"ImageObject\",\"inLanguage\":\"it-IT\",\"@id\":\"https:\/\/www.pressenza.com\/it\/#\/schema\/logo\/image\/\",\"url\":\"https:\/\/www.pressenza.com\/wp-content\/uploads\/2022\/10\/pressenza_logo_200x200.jpg\",\"contentUrl\":\"https:\/\/www.pressenza.com\/wp-content\/uploads\/2022\/10\/pressenza_logo_200x200.jpg\",\"width\":200,\"height\":200,\"caption\":\"Pressenza\"},\"image\":{\"@id\":\"https:\/\/www.pressenza.com\/it\/#\/schema\/logo\/image\/\"},\"sameAs\":[\"https:\/\/www.facebook.com\/PressenzaItalia\",\"https:\/\/x.com\/PressenzaIPA\"]},{\"@type\":\"Person\",\"@id\":\"https:\/\/www.pressenza.com\/it\/#\/schema\/person\/6f5bf686b3d94620dc918fd3afbd9180\",\"name\":\"Luca Cellini\",\"description\":\"Luca Cellini has participated with the Humanist Party. He was a volunteer with the Conscientious Objectors Association and an activist with Greenpeace. He participated in the Mir Sada International Peace March, a nonviolent peace convoy during the Bosnian conflict in Mostar and Sarajevo, to try to stop the conflict. He participated in the Social Forum and in the World March for Peace and Nonviolence. He founded the Valdarno Sustainability Committee with which he promotes the formation of the Valdarno Valdsieve coordination network to stop the construction of landfills and incinerators. He is passionate for writing, interested in alternative information, economics, research in the field of energy, strategies to achieve zero waste, and ecology, topics for which he has held public meetings and seminars for high school students. He works as a designer for the industry sector. Currently he engaged as volunteer in the fight against child exploitation and again Human Trafficking. Editor and columnist for Pressenza.\",\"sameAs\":[\"https:\/\/valdarnosostenibile.wordpress.com\/\",\"https:\/\/www.facebook.com\/valdarno.sostenibile\",\"https:\/\/x.com\/LucaCellini68\"],\"url\":\"https:\/\/www.pressenza.com\/it\/author\/luca-cellini\/\"}]}<\/script>\n<!-- \/ Yoast SEO plugin. -->","yoast_head_json":{"title":"Macarena ha lottato per la vita fino alla fine","description":"Macarena Valdes l'attivista cilena della comunit\u00e0 Mapuche Newen, trovata appesa a una corda nel 2016, non s'impicc\u00f2, \u00e8 stata prima strangolata con una laccio.","robots":{"index":"index","follow":"follow","max-snippet":"max-snippet:-1","max-image-preview":"max-image-preview:large","max-video-preview":"max-video-preview:-1"},"canonical":"https:\/\/www.pressenza.com\/it\/2019\/10\/macarena-ha-lottato-per-la-vita-fino-la-fine\/","og_locale":"it_IT","og_type":"article","og_title":"Macarena ha lottato per la vita fino alla fine","og_description":"Macarena Valdes l'attivista cilena della comunit\u00e0 Mapuche Newen, trovata appesa a una corda nel 2016, non s'impicc\u00f2, \u00e8 stata prima strangolata con una laccio.","og_url":"https:\/\/www.pressenza.com\/it\/2019\/10\/macarena-ha-lottato-per-la-vita-fino-la-fine\/","og_site_name":"Pressenza","article_publisher":"https:\/\/www.facebook.com\/PressenzaItalia","article_author":"https:\/\/www.facebook.com\/valdarno.sostenibile","article_published_time":"2019-10-19T09:39:38+00:00","article_modified_time":"2019-10-19T10:39:11+00:00","og_image":[{"width":1200,"height":800,"url":"https:\/\/www.pressenza.com\/wp-content\/uploads\/2019\/10\/Macarena-Valdes-con-i-suoi-figli.jpg","type":"image\/jpeg"}],"author":"Luca Cellini","twitter_card":"summary_large_image","twitter_creator":"@LucaCellini68","twitter_site":"@PressenzaIPA","twitter_misc":{"Scritto da":"Luca Cellini","Tempo di lettura stimato":"5 minuti"},"schema":{"@context":"https:\/\/schema.org","@graph":[{"@type":"Article","@id":"https:\/\/www.pressenza.com\/it\/2019\/10\/macarena-ha-lottato-per-la-vita-fino-la-fine\/#article","isPartOf":{"@id":"https:\/\/www.pressenza.com\/it\/2019\/10\/macarena-ha-lottato-per-la-vita-fino-la-fine\/"},"author":{"name":"Luca Cellini","@id":"https:\/\/www.pressenza.com\/it\/#\/schema\/person\/6f5bf686b3d94620dc918fd3afbd9180"},"headline":"Macarena ha lottato per la vita fino alla fine","datePublished":"2019-10-19T09:39:38+00:00","dateModified":"2019-10-19T10:39:11+00:00","mainEntityOfPage":{"@id":"https:\/\/www.pressenza.com\/it\/2019\/10\/macarena-ha-lottato-per-la-vita-fino-la-fine\/"},"wordCount":1063,"publisher":{"@id":"https:\/\/www.pressenza.com\/it\/#organization"},"image":{"@id":"https:\/\/www.pressenza.com\/it\/2019\/10\/macarena-ha-lottato-per-la-vita-fino-la-fine\/#primaryimage"},"thumbnailUrl":"https:\/\/www.pressenza.com\/wp-content\/uploads\/2019\/10\/Macarena-Valdes-con-i-suoi-figli.jpg","keywords":["Argentina","Benetton","Cile","indigeni","MACARENA VALD\u00c9S","Macri","Mapuche","Patagonia","popoli originari","RP Global","Santiago Maldonado"],"articleSection":["contenuti originali","Diritti Umani","Popoli originari","Sud America"],"inLanguage":"it-IT"},{"@type":"WebPage","@id":"https:\/\/www.pressenza.com\/it\/2019\/10\/macarena-ha-lottato-per-la-vita-fino-la-fine\/","url":"https:\/\/www.pressenza.com\/it\/2019\/10\/macarena-ha-lottato-per-la-vita-fino-la-fine\/","name":"Macarena ha lottato per la vita fino alla fine","isPartOf":{"@id":"https:\/\/www.pressenza.com\/it\/#website"},"primaryImageOfPage":{"@id":"https:\/\/www.pressenza.com\/it\/2019\/10\/macarena-ha-lottato-per-la-vita-fino-la-fine\/#primaryimage"},"image":{"@id":"https:\/\/www.pressenza.com\/it\/2019\/10\/macarena-ha-lottato-per-la-vita-fino-la-fine\/#primaryimage"},"thumbnailUrl":"https:\/\/www.pressenza.com\/wp-content\/uploads\/2019\/10\/Macarena-Valdes-con-i-suoi-figli.jpg","datePublished":"2019-10-19T09:39:38+00:00","dateModified":"2019-10-19T10:39:11+00:00","description":"Macarena Valdes l'attivista cilena della comunit\u00e0 Mapuche Newen, trovata appesa a una corda nel 2016, non s'impicc\u00f2, \u00e8 stata prima strangolata con una laccio.","breadcrumb":{"@id":"https:\/\/www.pressenza.com\/it\/2019\/10\/macarena-ha-lottato-per-la-vita-fino-la-fine\/#breadcrumb"},"inLanguage":"it-IT","potentialAction":[{"@type":"ReadAction","target":["https:\/\/www.pressenza.com\/it\/2019\/10\/macarena-ha-lottato-per-la-vita-fino-la-fine\/"]}]},{"@type":"ImageObject","inLanguage":"it-IT","@id":"https:\/\/www.pressenza.com\/it\/2019\/10\/macarena-ha-lottato-per-la-vita-fino-la-fine\/#primaryimage","url":"https:\/\/www.pressenza.com\/wp-content\/uploads\/2019\/10\/Macarena-Valdes-con-i-suoi-figli.jpg","contentUrl":"https:\/\/www.pressenza.com\/wp-content\/uploads\/2019\/10\/Macarena-Valdes-con-i-suoi-figli.jpg","width":1200,"height":800,"caption":"Macarena Valdes con i suoi figli"},{"@type":"BreadcrumbList","@id":"https:\/\/www.pressenza.com\/it\/2019\/10\/macarena-ha-lottato-per-la-vita-fino-la-fine\/#breadcrumb","itemListElement":[{"@type":"ListItem","position":1,"name":"Accueil","item":"https:\/\/www.pressenza.com\/it\/"},{"@type":"ListItem","position":2,"name":"Macarena ha lottato per la vita fino alla fine"}]},{"@type":"WebSite","@id":"https:\/\/www.pressenza.com\/it\/#website","url":"https:\/\/www.pressenza.com\/it\/","name":"Pressenza","description":"Agenzia di Stampa Internazionale","publisher":{"@id":"https:\/\/www.pressenza.com\/it\/#organization"},"potentialAction":[{"@type":"SearchAction","target":{"@type":"EntryPoint","urlTemplate":"https:\/\/www.pressenza.com\/it\/?s={search_term_string}"},"query-input":{"@type":"PropertyValueSpecification","valueRequired":true,"valueName":"search_term_string"}}],"inLanguage":"it-IT"},{"@type":"Organization","@id":"https:\/\/www.pressenza.com\/it\/#organization","name":"Pressenza","url":"https:\/\/www.pressenza.com\/it\/","logo":{"@type":"ImageObject","inLanguage":"it-IT","@id":"https:\/\/www.pressenza.com\/it\/#\/schema\/logo\/image\/","url":"https:\/\/www.pressenza.com\/wp-content\/uploads\/2022\/10\/pressenza_logo_200x200.jpg","contentUrl":"https:\/\/www.pressenza.com\/wp-content\/uploads\/2022\/10\/pressenza_logo_200x200.jpg","width":200,"height":200,"caption":"Pressenza"},"image":{"@id":"https:\/\/www.pressenza.com\/it\/#\/schema\/logo\/image\/"},"sameAs":["https:\/\/www.facebook.com\/PressenzaItalia","https:\/\/x.com\/PressenzaIPA"]},{"@type":"Person","@id":"https:\/\/www.pressenza.com\/it\/#\/schema\/person\/6f5bf686b3d94620dc918fd3afbd9180","name":"Luca Cellini","description":"Luca Cellini has participated with the Humanist Party. He was a volunteer with the Conscientious Objectors Association and an activist with Greenpeace. He participated in the Mir Sada International Peace March, a nonviolent peace convoy during the Bosnian conflict in Mostar and Sarajevo, to try to stop the conflict. He participated in the Social Forum and in the World March for Peace and Nonviolence. He founded the Valdarno Sustainability Committee with which he promotes the formation of the Valdarno Valdsieve coordination network to stop the construction of landfills and incinerators. He is passionate for writing, interested in alternative information, economics, research in the field of energy, strategies to achieve zero waste, and ecology, topics for which he has held public meetings and seminars for high school students. He works as a designer for the industry sector. Currently he engaged as volunteer in the fight against child exploitation and again Human Trafficking. Editor and columnist for Pressenza.","sameAs":["https:\/\/valdarnosostenibile.wordpress.com\/","https:\/\/www.facebook.com\/valdarno.sostenibile","https:\/\/x.com\/LucaCellini68"],"url":"https:\/\/www.pressenza.com\/it\/author\/luca-cellini\/"}]}},"place":"","original_article_url":"","_links":{"self":[{"href":"https:\/\/www.pressenza.com\/it\/wp-json\/wp\/v2\/posts\/947642","targetHints":{"allow":["GET"]}}],"collection":[{"href":"https:\/\/www.pressenza.com\/it\/wp-json\/wp\/v2\/posts"}],"about":[{"href":"https:\/\/www.pressenza.com\/it\/wp-json\/wp\/v2\/types\/post"}],"author":[{"embeddable":true,"href":"https:\/\/www.pressenza.com\/it\/wp-json\/wp\/v2\/users\/980"}],"replies":[{"embeddable":true,"href":"https:\/\/www.pressenza.com\/it\/wp-json\/wp\/v2\/comments?post=947642"}],"version-history":[{"count":0,"href":"https:\/\/www.pressenza.com\/it\/wp-json\/wp\/v2\/posts\/947642\/revisions"}],"wp:featuredmedia":[{"embeddable":true,"href":"https:\/\/www.pressenza.com\/it\/wp-json\/wp\/v2\/media\/947672"}],"wp:attachment":[{"href":"https:\/\/www.pressenza.com\/it\/wp-json\/wp\/v2\/media?parent=947642"}],"wp:term":[{"taxonomy":"category","embeddable":true,"href":"https:\/\/www.pressenza.com\/it\/wp-json\/wp\/v2\/categories?post=947642"},{"taxonomy":"post_tag","embeddable":true,"href":"https:\/\/www.pressenza.com\/it\/wp-json\/wp\/v2\/tags?post=947642"}],"curies":[{"name":"wp","href":"https:\/\/api.w.org\/{rel}","templated":true}]}}