{"id":944734,"date":"2019-10-15T12:31:23","date_gmt":"2019-10-15T11:31:23","guid":{"rendered":"https:\/\/www.pressenza.com\/?p=944734"},"modified":"2019-10-15T12:31:23","modified_gmt":"2019-10-15T11:31:23","slug":"fuori-dalla-trappola-del-debito-per-garantire-giustizia-climatica-e-sociale","status":"publish","type":"post","link":"https:\/\/www.pressenza.com\/it\/2019\/10\/fuori-dalla-trappola-del-debito-per-garantire-giustizia-climatica-e-sociale\/","title":{"rendered":"Fuori dalla trappola del debito per garantire giustizia climatica e sociale"},"content":{"rendered":"<p>La Legge di Bilancio 2020, in discussione in queste settimane, si rivela in totale continuit\u00e0 con quelle precedenti: cambiano i governi, ma il pilota automatico dei mercati continua a determinare le scelte di politica economica e sociale.<\/p>\n<p>La manovra allo studio, in estrema sintesi, sar\u00e0 di 29 miliardi, solo 2 dei quali disponibili per scelte di eventuale discontinuit\u00e0, dato che 23mld serviranno a sterilizzare le clausole dell&#8217;IVA e 4 mld sono legati alle spese indifferibili.<\/p>\n<p>Su come verranno coperti questi 29 miliardi, i voli pindarici si sprecano: 14 mld andranno in deficit (concordato con la Commissione Ue?), 7 mld dalla lotta all&#8217;evasione fiscale (come?) e i restanti 8 miliardi da risparmi diversi (sulla spesa pubblica, sugli interessi sul debito, sulla diminuzione della platea del &#8216;reddito di cittadinanza&#8217; e di quella di &#8216;quota 100&#8217;).<\/p>\n<p><strong><em>Un dato emerge sopra tutti: se anche questa manovra fosse realizzabile, nessuna risposta potr\u00e0 essere data all&#8217;urgenza della crisi climatica, n\u00e9 alle necessit\u00e0 di una popolazione che ha visto allargarsi a dismisura la fascia sotto la soglia di povert\u00e0.<\/em><\/strong><\/p>\n<p>E, infatti, dei 22 collegati alla Legge di Bilancio, relativi a progetti specifici -dal taglio dei ticket sanitari, al &#8216;Green new deal&#8217;, al bonus famiglia- se ne parla ogni giorno sui mass media senza mai specificare dove risiedano le risorse economiche di copertura.<\/p>\n<p>Tutto questo in un contesto nel quale una nuova (?) crisi finanziaria \u00e8 dietro l&#8217;angolo, l&#8217;economia si avvia alla recessione, la diseguaglianza sociale non ha precedenti e la crisi climatica richiede una drastica inversione di rotta.<\/p>\n<p>Le scelte di questo governo, in linea con quelli degli ultimi anni, sono la logica conseguenza di un unico elemento di fondo:<strong><em> l&#8217;accettazione supina dei vincoli di Maastricht come indiscutibili e l&#8217;interiorizzazione della trappola del debito pubblico.<\/em><\/strong><\/p>\n<p>Siamo un paese che -unico al mondo- chiude il bilancio in avanzo primario dal 1990; che, su un debito di 2.300 mld, ha gi\u00e0 pagato, dall&#8217;80 ad oggi, 3.500 mld di interessi, senza che questo ne abbia provocato alcuna riduzione; che ha messo con le spalle al muro gli enti locali, la cui funzione pubblica e sociale, di tutela del territorio e dei beni comuni, di garanzia dei diritti fondamentali attraverso l&#8217;erogazione dei servizi pubblici, \u00e8 stata da tempo pregiudicata.<\/p>\n<p><strong><em>Non \u00e8 questa la strada del cambiamento: se si vuole anche solo immaginare un futuro diverso, occorre ua drastica inversione di rotta, rivendicata a gran voce da una nuova generazione di giovani e giovanissimi che ha finalmente riempito le piazze del paese.<\/em><\/strong><\/p>\n<p>Un&#8217;inversione di rotta che metta in discussione alla radice l&#8217;attuale modello e si riappropri della ricchezza sociale prodotta per poterlo trasformare radicalmente.<\/p>\n<p>Per questo come Cadtm Italia (Comitato per l&#8217;annullamento dei debiti illegittimi) proponiamo che alcuni obiettivi, necessari alla rottura del quadro stabilito e prerequisiti per l&#8217;alternativa di sistema, vengano approfonditi e discussi all&#8217;interno delle diverse mobilitazioni sociali in corso:<\/p>\n<p><strong><em>a) una dichiarazione di insostenibilit\u00e0 delle politiche di austerit\u00e0, in quanto pregiudizievoli dei diritti sociali fondamentali e della trasformazione ecologica della societ\u00e0, necessari per garantire la giustizia climatica e sociale;<\/em><\/strong><\/p>\n<p><strong><em>b) una moratoria sul pagamento degli interessi sul debito e il contestuale avvio di un audit indipendente sullo stesso, al fine di identificare i debiti illegittimi ed odiosi (da non pagare) e quelli legittimi (da ristrutturare secondo tempi e modalit\u00e0 che non pregiudichino la giustizia climatica e sociale);<\/em><\/strong><\/p>\n<p><strong><em>c) l&#8217;avvio di una conferenza europea su debito, patto di stabilit\u00e0 e pareggio di bilancio, che metta in discussione il Trattato di Maastricht e apra un nuovo processo costituente europeo;<\/em><\/strong><\/p>\n<p><strong><em>d) il controllo dei movimenti di capitale, attraverso la FTT (Financial Transaction Tax), aumentando le aliquote ed estendendo l&#8217;imponibile in Italia, e avviando un&#8217;iniziativa per l&#8217;applicazione della FTT a livello europeo, il cui gettito verrebbe destinato al contrasto della crisi climatica e alla lotta alle diseguaglianze sociali;<\/em><\/strong><\/p>\n<p><strong><em>e) la socializzazione, decentralizzazione e gestione partecipativa della Cassa Depositi e Prestiti, per tutelare i risparmi dei cittadini e metterli al servizio della trasformazione ecologica e sociale, a partire dai Comuni e dalle comunit\u00e0 territoriali.<\/em><\/strong><\/p>\n<p><strong><em>f) politiche fiscali che mettano a carico delle multinazionali, dei capitali finanziari, dei grandi patrimoni e dei ceti ricchi i costi della trasformazione ecologica e sociale.<\/em><\/strong><\/p>\n<p>Perch\u00e8 la vita e il futuro sono troppo importanti per consegnarli agli indici di Borsa e ai grandi capitali finanziari.<\/p>\n<p style=\"text-align: right;\"><strong><em>CADTM ITALIA<\/em><\/strong><\/p>\n<p style=\"text-align: right;\"><strong><em>(Comitato per l&#8217;annullamento dei debiti illegittimi)<\/em><\/strong><\/p>\n<p style=\"text-align: right;\"><a href=\"http:\/\/italia.cadtm.org\/\">http:\/\/italia.cadtm.org\/<\/a><\/p>\n<p>per contatti:<\/p>\n<p>Marco Bersani <a href=\"mailto:marco.bersani59@gmail.com\">marco.bersani59@gmail.com<\/a> 329 4740620<\/p>\n<p>Vittorio Lovera <a href=\"mailto:vittorio.lovera@gmail.com\">vittorio.lovera@gmail.com<\/a> 348 4097484<\/p>\n<p>Antonio De Lellis <a href=\"mailto:adelellis@clio.it\">adelellis@clio.it<\/a> 328 9853591<\/p>\n","protected":false},"excerpt":{"rendered":"<p>La Legge di Bilancio 2020, in discussione in queste settimane, si rivela in totale continuit\u00e0 con quelle precedenti: cambiano i governi, ma il pilota automatico dei mercati continua a determinare le scelte di politica economica e sociale. La manovra allo&hellip;<\/p>\n","protected":false},"author":594,"featured_media":944736,"comment_status":"closed","ping_status":"closed","sticky":false,"template":"","format":"standard","meta":{"footnotes":""},"categories":[150,47,55],"tags":[59956,9139,65413,16693,41748],"class_list":["post-944734","post","type-post","status-publish","format-standard","has-post-thumbnail","hentry","category-comunicati-stampa","category-europa","category-politica","tag-cadtm-it","tag-debito-pubblico","tag-giustizia-climatica","tag-giustizia-sociale","tag-legge-di-bilancio"],"yoast_head":"<!-- This site is optimized with the Yoast SEO plugin v27.1.1 - https:\/\/yoast.com\/product\/yoast-seo-wordpress\/ -->\n<title>Fuori dalla trappola del debito per garantire giustizia climatica e sociale<\/title>\n<meta name=\"description\" content=\"La Legge di Bilancio 2020, in discussione in queste settimane, si rivela in totale continuit\u00e0 con quelle precedenti: cambiano i governi, ma il pilota\" \/>\n<meta name=\"robots\" content=\"index, follow, max-snippet:-1, max-image-preview:large, max-video-preview:-1\" \/>\n<link rel=\"canonical\" href=\"https:\/\/www.pressenza.com\/it\/2019\/10\/fuori-dalla-trappola-del-debito-per-garantire-giustizia-climatica-e-sociale\/\" \/>\n<meta property=\"og:locale\" content=\"it_IT\" \/>\n<meta property=\"og:type\" content=\"article\" \/>\n<meta property=\"og:title\" content=\"Fuori dalla trappola del debito per garantire giustizia climatica e sociale\" \/>\n<meta property=\"og:description\" content=\"La Legge di Bilancio 2020, in discussione in queste settimane, si rivela in totale continuit\u00e0 con quelle precedenti: cambiano i governi, ma il pilota\" \/>\n<meta property=\"og:url\" content=\"https:\/\/www.pressenza.com\/it\/2019\/10\/fuori-dalla-trappola-del-debito-per-garantire-giustizia-climatica-e-sociale\/\" \/>\n<meta property=\"og:site_name\" content=\"Pressenza\" \/>\n<meta property=\"article:publisher\" content=\"https:\/\/www.facebook.com\/PressenzaItalia\" \/>\n<meta property=\"article:author\" content=\"https:\/\/www.facebook.com\/PressenzaItalia\" \/>\n<meta property=\"article:published_time\" content=\"2019-10-15T11:31:23+00:00\" \/>\n<meta property=\"og:image\" content=\"https:\/\/www.pressenza.com\/wp-content\/uploads\/2019\/10\/euro-870756_960_720.jpg\" \/>\n\t<meta property=\"og:image:width\" content=\"960\" \/>\n\t<meta property=\"og:image:height\" content=\"640\" \/>\n\t<meta property=\"og:image:type\" content=\"image\/jpeg\" \/>\n<meta name=\"author\" content=\"Redazione Italia\" \/>\n<meta name=\"twitter:card\" content=\"summary_large_image\" \/>\n<meta name=\"twitter:creator\" content=\"@pressenza_it\" \/>\n<meta name=\"twitter:site\" content=\"@PressenzaIPA\" \/>\n<meta name=\"twitter:label1\" content=\"Scritto da\" \/>\n\t<meta name=\"twitter:data1\" content=\"Redazione Italia\" \/>\n\t<meta name=\"twitter:label2\" content=\"Tempo di lettura stimato\" \/>\n\t<meta name=\"twitter:data2\" content=\"4 minuti\" \/>\n<script type=\"application\/ld+json\" class=\"yoast-schema-graph\">{\"@context\":\"https:\/\/schema.org\",\"@graph\":[{\"@type\":\"Article\",\"@id\":\"https:\/\/www.pressenza.com\/it\/2019\/10\/fuori-dalla-trappola-del-debito-per-garantire-giustizia-climatica-e-sociale\/#article\",\"isPartOf\":{\"@id\":\"https:\/\/www.pressenza.com\/it\/2019\/10\/fuori-dalla-trappola-del-debito-per-garantire-giustizia-climatica-e-sociale\/\"},\"author\":{\"name\":\"Redazione Italia\",\"@id\":\"https:\/\/www.pressenza.com\/it\/#\/schema\/person\/d983e81827ae24f2c7b1a2123d197f8d\"},\"headline\":\"Fuori dalla trappola del debito per garantire giustizia climatica e sociale\",\"datePublished\":\"2019-10-15T11:31:23+00:00\",\"mainEntityOfPage\":{\"@id\":\"https:\/\/www.pressenza.com\/it\/2019\/10\/fuori-dalla-trappola-del-debito-per-garantire-giustizia-climatica-e-sociale\/\"},\"wordCount\":750,\"publisher\":{\"@id\":\"https:\/\/www.pressenza.com\/it\/#organization\"},\"image\":{\"@id\":\"https:\/\/www.pressenza.com\/it\/2019\/10\/fuori-dalla-trappola-del-debito-per-garantire-giustizia-climatica-e-sociale\/#primaryimage\"},\"thumbnailUrl\":\"https:\/\/www.pressenza.com\/wp-content\/uploads\/2019\/10\/euro-870756_960_720.jpg\",\"keywords\":[\"CADTM\",\"debito pubblico\",\"Giustizia climatica\",\"giustizia sociale\",\"legge di bilancio\"],\"articleSection\":[\"Comunicati Stampa\",\"Europa\",\"Politica\"],\"inLanguage\":\"it-IT\"},{\"@type\":\"WebPage\",\"@id\":\"https:\/\/www.pressenza.com\/it\/2019\/10\/fuori-dalla-trappola-del-debito-per-garantire-giustizia-climatica-e-sociale\/\",\"url\":\"https:\/\/www.pressenza.com\/it\/2019\/10\/fuori-dalla-trappola-del-debito-per-garantire-giustizia-climatica-e-sociale\/\",\"name\":\"Fuori dalla trappola del debito per garantire giustizia climatica e sociale\",\"isPartOf\":{\"@id\":\"https:\/\/www.pressenza.com\/it\/#website\"},\"primaryImageOfPage\":{\"@id\":\"https:\/\/www.pressenza.com\/it\/2019\/10\/fuori-dalla-trappola-del-debito-per-garantire-giustizia-climatica-e-sociale\/#primaryimage\"},\"image\":{\"@id\":\"https:\/\/www.pressenza.com\/it\/2019\/10\/fuori-dalla-trappola-del-debito-per-garantire-giustizia-climatica-e-sociale\/#primaryimage\"},\"thumbnailUrl\":\"https:\/\/www.pressenza.com\/wp-content\/uploads\/2019\/10\/euro-870756_960_720.jpg\",\"datePublished\":\"2019-10-15T11:31:23+00:00\",\"description\":\"La Legge di Bilancio 2020, in discussione in queste settimane, si rivela in totale continuit\u00e0 con quelle precedenti: cambiano i governi, ma il pilota\",\"breadcrumb\":{\"@id\":\"https:\/\/www.pressenza.com\/it\/2019\/10\/fuori-dalla-trappola-del-debito-per-garantire-giustizia-climatica-e-sociale\/#breadcrumb\"},\"inLanguage\":\"it-IT\",\"potentialAction\":[{\"@type\":\"ReadAction\",\"target\":[\"https:\/\/www.pressenza.com\/it\/2019\/10\/fuori-dalla-trappola-del-debito-per-garantire-giustizia-climatica-e-sociale\/\"]}]},{\"@type\":\"ImageObject\",\"inLanguage\":\"it-IT\",\"@id\":\"https:\/\/www.pressenza.com\/it\/2019\/10\/fuori-dalla-trappola-del-debito-per-garantire-giustizia-climatica-e-sociale\/#primaryimage\",\"url\":\"https:\/\/www.pressenza.com\/wp-content\/uploads\/2019\/10\/euro-870756_960_720.jpg\",\"contentUrl\":\"https:\/\/www.pressenza.com\/wp-content\/uploads\/2019\/10\/euro-870756_960_720.jpg\",\"width\":960,\"height\":640},{\"@type\":\"BreadcrumbList\",\"@id\":\"https:\/\/www.pressenza.com\/it\/2019\/10\/fuori-dalla-trappola-del-debito-per-garantire-giustizia-climatica-e-sociale\/#breadcrumb\",\"itemListElement\":[{\"@type\":\"ListItem\",\"position\":1,\"name\":\"Accueil\",\"item\":\"https:\/\/www.pressenza.com\/it\/\"},{\"@type\":\"ListItem\",\"position\":2,\"name\":\"Fuori dalla trappola del debito per garantire giustizia climatica e sociale\"}]},{\"@type\":\"WebSite\",\"@id\":\"https:\/\/www.pressenza.com\/it\/#website\",\"url\":\"https:\/\/www.pressenza.com\/it\/\",\"name\":\"Pressenza\",\"description\":\"Agenzia di Stampa Internazionale\",\"publisher\":{\"@id\":\"https:\/\/www.pressenza.com\/it\/#organization\"},\"potentialAction\":[{\"@type\":\"SearchAction\",\"target\":{\"@type\":\"EntryPoint\",\"urlTemplate\":\"https:\/\/www.pressenza.com\/it\/?s={search_term_string}\"},\"query-input\":{\"@type\":\"PropertyValueSpecification\",\"valueRequired\":true,\"valueName\":\"search_term_string\"}}],\"inLanguage\":\"it-IT\"},{\"@type\":\"Organization\",\"@id\":\"https:\/\/www.pressenza.com\/it\/#organization\",\"name\":\"Pressenza\",\"url\":\"https:\/\/www.pressenza.com\/it\/\",\"logo\":{\"@type\":\"ImageObject\",\"inLanguage\":\"it-IT\",\"@id\":\"https:\/\/www.pressenza.com\/it\/#\/schema\/logo\/image\/\",\"url\":\"https:\/\/www.pressenza.com\/wp-content\/uploads\/2022\/10\/pressenza_logo_200x200.jpg\",\"contentUrl\":\"https:\/\/www.pressenza.com\/wp-content\/uploads\/2022\/10\/pressenza_logo_200x200.jpg\",\"width\":200,\"height\":200,\"caption\":\"Pressenza\"},\"image\":{\"@id\":\"https:\/\/www.pressenza.com\/it\/#\/schema\/logo\/image\/\"},\"sameAs\":[\"https:\/\/www.facebook.com\/PressenzaItalia\",\"https:\/\/x.com\/PressenzaIPA\"]},{\"@type\":\"Person\",\"@id\":\"https:\/\/www.pressenza.com\/it\/#\/schema\/person\/d983e81827ae24f2c7b1a2123d197f8d\",\"name\":\"Redazione Italia\",\"description\":\"News from the Pressenza Bureau in Italy\",\"sameAs\":[\"https:\/\/www.pressenza.com\/it\/author\/redazione-italia\/\",\"https:\/\/www.facebook.com\/PressenzaItalia\",\"https:\/\/www.instagram.com\/pressenza_italia\/\",\"https:\/\/x.com\/pressenza_it\",\"https:\/\/www.youtube.com\/channel\/UCSalEIWjE1RSxkwjfftFuqg\"],\"url\":\"https:\/\/www.pressenza.com\/it\/author\/redazione-italia\/\"}]}<\/script>\n<!-- \/ Yoast SEO plugin. -->","yoast_head_json":{"title":"Fuori dalla trappola del debito per garantire giustizia climatica e sociale","description":"La Legge di Bilancio 2020, in discussione in queste settimane, si rivela in totale continuit\u00e0 con quelle precedenti: cambiano i governi, ma il pilota","robots":{"index":"index","follow":"follow","max-snippet":"max-snippet:-1","max-image-preview":"max-image-preview:large","max-video-preview":"max-video-preview:-1"},"canonical":"https:\/\/www.pressenza.com\/it\/2019\/10\/fuori-dalla-trappola-del-debito-per-garantire-giustizia-climatica-e-sociale\/","og_locale":"it_IT","og_type":"article","og_title":"Fuori dalla trappola del debito per garantire giustizia climatica e sociale","og_description":"La Legge di Bilancio 2020, in discussione in queste settimane, si rivela in totale continuit\u00e0 con quelle precedenti: cambiano i governi, ma il pilota","og_url":"https:\/\/www.pressenza.com\/it\/2019\/10\/fuori-dalla-trappola-del-debito-per-garantire-giustizia-climatica-e-sociale\/","og_site_name":"Pressenza","article_publisher":"https:\/\/www.facebook.com\/PressenzaItalia","article_author":"https:\/\/www.facebook.com\/PressenzaItalia","article_published_time":"2019-10-15T11:31:23+00:00","og_image":[{"width":960,"height":640,"url":"https:\/\/www.pressenza.com\/wp-content\/uploads\/2019\/10\/euro-870756_960_720.jpg","type":"image\/jpeg"}],"author":"Redazione Italia","twitter_card":"summary_large_image","twitter_creator":"@pressenza_it","twitter_site":"@PressenzaIPA","twitter_misc":{"Scritto da":"Redazione Italia","Tempo di lettura stimato":"4 minuti"},"schema":{"@context":"https:\/\/schema.org","@graph":[{"@type":"Article","@id":"https:\/\/www.pressenza.com\/it\/2019\/10\/fuori-dalla-trappola-del-debito-per-garantire-giustizia-climatica-e-sociale\/#article","isPartOf":{"@id":"https:\/\/www.pressenza.com\/it\/2019\/10\/fuori-dalla-trappola-del-debito-per-garantire-giustizia-climatica-e-sociale\/"},"author":{"name":"Redazione Italia","@id":"https:\/\/www.pressenza.com\/it\/#\/schema\/person\/d983e81827ae24f2c7b1a2123d197f8d"},"headline":"Fuori dalla trappola del debito per garantire giustizia climatica e sociale","datePublished":"2019-10-15T11:31:23+00:00","mainEntityOfPage":{"@id":"https:\/\/www.pressenza.com\/it\/2019\/10\/fuori-dalla-trappola-del-debito-per-garantire-giustizia-climatica-e-sociale\/"},"wordCount":750,"publisher":{"@id":"https:\/\/www.pressenza.com\/it\/#organization"},"image":{"@id":"https:\/\/www.pressenza.com\/it\/2019\/10\/fuori-dalla-trappola-del-debito-per-garantire-giustizia-climatica-e-sociale\/#primaryimage"},"thumbnailUrl":"https:\/\/www.pressenza.com\/wp-content\/uploads\/2019\/10\/euro-870756_960_720.jpg","keywords":["CADTM","debito pubblico","Giustizia climatica","giustizia sociale","legge di bilancio"],"articleSection":["Comunicati Stampa","Europa","Politica"],"inLanguage":"it-IT"},{"@type":"WebPage","@id":"https:\/\/www.pressenza.com\/it\/2019\/10\/fuori-dalla-trappola-del-debito-per-garantire-giustizia-climatica-e-sociale\/","url":"https:\/\/www.pressenza.com\/it\/2019\/10\/fuori-dalla-trappola-del-debito-per-garantire-giustizia-climatica-e-sociale\/","name":"Fuori dalla trappola del debito per garantire giustizia climatica e sociale","isPartOf":{"@id":"https:\/\/www.pressenza.com\/it\/#website"},"primaryImageOfPage":{"@id":"https:\/\/www.pressenza.com\/it\/2019\/10\/fuori-dalla-trappola-del-debito-per-garantire-giustizia-climatica-e-sociale\/#primaryimage"},"image":{"@id":"https:\/\/www.pressenza.com\/it\/2019\/10\/fuori-dalla-trappola-del-debito-per-garantire-giustizia-climatica-e-sociale\/#primaryimage"},"thumbnailUrl":"https:\/\/www.pressenza.com\/wp-content\/uploads\/2019\/10\/euro-870756_960_720.jpg","datePublished":"2019-10-15T11:31:23+00:00","description":"La Legge di Bilancio 2020, in discussione in queste settimane, si rivela in totale continuit\u00e0 con quelle precedenti: cambiano i governi, ma il pilota","breadcrumb":{"@id":"https:\/\/www.pressenza.com\/it\/2019\/10\/fuori-dalla-trappola-del-debito-per-garantire-giustizia-climatica-e-sociale\/#breadcrumb"},"inLanguage":"it-IT","potentialAction":[{"@type":"ReadAction","target":["https:\/\/www.pressenza.com\/it\/2019\/10\/fuori-dalla-trappola-del-debito-per-garantire-giustizia-climatica-e-sociale\/"]}]},{"@type":"ImageObject","inLanguage":"it-IT","@id":"https:\/\/www.pressenza.com\/it\/2019\/10\/fuori-dalla-trappola-del-debito-per-garantire-giustizia-climatica-e-sociale\/#primaryimage","url":"https:\/\/www.pressenza.com\/wp-content\/uploads\/2019\/10\/euro-870756_960_720.jpg","contentUrl":"https:\/\/www.pressenza.com\/wp-content\/uploads\/2019\/10\/euro-870756_960_720.jpg","width":960,"height":640},{"@type":"BreadcrumbList","@id":"https:\/\/www.pressenza.com\/it\/2019\/10\/fuori-dalla-trappola-del-debito-per-garantire-giustizia-climatica-e-sociale\/#breadcrumb","itemListElement":[{"@type":"ListItem","position":1,"name":"Accueil","item":"https:\/\/www.pressenza.com\/it\/"},{"@type":"ListItem","position":2,"name":"Fuori dalla trappola del debito per garantire giustizia climatica e sociale"}]},{"@type":"WebSite","@id":"https:\/\/www.pressenza.com\/it\/#website","url":"https:\/\/www.pressenza.com\/it\/","name":"Pressenza","description":"Agenzia di Stampa Internazionale","publisher":{"@id":"https:\/\/www.pressenza.com\/it\/#organization"},"potentialAction":[{"@type":"SearchAction","target":{"@type":"EntryPoint","urlTemplate":"https:\/\/www.pressenza.com\/it\/?s={search_term_string}"},"query-input":{"@type":"PropertyValueSpecification","valueRequired":true,"valueName":"search_term_string"}}],"inLanguage":"it-IT"},{"@type":"Organization","@id":"https:\/\/www.pressenza.com\/it\/#organization","name":"Pressenza","url":"https:\/\/www.pressenza.com\/it\/","logo":{"@type":"ImageObject","inLanguage":"it-IT","@id":"https:\/\/www.pressenza.com\/it\/#\/schema\/logo\/image\/","url":"https:\/\/www.pressenza.com\/wp-content\/uploads\/2022\/10\/pressenza_logo_200x200.jpg","contentUrl":"https:\/\/www.pressenza.com\/wp-content\/uploads\/2022\/10\/pressenza_logo_200x200.jpg","width":200,"height":200,"caption":"Pressenza"},"image":{"@id":"https:\/\/www.pressenza.com\/it\/#\/schema\/logo\/image\/"},"sameAs":["https:\/\/www.facebook.com\/PressenzaItalia","https:\/\/x.com\/PressenzaIPA"]},{"@type":"Person","@id":"https:\/\/www.pressenza.com\/it\/#\/schema\/person\/d983e81827ae24f2c7b1a2123d197f8d","name":"Redazione Italia","description":"News from the Pressenza Bureau in Italy","sameAs":["https:\/\/www.pressenza.com\/it\/author\/redazione-italia\/","https:\/\/www.facebook.com\/PressenzaItalia","https:\/\/www.instagram.com\/pressenza_italia\/","https:\/\/x.com\/pressenza_it","https:\/\/www.youtube.com\/channel\/UCSalEIWjE1RSxkwjfftFuqg"],"url":"https:\/\/www.pressenza.com\/it\/author\/redazione-italia\/"}]}},"place":"","original_article_url":"","_links":{"self":[{"href":"https:\/\/www.pressenza.com\/it\/wp-json\/wp\/v2\/posts\/944734","targetHints":{"allow":["GET"]}}],"collection":[{"href":"https:\/\/www.pressenza.com\/it\/wp-json\/wp\/v2\/posts"}],"about":[{"href":"https:\/\/www.pressenza.com\/it\/wp-json\/wp\/v2\/types\/post"}],"author":[{"embeddable":true,"href":"https:\/\/www.pressenza.com\/it\/wp-json\/wp\/v2\/users\/594"}],"replies":[{"embeddable":true,"href":"https:\/\/www.pressenza.com\/it\/wp-json\/wp\/v2\/comments?post=944734"}],"version-history":[{"count":0,"href":"https:\/\/www.pressenza.com\/it\/wp-json\/wp\/v2\/posts\/944734\/revisions"}],"wp:featuredmedia":[{"embeddable":true,"href":"https:\/\/www.pressenza.com\/it\/wp-json\/wp\/v2\/media\/944736"}],"wp:attachment":[{"href":"https:\/\/www.pressenza.com\/it\/wp-json\/wp\/v2\/media?parent=944734"}],"wp:term":[{"taxonomy":"category","embeddable":true,"href":"https:\/\/www.pressenza.com\/it\/wp-json\/wp\/v2\/categories?post=944734"},{"taxonomy":"post_tag","embeddable":true,"href":"https:\/\/www.pressenza.com\/it\/wp-json\/wp\/v2\/tags?post=944734"}],"curies":[{"name":"wp","href":"https:\/\/api.w.org\/{rel}","templated":true}]}}