{"id":943742,"date":"2019-10-14T12:22:39","date_gmt":"2019-10-14T11:22:39","guid":{"rendered":"https:\/\/www.pressenza.com\/?p=943742"},"modified":"2019-10-14T12:45:14","modified_gmt":"2019-10-14T11:45:14","slug":"schaerbeek-festeggia-i-10-anni-della-nuova-biblioteca","status":"publish","type":"post","link":"https:\/\/www.pressenza.com\/it\/2019\/10\/schaerbeek-festeggia-i-10-anni-della-nuova-biblioteca\/","title":{"rendered":"Schaerbeek festeggia i 10 anni della nuova biblioteca"},"content":{"rendered":"<blockquote><p>\u00ab<em>Vorrei che tutti leggessero, non per diventare letterati o poeti, ma perch\u00e9 nessuno sia pi\u00f9 schiavo<\/em>\u00bb (Gianni Rodari).<\/p><\/blockquote>\n<p>La<a href=\"http:\/\/www.mabiblio.be\/\" target=\"_blank\" rel=\"noopener\"> <strong>biblioteca Sesamo di Schaerbeek<\/strong> <\/a>sabato ha spento le candeline del suo decimo anniversario. Non che Schaerbeek abbia una biblioteca da soli dieci anni. Gi\u00e0 nel 1873, la <strong>Lega degli insegnanti<\/strong> sosteneva una biblioteca dentro i locali del municipio. Ma, semplicemente, la Sesamo, che \u00e8 la pi\u00f9 grande delle tre attuali biblioteche comunali, si \u00e9 installata nella nuova sede da dieci anni.<\/p>\n<p><img loading=\"lazy\" decoding=\"async\" class=\"size-large wp-image-943810 alignnone\" src=\"https:\/\/www.pressenza.com\/wp-content\/uploads\/2019\/10\/WhatsApp-Image-2019-10-12-at-09.43.25-720x540.jpeg\" alt=\"Biblioteca Sesame - Schaerbeek\" width=\"720\" height=\"540\" srcset=\"https:\/\/www.pressenza.com\/wp-content\/uploads\/2019\/10\/WhatsApp-Image-2019-10-12-at-09.43.25-720x540.jpeg 720w, https:\/\/www.pressenza.com\/wp-content\/uploads\/2019\/10\/WhatsApp-Image-2019-10-12-at-09.43.25-300x225.jpeg 300w, https:\/\/www.pressenza.com\/wp-content\/uploads\/2019\/10\/WhatsApp-Image-2019-10-12-at-09.43.25-768x576.jpeg 768w, https:\/\/www.pressenza.com\/wp-content\/uploads\/2019\/10\/WhatsApp-Image-2019-10-12-at-09.43.25.jpeg 1600w\" sizes=\"auto, (max-width: 720px) 100vw, 720px\" \/><\/p>\n<p>Si tratta di pi\u00f9 di 1.400 metri quadri su tre elevazioni.<\/p>\n<p>La Sesamo \u00e8 una biblioteca moderna che, a fianco ai classici servizi di lettura e prestito, offre una sala per la lettura dei giornali quotidiani e delle riviste, nonch\u00e8 delle postazioni informatiche. I suoi fiori all\u2019occhiello sono rappresentati, tuttavia, <strong>dalla sala lettura per i ragazzi<\/strong>, dal piccolo <strong>anfiteatro<\/strong> dove si svolgono conferenze, spettacoli, laboratori, incontri del club di lettura (<em>un martedi sera al mese<\/em>) e, infine, dalla <strong>ludoteca<\/strong>.<\/p>\n<p>Sabato oltre una cinquantina di bambini, assieme ai loro genitori, hanno seguito le numerose letture creative di piccoli racconti offerte loro. Contemporaneamente, curiosi animatori si aggiravano nei locali.<\/p>\n<p>Nel breve discorso d\u2019occasione che ha proceduto un piccolo rinfresco offerto agli utenti, \u00e8 stato sottolineato il ruolo della biblioteca. Questo non \u00e8 solo quello di proseguire ed integrare l\u2019istruzione offerta dalla scuola bens\u00ec di formare il cittadino.<\/p>\n<p>In tal senso \u00e9 stata sottolineata, proprio dall\u2019ex <strong>assessore alla cultura Georges Verzin<\/strong> (MR), l\u2019importanza della presenza della ludoteca. Il servizio permette di collegare il gioco all\u2019ambiente della biblioteca e ne incentiva la frequenza.<\/p>\n<p>Questo non \u00e9 una cosa da poco in una cittadina, quale \u00e8 <strong>Schaerbeek<\/strong>, uno dei 19 comuni che compongono la regione di Bruxelles. Dei suoi 127.525 abitanti, infatti, il 36% sono stranieri. In particolare, le pi\u00f9 grandi comunit\u00e0 straniere sono cosi suddivise: <em>5.217 bulgari, 5.032 marocchini, 4.543 rumeni, 3.482 turchi, 3.405 polacchi, 2.825 italiani<\/em>.<\/p>\n<p>Una insalata di lingue, di culture, che trovano, anche nella biblioteca Sesamo, un luogo d\u2019incontro, di scambio, di socializzazione.<\/p>\n<p><img loading=\"lazy\" decoding=\"async\" class=\"aligncenter size-large wp-image-943819\" src=\"https:\/\/www.pressenza.com\/wp-content\/uploads\/2019\/10\/WhatsApp-Image-2019-10-12-at-10.00.35-720x540.jpeg\" alt=\"Ludoteca Sesame - Schaerbeek\" width=\"720\" height=\"540\" srcset=\"https:\/\/www.pressenza.com\/wp-content\/uploads\/2019\/10\/WhatsApp-Image-2019-10-12-at-10.00.35-720x540.jpeg 720w, https:\/\/www.pressenza.com\/wp-content\/uploads\/2019\/10\/WhatsApp-Image-2019-10-12-at-10.00.35-300x225.jpeg 300w, https:\/\/www.pressenza.com\/wp-content\/uploads\/2019\/10\/WhatsApp-Image-2019-10-12-at-10.00.35-768x576.jpeg 768w, https:\/\/www.pressenza.com\/wp-content\/uploads\/2019\/10\/WhatsApp-Image-2019-10-12-at-10.00.35.jpeg 1600w\" sizes=\"auto, (max-width: 720px) 100vw, 720px\" \/><\/p>\n","protected":false},"excerpt":{"rendered":"<p>\u00abVorrei che tutti leggessero, non per diventare letterati o poeti, ma perch\u00e9 nessuno sia pi\u00f9 schiavo\u00bb (Gianni Rodari). La biblioteca Sesamo di Schaerbeek sabato ha spento le candeline del suo decimo anniversario. Non che Schaerbeek abbia una biblioteca da soli&hellip;<\/p>\n","protected":false},"author":1284,"featured_media":943828,"comment_status":"closed","ping_status":"closed","sticky":false,"template":"","format":"standard","meta":{"footnotes":""},"categories":[11388,56],"tags":[20877,43821,13866],"class_list":["post-943742","post","type-post","status-publish","format-standard","has-post-thumbnail","hentry","category-contenuti-originali","category-cultura","tag-belgio","tag-coesione-sociale","tag-cultura-16"],"yoast_head":"<!-- This site is optimized with the Yoast SEO plugin v27.1.1 - https:\/\/yoast.com\/product\/yoast-seo-wordpress\/ -->\n<title>Schaerbeek festeggia i 10 anni della nuova biblioteca<\/title>\n<meta name=\"description\" content=\"\u00abVorrei che tutti leggessero, non per diventare letterati o poeti, ma perch\u00e9 nessuno sia pi\u00f9 schiavo\u00bb (Gianni Rodari). La biblioteca Sesamo di Schaerbeek\" \/>\n<meta name=\"robots\" content=\"index, follow, max-snippet:-1, max-image-preview:large, max-video-preview:-1\" \/>\n<link rel=\"canonical\" href=\"https:\/\/www.pressenza.com\/it\/2019\/10\/schaerbeek-festeggia-i-10-anni-della-nuova-biblioteca\/\" \/>\n<meta property=\"og:locale\" content=\"it_IT\" \/>\n<meta property=\"og:type\" content=\"article\" \/>\n<meta property=\"og:title\" content=\"Schaerbeek festeggia i 10 anni della nuova biblioteca\" \/>\n<meta property=\"og:description\" content=\"\u00abVorrei che tutti leggessero, non per diventare letterati o poeti, ma perch\u00e9 nessuno sia pi\u00f9 schiavo\u00bb (Gianni Rodari). La biblioteca Sesamo di Schaerbeek\" \/>\n<meta property=\"og:url\" content=\"https:\/\/www.pressenza.com\/it\/2019\/10\/schaerbeek-festeggia-i-10-anni-della-nuova-biblioteca\/\" \/>\n<meta property=\"og:site_name\" content=\"Pressenza\" \/>\n<meta property=\"article:publisher\" content=\"https:\/\/www.facebook.com\/PressenzaItalia\" \/>\n<meta property=\"article:published_time\" content=\"2019-10-14T11:22:39+00:00\" \/>\n<meta property=\"article:modified_time\" content=\"2019-10-14T11:45:14+00:00\" \/>\n<meta property=\"og:image\" content=\"https:\/\/www.pressenza.com\/wp-content\/uploads\/2019\/10\/WhatsApp-Image-2019-10-12-at-10.45.24.jpeg\" \/>\n\t<meta property=\"og:image:width\" content=\"1600\" \/>\n\t<meta property=\"og:image:height\" content=\"1200\" \/>\n\t<meta property=\"og:image:type\" content=\"image\/jpeg\" \/>\n<meta name=\"author\" content=\"Natale Salvo\" \/>\n<meta name=\"twitter:card\" content=\"summary_large_image\" \/>\n<meta name=\"twitter:creator\" content=\"@PressenzaIPA\" \/>\n<meta name=\"twitter:site\" content=\"@PressenzaIPA\" \/>\n<meta name=\"twitter:label1\" content=\"Scritto da\" \/>\n\t<meta name=\"twitter:data1\" content=\"Natale Salvo\" \/>\n\t<meta name=\"twitter:label2\" content=\"Tempo di lettura stimato\" \/>\n\t<meta name=\"twitter:data2\" content=\"2 minuti\" \/>\n<script type=\"application\/ld+json\" class=\"yoast-schema-graph\">{\"@context\":\"https:\/\/schema.org\",\"@graph\":[{\"@type\":\"Article\",\"@id\":\"https:\/\/www.pressenza.com\/it\/2019\/10\/schaerbeek-festeggia-i-10-anni-della-nuova-biblioteca\/#article\",\"isPartOf\":{\"@id\":\"https:\/\/www.pressenza.com\/it\/2019\/10\/schaerbeek-festeggia-i-10-anni-della-nuova-biblioteca\/\"},\"author\":{\"name\":\"Natale Salvo\",\"@id\":\"https:\/\/www.pressenza.com\/it\/#\/schema\/person\/dfdba7d9ea928e4a93ced607c353757c\"},\"headline\":\"Schaerbeek festeggia i 10 anni della nuova biblioteca\",\"datePublished\":\"2019-10-14T11:22:39+00:00\",\"dateModified\":\"2019-10-14T11:45:14+00:00\",\"mainEntityOfPage\":{\"@id\":\"https:\/\/www.pressenza.com\/it\/2019\/10\/schaerbeek-festeggia-i-10-anni-della-nuova-biblioteca\/\"},\"wordCount\":327,\"publisher\":{\"@id\":\"https:\/\/www.pressenza.com\/it\/#organization\"},\"image\":{\"@id\":\"https:\/\/www.pressenza.com\/it\/2019\/10\/schaerbeek-festeggia-i-10-anni-della-nuova-biblioteca\/#primaryimage\"},\"thumbnailUrl\":\"https:\/\/www.pressenza.com\/wp-content\/uploads\/2019\/10\/WhatsApp-Image-2019-10-12-at-10.45.24.jpeg\",\"keywords\":[\"Belgio\",\"coesione sociale\",\"cultura\"],\"articleSection\":[\"contenuti originali\",\"Cultura e Media\"],\"inLanguage\":\"it-IT\"},{\"@type\":\"WebPage\",\"@id\":\"https:\/\/www.pressenza.com\/it\/2019\/10\/schaerbeek-festeggia-i-10-anni-della-nuova-biblioteca\/\",\"url\":\"https:\/\/www.pressenza.com\/it\/2019\/10\/schaerbeek-festeggia-i-10-anni-della-nuova-biblioteca\/\",\"name\":\"Schaerbeek festeggia i 10 anni della nuova biblioteca\",\"isPartOf\":{\"@id\":\"https:\/\/www.pressenza.com\/it\/#website\"},\"primaryImageOfPage\":{\"@id\":\"https:\/\/www.pressenza.com\/it\/2019\/10\/schaerbeek-festeggia-i-10-anni-della-nuova-biblioteca\/#primaryimage\"},\"image\":{\"@id\":\"https:\/\/www.pressenza.com\/it\/2019\/10\/schaerbeek-festeggia-i-10-anni-della-nuova-biblioteca\/#primaryimage\"},\"thumbnailUrl\":\"https:\/\/www.pressenza.com\/wp-content\/uploads\/2019\/10\/WhatsApp-Image-2019-10-12-at-10.45.24.jpeg\",\"datePublished\":\"2019-10-14T11:22:39+00:00\",\"dateModified\":\"2019-10-14T11:45:14+00:00\",\"description\":\"\u00abVorrei che tutti leggessero, non per diventare letterati o poeti, ma perch\u00e9 nessuno sia pi\u00f9 schiavo\u00bb (Gianni Rodari). La biblioteca Sesamo di Schaerbeek\",\"breadcrumb\":{\"@id\":\"https:\/\/www.pressenza.com\/it\/2019\/10\/schaerbeek-festeggia-i-10-anni-della-nuova-biblioteca\/#breadcrumb\"},\"inLanguage\":\"it-IT\",\"potentialAction\":[{\"@type\":\"ReadAction\",\"target\":[\"https:\/\/www.pressenza.com\/it\/2019\/10\/schaerbeek-festeggia-i-10-anni-della-nuova-biblioteca\/\"]}]},{\"@type\":\"ImageObject\",\"inLanguage\":\"it-IT\",\"@id\":\"https:\/\/www.pressenza.com\/it\/2019\/10\/schaerbeek-festeggia-i-10-anni-della-nuova-biblioteca\/#primaryimage\",\"url\":\"https:\/\/www.pressenza.com\/wp-content\/uploads\/2019\/10\/WhatsApp-Image-2019-10-12-at-10.45.24.jpeg\",\"contentUrl\":\"https:\/\/www.pressenza.com\/wp-content\/uploads\/2019\/10\/WhatsApp-Image-2019-10-12-at-10.45.24.jpeg\",\"width\":1600,\"height\":1200,\"caption\":\"Biblioteca Sesame - Schaerbeek\"},{\"@type\":\"BreadcrumbList\",\"@id\":\"https:\/\/www.pressenza.com\/it\/2019\/10\/schaerbeek-festeggia-i-10-anni-della-nuova-biblioteca\/#breadcrumb\",\"itemListElement\":[{\"@type\":\"ListItem\",\"position\":1,\"name\":\"Accueil\",\"item\":\"https:\/\/www.pressenza.com\/it\/\"},{\"@type\":\"ListItem\",\"position\":2,\"name\":\"Schaerbeek festeggia i 10 anni della nuova biblioteca\"}]},{\"@type\":\"WebSite\",\"@id\":\"https:\/\/www.pressenza.com\/it\/#website\",\"url\":\"https:\/\/www.pressenza.com\/it\/\",\"name\":\"Pressenza\",\"description\":\"Agenzia di Stampa Internazionale\",\"publisher\":{\"@id\":\"https:\/\/www.pressenza.com\/it\/#organization\"},\"potentialAction\":[{\"@type\":\"SearchAction\",\"target\":{\"@type\":\"EntryPoint\",\"urlTemplate\":\"https:\/\/www.pressenza.com\/it\/?s={search_term_string}\"},\"query-input\":{\"@type\":\"PropertyValueSpecification\",\"valueRequired\":true,\"valueName\":\"search_term_string\"}}],\"inLanguage\":\"it-IT\"},{\"@type\":\"Organization\",\"@id\":\"https:\/\/www.pressenza.com\/it\/#organization\",\"name\":\"Pressenza\",\"url\":\"https:\/\/www.pressenza.com\/it\/\",\"logo\":{\"@type\":\"ImageObject\",\"inLanguage\":\"it-IT\",\"@id\":\"https:\/\/www.pressenza.com\/it\/#\/schema\/logo\/image\/\",\"url\":\"https:\/\/www.pressenza.com\/wp-content\/uploads\/2022\/10\/pressenza_logo_200x200.jpg\",\"contentUrl\":\"https:\/\/www.pressenza.com\/wp-content\/uploads\/2022\/10\/pressenza_logo_200x200.jpg\",\"width\":200,\"height\":200,\"caption\":\"Pressenza\"},\"image\":{\"@id\":\"https:\/\/www.pressenza.com\/it\/#\/schema\/logo\/image\/\"},\"sameAs\":[\"https:\/\/www.facebook.com\/PressenzaItalia\",\"https:\/\/x.com\/PressenzaIPA\"]},{\"@type\":\"Person\",\"@id\":\"https:\/\/www.pressenza.com\/it\/#\/schema\/person\/dfdba7d9ea928e4a93ced607c353757c\",\"name\":\"Natale Salvo\",\"description\":\"Nato e cresciuto nella terra del \u201cGattopardo\u201d, la Sicilia. Ha dedicato la propria esistenza all'impegno sociale. Allenatore di una squadretta di calcio di periferia, presidente del circolo di Legambiente, candidato sindaco per il Partito Umanista. Infine blogger d\u2019inchiesta; ha pagato le sue denunce di cattiva amministrazione con una persecuzione per via giudiziaria. E' autore del libro \\\"La rivoluzione copernicana chiamata Reddito di Base\\\", edito da Multimage, Firenze.\",\"url\":\"https:\/\/www.pressenza.com\/it\/author\/natale-salvo\/\"}]}<\/script>\n<!-- \/ Yoast SEO plugin. -->","yoast_head_json":{"title":"Schaerbeek festeggia i 10 anni della nuova biblioteca","description":"\u00abVorrei che tutti leggessero, non per diventare letterati o poeti, ma perch\u00e9 nessuno sia pi\u00f9 schiavo\u00bb (Gianni Rodari). La biblioteca Sesamo di Schaerbeek","robots":{"index":"index","follow":"follow","max-snippet":"max-snippet:-1","max-image-preview":"max-image-preview:large","max-video-preview":"max-video-preview:-1"},"canonical":"https:\/\/www.pressenza.com\/it\/2019\/10\/schaerbeek-festeggia-i-10-anni-della-nuova-biblioteca\/","og_locale":"it_IT","og_type":"article","og_title":"Schaerbeek festeggia i 10 anni della nuova biblioteca","og_description":"\u00abVorrei che tutti leggessero, non per diventare letterati o poeti, ma perch\u00e9 nessuno sia pi\u00f9 schiavo\u00bb (Gianni Rodari). La biblioteca Sesamo di Schaerbeek","og_url":"https:\/\/www.pressenza.com\/it\/2019\/10\/schaerbeek-festeggia-i-10-anni-della-nuova-biblioteca\/","og_site_name":"Pressenza","article_publisher":"https:\/\/www.facebook.com\/PressenzaItalia","article_published_time":"2019-10-14T11:22:39+00:00","article_modified_time":"2019-10-14T11:45:14+00:00","og_image":[{"width":1600,"height":1200,"url":"https:\/\/www.pressenza.com\/wp-content\/uploads\/2019\/10\/WhatsApp-Image-2019-10-12-at-10.45.24.jpeg","type":"image\/jpeg"}],"author":"Natale Salvo","twitter_card":"summary_large_image","twitter_creator":"@PressenzaIPA","twitter_site":"@PressenzaIPA","twitter_misc":{"Scritto da":"Natale Salvo","Tempo di lettura stimato":"2 minuti"},"schema":{"@context":"https:\/\/schema.org","@graph":[{"@type":"Article","@id":"https:\/\/www.pressenza.com\/it\/2019\/10\/schaerbeek-festeggia-i-10-anni-della-nuova-biblioteca\/#article","isPartOf":{"@id":"https:\/\/www.pressenza.com\/it\/2019\/10\/schaerbeek-festeggia-i-10-anni-della-nuova-biblioteca\/"},"author":{"name":"Natale Salvo","@id":"https:\/\/www.pressenza.com\/it\/#\/schema\/person\/dfdba7d9ea928e4a93ced607c353757c"},"headline":"Schaerbeek festeggia i 10 anni della nuova biblioteca","datePublished":"2019-10-14T11:22:39+00:00","dateModified":"2019-10-14T11:45:14+00:00","mainEntityOfPage":{"@id":"https:\/\/www.pressenza.com\/it\/2019\/10\/schaerbeek-festeggia-i-10-anni-della-nuova-biblioteca\/"},"wordCount":327,"publisher":{"@id":"https:\/\/www.pressenza.com\/it\/#organization"},"image":{"@id":"https:\/\/www.pressenza.com\/it\/2019\/10\/schaerbeek-festeggia-i-10-anni-della-nuova-biblioteca\/#primaryimage"},"thumbnailUrl":"https:\/\/www.pressenza.com\/wp-content\/uploads\/2019\/10\/WhatsApp-Image-2019-10-12-at-10.45.24.jpeg","keywords":["Belgio","coesione sociale","cultura"],"articleSection":["contenuti originali","Cultura e Media"],"inLanguage":"it-IT"},{"@type":"WebPage","@id":"https:\/\/www.pressenza.com\/it\/2019\/10\/schaerbeek-festeggia-i-10-anni-della-nuova-biblioteca\/","url":"https:\/\/www.pressenza.com\/it\/2019\/10\/schaerbeek-festeggia-i-10-anni-della-nuova-biblioteca\/","name":"Schaerbeek festeggia i 10 anni della nuova biblioteca","isPartOf":{"@id":"https:\/\/www.pressenza.com\/it\/#website"},"primaryImageOfPage":{"@id":"https:\/\/www.pressenza.com\/it\/2019\/10\/schaerbeek-festeggia-i-10-anni-della-nuova-biblioteca\/#primaryimage"},"image":{"@id":"https:\/\/www.pressenza.com\/it\/2019\/10\/schaerbeek-festeggia-i-10-anni-della-nuova-biblioteca\/#primaryimage"},"thumbnailUrl":"https:\/\/www.pressenza.com\/wp-content\/uploads\/2019\/10\/WhatsApp-Image-2019-10-12-at-10.45.24.jpeg","datePublished":"2019-10-14T11:22:39+00:00","dateModified":"2019-10-14T11:45:14+00:00","description":"\u00abVorrei che tutti leggessero, non per diventare letterati o poeti, ma perch\u00e9 nessuno sia pi\u00f9 schiavo\u00bb (Gianni Rodari). La biblioteca Sesamo di Schaerbeek","breadcrumb":{"@id":"https:\/\/www.pressenza.com\/it\/2019\/10\/schaerbeek-festeggia-i-10-anni-della-nuova-biblioteca\/#breadcrumb"},"inLanguage":"it-IT","potentialAction":[{"@type":"ReadAction","target":["https:\/\/www.pressenza.com\/it\/2019\/10\/schaerbeek-festeggia-i-10-anni-della-nuova-biblioteca\/"]}]},{"@type":"ImageObject","inLanguage":"it-IT","@id":"https:\/\/www.pressenza.com\/it\/2019\/10\/schaerbeek-festeggia-i-10-anni-della-nuova-biblioteca\/#primaryimage","url":"https:\/\/www.pressenza.com\/wp-content\/uploads\/2019\/10\/WhatsApp-Image-2019-10-12-at-10.45.24.jpeg","contentUrl":"https:\/\/www.pressenza.com\/wp-content\/uploads\/2019\/10\/WhatsApp-Image-2019-10-12-at-10.45.24.jpeg","width":1600,"height":1200,"caption":"Biblioteca Sesame - Schaerbeek"},{"@type":"BreadcrumbList","@id":"https:\/\/www.pressenza.com\/it\/2019\/10\/schaerbeek-festeggia-i-10-anni-della-nuova-biblioteca\/#breadcrumb","itemListElement":[{"@type":"ListItem","position":1,"name":"Accueil","item":"https:\/\/www.pressenza.com\/it\/"},{"@type":"ListItem","position":2,"name":"Schaerbeek festeggia i 10 anni della nuova biblioteca"}]},{"@type":"WebSite","@id":"https:\/\/www.pressenza.com\/it\/#website","url":"https:\/\/www.pressenza.com\/it\/","name":"Pressenza","description":"Agenzia di Stampa Internazionale","publisher":{"@id":"https:\/\/www.pressenza.com\/it\/#organization"},"potentialAction":[{"@type":"SearchAction","target":{"@type":"EntryPoint","urlTemplate":"https:\/\/www.pressenza.com\/it\/?s={search_term_string}"},"query-input":{"@type":"PropertyValueSpecification","valueRequired":true,"valueName":"search_term_string"}}],"inLanguage":"it-IT"},{"@type":"Organization","@id":"https:\/\/www.pressenza.com\/it\/#organization","name":"Pressenza","url":"https:\/\/www.pressenza.com\/it\/","logo":{"@type":"ImageObject","inLanguage":"it-IT","@id":"https:\/\/www.pressenza.com\/it\/#\/schema\/logo\/image\/","url":"https:\/\/www.pressenza.com\/wp-content\/uploads\/2022\/10\/pressenza_logo_200x200.jpg","contentUrl":"https:\/\/www.pressenza.com\/wp-content\/uploads\/2022\/10\/pressenza_logo_200x200.jpg","width":200,"height":200,"caption":"Pressenza"},"image":{"@id":"https:\/\/www.pressenza.com\/it\/#\/schema\/logo\/image\/"},"sameAs":["https:\/\/www.facebook.com\/PressenzaItalia","https:\/\/x.com\/PressenzaIPA"]},{"@type":"Person","@id":"https:\/\/www.pressenza.com\/it\/#\/schema\/person\/dfdba7d9ea928e4a93ced607c353757c","name":"Natale Salvo","description":"Nato e cresciuto nella terra del \u201cGattopardo\u201d, la Sicilia. Ha dedicato la propria esistenza all'impegno sociale. Allenatore di una squadretta di calcio di periferia, presidente del circolo di Legambiente, candidato sindaco per il Partito Umanista. Infine blogger d\u2019inchiesta; ha pagato le sue denunce di cattiva amministrazione con una persecuzione per via giudiziaria. E' autore del libro \"La rivoluzione copernicana chiamata Reddito di Base\", edito da Multimage, Firenze.","url":"https:\/\/www.pressenza.com\/it\/author\/natale-salvo\/"}]}},"place":"","original_article_url":"","_links":{"self":[{"href":"https:\/\/www.pressenza.com\/it\/wp-json\/wp\/v2\/posts\/943742","targetHints":{"allow":["GET"]}}],"collection":[{"href":"https:\/\/www.pressenza.com\/it\/wp-json\/wp\/v2\/posts"}],"about":[{"href":"https:\/\/www.pressenza.com\/it\/wp-json\/wp\/v2\/types\/post"}],"author":[{"embeddable":true,"href":"https:\/\/www.pressenza.com\/it\/wp-json\/wp\/v2\/users\/1284"}],"replies":[{"embeddable":true,"href":"https:\/\/www.pressenza.com\/it\/wp-json\/wp\/v2\/comments?post=943742"}],"version-history":[{"count":0,"href":"https:\/\/www.pressenza.com\/it\/wp-json\/wp\/v2\/posts\/943742\/revisions"}],"wp:featuredmedia":[{"embeddable":true,"href":"https:\/\/www.pressenza.com\/it\/wp-json\/wp\/v2\/media\/943828"}],"wp:attachment":[{"href":"https:\/\/www.pressenza.com\/it\/wp-json\/wp\/v2\/media?parent=943742"}],"wp:term":[{"taxonomy":"category","embeddable":true,"href":"https:\/\/www.pressenza.com\/it\/wp-json\/wp\/v2\/categories?post=943742"},{"taxonomy":"post_tag","embeddable":true,"href":"https:\/\/www.pressenza.com\/it\/wp-json\/wp\/v2\/tags?post=943742"}],"curies":[{"name":"wp","href":"https:\/\/api.w.org\/{rel}","templated":true}]}}