{"id":943202,"date":"2019-10-13T11:32:28","date_gmt":"2019-10-13T10:32:28","guid":{"rendered":"https:\/\/www.pressenza.com\/?p=943202"},"modified":"2019-10-13T11:32:28","modified_gmt":"2019-10-13T10:32:28","slug":"sostegno-agli-attivisti-di-extinction-rebellion-in-sciopero-della-fame","status":"publish","type":"post","link":"https:\/\/www.pressenza.com\/it\/2019\/10\/sostegno-agli-attivisti-di-extinction-rebellion-in-sciopero-della-fame\/","title":{"rendered":"Sostegno agli attivisti di Extinction Rebellion in sciopero della fame"},"content":{"rendered":"<p>Lettera al Presidente del Consiglio Conte dei promotori dell&#8217;appello sull&#8217;emergenza climatica.<\/p>\n<p>Gentile Presidente del Consiglio dei Ministri Giuseppe Conte<\/p>\n<p>Esprimiamo il nostro affettuoso e convinto sostegno ai giovani e coraggiosi attivisti digiunatori di Extinction Rebellion (XR) italiani che, al pari di noi, ma con pi\u00f9 determinazione di noi, rivendicano la dichiarazione dello stato di emergenza climatica ed ambientale presidiando, da luned\u00ec 7 ottobre piazza Montecitorio, in connessione con una \u201csettimana di ribellione internazionale all\u2019estinzione\u201d.<\/p>\n<p>Li\u00a0 abbracciamo e li ringraziamo nella nostra qualit\u00e0 di promotori dell\u2019appello lanciato lo scorso aprile sull\u2019emergenza da dichiarare, suscitatore a suo tempo di mozioni parlamentari in tal senso; appello che si pu\u00f2 ancora firmare on line su:\u00a0\u00a0<a href=\"https:\/\/www.petizioni.com\/dichiarazione-emergenzaclimatica\" target=\"_blank\" rel=\"noopener\" data-saferedirecturl=\"https:\/\/www.google.com\/url?q=https:\/\/www.petizioni.com\/dichiarazione-emergenzaclimatica&amp;source=gmail&amp;ust=1571048519797000&amp;usg=AFQjCNEKl1SOBDbb1sTq-m4x84B9QEJtoA\">https:\/\/www.petizioni.com\/<wbr \/>dichiarazione-<wbr \/>emergenzaclimatica<\/a>.<\/p>\n<p>Quello che sottolineiamo, di fronte alle tante prese di posizione istituzionali di questi giorni sulla emergenza climatica, per lo pi\u00f9 puramente retoriche e di comodo da parte di politici in cerca di pubblicit\u00e0, \u00e8 che la meta delle emissioni zero di CO2, indicata dagli accordi ONU di Parigi, \u00e8 s\u00ec importante, ma ancora pi\u00f9 importante \u00e8 sapere indicare i percorsi concreti di misure e piani da attivare subito per raggiungerla: il nostro appello dava dei contributi in questo senso recepiti in buona parte dalla mozione presentata da Loredana De Petris (prima firmataria) al Senato e che il voto parlamentare lo scorso giugno ha respinto.<\/p>\n<p>La nostra aggiunta nonviolenta rispetto alla tradizione ambientalista \u00e8 in particolare il riferimento all\u2019opposizione al rischio nucleare, sia militare che civile. Il nucleare come sistema della deterrenza \u00e8 la massima espressione dell&#8217;attivit\u00e0 bellica (quindi tra le principali fonti emissive); ed il ciclo del combustibile, anche esso di possibile uso militare, con la sua eredit\u00e0 di scorie radioattive non smaltibili, basta da solo a mettere a rischio la sopravvivenza umana. Allora anche qui ci confrontiamo con una vera emergenza che dobbiamo cominciare a neutralizzare, sul lato militare, aderendo come Paese al Trattato di Proibizione delle Armi Nucleari (TPAN). Sul lato civile: in linea con il voto referendario del popolo italiano, nel 1987 e nel 2011, riteniamo che occorra essere coerenti con il giudizio che la tecnologia delle centrali elettronucleari sia parte del problema ecologico e per niente affatto soluzione di esso. E ci sono manovre della lobby nucleare in tal senso da denunciare e respingere, come ad esempio attesta il voto del consiglio UE del 25 settembre scorso: l\u2019energia nucleare addirittura viene proposta alla classificazione tra quelle \u201csostenibili\u201d da finanziare!<\/p>\n<p>Nel riempire di contenuti i percorsi verso la conversione ecologica riteniamo essenziale, anche in ci\u00f2 sintonici con le mobilitazioni giovanili e nonviolente, il ruolo della partecipazione popolare nella progettazione e nel controllo degli interventi. E riteniamo importante da parte nostra sottolineare che vediamo il coinvolgimento della base dei cittadini come inveramento, e non stravolgimento, dell\u2019impianto della democrazia delineato dalla Costituzione nata dalla Resistenza antifascista.<\/p>\n<p>Ci auguriamo che l\u2019iniziativa dei digiunatori, giunta nel momento giusto\u00a0 in direzione di un efficace impegno di sensibilizzazione del pubblico, abbia ulteriori momenti sviluppi positivi, dopo il notevole risultato di aver incontrato il ministro dell\u2019ambiente Sergio Costa: e aiuti a riaprire la partita della dichiarazione di emergenza climatica ed ecologica. Il presidente del Consiglio riceva i ragazzi soddisfacendo la richiesta per la quale essi hanno deciso di continuare lo sciopero della fame ad oltranza!<\/p>\n<p>Manifestiamo a questo proposito la disponibilit\u00e0 a concordare e percorrere con XR tratti di cammino insieme per predisporre e qualificare situazioni e tratti di una comune strategia di lotta nonviolenta, includente forti azioni di disobbedienza civile di massa.<\/p>\n<p>A nostro giudizio, dobbiamo focalizzare e superare l\u2019intreccio ignorato tra emergenza ecologica e emergenza nucleare, mirando ad un mondo in cui la giustizia sociale avanzi globalmente e si organizzi per contenere e sconfiggere le brame di potere e l\u2019avidit\u00e0 della ristretta oligarchia straricca, concentrata nel Nord planetario, alla base del sistema che sta provocando la sesta estinzione di massa.<\/p>\n<p>Ai giovani digiunatori, costruttori del futuro per cui ci battiamo, dovremmo comunicare tutti di essere felici di condividere il loro motto: facciamo emergere le verit\u00e0 sulle crisi che stiamo vivendo, agiamo subito e animiamo ed organizziamo il coinvolgimento attivo della gente!<\/p>\n<p>Esortazioni che\u00a0 risulteranno tanto pi\u00f9 credibili se c&#8217;\u00e8 chi riesce a mettere sul piatto della bilancia il peso dei &#8220;persuasi&#8221;: quelli che per le loro idee sono disposti a sacrificarsi, a pagare di persona, a mettere in gioco i propri corpi.<\/p>\n<p>Alfonso Navarra &#8211; Disarmisti esigenti\u00a0 CELL. 340-0736871\u00a0<a href=\"mailto:alfiononuke@gmail.com\" target=\"_blank\" rel=\"noopener\">alfiononuke@gmail.com<\/a><\/p>\n<p>Antonia Sani &#8211; WILPF Italia CELL. 349-7865685<\/p>\n<p>(coordinamento politico organizzativo dell&#8217;iniziativa)<\/p>\n<p>Ricordiamo i primi firmatari del citato appello sulla emergenza climatica dell&#8217;aprile 2019,<\/p>\n<p>Moni Ovadia &#8211; Alex Zanotelli &#8211; Edo Ronchi &#8211; Grazia Francescato &#8211; Guido Viale &#8211; Mario Salomone &#8211; Vittorio Agnoletto &#8211; Alessandro Marescotti &#8211; Antonia Baraldi Sani &#8211; Oliviero Sorbini &#8211; Michele Carducci &#8211; Francesco Masi &#8211; Laura Tussi<\/p>\n<div class=\"yj6qo ajU\"><\/div>\n","protected":false},"excerpt":{"rendered":"<p>Lettera al Presidente del Consiglio Conte dei promotori dell&#8217;appello sull&#8217;emergenza climatica. Gentile Presidente del Consiglio dei Ministri Giuseppe Conte Esprimiamo il nostro affettuoso e convinto sostegno ai giovani e coraggiosi attivisti digiunatori di Extinction Rebellion (XR) italiani che, al pari&hellip;<\/p>\n","protected":false},"author":594,"featured_media":941441,"comment_status":"closed","ping_status":"closed","sticky":false,"template":"","format":"standard","meta":{"footnotes":""},"categories":[150,59,47],"tags":[39211,57914],"class_list":["post-943202","post","type-post","status-publish","format-standard","has-post-thumbnail","hentry","category-comunicati-stampa","category-ambiente-ecologia","category-europa","tag-emergenza-climatica","tag-extinction-rebellion-it"],"yoast_head":"<!-- This site is optimized with the Yoast SEO plugin v27.1.1 - https:\/\/yoast.com\/product\/yoast-seo-wordpress\/ -->\n<title>Sostegno agli attivisti di Extinction Rebellion in sciopero della fame<\/title>\n<meta name=\"description\" content=\"Lettera al Presidente del Consiglio Conte dei promotori dell&#039;appello sull&#039;emergenza climatica. Gentile Presidente del Consiglio dei Ministri Giuseppe\" \/>\n<meta name=\"robots\" content=\"index, follow, max-snippet:-1, max-image-preview:large, max-video-preview:-1\" \/>\n<link rel=\"canonical\" href=\"https:\/\/www.pressenza.com\/it\/2019\/10\/sostegno-agli-attivisti-di-extinction-rebellion-in-sciopero-della-fame\/\" \/>\n<meta property=\"og:locale\" content=\"it_IT\" \/>\n<meta property=\"og:type\" content=\"article\" \/>\n<meta property=\"og:title\" content=\"Sostegno agli attivisti di Extinction Rebellion in sciopero della fame\" \/>\n<meta property=\"og:description\" content=\"Lettera al Presidente del Consiglio Conte dei promotori dell&#039;appello sull&#039;emergenza climatica. Gentile Presidente del Consiglio dei Ministri Giuseppe\" \/>\n<meta property=\"og:url\" content=\"https:\/\/www.pressenza.com\/it\/2019\/10\/sostegno-agli-attivisti-di-extinction-rebellion-in-sciopero-della-fame\/\" \/>\n<meta property=\"og:site_name\" content=\"Pressenza\" \/>\n<meta property=\"article:publisher\" content=\"https:\/\/www.facebook.com\/PressenzaItalia\" \/>\n<meta property=\"article:author\" content=\"https:\/\/www.facebook.com\/PressenzaItalia\" \/>\n<meta property=\"article:published_time\" content=\"2019-10-13T10:32:28+00:00\" \/>\n<meta property=\"og:image\" content=\"https:\/\/www.pressenza.com\/wp-content\/uploads\/2019\/10\/rebel-ride03.jpg\" \/>\n\t<meta property=\"og:image:width\" content=\"1600\" \/>\n\t<meta property=\"og:image:height\" content=\"900\" \/>\n\t<meta property=\"og:image:type\" content=\"image\/jpeg\" \/>\n<meta name=\"author\" content=\"Redazione Italia\" \/>\n<meta name=\"twitter:card\" content=\"summary_large_image\" \/>\n<meta name=\"twitter:creator\" content=\"@pressenza_it\" \/>\n<meta name=\"twitter:site\" content=\"@PressenzaIPA\" \/>\n<meta name=\"twitter:label1\" content=\"Scritto da\" \/>\n\t<meta name=\"twitter:data1\" content=\"Redazione Italia\" \/>\n\t<meta name=\"twitter:label2\" content=\"Tempo di lettura stimato\" \/>\n\t<meta name=\"twitter:data2\" content=\"4 minuti\" \/>\n<script type=\"application\/ld+json\" class=\"yoast-schema-graph\">{\"@context\":\"https:\/\/schema.org\",\"@graph\":[{\"@type\":\"Article\",\"@id\":\"https:\/\/www.pressenza.com\/it\/2019\/10\/sostegno-agli-attivisti-di-extinction-rebellion-in-sciopero-della-fame\/#article\",\"isPartOf\":{\"@id\":\"https:\/\/www.pressenza.com\/it\/2019\/10\/sostegno-agli-attivisti-di-extinction-rebellion-in-sciopero-della-fame\/\"},\"author\":{\"name\":\"Redazione Italia\",\"@id\":\"https:\/\/www.pressenza.com\/it\/#\/schema\/person\/d983e81827ae24f2c7b1a2123d197f8d\"},\"headline\":\"Sostegno agli attivisti di Extinction Rebellion in sciopero della fame\",\"datePublished\":\"2019-10-13T10:32:28+00:00\",\"mainEntityOfPage\":{\"@id\":\"https:\/\/www.pressenza.com\/it\/2019\/10\/sostegno-agli-attivisti-di-extinction-rebellion-in-sciopero-della-fame\/\"},\"wordCount\":803,\"publisher\":{\"@id\":\"https:\/\/www.pressenza.com\/it\/#organization\"},\"image\":{\"@id\":\"https:\/\/www.pressenza.com\/it\/2019\/10\/sostegno-agli-attivisti-di-extinction-rebellion-in-sciopero-della-fame\/#primaryimage\"},\"thumbnailUrl\":\"https:\/\/www.pressenza.com\/wp-content\/uploads\/2019\/10\/rebel-ride03.jpg\",\"keywords\":[\"emergenza climatica\",\"Extinction Rebellion\"],\"articleSection\":[\"Comunicati Stampa\",\"Ecologia ed Ambiente\",\"Europa\"],\"inLanguage\":\"it-IT\"},{\"@type\":\"WebPage\",\"@id\":\"https:\/\/www.pressenza.com\/it\/2019\/10\/sostegno-agli-attivisti-di-extinction-rebellion-in-sciopero-della-fame\/\",\"url\":\"https:\/\/www.pressenza.com\/it\/2019\/10\/sostegno-agli-attivisti-di-extinction-rebellion-in-sciopero-della-fame\/\",\"name\":\"Sostegno agli attivisti di Extinction Rebellion in sciopero della fame\",\"isPartOf\":{\"@id\":\"https:\/\/www.pressenza.com\/it\/#website\"},\"primaryImageOfPage\":{\"@id\":\"https:\/\/www.pressenza.com\/it\/2019\/10\/sostegno-agli-attivisti-di-extinction-rebellion-in-sciopero-della-fame\/#primaryimage\"},\"image\":{\"@id\":\"https:\/\/www.pressenza.com\/it\/2019\/10\/sostegno-agli-attivisti-di-extinction-rebellion-in-sciopero-della-fame\/#primaryimage\"},\"thumbnailUrl\":\"https:\/\/www.pressenza.com\/wp-content\/uploads\/2019\/10\/rebel-ride03.jpg\",\"datePublished\":\"2019-10-13T10:32:28+00:00\",\"description\":\"Lettera al Presidente del Consiglio Conte dei promotori dell'appello sull'emergenza climatica. Gentile Presidente del Consiglio dei Ministri Giuseppe\",\"breadcrumb\":{\"@id\":\"https:\/\/www.pressenza.com\/it\/2019\/10\/sostegno-agli-attivisti-di-extinction-rebellion-in-sciopero-della-fame\/#breadcrumb\"},\"inLanguage\":\"it-IT\",\"potentialAction\":[{\"@type\":\"ReadAction\",\"target\":[\"https:\/\/www.pressenza.com\/it\/2019\/10\/sostegno-agli-attivisti-di-extinction-rebellion-in-sciopero-della-fame\/\"]}]},{\"@type\":\"ImageObject\",\"inLanguage\":\"it-IT\",\"@id\":\"https:\/\/www.pressenza.com\/it\/2019\/10\/sostegno-agli-attivisti-di-extinction-rebellion-in-sciopero-della-fame\/#primaryimage\",\"url\":\"https:\/\/www.pressenza.com\/wp-content\/uploads\/2019\/10\/rebel-ride03.jpg\",\"contentUrl\":\"https:\/\/www.pressenza.com\/wp-content\/uploads\/2019\/10\/rebel-ride03.jpg\",\"width\":1600,\"height\":900},{\"@type\":\"BreadcrumbList\",\"@id\":\"https:\/\/www.pressenza.com\/it\/2019\/10\/sostegno-agli-attivisti-di-extinction-rebellion-in-sciopero-della-fame\/#breadcrumb\",\"itemListElement\":[{\"@type\":\"ListItem\",\"position\":1,\"name\":\"Accueil\",\"item\":\"https:\/\/www.pressenza.com\/it\/\"},{\"@type\":\"ListItem\",\"position\":2,\"name\":\"Sostegno agli attivisti di Extinction Rebellion in sciopero della fame\"}]},{\"@type\":\"WebSite\",\"@id\":\"https:\/\/www.pressenza.com\/it\/#website\",\"url\":\"https:\/\/www.pressenza.com\/it\/\",\"name\":\"Pressenza\",\"description\":\"Agenzia di Stampa Internazionale\",\"publisher\":{\"@id\":\"https:\/\/www.pressenza.com\/it\/#organization\"},\"potentialAction\":[{\"@type\":\"SearchAction\",\"target\":{\"@type\":\"EntryPoint\",\"urlTemplate\":\"https:\/\/www.pressenza.com\/it\/?s={search_term_string}\"},\"query-input\":{\"@type\":\"PropertyValueSpecification\",\"valueRequired\":true,\"valueName\":\"search_term_string\"}}],\"inLanguage\":\"it-IT\"},{\"@type\":\"Organization\",\"@id\":\"https:\/\/www.pressenza.com\/it\/#organization\",\"name\":\"Pressenza\",\"url\":\"https:\/\/www.pressenza.com\/it\/\",\"logo\":{\"@type\":\"ImageObject\",\"inLanguage\":\"it-IT\",\"@id\":\"https:\/\/www.pressenza.com\/it\/#\/schema\/logo\/image\/\",\"url\":\"https:\/\/www.pressenza.com\/wp-content\/uploads\/2022\/10\/pressenza_logo_200x200.jpg\",\"contentUrl\":\"https:\/\/www.pressenza.com\/wp-content\/uploads\/2022\/10\/pressenza_logo_200x200.jpg\",\"width\":200,\"height\":200,\"caption\":\"Pressenza\"},\"image\":{\"@id\":\"https:\/\/www.pressenza.com\/it\/#\/schema\/logo\/image\/\"},\"sameAs\":[\"https:\/\/www.facebook.com\/PressenzaItalia\",\"https:\/\/x.com\/PressenzaIPA\"]},{\"@type\":\"Person\",\"@id\":\"https:\/\/www.pressenza.com\/it\/#\/schema\/person\/d983e81827ae24f2c7b1a2123d197f8d\",\"name\":\"Redazione Italia\",\"description\":\"News from the Pressenza Bureau in Italy\",\"sameAs\":[\"https:\/\/www.pressenza.com\/it\/author\/redazione-italia\/\",\"https:\/\/www.facebook.com\/PressenzaItalia\",\"https:\/\/www.instagram.com\/pressenza_italia\/\",\"https:\/\/x.com\/pressenza_it\",\"https:\/\/www.youtube.com\/channel\/UCSalEIWjE1RSxkwjfftFuqg\"],\"url\":\"https:\/\/www.pressenza.com\/it\/author\/redazione-italia\/\"}]}<\/script>\n<!-- \/ Yoast SEO plugin. -->","yoast_head_json":{"title":"Sostegno agli attivisti di Extinction Rebellion in sciopero della fame","description":"Lettera al Presidente del Consiglio Conte dei promotori dell'appello sull'emergenza climatica. Gentile Presidente del Consiglio dei Ministri Giuseppe","robots":{"index":"index","follow":"follow","max-snippet":"max-snippet:-1","max-image-preview":"max-image-preview:large","max-video-preview":"max-video-preview:-1"},"canonical":"https:\/\/www.pressenza.com\/it\/2019\/10\/sostegno-agli-attivisti-di-extinction-rebellion-in-sciopero-della-fame\/","og_locale":"it_IT","og_type":"article","og_title":"Sostegno agli attivisti di Extinction Rebellion in sciopero della fame","og_description":"Lettera al Presidente del Consiglio Conte dei promotori dell'appello sull'emergenza climatica. Gentile Presidente del Consiglio dei Ministri Giuseppe","og_url":"https:\/\/www.pressenza.com\/it\/2019\/10\/sostegno-agli-attivisti-di-extinction-rebellion-in-sciopero-della-fame\/","og_site_name":"Pressenza","article_publisher":"https:\/\/www.facebook.com\/PressenzaItalia","article_author":"https:\/\/www.facebook.com\/PressenzaItalia","article_published_time":"2019-10-13T10:32:28+00:00","og_image":[{"width":1600,"height":900,"url":"https:\/\/www.pressenza.com\/wp-content\/uploads\/2019\/10\/rebel-ride03.jpg","type":"image\/jpeg"}],"author":"Redazione Italia","twitter_card":"summary_large_image","twitter_creator":"@pressenza_it","twitter_site":"@PressenzaIPA","twitter_misc":{"Scritto da":"Redazione Italia","Tempo di lettura stimato":"4 minuti"},"schema":{"@context":"https:\/\/schema.org","@graph":[{"@type":"Article","@id":"https:\/\/www.pressenza.com\/it\/2019\/10\/sostegno-agli-attivisti-di-extinction-rebellion-in-sciopero-della-fame\/#article","isPartOf":{"@id":"https:\/\/www.pressenza.com\/it\/2019\/10\/sostegno-agli-attivisti-di-extinction-rebellion-in-sciopero-della-fame\/"},"author":{"name":"Redazione Italia","@id":"https:\/\/www.pressenza.com\/it\/#\/schema\/person\/d983e81827ae24f2c7b1a2123d197f8d"},"headline":"Sostegno agli attivisti di Extinction Rebellion in sciopero della fame","datePublished":"2019-10-13T10:32:28+00:00","mainEntityOfPage":{"@id":"https:\/\/www.pressenza.com\/it\/2019\/10\/sostegno-agli-attivisti-di-extinction-rebellion-in-sciopero-della-fame\/"},"wordCount":803,"publisher":{"@id":"https:\/\/www.pressenza.com\/it\/#organization"},"image":{"@id":"https:\/\/www.pressenza.com\/it\/2019\/10\/sostegno-agli-attivisti-di-extinction-rebellion-in-sciopero-della-fame\/#primaryimage"},"thumbnailUrl":"https:\/\/www.pressenza.com\/wp-content\/uploads\/2019\/10\/rebel-ride03.jpg","keywords":["emergenza climatica","Extinction Rebellion"],"articleSection":["Comunicati Stampa","Ecologia ed Ambiente","Europa"],"inLanguage":"it-IT"},{"@type":"WebPage","@id":"https:\/\/www.pressenza.com\/it\/2019\/10\/sostegno-agli-attivisti-di-extinction-rebellion-in-sciopero-della-fame\/","url":"https:\/\/www.pressenza.com\/it\/2019\/10\/sostegno-agli-attivisti-di-extinction-rebellion-in-sciopero-della-fame\/","name":"Sostegno agli attivisti di Extinction Rebellion in sciopero della fame","isPartOf":{"@id":"https:\/\/www.pressenza.com\/it\/#website"},"primaryImageOfPage":{"@id":"https:\/\/www.pressenza.com\/it\/2019\/10\/sostegno-agli-attivisti-di-extinction-rebellion-in-sciopero-della-fame\/#primaryimage"},"image":{"@id":"https:\/\/www.pressenza.com\/it\/2019\/10\/sostegno-agli-attivisti-di-extinction-rebellion-in-sciopero-della-fame\/#primaryimage"},"thumbnailUrl":"https:\/\/www.pressenza.com\/wp-content\/uploads\/2019\/10\/rebel-ride03.jpg","datePublished":"2019-10-13T10:32:28+00:00","description":"Lettera al Presidente del Consiglio Conte dei promotori dell'appello sull'emergenza climatica. Gentile Presidente del Consiglio dei Ministri Giuseppe","breadcrumb":{"@id":"https:\/\/www.pressenza.com\/it\/2019\/10\/sostegno-agli-attivisti-di-extinction-rebellion-in-sciopero-della-fame\/#breadcrumb"},"inLanguage":"it-IT","potentialAction":[{"@type":"ReadAction","target":["https:\/\/www.pressenza.com\/it\/2019\/10\/sostegno-agli-attivisti-di-extinction-rebellion-in-sciopero-della-fame\/"]}]},{"@type":"ImageObject","inLanguage":"it-IT","@id":"https:\/\/www.pressenza.com\/it\/2019\/10\/sostegno-agli-attivisti-di-extinction-rebellion-in-sciopero-della-fame\/#primaryimage","url":"https:\/\/www.pressenza.com\/wp-content\/uploads\/2019\/10\/rebel-ride03.jpg","contentUrl":"https:\/\/www.pressenza.com\/wp-content\/uploads\/2019\/10\/rebel-ride03.jpg","width":1600,"height":900},{"@type":"BreadcrumbList","@id":"https:\/\/www.pressenza.com\/it\/2019\/10\/sostegno-agli-attivisti-di-extinction-rebellion-in-sciopero-della-fame\/#breadcrumb","itemListElement":[{"@type":"ListItem","position":1,"name":"Accueil","item":"https:\/\/www.pressenza.com\/it\/"},{"@type":"ListItem","position":2,"name":"Sostegno agli attivisti di Extinction Rebellion in sciopero della fame"}]},{"@type":"WebSite","@id":"https:\/\/www.pressenza.com\/it\/#website","url":"https:\/\/www.pressenza.com\/it\/","name":"Pressenza","description":"Agenzia di Stampa Internazionale","publisher":{"@id":"https:\/\/www.pressenza.com\/it\/#organization"},"potentialAction":[{"@type":"SearchAction","target":{"@type":"EntryPoint","urlTemplate":"https:\/\/www.pressenza.com\/it\/?s={search_term_string}"},"query-input":{"@type":"PropertyValueSpecification","valueRequired":true,"valueName":"search_term_string"}}],"inLanguage":"it-IT"},{"@type":"Organization","@id":"https:\/\/www.pressenza.com\/it\/#organization","name":"Pressenza","url":"https:\/\/www.pressenza.com\/it\/","logo":{"@type":"ImageObject","inLanguage":"it-IT","@id":"https:\/\/www.pressenza.com\/it\/#\/schema\/logo\/image\/","url":"https:\/\/www.pressenza.com\/wp-content\/uploads\/2022\/10\/pressenza_logo_200x200.jpg","contentUrl":"https:\/\/www.pressenza.com\/wp-content\/uploads\/2022\/10\/pressenza_logo_200x200.jpg","width":200,"height":200,"caption":"Pressenza"},"image":{"@id":"https:\/\/www.pressenza.com\/it\/#\/schema\/logo\/image\/"},"sameAs":["https:\/\/www.facebook.com\/PressenzaItalia","https:\/\/x.com\/PressenzaIPA"]},{"@type":"Person","@id":"https:\/\/www.pressenza.com\/it\/#\/schema\/person\/d983e81827ae24f2c7b1a2123d197f8d","name":"Redazione Italia","description":"News from the Pressenza Bureau in Italy","sameAs":["https:\/\/www.pressenza.com\/it\/author\/redazione-italia\/","https:\/\/www.facebook.com\/PressenzaItalia","https:\/\/www.instagram.com\/pressenza_italia\/","https:\/\/x.com\/pressenza_it","https:\/\/www.youtube.com\/channel\/UCSalEIWjE1RSxkwjfftFuqg"],"url":"https:\/\/www.pressenza.com\/it\/author\/redazione-italia\/"}]}},"place":"Roma","original_article_url":"","_links":{"self":[{"href":"https:\/\/www.pressenza.com\/it\/wp-json\/wp\/v2\/posts\/943202","targetHints":{"allow":["GET"]}}],"collection":[{"href":"https:\/\/www.pressenza.com\/it\/wp-json\/wp\/v2\/posts"}],"about":[{"href":"https:\/\/www.pressenza.com\/it\/wp-json\/wp\/v2\/types\/post"}],"author":[{"embeddable":true,"href":"https:\/\/www.pressenza.com\/it\/wp-json\/wp\/v2\/users\/594"}],"replies":[{"embeddable":true,"href":"https:\/\/www.pressenza.com\/it\/wp-json\/wp\/v2\/comments?post=943202"}],"version-history":[{"count":0,"href":"https:\/\/www.pressenza.com\/it\/wp-json\/wp\/v2\/posts\/943202\/revisions"}],"wp:featuredmedia":[{"embeddable":true,"href":"https:\/\/www.pressenza.com\/it\/wp-json\/wp\/v2\/media\/941441"}],"wp:attachment":[{"href":"https:\/\/www.pressenza.com\/it\/wp-json\/wp\/v2\/media?parent=943202"}],"wp:term":[{"taxonomy":"category","embeddable":true,"href":"https:\/\/www.pressenza.com\/it\/wp-json\/wp\/v2\/categories?post=943202"},{"taxonomy":"post_tag","embeddable":true,"href":"https:\/\/www.pressenza.com\/it\/wp-json\/wp\/v2\/tags?post=943202"}],"curies":[{"name":"wp","href":"https:\/\/api.w.org\/{rel}","templated":true}]}}