{"id":940502,"date":"2019-10-11T18:47:28","date_gmt":"2019-10-11T17:47:28","guid":{"rendered":"https:\/\/www.pressenza.com\/?p=940502"},"modified":"2019-10-11T18:47:28","modified_gmt":"2019-10-11T17:47:28","slug":"extinction-rebellion-incontro-con-il-ministro-costa","status":"publish","type":"post","link":"https:\/\/www.pressenza.com\/it\/2019\/10\/extinction-rebellion-incontro-con-il-ministro-costa\/","title":{"rendered":"Extinction Rebellion: incontro con il Ministro Costa"},"content":{"rendered":"<p dir=\"ltr\">Oggi 11 ottobre alle ore 15:45 il Ministro dell\u2019Ambiente Costa ha incontrato in piazza Montecitorio una delegazione di scioperanti della fame e attivisti del movimento nonviolento Extinction Rebellion Italia.<\/p>\n<p><b>\u00a0<\/b><\/p>\n<p dir=\"ltr\">La delegazione ha presentato al Ministro un documento con le rivendicazioni del movimento, allegato al presente comunicato.<\/p>\n<p><b>\u00a0<\/b><\/p>\n<p dir=\"ltr\">Pur considerando positivamente l\u2019interesse del Ministro dell\u2019Ambiente per gli attivisti al quarto giorno di sciopero della fame, il movimento Extinction Rebellion Italia non \u00e8 soddisfatto delle attuali risposte politiche alla grave crisi climatica ed ecologica in corso.<\/p>\n<p><b>\u00a0<\/b><\/p>\n<p dir=\"ltr\">Extinction Rebellion Italia ritiene il Decreto Clima ieri approvato assolutamente insufficiente rispetto alla necessit\u00e0 di giungere allo zero netto di emissioni entro il 2025 e fermare rapidamente la distruzione degli ecosistemi.<\/p>\n<p><b>\u00a0<\/b><\/p>\n<p dir=\"ltr\">La data del 2025 indicata dal movimento tiene conto di autorevoli studi scientifici e del principio di precauzione nella salvaguardia degli ecosistemi e quindi del genere umano: bisogna fare ci\u00f2 che \u00e8 necessario, non ci\u00f2 che \u00e8 \u2018politicamente possibile\u2019.<\/p>\n<p><b>\u00a0<\/b><\/p>\n<p dir=\"ltr\">Una Hunger Striker dichiara: \u201cNoi continuiamo lo sciopero della fame perch\u00e9 non abbiamo un futuro: i nostri corpi saranno il vostro orologio!\u201d<\/p>\n<p><b>\u00a0<\/b><\/p>\n<p dir=\"ltr\">Lo sciopero della fame continuer\u00e0 ad oltranza, fino a che la delegazione non verr\u00e0 incontrata anche dal Presidente del Consiglio Giuseppe Conte.<\/p>\n<p><b>\u00a0<\/b><\/p>\n<p dir=\"ltr\">Extinction Rebellion Italia richiede dalla politica un approccio coraggioso, rapido e deciso tra cui, uno dei punti fondamentali, \u00e8 attuare la terza richiesta di Extinction Rebellion: che il governo istituisca e sia guidato dalle decisioni di assemblee di cittadine\/i.<\/p>\n<p><b>\u00a0<\/b><\/p>\n<p dir=\"ltr\">Al termine dell\u2019incontro, gli attivisti si sono bendati e hanno inscenato un die-in, a simboleggiare il fatto che le misure previste dal governo non ci salveranno dal baratro a cui siamo sempre pi\u00f9 vicini.<\/p>\n<hr \/>\n<h2 class=\"western\"><span style=\"font-size: large;\"># RIVENDICAZIONI DI EXTINCTION REBELLION <\/span><\/h2>\n<p>(1) <b>Verit\u00e0 sulla situazione:<\/b> che il governo dichiari l\u2019emergenza climatica ed ecologica;<\/p>\n<p>(2) <b>Azione immediata:<\/b> che si fermi la distruzione degli ecosistemi e della biodiversit\u00e0 e si portino allo zero netto le emissioni di gas serra entro il 2025;<\/p>\n<p>(3) <b>Oltre la politica:<\/b> che il governo costituisca e sia guidato dalle decisioni di un\u2019assemblea di cittadine\/i sulle misure da attuare e sulla giustizia climatica ed ecologica.<\/p>\n<h2 class=\"western\"><span style=\"font-size: large;\"># IN DETTAGLIO <\/span><\/h2>\n<p>(1) <b>Verit\u00e0 sulla situazione<\/b><\/p>\n<p>Chiediamo che il governo dichiari l\u2019emergenza climatica ed ecologica. La dichiarazione \u00e8 il primo e necessario passo per il raggiungimento della verit\u00e0.<\/p>\n<p>Chiediamo poi una comunicazione chiara ed esatta sulla reale portata del problema. Occorre aggiornare costantemente i dati, renderli accessibili e largamente diffusi. L\u2019obiettivo \u00e8 quello di rendere la popolazione consapevole del problema, e per raggiungerlo \u00e8 necessaria un\u2019autentica volont\u00e0 di informare. I mezzi di comunicazione, le scuole, le amministrazioni locali, le Universit\u00e0, ma anche i luoghi di lavoro devono agire in maniera sinergica perch\u00e9 la crisi venga percepita in tutte le sue dimensioni: climatica,ecologica ed esistenziale.<\/p>\n<p>Individuato il problema, bisogna capire quali sono le cause. La portata drammatica dell\u2019estrazione sconsiderata di risorse, una produzione irrispettosa degli equilibri della natura sono le ragioni di quest\u2019emergenza non ancora dichiarata. Occorre dunque una riflessione profonda sui consumi, che sono l\u2019altra faccia dell\u2019estrattivismo, che sta spogliando il mondo di una speranza e di un futuro.<\/p>\n<p>Secondo un rapporto della Banca Mondiale del 2018, la catastrofe climatica potrebbe causare 140 milioni di sfollati in Africa subsahariana, Asia e America Latina entro il 2050. Le popolazioni del sud del mondo hanno gi\u00e0 pagato e continuano a pagare il prezzo di una crescita sconsiderata. Eppure la crisi \u00e8 globale e riguarda ogni parte del mondo.<\/p>\n<p>Le conseguenze del nostro stile di vita e del sovrasfruttamento del pianeta dovranno essere comunicate in maniera chiara e precisa: \u00e8 un dato scientifico che per vivere globalmente come viviamo in Italia ci vorrebbero 2,6 pianeti. Chiediamo che campagne di divulgazione scientifica di alta qualit\u00e0 evidenzino la necessit\u00e0 di uscire dall\u2019illusione della crescita economica infinita su un pianeta finito, di cui abbiamo pericolosamente superato tutti i limiti ecologici.<\/p>\n<p>La verit\u00e0 da comunicare include le conclusioni dell\u2019ultimo rapporto sul \u201cPianeta Vivente\u201d del WWF e nell\u2019ultimo \u201cGlobal Assessment\u201d della Piattaforma intergovernativa sulla biodiversit\u00e0 e sui servizi ecosistemici (IPBES) del 2019. Ugualmente, occorre un esplicito riferimento alla perdita di suolo e alla desertificazione (incluso dal penultimo rapporto dell\u2019IPCC \u201cClimate change and land\u201d, del 2019). Le emissioni del sistema agroalimentare globale, inclusa pre- e post-produzione, sono stimate dal 21 al 37% delle emissioni nette di gas a effetto serra antropogenici.<\/p>\n<p>Occorre poi comunicare che anfibi, mammiferi, e moltissime specie animali e vegetali sono a rischio di estinzione. Gli equilibri ecologici potrebbero saltare se scendessero sotto una soglia minima a noi ignota, ma sempre pi\u00f9 vicina. La nostra stessa sopravvivenza ne \u00e8 minacciata.<\/p>\n<p>(2)<b> Azione immediata<\/b><\/p>\n<p>Dichiarare l\u2019emergenza non \u00e8 abbastanza. Occorre un&#8217;azione immediata per invertire la rotta.<\/p>\n<p>Bisogna fermare immediatamente la distruzione degli ecosistemi terrestri ed oceanici e della biodiversit\u00e0. Bisogna portare le emissioni dei gas climalteranti allo zero netto entro il 2025. Occorre una mobilitazione rapida e determinata. Occorre una riconversione dell\u2019economia e della produzione, una riconversione possibile che \u00e8 gi\u00e0 avvenuta in altri momenti della storia. \u00c8 necessario, \u00e8 possibile, e lo sar\u00e0 solo e soltanto se agiamo insieme e con fortissima determinazione ed estrema rapidit\u00e0.<\/p>\n<p>Alcune soluzioni esistono gi\u00e0 e da decenni: dalla \u201cA\u201d di agroecologia per produrre senza pesticidi n\u00e9 fertilizzanti un\u2019abbondanza di prodotti alimentari, fibre naturali e altra biomassa per molteplici utilizzi, inserendosi in armonia nei cicli biogeochimici e all\u2019interno di equilibri ecologici, alla \u201cZ\u201d di \u201cZero Waste\u201d, per un utilizzo ridotto delle risorse, la non-produzione di rifiuti e il riutilizzo continuo dei materiali.<\/p>\n<p>Fare questo \u00e8 possibile, imitando e diffondendo le migliori pratiche gi\u00e0 sperimentate con successo in tutto il mondo. Fare questo \u00e8 possibile, cancellando rapidissimamente le politiche incompatibili con la verit\u00e0 di cui al punto 1: per esempio eliminando, gradualmente ma urgentemente, i sussidi ai combustibili fossili, o la detassazione per il cherosene dell\u2019aviazione, trasformando le stesse posizioni ufficiali rispetto al paradigma economico della crescita, applicando soluzioni non solo sostenibili ma rigenerative.<\/p>\n<p>(3) <b>Oltre la politica: Assemblee cittadine<\/b><\/p>\n<p>Per affrontare la crisi climatica, ecologica ed esistenziale che stiamo vivendo occorrer\u00e0 prendere decisioni che comporteranno dei sacrifici. Le decisioni, inizialmente impopolari, dovranno presto diventare condivise e condivisibili. Non accettiamo la narrativa che contrappone le lotte sociali all\u2019emergenza per la salvaguardia del pianeta. Per evitare che a pagare le conseguenze del cambiamento climatico e dei disastri ecologici siano le fasce pi\u00f9 vulnerabili della popolazione occorre una pi\u00f9 ampia partecipazione al processo decisionale.<\/p>\n<p>Questo modello deriva da una nuova idea di democrazia. Un&#8217;idea che si nutre delle teorie della democrazia partecipativa e deliberativa. Crediamo nell&#8217;allargamento della partecipazione e nel considerare le preferenze non come posizioni predeterminate, ma come elementi di un processo dialogico, comunicativo e trasformativo che rispetti i principi dell\u2019ascolto attivo e del rispetto reciproco. Si possono cos\u00ec prendere decisioni, che per quanto impopolari, tengano insieme tutti i reali bisogni. Ci\u00f2 \u00e8 riconfermato dall\u2019esperienza: diversi sono i precedenti nel mondo in cui le assemblee cittadine hanno deciso su questioni difficili ricomponendo dolorose fratture sociali.<\/p>\n<p>Chiediamo quindi che siano istituite a tutti i livelli decisionali delle assemblee di cittadine e cittadini, con reale potere deliberativo, per riconvertire la societ\u00e0 in senso rigenerativo nel rispetto dei principi di giustizia climatica ed ecologica.<\/p>\n<p>Le assemblee dovranno essere costituite per legge e dotate dei necessari finanziamenti e del supporto per funzionare. I componenti delle assemblee cittadine, estratti a sorte attraverso un campionamento stratificato e rappresentativo del corpo sociale, devono comunicare con tutta la sfera pubblica. Deve essere pertanto possibile da un lato assistere ad ogni seduta delle assemblee cittadine e dall&#8217;altro lato deve essere garantita la possibilit\u00e0 di avanzare proposte e di essere ascoltati.<\/p>\n<p>Le assemblee ascolteranno la voce dei pi\u00f9 autorevoli scienziati. Le assemblee terranno in considerazione anche i pareri e le posizioni dei diversi portatori d&#8217;interesse che vi avranno accesso solo in modalit\u00e0 ben definite e in tempi e modi rigorosamente controllati e trasparenti. Le decisioni finali delle assemblee dovranno essere vincolanti e implementate dal Governo per la riconversione della societ\u00e0 in senso rigenerativo ed ecologico.<\/p>\n<p><a href=\"https:\/\/extinctionrebellion.it\/emergenza\/\">https:\/\/extinctionrebellion.it\/emergenza<\/a><\/p>\n","protected":false},"excerpt":{"rendered":"<p>Oggi 11 ottobre alle ore 15:45 il Ministro dell\u2019Ambiente Costa ha incontrato in piazza Montecitorio una delegazione di scioperanti della fame e attivisti del movimento nonviolento Extinction Rebellion Italia. \u00a0 La delegazione ha presentato al Ministro un documento con le&hellip;<\/p>\n","protected":false},"author":1696,"featured_media":940523,"comment_status":"closed","ping_status":"closed","sticky":false,"template":"","format":"standard","meta":{"footnotes":""},"categories":[150,59,47,55],"tags":[65208,57914,23389,46953],"class_list":["post-940502","post","type-post","status-publish","format-standard","has-post-thumbnail","hentry","category-comunicati-stampa","category-ambiente-ecologia","category-europa","category-politica","tag-decreto-clima","tag-extinction-rebellion-it","tag-ministro-dellambiente","tag-sergio-costa"],"yoast_head":"<!-- This site is optimized with the Yoast SEO plugin v27.1.1 - https:\/\/yoast.com\/product\/yoast-seo-wordpress\/ -->\n<title>Extinction Rebellion: incontro con il Ministro Costa<\/title>\n<meta name=\"description\" content=\"Oggi 11 ottobre alle ore 15:45 il Ministro dell\u2019Ambiente Costa ha incontrato in piazza Montecitorio una delegazione di scioperanti della fame e attivisti\" \/>\n<meta name=\"robots\" content=\"index, follow, max-snippet:-1, max-image-preview:large, max-video-preview:-1\" \/>\n<link rel=\"canonical\" href=\"https:\/\/www.pressenza.com\/it\/2019\/10\/extinction-rebellion-incontro-con-il-ministro-costa\/\" \/>\n<meta property=\"og:locale\" content=\"it_IT\" \/>\n<meta property=\"og:type\" content=\"article\" \/>\n<meta property=\"og:title\" content=\"Extinction Rebellion: incontro con il Ministro Costa\" \/>\n<meta property=\"og:description\" content=\"Oggi 11 ottobre alle ore 15:45 il Ministro dell\u2019Ambiente Costa ha incontrato in piazza Montecitorio una delegazione di scioperanti della fame e attivisti\" \/>\n<meta property=\"og:url\" content=\"https:\/\/www.pressenza.com\/it\/2019\/10\/extinction-rebellion-incontro-con-il-ministro-costa\/\" \/>\n<meta property=\"og:site_name\" content=\"Pressenza\" \/>\n<meta property=\"article:publisher\" content=\"https:\/\/www.facebook.com\/PressenzaItalia\" \/>\n<meta property=\"article:published_time\" content=\"2019-10-11T17:47:28+00:00\" \/>\n<meta property=\"og:image\" content=\"https:\/\/www.pressenza.com\/wp-content\/uploads\/2019\/10\/XR-con-Costa.jpg\" \/>\n\t<meta property=\"og:image:width\" content=\"800\" \/>\n\t<meta property=\"og:image:height\" content=\"533\" \/>\n\t<meta property=\"og:image:type\" content=\"image\/jpeg\" \/>\n<meta name=\"author\" content=\"Extinction Rebellion\" \/>\n<meta name=\"twitter:card\" content=\"summary_large_image\" \/>\n<meta name=\"twitter:creator\" content=\"@PressenzaIPA\" \/>\n<meta name=\"twitter:site\" content=\"@PressenzaIPA\" \/>\n<meta name=\"twitter:label1\" content=\"Scritto da\" \/>\n\t<meta name=\"twitter:data1\" content=\"Extinction Rebellion\" \/>\n\t<meta name=\"twitter:label2\" content=\"Tempo di lettura stimato\" \/>\n\t<meta name=\"twitter:data2\" content=\"6 minuti\" \/>\n<script type=\"application\/ld+json\" class=\"yoast-schema-graph\">{\"@context\":\"https:\/\/schema.org\",\"@graph\":[{\"@type\":\"Article\",\"@id\":\"https:\/\/www.pressenza.com\/it\/2019\/10\/extinction-rebellion-incontro-con-il-ministro-costa\/#article\",\"isPartOf\":{\"@id\":\"https:\/\/www.pressenza.com\/it\/2019\/10\/extinction-rebellion-incontro-con-il-ministro-costa\/\"},\"author\":{\"name\":\"Extinction Rebellion\",\"@id\":\"https:\/\/www.pressenza.com\/it\/#\/schema\/person\/469654e5f261458f78054b73ca6931aa\"},\"headline\":\"Extinction Rebellion: incontro con il Ministro Costa\",\"datePublished\":\"2019-10-11T17:47:28+00:00\",\"mainEntityOfPage\":{\"@id\":\"https:\/\/www.pressenza.com\/it\/2019\/10\/extinction-rebellion-incontro-con-il-ministro-costa\/\"},\"wordCount\":1308,\"publisher\":{\"@id\":\"https:\/\/www.pressenza.com\/it\/#organization\"},\"image\":{\"@id\":\"https:\/\/www.pressenza.com\/it\/2019\/10\/extinction-rebellion-incontro-con-il-ministro-costa\/#primaryimage\"},\"thumbnailUrl\":\"https:\/\/www.pressenza.com\/wp-content\/uploads\/2019\/10\/XR-con-Costa.jpg\",\"keywords\":[\"Decreto Clima\",\"Extinction Rebellion\",\"Ministro dell'Ambiente\",\"Sergio Costa\"],\"articleSection\":[\"Comunicati Stampa\",\"Ecologia ed Ambiente\",\"Europa\",\"Politica\"],\"inLanguage\":\"it-IT\"},{\"@type\":\"WebPage\",\"@id\":\"https:\/\/www.pressenza.com\/it\/2019\/10\/extinction-rebellion-incontro-con-il-ministro-costa\/\",\"url\":\"https:\/\/www.pressenza.com\/it\/2019\/10\/extinction-rebellion-incontro-con-il-ministro-costa\/\",\"name\":\"Extinction Rebellion: incontro con il Ministro Costa\",\"isPartOf\":{\"@id\":\"https:\/\/www.pressenza.com\/it\/#website\"},\"primaryImageOfPage\":{\"@id\":\"https:\/\/www.pressenza.com\/it\/2019\/10\/extinction-rebellion-incontro-con-il-ministro-costa\/#primaryimage\"},\"image\":{\"@id\":\"https:\/\/www.pressenza.com\/it\/2019\/10\/extinction-rebellion-incontro-con-il-ministro-costa\/#primaryimage\"},\"thumbnailUrl\":\"https:\/\/www.pressenza.com\/wp-content\/uploads\/2019\/10\/XR-con-Costa.jpg\",\"datePublished\":\"2019-10-11T17:47:28+00:00\",\"description\":\"Oggi 11 ottobre alle ore 15:45 il Ministro dell\u2019Ambiente Costa ha incontrato in piazza Montecitorio una delegazione di scioperanti della fame e attivisti\",\"breadcrumb\":{\"@id\":\"https:\/\/www.pressenza.com\/it\/2019\/10\/extinction-rebellion-incontro-con-il-ministro-costa\/#breadcrumb\"},\"inLanguage\":\"it-IT\",\"potentialAction\":[{\"@type\":\"ReadAction\",\"target\":[\"https:\/\/www.pressenza.com\/it\/2019\/10\/extinction-rebellion-incontro-con-il-ministro-costa\/\"]}]},{\"@type\":\"ImageObject\",\"inLanguage\":\"it-IT\",\"@id\":\"https:\/\/www.pressenza.com\/it\/2019\/10\/extinction-rebellion-incontro-con-il-ministro-costa\/#primaryimage\",\"url\":\"https:\/\/www.pressenza.com\/wp-content\/uploads\/2019\/10\/XR-con-Costa.jpg\",\"contentUrl\":\"https:\/\/www.pressenza.com\/wp-content\/uploads\/2019\/10\/XR-con-Costa.jpg\",\"width\":800,\"height\":533,\"caption\":\"Costa\"},{\"@type\":\"BreadcrumbList\",\"@id\":\"https:\/\/www.pressenza.com\/it\/2019\/10\/extinction-rebellion-incontro-con-il-ministro-costa\/#breadcrumb\",\"itemListElement\":[{\"@type\":\"ListItem\",\"position\":1,\"name\":\"Accueil\",\"item\":\"https:\/\/www.pressenza.com\/it\/\"},{\"@type\":\"ListItem\",\"position\":2,\"name\":\"Extinction Rebellion: incontro con il Ministro Costa\"}]},{\"@type\":\"WebSite\",\"@id\":\"https:\/\/www.pressenza.com\/it\/#website\",\"url\":\"https:\/\/www.pressenza.com\/it\/\",\"name\":\"Pressenza\",\"description\":\"Agenzia di Stampa Internazionale\",\"publisher\":{\"@id\":\"https:\/\/www.pressenza.com\/it\/#organization\"},\"potentialAction\":[{\"@type\":\"SearchAction\",\"target\":{\"@type\":\"EntryPoint\",\"urlTemplate\":\"https:\/\/www.pressenza.com\/it\/?s={search_term_string}\"},\"query-input\":{\"@type\":\"PropertyValueSpecification\",\"valueRequired\":true,\"valueName\":\"search_term_string\"}}],\"inLanguage\":\"it-IT\"},{\"@type\":\"Organization\",\"@id\":\"https:\/\/www.pressenza.com\/it\/#organization\",\"name\":\"Pressenza\",\"url\":\"https:\/\/www.pressenza.com\/it\/\",\"logo\":{\"@type\":\"ImageObject\",\"inLanguage\":\"it-IT\",\"@id\":\"https:\/\/www.pressenza.com\/it\/#\/schema\/logo\/image\/\",\"url\":\"https:\/\/www.pressenza.com\/wp-content\/uploads\/2022\/10\/pressenza_logo_200x200.jpg\",\"contentUrl\":\"https:\/\/www.pressenza.com\/wp-content\/uploads\/2022\/10\/pressenza_logo_200x200.jpg\",\"width\":200,\"height\":200,\"caption\":\"Pressenza\"},\"image\":{\"@id\":\"https:\/\/www.pressenza.com\/it\/#\/schema\/logo\/image\/\"},\"sameAs\":[\"https:\/\/www.facebook.com\/PressenzaItalia\",\"https:\/\/x.com\/PressenzaIPA\"]},{\"@type\":\"Person\",\"@id\":\"https:\/\/www.pressenza.com\/it\/#\/schema\/person\/469654e5f261458f78054b73ca6931aa\",\"name\":\"Extinction Rebellion\",\"description\":\"Extinction Rebellion (XR) \u00e8 un movimento internazionale \u201cdal basso\u201d, nonviolento, fondato in Inghilterra in risposta alla devastazione ambientale causata dalle attivit\u00e0 umane. La sua ragione d\u2019essere si basa sui risultati scientifici.\",\"sameAs\":[\"https:\/\/rebellion.earth\/\"],\"url\":\"https:\/\/www.pressenza.com\/it\/author\/extinction-rebellion\/\"}]}<\/script>\n<!-- \/ Yoast SEO plugin. -->","yoast_head_json":{"title":"Extinction Rebellion: incontro con il Ministro Costa","description":"Oggi 11 ottobre alle ore 15:45 il Ministro dell\u2019Ambiente Costa ha incontrato in piazza Montecitorio una delegazione di scioperanti della fame e attivisti","robots":{"index":"index","follow":"follow","max-snippet":"max-snippet:-1","max-image-preview":"max-image-preview:large","max-video-preview":"max-video-preview:-1"},"canonical":"https:\/\/www.pressenza.com\/it\/2019\/10\/extinction-rebellion-incontro-con-il-ministro-costa\/","og_locale":"it_IT","og_type":"article","og_title":"Extinction Rebellion: incontro con il Ministro Costa","og_description":"Oggi 11 ottobre alle ore 15:45 il Ministro dell\u2019Ambiente Costa ha incontrato in piazza Montecitorio una delegazione di scioperanti della fame e attivisti","og_url":"https:\/\/www.pressenza.com\/it\/2019\/10\/extinction-rebellion-incontro-con-il-ministro-costa\/","og_site_name":"Pressenza","article_publisher":"https:\/\/www.facebook.com\/PressenzaItalia","article_published_time":"2019-10-11T17:47:28+00:00","og_image":[{"width":800,"height":533,"url":"https:\/\/www.pressenza.com\/wp-content\/uploads\/2019\/10\/XR-con-Costa.jpg","type":"image\/jpeg"}],"author":"Extinction Rebellion","twitter_card":"summary_large_image","twitter_creator":"@PressenzaIPA","twitter_site":"@PressenzaIPA","twitter_misc":{"Scritto da":"Extinction Rebellion","Tempo di lettura stimato":"6 minuti"},"schema":{"@context":"https:\/\/schema.org","@graph":[{"@type":"Article","@id":"https:\/\/www.pressenza.com\/it\/2019\/10\/extinction-rebellion-incontro-con-il-ministro-costa\/#article","isPartOf":{"@id":"https:\/\/www.pressenza.com\/it\/2019\/10\/extinction-rebellion-incontro-con-il-ministro-costa\/"},"author":{"name":"Extinction Rebellion","@id":"https:\/\/www.pressenza.com\/it\/#\/schema\/person\/469654e5f261458f78054b73ca6931aa"},"headline":"Extinction Rebellion: incontro con il Ministro Costa","datePublished":"2019-10-11T17:47:28+00:00","mainEntityOfPage":{"@id":"https:\/\/www.pressenza.com\/it\/2019\/10\/extinction-rebellion-incontro-con-il-ministro-costa\/"},"wordCount":1308,"publisher":{"@id":"https:\/\/www.pressenza.com\/it\/#organization"},"image":{"@id":"https:\/\/www.pressenza.com\/it\/2019\/10\/extinction-rebellion-incontro-con-il-ministro-costa\/#primaryimage"},"thumbnailUrl":"https:\/\/www.pressenza.com\/wp-content\/uploads\/2019\/10\/XR-con-Costa.jpg","keywords":["Decreto Clima","Extinction Rebellion","Ministro dell'Ambiente","Sergio Costa"],"articleSection":["Comunicati Stampa","Ecologia ed Ambiente","Europa","Politica"],"inLanguage":"it-IT"},{"@type":"WebPage","@id":"https:\/\/www.pressenza.com\/it\/2019\/10\/extinction-rebellion-incontro-con-il-ministro-costa\/","url":"https:\/\/www.pressenza.com\/it\/2019\/10\/extinction-rebellion-incontro-con-il-ministro-costa\/","name":"Extinction Rebellion: incontro con il Ministro Costa","isPartOf":{"@id":"https:\/\/www.pressenza.com\/it\/#website"},"primaryImageOfPage":{"@id":"https:\/\/www.pressenza.com\/it\/2019\/10\/extinction-rebellion-incontro-con-il-ministro-costa\/#primaryimage"},"image":{"@id":"https:\/\/www.pressenza.com\/it\/2019\/10\/extinction-rebellion-incontro-con-il-ministro-costa\/#primaryimage"},"thumbnailUrl":"https:\/\/www.pressenza.com\/wp-content\/uploads\/2019\/10\/XR-con-Costa.jpg","datePublished":"2019-10-11T17:47:28+00:00","description":"Oggi 11 ottobre alle ore 15:45 il Ministro dell\u2019Ambiente Costa ha incontrato in piazza Montecitorio una delegazione di scioperanti della fame e attivisti","breadcrumb":{"@id":"https:\/\/www.pressenza.com\/it\/2019\/10\/extinction-rebellion-incontro-con-il-ministro-costa\/#breadcrumb"},"inLanguage":"it-IT","potentialAction":[{"@type":"ReadAction","target":["https:\/\/www.pressenza.com\/it\/2019\/10\/extinction-rebellion-incontro-con-il-ministro-costa\/"]}]},{"@type":"ImageObject","inLanguage":"it-IT","@id":"https:\/\/www.pressenza.com\/it\/2019\/10\/extinction-rebellion-incontro-con-il-ministro-costa\/#primaryimage","url":"https:\/\/www.pressenza.com\/wp-content\/uploads\/2019\/10\/XR-con-Costa.jpg","contentUrl":"https:\/\/www.pressenza.com\/wp-content\/uploads\/2019\/10\/XR-con-Costa.jpg","width":800,"height":533,"caption":"Costa"},{"@type":"BreadcrumbList","@id":"https:\/\/www.pressenza.com\/it\/2019\/10\/extinction-rebellion-incontro-con-il-ministro-costa\/#breadcrumb","itemListElement":[{"@type":"ListItem","position":1,"name":"Accueil","item":"https:\/\/www.pressenza.com\/it\/"},{"@type":"ListItem","position":2,"name":"Extinction Rebellion: incontro con il Ministro Costa"}]},{"@type":"WebSite","@id":"https:\/\/www.pressenza.com\/it\/#website","url":"https:\/\/www.pressenza.com\/it\/","name":"Pressenza","description":"Agenzia di Stampa Internazionale","publisher":{"@id":"https:\/\/www.pressenza.com\/it\/#organization"},"potentialAction":[{"@type":"SearchAction","target":{"@type":"EntryPoint","urlTemplate":"https:\/\/www.pressenza.com\/it\/?s={search_term_string}"},"query-input":{"@type":"PropertyValueSpecification","valueRequired":true,"valueName":"search_term_string"}}],"inLanguage":"it-IT"},{"@type":"Organization","@id":"https:\/\/www.pressenza.com\/it\/#organization","name":"Pressenza","url":"https:\/\/www.pressenza.com\/it\/","logo":{"@type":"ImageObject","inLanguage":"it-IT","@id":"https:\/\/www.pressenza.com\/it\/#\/schema\/logo\/image\/","url":"https:\/\/www.pressenza.com\/wp-content\/uploads\/2022\/10\/pressenza_logo_200x200.jpg","contentUrl":"https:\/\/www.pressenza.com\/wp-content\/uploads\/2022\/10\/pressenza_logo_200x200.jpg","width":200,"height":200,"caption":"Pressenza"},"image":{"@id":"https:\/\/www.pressenza.com\/it\/#\/schema\/logo\/image\/"},"sameAs":["https:\/\/www.facebook.com\/PressenzaItalia","https:\/\/x.com\/PressenzaIPA"]},{"@type":"Person","@id":"https:\/\/www.pressenza.com\/it\/#\/schema\/person\/469654e5f261458f78054b73ca6931aa","name":"Extinction Rebellion","description":"Extinction Rebellion (XR) \u00e8 un movimento internazionale \u201cdal basso\u201d, nonviolento, fondato in Inghilterra in risposta alla devastazione ambientale causata dalle attivit\u00e0 umane. La sua ragione d\u2019essere si basa sui risultati scientifici.","sameAs":["https:\/\/rebellion.earth\/"],"url":"https:\/\/www.pressenza.com\/it\/author\/extinction-rebellion\/"}]}},"place":"","original_article_url":"","_links":{"self":[{"href":"https:\/\/www.pressenza.com\/it\/wp-json\/wp\/v2\/posts\/940502","targetHints":{"allow":["GET"]}}],"collection":[{"href":"https:\/\/www.pressenza.com\/it\/wp-json\/wp\/v2\/posts"}],"about":[{"href":"https:\/\/www.pressenza.com\/it\/wp-json\/wp\/v2\/types\/post"}],"author":[{"embeddable":true,"href":"https:\/\/www.pressenza.com\/it\/wp-json\/wp\/v2\/users\/1696"}],"replies":[{"embeddable":true,"href":"https:\/\/www.pressenza.com\/it\/wp-json\/wp\/v2\/comments?post=940502"}],"version-history":[{"count":0,"href":"https:\/\/www.pressenza.com\/it\/wp-json\/wp\/v2\/posts\/940502\/revisions"}],"wp:featuredmedia":[{"embeddable":true,"href":"https:\/\/www.pressenza.com\/it\/wp-json\/wp\/v2\/media\/940523"}],"wp:attachment":[{"href":"https:\/\/www.pressenza.com\/it\/wp-json\/wp\/v2\/media?parent=940502"}],"wp:term":[{"taxonomy":"category","embeddable":true,"href":"https:\/\/www.pressenza.com\/it\/wp-json\/wp\/v2\/categories?post=940502"},{"taxonomy":"post_tag","embeddable":true,"href":"https:\/\/www.pressenza.com\/it\/wp-json\/wp\/v2\/tags?post=940502"}],"curies":[{"name":"wp","href":"https:\/\/api.w.org\/{rel}","templated":true}]}}