{"id":940061,"date":"2019-10-11T15:59:55","date_gmt":"2019-10-11T14:59:55","guid":{"rendered":"https:\/\/www.pressenza.com\/?p=940061"},"modified":"2019-10-11T15:59:55","modified_gmt":"2019-10-11T14:59:55","slug":"il-brasile-si-e-venduto-il-petrolio-alle-multinazionali","status":"publish","type":"post","link":"https:\/\/www.pressenza.com\/it\/2019\/10\/il-brasile-si-e-venduto-il-petrolio-alle-multinazionali\/","title":{"rendered":"Il Brasile si \u00e8 venduto il petrolio alle multinazionali"},"content":{"rendered":"<div class=\"gs\">\n<div class=\"\">\n<div id=\":244\" class=\"ii gt\">\n<div id=\":16g\" class=\"a3s aXjCH \">\n<div dir=\"auto\">Si immagini un pozzo di petrolio lungo mille chilometri.<\/div>\n<div dir=\"auto\"><\/div>\n<div dir=\"auto\">Venne proclamata l&#8217;autosufficienza energetica e la destinazione dei proventi a finanziare il sistema sanitario e soprattutto la scuola. La grande discussione in cui ci perdevamo era quella di definire se tutto quello sforzo per la perforazione dei pozzi a settemila metri sotto il fondo del mare, ne era valsa la pena. Sostenevamo che avremmo potuto investire nella ricerca di energia alternativa e pulita. Ma ormai il petrolio era stato trovato e ogni discussione, col senno di poi, inutile. La Petrobras, colosso mondiale, industria cento per cento nazionale e pubblica, era stata capace di una impresa immane e soprattutto aveva dato al paese la capacit\u00e0 di sedersi al tavolo dei grandi.<\/div>\n<div dir=\"auto\"><\/div>\n<div dir=\"auto\">Qualche anno dopo, uno scandalo internazionale rivel\u00f2 che i telefoni dei leader del mondo erano sotto sorveglianza della CIA. Compreso quello di Dilma Rousseff, presidente della Repubblica. Passarono pochi mesi e la stessa Dilma venne accusata di un &#8220;crimine amministrativo&#8221;, ossia un trucco contabile per poter far quadrare il bilancio. Si inizi\u00f2 un processo di impeachment che port\u00f2 alla sua destituzione; il giorno successivo, la legge suppostamente infranta attraverso il trucchetto contabile, venne revocata dallo stesso parlamento. Un vero golpe bianco. Appena insediato, il nuovo presidente golpista revoc\u00f2 le direttive per lo sfruttamento dei proventi del petrolio e inizi\u00f2 le trattative per la vendita dei pozzi. Alla chiamata si presentarono in massa i colossi americani, Shell, Exxon e compagnia bella.<\/div>\n<div dir=\"auto\"><br dir=\"auto\" \/>Nel frattempo Lula venne accusato di essere a capo del pi\u00f9 grande sistema di corruzione della storia, con la Petrobras al centro di una distribuzione di appalti fraudolenti che coinvolgeva le pi\u00f9 grandi industrie nazionali. Miliardi di dollari. I grandi agglomerati industriali coinvolti chiusero, fallirono, e con loro entr\u00f2 in collasso il Paese intero. Da una crescita dell&#8217;otto per cento si pass\u00f2 alla recessione cronica con tredici milioni di disoccupati, dal programma &#8220;Fame Zero&#8221; alla crisi sanitaria con il ritorno di malattie epidemiche che pensavamo sconfitte per sempre e l&#8217;avvento di nuove, come la Zika e la Dengue, che fanno tremare il mondo. Si pass\u00f2 dal BRIC (l&#8217;unione commerciale tra Brasile Russia India e Cina) alla richiesta di aiuto medico internazionale a cui rispose generosamente Cuba con l&#8217;invio di quindicimila medici inviati nelle zone pi\u00f9 miserabili in cui i nostri dottori si rifiutano di andare.<\/div>\n<div dir=\"auto\"><br dir=\"auto\" \/>Lula venne processato, condannato e imprigionato malgrado avesse il diritto di attendere in libert\u00e0 il pronunciamento definitivo della corte cassazione, ancora oggi in via di giudizio, impededogli cos\u00ed di candidarsi alle elezioni presidenziali. Attraverso le rivelazioni dell&#8217;agenzia &#8220;The Intercep&#8221; si \u00e8 venuto a sapere che il pubblico ministero e il giudice responsabile del processo, frequentavano con scadenza mensile &#8211; per riferire e prendere ordini &#8211; il Dipartimento di Stato Americano a Washington. Lo stesso Dipartimento che aveva messo sotto sorveglianza i telefoni dei di capi di governo di mezzo mondo e della presidente Dilma Rousseff.<\/div>\n<div dir=\"auto\"><br dir=\"auto\" \/>Bolsonaro vinse le elezioni, quello stesso giudice \u00e8 stato nominato ministro della giustizia e della sicurezza.<\/div>\n<div dir=\"auto\"><br dir=\"auto\" \/>Era il 1953 quando il presidente Getulio Vargas cre\u00f2 la Petrobras in occasione della scoperta di enormi giacimenti petroliferi.<\/div>\n<div dir=\"auto\"><\/div>\n<div dir=\"auto\">La sua foto con le mani impasticciate di oro nero entr\u00f2 nei libri di storia: &#8220;<i dir=\"auto\">O petr\u00f3leo \u00e9 nosso&#8221;,\u00a0<\/i><span dir=\"auto\">il petrolio \u00e8 nostro.<\/span><i dir=\"auto\">\u00a0<\/i>Cos\u00ec come l&#8217;immagine di Lula, uguale uguale, quando venne scoperto a settemila metri sotto il fondo del mare il nuovo pozzo lungo mille chilometri.<\/div>\n<div dir=\"auto\"><br dir=\"auto\" \/>Stamattina, un trafiletto di giornale avvisa che attraverso una grande asta internazionale, il petrolio che credevamo nostro non ci appartiene pi\u00f9. \u00c8 stato venduto a un consorzio di imprese tra cui la Exxon, la Shell e la compagnia bella di cui sopra.<\/div>\n<div dir=\"auto\"><\/div>\n<div dir=\"auto\">Una volta si facevano guerre interminabili, si mandavano i marines a invadere l&#8217;Iraq, si tolleravano gli sceicchi arabi tagliatori di teste. Oggi basta destituire una presidente, mettere in galera il pi\u00f9 grande leader popolare e ricevere Bolsonaro alla Casa Bianca. Ecco fatto. Il Brasile cede a un prezzo da fiera paesana il pi\u00f9 grande giacimento di petrolio del mondo capace di garantire l&#8217;autonomia e la sovranit\u00e0 energetica. Quel petrolio, nostro non lo \u00e8 pi\u00f9.\u00a0<br dir=\"auto\" \/>Intanto l&#8217;Amazzonia continua a bruciare, il Brasile in ginocchio.<\/p>\n<div dir=\"auto\"><i>Tutto passa, bene o male, ma per noi non cambier\u00e0\u00a0<\/i>(Tira a campare &#8211; Edoardo Bennato)<\/p>\n<div dir=\"auto\"><\/div>\n<div dir=\"auto\"><\/div>\n<\/div>\n<\/div>\n<\/div>\n<\/div>\n<div id=\":32p\" class=\"hq gt a10\">\n<div id=\":240\"><\/div>\n<div id=\":332\" class=\"aQH\">\n<div class=\"aZK\"><\/div>\n<\/div>\n<\/div>\n<div class=\"hi\"><\/div>\n<\/div>\n<\/div>\n","protected":false},"excerpt":{"rendered":"<p>Si immagini un pozzo di petrolio lungo mille chilometri. Venne proclamata l&#8217;autosufficienza energetica e la destinazione dei proventi a finanziare il sistema sanitario e soprattutto la scuola. La grande discussione in cui ci perdevamo era quella di definire se tutto&hellip;<\/p>\n","protected":false},"author":1567,"featured_media":940063,"comment_status":"closed","ping_status":"closed","sticky":false,"template":"","format":"standard","meta":{"footnotes":""},"categories":[11388,62,38,162,55,48],"tags":[65198,65199,3769],"class_list":["post-940061","post","type-post","status-publish","format-standard","has-post-thumbnail","hentry","category-contenuti-originali","category-economia","category-internazionale","category-opinioni","category-politica","category-sud-america","tag-multinazionali-petrolifere","tag-petrobras-it","tag-petrolio"],"yoast_head":"<!-- This site is optimized with the Yoast SEO plugin v27.1.1 - https:\/\/yoast.com\/product\/yoast-seo-wordpress\/ -->\n<title>Il Brasile si \u00e8 venduto il petrolio alle multinazionali<\/title>\n<meta name=\"description\" content=\"Si immagini un pozzo di petrolio lungo mille chilometri. Venne proclamata l&#039;autosufficienza energetica e la destinazione dei proventi a finanziare il\" \/>\n<meta name=\"robots\" content=\"index, follow, max-snippet:-1, max-image-preview:large, max-video-preview:-1\" \/>\n<link rel=\"canonical\" href=\"https:\/\/www.pressenza.com\/it\/2019\/10\/il-brasile-si-e-venduto-il-petrolio-alle-multinazionali\/\" \/>\n<meta property=\"og:locale\" content=\"it_IT\" \/>\n<meta property=\"og:type\" content=\"article\" \/>\n<meta property=\"og:title\" content=\"Il Brasile si \u00e8 venduto il petrolio alle multinazionali\" \/>\n<meta property=\"og:description\" content=\"Si immagini un pozzo di petrolio lungo mille chilometri. Venne proclamata l&#039;autosufficienza energetica e la destinazione dei proventi a finanziare il\" \/>\n<meta property=\"og:url\" content=\"https:\/\/www.pressenza.com\/it\/2019\/10\/il-brasile-si-e-venduto-il-petrolio-alle-multinazionali\/\" \/>\n<meta property=\"og:site_name\" content=\"Pressenza\" \/>\n<meta property=\"article:publisher\" content=\"https:\/\/www.facebook.com\/PressenzaItalia\" \/>\n<meta property=\"article:published_time\" content=\"2019-10-11T14:59:55+00:00\" \/>\n<meta property=\"og:image\" content=\"https:\/\/www.pressenza.com\/wp-content\/uploads\/2019\/10\/petrolio-brasiliano.jpeg\" \/>\n\t<meta property=\"og:image:width\" content=\"750\" \/>\n\t<meta property=\"og:image:height\" content=\"500\" \/>\n\t<meta property=\"og:image:type\" content=\"image\/jpeg\" \/>\n<meta name=\"author\" content=\"Paolo D&#039;Aprile\" \/>\n<meta name=\"twitter:card\" content=\"summary_large_image\" \/>\n<meta name=\"twitter:creator\" content=\"@PressenzaIPA\" \/>\n<meta name=\"twitter:site\" content=\"@PressenzaIPA\" \/>\n<meta name=\"twitter:label1\" content=\"Scritto da\" \/>\n\t<meta name=\"twitter:data1\" content=\"Paolo D&#039;Aprile\" \/>\n\t<meta name=\"twitter:label2\" content=\"Tempo di lettura stimato\" \/>\n\t<meta name=\"twitter:data2\" content=\"3 minuti\" \/>\n<script type=\"application\/ld+json\" class=\"yoast-schema-graph\">{\"@context\":\"https:\/\/schema.org\",\"@graph\":[{\"@type\":\"Article\",\"@id\":\"https:\/\/www.pressenza.com\/it\/2019\/10\/il-brasile-si-e-venduto-il-petrolio-alle-multinazionali\/#article\",\"isPartOf\":{\"@id\":\"https:\/\/www.pressenza.com\/it\/2019\/10\/il-brasile-si-e-venduto-il-petrolio-alle-multinazionali\/\"},\"author\":{\"name\":\"Paolo D'Aprile\",\"@id\":\"https:\/\/www.pressenza.com\/it\/#\/schema\/person\/b7683f6cc5b4992d9641abb1dd2b2c7a\"},\"headline\":\"Il Brasile si \u00e8 venduto il petrolio alle multinazionali\",\"datePublished\":\"2019-10-11T14:59:55+00:00\",\"mainEntityOfPage\":{\"@id\":\"https:\/\/www.pressenza.com\/it\/2019\/10\/il-brasile-si-e-venduto-il-petrolio-alle-multinazionali\/\"},\"wordCount\":714,\"publisher\":{\"@id\":\"https:\/\/www.pressenza.com\/it\/#organization\"},\"image\":{\"@id\":\"https:\/\/www.pressenza.com\/it\/2019\/10\/il-brasile-si-e-venduto-il-petrolio-alle-multinazionali\/#primaryimage\"},\"thumbnailUrl\":\"https:\/\/www.pressenza.com\/wp-content\/uploads\/2019\/10\/petrolio-brasiliano.jpeg\",\"keywords\":[\"multinazionali petrolifere\",\"petrobras\",\"petrolio\"],\"articleSection\":[\"contenuti originali\",\"Economia\",\"Internazionale\",\"Opinioni\",\"Politica\",\"Sud America\"],\"inLanguage\":\"it-IT\"},{\"@type\":\"WebPage\",\"@id\":\"https:\/\/www.pressenza.com\/it\/2019\/10\/il-brasile-si-e-venduto-il-petrolio-alle-multinazionali\/\",\"url\":\"https:\/\/www.pressenza.com\/it\/2019\/10\/il-brasile-si-e-venduto-il-petrolio-alle-multinazionali\/\",\"name\":\"Il Brasile si \u00e8 venduto il petrolio alle multinazionali\",\"isPartOf\":{\"@id\":\"https:\/\/www.pressenza.com\/it\/#website\"},\"primaryImageOfPage\":{\"@id\":\"https:\/\/www.pressenza.com\/it\/2019\/10\/il-brasile-si-e-venduto-il-petrolio-alle-multinazionali\/#primaryimage\"},\"image\":{\"@id\":\"https:\/\/www.pressenza.com\/it\/2019\/10\/il-brasile-si-e-venduto-il-petrolio-alle-multinazionali\/#primaryimage\"},\"thumbnailUrl\":\"https:\/\/www.pressenza.com\/wp-content\/uploads\/2019\/10\/petrolio-brasiliano.jpeg\",\"datePublished\":\"2019-10-11T14:59:55+00:00\",\"description\":\"Si immagini un pozzo di petrolio lungo mille chilometri. Venne proclamata l'autosufficienza energetica e la destinazione dei proventi a finanziare il\",\"breadcrumb\":{\"@id\":\"https:\/\/www.pressenza.com\/it\/2019\/10\/il-brasile-si-e-venduto-il-petrolio-alle-multinazionali\/#breadcrumb\"},\"inLanguage\":\"it-IT\",\"potentialAction\":[{\"@type\":\"ReadAction\",\"target\":[\"https:\/\/www.pressenza.com\/it\/2019\/10\/il-brasile-si-e-venduto-il-petrolio-alle-multinazionali\/\"]}]},{\"@type\":\"ImageObject\",\"inLanguage\":\"it-IT\",\"@id\":\"https:\/\/www.pressenza.com\/it\/2019\/10\/il-brasile-si-e-venduto-il-petrolio-alle-multinazionali\/#primaryimage\",\"url\":\"https:\/\/www.pressenza.com\/wp-content\/uploads\/2019\/10\/petrolio-brasiliano.jpeg\",\"contentUrl\":\"https:\/\/www.pressenza.com\/wp-content\/uploads\/2019\/10\/petrolio-brasiliano.jpeg\",\"width\":750,\"height\":500},{\"@type\":\"BreadcrumbList\",\"@id\":\"https:\/\/www.pressenza.com\/it\/2019\/10\/il-brasile-si-e-venduto-il-petrolio-alle-multinazionali\/#breadcrumb\",\"itemListElement\":[{\"@type\":\"ListItem\",\"position\":1,\"name\":\"Accueil\",\"item\":\"https:\/\/www.pressenza.com\/it\/\"},{\"@type\":\"ListItem\",\"position\":2,\"name\":\"Il Brasile si \u00e8 venduto il petrolio alle multinazionali\"}]},{\"@type\":\"WebSite\",\"@id\":\"https:\/\/www.pressenza.com\/it\/#website\",\"url\":\"https:\/\/www.pressenza.com\/it\/\",\"name\":\"Pressenza\",\"description\":\"Agenzia di Stampa Internazionale\",\"publisher\":{\"@id\":\"https:\/\/www.pressenza.com\/it\/#organization\"},\"potentialAction\":[{\"@type\":\"SearchAction\",\"target\":{\"@type\":\"EntryPoint\",\"urlTemplate\":\"https:\/\/www.pressenza.com\/it\/?s={search_term_string}\"},\"query-input\":{\"@type\":\"PropertyValueSpecification\",\"valueRequired\":true,\"valueName\":\"search_term_string\"}}],\"inLanguage\":\"it-IT\"},{\"@type\":\"Organization\",\"@id\":\"https:\/\/www.pressenza.com\/it\/#organization\",\"name\":\"Pressenza\",\"url\":\"https:\/\/www.pressenza.com\/it\/\",\"logo\":{\"@type\":\"ImageObject\",\"inLanguage\":\"it-IT\",\"@id\":\"https:\/\/www.pressenza.com\/it\/#\/schema\/logo\/image\/\",\"url\":\"https:\/\/www.pressenza.com\/wp-content\/uploads\/2022\/10\/pressenza_logo_200x200.jpg\",\"contentUrl\":\"https:\/\/www.pressenza.com\/wp-content\/uploads\/2022\/10\/pressenza_logo_200x200.jpg\",\"width\":200,\"height\":200,\"caption\":\"Pressenza\"},\"image\":{\"@id\":\"https:\/\/www.pressenza.com\/it\/#\/schema\/logo\/image\/\"},\"sameAs\":[\"https:\/\/www.facebook.com\/PressenzaItalia\",\"https:\/\/x.com\/PressenzaIPA\"]},{\"@type\":\"Person\",\"@id\":\"https:\/\/www.pressenza.com\/it\/#\/schema\/person\/b7683f6cc5b4992d9641abb1dd2b2c7a\",\"name\":\"Paolo D'Aprile\",\"description\":\"Nasco nel 1963... sono un uomo di mezza et\u00e0! Vivo a S\u00e3o Paulo dal 1989 e il mio lavoro di fisioterapista mi ha portato in contatto con le situazioni estreme della citt\u00e0, dalle favelas ai \\\"meninos de rua\\\". Ho partecipato a vari progetti di inclusione attraverso l'esercizio dei diritti civili. Da grande voglio fare il calciatore, l'astronauta e il pompiere.\",\"url\":\"https:\/\/www.pressenza.com\/it\/author\/paolo-daprile\/\"}]}<\/script>\n<!-- \/ Yoast SEO plugin. -->","yoast_head_json":{"title":"Il Brasile si \u00e8 venduto il petrolio alle multinazionali","description":"Si immagini un pozzo di petrolio lungo mille chilometri. Venne proclamata l'autosufficienza energetica e la destinazione dei proventi a finanziare il","robots":{"index":"index","follow":"follow","max-snippet":"max-snippet:-1","max-image-preview":"max-image-preview:large","max-video-preview":"max-video-preview:-1"},"canonical":"https:\/\/www.pressenza.com\/it\/2019\/10\/il-brasile-si-e-venduto-il-petrolio-alle-multinazionali\/","og_locale":"it_IT","og_type":"article","og_title":"Il Brasile si \u00e8 venduto il petrolio alle multinazionali","og_description":"Si immagini un pozzo di petrolio lungo mille chilometri. Venne proclamata l'autosufficienza energetica e la destinazione dei proventi a finanziare il","og_url":"https:\/\/www.pressenza.com\/it\/2019\/10\/il-brasile-si-e-venduto-il-petrolio-alle-multinazionali\/","og_site_name":"Pressenza","article_publisher":"https:\/\/www.facebook.com\/PressenzaItalia","article_published_time":"2019-10-11T14:59:55+00:00","og_image":[{"width":750,"height":500,"url":"https:\/\/www.pressenza.com\/wp-content\/uploads\/2019\/10\/petrolio-brasiliano.jpeg","type":"image\/jpeg"}],"author":"Paolo D'Aprile","twitter_card":"summary_large_image","twitter_creator":"@PressenzaIPA","twitter_site":"@PressenzaIPA","twitter_misc":{"Scritto da":"Paolo D'Aprile","Tempo di lettura stimato":"3 minuti"},"schema":{"@context":"https:\/\/schema.org","@graph":[{"@type":"Article","@id":"https:\/\/www.pressenza.com\/it\/2019\/10\/il-brasile-si-e-venduto-il-petrolio-alle-multinazionali\/#article","isPartOf":{"@id":"https:\/\/www.pressenza.com\/it\/2019\/10\/il-brasile-si-e-venduto-il-petrolio-alle-multinazionali\/"},"author":{"name":"Paolo D'Aprile","@id":"https:\/\/www.pressenza.com\/it\/#\/schema\/person\/b7683f6cc5b4992d9641abb1dd2b2c7a"},"headline":"Il Brasile si \u00e8 venduto il petrolio alle multinazionali","datePublished":"2019-10-11T14:59:55+00:00","mainEntityOfPage":{"@id":"https:\/\/www.pressenza.com\/it\/2019\/10\/il-brasile-si-e-venduto-il-petrolio-alle-multinazionali\/"},"wordCount":714,"publisher":{"@id":"https:\/\/www.pressenza.com\/it\/#organization"},"image":{"@id":"https:\/\/www.pressenza.com\/it\/2019\/10\/il-brasile-si-e-venduto-il-petrolio-alle-multinazionali\/#primaryimage"},"thumbnailUrl":"https:\/\/www.pressenza.com\/wp-content\/uploads\/2019\/10\/petrolio-brasiliano.jpeg","keywords":["multinazionali petrolifere","petrobras","petrolio"],"articleSection":["contenuti originali","Economia","Internazionale","Opinioni","Politica","Sud America"],"inLanguage":"it-IT"},{"@type":"WebPage","@id":"https:\/\/www.pressenza.com\/it\/2019\/10\/il-brasile-si-e-venduto-il-petrolio-alle-multinazionali\/","url":"https:\/\/www.pressenza.com\/it\/2019\/10\/il-brasile-si-e-venduto-il-petrolio-alle-multinazionali\/","name":"Il Brasile si \u00e8 venduto il petrolio alle multinazionali","isPartOf":{"@id":"https:\/\/www.pressenza.com\/it\/#website"},"primaryImageOfPage":{"@id":"https:\/\/www.pressenza.com\/it\/2019\/10\/il-brasile-si-e-venduto-il-petrolio-alle-multinazionali\/#primaryimage"},"image":{"@id":"https:\/\/www.pressenza.com\/it\/2019\/10\/il-brasile-si-e-venduto-il-petrolio-alle-multinazionali\/#primaryimage"},"thumbnailUrl":"https:\/\/www.pressenza.com\/wp-content\/uploads\/2019\/10\/petrolio-brasiliano.jpeg","datePublished":"2019-10-11T14:59:55+00:00","description":"Si immagini un pozzo di petrolio lungo mille chilometri. Venne proclamata l'autosufficienza energetica e la destinazione dei proventi a finanziare il","breadcrumb":{"@id":"https:\/\/www.pressenza.com\/it\/2019\/10\/il-brasile-si-e-venduto-il-petrolio-alle-multinazionali\/#breadcrumb"},"inLanguage":"it-IT","potentialAction":[{"@type":"ReadAction","target":["https:\/\/www.pressenza.com\/it\/2019\/10\/il-brasile-si-e-venduto-il-petrolio-alle-multinazionali\/"]}]},{"@type":"ImageObject","inLanguage":"it-IT","@id":"https:\/\/www.pressenza.com\/it\/2019\/10\/il-brasile-si-e-venduto-il-petrolio-alle-multinazionali\/#primaryimage","url":"https:\/\/www.pressenza.com\/wp-content\/uploads\/2019\/10\/petrolio-brasiliano.jpeg","contentUrl":"https:\/\/www.pressenza.com\/wp-content\/uploads\/2019\/10\/petrolio-brasiliano.jpeg","width":750,"height":500},{"@type":"BreadcrumbList","@id":"https:\/\/www.pressenza.com\/it\/2019\/10\/il-brasile-si-e-venduto-il-petrolio-alle-multinazionali\/#breadcrumb","itemListElement":[{"@type":"ListItem","position":1,"name":"Accueil","item":"https:\/\/www.pressenza.com\/it\/"},{"@type":"ListItem","position":2,"name":"Il Brasile si \u00e8 venduto il petrolio alle multinazionali"}]},{"@type":"WebSite","@id":"https:\/\/www.pressenza.com\/it\/#website","url":"https:\/\/www.pressenza.com\/it\/","name":"Pressenza","description":"Agenzia di Stampa Internazionale","publisher":{"@id":"https:\/\/www.pressenza.com\/it\/#organization"},"potentialAction":[{"@type":"SearchAction","target":{"@type":"EntryPoint","urlTemplate":"https:\/\/www.pressenza.com\/it\/?s={search_term_string}"},"query-input":{"@type":"PropertyValueSpecification","valueRequired":true,"valueName":"search_term_string"}}],"inLanguage":"it-IT"},{"@type":"Organization","@id":"https:\/\/www.pressenza.com\/it\/#organization","name":"Pressenza","url":"https:\/\/www.pressenza.com\/it\/","logo":{"@type":"ImageObject","inLanguage":"it-IT","@id":"https:\/\/www.pressenza.com\/it\/#\/schema\/logo\/image\/","url":"https:\/\/www.pressenza.com\/wp-content\/uploads\/2022\/10\/pressenza_logo_200x200.jpg","contentUrl":"https:\/\/www.pressenza.com\/wp-content\/uploads\/2022\/10\/pressenza_logo_200x200.jpg","width":200,"height":200,"caption":"Pressenza"},"image":{"@id":"https:\/\/www.pressenza.com\/it\/#\/schema\/logo\/image\/"},"sameAs":["https:\/\/www.facebook.com\/PressenzaItalia","https:\/\/x.com\/PressenzaIPA"]},{"@type":"Person","@id":"https:\/\/www.pressenza.com\/it\/#\/schema\/person\/b7683f6cc5b4992d9641abb1dd2b2c7a","name":"Paolo D'Aprile","description":"Nasco nel 1963... sono un uomo di mezza et\u00e0! Vivo a S\u00e3o Paulo dal 1989 e il mio lavoro di fisioterapista mi ha portato in contatto con le situazioni estreme della citt\u00e0, dalle favelas ai \"meninos de rua\". Ho partecipato a vari progetti di inclusione attraverso l'esercizio dei diritti civili. Da grande voglio fare il calciatore, l'astronauta e il pompiere.","url":"https:\/\/www.pressenza.com\/it\/author\/paolo-daprile\/"}]}},"place":"San Paolo, Brasile","original_article_url":"","_links":{"self":[{"href":"https:\/\/www.pressenza.com\/it\/wp-json\/wp\/v2\/posts\/940061","targetHints":{"allow":["GET"]}}],"collection":[{"href":"https:\/\/www.pressenza.com\/it\/wp-json\/wp\/v2\/posts"}],"about":[{"href":"https:\/\/www.pressenza.com\/it\/wp-json\/wp\/v2\/types\/post"}],"author":[{"embeddable":true,"href":"https:\/\/www.pressenza.com\/it\/wp-json\/wp\/v2\/users\/1567"}],"replies":[{"embeddable":true,"href":"https:\/\/www.pressenza.com\/it\/wp-json\/wp\/v2\/comments?post=940061"}],"version-history":[{"count":0,"href":"https:\/\/www.pressenza.com\/it\/wp-json\/wp\/v2\/posts\/940061\/revisions"}],"wp:featuredmedia":[{"embeddable":true,"href":"https:\/\/www.pressenza.com\/it\/wp-json\/wp\/v2\/media\/940063"}],"wp:attachment":[{"href":"https:\/\/www.pressenza.com\/it\/wp-json\/wp\/v2\/media?parent=940061"}],"wp:term":[{"taxonomy":"category","embeddable":true,"href":"https:\/\/www.pressenza.com\/it\/wp-json\/wp\/v2\/categories?post=940061"},{"taxonomy":"post_tag","embeddable":true,"href":"https:\/\/www.pressenza.com\/it\/wp-json\/wp\/v2\/tags?post=940061"}],"curies":[{"name":"wp","href":"https:\/\/api.w.org\/{rel}","templated":true}]}}