{"id":936096,"date":"2019-10-07T08:11:30","date_gmt":"2019-10-07T07:11:30","guid":{"rendered":"https:\/\/www.pressenza.com\/?p=936096"},"modified":"2019-10-07T08:11:30","modified_gmt":"2019-10-07T07:11:30","slug":"in-cammino-per-la-pace-camminata-transfrontaliera-tra-italia-e-svizzera","status":"publish","type":"post","link":"https:\/\/www.pressenza.com\/it\/2019\/10\/in-cammino-per-la-pace-camminata-transfrontaliera-tra-italia-e-svizzera\/","title":{"rendered":"\u201cIn cammino per la pace\u201d, camminata transfrontaliera tra Italia e Svizzera"},"content":{"rendered":"<p>Sabato 5 ottobre 2019 abbiamo partecipato con una delegazione di Luino, Cremenaga e Lavena Ponte Tresa alla camminata transfrontaliera per la pace tra il Malcantone e il Varesotto: un evento che ha ricevuto il supporto ed il patrocinio da diversi Comuni ed enti svizzeri ed italiani e che ha visto, durante il percorso svizzero, numerosi momenti conviviali dedicati a grandi e piccini, con lo scopo di diffondere i temi della pace tra le genti e la solidariet\u00e0 verso i pi\u00f9 bisognosi del mondo. Questa \u00e8 stata un\u2019edizione speciale perch\u00e9 entrambi i cortei hanno avuto, per la prima volta, una bandiera ufficiale ideata dai bambini della scuola elementare di Lavena Ponte Tresa e di Montagnola, che hanno vinto nel 2018 il concorso \u201cCrea la bandiera della pace\u201d indetto dall\u2019Associazione Culture Ticino Network, promotore di questa ormai tradizionale marcia. Il corteo italiano ha avuto anche lo striscione dell\u2019Alto Verbano della \u201cSeconda Marcia Mondiale per la Pace e la Nonviolenza\u201d.<\/p>\n<p>Dopo il cammino, culminato con l\u2019incontro dei due cortei a met\u00e0 del ponte che segna il confine di stato tra Italia e Svizzera oltre che tra Ponte Tresa italiana e Ponte Tresa svizzera, ci si \u00e8 fermati nella piazzetta di Ponte Tresa svizzera per i discorsi di rito da parte delle autorit\u00e0 presenti e per incominciare ad apprezzare i canti del Coro \u201cCitt\u00e0 di Luino\u201d e del Coro Thelys-Trinate Nova, che poi hanno proseguito durante la maccheronata presso la sala del Municipio di Ponte Tresa. La maccheronata di solidariet\u00e0 \u00e8 stata ricca di animazione e ha visto anche la premiazione delle classi vincitrici del concorso internazionale \u201cPoesie per la Pace\u201d, a cui hanno partecipato scuole elementari ticinesi, italiane e filippine. Immancabile anche la lotteria di beneficienza, il cui ricavato, oltre a quello della maccheronata, \u00e8 andato a supporto dei seguenti progetti dell\u2019Associazione Culture Ticino Network: la gestione di un nuovo centro multifunzionale nella Regione di Bulacan\u00a0 nelle Filippine, dove offrire cibo, formazione ed opportunit\u00e0 lavorative ai giovani e alle donne pi\u00f9 bisognose del posto e il progetto in Ticino \u201cSpazio Generazioni\u201d, nato per aiutare i giovani (dai 15 ai 25 anni) che hanno difficolt\u00e0 ad inserirsi nel mondo del lavoro, tramite lezioni di lingue ed altre attivit\u00e0.<\/p>\n<p>Maria Terranova<\/p>\n<p>Comitato Promotore Alto Verbano Seconda Marcia Mondiale per la Pace e la Nonviolenza<\/p>\n<p><img loading=\"lazy\" decoding=\"async\" class=\"aligncenter wp-image-936106 size-full\" src=\"https:\/\/www.pressenza.com\/wp-content\/uploads\/2019\/10\/camminata-pace-1.jpg\" alt=\"\" width=\"1600\" height=\"1200\" srcset=\"https:\/\/www.pressenza.com\/wp-content\/uploads\/2019\/10\/camminata-pace-1.jpg 1600w, https:\/\/www.pressenza.com\/wp-content\/uploads\/2019\/10\/camminata-pace-1-300x225.jpg 300w, https:\/\/www.pressenza.com\/wp-content\/uploads\/2019\/10\/camminata-pace-1-768x576.jpg 768w, https:\/\/www.pressenza.com\/wp-content\/uploads\/2019\/10\/camminata-pace-1-720x540.jpg 720w\" sizes=\"auto, (max-width: 1600px) 100vw, 1600px\" \/><\/p>\n<p><img loading=\"lazy\" decoding=\"async\" class=\"aligncenter wp-image-936115 size-full\" src=\"https:\/\/www.pressenza.com\/wp-content\/uploads\/2019\/10\/camminata-pace-2.jpg\" alt=\"\" width=\"1600\" height=\"1200\" srcset=\"https:\/\/www.pressenza.com\/wp-content\/uploads\/2019\/10\/camminata-pace-2.jpg 1600w, https:\/\/www.pressenza.com\/wp-content\/uploads\/2019\/10\/camminata-pace-2-300x225.jpg 300w, https:\/\/www.pressenza.com\/wp-content\/uploads\/2019\/10\/camminata-pace-2-768x576.jpg 768w, https:\/\/www.pressenza.com\/wp-content\/uploads\/2019\/10\/camminata-pace-2-720x540.jpg 720w\" sizes=\"auto, (max-width: 1600px) 100vw, 1600px\" \/><\/p>\n<p><img loading=\"lazy\" decoding=\"async\" class=\"aligncenter wp-image-936124 size-full\" src=\"https:\/\/www.pressenza.com\/wp-content\/uploads\/2019\/10\/camminata-pace-3.jpg\" alt=\"\" width=\"1600\" height=\"1200\" srcset=\"https:\/\/www.pressenza.com\/wp-content\/uploads\/2019\/10\/camminata-pace-3.jpg 1600w, https:\/\/www.pressenza.com\/wp-content\/uploads\/2019\/10\/camminata-pace-3-300x225.jpg 300w, https:\/\/www.pressenza.com\/wp-content\/uploads\/2019\/10\/camminata-pace-3-768x576.jpg 768w, https:\/\/www.pressenza.com\/wp-content\/uploads\/2019\/10\/camminata-pace-3-720x540.jpg 720w\" sizes=\"auto, (max-width: 1600px) 100vw, 1600px\" \/><\/p>\n","protected":false},"excerpt":{"rendered":"<p>Sabato 5 ottobre 2019 abbiamo partecipato con una delegazione di Luino, Cremenaga e Lavena Ponte Tresa alla camminata transfrontaliera per la pace tra il Malcantone e il Varesotto: un evento che ha ricevuto il supporto ed il patrocinio da diversi&hellip;<\/p>\n","protected":false},"author":1565,"featured_media":936097,"comment_status":"closed","ping_status":"closed","sticky":false,"template":"","format":"standard","meta":{"footnotes":""},"categories":[11388,47,1263],"tags":[64982,64983,41996],"class_list":["post-936096","post","type-post","status-publish","format-standard","has-post-thumbnail","hentry","category-contenuti-originali","category-europa","category-pace-disarmo","tag-camminata-transfrontaliera-tra-italia-e-svizzera","tag-comitato-promotore-alto-verbano","tag-2a-marcia-mondiale-per-la-pace-e-la-nonviolenza"],"yoast_head":"<!-- This site is optimized with the Yoast SEO plugin v27.1.1 - https:\/\/yoast.com\/product\/yoast-seo-wordpress\/ -->\n<title>\u201cIn cammino per la pace\u201d, camminata transfrontaliera tra Italia e Svizzera<\/title>\n<meta name=\"description\" content=\"Sabato 5 ottobre 2019 abbiamo partecipato con una delegazione di Luino, Cremenaga e Lavena Ponte Tresa alla camminata transfrontaliera per la pace tra il\" \/>\n<meta name=\"robots\" content=\"index, follow, max-snippet:-1, max-image-preview:large, max-video-preview:-1\" \/>\n<link rel=\"canonical\" href=\"https:\/\/www.pressenza.com\/it\/2019\/10\/in-cammino-per-la-pace-camminata-transfrontaliera-tra-italia-e-svizzera\/\" \/>\n<meta property=\"og:locale\" content=\"it_IT\" \/>\n<meta property=\"og:type\" content=\"article\" \/>\n<meta property=\"og:title\" content=\"\u201cIn cammino per la pace\u201d, camminata transfrontaliera tra Italia e Svizzera\" \/>\n<meta property=\"og:description\" content=\"Sabato 5 ottobre 2019 abbiamo partecipato con una delegazione di Luino, Cremenaga e Lavena Ponte Tresa alla camminata transfrontaliera per la pace tra il\" \/>\n<meta property=\"og:url\" content=\"https:\/\/www.pressenza.com\/it\/2019\/10\/in-cammino-per-la-pace-camminata-transfrontaliera-tra-italia-e-svizzera\/\" \/>\n<meta property=\"og:site_name\" content=\"Pressenza\" \/>\n<meta property=\"article:publisher\" content=\"https:\/\/www.facebook.com\/PressenzaItalia\" \/>\n<meta property=\"article:published_time\" content=\"2019-10-07T07:11:30+00:00\" \/>\n<meta property=\"og:image\" content=\"https:\/\/www.pressenza.com\/wp-content\/uploads\/2019\/10\/camminata-pace.jpg\" \/>\n\t<meta property=\"og:image:width\" content=\"1600\" \/>\n\t<meta property=\"og:image:height\" content=\"1200\" \/>\n\t<meta property=\"og:image:type\" content=\"image\/jpeg\" \/>\n<meta name=\"author\" content=\"Marcia Mondiale per la Pace e la Nonviolenza\" \/>\n<meta name=\"twitter:card\" content=\"summary_large_image\" \/>\n<meta name=\"twitter:creator\" content=\"@PressenzaIPA\" \/>\n<meta name=\"twitter:site\" content=\"@PressenzaIPA\" \/>\n<meta name=\"twitter:label1\" content=\"Scritto da\" \/>\n\t<meta name=\"twitter:data1\" content=\"Marcia Mondiale per la Pace e la Nonviolenza\" \/>\n\t<meta name=\"twitter:label2\" content=\"Tempo di lettura stimato\" \/>\n\t<meta name=\"twitter:data2\" content=\"2 minuti\" \/>\n<script type=\"application\/ld+json\" class=\"yoast-schema-graph\">{\"@context\":\"https:\/\/schema.org\",\"@graph\":[{\"@type\":\"Article\",\"@id\":\"https:\/\/www.pressenza.com\/it\/2019\/10\/in-cammino-per-la-pace-camminata-transfrontaliera-tra-italia-e-svizzera\/#article\",\"isPartOf\":{\"@id\":\"https:\/\/www.pressenza.com\/it\/2019\/10\/in-cammino-per-la-pace-camminata-transfrontaliera-tra-italia-e-svizzera\/\"},\"author\":{\"name\":\"Marcia Mondiale per la Pace e la Nonviolenza\",\"@id\":\"https:\/\/www.pressenza.com\/it\/#\/schema\/person\/7695876a0aa9e0602a5de3babecd54ff\"},\"headline\":\"\u201cIn cammino per la pace\u201d, camminata transfrontaliera tra Italia e Svizzera\",\"datePublished\":\"2019-10-07T07:11:30+00:00\",\"mainEntityOfPage\":{\"@id\":\"https:\/\/www.pressenza.com\/it\/2019\/10\/in-cammino-per-la-pace-camminata-transfrontaliera-tra-italia-e-svizzera\/\"},\"wordCount\":386,\"publisher\":{\"@id\":\"https:\/\/www.pressenza.com\/it\/#organization\"},\"image\":{\"@id\":\"https:\/\/www.pressenza.com\/it\/2019\/10\/in-cammino-per-la-pace-camminata-transfrontaliera-tra-italia-e-svizzera\/#primaryimage\"},\"thumbnailUrl\":\"https:\/\/www.pressenza.com\/wp-content\/uploads\/2019\/10\/camminata-pace.jpg\",\"keywords\":[\"camminata transfrontaliera tra Italia e Svizzera\",\"Comitato Promotore Alto Verbano\",\"Seconda Marcia Mondiale per la Pace e la Nonviolenza\"],\"articleSection\":[\"contenuti originali\",\"Europa\",\"Pace e Disarmo\"],\"inLanguage\":\"it-IT\"},{\"@type\":\"WebPage\",\"@id\":\"https:\/\/www.pressenza.com\/it\/2019\/10\/in-cammino-per-la-pace-camminata-transfrontaliera-tra-italia-e-svizzera\/\",\"url\":\"https:\/\/www.pressenza.com\/it\/2019\/10\/in-cammino-per-la-pace-camminata-transfrontaliera-tra-italia-e-svizzera\/\",\"name\":\"\u201cIn cammino per la pace\u201d, camminata transfrontaliera tra Italia e Svizzera\",\"isPartOf\":{\"@id\":\"https:\/\/www.pressenza.com\/it\/#website\"},\"primaryImageOfPage\":{\"@id\":\"https:\/\/www.pressenza.com\/it\/2019\/10\/in-cammino-per-la-pace-camminata-transfrontaliera-tra-italia-e-svizzera\/#primaryimage\"},\"image\":{\"@id\":\"https:\/\/www.pressenza.com\/it\/2019\/10\/in-cammino-per-la-pace-camminata-transfrontaliera-tra-italia-e-svizzera\/#primaryimage\"},\"thumbnailUrl\":\"https:\/\/www.pressenza.com\/wp-content\/uploads\/2019\/10\/camminata-pace.jpg\",\"datePublished\":\"2019-10-07T07:11:30+00:00\",\"description\":\"Sabato 5 ottobre 2019 abbiamo partecipato con una delegazione di Luino, Cremenaga e Lavena Ponte Tresa alla camminata transfrontaliera per la pace tra il\",\"breadcrumb\":{\"@id\":\"https:\/\/www.pressenza.com\/it\/2019\/10\/in-cammino-per-la-pace-camminata-transfrontaliera-tra-italia-e-svizzera\/#breadcrumb\"},\"inLanguage\":\"it-IT\",\"potentialAction\":[{\"@type\":\"ReadAction\",\"target\":[\"https:\/\/www.pressenza.com\/it\/2019\/10\/in-cammino-per-la-pace-camminata-transfrontaliera-tra-italia-e-svizzera\/\"]}]},{\"@type\":\"ImageObject\",\"inLanguage\":\"it-IT\",\"@id\":\"https:\/\/www.pressenza.com\/it\/2019\/10\/in-cammino-per-la-pace-camminata-transfrontaliera-tra-italia-e-svizzera\/#primaryimage\",\"url\":\"https:\/\/www.pressenza.com\/wp-content\/uploads\/2019\/10\/camminata-pace.jpg\",\"contentUrl\":\"https:\/\/www.pressenza.com\/wp-content\/uploads\/2019\/10\/camminata-pace.jpg\",\"width\":1600,\"height\":1200},{\"@type\":\"BreadcrumbList\",\"@id\":\"https:\/\/www.pressenza.com\/it\/2019\/10\/in-cammino-per-la-pace-camminata-transfrontaliera-tra-italia-e-svizzera\/#breadcrumb\",\"itemListElement\":[{\"@type\":\"ListItem\",\"position\":1,\"name\":\"Accueil\",\"item\":\"https:\/\/www.pressenza.com\/it\/\"},{\"@type\":\"ListItem\",\"position\":2,\"name\":\"\u201cIn cammino per la pace\u201d, camminata transfrontaliera tra Italia e Svizzera\"}]},{\"@type\":\"WebSite\",\"@id\":\"https:\/\/www.pressenza.com\/it\/#website\",\"url\":\"https:\/\/www.pressenza.com\/it\/\",\"name\":\"Pressenza\",\"description\":\"Agenzia di Stampa Internazionale\",\"publisher\":{\"@id\":\"https:\/\/www.pressenza.com\/it\/#organization\"},\"potentialAction\":[{\"@type\":\"SearchAction\",\"target\":{\"@type\":\"EntryPoint\",\"urlTemplate\":\"https:\/\/www.pressenza.com\/it\/?s={search_term_string}\"},\"query-input\":{\"@type\":\"PropertyValueSpecification\",\"valueRequired\":true,\"valueName\":\"search_term_string\"}}],\"inLanguage\":\"it-IT\"},{\"@type\":\"Organization\",\"@id\":\"https:\/\/www.pressenza.com\/it\/#organization\",\"name\":\"Pressenza\",\"url\":\"https:\/\/www.pressenza.com\/it\/\",\"logo\":{\"@type\":\"ImageObject\",\"inLanguage\":\"it-IT\",\"@id\":\"https:\/\/www.pressenza.com\/it\/#\/schema\/logo\/image\/\",\"url\":\"https:\/\/www.pressenza.com\/wp-content\/uploads\/2022\/10\/pressenza_logo_200x200.jpg\",\"contentUrl\":\"https:\/\/www.pressenza.com\/wp-content\/uploads\/2022\/10\/pressenza_logo_200x200.jpg\",\"width\":200,\"height\":200,\"caption\":\"Pressenza\"},\"image\":{\"@id\":\"https:\/\/www.pressenza.com\/it\/#\/schema\/logo\/image\/\"},\"sameAs\":[\"https:\/\/www.facebook.com\/PressenzaItalia\",\"https:\/\/x.com\/PressenzaIPA\"]},{\"@type\":\"Person\",\"@id\":\"https:\/\/www.pressenza.com\/it\/#\/schema\/person\/7695876a0aa9e0602a5de3babecd54ff\",\"name\":\"Marcia Mondiale per la Pace e la Nonviolenza\",\"sameAs\":[\"https:\/\/theworldmarch.org\"],\"url\":\"https:\/\/www.pressenza.com\/it\/author\/marcia-mondiale-per-la-pace-e-la-nonviolenza\/\"}]}<\/script>\n<!-- \/ Yoast SEO plugin. -->","yoast_head_json":{"title":"\u201cIn cammino per la pace\u201d, camminata transfrontaliera tra Italia e Svizzera","description":"Sabato 5 ottobre 2019 abbiamo partecipato con una delegazione di Luino, Cremenaga e Lavena Ponte Tresa alla camminata transfrontaliera per la pace tra il","robots":{"index":"index","follow":"follow","max-snippet":"max-snippet:-1","max-image-preview":"max-image-preview:large","max-video-preview":"max-video-preview:-1"},"canonical":"https:\/\/www.pressenza.com\/it\/2019\/10\/in-cammino-per-la-pace-camminata-transfrontaliera-tra-italia-e-svizzera\/","og_locale":"it_IT","og_type":"article","og_title":"\u201cIn cammino per la pace\u201d, camminata transfrontaliera tra Italia e Svizzera","og_description":"Sabato 5 ottobre 2019 abbiamo partecipato con una delegazione di Luino, Cremenaga e Lavena Ponte Tresa alla camminata transfrontaliera per la pace tra il","og_url":"https:\/\/www.pressenza.com\/it\/2019\/10\/in-cammino-per-la-pace-camminata-transfrontaliera-tra-italia-e-svizzera\/","og_site_name":"Pressenza","article_publisher":"https:\/\/www.facebook.com\/PressenzaItalia","article_published_time":"2019-10-07T07:11:30+00:00","og_image":[{"width":1600,"height":1200,"url":"https:\/\/www.pressenza.com\/wp-content\/uploads\/2019\/10\/camminata-pace.jpg","type":"image\/jpeg"}],"author":"Marcia Mondiale per la Pace e la Nonviolenza","twitter_card":"summary_large_image","twitter_creator":"@PressenzaIPA","twitter_site":"@PressenzaIPA","twitter_misc":{"Scritto da":"Marcia Mondiale per la Pace e la Nonviolenza","Tempo di lettura stimato":"2 minuti"},"schema":{"@context":"https:\/\/schema.org","@graph":[{"@type":"Article","@id":"https:\/\/www.pressenza.com\/it\/2019\/10\/in-cammino-per-la-pace-camminata-transfrontaliera-tra-italia-e-svizzera\/#article","isPartOf":{"@id":"https:\/\/www.pressenza.com\/it\/2019\/10\/in-cammino-per-la-pace-camminata-transfrontaliera-tra-italia-e-svizzera\/"},"author":{"name":"Marcia Mondiale per la Pace e la Nonviolenza","@id":"https:\/\/www.pressenza.com\/it\/#\/schema\/person\/7695876a0aa9e0602a5de3babecd54ff"},"headline":"\u201cIn cammino per la pace\u201d, camminata transfrontaliera tra Italia e Svizzera","datePublished":"2019-10-07T07:11:30+00:00","mainEntityOfPage":{"@id":"https:\/\/www.pressenza.com\/it\/2019\/10\/in-cammino-per-la-pace-camminata-transfrontaliera-tra-italia-e-svizzera\/"},"wordCount":386,"publisher":{"@id":"https:\/\/www.pressenza.com\/it\/#organization"},"image":{"@id":"https:\/\/www.pressenza.com\/it\/2019\/10\/in-cammino-per-la-pace-camminata-transfrontaliera-tra-italia-e-svizzera\/#primaryimage"},"thumbnailUrl":"https:\/\/www.pressenza.com\/wp-content\/uploads\/2019\/10\/camminata-pace.jpg","keywords":["camminata transfrontaliera tra Italia e Svizzera","Comitato Promotore Alto Verbano","Seconda Marcia Mondiale per la Pace e la Nonviolenza"],"articleSection":["contenuti originali","Europa","Pace e Disarmo"],"inLanguage":"it-IT"},{"@type":"WebPage","@id":"https:\/\/www.pressenza.com\/it\/2019\/10\/in-cammino-per-la-pace-camminata-transfrontaliera-tra-italia-e-svizzera\/","url":"https:\/\/www.pressenza.com\/it\/2019\/10\/in-cammino-per-la-pace-camminata-transfrontaliera-tra-italia-e-svizzera\/","name":"\u201cIn cammino per la pace\u201d, camminata transfrontaliera tra Italia e Svizzera","isPartOf":{"@id":"https:\/\/www.pressenza.com\/it\/#website"},"primaryImageOfPage":{"@id":"https:\/\/www.pressenza.com\/it\/2019\/10\/in-cammino-per-la-pace-camminata-transfrontaliera-tra-italia-e-svizzera\/#primaryimage"},"image":{"@id":"https:\/\/www.pressenza.com\/it\/2019\/10\/in-cammino-per-la-pace-camminata-transfrontaliera-tra-italia-e-svizzera\/#primaryimage"},"thumbnailUrl":"https:\/\/www.pressenza.com\/wp-content\/uploads\/2019\/10\/camminata-pace.jpg","datePublished":"2019-10-07T07:11:30+00:00","description":"Sabato 5 ottobre 2019 abbiamo partecipato con una delegazione di Luino, Cremenaga e Lavena Ponte Tresa alla camminata transfrontaliera per la pace tra il","breadcrumb":{"@id":"https:\/\/www.pressenza.com\/it\/2019\/10\/in-cammino-per-la-pace-camminata-transfrontaliera-tra-italia-e-svizzera\/#breadcrumb"},"inLanguage":"it-IT","potentialAction":[{"@type":"ReadAction","target":["https:\/\/www.pressenza.com\/it\/2019\/10\/in-cammino-per-la-pace-camminata-transfrontaliera-tra-italia-e-svizzera\/"]}]},{"@type":"ImageObject","inLanguage":"it-IT","@id":"https:\/\/www.pressenza.com\/it\/2019\/10\/in-cammino-per-la-pace-camminata-transfrontaliera-tra-italia-e-svizzera\/#primaryimage","url":"https:\/\/www.pressenza.com\/wp-content\/uploads\/2019\/10\/camminata-pace.jpg","contentUrl":"https:\/\/www.pressenza.com\/wp-content\/uploads\/2019\/10\/camminata-pace.jpg","width":1600,"height":1200},{"@type":"BreadcrumbList","@id":"https:\/\/www.pressenza.com\/it\/2019\/10\/in-cammino-per-la-pace-camminata-transfrontaliera-tra-italia-e-svizzera\/#breadcrumb","itemListElement":[{"@type":"ListItem","position":1,"name":"Accueil","item":"https:\/\/www.pressenza.com\/it\/"},{"@type":"ListItem","position":2,"name":"\u201cIn cammino per la pace\u201d, camminata transfrontaliera tra Italia e Svizzera"}]},{"@type":"WebSite","@id":"https:\/\/www.pressenza.com\/it\/#website","url":"https:\/\/www.pressenza.com\/it\/","name":"Pressenza","description":"Agenzia di Stampa Internazionale","publisher":{"@id":"https:\/\/www.pressenza.com\/it\/#organization"},"potentialAction":[{"@type":"SearchAction","target":{"@type":"EntryPoint","urlTemplate":"https:\/\/www.pressenza.com\/it\/?s={search_term_string}"},"query-input":{"@type":"PropertyValueSpecification","valueRequired":true,"valueName":"search_term_string"}}],"inLanguage":"it-IT"},{"@type":"Organization","@id":"https:\/\/www.pressenza.com\/it\/#organization","name":"Pressenza","url":"https:\/\/www.pressenza.com\/it\/","logo":{"@type":"ImageObject","inLanguage":"it-IT","@id":"https:\/\/www.pressenza.com\/it\/#\/schema\/logo\/image\/","url":"https:\/\/www.pressenza.com\/wp-content\/uploads\/2022\/10\/pressenza_logo_200x200.jpg","contentUrl":"https:\/\/www.pressenza.com\/wp-content\/uploads\/2022\/10\/pressenza_logo_200x200.jpg","width":200,"height":200,"caption":"Pressenza"},"image":{"@id":"https:\/\/www.pressenza.com\/it\/#\/schema\/logo\/image\/"},"sameAs":["https:\/\/www.facebook.com\/PressenzaItalia","https:\/\/x.com\/PressenzaIPA"]},{"@type":"Person","@id":"https:\/\/www.pressenza.com\/it\/#\/schema\/person\/7695876a0aa9e0602a5de3babecd54ff","name":"Marcia Mondiale per la Pace e la Nonviolenza","sameAs":["https:\/\/theworldmarch.org"],"url":"https:\/\/www.pressenza.com\/it\/author\/marcia-mondiale-per-la-pace-e-la-nonviolenza\/"}]}},"place":"","original_article_url":"","_links":{"self":[{"href":"https:\/\/www.pressenza.com\/it\/wp-json\/wp\/v2\/posts\/936096","targetHints":{"allow":["GET"]}}],"collection":[{"href":"https:\/\/www.pressenza.com\/it\/wp-json\/wp\/v2\/posts"}],"about":[{"href":"https:\/\/www.pressenza.com\/it\/wp-json\/wp\/v2\/types\/post"}],"author":[{"embeddable":true,"href":"https:\/\/www.pressenza.com\/it\/wp-json\/wp\/v2\/users\/1565"}],"replies":[{"embeddable":true,"href":"https:\/\/www.pressenza.com\/it\/wp-json\/wp\/v2\/comments?post=936096"}],"version-history":[{"count":0,"href":"https:\/\/www.pressenza.com\/it\/wp-json\/wp\/v2\/posts\/936096\/revisions"}],"wp:featuredmedia":[{"embeddable":true,"href":"https:\/\/www.pressenza.com\/it\/wp-json\/wp\/v2\/media\/936097"}],"wp:attachment":[{"href":"https:\/\/www.pressenza.com\/it\/wp-json\/wp\/v2\/media?parent=936096"}],"wp:term":[{"taxonomy":"category","embeddable":true,"href":"https:\/\/www.pressenza.com\/it\/wp-json\/wp\/v2\/categories?post=936096"},{"taxonomy":"post_tag","embeddable":true,"href":"https:\/\/www.pressenza.com\/it\/wp-json\/wp\/v2\/tags?post=936096"}],"curies":[{"name":"wp","href":"https:\/\/api.w.org\/{rel}","templated":true}]}}