{"id":934941,"date":"2019-10-04T23:47:52","date_gmt":"2019-10-04T22:47:52","guid":{"rendered":"https:\/\/www.pressenza.com\/?p=934941"},"modified":"2019-10-04T23:48:42","modified_gmt":"2019-10-04T22:48:42","slug":"la-marcia-della-pace-della-romagna-nel-segno-di-annalena-tonelli-attese-3-mila-persone","status":"publish","type":"post","link":"https:\/\/www.pressenza.com\/it\/2019\/10\/la-marcia-della-pace-della-romagna-nel-segno-di-annalena-tonelli-attese-3-mila-persone\/","title":{"rendered":"La Marcia della Pace della Romagna nel segno di Annalena Tonelli: &#8220;Attese 3 mila persone&#8221;"},"content":{"rendered":"<p><span style=\"color: #000000;\"><span style=\"font-family: Helvetica, sans-serif;\"><span style=\"font-size: medium;\"><span lang=\"it-IT\">Domenica 6 ottobre 2019 si svolger\u00e0 la VI edizione della Marcia della Pace della Romagna, la Forl\u00ec-Forlimpopoli-Bertinoro. Quest&#8217;anno la Marcia \u00e8 dedicata ad\u00a0Annalena Tonelli, missionaria laica forlivese uccisa in Somaliland il 5 ottobre 2003, ed \u00e8 in collaborazione con il Comitato per la Lotta contro la Fame nel Mondo. La Marcia della Pace della Romagna \u00e8 organizzata dal Centro per la Pace di Forl\u00ec in collaborazione con il Comune di Forl\u00ec, con gli altri Enti Locali del territorio della Romagna e realt\u00e0 associative e di volontariato sempre della Romagna. &#8220;Questo evento &#8211; spiega il presidente\u00a0Michele\u00a0Di Domenico &#8211; richiama nel nostro territorio circa 3000 persone che insieme marciano per i valori della pace, della nonviolenza, della solidariet\u00e0, della libert\u00e0, della democrazia e dell&#8217;anti militarismo&#8221;.<\/span><\/span><\/span><\/span><\/p>\n<p><span style=\"color: #000000;\"><span style=\"font-family: Helvetica, sans-serif;\"><span style=\"font-size: medium;\"><span lang=\"it-IT\">La partenza sar\u00e0 da Forl\u00ec alle 9, con ritrovo in bici Piazza Saffi. Alle 10 \u00e8 previsto l&#8217;arrivo a Forlimpopoli, in Piazza Garibaldi. Da qui, intorno alle 10:30, il corteo s&#8217;incamminer\u00e0 verso Bertinoro, con arrivo alla Rocca atteso per le\u00a013. C&#8217;\u00e8 un&#8217;area pic-nic per il pranzo al sacco. E&#8217; prevista la possibilit\u00e0 di pranzare in alcuni ristoranti con men\u00f9 convenzionato. <\/span><\/span><\/span><\/span><\/p>\n<p><span style=\"color: #000000;\"><span style=\"font-family: Helvetica, sans-serif;\"><span style=\"font-size: medium;\"><span lang=\"it-IT\">Seguir\u00e0 un momento d&#8217;intrattenimento teatrale e musicale intitolato: &#8220;Musiche e parole dedicate ad Annalena&#8221;, a cura della &#8220;Compagnia Quelli della via&#8221;. Per il ritorno \u00e8 previsto un servizio navetta da piazza del Monumento al Vignaiolo, con partenze ogni trenta minuti a partire dalle 14.30 fino alle 17.30.<\/span><\/span><\/span><\/span><\/p>\n<p><span style=\"color: #000000;\"><span style=\"font-family: Helvetica, sans-serif;\"><span style=\"font-size: medium;\"><span lang=\"it-IT\">I marciatori della Pace si muovono in ottemperanza al principio costituzionale del ripudio della guerra, di cui all\u2019articolo 11 della Costituzione della Repubblica Italiana, ed al fine di favorire l\u2019adempimento del dovere di difesa della Patria di cui all\u2019articolo 52 della Costituzione.<\/span><\/span><\/span><\/span><\/p>\n<p><span style=\"color: #000000;\"><span style=\"font-family: Helvetica, sans-serif;\"><span style=\"font-size: medium;\"><span lang=\"it-IT\">Per questo chiedono che venga riconosciuta una forma di difesa alternativa a quella militare denominata \u201cDifesa civile, non armata e nonviolenta\u201d, quale strumento di difesa che non comporti l\u2019uso delle armi ed alternativo a quello militare, per questo venga istituito presso la Presidenza del Consiglio dei Ministri, il \u201cDipartimento della difesa civile, non armata e nonviolenta\u201d, dal quale dipendano i Corpi Civili di Pace (un contingente di uomini e donne da impegnare in azioni di pace non governative nelle aree di conflitto o a rischio di conflitto o nelle aree di emergenza ambientale). Chiedono la creazione di un Istituto di ricerca sulla Pace e il Disarmo (per predisporre piani per la difesa civile non armata e nonviolenta, coordinarne la loro attuazione, e curare ricerche e sperimentazioni, nonch\u00e9 forme di attuazione della difesa civile non armata, compresa la necessaria formazione e l\u2019educazione della popolazione). I marciatori altres\u00ec chiedono di svolgere attivit\u00e0 di ricerca per la pace, il disarmo, per la graduale differenziazione produttiva e la conversione a fini civili delle industrie nel settore della difesa; favorire la prevenzione dei conflitti armati, la riconciliazione, la mediazione, la promozione dei diritti umani, la solidariet\u00e0 internazionale, l\u2019educazione alla Pace nel Mondo, il dialogo inter-religioso ed in particolare nelle aree a rischio di conflitto, in conflitto o post-conflitto.<\/span><\/span><\/span><\/span><\/p>\n<p><span style=\"color: #222222;\"><span style=\"font-family: Arial, sans-serif;\"><span style=\"font-size: medium;\"><span lang=\"it-IT\">Infine chiedono che l\u2019Italia aderisca al Trattato per la messa al bando delle armi nucleari che l\u2019Onu ha approvato il 7\/7\/2017 con 122 voti favorevoli. Affinch\u00e9 il Trattato entri in vigore sono necessarie, per\u00f2, le ratifiche di 50 Stati (attualmente sono circa una 30 quelli che lo hanno ratificato e l\u2019Italia \u201cbrilla \u201c per essere assente).<\/span><\/span><\/span><\/span><\/p>\n<p><em><strong><span style=\"color: #222222;\"><span style=\"font-family: Arial, sans-serif;\"><span style=\"font-size: medium;\">Centro per la Pace Forl\u00ec-APS<\/span><\/span><\/span><\/strong><\/em><\/p>\n","protected":false},"excerpt":{"rendered":"<p>Domenica 6 ottobre 2019 si svolger\u00e0 la VI edizione della Marcia della Pace della Romagna, la Forl\u00ec-Forlimpopoli-Bertinoro. Quest&#8217;anno la Marcia \u00e8 dedicata ad\u00a0Annalena Tonelli, missionaria laica forlivese uccisa in Somaliland il 5 ottobre 2003, ed \u00e8 in collaborazione con il&hellip;<\/p>\n","protected":false},"author":594,"featured_media":934942,"comment_status":"closed","ping_status":"closed","sticky":false,"template":"","format":"standard","meta":{"footnotes":""},"categories":[150,47,1263],"tags":[64902,6714,294,9740],"class_list":["post-934941","post","type-post","status-publish","format-standard","has-post-thumbnail","hentry","category-comunicati-stampa","category-europa","category-pace-disarmo","tag-annalena-tonelli","tag-marcia","tag-pace","tag-romagna"],"yoast_head":"<!-- This site is optimized with the Yoast SEO plugin v27.1.1 - https:\/\/yoast.com\/product\/yoast-seo-wordpress\/ -->\n<title>La Marcia della Pace della Romagna nel segno di Annalena Tonelli: &quot;Attese 3 mila persone&quot;<\/title>\n<meta name=\"description\" content=\"Domenica 6 ottobre 2019 si svolger\u00e0 la VI edizione della Marcia della Pace della Romagna, la Forl\u00ec-Forlimpopoli-Bertinoro. Si chiede che venga riconosciuta una forma di difesa alternativa a quella militare denominata \u201cDifesa civile, non armata e nonviolenta\u201d, la creazione di un Istituto di ricerca sulla Pace e il Disarmo e l&#039;aderisione dell&#039;Italia al Trattato per la messa al bando delle armi nucleari\" \/>\n<meta name=\"robots\" content=\"index, follow, max-snippet:-1, max-image-preview:large, max-video-preview:-1\" \/>\n<link rel=\"canonical\" href=\"https:\/\/www.pressenza.com\/it\/2019\/10\/la-marcia-della-pace-della-romagna-nel-segno-di-annalena-tonelli-attese-3-mila-persone\/\" \/>\n<meta property=\"og:locale\" content=\"it_IT\" \/>\n<meta property=\"og:type\" content=\"article\" \/>\n<meta property=\"og:title\" content=\"La Marcia della Pace della Romagna nel segno di Annalena Tonelli: &quot;Attese 3 mila persone&quot;\" \/>\n<meta property=\"og:description\" content=\"Domenica 6 ottobre 2019 si svolger\u00e0 la VI edizione della Marcia della Pace della Romagna, la Forl\u00ec-Forlimpopoli-Bertinoro. Si chiede che venga riconosciuta una forma di difesa alternativa a quella militare denominata \u201cDifesa civile, non armata e nonviolenta\u201d, la creazione di un Istituto di ricerca sulla Pace e il Disarmo e l&#039;aderisione dell&#039;Italia al Trattato per la messa al bando delle armi nucleari\" \/>\n<meta property=\"og:url\" content=\"https:\/\/www.pressenza.com\/it\/2019\/10\/la-marcia-della-pace-della-romagna-nel-segno-di-annalena-tonelli-attese-3-mila-persone\/\" \/>\n<meta property=\"og:site_name\" content=\"Pressenza\" \/>\n<meta property=\"article:publisher\" content=\"https:\/\/www.facebook.com\/PressenzaItalia\" \/>\n<meta property=\"article:author\" content=\"https:\/\/www.facebook.com\/PressenzaItalia\" \/>\n<meta property=\"article:published_time\" content=\"2019-10-04T22:47:52+00:00\" \/>\n<meta property=\"article:modified_time\" content=\"2019-10-04T22:48:42+00:00\" \/>\n<meta property=\"og:image\" content=\"https:\/\/www.pressenza.com\/wp-content\/uploads\/2019\/10\/Marcia-della-Pace.jpg\" \/>\n\t<meta property=\"og:image:width\" content=\"1575\" \/>\n\t<meta property=\"og:image:height\" content=\"947\" \/>\n\t<meta property=\"og:image:type\" content=\"image\/jpeg\" \/>\n<meta name=\"author\" content=\"Redazione Italia\" \/>\n<meta name=\"twitter:card\" content=\"summary_large_image\" \/>\n<meta name=\"twitter:creator\" content=\"@pressenza_it\" \/>\n<meta name=\"twitter:site\" content=\"@PressenzaIPA\" \/>\n<meta name=\"twitter:label1\" content=\"Scritto da\" \/>\n\t<meta name=\"twitter:data1\" content=\"Redazione Italia\" \/>\n\t<meta name=\"twitter:label2\" content=\"Tempo di lettura stimato\" \/>\n\t<meta name=\"twitter:data2\" content=\"3 minuti\" \/>\n<script type=\"application\/ld+json\" class=\"yoast-schema-graph\">{\"@context\":\"https:\/\/schema.org\",\"@graph\":[{\"@type\":\"Article\",\"@id\":\"https:\/\/www.pressenza.com\/it\/2019\/10\/la-marcia-della-pace-della-romagna-nel-segno-di-annalena-tonelli-attese-3-mila-persone\/#article\",\"isPartOf\":{\"@id\":\"https:\/\/www.pressenza.com\/it\/2019\/10\/la-marcia-della-pace-della-romagna-nel-segno-di-annalena-tonelli-attese-3-mila-persone\/\"},\"author\":{\"name\":\"Redazione Italia\",\"@id\":\"https:\/\/www.pressenza.com\/it\/#\/schema\/person\/d983e81827ae24f2c7b1a2123d197f8d\"},\"headline\":\"La Marcia della Pace della Romagna nel segno di Annalena Tonelli: &#8220;Attese 3 mila persone&#8221;\",\"datePublished\":\"2019-10-04T22:47:52+00:00\",\"dateModified\":\"2019-10-04T22:48:42+00:00\",\"mainEntityOfPage\":{\"@id\":\"https:\/\/www.pressenza.com\/it\/2019\/10\/la-marcia-della-pace-della-romagna-nel-segno-di-annalena-tonelli-attese-3-mila-persone\/\"},\"wordCount\":558,\"publisher\":{\"@id\":\"https:\/\/www.pressenza.com\/it\/#organization\"},\"image\":{\"@id\":\"https:\/\/www.pressenza.com\/it\/2019\/10\/la-marcia-della-pace-della-romagna-nel-segno-di-annalena-tonelli-attese-3-mila-persone\/#primaryimage\"},\"thumbnailUrl\":\"https:\/\/www.pressenza.com\/wp-content\/uploads\/2019\/10\/Marcia-della-Pace.jpg\",\"keywords\":[\"Annalena Tonelli\",\"marcia\",\"Pace\",\"Romagna\"],\"articleSection\":[\"Comunicati Stampa\",\"Europa\",\"Pace e Disarmo\"],\"inLanguage\":\"it-IT\"},{\"@type\":\"WebPage\",\"@id\":\"https:\/\/www.pressenza.com\/it\/2019\/10\/la-marcia-della-pace-della-romagna-nel-segno-di-annalena-tonelli-attese-3-mila-persone\/\",\"url\":\"https:\/\/www.pressenza.com\/it\/2019\/10\/la-marcia-della-pace-della-romagna-nel-segno-di-annalena-tonelli-attese-3-mila-persone\/\",\"name\":\"La Marcia della Pace della Romagna nel segno di Annalena Tonelli: \\\"Attese 3 mila persone\\\"\",\"isPartOf\":{\"@id\":\"https:\/\/www.pressenza.com\/it\/#website\"},\"primaryImageOfPage\":{\"@id\":\"https:\/\/www.pressenza.com\/it\/2019\/10\/la-marcia-della-pace-della-romagna-nel-segno-di-annalena-tonelli-attese-3-mila-persone\/#primaryimage\"},\"image\":{\"@id\":\"https:\/\/www.pressenza.com\/it\/2019\/10\/la-marcia-della-pace-della-romagna-nel-segno-di-annalena-tonelli-attese-3-mila-persone\/#primaryimage\"},\"thumbnailUrl\":\"https:\/\/www.pressenza.com\/wp-content\/uploads\/2019\/10\/Marcia-della-Pace.jpg\",\"datePublished\":\"2019-10-04T22:47:52+00:00\",\"dateModified\":\"2019-10-04T22:48:42+00:00\",\"description\":\"Domenica 6 ottobre 2019 si svolger\u00e0 la VI edizione della Marcia della Pace della Romagna, la Forl\u00ec-Forlimpopoli-Bertinoro. Si chiede che venga riconosciuta una forma di difesa alternativa a quella militare denominata \u201cDifesa civile, non armata e nonviolenta\u201d, la creazione di un Istituto di ricerca sulla Pace e il Disarmo e l'aderisione dell'Italia al Trattato per la messa al bando delle armi nucleari\",\"breadcrumb\":{\"@id\":\"https:\/\/www.pressenza.com\/it\/2019\/10\/la-marcia-della-pace-della-romagna-nel-segno-di-annalena-tonelli-attese-3-mila-persone\/#breadcrumb\"},\"inLanguage\":\"it-IT\",\"potentialAction\":[{\"@type\":\"ReadAction\",\"target\":[\"https:\/\/www.pressenza.com\/it\/2019\/10\/la-marcia-della-pace-della-romagna-nel-segno-di-annalena-tonelli-attese-3-mila-persone\/\"]}]},{\"@type\":\"ImageObject\",\"inLanguage\":\"it-IT\",\"@id\":\"https:\/\/www.pressenza.com\/it\/2019\/10\/la-marcia-della-pace-della-romagna-nel-segno-di-annalena-tonelli-attese-3-mila-persone\/#primaryimage\",\"url\":\"https:\/\/www.pressenza.com\/wp-content\/uploads\/2019\/10\/Marcia-della-Pace.jpg\",\"contentUrl\":\"https:\/\/www.pressenza.com\/wp-content\/uploads\/2019\/10\/Marcia-della-Pace.jpg\",\"width\":1575,\"height\":947,\"caption\":\"Marcia della Pace\"},{\"@type\":\"BreadcrumbList\",\"@id\":\"https:\/\/www.pressenza.com\/it\/2019\/10\/la-marcia-della-pace-della-romagna-nel-segno-di-annalena-tonelli-attese-3-mila-persone\/#breadcrumb\",\"itemListElement\":[{\"@type\":\"ListItem\",\"position\":1,\"name\":\"Accueil\",\"item\":\"https:\/\/www.pressenza.com\/it\/\"},{\"@type\":\"ListItem\",\"position\":2,\"name\":\"La Marcia della Pace della Romagna nel segno di Annalena Tonelli: &#8220;Attese 3 mila persone&#8221;\"}]},{\"@type\":\"WebSite\",\"@id\":\"https:\/\/www.pressenza.com\/it\/#website\",\"url\":\"https:\/\/www.pressenza.com\/it\/\",\"name\":\"Pressenza\",\"description\":\"Agenzia di Stampa Internazionale\",\"publisher\":{\"@id\":\"https:\/\/www.pressenza.com\/it\/#organization\"},\"potentialAction\":[{\"@type\":\"SearchAction\",\"target\":{\"@type\":\"EntryPoint\",\"urlTemplate\":\"https:\/\/www.pressenza.com\/it\/?s={search_term_string}\"},\"query-input\":{\"@type\":\"PropertyValueSpecification\",\"valueRequired\":true,\"valueName\":\"search_term_string\"}}],\"inLanguage\":\"it-IT\"},{\"@type\":\"Organization\",\"@id\":\"https:\/\/www.pressenza.com\/it\/#organization\",\"name\":\"Pressenza\",\"url\":\"https:\/\/www.pressenza.com\/it\/\",\"logo\":{\"@type\":\"ImageObject\",\"inLanguage\":\"it-IT\",\"@id\":\"https:\/\/www.pressenza.com\/it\/#\/schema\/logo\/image\/\",\"url\":\"https:\/\/www.pressenza.com\/wp-content\/uploads\/2022\/10\/pressenza_logo_200x200.jpg\",\"contentUrl\":\"https:\/\/www.pressenza.com\/wp-content\/uploads\/2022\/10\/pressenza_logo_200x200.jpg\",\"width\":200,\"height\":200,\"caption\":\"Pressenza\"},\"image\":{\"@id\":\"https:\/\/www.pressenza.com\/it\/#\/schema\/logo\/image\/\"},\"sameAs\":[\"https:\/\/www.facebook.com\/PressenzaItalia\",\"https:\/\/x.com\/PressenzaIPA\"]},{\"@type\":\"Person\",\"@id\":\"https:\/\/www.pressenza.com\/it\/#\/schema\/person\/d983e81827ae24f2c7b1a2123d197f8d\",\"name\":\"Redazione Italia\",\"description\":\"News from the Pressenza Bureau in Italy\",\"sameAs\":[\"https:\/\/www.pressenza.com\/it\/author\/redazione-italia\/\",\"https:\/\/www.facebook.com\/PressenzaItalia\",\"https:\/\/www.instagram.com\/pressenza_italia\/\",\"https:\/\/x.com\/pressenza_it\",\"https:\/\/www.youtube.com\/channel\/UCSalEIWjE1RSxkwjfftFuqg\"],\"url\":\"https:\/\/www.pressenza.com\/it\/author\/redazione-italia\/\"}]}<\/script>\n<!-- \/ Yoast SEO plugin. -->","yoast_head_json":{"title":"La Marcia della Pace della Romagna nel segno di Annalena Tonelli: \"Attese 3 mila persone\"","description":"Domenica 6 ottobre 2019 si svolger\u00e0 la VI edizione della Marcia della Pace della Romagna, la Forl\u00ec-Forlimpopoli-Bertinoro. Si chiede che venga riconosciuta una forma di difesa alternativa a quella militare denominata \u201cDifesa civile, non armata e nonviolenta\u201d, la creazione di un Istituto di ricerca sulla Pace e il Disarmo e l'aderisione dell'Italia al Trattato per la messa al bando delle armi nucleari","robots":{"index":"index","follow":"follow","max-snippet":"max-snippet:-1","max-image-preview":"max-image-preview:large","max-video-preview":"max-video-preview:-1"},"canonical":"https:\/\/www.pressenza.com\/it\/2019\/10\/la-marcia-della-pace-della-romagna-nel-segno-di-annalena-tonelli-attese-3-mila-persone\/","og_locale":"it_IT","og_type":"article","og_title":"La Marcia della Pace della Romagna nel segno di Annalena Tonelli: \"Attese 3 mila persone\"","og_description":"Domenica 6 ottobre 2019 si svolger\u00e0 la VI edizione della Marcia della Pace della Romagna, la Forl\u00ec-Forlimpopoli-Bertinoro. Si chiede che venga riconosciuta una forma di difesa alternativa a quella militare denominata \u201cDifesa civile, non armata e nonviolenta\u201d, la creazione di un Istituto di ricerca sulla Pace e il Disarmo e l'aderisione dell'Italia al Trattato per la messa al bando delle armi nucleari","og_url":"https:\/\/www.pressenza.com\/it\/2019\/10\/la-marcia-della-pace-della-romagna-nel-segno-di-annalena-tonelli-attese-3-mila-persone\/","og_site_name":"Pressenza","article_publisher":"https:\/\/www.facebook.com\/PressenzaItalia","article_author":"https:\/\/www.facebook.com\/PressenzaItalia","article_published_time":"2019-10-04T22:47:52+00:00","article_modified_time":"2019-10-04T22:48:42+00:00","og_image":[{"width":1575,"height":947,"url":"https:\/\/www.pressenza.com\/wp-content\/uploads\/2019\/10\/Marcia-della-Pace.jpg","type":"image\/jpeg"}],"author":"Redazione Italia","twitter_card":"summary_large_image","twitter_creator":"@pressenza_it","twitter_site":"@PressenzaIPA","twitter_misc":{"Scritto da":"Redazione Italia","Tempo di lettura stimato":"3 minuti"},"schema":{"@context":"https:\/\/schema.org","@graph":[{"@type":"Article","@id":"https:\/\/www.pressenza.com\/it\/2019\/10\/la-marcia-della-pace-della-romagna-nel-segno-di-annalena-tonelli-attese-3-mila-persone\/#article","isPartOf":{"@id":"https:\/\/www.pressenza.com\/it\/2019\/10\/la-marcia-della-pace-della-romagna-nel-segno-di-annalena-tonelli-attese-3-mila-persone\/"},"author":{"name":"Redazione Italia","@id":"https:\/\/www.pressenza.com\/it\/#\/schema\/person\/d983e81827ae24f2c7b1a2123d197f8d"},"headline":"La Marcia della Pace della Romagna nel segno di Annalena Tonelli: &#8220;Attese 3 mila persone&#8221;","datePublished":"2019-10-04T22:47:52+00:00","dateModified":"2019-10-04T22:48:42+00:00","mainEntityOfPage":{"@id":"https:\/\/www.pressenza.com\/it\/2019\/10\/la-marcia-della-pace-della-romagna-nel-segno-di-annalena-tonelli-attese-3-mila-persone\/"},"wordCount":558,"publisher":{"@id":"https:\/\/www.pressenza.com\/it\/#organization"},"image":{"@id":"https:\/\/www.pressenza.com\/it\/2019\/10\/la-marcia-della-pace-della-romagna-nel-segno-di-annalena-tonelli-attese-3-mila-persone\/#primaryimage"},"thumbnailUrl":"https:\/\/www.pressenza.com\/wp-content\/uploads\/2019\/10\/Marcia-della-Pace.jpg","keywords":["Annalena Tonelli","marcia","Pace","Romagna"],"articleSection":["Comunicati Stampa","Europa","Pace e Disarmo"],"inLanguage":"it-IT"},{"@type":"WebPage","@id":"https:\/\/www.pressenza.com\/it\/2019\/10\/la-marcia-della-pace-della-romagna-nel-segno-di-annalena-tonelli-attese-3-mila-persone\/","url":"https:\/\/www.pressenza.com\/it\/2019\/10\/la-marcia-della-pace-della-romagna-nel-segno-di-annalena-tonelli-attese-3-mila-persone\/","name":"La Marcia della Pace della Romagna nel segno di Annalena Tonelli: \"Attese 3 mila persone\"","isPartOf":{"@id":"https:\/\/www.pressenza.com\/it\/#website"},"primaryImageOfPage":{"@id":"https:\/\/www.pressenza.com\/it\/2019\/10\/la-marcia-della-pace-della-romagna-nel-segno-di-annalena-tonelli-attese-3-mila-persone\/#primaryimage"},"image":{"@id":"https:\/\/www.pressenza.com\/it\/2019\/10\/la-marcia-della-pace-della-romagna-nel-segno-di-annalena-tonelli-attese-3-mila-persone\/#primaryimage"},"thumbnailUrl":"https:\/\/www.pressenza.com\/wp-content\/uploads\/2019\/10\/Marcia-della-Pace.jpg","datePublished":"2019-10-04T22:47:52+00:00","dateModified":"2019-10-04T22:48:42+00:00","description":"Domenica 6 ottobre 2019 si svolger\u00e0 la VI edizione della Marcia della Pace della Romagna, la Forl\u00ec-Forlimpopoli-Bertinoro. Si chiede che venga riconosciuta una forma di difesa alternativa a quella militare denominata \u201cDifesa civile, non armata e nonviolenta\u201d, la creazione di un Istituto di ricerca sulla Pace e il Disarmo e l'aderisione dell'Italia al Trattato per la messa al bando delle armi nucleari","breadcrumb":{"@id":"https:\/\/www.pressenza.com\/it\/2019\/10\/la-marcia-della-pace-della-romagna-nel-segno-di-annalena-tonelli-attese-3-mila-persone\/#breadcrumb"},"inLanguage":"it-IT","potentialAction":[{"@type":"ReadAction","target":["https:\/\/www.pressenza.com\/it\/2019\/10\/la-marcia-della-pace-della-romagna-nel-segno-di-annalena-tonelli-attese-3-mila-persone\/"]}]},{"@type":"ImageObject","inLanguage":"it-IT","@id":"https:\/\/www.pressenza.com\/it\/2019\/10\/la-marcia-della-pace-della-romagna-nel-segno-di-annalena-tonelli-attese-3-mila-persone\/#primaryimage","url":"https:\/\/www.pressenza.com\/wp-content\/uploads\/2019\/10\/Marcia-della-Pace.jpg","contentUrl":"https:\/\/www.pressenza.com\/wp-content\/uploads\/2019\/10\/Marcia-della-Pace.jpg","width":1575,"height":947,"caption":"Marcia della Pace"},{"@type":"BreadcrumbList","@id":"https:\/\/www.pressenza.com\/it\/2019\/10\/la-marcia-della-pace-della-romagna-nel-segno-di-annalena-tonelli-attese-3-mila-persone\/#breadcrumb","itemListElement":[{"@type":"ListItem","position":1,"name":"Accueil","item":"https:\/\/www.pressenza.com\/it\/"},{"@type":"ListItem","position":2,"name":"La Marcia della Pace della Romagna nel segno di Annalena Tonelli: &#8220;Attese 3 mila persone&#8221;"}]},{"@type":"WebSite","@id":"https:\/\/www.pressenza.com\/it\/#website","url":"https:\/\/www.pressenza.com\/it\/","name":"Pressenza","description":"Agenzia di Stampa Internazionale","publisher":{"@id":"https:\/\/www.pressenza.com\/it\/#organization"},"potentialAction":[{"@type":"SearchAction","target":{"@type":"EntryPoint","urlTemplate":"https:\/\/www.pressenza.com\/it\/?s={search_term_string}"},"query-input":{"@type":"PropertyValueSpecification","valueRequired":true,"valueName":"search_term_string"}}],"inLanguage":"it-IT"},{"@type":"Organization","@id":"https:\/\/www.pressenza.com\/it\/#organization","name":"Pressenza","url":"https:\/\/www.pressenza.com\/it\/","logo":{"@type":"ImageObject","inLanguage":"it-IT","@id":"https:\/\/www.pressenza.com\/it\/#\/schema\/logo\/image\/","url":"https:\/\/www.pressenza.com\/wp-content\/uploads\/2022\/10\/pressenza_logo_200x200.jpg","contentUrl":"https:\/\/www.pressenza.com\/wp-content\/uploads\/2022\/10\/pressenza_logo_200x200.jpg","width":200,"height":200,"caption":"Pressenza"},"image":{"@id":"https:\/\/www.pressenza.com\/it\/#\/schema\/logo\/image\/"},"sameAs":["https:\/\/www.facebook.com\/PressenzaItalia","https:\/\/x.com\/PressenzaIPA"]},{"@type":"Person","@id":"https:\/\/www.pressenza.com\/it\/#\/schema\/person\/d983e81827ae24f2c7b1a2123d197f8d","name":"Redazione Italia","description":"News from the Pressenza Bureau in Italy","sameAs":["https:\/\/www.pressenza.com\/it\/author\/redazione-italia\/","https:\/\/www.facebook.com\/PressenzaItalia","https:\/\/www.instagram.com\/pressenza_italia\/","https:\/\/x.com\/pressenza_it","https:\/\/www.youtube.com\/channel\/UCSalEIWjE1RSxkwjfftFuqg"],"url":"https:\/\/www.pressenza.com\/it\/author\/redazione-italia\/"}]}},"place":"","original_article_url":"","_links":{"self":[{"href":"https:\/\/www.pressenza.com\/it\/wp-json\/wp\/v2\/posts\/934941","targetHints":{"allow":["GET"]}}],"collection":[{"href":"https:\/\/www.pressenza.com\/it\/wp-json\/wp\/v2\/posts"}],"about":[{"href":"https:\/\/www.pressenza.com\/it\/wp-json\/wp\/v2\/types\/post"}],"author":[{"embeddable":true,"href":"https:\/\/www.pressenza.com\/it\/wp-json\/wp\/v2\/users\/594"}],"replies":[{"embeddable":true,"href":"https:\/\/www.pressenza.com\/it\/wp-json\/wp\/v2\/comments?post=934941"}],"version-history":[{"count":0,"href":"https:\/\/www.pressenza.com\/it\/wp-json\/wp\/v2\/posts\/934941\/revisions"}],"wp:featuredmedia":[{"embeddable":true,"href":"https:\/\/www.pressenza.com\/it\/wp-json\/wp\/v2\/media\/934942"}],"wp:attachment":[{"href":"https:\/\/www.pressenza.com\/it\/wp-json\/wp\/v2\/media?parent=934941"}],"wp:term":[{"taxonomy":"category","embeddable":true,"href":"https:\/\/www.pressenza.com\/it\/wp-json\/wp\/v2\/categories?post=934941"},{"taxonomy":"post_tag","embeddable":true,"href":"https:\/\/www.pressenza.com\/it\/wp-json\/wp\/v2\/tags?post=934941"}],"curies":[{"name":"wp","href":"https:\/\/api.w.org\/{rel}","templated":true}]}}