{"id":934410,"date":"2019-10-04T10:48:15","date_gmt":"2019-10-04T09:48:15","guid":{"rendered":"https:\/\/www.pressenza.com\/?p=934410"},"modified":"2019-10-04T10:48:15","modified_gmt":"2019-10-04T09:48:15","slug":"i-ragazzini-ci-salveranno-spiegatelo-ai-parrucconi","status":"publish","type":"post","link":"https:\/\/www.pressenza.com\/it\/2019\/10\/i-ragazzini-ci-salveranno-spiegatelo-ai-parrucconi\/","title":{"rendered":"I ragazzini ci salveranno, spiegatelo ai parrucconi"},"content":{"rendered":"<p><strong>A Massimo Cacciari non piacciono, Greta, lo sciopero, i ragazzi, e pure il ministro che \u201cli autorizza\u201d a scioperare<\/strong>. Dice \u2013 in una breve intervista al \u00abCorriere della sera\u00bb: \u00abSe continuiamo ad affrontare i problemi\u00a0<em>alla Greta<\/em>\u00a0siamo fritti. Siamo all\u2019ideologia dell\u2019incompetenza\u00bb.\u00a0<strong>Dice che era meglio se i ragazzi restavano a scuola a studiare e dice ancora, che ben prima di Greta avevano parlato \u201cfior di scienziati\u201d purtroppo inascoltati<\/strong>\u00a0e che \u00abi problemi non si affrontano in termini ideologico-sentimental-patetico\u00bb.\u00a0<strong>Fa tenerezza Cacciari<\/strong>, quando dice queste cose.\u00a0<strong>Come non sapesse che i grandi movimenti sociali sono sempre animati da passione e dal contagio dell\u2019entusiasmo che quella passione genera, piuttosto che dai sapientoni, dai parrucconi delle accademie scientifiche<\/strong>\u00a0\u2013 tutti presi peraltro a confutarsi le tesi gli uni con gli altri e sovra ogni cosa a queste infinite battaglie dedicarsi in corpo e spirito. Quanti anni aveva Giovanna d\u2019Arco \u2013 adesso, non fate: boom \u2013 quando fu bruciata sul rogo nel 1431? Solo diciannove, e nei due precedenti aveva scombussolato la Francia e l\u2019Inghilterra. Guidava eserciti, a quell\u2019et\u00e0.<\/p>\n<p><strong>Fa incavolare, invece, tutta quella sinistra variamente declinata<\/strong>\u00a0(della destra, da Trump a Bolsonaro gi\u00f9 gi\u00f9, non val la pena spendere parole)\u00a0<strong>da social che contro Greta ha scatenato un putiferio di critiche, di supponenza<\/strong>, di maldicenza \u2013 che sembra poi il vero venticello dei social, con la tiritera del solito Soros di turno (\u00abchi la paga, questa ragazzina?\u00bb)\u00a0<strong>Fa incavolare perch\u00e9 l\u2019argomentazione \u00e8 che questa di Greta e le altre sarebbe una battaglia \u201cdi sovrastruttura\u201d che non va a scalfire la contraddizione principale del pianeta, ovvero il conflitto capitale\/lavoro<\/strong>. Sul momento non capisci se ci sono o ci fanno, poi capisci che non \u00e8 quello che importa.\u00a0<strong>Vorresti dire: quale conflitto rimarr\u00e0, quando schiatteremo per il cambiamento climatico?<\/strong>\u00a0Quando le nostre risorse si limiteranno al punto che la nostra vita sar\u00e0 la lotta per la sopravvivenza? Quale lavoro ci sar\u00e0? Quale capitale?<strong>\u00a0<\/strong><\/p>\n<p><strong>A Elsa Morante invece, sarebbero piaciuti eccome. Sta tutto l\u00ec in quel suo straordinario \u201clavoro\u201d che \u00e8\u00a0<em>Il mondo salvato dai ragazzini<\/em>, uno strano libro<\/strong>, fatto di cose che aveva gi\u00e0 scritto e cose che scrisse apposta, dove c\u2019\u00e8 poesia, racconto, teatro, canzone, saggio, disegni, scritto un po\u2019 in verticale, un po\u2019 in orizzontale, che usc\u00ec nel 1968. Un manifesto, una commedia, una tragedia, un romanzo, un documentario a colori \u2013 cos\u00ec lei stessa definiva il libro.\u00a0<strong>Un poema, ha detto Goffredo Fofi<\/strong>, forse azzeccandola. E che cosa dice il nucleo di questo libro straordinario che usc\u00ec proprio nell\u2019anno \u2013 l\u2019anno del pensiero magico \u2013 in cui il mondo fu messo sottosopra dalla giovent\u00f9 che scendeva in piazza e voleva essere ascoltata, voleva essere \u201csoggetto politico\u201d che decidesse il proprio futuro, immaginandone uno completamente diversa da quello a cui erano stati \u201cdestinati\u201d dalle famiglie, dalle scuole, dalle universit\u00e0, dalle caserme, da chi gestiva il potere?\u00a0<strong>Diceva, la Morante, che al mondo ci sono i Felici Pochi e gli Infelici Molti, e che i Felici Pochi, spesso vittime della Storia, sono quelli che vivono la vita con generosit\u00e0, e che gli Infelici Molti sono quelli che stanno in attesa della fine<\/strong>.\u00a0<strong>E diceva, Elsa, ai giovani che dovrebbero essere allegri, curiosi nei confronti del mondo, dell\u2019altro, che dovrebbero avere rispetto della natura, che dovrebbero stare dentro l\u2019unit\u00e0 del cosmo<\/strong>.<\/p>\n<p>I Felici Pochi sono giovani \u2013 non importa che et\u00e0 abbiano davvero.<\/p>\n<p><em>\u00abSappi\u00e0telo, o padri meschini I(nfelici) M(olti) d\u2019ogni paese: \/ se ancora il corpo offeso dei viventi resiste \/ in questo vostro mondo di sangue e di denti\/ \u00e8 perch\u00e9 passano sempre quelle poche voci illese \/ con le loro allegre notizie. \/ Contro le vostre milizie sevizie immondizie \/ imprese spese carriere polveriere bandiere \/ istanze finanze glorie vittorie sciarpe littorie &amp; sedie gestatorie contro la vostra sana ideologia la vostra brava polizia \/ ghepe\u00f9 ghestap\u00f2 fbi min-cul-pop ovra rapp &amp; compagnia \/ e tutta la vostra mortuaria litania \/ ci vale solo quell\u2019unica eterna scaramanzia: l\u2019allegria\u2026 Aria, aria, a questa prigione infetta\u00bb.<\/em><\/p>\n<p>C\u2019\u00e8 gi\u00e0 tutta la ventata libertaria del Sessantotto: <em>\u00abCome vanno i Vostri Reali E i Presidenti E i Generali \/ E i Rendimenti gli Emolumenti? Siete contenti dei Vostri Affari? \/ In Famiglia tutto bene? La Signora si mantiene? \/ E la Bomba come va? La pi\u00f9 bella chi ce l\u2019ha? \/ La Mamm\u00e0 dei Capitali o il Pap\u00e0 dei Proletari? \/ Bravi bravi complimenti. Siete sempre Regolari. \/ Troppo uguali. Troppo uguali. Troppo tristi e troppo uguali \/ troppo uguali e troppo tristi. Troppo tristi troppo tristi\u00bb.<\/em><\/p>\n<p><strong>Per molti versi, la distinzione, la frattura che Morante fa tra i Felici Pochi e gli Infelici Molti mi ricorda quella di don Milani, nella\u00a0<em>Lettera a una professoressa<\/em><\/strong>, 1967, tra i piccoli Gianni, che parlano la lingua del padre fatta di lavoro, di stalla (\u00abLa scuola sar\u00e0 sempre meglio della merda\u00bb) e i Pierini, il figlio del dottore che quando arriva alle elementari sa gi\u00e0 leggere e scrivere e ha davanti una carriera \u201cprotetta\u201d.<\/p>\n<p>Sono testi \u2013 quello della Morante e di don Milani \u2013 \u201cmorali\u201d, testi come prediche. Potenti.\u00a0<strong>Ecco, Greta magari non sar\u00e0 competente come un professorone del MIT di Boston e di certo non ha il potere politico dei potenti riuniti all\u2019ONU, ma quanta forza in quel \u00abCome osate?\u00bb Greta \u00e8 una figura morale. Ogni tanto succede che arrivino.<\/strong><\/p>\n<p><strong>Fu il periodo delle speranze, quello del Sessantotto. Anche delle paure. La paura della bomba atomica<\/strong>, della guerra nucleare fra superpotenze. Fu proprio Elsa Morante a tenere nel febbraio 1965 una serie di conferenze a Torino, Milano e Roma. Disse: \u00abNon c\u2019\u00e8 dubbio che il fatto pi\u00f9 importante che oggi accade, e che nessuno pu\u00f2 ignorare, \u00e8 questo: noi, abitanti delle nazioni civili nel secolo Ventesimo, viviamo nell\u2019era atomica\u2026 si direbbe che l\u2019umanit\u00e0 contemporanea prova la occulta tentazione di disintegrarsi\u00bb. Oggi la bomba atomica \u00e8 il\u00a0<em>climate change<\/em>. Non ho le competenze \u2013 di cui abbisogna il professor Cacciari \u2013 per spiegare dettagliatamente l\u2019aumento della temperatura della Terra e le conseguenze. Quello che so \u00e8 che\u00a0<strong>il mondo \u00e8 avvelenato<\/strong>, che la nostra vita \u00e8 avvelenata, che si percepisce con mano che \u00abl\u2019umanit\u00e0 contemporanea prova la occulta tentazione di disintegrarsi\u00bb. Di estinguersi.<\/p>\n<p><strong>Nel Sessantotto, ragazzi di venti-ventidue anni in tutto il mondo si sollevarono. Erano ragazzini. Aria, aria. Non riuscirono a salvare il mondo. Magari possono provarci di nuovo, riuscirci Greta e i suoi ragazzini<\/strong>.<\/p>\n<p>Lanfranco Caminiti<\/p>\n<p>Pubblicato su \u201cIl dubbio\u201d, quotidiano del 28 settembre 2019<\/p>\n","protected":false},"excerpt":{"rendered":"<p>A Massimo Cacciari non piacciono, Greta, lo sciopero, i ragazzi, e pure il ministro che \u201cli autorizza\u201d a scioperare. Dice \u2013 in una breve intervista al \u00abCorriere della sera\u00bb: \u00abSe continuiamo ad affrontare i problemi\u00a0alla Greta\u00a0siamo fritti. Siamo all\u2019ideologia dell\u2019incompetenza\u00bb.\u00a0Dice&hellip;<\/p>\n","protected":false},"author":1436,"featured_media":934411,"comment_status":"closed","ping_status":"closed","sticky":false,"template":"","format":"standard","meta":{"footnotes":""},"categories":[59,47,46975,162],"tags":[17676,64870,54158,64869,64871,44585],"class_list":["post-934410","post","type-post","status-publish","format-standard","has-post-thumbnail","hentry","category-ambiente-ecologia","category-europa","category-giovani","category-opinioni","tag-don-milani","tag-elsa-morante","tag-greta-thunberg-it","tag-massimo-cacciari","tag-movimento-per-il-clima","tag-sessantotto"],"yoast_head":"<!-- This site is optimized with the Yoast SEO plugin v27.1.1 - https:\/\/yoast.com\/product\/yoast-seo-wordpress\/ -->\n<title>I ragazzini ci salveranno, spiegatelo ai parrucconi<\/title>\n<meta name=\"description\" content=\"A Massimo Cacciari non piacciono, Greta, lo sciopero, i ragazzi, e pure il ministro che \u201cli autorizza\u201d a scioperare. Dice \u2013 in una breve intervista al\" \/>\n<meta name=\"robots\" content=\"index, follow, max-snippet:-1, max-image-preview:large, max-video-preview:-1\" \/>\n<link rel=\"canonical\" href=\"https:\/\/www.pressenza.com\/it\/2019\/10\/i-ragazzini-ci-salveranno-spiegatelo-ai-parrucconi\/\" \/>\n<meta property=\"og:locale\" content=\"it_IT\" \/>\n<meta property=\"og:type\" content=\"article\" \/>\n<meta property=\"og:title\" content=\"I ragazzini ci salveranno, spiegatelo ai parrucconi\" \/>\n<meta property=\"og:description\" content=\"A Massimo Cacciari non piacciono, Greta, lo sciopero, i ragazzi, e pure il ministro che \u201cli autorizza\u201d a scioperare. Dice \u2013 in una breve intervista al\" \/>\n<meta property=\"og:url\" content=\"https:\/\/www.pressenza.com\/it\/2019\/10\/i-ragazzini-ci-salveranno-spiegatelo-ai-parrucconi\/\" \/>\n<meta property=\"og:site_name\" content=\"Pressenza\" \/>\n<meta property=\"article:publisher\" content=\"https:\/\/www.facebook.com\/PressenzaItalia\" \/>\n<meta property=\"article:published_time\" content=\"2019-10-04T09:48:15+00:00\" \/>\n<meta property=\"og:image\" content=\"https:\/\/www.pressenza.com\/wp-content\/uploads\/2019\/10\/cartello-lezione-saltata.jpg\" \/>\n\t<meta property=\"og:image:width\" content=\"1225\" \/>\n\t<meta property=\"og:image:height\" content=\"825\" \/>\n\t<meta property=\"og:image:type\" content=\"image\/jpeg\" \/>\n<meta name=\"author\" content=\"Comune-info\" \/>\n<meta name=\"twitter:card\" content=\"summary_large_image\" \/>\n<meta name=\"twitter:creator\" content=\"@PressenzaIPA\" \/>\n<meta name=\"twitter:site\" content=\"@PressenzaIPA\" \/>\n<meta name=\"twitter:label1\" content=\"Scritto da\" \/>\n\t<meta name=\"twitter:data1\" content=\"Comune-info\" \/>\n\t<meta name=\"twitter:label2\" content=\"Tempo di lettura stimato\" \/>\n\t<meta name=\"twitter:data2\" content=\"5 minuti\" \/>\n<script type=\"application\/ld+json\" class=\"yoast-schema-graph\">{\"@context\":\"https:\/\/schema.org\",\"@graph\":[{\"@type\":\"Article\",\"@id\":\"https:\/\/www.pressenza.com\/it\/2019\/10\/i-ragazzini-ci-salveranno-spiegatelo-ai-parrucconi\/#article\",\"isPartOf\":{\"@id\":\"https:\/\/www.pressenza.com\/it\/2019\/10\/i-ragazzini-ci-salveranno-spiegatelo-ai-parrucconi\/\"},\"author\":{\"name\":\"Comune-info\",\"@id\":\"https:\/\/www.pressenza.com\/it\/#\/schema\/person\/1ee2824dbc73024ca26b2ff0897954a1\"},\"headline\":\"I ragazzini ci salveranno, spiegatelo ai parrucconi\",\"datePublished\":\"2019-10-04T09:48:15+00:00\",\"mainEntityOfPage\":{\"@id\":\"https:\/\/www.pressenza.com\/it\/2019\/10\/i-ragazzini-ci-salveranno-spiegatelo-ai-parrucconi\/\"},\"wordCount\":1055,\"publisher\":{\"@id\":\"https:\/\/www.pressenza.com\/it\/#organization\"},\"image\":{\"@id\":\"https:\/\/www.pressenza.com\/it\/2019\/10\/i-ragazzini-ci-salveranno-spiegatelo-ai-parrucconi\/#primaryimage\"},\"thumbnailUrl\":\"https:\/\/www.pressenza.com\/wp-content\/uploads\/2019\/10\/cartello-lezione-saltata.jpg\",\"keywords\":[\"Don Milani\",\"Elsa Morante\",\"Greta Thunberg\",\"Massimo Cacciari\",\"movimento per il clima\",\"Sessantotto\"],\"articleSection\":[\"Ecologia ed Ambiente\",\"Europa\",\"Giovani\",\"Opinioni\"],\"inLanguage\":\"it-IT\"},{\"@type\":\"WebPage\",\"@id\":\"https:\/\/www.pressenza.com\/it\/2019\/10\/i-ragazzini-ci-salveranno-spiegatelo-ai-parrucconi\/\",\"url\":\"https:\/\/www.pressenza.com\/it\/2019\/10\/i-ragazzini-ci-salveranno-spiegatelo-ai-parrucconi\/\",\"name\":\"I ragazzini ci salveranno, spiegatelo ai parrucconi\",\"isPartOf\":{\"@id\":\"https:\/\/www.pressenza.com\/it\/#website\"},\"primaryImageOfPage\":{\"@id\":\"https:\/\/www.pressenza.com\/it\/2019\/10\/i-ragazzini-ci-salveranno-spiegatelo-ai-parrucconi\/#primaryimage\"},\"image\":{\"@id\":\"https:\/\/www.pressenza.com\/it\/2019\/10\/i-ragazzini-ci-salveranno-spiegatelo-ai-parrucconi\/#primaryimage\"},\"thumbnailUrl\":\"https:\/\/www.pressenza.com\/wp-content\/uploads\/2019\/10\/cartello-lezione-saltata.jpg\",\"datePublished\":\"2019-10-04T09:48:15+00:00\",\"description\":\"A Massimo Cacciari non piacciono, Greta, lo sciopero, i ragazzi, e pure il ministro che \u201cli autorizza\u201d a scioperare. Dice \u2013 in una breve intervista al\",\"breadcrumb\":{\"@id\":\"https:\/\/www.pressenza.com\/it\/2019\/10\/i-ragazzini-ci-salveranno-spiegatelo-ai-parrucconi\/#breadcrumb\"},\"inLanguage\":\"it-IT\",\"potentialAction\":[{\"@type\":\"ReadAction\",\"target\":[\"https:\/\/www.pressenza.com\/it\/2019\/10\/i-ragazzini-ci-salveranno-spiegatelo-ai-parrucconi\/\"]}]},{\"@type\":\"ImageObject\",\"inLanguage\":\"it-IT\",\"@id\":\"https:\/\/www.pressenza.com\/it\/2019\/10\/i-ragazzini-ci-salveranno-spiegatelo-ai-parrucconi\/#primaryimage\",\"url\":\"https:\/\/www.pressenza.com\/wp-content\/uploads\/2019\/10\/cartello-lezione-saltata.jpg\",\"contentUrl\":\"https:\/\/www.pressenza.com\/wp-content\/uploads\/2019\/10\/cartello-lezione-saltata.jpg\",\"width\":1225,\"height\":825},{\"@type\":\"BreadcrumbList\",\"@id\":\"https:\/\/www.pressenza.com\/it\/2019\/10\/i-ragazzini-ci-salveranno-spiegatelo-ai-parrucconi\/#breadcrumb\",\"itemListElement\":[{\"@type\":\"ListItem\",\"position\":1,\"name\":\"Accueil\",\"item\":\"https:\/\/www.pressenza.com\/it\/\"},{\"@type\":\"ListItem\",\"position\":2,\"name\":\"I ragazzini ci salveranno, spiegatelo ai parrucconi\"}]},{\"@type\":\"WebSite\",\"@id\":\"https:\/\/www.pressenza.com\/it\/#website\",\"url\":\"https:\/\/www.pressenza.com\/it\/\",\"name\":\"Pressenza\",\"description\":\"Agenzia di Stampa Internazionale\",\"publisher\":{\"@id\":\"https:\/\/www.pressenza.com\/it\/#organization\"},\"potentialAction\":[{\"@type\":\"SearchAction\",\"target\":{\"@type\":\"EntryPoint\",\"urlTemplate\":\"https:\/\/www.pressenza.com\/it\/?s={search_term_string}\"},\"query-input\":{\"@type\":\"PropertyValueSpecification\",\"valueRequired\":true,\"valueName\":\"search_term_string\"}}],\"inLanguage\":\"it-IT\"},{\"@type\":\"Organization\",\"@id\":\"https:\/\/www.pressenza.com\/it\/#organization\",\"name\":\"Pressenza\",\"url\":\"https:\/\/www.pressenza.com\/it\/\",\"logo\":{\"@type\":\"ImageObject\",\"inLanguage\":\"it-IT\",\"@id\":\"https:\/\/www.pressenza.com\/it\/#\/schema\/logo\/image\/\",\"url\":\"https:\/\/www.pressenza.com\/wp-content\/uploads\/2022\/10\/pressenza_logo_200x200.jpg\",\"contentUrl\":\"https:\/\/www.pressenza.com\/wp-content\/uploads\/2022\/10\/pressenza_logo_200x200.jpg\",\"width\":200,\"height\":200,\"caption\":\"Pressenza\"},\"image\":{\"@id\":\"https:\/\/www.pressenza.com\/it\/#\/schema\/logo\/image\/\"},\"sameAs\":[\"https:\/\/www.facebook.com\/PressenzaItalia\",\"https:\/\/x.com\/PressenzaIPA\"]},{\"@type\":\"Person\",\"@id\":\"https:\/\/www.pressenza.com\/it\/#\/schema\/person\/1ee2824dbc73024ca26b2ff0897954a1\",\"name\":\"Comune-info\",\"description\":\"Informazione indipendente su beni comuni, decrescita, altra economia\",\"sameAs\":[\"http:\/\/comune-info.net\/\"],\"url\":\"https:\/\/www.pressenza.com\/it\/author\/comune-info\/\"}]}<\/script>\n<!-- \/ Yoast SEO plugin. -->","yoast_head_json":{"title":"I ragazzini ci salveranno, spiegatelo ai parrucconi","description":"A Massimo Cacciari non piacciono, Greta, lo sciopero, i ragazzi, e pure il ministro che \u201cli autorizza\u201d a scioperare. Dice \u2013 in una breve intervista al","robots":{"index":"index","follow":"follow","max-snippet":"max-snippet:-1","max-image-preview":"max-image-preview:large","max-video-preview":"max-video-preview:-1"},"canonical":"https:\/\/www.pressenza.com\/it\/2019\/10\/i-ragazzini-ci-salveranno-spiegatelo-ai-parrucconi\/","og_locale":"it_IT","og_type":"article","og_title":"I ragazzini ci salveranno, spiegatelo ai parrucconi","og_description":"A Massimo Cacciari non piacciono, Greta, lo sciopero, i ragazzi, e pure il ministro che \u201cli autorizza\u201d a scioperare. Dice \u2013 in una breve intervista al","og_url":"https:\/\/www.pressenza.com\/it\/2019\/10\/i-ragazzini-ci-salveranno-spiegatelo-ai-parrucconi\/","og_site_name":"Pressenza","article_publisher":"https:\/\/www.facebook.com\/PressenzaItalia","article_published_time":"2019-10-04T09:48:15+00:00","og_image":[{"width":1225,"height":825,"url":"https:\/\/www.pressenza.com\/wp-content\/uploads\/2019\/10\/cartello-lezione-saltata.jpg","type":"image\/jpeg"}],"author":"Comune-info","twitter_card":"summary_large_image","twitter_creator":"@PressenzaIPA","twitter_site":"@PressenzaIPA","twitter_misc":{"Scritto da":"Comune-info","Tempo di lettura stimato":"5 minuti"},"schema":{"@context":"https:\/\/schema.org","@graph":[{"@type":"Article","@id":"https:\/\/www.pressenza.com\/it\/2019\/10\/i-ragazzini-ci-salveranno-spiegatelo-ai-parrucconi\/#article","isPartOf":{"@id":"https:\/\/www.pressenza.com\/it\/2019\/10\/i-ragazzini-ci-salveranno-spiegatelo-ai-parrucconi\/"},"author":{"name":"Comune-info","@id":"https:\/\/www.pressenza.com\/it\/#\/schema\/person\/1ee2824dbc73024ca26b2ff0897954a1"},"headline":"I ragazzini ci salveranno, spiegatelo ai parrucconi","datePublished":"2019-10-04T09:48:15+00:00","mainEntityOfPage":{"@id":"https:\/\/www.pressenza.com\/it\/2019\/10\/i-ragazzini-ci-salveranno-spiegatelo-ai-parrucconi\/"},"wordCount":1055,"publisher":{"@id":"https:\/\/www.pressenza.com\/it\/#organization"},"image":{"@id":"https:\/\/www.pressenza.com\/it\/2019\/10\/i-ragazzini-ci-salveranno-spiegatelo-ai-parrucconi\/#primaryimage"},"thumbnailUrl":"https:\/\/www.pressenza.com\/wp-content\/uploads\/2019\/10\/cartello-lezione-saltata.jpg","keywords":["Don Milani","Elsa Morante","Greta Thunberg","Massimo Cacciari","movimento per il clima","Sessantotto"],"articleSection":["Ecologia ed Ambiente","Europa","Giovani","Opinioni"],"inLanguage":"it-IT"},{"@type":"WebPage","@id":"https:\/\/www.pressenza.com\/it\/2019\/10\/i-ragazzini-ci-salveranno-spiegatelo-ai-parrucconi\/","url":"https:\/\/www.pressenza.com\/it\/2019\/10\/i-ragazzini-ci-salveranno-spiegatelo-ai-parrucconi\/","name":"I ragazzini ci salveranno, spiegatelo ai parrucconi","isPartOf":{"@id":"https:\/\/www.pressenza.com\/it\/#website"},"primaryImageOfPage":{"@id":"https:\/\/www.pressenza.com\/it\/2019\/10\/i-ragazzini-ci-salveranno-spiegatelo-ai-parrucconi\/#primaryimage"},"image":{"@id":"https:\/\/www.pressenza.com\/it\/2019\/10\/i-ragazzini-ci-salveranno-spiegatelo-ai-parrucconi\/#primaryimage"},"thumbnailUrl":"https:\/\/www.pressenza.com\/wp-content\/uploads\/2019\/10\/cartello-lezione-saltata.jpg","datePublished":"2019-10-04T09:48:15+00:00","description":"A Massimo Cacciari non piacciono, Greta, lo sciopero, i ragazzi, e pure il ministro che \u201cli autorizza\u201d a scioperare. Dice \u2013 in una breve intervista al","breadcrumb":{"@id":"https:\/\/www.pressenza.com\/it\/2019\/10\/i-ragazzini-ci-salveranno-spiegatelo-ai-parrucconi\/#breadcrumb"},"inLanguage":"it-IT","potentialAction":[{"@type":"ReadAction","target":["https:\/\/www.pressenza.com\/it\/2019\/10\/i-ragazzini-ci-salveranno-spiegatelo-ai-parrucconi\/"]}]},{"@type":"ImageObject","inLanguage":"it-IT","@id":"https:\/\/www.pressenza.com\/it\/2019\/10\/i-ragazzini-ci-salveranno-spiegatelo-ai-parrucconi\/#primaryimage","url":"https:\/\/www.pressenza.com\/wp-content\/uploads\/2019\/10\/cartello-lezione-saltata.jpg","contentUrl":"https:\/\/www.pressenza.com\/wp-content\/uploads\/2019\/10\/cartello-lezione-saltata.jpg","width":1225,"height":825},{"@type":"BreadcrumbList","@id":"https:\/\/www.pressenza.com\/it\/2019\/10\/i-ragazzini-ci-salveranno-spiegatelo-ai-parrucconi\/#breadcrumb","itemListElement":[{"@type":"ListItem","position":1,"name":"Accueil","item":"https:\/\/www.pressenza.com\/it\/"},{"@type":"ListItem","position":2,"name":"I ragazzini ci salveranno, spiegatelo ai parrucconi"}]},{"@type":"WebSite","@id":"https:\/\/www.pressenza.com\/it\/#website","url":"https:\/\/www.pressenza.com\/it\/","name":"Pressenza","description":"Agenzia di Stampa Internazionale","publisher":{"@id":"https:\/\/www.pressenza.com\/it\/#organization"},"potentialAction":[{"@type":"SearchAction","target":{"@type":"EntryPoint","urlTemplate":"https:\/\/www.pressenza.com\/it\/?s={search_term_string}"},"query-input":{"@type":"PropertyValueSpecification","valueRequired":true,"valueName":"search_term_string"}}],"inLanguage":"it-IT"},{"@type":"Organization","@id":"https:\/\/www.pressenza.com\/it\/#organization","name":"Pressenza","url":"https:\/\/www.pressenza.com\/it\/","logo":{"@type":"ImageObject","inLanguage":"it-IT","@id":"https:\/\/www.pressenza.com\/it\/#\/schema\/logo\/image\/","url":"https:\/\/www.pressenza.com\/wp-content\/uploads\/2022\/10\/pressenza_logo_200x200.jpg","contentUrl":"https:\/\/www.pressenza.com\/wp-content\/uploads\/2022\/10\/pressenza_logo_200x200.jpg","width":200,"height":200,"caption":"Pressenza"},"image":{"@id":"https:\/\/www.pressenza.com\/it\/#\/schema\/logo\/image\/"},"sameAs":["https:\/\/www.facebook.com\/PressenzaItalia","https:\/\/x.com\/PressenzaIPA"]},{"@type":"Person","@id":"https:\/\/www.pressenza.com\/it\/#\/schema\/person\/1ee2824dbc73024ca26b2ff0897954a1","name":"Comune-info","description":"Informazione indipendente su beni comuni, decrescita, altra economia","sameAs":["http:\/\/comune-info.net\/"],"url":"https:\/\/www.pressenza.com\/it\/author\/comune-info\/"}]}},"place":"","original_article_url":"https:\/\/comune-info.net\/i-ragazzini-ci-salveranno-spiegatelo-ai-parrucconi\/","_links":{"self":[{"href":"https:\/\/www.pressenza.com\/it\/wp-json\/wp\/v2\/posts\/934410","targetHints":{"allow":["GET"]}}],"collection":[{"href":"https:\/\/www.pressenza.com\/it\/wp-json\/wp\/v2\/posts"}],"about":[{"href":"https:\/\/www.pressenza.com\/it\/wp-json\/wp\/v2\/types\/post"}],"author":[{"embeddable":true,"href":"https:\/\/www.pressenza.com\/it\/wp-json\/wp\/v2\/users\/1436"}],"replies":[{"embeddable":true,"href":"https:\/\/www.pressenza.com\/it\/wp-json\/wp\/v2\/comments?post=934410"}],"version-history":[{"count":0,"href":"https:\/\/www.pressenza.com\/it\/wp-json\/wp\/v2\/posts\/934410\/revisions"}],"wp:featuredmedia":[{"embeddable":true,"href":"https:\/\/www.pressenza.com\/it\/wp-json\/wp\/v2\/media\/934411"}],"wp:attachment":[{"href":"https:\/\/www.pressenza.com\/it\/wp-json\/wp\/v2\/media?parent=934410"}],"wp:term":[{"taxonomy":"category","embeddable":true,"href":"https:\/\/www.pressenza.com\/it\/wp-json\/wp\/v2\/categories?post=934410"},{"taxonomy":"post_tag","embeddable":true,"href":"https:\/\/www.pressenza.com\/it\/wp-json\/wp\/v2\/tags?post=934410"}],"curies":[{"name":"wp","href":"https:\/\/api.w.org\/{rel}","templated":true}]}}