{"id":933493,"date":"2019-10-03T16:37:46","date_gmt":"2019-10-03T15:37:46","guid":{"rendered":"https:\/\/www.pressenza.com\/?p=933493"},"modified":"2019-10-03T16:37:46","modified_gmt":"2019-10-03T15:37:46","slug":"incursioni-brandaliche-in-due-capitali-europee-e-non-solo-hogre","status":"publish","type":"post","link":"https:\/\/www.pressenza.com\/it\/2019\/10\/incursioni-brandaliche-in-due-capitali-europee-e-non-solo-hogre\/","title":{"rendered":"Incursioni Brandaliche in due capitali europee (e non solo): HOGRE"},"content":{"rendered":"<p align=\"justify\"><b>Hogre<\/b> \u00e8 uno dei pi\u00f9 creativi, provocatori, spietati, insolenti, disobbedienti, interessanti, <i>subvertisers<\/i> (pirati degli spazi pubblicitari) contemporanei. Acuto e sensibile, quando mi imbatto nei suoi lavori, mi risuonano le prime due strofe di <i>A hard rain\u2019s a gonna fall<\/i> di Bob Dylan: <i><b>Oh, where have you been, my blue-eyed son? Oh, where have you been, my darling young one?<\/b><\/i><\/p>\n<p align=\"justify\"><b>A settembre l\u2019incursione a Roma su monumenti e stabili a favore della <\/b><i><b>Casa delle Donne Lucha y Siesta<\/b><\/i><b>. <\/b><span lang=\"en-US\"><b>Hogre, <\/b><\/span><span lang=\"en-US\"><i><b>Is it a hard rain&#8217;s a-gonna fall <\/b><\/i><\/span><span lang=\"en-US\"><b>?<\/b><\/span><\/p>\n<p align=\"justify\">\u201c<span lang=\"en-US\"><i>I never meant to cause you any sorrow,<\/i><\/span><\/p>\n<p align=\"justify\"><span lang=\"en-US\"><i>I never meant to cause you any pain,<\/i><\/span><\/p>\n<p align=\"justify\"><span lang=\"en-US\"><i>I only wanted to see you bathing in the purple rain&#8230;<\/i><\/span><span lang=\"en-US\">\u201d<\/span><\/p>\n<p align=\"justify\">Rispondo anch&#8217;io con le strofe di una poesia pop. L&#8217;azione con <b>Restiamo Cyborg Posse<\/b> \u00e8 stata piuttosto una festa, e come in un banchetto di Eliogabalo la pioggia di petali di rosa che abbiamo orchestrato \u00e8 andata a nuocere solo ai nostri nemici, per il piacere e il divertimento delle nostre connessioni cyborg.<\/p>\n<p align=\"justify\">Insieme all&#8217;amico e artista <b>LRNZ<\/b> (Lorenzo Ceccotti) e altre entit\u00e0 cyborg femministe anonime abbiamo dato il via alla Restiamo Cyborg Posse, realizzando alcune videoproiezioni nel centro citt\u00e0 di Roma e nelle periferie in solidariet\u00e0 con la casa delle donne <b>Lucha Y Siesta<\/b>, attualmente a rischio sgombero. <i>Lucha Y Siesta<\/i> \u00e8 una realt\u00e0 che nasce dalla libera organizzazione di individui per far fronte alla necessit\u00e0 di uno spazio sociale femminista nel quartiere Quadraro di Roma.<\/p>\n<p align=\"justify\">Il comune di Roma condanna l&#8217;occupazione di questo luogo in quanto illegale, ma, sotto la pressione della solidariet\u00e0 che <i>Lucha<\/i> sta ricevendo, dovr\u00e0 infine riconoscere l&#8217;importanza della funzione sociale di questa occupazione con il suo sportello antiviolenza, i posti letto che la struttura offre e la stessa riqualificazione di un edificio abbandonato dalle istituzioni, rinato grazie al lavoro di chi lo ha occupato e lo ha aperto al quartiere, organizzando svariate attivit\u00e0 per gli abitanti durante tutto l\u2019anno. Il Comune ha messo in vendita lo stabile. A questa minaccia le attiviste hanno risposto dando vita ad un comitato di quartiere per comprare l\u2019edificio, una strategia che si avvale dell&#8217;idea di &#8220;privato collettivo&#8221;: si compra un bene per impedirne la speculazione e garantirne l&#8217;utilizzo sociale a beneficio della collettivit\u00e0. Un concetto che sta prendendo piede proprio per far fronte all&#8217;assenza delle istituzioni con un&#8217;organizzazione spontanea e dal basso. Davanti a questa scelta, rischiosa quanto coraggiosa, il Comune di Roma, la sindaca e la sua giunta, ad oggi continuano a mancare l&#8217;occasione importante di agevolare o quanto meno trattare sul processo suggerito dalle attiviste. Potete seguire gli aggiornamenti sulla pagina facebook di Lucha Y Siesta.<\/p>\n<p align=\"justify\"><a name=\"_GoBack\"><\/a> Con la nostra azione abbiamo dato un esempio concreto di utilizzo creativo delle tecnologie (proiezioni urbane e comunicazione <i>online<\/i>) per far fronte al problema dello sfratto e del taglio immediato delle utenze di un posto che deve rimanere in mano alle nostre compagne e a chi abita al Quadraro.<\/p>\n<p align=\"justify\"><img loading=\"lazy\" decoding=\"async\" class=\"aligncenter size-large wp-image-933517\" src=\"https:\/\/www.pressenza.com\/wp-content\/uploads\/2019\/10\/Vendesi1-720x720.jpg\" alt=\"\" width=\"720\" height=\"720\" srcset=\"https:\/\/www.pressenza.com\/wp-content\/uploads\/2019\/10\/Vendesi1-720x720.jpg 720w, https:\/\/www.pressenza.com\/wp-content\/uploads\/2019\/10\/Vendesi1-150x150.jpg 150w, https:\/\/www.pressenza.com\/wp-content\/uploads\/2019\/10\/Vendesi1-300x300.jpg 300w, https:\/\/www.pressenza.com\/wp-content\/uploads\/2019\/10\/Vendesi1-768x768.jpg 768w, https:\/\/www.pressenza.com\/wp-content\/uploads\/2019\/10\/Vendesi1.jpg 960w\" sizes=\"auto, (max-width: 720px) 100vw, 720px\" \/><\/p>\n<p align=\"justify\"><img loading=\"lazy\" decoding=\"async\" class=\"aligncenter size-large wp-image-933526\" src=\"https:\/\/www.pressenza.com\/wp-content\/uploads\/2019\/10\/LUCHA-Y-SIESTA-720x960.jpg\" alt=\"\" width=\"720\" height=\"960\" srcset=\"https:\/\/www.pressenza.com\/wp-content\/uploads\/2019\/10\/LUCHA-Y-SIESTA.jpg 720w, https:\/\/www.pressenza.com\/wp-content\/uploads\/2019\/10\/LUCHA-Y-SIESTA-225x300.jpg 225w\" sizes=\"auto, (max-width: 720px) 100vw, 720px\" \/><\/p>\n<p align=\"justify\"><b>Restiamo Cyborg Posse, perch\u00e9 avete scelto questo nome?<\/b><\/p>\n<p align=\"justify\">Il nome della nostra <i>posse<\/i> prende ispirazione dal <i><b>Manifesto Cyborg<\/b><\/i><b> di Donna Haraway<\/b>, che ridefinisce nuovi spazi per il femminismo, e da alcuni misteriosi graffiti comparsi a Roma est. Il<b> cyborg<\/b>, prodotto tecnologico ibrido, met\u00e0 organismo, met\u00e0 macchina, esprime al meglio la nostra idea di superamento di qualsiasi dualit\u00e0: maschile\/femminile, s\u00e9\/altro, materiale\/immateriale, Stato\/Mondo. Il Cyborg annulla le differenze, mette in crisi il sistema delle sovrastrutture qualsiasi esse siano, politiche, religiose, economiche, razziali, etc. <b>Restiamo Cyborg<\/b> \u00e8 una scritta a bomboletta che ho letto su un muro. Suona un po&#8217; come la parodia di \u2018restiamo umani\u2019: mi ha fatto ridere e con la <i>posse<\/i> ne abbiamo preso spunto proprio perch\u00e9 stavamo ragionando sul cyberfemminismo e su un approccio anarchico al transumanesimo (\u00e8 possibile? in che modo? ). Pu\u00f2 darsi che ci siano gi\u00e0 altre cellule cyborg a Roma? Mistero. Comunque credo sia molto importante riconoscere gli aspetti negativi della natura, sia quella umana (cos\u00ec ben compresa dalla Arendt) sia quella in senso lato (che Hester e lo xenofemminismo ci invitano a desacralizzare). In un\u2019ottica cyborg \u2018restiamo umani\u2019 \u00e8 un parossismo, un errore dialettico al quale rispondiamo con una pioggia di glitch e glitter.<\/p>\n<p align=\"justify\"><b>A settembre a Londra si \u00e8 svolta la<\/b><i><b> Art The Arms Fair.<\/b><\/i><b> <\/b><\/p>\n<p align=\"justify\"><i><b>ATAF<\/b><\/i> \u00e8 una mostra d&#8217;Arte curata da un gruppo di attivisti e artisti volontari che inaugura in concomitanza con il <b>DSEI<\/b>, la pi\u00f9 grande fiera d&#8217;armi del mondo che a cadenza biennale raduna rappresentanti di governo, capi di eserciti e grandi imprenditori dell&#8217;industria bellica. Lo scopo della mostra \u00e8 quello di sensibilizzare e propagandare un pensiero antimilitarista, criticare le politiche interventiste e la corsa agli armamenti. <i>ATAF<\/i> espone opere donate da artisti che provengono da qualsiasi estrazione sociale e posizionamento nel mercato dell&#8217;arte: da Anish Kapoor ai disegni realizzati nei <i>Community Center<\/i> adiacenti alla mostra , quest&#8217;anno nel quartiere di Peckham (Londra sud est). Tutto il ricavato dalla vendita delle opere viene donato al gruppo di attivisti <i><b>Campaign Against The Arms Trade<\/b><\/i>.<\/p>\n<p align=\"justify\"><img loading=\"lazy\" decoding=\"async\" class=\"aligncenter size-large wp-image-933535\" src=\"https:\/\/www.pressenza.com\/wp-content\/uploads\/2019\/10\/DSEI-LONDRA-720x480.jpg\" alt=\"\" width=\"720\" height=\"480\" srcset=\"https:\/\/www.pressenza.com\/wp-content\/uploads\/2019\/10\/DSEI-LONDRA-720x480.jpg 720w, https:\/\/www.pressenza.com\/wp-content\/uploads\/2019\/10\/DSEI-LONDRA-300x200.jpg 300w, https:\/\/www.pressenza.com\/wp-content\/uploads\/2019\/10\/DSEI-LONDRA-768x512.jpg 768w, https:\/\/www.pressenza.com\/wp-content\/uploads\/2019\/10\/DSEI-LONDRA.jpg 800w\" sizes=\"auto, (max-width: 720px) 100vw, 720px\" \/><\/p>\n<p align=\"justify\"><img loading=\"lazy\" decoding=\"async\" class=\"aligncenter size-large wp-image-933544\" src=\"https:\/\/www.pressenza.com\/wp-content\/uploads\/2019\/10\/INSERT-PUBLIC-MONEY-720x480.jpg\" alt=\"\" width=\"720\" height=\"480\" srcset=\"https:\/\/www.pressenza.com\/wp-content\/uploads\/2019\/10\/INSERT-PUBLIC-MONEY-720x480.jpg 720w, https:\/\/www.pressenza.com\/wp-content\/uploads\/2019\/10\/INSERT-PUBLIC-MONEY-300x200.jpg 300w, https:\/\/www.pressenza.com\/wp-content\/uploads\/2019\/10\/INSERT-PUBLIC-MONEY-768x512.jpg 768w, https:\/\/www.pressenza.com\/wp-content\/uploads\/2019\/10\/INSERT-PUBLIC-MONEY.jpg 799w\" sizes=\"auto, (max-width: 720px) 100vw, 720px\" \/><\/p>\n<p align=\"justify\"><img loading=\"lazy\" decoding=\"async\" class=\"aligncenter size-full wp-image-933553\" src=\"https:\/\/www.pressenza.com\/wp-content\/uploads\/2019\/10\/GENERAL-DINAMICS.jpg\" alt=\"\" width=\"598\" height=\"800\" srcset=\"https:\/\/www.pressenza.com\/wp-content\/uploads\/2019\/10\/GENERAL-DINAMICS.jpg 598w, https:\/\/www.pressenza.com\/wp-content\/uploads\/2019\/10\/GENERAL-DINAMICS-224x300.jpg 224w\" sizes=\"auto, (max-width: 598px) 100vw, 598px\" \/><\/p>\n<p align=\"justify\"><b>Il Subvertising si schiera a fianco del movimento pacifista?<\/b><\/p>\n<p align=\"justify\">Il <i>subvertising<\/i> \u00e8 una pratica che ha le sue radici nel <i><b>d\u00e9tournement<\/b><\/i><b> situazionista<\/b> degli anni &#8217;50, si definisce con il manifesto del <b>Billboard Liberation Front<\/b> negli anni &#8217;80, conosce nuova vita negli anni 2000 con i <b>Culture Jammers<\/b> influenzati da Kalle Lasn e Naomi Klain e torna in Europa con esperienze come quella di <b>Special Patrol Group<\/b> (Londra), <b>Antipub<\/b> (Parigi), <b>Autoenganys<\/b> (Barcellona). Tutte queste realt\u00e0 sono antimilitariste e antistataliste, concentrano le loro azioni di <i>subvertising<\/i> nella critica delle violenze sia fisiche che psicologiche del potere. Su come si debbano esprimere queste critiche le posizioni sono molto variegate. Personalmente provo molta pi\u00f9 simpatia per <b>Luigi Galleani<\/b> che per <b>Gandhi<\/b>. Ghandi e Galleani sono due modelli di disobbedienza antitetici. Il primo, nella migliore delle ipotesi, \u00e8 ispiratore di disobbedienza civile, il secondo \u00e8 un anti-modello: pur essendo stato un punto di riferimento, un uomo colto, capace di incendiare gli animi con le parole, ha sempre rifiutato di porsi come leader di un movimento. \u00c8 stato compreso cos\u00ec dai suoi lettori su <i>Cronaca Sovversiva:<\/i> ragionavano con la loro testa, agivano per volont\u00e0 loro e con l&#8217;azione diretta hanno messo a soqquadro varie amministrazioni statunitensi. Quella degli italiani anarchici immigrati negli Stati Uniti nei primi anni \u201820 \u00e8 una storia affascinante, istruttiva e da ricordare. Per chi avesse interesse, mi permetto di consigliare un gioiello di editoria indipendente, <i>Parole Chiare<\/i>, autore anonimo, Indesiderabili edizioni.<\/p>\n<p align=\"justify\"><b>Yemen, Siria, Libia, per citare solo alcuni dei paesi colpiti dalla guerra, chi \u00e8 il vero nemico da contrastare?<\/b><\/p>\n<p align=\"justify\">Per trovare una risposta onnicomprensiva dovrei appellarmi ad una macrotematica: il nostro sistema economico, la cupidigia dei signori della guerra, la banalit\u00e0 del male, la natura imperfetta dell&#8217;essere umano&#8230; Rimanendo invece sulla fattualit\u00e0 della critica alle armi, ci sono molti modi per esprimere dissenso e ostacolare la macchina della morte. Penso alle azioni di disobbedienza civile organizzate da <b>Campaign Against The Arms Trade<\/b>, al lavoro di comunicazione svolto da <b>Art The Arms Fair<\/b> e, ovviamente, al <i>subvertising<\/i>. \u00c8 emblematico che un evento cos\u00ec cruciale come il <b>DSEI<\/b> non trovi il bench\u00e9 minimo spazio nel dibattito pubblico inglese, europeo e mondiale. La citt\u00e0 di Londra, che ogni due anni ospita questa congrega di criminali e assassini, ha i suoi 8 milioni di abitanti ignari di tutto non perch\u00e9 la tematica sia vietata, ma perch\u00e9 siamo cos\u00ec riempiti da contenuti mediatici superflui che diventa molto difficile prestare orecchio alle questioni veramente cruciali.<\/p>\n<p align=\"justify\"><b>Nel Subvertising quanto conta la quantit\u00e0 degli spazi pubblicitari brandalizzati per veicolare uno stesso messaggio? <\/b><\/p>\n<p align=\"justify\">Dipende. Ci sono casi di azioni epiche come quella organizzata dal <b>collettivo Brandalism<\/b> durante la conferenza sul clima di Parigi nel 2016 (COP21) che ha coinvolto pi\u00f9 di 80 artisti e nella quale sono stati installati oltre 600 poster nel centro della citt\u00e0. E ci sono altri casi in cui basta un paio di poster per raggiungere l&#8217;obiettivo e aprire un dibattito pubblico su una data tematica. \u00c8 questo il caso dei manifesti <i>Ecce homo erectus<\/i>, disegnato da me, e <i>Immaculata conceptio in vitro<\/i>, di <b>Doublewhy<\/b>, che abbiamo affisso in centro a Roma nell&#8217;estate del 2017 e che hanno portato ad una vera e propria ondata di panico morale sulla stampa locale e nazionale. L&#8217;opinione si \u00e8 spaccata in due: tanto si \u00e8 detto contro quanto si \u00e8 detto a favore. Persino gli sbirri che alla fine ci hanno arrestato erano esitanti e spiazzati (una squadra della Digos \u00e8 rimasta impegnata nelle indagini per sette giorni), trovandosi a che fare con un evento alieno pi\u00f9 che criminale. Io e Doublewhy siamo ancora in attesa di giudizio, ma se il caso non andr\u00e0 in prescrizione la scelta del giudice, qualunque sar\u00e0, non potr\u00e0 che essere molto combattuta.<\/p>\n<p align=\"justify\">La vicenda ha anche acceso il dibattito sulla laicit\u00e0 dello Stato in relazione alle leggi che condannano la blasfemia e la bestemmia. Dopo la vicenda, la mia amica <b>Scialatiella Piccante I<\/b> (al secolo Emanuela Marmo), <b>Pappessa <\/b>dei<b> Pastafariani italiani<\/b>, \u00e8 stata portavoce in una conferenza in Campidoglio su questi temi e tutt&#8217;ora porta avanti la campagna <i>Dio Scotto<\/i> con la quale chiede l&#8217;abrogazione dei reati di bestemmia.<\/p>\n<p align=\"justify\"><span lang=\"en-US\"><b>Link: <\/b><\/span><span style=\"color: #0000ff;\"><u><a href=\"https:\/\/www.flickr.com\/photos\/hogreman\"><span lang=\"en-US\">https:\/\/www.flickr.com\/photos\/hogreman<\/span><\/a><\/u><\/span><\/p>\n<p align=\"justify\"><span style=\"color: #0000ff;\"><u><a href=\"https:\/\/www.facebook.com\/hogre.it\/\"><span lang=\"en-US\">https:\/\/www.facebook.com\/hogre.it\/<\/span><\/a><\/u><\/span><\/p>\n<p align=\"justify\"><span style=\"color: #0000ff;\"><u><a href=\"https:\/\/www.facebook.com\/ArtTheArmsFair\/\"><span lang=\"en-US\">https:\/\/www.facebook.com\/ArtTheArmsFair\/<\/span><\/a><\/u><\/span><\/p>\n<p align=\"justify\"><span style=\"color: #0000ff;\"><u><a href=\"https:\/\/www.facebook.com\/specialpatrols\/\"><span lang=\"en-US\">https:\/\/www.facebook.com\/specialpatrols\/<\/span><\/a><\/u><\/span><\/p>\n<p align=\"justify\"><span style=\"color: #0000ff;\"><u><a href=\"https:\/\/www.facebook.com\/antipublicite\/\"><span lang=\"en-US\">https:\/\/www.facebook.com\/antipublicite\/<\/span><\/a><\/u><\/span><\/p>\n<p align=\"justify\"><span style=\"color: #0000ff;\"><u><a href=\"https:\/\/www.facebook.com\/autoenganys\/\"><span lang=\"en-US\">https:\/\/www.facebook.com\/autoenganys\/<\/span><\/a><\/u><\/span><\/p>\n<p align=\"justify\">\n","protected":false},"excerpt":{"rendered":"<p>Hogre \u00e8 uno dei pi\u00f9 creativi, provocatori, spietati, insolenti, disobbedienti, interessanti, subvertisers (pirati degli spazi pubblicitari) contemporanei. Acuto e sensibile, quando mi imbatto nei suoi lavori, mi risuonano le prime due strofe di A hard rain\u2019s a gonna fall di&hellip;<\/p>\n","protected":false},"author":1641,"featured_media":933505,"comment_status":"closed","ping_status":"closed","sticky":false,"template":"","format":"standard","meta":{"footnotes":""},"categories":[11388,56,47,38,157],"tags":[2600,64845,3873],"class_list":["post-933493","post","type-post","status-publish","format-standard","has-post-thumbnail","hentry","category-contenuti-originali","category-cultura","category-europa","category-internazionale","category-interviste","tag-londra","tag-restiamo-cyborg-posse","tag-roma"],"yoast_head":"<!-- This site is optimized with the Yoast SEO plugin v27.1.1 - https:\/\/yoast.com\/product\/yoast-seo-wordpress\/ -->\n<title>Incursioni Brandaliche in due capitali europee (e non solo): HOGRE<\/title>\n<meta name=\"description\" content=\"Hogre \u00e8 uno dei pi\u00f9 creativi, provocatori, spietati, insolenti, disobbedienti, interessanti, subvertisers (pirati degli spazi pubblicitari) contemporanei.\" \/>\n<meta name=\"robots\" content=\"index, follow, max-snippet:-1, max-image-preview:large, max-video-preview:-1\" \/>\n<link rel=\"canonical\" href=\"https:\/\/www.pressenza.com\/it\/2019\/10\/incursioni-brandaliche-in-due-capitali-europee-e-non-solo-hogre\/\" \/>\n<meta property=\"og:locale\" content=\"it_IT\" \/>\n<meta property=\"og:type\" content=\"article\" \/>\n<meta property=\"og:title\" content=\"Incursioni Brandaliche in due capitali europee (e non solo): HOGRE\" \/>\n<meta property=\"og:description\" content=\"Hogre \u00e8 uno dei pi\u00f9 creativi, provocatori, spietati, insolenti, disobbedienti, interessanti, subvertisers (pirati degli spazi pubblicitari) contemporanei.\" \/>\n<meta property=\"og:url\" content=\"https:\/\/www.pressenza.com\/it\/2019\/10\/incursioni-brandaliche-in-due-capitali-europee-e-non-solo-hogre\/\" \/>\n<meta property=\"og:site_name\" content=\"Pressenza\" \/>\n<meta property=\"article:publisher\" content=\"https:\/\/www.facebook.com\/PressenzaItalia\" \/>\n<meta property=\"article:published_time\" content=\"2019-10-03T15:37:46+00:00\" \/>\n<meta property=\"og:image\" content=\"https:\/\/www.pressenza.com\/wp-content\/uploads\/2019\/10\/hogre1.jpg\" \/>\n\t<meta property=\"og:image:width\" content=\"800\" \/>\n\t<meta property=\"og:image:height\" content=\"600\" \/>\n\t<meta property=\"og:image:type\" content=\"image\/jpeg\" \/>\n<meta name=\"author\" content=\"Raffaella Ganci\" \/>\n<meta name=\"twitter:card\" content=\"summary_large_image\" \/>\n<meta name=\"twitter:creator\" content=\"@PressenzaIPA\" \/>\n<meta name=\"twitter:site\" content=\"@PressenzaIPA\" \/>\n<meta name=\"twitter:label1\" content=\"Scritto da\" \/>\n\t<meta name=\"twitter:data1\" content=\"Raffaella Ganci\" \/>\n\t<meta name=\"twitter:label2\" content=\"Tempo di lettura stimato\" \/>\n\t<meta name=\"twitter:data2\" content=\"8 minuti\" \/>\n<script type=\"application\/ld+json\" class=\"yoast-schema-graph\">{\"@context\":\"https:\/\/schema.org\",\"@graph\":[{\"@type\":\"Article\",\"@id\":\"https:\/\/www.pressenza.com\/it\/2019\/10\/incursioni-brandaliche-in-due-capitali-europee-e-non-solo-hogre\/#article\",\"isPartOf\":{\"@id\":\"https:\/\/www.pressenza.com\/it\/2019\/10\/incursioni-brandaliche-in-due-capitali-europee-e-non-solo-hogre\/\"},\"author\":{\"name\":\"Raffaella Ganci\",\"@id\":\"https:\/\/www.pressenza.com\/it\/#\/schema\/person\/c109297998385ce39667977134ce25b2\"},\"headline\":\"Incursioni Brandaliche in due capitali europee (e non solo): HOGRE\",\"datePublished\":\"2019-10-03T15:37:46+00:00\",\"mainEntityOfPage\":{\"@id\":\"https:\/\/www.pressenza.com\/it\/2019\/10\/incursioni-brandaliche-in-due-capitali-europee-e-non-solo-hogre\/\"},\"wordCount\":1543,\"publisher\":{\"@id\":\"https:\/\/www.pressenza.com\/it\/#organization\"},\"image\":{\"@id\":\"https:\/\/www.pressenza.com\/it\/2019\/10\/incursioni-brandaliche-in-due-capitali-europee-e-non-solo-hogre\/#primaryimage\"},\"thumbnailUrl\":\"https:\/\/www.pressenza.com\/wp-content\/uploads\/2019\/10\/hogre1.jpg\",\"keywords\":[\"Londra\",\"Restiamo Cyborg Posse\",\"Roma\"],\"articleSection\":[\"contenuti originali\",\"Cultura e Media\",\"Europa\",\"Internazionale\",\"Interviste\"],\"inLanguage\":\"it-IT\"},{\"@type\":\"WebPage\",\"@id\":\"https:\/\/www.pressenza.com\/it\/2019\/10\/incursioni-brandaliche-in-due-capitali-europee-e-non-solo-hogre\/\",\"url\":\"https:\/\/www.pressenza.com\/it\/2019\/10\/incursioni-brandaliche-in-due-capitali-europee-e-non-solo-hogre\/\",\"name\":\"Incursioni Brandaliche in due capitali europee (e non solo): HOGRE\",\"isPartOf\":{\"@id\":\"https:\/\/www.pressenza.com\/it\/#website\"},\"primaryImageOfPage\":{\"@id\":\"https:\/\/www.pressenza.com\/it\/2019\/10\/incursioni-brandaliche-in-due-capitali-europee-e-non-solo-hogre\/#primaryimage\"},\"image\":{\"@id\":\"https:\/\/www.pressenza.com\/it\/2019\/10\/incursioni-brandaliche-in-due-capitali-europee-e-non-solo-hogre\/#primaryimage\"},\"thumbnailUrl\":\"https:\/\/www.pressenza.com\/wp-content\/uploads\/2019\/10\/hogre1.jpg\",\"datePublished\":\"2019-10-03T15:37:46+00:00\",\"description\":\"Hogre \u00e8 uno dei pi\u00f9 creativi, provocatori, spietati, insolenti, disobbedienti, interessanti, subvertisers (pirati degli spazi pubblicitari) contemporanei.\",\"breadcrumb\":{\"@id\":\"https:\/\/www.pressenza.com\/it\/2019\/10\/incursioni-brandaliche-in-due-capitali-europee-e-non-solo-hogre\/#breadcrumb\"},\"inLanguage\":\"it-IT\",\"potentialAction\":[{\"@type\":\"ReadAction\",\"target\":[\"https:\/\/www.pressenza.com\/it\/2019\/10\/incursioni-brandaliche-in-due-capitali-europee-e-non-solo-hogre\/\"]}]},{\"@type\":\"ImageObject\",\"inLanguage\":\"it-IT\",\"@id\":\"https:\/\/www.pressenza.com\/it\/2019\/10\/incursioni-brandaliche-in-due-capitali-europee-e-non-solo-hogre\/#primaryimage\",\"url\":\"https:\/\/www.pressenza.com\/wp-content\/uploads\/2019\/10\/hogre1.jpg\",\"contentUrl\":\"https:\/\/www.pressenza.com\/wp-content\/uploads\/2019\/10\/hogre1.jpg\",\"width\":800,\"height\":600},{\"@type\":\"BreadcrumbList\",\"@id\":\"https:\/\/www.pressenza.com\/it\/2019\/10\/incursioni-brandaliche-in-due-capitali-europee-e-non-solo-hogre\/#breadcrumb\",\"itemListElement\":[{\"@type\":\"ListItem\",\"position\":1,\"name\":\"Accueil\",\"item\":\"https:\/\/www.pressenza.com\/it\/\"},{\"@type\":\"ListItem\",\"position\":2,\"name\":\"Incursioni Brandaliche in due capitali europee (e non solo): HOGRE\"}]},{\"@type\":\"WebSite\",\"@id\":\"https:\/\/www.pressenza.com\/it\/#website\",\"url\":\"https:\/\/www.pressenza.com\/it\/\",\"name\":\"Pressenza\",\"description\":\"Agenzia di Stampa Internazionale\",\"publisher\":{\"@id\":\"https:\/\/www.pressenza.com\/it\/#organization\"},\"potentialAction\":[{\"@type\":\"SearchAction\",\"target\":{\"@type\":\"EntryPoint\",\"urlTemplate\":\"https:\/\/www.pressenza.com\/it\/?s={search_term_string}\"},\"query-input\":{\"@type\":\"PropertyValueSpecification\",\"valueRequired\":true,\"valueName\":\"search_term_string\"}}],\"inLanguage\":\"it-IT\"},{\"@type\":\"Organization\",\"@id\":\"https:\/\/www.pressenza.com\/it\/#organization\",\"name\":\"Pressenza\",\"url\":\"https:\/\/www.pressenza.com\/it\/\",\"logo\":{\"@type\":\"ImageObject\",\"inLanguage\":\"it-IT\",\"@id\":\"https:\/\/www.pressenza.com\/it\/#\/schema\/logo\/image\/\",\"url\":\"https:\/\/www.pressenza.com\/wp-content\/uploads\/2022\/10\/pressenza_logo_200x200.jpg\",\"contentUrl\":\"https:\/\/www.pressenza.com\/wp-content\/uploads\/2022\/10\/pressenza_logo_200x200.jpg\",\"width\":200,\"height\":200,\"caption\":\"Pressenza\"},\"image\":{\"@id\":\"https:\/\/www.pressenza.com\/it\/#\/schema\/logo\/image\/\"},\"sameAs\":[\"https:\/\/www.facebook.com\/PressenzaItalia\",\"https:\/\/x.com\/PressenzaIPA\"]},{\"@type\":\"Person\",\"@id\":\"https:\/\/www.pressenza.com\/it\/#\/schema\/person\/c109297998385ce39667977134ce25b2\",\"name\":\"Raffaella Ganci\",\"description\":\"Raffaella Ganci \u00e8 nata a Palermo. Dal 2006 vive a Firenze ed \u00e8 qui che ha cominciato a interessarsi alla Street Art. Nel 2015 ha iniziato la sua attivit\u00e0 di attivista culturale indipendente con la mostra La Terra Guasta. T.S. Eliot e la Street art allestita presso la Biblioteca Nazionale di Firenze. https:\/\/www.facebook.com\/terraguasta\/ https:\/\/www.youtube.com\/watch?v=JHTPcBH-ST4&amp;t=6s https:\/\/www.youtube.com\/channel\/UCWi5-o0gYl5dsbX7hK7s3eg\",\"url\":\"https:\/\/www.pressenza.com\/it\/author\/raffaella-ganci\/\"}]}<\/script>\n<!-- \/ Yoast SEO plugin. -->","yoast_head_json":{"title":"Incursioni Brandaliche in due capitali europee (e non solo): HOGRE","description":"Hogre \u00e8 uno dei pi\u00f9 creativi, provocatori, spietati, insolenti, disobbedienti, interessanti, subvertisers (pirati degli spazi pubblicitari) contemporanei.","robots":{"index":"index","follow":"follow","max-snippet":"max-snippet:-1","max-image-preview":"max-image-preview:large","max-video-preview":"max-video-preview:-1"},"canonical":"https:\/\/www.pressenza.com\/it\/2019\/10\/incursioni-brandaliche-in-due-capitali-europee-e-non-solo-hogre\/","og_locale":"it_IT","og_type":"article","og_title":"Incursioni Brandaliche in due capitali europee (e non solo): HOGRE","og_description":"Hogre \u00e8 uno dei pi\u00f9 creativi, provocatori, spietati, insolenti, disobbedienti, interessanti, subvertisers (pirati degli spazi pubblicitari) contemporanei.","og_url":"https:\/\/www.pressenza.com\/it\/2019\/10\/incursioni-brandaliche-in-due-capitali-europee-e-non-solo-hogre\/","og_site_name":"Pressenza","article_publisher":"https:\/\/www.facebook.com\/PressenzaItalia","article_published_time":"2019-10-03T15:37:46+00:00","og_image":[{"width":800,"height":600,"url":"https:\/\/www.pressenza.com\/wp-content\/uploads\/2019\/10\/hogre1.jpg","type":"image\/jpeg"}],"author":"Raffaella Ganci","twitter_card":"summary_large_image","twitter_creator":"@PressenzaIPA","twitter_site":"@PressenzaIPA","twitter_misc":{"Scritto da":"Raffaella Ganci","Tempo di lettura stimato":"8 minuti"},"schema":{"@context":"https:\/\/schema.org","@graph":[{"@type":"Article","@id":"https:\/\/www.pressenza.com\/it\/2019\/10\/incursioni-brandaliche-in-due-capitali-europee-e-non-solo-hogre\/#article","isPartOf":{"@id":"https:\/\/www.pressenza.com\/it\/2019\/10\/incursioni-brandaliche-in-due-capitali-europee-e-non-solo-hogre\/"},"author":{"name":"Raffaella Ganci","@id":"https:\/\/www.pressenza.com\/it\/#\/schema\/person\/c109297998385ce39667977134ce25b2"},"headline":"Incursioni Brandaliche in due capitali europee (e non solo): HOGRE","datePublished":"2019-10-03T15:37:46+00:00","mainEntityOfPage":{"@id":"https:\/\/www.pressenza.com\/it\/2019\/10\/incursioni-brandaliche-in-due-capitali-europee-e-non-solo-hogre\/"},"wordCount":1543,"publisher":{"@id":"https:\/\/www.pressenza.com\/it\/#organization"},"image":{"@id":"https:\/\/www.pressenza.com\/it\/2019\/10\/incursioni-brandaliche-in-due-capitali-europee-e-non-solo-hogre\/#primaryimage"},"thumbnailUrl":"https:\/\/www.pressenza.com\/wp-content\/uploads\/2019\/10\/hogre1.jpg","keywords":["Londra","Restiamo Cyborg Posse","Roma"],"articleSection":["contenuti originali","Cultura e Media","Europa","Internazionale","Interviste"],"inLanguage":"it-IT"},{"@type":"WebPage","@id":"https:\/\/www.pressenza.com\/it\/2019\/10\/incursioni-brandaliche-in-due-capitali-europee-e-non-solo-hogre\/","url":"https:\/\/www.pressenza.com\/it\/2019\/10\/incursioni-brandaliche-in-due-capitali-europee-e-non-solo-hogre\/","name":"Incursioni Brandaliche in due capitali europee (e non solo): HOGRE","isPartOf":{"@id":"https:\/\/www.pressenza.com\/it\/#website"},"primaryImageOfPage":{"@id":"https:\/\/www.pressenza.com\/it\/2019\/10\/incursioni-brandaliche-in-due-capitali-europee-e-non-solo-hogre\/#primaryimage"},"image":{"@id":"https:\/\/www.pressenza.com\/it\/2019\/10\/incursioni-brandaliche-in-due-capitali-europee-e-non-solo-hogre\/#primaryimage"},"thumbnailUrl":"https:\/\/www.pressenza.com\/wp-content\/uploads\/2019\/10\/hogre1.jpg","datePublished":"2019-10-03T15:37:46+00:00","description":"Hogre \u00e8 uno dei pi\u00f9 creativi, provocatori, spietati, insolenti, disobbedienti, interessanti, subvertisers (pirati degli spazi pubblicitari) contemporanei.","breadcrumb":{"@id":"https:\/\/www.pressenza.com\/it\/2019\/10\/incursioni-brandaliche-in-due-capitali-europee-e-non-solo-hogre\/#breadcrumb"},"inLanguage":"it-IT","potentialAction":[{"@type":"ReadAction","target":["https:\/\/www.pressenza.com\/it\/2019\/10\/incursioni-brandaliche-in-due-capitali-europee-e-non-solo-hogre\/"]}]},{"@type":"ImageObject","inLanguage":"it-IT","@id":"https:\/\/www.pressenza.com\/it\/2019\/10\/incursioni-brandaliche-in-due-capitali-europee-e-non-solo-hogre\/#primaryimage","url":"https:\/\/www.pressenza.com\/wp-content\/uploads\/2019\/10\/hogre1.jpg","contentUrl":"https:\/\/www.pressenza.com\/wp-content\/uploads\/2019\/10\/hogre1.jpg","width":800,"height":600},{"@type":"BreadcrumbList","@id":"https:\/\/www.pressenza.com\/it\/2019\/10\/incursioni-brandaliche-in-due-capitali-europee-e-non-solo-hogre\/#breadcrumb","itemListElement":[{"@type":"ListItem","position":1,"name":"Accueil","item":"https:\/\/www.pressenza.com\/it\/"},{"@type":"ListItem","position":2,"name":"Incursioni Brandaliche in due capitali europee (e non solo): HOGRE"}]},{"@type":"WebSite","@id":"https:\/\/www.pressenza.com\/it\/#website","url":"https:\/\/www.pressenza.com\/it\/","name":"Pressenza","description":"Agenzia di Stampa Internazionale","publisher":{"@id":"https:\/\/www.pressenza.com\/it\/#organization"},"potentialAction":[{"@type":"SearchAction","target":{"@type":"EntryPoint","urlTemplate":"https:\/\/www.pressenza.com\/it\/?s={search_term_string}"},"query-input":{"@type":"PropertyValueSpecification","valueRequired":true,"valueName":"search_term_string"}}],"inLanguage":"it-IT"},{"@type":"Organization","@id":"https:\/\/www.pressenza.com\/it\/#organization","name":"Pressenza","url":"https:\/\/www.pressenza.com\/it\/","logo":{"@type":"ImageObject","inLanguage":"it-IT","@id":"https:\/\/www.pressenza.com\/it\/#\/schema\/logo\/image\/","url":"https:\/\/www.pressenza.com\/wp-content\/uploads\/2022\/10\/pressenza_logo_200x200.jpg","contentUrl":"https:\/\/www.pressenza.com\/wp-content\/uploads\/2022\/10\/pressenza_logo_200x200.jpg","width":200,"height":200,"caption":"Pressenza"},"image":{"@id":"https:\/\/www.pressenza.com\/it\/#\/schema\/logo\/image\/"},"sameAs":["https:\/\/www.facebook.com\/PressenzaItalia","https:\/\/x.com\/PressenzaIPA"]},{"@type":"Person","@id":"https:\/\/www.pressenza.com\/it\/#\/schema\/person\/c109297998385ce39667977134ce25b2","name":"Raffaella Ganci","description":"Raffaella Ganci \u00e8 nata a Palermo. Dal 2006 vive a Firenze ed \u00e8 qui che ha cominciato a interessarsi alla Street Art. Nel 2015 ha iniziato la sua attivit\u00e0 di attivista culturale indipendente con la mostra La Terra Guasta. T.S. Eliot e la Street art allestita presso la Biblioteca Nazionale di Firenze. https:\/\/www.facebook.com\/terraguasta\/ https:\/\/www.youtube.com\/watch?v=JHTPcBH-ST4&amp;t=6s https:\/\/www.youtube.com\/channel\/UCWi5-o0gYl5dsbX7hK7s3eg","url":"https:\/\/www.pressenza.com\/it\/author\/raffaella-ganci\/"}]}},"place":"","original_article_url":"","_links":{"self":[{"href":"https:\/\/www.pressenza.com\/it\/wp-json\/wp\/v2\/posts\/933493","targetHints":{"allow":["GET"]}}],"collection":[{"href":"https:\/\/www.pressenza.com\/it\/wp-json\/wp\/v2\/posts"}],"about":[{"href":"https:\/\/www.pressenza.com\/it\/wp-json\/wp\/v2\/types\/post"}],"author":[{"embeddable":true,"href":"https:\/\/www.pressenza.com\/it\/wp-json\/wp\/v2\/users\/1641"}],"replies":[{"embeddable":true,"href":"https:\/\/www.pressenza.com\/it\/wp-json\/wp\/v2\/comments?post=933493"}],"version-history":[{"count":0,"href":"https:\/\/www.pressenza.com\/it\/wp-json\/wp\/v2\/posts\/933493\/revisions"}],"wp:featuredmedia":[{"embeddable":true,"href":"https:\/\/www.pressenza.com\/it\/wp-json\/wp\/v2\/media\/933505"}],"wp:attachment":[{"href":"https:\/\/www.pressenza.com\/it\/wp-json\/wp\/v2\/media?parent=933493"}],"wp:term":[{"taxonomy":"category","embeddable":true,"href":"https:\/\/www.pressenza.com\/it\/wp-json\/wp\/v2\/categories?post=933493"},{"taxonomy":"post_tag","embeddable":true,"href":"https:\/\/www.pressenza.com\/it\/wp-json\/wp\/v2\/tags?post=933493"}],"curies":[{"name":"wp","href":"https:\/\/api.w.org\/{rel}","templated":true}]}}