{"id":932294,"date":"2019-10-01T20:03:20","date_gmt":"2019-10-01T19:03:20","guid":{"rendered":"https:\/\/www.pressenza.com\/?p=932294"},"modified":"2019-10-01T20:03:20","modified_gmt":"2019-10-01T19:03:20","slug":"il-comune-di-luino-approva-una-mozione-di-adesione-al-tpan","status":"publish","type":"post","link":"https:\/\/www.pressenza.com\/it\/2019\/10\/il-comune-di-luino-approva-una-mozione-di-adesione-al-tpan\/","title":{"rendered":"Il Comune di Luino approva una mozione di adesione al TPAN"},"content":{"rendered":"<p>Luned\u00ec 30 settembre il Comune di Luino, in provincia di Varese, ha approvato all\u2019unanimit\u00e0 una mozione di adesione al Trattato sulla proibizione delle armi nucleari (TPAN) presentata dall\u2019assessore Alessandra Miglio.<\/p>\n<p>Nell\u2019ambito della Seconda Marcia Mondiale per la Pace e la Nonviolenza, che partir\u00e0 domani da Madrid e vi torner\u00e0 l\u20198 marzo 2020, dopo aver attraversato il mondo con moltissimi eventi su pace, disarmo, nonviolenza, non discriminazione, ambiente e diritti umani, le attivit\u00e0 e le iniziative volte a informare e sensibilizzare sul tema del disarmo nucleare e sull\u2019importanza di firmare il TPAN rivestono un\u2019importanza fondamentale. In molti paesi, tra cui l\u2019Italia, si moltiplicano gli eventi per spingere il proprio governo ad aderire al trattato e in questo senso i Comuni possono svolgere un ruolo importante.<\/p>\n<p>Il Comitato della Marcia dell\u2019Alto Verbano si \u00e8 attivato per coinvolgere i il Comune di Luino. Il voto di ieri \u00e8 il risultato dei suoi sforzi e dimostra la sensibilit\u00e0 di tanti cittadini, decisi a unirsi perch\u00e9 queste armi di distruzione di massa vengano finalmente dichiarate illegali.<\/p>\n<p>&nbsp;<\/p>\n","protected":false},"excerpt":{"rendered":"<p>Luned\u00ec 30 settembre il Comune di Luino, in provincia di Varese, ha approvato all\u2019unanimit\u00e0 una mozione di adesione al Trattato sulla proibizione delle armi nucleari (TPAN) presentata dall\u2019assessore Alessandra Miglio. Nell\u2019ambito della Seconda Marcia Mondiale per la Pace e la&hellip;<\/p>\n","protected":false},"author":594,"featured_media":932297,"comment_status":"closed","ping_status":"closed","sticky":false,"template":"","format":"standard","meta":{"footnotes":""},"categories":[11388,47,1263],"tags":[64763,895,42903,41996],"class_list":["post-932294","post","type-post","status-publish","format-standard","has-post-thumbnail","hentry","category-contenuti-originali","category-europa","category-pace-disarmo","tag-adesione-al-tpan","tag-armi-nucleari","tag-luino","tag-2a-marcia-mondiale-per-la-pace-e-la-nonviolenza"],"yoast_head":"<!-- This site is optimized with the Yoast SEO plugin v27.1.1 - https:\/\/yoast.com\/product\/yoast-seo-wordpress\/ -->\n<title>Il Comune di Luino approva una mozione di adesione al TPAN<\/title>\n<meta name=\"description\" content=\"Luned\u00ec 30 settembre il Comune di Luino, in provincia di Varese, ha approvato all\u2019unanimit\u00e0 una mozione di adesione al Trattato sulla proibizione delle\" \/>\n<meta name=\"robots\" content=\"index, follow, max-snippet:-1, max-image-preview:large, max-video-preview:-1\" \/>\n<link rel=\"canonical\" href=\"https:\/\/www.pressenza.com\/it\/2019\/10\/il-comune-di-luino-approva-una-mozione-di-adesione-al-tpan\/\" \/>\n<meta property=\"og:locale\" content=\"it_IT\" \/>\n<meta property=\"og:type\" content=\"article\" \/>\n<meta property=\"og:title\" content=\"Il Comune di Luino approva una mozione di adesione al TPAN\" \/>\n<meta property=\"og:description\" content=\"Luned\u00ec 30 settembre il Comune di Luino, in provincia di Varese, ha approvato all\u2019unanimit\u00e0 una mozione di adesione al Trattato sulla proibizione delle\" \/>\n<meta property=\"og:url\" content=\"https:\/\/www.pressenza.com\/it\/2019\/10\/il-comune-di-luino-approva-una-mozione-di-adesione-al-tpan\/\" \/>\n<meta property=\"og:site_name\" content=\"Pressenza\" \/>\n<meta property=\"article:publisher\" content=\"https:\/\/www.facebook.com\/PressenzaItalia\" \/>\n<meta property=\"article:author\" content=\"https:\/\/www.facebook.com\/PressenzaItalia\" \/>\n<meta property=\"article:published_time\" content=\"2019-10-01T19:03:20+00:00\" \/>\n<meta property=\"og:image\" content=\"https:\/\/www.pressenza.com\/wp-content\/uploads\/2019\/10\/striscione-marcia-Luino.jpg\" \/>\n\t<meta property=\"og:image:width\" content=\"1600\" \/>\n\t<meta property=\"og:image:height\" content=\"800\" \/>\n\t<meta property=\"og:image:type\" content=\"image\/jpeg\" \/>\n<meta name=\"author\" content=\"Redazione Italia\" \/>\n<meta name=\"twitter:card\" content=\"summary_large_image\" \/>\n<meta name=\"twitter:creator\" content=\"@pressenza_it\" \/>\n<meta name=\"twitter:site\" content=\"@PressenzaIPA\" \/>\n<meta name=\"twitter:label1\" content=\"Scritto da\" \/>\n\t<meta name=\"twitter:data1\" content=\"Redazione Italia\" \/>\n\t<meta name=\"twitter:label2\" content=\"Tempo di lettura stimato\" \/>\n\t<meta name=\"twitter:data2\" content=\"1 minuto\" \/>\n<script type=\"application\/ld+json\" class=\"yoast-schema-graph\">{\"@context\":\"https:\/\/schema.org\",\"@graph\":[{\"@type\":\"Article\",\"@id\":\"https:\/\/www.pressenza.com\/it\/2019\/10\/il-comune-di-luino-approva-una-mozione-di-adesione-al-tpan\/#article\",\"isPartOf\":{\"@id\":\"https:\/\/www.pressenza.com\/it\/2019\/10\/il-comune-di-luino-approva-una-mozione-di-adesione-al-tpan\/\"},\"author\":{\"name\":\"Redazione Italia\",\"@id\":\"https:\/\/www.pressenza.com\/it\/#\/schema\/person\/d983e81827ae24f2c7b1a2123d197f8d\"},\"headline\":\"Il Comune di Luino approva una mozione di adesione al TPAN\",\"datePublished\":\"2019-10-01T19:03:20+00:00\",\"mainEntityOfPage\":{\"@id\":\"https:\/\/www.pressenza.com\/it\/2019\/10\/il-comune-di-luino-approva-una-mozione-di-adesione-al-tpan\/\"},\"wordCount\":186,\"publisher\":{\"@id\":\"https:\/\/www.pressenza.com\/it\/#organization\"},\"image\":{\"@id\":\"https:\/\/www.pressenza.com\/it\/2019\/10\/il-comune-di-luino-approva-una-mozione-di-adesione-al-tpan\/#primaryimage\"},\"thumbnailUrl\":\"https:\/\/www.pressenza.com\/wp-content\/uploads\/2019\/10\/striscione-marcia-Luino.jpg\",\"keywords\":[\"adesione al TPAN\",\"armi nucleari\",\"Luino\",\"Seconda Marcia Mondiale per la Pace e la Nonviolenza\"],\"articleSection\":[\"contenuti originali\",\"Europa\",\"Pace e Disarmo\"],\"inLanguage\":\"it-IT\"},{\"@type\":\"WebPage\",\"@id\":\"https:\/\/www.pressenza.com\/it\/2019\/10\/il-comune-di-luino-approva-una-mozione-di-adesione-al-tpan\/\",\"url\":\"https:\/\/www.pressenza.com\/it\/2019\/10\/il-comune-di-luino-approva-una-mozione-di-adesione-al-tpan\/\",\"name\":\"Il Comune di Luino approva una mozione di adesione al TPAN\",\"isPartOf\":{\"@id\":\"https:\/\/www.pressenza.com\/it\/#website\"},\"primaryImageOfPage\":{\"@id\":\"https:\/\/www.pressenza.com\/it\/2019\/10\/il-comune-di-luino-approva-una-mozione-di-adesione-al-tpan\/#primaryimage\"},\"image\":{\"@id\":\"https:\/\/www.pressenza.com\/it\/2019\/10\/il-comune-di-luino-approva-una-mozione-di-adesione-al-tpan\/#primaryimage\"},\"thumbnailUrl\":\"https:\/\/www.pressenza.com\/wp-content\/uploads\/2019\/10\/striscione-marcia-Luino.jpg\",\"datePublished\":\"2019-10-01T19:03:20+00:00\",\"description\":\"Luned\u00ec 30 settembre il Comune di Luino, in provincia di Varese, ha approvato all\u2019unanimit\u00e0 una mozione di adesione al Trattato sulla proibizione delle\",\"breadcrumb\":{\"@id\":\"https:\/\/www.pressenza.com\/it\/2019\/10\/il-comune-di-luino-approva-una-mozione-di-adesione-al-tpan\/#breadcrumb\"},\"inLanguage\":\"it-IT\",\"potentialAction\":[{\"@type\":\"ReadAction\",\"target\":[\"https:\/\/www.pressenza.com\/it\/2019\/10\/il-comune-di-luino-approva-una-mozione-di-adesione-al-tpan\/\"]}]},{\"@type\":\"ImageObject\",\"inLanguage\":\"it-IT\",\"@id\":\"https:\/\/www.pressenza.com\/it\/2019\/10\/il-comune-di-luino-approva-una-mozione-di-adesione-al-tpan\/#primaryimage\",\"url\":\"https:\/\/www.pressenza.com\/wp-content\/uploads\/2019\/10\/striscione-marcia-Luino.jpg\",\"contentUrl\":\"https:\/\/www.pressenza.com\/wp-content\/uploads\/2019\/10\/striscione-marcia-Luino.jpg\",\"width\":1600,\"height\":800},{\"@type\":\"BreadcrumbList\",\"@id\":\"https:\/\/www.pressenza.com\/it\/2019\/10\/il-comune-di-luino-approva-una-mozione-di-adesione-al-tpan\/#breadcrumb\",\"itemListElement\":[{\"@type\":\"ListItem\",\"position\":1,\"name\":\"Accueil\",\"item\":\"https:\/\/www.pressenza.com\/it\/\"},{\"@type\":\"ListItem\",\"position\":2,\"name\":\"Il Comune di Luino approva una mozione di adesione al TPAN\"}]},{\"@type\":\"WebSite\",\"@id\":\"https:\/\/www.pressenza.com\/it\/#website\",\"url\":\"https:\/\/www.pressenza.com\/it\/\",\"name\":\"Pressenza\",\"description\":\"Agenzia di Stampa Internazionale\",\"publisher\":{\"@id\":\"https:\/\/www.pressenza.com\/it\/#organization\"},\"potentialAction\":[{\"@type\":\"SearchAction\",\"target\":{\"@type\":\"EntryPoint\",\"urlTemplate\":\"https:\/\/www.pressenza.com\/it\/?s={search_term_string}\"},\"query-input\":{\"@type\":\"PropertyValueSpecification\",\"valueRequired\":true,\"valueName\":\"search_term_string\"}}],\"inLanguage\":\"it-IT\"},{\"@type\":\"Organization\",\"@id\":\"https:\/\/www.pressenza.com\/it\/#organization\",\"name\":\"Pressenza\",\"url\":\"https:\/\/www.pressenza.com\/it\/\",\"logo\":{\"@type\":\"ImageObject\",\"inLanguage\":\"it-IT\",\"@id\":\"https:\/\/www.pressenza.com\/it\/#\/schema\/logo\/image\/\",\"url\":\"https:\/\/www.pressenza.com\/wp-content\/uploads\/2022\/10\/pressenza_logo_200x200.jpg\",\"contentUrl\":\"https:\/\/www.pressenza.com\/wp-content\/uploads\/2022\/10\/pressenza_logo_200x200.jpg\",\"width\":200,\"height\":200,\"caption\":\"Pressenza\"},\"image\":{\"@id\":\"https:\/\/www.pressenza.com\/it\/#\/schema\/logo\/image\/\"},\"sameAs\":[\"https:\/\/www.facebook.com\/PressenzaItalia\",\"https:\/\/x.com\/PressenzaIPA\"]},{\"@type\":\"Person\",\"@id\":\"https:\/\/www.pressenza.com\/it\/#\/schema\/person\/d983e81827ae24f2c7b1a2123d197f8d\",\"name\":\"Redazione Italia\",\"description\":\"News from the Pressenza Bureau in Italy\",\"sameAs\":[\"https:\/\/www.pressenza.com\/it\/author\/redazione-italia\/\",\"https:\/\/www.facebook.com\/PressenzaItalia\",\"https:\/\/www.instagram.com\/pressenza_italia\/\",\"https:\/\/x.com\/pressenza_it\",\"https:\/\/www.youtube.com\/channel\/UCSalEIWjE1RSxkwjfftFuqg\"],\"url\":\"https:\/\/www.pressenza.com\/it\/author\/redazione-italia\/\"}]}<\/script>\n<!-- \/ Yoast SEO plugin. -->","yoast_head_json":{"title":"Il Comune di Luino approva una mozione di adesione al TPAN","description":"Luned\u00ec 30 settembre il Comune di Luino, in provincia di Varese, ha approvato all\u2019unanimit\u00e0 una mozione di adesione al Trattato sulla proibizione delle","robots":{"index":"index","follow":"follow","max-snippet":"max-snippet:-1","max-image-preview":"max-image-preview:large","max-video-preview":"max-video-preview:-1"},"canonical":"https:\/\/www.pressenza.com\/it\/2019\/10\/il-comune-di-luino-approva-una-mozione-di-adesione-al-tpan\/","og_locale":"it_IT","og_type":"article","og_title":"Il Comune di Luino approva una mozione di adesione al TPAN","og_description":"Luned\u00ec 30 settembre il Comune di Luino, in provincia di Varese, ha approvato all\u2019unanimit\u00e0 una mozione di adesione al Trattato sulla proibizione delle","og_url":"https:\/\/www.pressenza.com\/it\/2019\/10\/il-comune-di-luino-approva-una-mozione-di-adesione-al-tpan\/","og_site_name":"Pressenza","article_publisher":"https:\/\/www.facebook.com\/PressenzaItalia","article_author":"https:\/\/www.facebook.com\/PressenzaItalia","article_published_time":"2019-10-01T19:03:20+00:00","og_image":[{"width":1600,"height":800,"url":"https:\/\/www.pressenza.com\/wp-content\/uploads\/2019\/10\/striscione-marcia-Luino.jpg","type":"image\/jpeg"}],"author":"Redazione Italia","twitter_card":"summary_large_image","twitter_creator":"@pressenza_it","twitter_site":"@PressenzaIPA","twitter_misc":{"Scritto da":"Redazione Italia","Tempo di lettura stimato":"1 minuto"},"schema":{"@context":"https:\/\/schema.org","@graph":[{"@type":"Article","@id":"https:\/\/www.pressenza.com\/it\/2019\/10\/il-comune-di-luino-approva-una-mozione-di-adesione-al-tpan\/#article","isPartOf":{"@id":"https:\/\/www.pressenza.com\/it\/2019\/10\/il-comune-di-luino-approva-una-mozione-di-adesione-al-tpan\/"},"author":{"name":"Redazione Italia","@id":"https:\/\/www.pressenza.com\/it\/#\/schema\/person\/d983e81827ae24f2c7b1a2123d197f8d"},"headline":"Il Comune di Luino approva una mozione di adesione al TPAN","datePublished":"2019-10-01T19:03:20+00:00","mainEntityOfPage":{"@id":"https:\/\/www.pressenza.com\/it\/2019\/10\/il-comune-di-luino-approva-una-mozione-di-adesione-al-tpan\/"},"wordCount":186,"publisher":{"@id":"https:\/\/www.pressenza.com\/it\/#organization"},"image":{"@id":"https:\/\/www.pressenza.com\/it\/2019\/10\/il-comune-di-luino-approva-una-mozione-di-adesione-al-tpan\/#primaryimage"},"thumbnailUrl":"https:\/\/www.pressenza.com\/wp-content\/uploads\/2019\/10\/striscione-marcia-Luino.jpg","keywords":["adesione al TPAN","armi nucleari","Luino","Seconda Marcia Mondiale per la Pace e la Nonviolenza"],"articleSection":["contenuti originali","Europa","Pace e Disarmo"],"inLanguage":"it-IT"},{"@type":"WebPage","@id":"https:\/\/www.pressenza.com\/it\/2019\/10\/il-comune-di-luino-approva-una-mozione-di-adesione-al-tpan\/","url":"https:\/\/www.pressenza.com\/it\/2019\/10\/il-comune-di-luino-approva-una-mozione-di-adesione-al-tpan\/","name":"Il Comune di Luino approva una mozione di adesione al TPAN","isPartOf":{"@id":"https:\/\/www.pressenza.com\/it\/#website"},"primaryImageOfPage":{"@id":"https:\/\/www.pressenza.com\/it\/2019\/10\/il-comune-di-luino-approva-una-mozione-di-adesione-al-tpan\/#primaryimage"},"image":{"@id":"https:\/\/www.pressenza.com\/it\/2019\/10\/il-comune-di-luino-approva-una-mozione-di-adesione-al-tpan\/#primaryimage"},"thumbnailUrl":"https:\/\/www.pressenza.com\/wp-content\/uploads\/2019\/10\/striscione-marcia-Luino.jpg","datePublished":"2019-10-01T19:03:20+00:00","description":"Luned\u00ec 30 settembre il Comune di Luino, in provincia di Varese, ha approvato all\u2019unanimit\u00e0 una mozione di adesione al Trattato sulla proibizione delle","breadcrumb":{"@id":"https:\/\/www.pressenza.com\/it\/2019\/10\/il-comune-di-luino-approva-una-mozione-di-adesione-al-tpan\/#breadcrumb"},"inLanguage":"it-IT","potentialAction":[{"@type":"ReadAction","target":["https:\/\/www.pressenza.com\/it\/2019\/10\/il-comune-di-luino-approva-una-mozione-di-adesione-al-tpan\/"]}]},{"@type":"ImageObject","inLanguage":"it-IT","@id":"https:\/\/www.pressenza.com\/it\/2019\/10\/il-comune-di-luino-approva-una-mozione-di-adesione-al-tpan\/#primaryimage","url":"https:\/\/www.pressenza.com\/wp-content\/uploads\/2019\/10\/striscione-marcia-Luino.jpg","contentUrl":"https:\/\/www.pressenza.com\/wp-content\/uploads\/2019\/10\/striscione-marcia-Luino.jpg","width":1600,"height":800},{"@type":"BreadcrumbList","@id":"https:\/\/www.pressenza.com\/it\/2019\/10\/il-comune-di-luino-approva-una-mozione-di-adesione-al-tpan\/#breadcrumb","itemListElement":[{"@type":"ListItem","position":1,"name":"Accueil","item":"https:\/\/www.pressenza.com\/it\/"},{"@type":"ListItem","position":2,"name":"Il Comune di Luino approva una mozione di adesione al TPAN"}]},{"@type":"WebSite","@id":"https:\/\/www.pressenza.com\/it\/#website","url":"https:\/\/www.pressenza.com\/it\/","name":"Pressenza","description":"Agenzia di Stampa Internazionale","publisher":{"@id":"https:\/\/www.pressenza.com\/it\/#organization"},"potentialAction":[{"@type":"SearchAction","target":{"@type":"EntryPoint","urlTemplate":"https:\/\/www.pressenza.com\/it\/?s={search_term_string}"},"query-input":{"@type":"PropertyValueSpecification","valueRequired":true,"valueName":"search_term_string"}}],"inLanguage":"it-IT"},{"@type":"Organization","@id":"https:\/\/www.pressenza.com\/it\/#organization","name":"Pressenza","url":"https:\/\/www.pressenza.com\/it\/","logo":{"@type":"ImageObject","inLanguage":"it-IT","@id":"https:\/\/www.pressenza.com\/it\/#\/schema\/logo\/image\/","url":"https:\/\/www.pressenza.com\/wp-content\/uploads\/2022\/10\/pressenza_logo_200x200.jpg","contentUrl":"https:\/\/www.pressenza.com\/wp-content\/uploads\/2022\/10\/pressenza_logo_200x200.jpg","width":200,"height":200,"caption":"Pressenza"},"image":{"@id":"https:\/\/www.pressenza.com\/it\/#\/schema\/logo\/image\/"},"sameAs":["https:\/\/www.facebook.com\/PressenzaItalia","https:\/\/x.com\/PressenzaIPA"]},{"@type":"Person","@id":"https:\/\/www.pressenza.com\/it\/#\/schema\/person\/d983e81827ae24f2c7b1a2123d197f8d","name":"Redazione Italia","description":"News from the Pressenza Bureau in Italy","sameAs":["https:\/\/www.pressenza.com\/it\/author\/redazione-italia\/","https:\/\/www.facebook.com\/PressenzaItalia","https:\/\/www.instagram.com\/pressenza_italia\/","https:\/\/x.com\/pressenza_it","https:\/\/www.youtube.com\/channel\/UCSalEIWjE1RSxkwjfftFuqg"],"url":"https:\/\/www.pressenza.com\/it\/author\/redazione-italia\/"}]}},"place":"","original_article_url":"","_links":{"self":[{"href":"https:\/\/www.pressenza.com\/it\/wp-json\/wp\/v2\/posts\/932294","targetHints":{"allow":["GET"]}}],"collection":[{"href":"https:\/\/www.pressenza.com\/it\/wp-json\/wp\/v2\/posts"}],"about":[{"href":"https:\/\/www.pressenza.com\/it\/wp-json\/wp\/v2\/types\/post"}],"author":[{"embeddable":true,"href":"https:\/\/www.pressenza.com\/it\/wp-json\/wp\/v2\/users\/594"}],"replies":[{"embeddable":true,"href":"https:\/\/www.pressenza.com\/it\/wp-json\/wp\/v2\/comments?post=932294"}],"version-history":[{"count":0,"href":"https:\/\/www.pressenza.com\/it\/wp-json\/wp\/v2\/posts\/932294\/revisions"}],"wp:featuredmedia":[{"embeddable":true,"href":"https:\/\/www.pressenza.com\/it\/wp-json\/wp\/v2\/media\/932297"}],"wp:attachment":[{"href":"https:\/\/www.pressenza.com\/it\/wp-json\/wp\/v2\/media?parent=932294"}],"wp:term":[{"taxonomy":"category","embeddable":true,"href":"https:\/\/www.pressenza.com\/it\/wp-json\/wp\/v2\/categories?post=932294"},{"taxonomy":"post_tag","embeddable":true,"href":"https:\/\/www.pressenza.com\/it\/wp-json\/wp\/v2\/tags?post=932294"}],"curies":[{"name":"wp","href":"https:\/\/api.w.org\/{rel}","templated":true}]}}