{"id":931573,"date":"2019-09-30T16:42:14","date_gmt":"2019-09-30T15:42:14","guid":{"rendered":"https:\/\/www.pressenza.com\/?p=931573"},"modified":"2019-09-30T16:42:14","modified_gmt":"2019-09-30T15:42:14","slug":"legge-elettorale-le-contraddizioni-della-lega","status":"publish","type":"post","link":"https:\/\/www.pressenza.com\/it\/2019\/09\/legge-elettorale-le-contraddizioni-della-lega\/","title":{"rendered":"Legge elettorale: le contraddizioni della Lega"},"content":{"rendered":"<p>\u201cCome si cambia\u2026\u201d! Le parole di una famosa canzone sono forse quelle pi\u00f9 efficaci per descrivere le attuali scelte della Lega rispetto alla legge per eleggere deputati e senatori.<br \/>\nNegli ultimi giorni, seguendo le indicazioni del partito guidato da Matteo Salvini, otto regioni italiane hanno presentato un quesito referendario per abolire la quota proporzionale dell\u2019attuale legge elettorale nazionale, il cosiddetto Rosatellum.<\/p>\n<p>Anzitutto, non si capisce perch\u00e9 le regioni si debbano occupare della legge elettorale nazionale. Proprio la Lega, che sbandiera ogni volta l\u2019autonomia regionale, poi chiede alle regioni di ottemperare ad un comando che viene dall\u2019alto su argomenti che sostanzialmente non competono alle regioni. Evidentemente, l\u2019autonomia si invoca soltanto quando conviene.<\/p>\n<p>In secondo luogo, un quesito referendario sulla materia elettorale deve prevedere che, in caso di conferma, la legge elettorale residua sia immediatamente applicabile, poich\u00e9 il Parlamento deve poter essere sciolto in qualsiasi momento. Non \u00e8 il caso di questo quesito, dato che una eventuale vittoria dei proponenti il referendum, comporterebbe un ridisegno dei collegi elettorali del sistema maggioritario.<\/p>\n<p>Per questa ragione molti autorevoli costituzionalisti sostengono che il quesito verr\u00e0 bocciato dalla Consulta. La legge elettorale \u00e8 materia complessa, che non si pu\u00f2 definire con un s\u00ec o con un no. Ormai dovremmo saperlo, ma c\u2019\u00e8 ancora chi usa strumentalmente la possibilit\u00e0 di indire un referendum esclusivamente per motivi di propaganda.<\/p>\n<p>Entrando nel merito della richiesta di abolire la quota proporzionale della legge elettorale e conseguentemente di adottare un sistema totalmente maggioritario, se c\u2019\u00e8 un partito da cui non ti aspetti questa proposta \u00e8 proprio la Lega. \u00c8 il caso di ricordare che l\u2019attuale legge per eleggere deputati e senatori \u00e8 stata approvata due anni fa anche con i voti della Lega, che la sostenne \u201cturandosi il naso\u201d, poich\u00e9 la quota proporzionale era considerata insufficiente!<\/p>\n<p>Questa completa giravolta della Lega \u00e8 ancora pi\u00f9 clamorosa se si considerano le precedenti posizioni espresse da questo partito, che da quando \u00e8 presente in Parlamento \u00e8 sempre stato un fautore del sistema proporzionale e uno strenuo avversario delle leggi maggioritarie.<\/p>\n<p>Nel 1993, quando Mario Segni raccolse le firme per introdurre il sistema elettorale maggioritario, Umberto Bossi si espresse in modo negativo. Quando nel 1999 venne indetto un referendum per abolire la quota proporzionale dell\u2019allora legge Mattarellum, la Lega Nord si schier\u00f2 con i contrari, contribuendo ad evitare che la proposta venisse approvata. Nel 2005 fu approvato il Porcellum, cos\u00ec chiamato dal suo autore, il leghista Roberto Calderoli: una legge elettorale proporzionale, seppure con un premio di maggioranza. Infine, nel 2006 la Lega vot\u00f2 contro l\u2019Italicum, la legge elettorale per la Camera voluta da Matteo Renzi, che introduceva un sistema maggioritario.<\/p>\n<p>Soprattutto in materia elettorale, purtroppo siamo abituati ad improvvisi cambi di prospettiva da parte delle forze politiche, pronte a sostenere la proposta pi\u00f9 conveniente per s\u00e9 in quel momento, anzich\u00e9 giudicare la validit\u00e0 di un meccanismo elettorale per il funzionamento delle istituzioni democratiche. Resta per\u00f2 sconcertante come ci possa invertire completamente la rotta, come sta facendo la Lega, senza degnare il tanto citato popolo di una minima spiegazione.<\/p>\n","protected":false},"excerpt":{"rendered":"<p>\u201cCome si cambia\u2026\u201d! Le parole di una famosa canzone sono forse quelle pi\u00f9 efficaci per descrivere le attuali scelte della Lega rispetto alla legge per eleggere deputati e senatori. Negli ultimi giorni, seguendo le indicazioni del partito guidato da Matteo&hellip;<\/p>\n","protected":false},"author":1280,"featured_media":931574,"comment_status":"closed","ping_status":"closed","sticky":false,"template":"","format":"standard","meta":{"footnotes":""},"categories":[11388,47,55],"tags":[6998,1659,17490,190],"class_list":["post-931573","post","type-post","status-publish","format-standard","has-post-thumbnail","hentry","category-contenuti-originali","category-europa","category-politica","tag-lega","tag-legge-elettorale","tag-matteo-salvini","tag-referendum"],"yoast_head":"<!-- This site is optimized with the Yoast SEO plugin v27.1.1 - https:\/\/yoast.com\/product\/yoast-seo-wordpress\/ -->\n<title>Legge elettorale: le contraddizioni della Lega<\/title>\n<meta name=\"description\" content=\"Entrando nel merito della richiesta di abolire la quota proporzionale della legge elettorale e conseguentemente di adottare un sistema totalmente maggioritario, se c\u2019\u00e8 un partito da cui non ti aspetti questa proposta \u00e8 proprio la Lega. \u00c8 il caso di ricordare che l\u2019attuale legge per eleggere deputati e senatori \u00e8 stata approvata due anni fa anche con i voti della Lega, che la sostenne \u201cturandosi il naso\u201d, poich\u00e9 la quota proporzionale era considerata insufficiente!\" \/>\n<meta name=\"robots\" content=\"index, follow, max-snippet:-1, max-image-preview:large, max-video-preview:-1\" \/>\n<link rel=\"canonical\" href=\"https:\/\/www.pressenza.com\/it\/2019\/09\/legge-elettorale-le-contraddizioni-della-lega\/\" \/>\n<meta property=\"og:locale\" content=\"it_IT\" \/>\n<meta property=\"og:type\" content=\"article\" \/>\n<meta property=\"og:title\" content=\"Legge elettorale: le contraddizioni della Lega\" \/>\n<meta property=\"og:description\" content=\"Entrando nel merito della richiesta di abolire la quota proporzionale della legge elettorale e conseguentemente di adottare un sistema totalmente maggioritario, se c\u2019\u00e8 un partito da cui non ti aspetti questa proposta \u00e8 proprio la Lega. \u00c8 il caso di ricordare che l\u2019attuale legge per eleggere deputati e senatori \u00e8 stata approvata due anni fa anche con i voti della Lega, che la sostenne \u201cturandosi il naso\u201d, poich\u00e9 la quota proporzionale era considerata insufficiente!\" \/>\n<meta property=\"og:url\" content=\"https:\/\/www.pressenza.com\/it\/2019\/09\/legge-elettorale-le-contraddizioni-della-lega\/\" \/>\n<meta property=\"og:site_name\" content=\"Pressenza\" \/>\n<meta property=\"article:publisher\" content=\"https:\/\/www.facebook.com\/PressenzaItalia\" \/>\n<meta property=\"article:published_time\" content=\"2019-09-30T15:42:14+00:00\" \/>\n<meta property=\"og:image\" content=\"https:\/\/www.pressenza.com\/wp-content\/uploads\/2019\/09\/camera_3.jpg\" \/>\n\t<meta property=\"og:image:width\" content=\"1000\" \/>\n\t<meta property=\"og:image:height\" content=\"665\" \/>\n\t<meta property=\"og:image:type\" content=\"image\/jpeg\" \/>\n<meta name=\"author\" content=\"Rocco Artifoni\" \/>\n<meta name=\"twitter:card\" content=\"summary_large_image\" \/>\n<meta name=\"twitter:creator\" content=\"@PressenzaIPA\" \/>\n<meta name=\"twitter:site\" content=\"@PressenzaIPA\" \/>\n<meta name=\"twitter:label1\" content=\"Scritto da\" \/>\n\t<meta name=\"twitter:data1\" content=\"Rocco Artifoni\" \/>\n\t<meta name=\"twitter:label2\" content=\"Tempo di lettura stimato\" \/>\n\t<meta name=\"twitter:data2\" content=\"2 minuti\" \/>\n<script type=\"application\/ld+json\" class=\"yoast-schema-graph\">{\"@context\":\"https:\/\/schema.org\",\"@graph\":[{\"@type\":\"Article\",\"@id\":\"https:\/\/www.pressenza.com\/it\/2019\/09\/legge-elettorale-le-contraddizioni-della-lega\/#article\",\"isPartOf\":{\"@id\":\"https:\/\/www.pressenza.com\/it\/2019\/09\/legge-elettorale-le-contraddizioni-della-lega\/\"},\"author\":{\"name\":\"Rocco Artifoni\",\"@id\":\"https:\/\/www.pressenza.com\/it\/#\/schema\/person\/47253bd773bfdc8f669fc1a490a0d099\"},\"headline\":\"Legge elettorale: le contraddizioni della Lega\",\"datePublished\":\"2019-09-30T15:42:14+00:00\",\"mainEntityOfPage\":{\"@id\":\"https:\/\/www.pressenza.com\/it\/2019\/09\/legge-elettorale-le-contraddizioni-della-lega\/\"},\"wordCount\":505,\"publisher\":{\"@id\":\"https:\/\/www.pressenza.com\/it\/#organization\"},\"image\":{\"@id\":\"https:\/\/www.pressenza.com\/it\/2019\/09\/legge-elettorale-le-contraddizioni-della-lega\/#primaryimage\"},\"thumbnailUrl\":\"https:\/\/www.pressenza.com\/wp-content\/uploads\/2019\/09\/camera_3.jpg\",\"keywords\":[\"Lega\",\"legge elettorale\",\"Matteo Salvini\",\"referendum\"],\"articleSection\":[\"contenuti originali\",\"Europa\",\"Politica\"],\"inLanguage\":\"it-IT\"},{\"@type\":\"WebPage\",\"@id\":\"https:\/\/www.pressenza.com\/it\/2019\/09\/legge-elettorale-le-contraddizioni-della-lega\/\",\"url\":\"https:\/\/www.pressenza.com\/it\/2019\/09\/legge-elettorale-le-contraddizioni-della-lega\/\",\"name\":\"Legge elettorale: le contraddizioni della Lega\",\"isPartOf\":{\"@id\":\"https:\/\/www.pressenza.com\/it\/#website\"},\"primaryImageOfPage\":{\"@id\":\"https:\/\/www.pressenza.com\/it\/2019\/09\/legge-elettorale-le-contraddizioni-della-lega\/#primaryimage\"},\"image\":{\"@id\":\"https:\/\/www.pressenza.com\/it\/2019\/09\/legge-elettorale-le-contraddizioni-della-lega\/#primaryimage\"},\"thumbnailUrl\":\"https:\/\/www.pressenza.com\/wp-content\/uploads\/2019\/09\/camera_3.jpg\",\"datePublished\":\"2019-09-30T15:42:14+00:00\",\"description\":\"Entrando nel merito della richiesta di abolire la quota proporzionale della legge elettorale e conseguentemente di adottare un sistema totalmente maggioritario, se c\u2019\u00e8 un partito da cui non ti aspetti questa proposta \u00e8 proprio la Lega. \u00c8 il caso di ricordare che l\u2019attuale legge per eleggere deputati e senatori \u00e8 stata approvata due anni fa anche con i voti della Lega, che la sostenne \u201cturandosi il naso\u201d, poich\u00e9 la quota proporzionale era considerata insufficiente!\",\"breadcrumb\":{\"@id\":\"https:\/\/www.pressenza.com\/it\/2019\/09\/legge-elettorale-le-contraddizioni-della-lega\/#breadcrumb\"},\"inLanguage\":\"it-IT\",\"potentialAction\":[{\"@type\":\"ReadAction\",\"target\":[\"https:\/\/www.pressenza.com\/it\/2019\/09\/legge-elettorale-le-contraddizioni-della-lega\/\"]}]},{\"@type\":\"ImageObject\",\"inLanguage\":\"it-IT\",\"@id\":\"https:\/\/www.pressenza.com\/it\/2019\/09\/legge-elettorale-le-contraddizioni-della-lega\/#primaryimage\",\"url\":\"https:\/\/www.pressenza.com\/wp-content\/uploads\/2019\/09\/camera_3.jpg\",\"contentUrl\":\"https:\/\/www.pressenza.com\/wp-content\/uploads\/2019\/09\/camera_3.jpg\",\"width\":1000,\"height\":665},{\"@type\":\"BreadcrumbList\",\"@id\":\"https:\/\/www.pressenza.com\/it\/2019\/09\/legge-elettorale-le-contraddizioni-della-lega\/#breadcrumb\",\"itemListElement\":[{\"@type\":\"ListItem\",\"position\":1,\"name\":\"Accueil\",\"item\":\"https:\/\/www.pressenza.com\/it\/\"},{\"@type\":\"ListItem\",\"position\":2,\"name\":\"Legge elettorale: le contraddizioni della Lega\"}]},{\"@type\":\"WebSite\",\"@id\":\"https:\/\/www.pressenza.com\/it\/#website\",\"url\":\"https:\/\/www.pressenza.com\/it\/\",\"name\":\"Pressenza\",\"description\":\"Agenzia di Stampa Internazionale\",\"publisher\":{\"@id\":\"https:\/\/www.pressenza.com\/it\/#organization\"},\"potentialAction\":[{\"@type\":\"SearchAction\",\"target\":{\"@type\":\"EntryPoint\",\"urlTemplate\":\"https:\/\/www.pressenza.com\/it\/?s={search_term_string}\"},\"query-input\":{\"@type\":\"PropertyValueSpecification\",\"valueRequired\":true,\"valueName\":\"search_term_string\"}}],\"inLanguage\":\"it-IT\"},{\"@type\":\"Organization\",\"@id\":\"https:\/\/www.pressenza.com\/it\/#organization\",\"name\":\"Pressenza\",\"url\":\"https:\/\/www.pressenza.com\/it\/\",\"logo\":{\"@type\":\"ImageObject\",\"inLanguage\":\"it-IT\",\"@id\":\"https:\/\/www.pressenza.com\/it\/#\/schema\/logo\/image\/\",\"url\":\"https:\/\/www.pressenza.com\/wp-content\/uploads\/2022\/10\/pressenza_logo_200x200.jpg\",\"contentUrl\":\"https:\/\/www.pressenza.com\/wp-content\/uploads\/2022\/10\/pressenza_logo_200x200.jpg\",\"width\":200,\"height\":200,\"caption\":\"Pressenza\"},\"image\":{\"@id\":\"https:\/\/www.pressenza.com\/it\/#\/schema\/logo\/image\/\"},\"sameAs\":[\"https:\/\/www.facebook.com\/PressenzaItalia\",\"https:\/\/x.com\/PressenzaIPA\"]},{\"@type\":\"Person\",\"@id\":\"https:\/\/www.pressenza.com\/it\/#\/schema\/person\/47253bd773bfdc8f669fc1a490a0d099\",\"name\":\"Rocco Artifoni\",\"description\":\"Rocco Artifoni \u00e8 nato a Bergamo nel 1960. \u00c8 presidente nazionale dell\u2019Associazione per la Riduzione del Debito Pubblico (www.ardep.it) e referente per la Lombardia dell\u2019Associazione Art. 53 (www.articolo53.it). Principali appartenenze e impegni locali (provincia di Bergamo): Consiglio Direttivo della Fondazione Serughetti La Porta (www.laportabergamo.it), Comitato provinciale per l\u2019abolizione delle barriere architettoniche (www.diversabile.it), Coordinamento provinciale di Libera (www.liberabg.it), Comitato bergamasco per la difesa della Costituzione (www.salviamolacostituzione.bg.it), Scuola di educazione e formazione alla politica We Care (www.scuolawecare.it), Redazione della rivista L\u2019Incontro e delle Edizioni Gruppo Aeper (www.aeper.it). Nel 2014 ha pubblicato insieme a Filippo Pizzolato \u201cL\u2019ABC della Costituzione\u201d per le Edizioni Gruppo Aeper con prefazione di don Luigi Ciotti. Nel 2018, insieme a Francesco Gesualdi e Antonio De Lellis, per CADTM Italia ha pubblicato il dossier \u201cFisco &amp; Debito. Gli effetti delle controriforme fiscali sul nostro debito pubblico\u201d.\",\"url\":\"https:\/\/www.pressenza.com\/it\/author\/rocco-artifoni\/\"}]}<\/script>\n<!-- \/ Yoast SEO plugin. -->","yoast_head_json":{"title":"Legge elettorale: le contraddizioni della Lega","description":"Entrando nel merito della richiesta di abolire la quota proporzionale della legge elettorale e conseguentemente di adottare un sistema totalmente maggioritario, se c\u2019\u00e8 un partito da cui non ti aspetti questa proposta \u00e8 proprio la Lega. \u00c8 il caso di ricordare che l\u2019attuale legge per eleggere deputati e senatori \u00e8 stata approvata due anni fa anche con i voti della Lega, che la sostenne \u201cturandosi il naso\u201d, poich\u00e9 la quota proporzionale era considerata insufficiente!","robots":{"index":"index","follow":"follow","max-snippet":"max-snippet:-1","max-image-preview":"max-image-preview:large","max-video-preview":"max-video-preview:-1"},"canonical":"https:\/\/www.pressenza.com\/it\/2019\/09\/legge-elettorale-le-contraddizioni-della-lega\/","og_locale":"it_IT","og_type":"article","og_title":"Legge elettorale: le contraddizioni della Lega","og_description":"Entrando nel merito della richiesta di abolire la quota proporzionale della legge elettorale e conseguentemente di adottare un sistema totalmente maggioritario, se c\u2019\u00e8 un partito da cui non ti aspetti questa proposta \u00e8 proprio la Lega. \u00c8 il caso di ricordare che l\u2019attuale legge per eleggere deputati e senatori \u00e8 stata approvata due anni fa anche con i voti della Lega, che la sostenne \u201cturandosi il naso\u201d, poich\u00e9 la quota proporzionale era considerata insufficiente!","og_url":"https:\/\/www.pressenza.com\/it\/2019\/09\/legge-elettorale-le-contraddizioni-della-lega\/","og_site_name":"Pressenza","article_publisher":"https:\/\/www.facebook.com\/PressenzaItalia","article_published_time":"2019-09-30T15:42:14+00:00","og_image":[{"width":1000,"height":665,"url":"https:\/\/www.pressenza.com\/wp-content\/uploads\/2019\/09\/camera_3.jpg","type":"image\/jpeg"}],"author":"Rocco Artifoni","twitter_card":"summary_large_image","twitter_creator":"@PressenzaIPA","twitter_site":"@PressenzaIPA","twitter_misc":{"Scritto da":"Rocco Artifoni","Tempo di lettura stimato":"2 minuti"},"schema":{"@context":"https:\/\/schema.org","@graph":[{"@type":"Article","@id":"https:\/\/www.pressenza.com\/it\/2019\/09\/legge-elettorale-le-contraddizioni-della-lega\/#article","isPartOf":{"@id":"https:\/\/www.pressenza.com\/it\/2019\/09\/legge-elettorale-le-contraddizioni-della-lega\/"},"author":{"name":"Rocco Artifoni","@id":"https:\/\/www.pressenza.com\/it\/#\/schema\/person\/47253bd773bfdc8f669fc1a490a0d099"},"headline":"Legge elettorale: le contraddizioni della Lega","datePublished":"2019-09-30T15:42:14+00:00","mainEntityOfPage":{"@id":"https:\/\/www.pressenza.com\/it\/2019\/09\/legge-elettorale-le-contraddizioni-della-lega\/"},"wordCount":505,"publisher":{"@id":"https:\/\/www.pressenza.com\/it\/#organization"},"image":{"@id":"https:\/\/www.pressenza.com\/it\/2019\/09\/legge-elettorale-le-contraddizioni-della-lega\/#primaryimage"},"thumbnailUrl":"https:\/\/www.pressenza.com\/wp-content\/uploads\/2019\/09\/camera_3.jpg","keywords":["Lega","legge elettorale","Matteo Salvini","referendum"],"articleSection":["contenuti originali","Europa","Politica"],"inLanguage":"it-IT"},{"@type":"WebPage","@id":"https:\/\/www.pressenza.com\/it\/2019\/09\/legge-elettorale-le-contraddizioni-della-lega\/","url":"https:\/\/www.pressenza.com\/it\/2019\/09\/legge-elettorale-le-contraddizioni-della-lega\/","name":"Legge elettorale: le contraddizioni della Lega","isPartOf":{"@id":"https:\/\/www.pressenza.com\/it\/#website"},"primaryImageOfPage":{"@id":"https:\/\/www.pressenza.com\/it\/2019\/09\/legge-elettorale-le-contraddizioni-della-lega\/#primaryimage"},"image":{"@id":"https:\/\/www.pressenza.com\/it\/2019\/09\/legge-elettorale-le-contraddizioni-della-lega\/#primaryimage"},"thumbnailUrl":"https:\/\/www.pressenza.com\/wp-content\/uploads\/2019\/09\/camera_3.jpg","datePublished":"2019-09-30T15:42:14+00:00","description":"Entrando nel merito della richiesta di abolire la quota proporzionale della legge elettorale e conseguentemente di adottare un sistema totalmente maggioritario, se c\u2019\u00e8 un partito da cui non ti aspetti questa proposta \u00e8 proprio la Lega. \u00c8 il caso di ricordare che l\u2019attuale legge per eleggere deputati e senatori \u00e8 stata approvata due anni fa anche con i voti della Lega, che la sostenne \u201cturandosi il naso\u201d, poich\u00e9 la quota proporzionale era considerata insufficiente!","breadcrumb":{"@id":"https:\/\/www.pressenza.com\/it\/2019\/09\/legge-elettorale-le-contraddizioni-della-lega\/#breadcrumb"},"inLanguage":"it-IT","potentialAction":[{"@type":"ReadAction","target":["https:\/\/www.pressenza.com\/it\/2019\/09\/legge-elettorale-le-contraddizioni-della-lega\/"]}]},{"@type":"ImageObject","inLanguage":"it-IT","@id":"https:\/\/www.pressenza.com\/it\/2019\/09\/legge-elettorale-le-contraddizioni-della-lega\/#primaryimage","url":"https:\/\/www.pressenza.com\/wp-content\/uploads\/2019\/09\/camera_3.jpg","contentUrl":"https:\/\/www.pressenza.com\/wp-content\/uploads\/2019\/09\/camera_3.jpg","width":1000,"height":665},{"@type":"BreadcrumbList","@id":"https:\/\/www.pressenza.com\/it\/2019\/09\/legge-elettorale-le-contraddizioni-della-lega\/#breadcrumb","itemListElement":[{"@type":"ListItem","position":1,"name":"Accueil","item":"https:\/\/www.pressenza.com\/it\/"},{"@type":"ListItem","position":2,"name":"Legge elettorale: le contraddizioni della Lega"}]},{"@type":"WebSite","@id":"https:\/\/www.pressenza.com\/it\/#website","url":"https:\/\/www.pressenza.com\/it\/","name":"Pressenza","description":"Agenzia di Stampa Internazionale","publisher":{"@id":"https:\/\/www.pressenza.com\/it\/#organization"},"potentialAction":[{"@type":"SearchAction","target":{"@type":"EntryPoint","urlTemplate":"https:\/\/www.pressenza.com\/it\/?s={search_term_string}"},"query-input":{"@type":"PropertyValueSpecification","valueRequired":true,"valueName":"search_term_string"}}],"inLanguage":"it-IT"},{"@type":"Organization","@id":"https:\/\/www.pressenza.com\/it\/#organization","name":"Pressenza","url":"https:\/\/www.pressenza.com\/it\/","logo":{"@type":"ImageObject","inLanguage":"it-IT","@id":"https:\/\/www.pressenza.com\/it\/#\/schema\/logo\/image\/","url":"https:\/\/www.pressenza.com\/wp-content\/uploads\/2022\/10\/pressenza_logo_200x200.jpg","contentUrl":"https:\/\/www.pressenza.com\/wp-content\/uploads\/2022\/10\/pressenza_logo_200x200.jpg","width":200,"height":200,"caption":"Pressenza"},"image":{"@id":"https:\/\/www.pressenza.com\/it\/#\/schema\/logo\/image\/"},"sameAs":["https:\/\/www.facebook.com\/PressenzaItalia","https:\/\/x.com\/PressenzaIPA"]},{"@type":"Person","@id":"https:\/\/www.pressenza.com\/it\/#\/schema\/person\/47253bd773bfdc8f669fc1a490a0d099","name":"Rocco Artifoni","description":"Rocco Artifoni \u00e8 nato a Bergamo nel 1960. \u00c8 presidente nazionale dell\u2019Associazione per la Riduzione del Debito Pubblico (www.ardep.it) e referente per la Lombardia dell\u2019Associazione Art. 53 (www.articolo53.it). Principali appartenenze e impegni locali (provincia di Bergamo): Consiglio Direttivo della Fondazione Serughetti La Porta (www.laportabergamo.it), Comitato provinciale per l\u2019abolizione delle barriere architettoniche (www.diversabile.it), Coordinamento provinciale di Libera (www.liberabg.it), Comitato bergamasco per la difesa della Costituzione (www.salviamolacostituzione.bg.it), Scuola di educazione e formazione alla politica We Care (www.scuolawecare.it), Redazione della rivista L\u2019Incontro e delle Edizioni Gruppo Aeper (www.aeper.it). Nel 2014 ha pubblicato insieme a Filippo Pizzolato \u201cL\u2019ABC della Costituzione\u201d per le Edizioni Gruppo Aeper con prefazione di don Luigi Ciotti. Nel 2018, insieme a Francesco Gesualdi e Antonio De Lellis, per CADTM Italia ha pubblicato il dossier \u201cFisco &amp; Debito. Gli effetti delle controriforme fiscali sul nostro debito pubblico\u201d.","url":"https:\/\/www.pressenza.com\/it\/author\/rocco-artifoni\/"}]}},"place":"","original_article_url":"","_links":{"self":[{"href":"https:\/\/www.pressenza.com\/it\/wp-json\/wp\/v2\/posts\/931573","targetHints":{"allow":["GET"]}}],"collection":[{"href":"https:\/\/www.pressenza.com\/it\/wp-json\/wp\/v2\/posts"}],"about":[{"href":"https:\/\/www.pressenza.com\/it\/wp-json\/wp\/v2\/types\/post"}],"author":[{"embeddable":true,"href":"https:\/\/www.pressenza.com\/it\/wp-json\/wp\/v2\/users\/1280"}],"replies":[{"embeddable":true,"href":"https:\/\/www.pressenza.com\/it\/wp-json\/wp\/v2\/comments?post=931573"}],"version-history":[{"count":0,"href":"https:\/\/www.pressenza.com\/it\/wp-json\/wp\/v2\/posts\/931573\/revisions"}],"wp:featuredmedia":[{"embeddable":true,"href":"https:\/\/www.pressenza.com\/it\/wp-json\/wp\/v2\/media\/931574"}],"wp:attachment":[{"href":"https:\/\/www.pressenza.com\/it\/wp-json\/wp\/v2\/media?parent=931573"}],"wp:term":[{"taxonomy":"category","embeddable":true,"href":"https:\/\/www.pressenza.com\/it\/wp-json\/wp\/v2\/categories?post=931573"},{"taxonomy":"post_tag","embeddable":true,"href":"https:\/\/www.pressenza.com\/it\/wp-json\/wp\/v2\/tags?post=931573"}],"curies":[{"name":"wp","href":"https:\/\/api.w.org\/{rel}","templated":true}]}}