{"id":928751,"date":"2019-09-27T22:03:24","date_gmt":"2019-09-27T21:03:24","guid":{"rendered":"https:\/\/www.pressenza.com\/?p=928751"},"modified":"2019-09-28T08:50:53","modified_gmt":"2019-09-28T07:50:53","slug":"pieno-successo-del-friday-for-future-anche-a-livorno","status":"publish","type":"post","link":"https:\/\/www.pressenza.com\/it\/2019\/09\/pieno-successo-del-friday-for-future-anche-a-livorno\/","title":{"rendered":"Pieno successo del Friday For Future anche a Livorno"},"content":{"rendered":"<p>Nonostante la pioggia, tremilacinquecento studenti a partire dai piccini delle elementari fino alle superiori erano in Piazza per il FFF.<\/p>\n<p>Venivano anche da Cecina, Piombino e altri luoghi della provincia: risultato di una grande rete territoriale studentesca alimentata dalla sensibilit\u00e0 crescente sugli effetti deleteri del cambiamento climatico . Tra loro anche genitori ed insegnanti.<\/p>\n<p>Il semaforo verde del Ministero ha sicuramente favorito la partecipazione di massa, ma i giovani hanno le antenne in allerta e, pur apprezzando il permesso dall\u2019alto, si preparano a non cadere nella trappola degli scioperi \u201d buoni\u201d o \u201c cattivi\u201d.<\/p>\n<p>La colorata marea di giovani ha invaso le strade di Livorno da Piazza Grande fino al Museo del Mediterraneo. In Villa Fabricotti &#8211; storico luogo livornese di molte assemblee del FFF &#8211; i ragazzi hanno ritirato il contrassegno per attestare la loro effettiva partecipazione alla manifestazione.<\/p>\n<p>Tanti cartelli anche con la specifica verve livornese , addirittura in stile Vernacoliere. Ripresi gli slogan di Greta all\u2019ONU per il \u201cClimate Action Summit\u201d : <b>How dare you!<\/b> (Come osate! Rivolto ai politici) <b>Non dovrei essere qui,<\/b> <b>ma a scuola<\/b>(I shouldn&#8217;t be here\u201d).<\/p>\n<div class=\"post-gallery\">\n\t\t\t<figure class=\"post-gallery-item\">\n\t\t\t\t<img decoding=\"async\" src=\"https:\/\/www.pressenza.com\/wp-content\/uploads\/2019\/09\/livorno01-621x1024.jpg\" loading=\"lazy\">\n\t\t\t\t<figcaption>\n\t\t\t\t\t\n\t\t\t\t<\/figcaption>\n\t\t\t<\/figure>\n\t\t\t<figure class=\"post-gallery-item\">\n\t\t\t\t<img decoding=\"async\" src=\"https:\/\/www.pressenza.com\/wp-content\/uploads\/2019\/09\/livorno02-720x540.jpg\" loading=\"lazy\">\n\t\t\t\t<figcaption>\n\t\t\t\t\t\n\t\t\t\t<\/figcaption>\n\t\t\t<\/figure>\n\t\t\t<figure class=\"post-gallery-item\">\n\t\t\t\t<img decoding=\"async\" src=\"https:\/\/www.pressenza.com\/wp-content\/uploads\/2019\/09\/livorno03-1-720x540.jpg\" loading=\"lazy\">\n\t\t\t\t<figcaption>\n\t\t\t\t\t\n\t\t\t\t<\/figcaption>\n\t\t\t<\/figure>\n\t\t\t<figure class=\"post-gallery-item\">\n\t\t\t\t<img decoding=\"async\" src=\"https:\/\/www.pressenza.com\/wp-content\/uploads\/2019\/09\/livorno04-720x540.jpg\" loading=\"lazy\">\n\t\t\t\t<figcaption>\n\t\t\t\t\t\n\t\t\t\t<\/figcaption>\n\t\t\t<\/figure>\n\t\t\t<figure class=\"post-gallery-item\">\n\t\t\t\t<img decoding=\"async\" src=\"https:\/\/www.pressenza.com\/wp-content\/uploads\/2019\/09\/livorno05-720x540.jpg\" loading=\"lazy\">\n\t\t\t\t<figcaption>\n\t\t\t\t\t\n\t\t\t\t<\/figcaption>\n\t\t\t<\/figure>\n\t\t\t<figure class=\"post-gallery-item\">\n\t\t\t\t<img decoding=\"async\" src=\"https:\/\/www.pressenza.com\/wp-content\/uploads\/2019\/09\/livorno06-720x540.jpg\" loading=\"lazy\">\n\t\t\t\t<figcaption>\n\t\t\t\t\t\n\t\t\t\t<\/figcaption>\n\t\t\t<\/figure><\/div>\n<p>Grande la soddisfazione per essere dentro a un processo che vuole cambiare il mondo per tutti.<\/p>\n<p>Alla domanda \u201cVedete un legame tra guerra e cambiamento climatico?\u201d emblematica la risposta di una bimba delle elementari: \u201cS\u00ec, per\u00f2 non te lo so spiegare\u201d. Quando glielo spiego lei mi dice: \u201cEcco, \u00e8 proprio cos\u00ec\u201d .<\/p>\n<p>Pongo lo stesso quesito a ragazze e ragazzi pi\u00f9 grandi. Alcuni subito colgono l\u2019aspetto economico: \u201cSono soldi tolti a quello che bisognerebbe fare per il clima\u201d, altri dicono \u201cNO\u201d, altri dicono \u201cNon lo so\u201d.<\/p>\n<p>Quando fornisco loro alcuni dati, in alcuni si ricompone subito il nesso militarismo-cambiamento climatico, in altri rimane la certezza che \u201c tanto la guerra ci sar\u00e0 sempre ed \u00e8 pi\u00f9 importante focalizzarsi sul clima\u201d. Un ragazzo poi mi parla della soluzione \u201cThanos\u201d, un super eroe dei fumetti che con il suo guanto spaziale riduce drasticamente gli abitanti del pianeta e quindi aiuta a risolvere l\u2019eccesso di produzione di CO2. Al di l\u00e0 della distopia proposta, mi ha comunque manifestato un interesse a confrontarsi con altre soluzioni.<\/p>\n<p>Li invito a chiedere ai professori di parlarne e di approfondire. \u201cMa \u00e8 gi\u00e0 un po\u2019 che lo facciamo\u201d. \u201cBene! Esigetelo sempre di pi\u00f9!\u201d<\/p>\n<p>Avvolta dalla bandiera della Pace, mi congedo da loro ringraziandoli e li invito a dare uno sguardo al sito di Pace Femminista in Azione: Giustizia Climatica, Sicurezza e Salute di WILPF Italia.<\/p>\n<p>Giovanna Pagani<\/p>\n<p>WILPF Italia<\/p>\n","protected":false},"excerpt":{"rendered":"<p>Nonostante la pioggia, tremilacinquecento studenti a partire dai piccini delle elementari fino alle superiori erano in Piazza per il FFF. Venivano anche da Cecina, Piombino e altri luoghi della provincia: risultato di una grande rete territoriale studentesca alimentata dalla sensibilit\u00e0&hellip;<\/p>\n","protected":false},"author":1483,"featured_media":928752,"comment_status":"closed","ping_status":"closed","sticky":false,"template":"","format":"standard","meta":{"footnotes":""},"categories":[11388,59,47,5677],"tags":[53987,10980,54856],"class_list":["post-928751","post","type-post","status-publish","format-standard","has-post-thumbnail","hentry","category-contenuti-originali","category-ambiente-ecologia","category-europa","category-fotoreportages","tag-fridays-for-future","tag-livorno","tag-sciopero-per-il-clima"],"yoast_head":"<!-- This site is optimized with the Yoast SEO plugin v27.1.1 - https:\/\/yoast.com\/product\/yoast-seo-wordpress\/ -->\n<title>Pieno successo del Friday For Future anche a Livorno<\/title>\n<meta name=\"description\" content=\"Nonostante la pioggia, tremilacinquecento studenti a partire dai piccini delle elementari fino alle superiori erano in Piazza per il FFF. Venivano anche\" \/>\n<meta name=\"robots\" content=\"index, follow, max-snippet:-1, max-image-preview:large, max-video-preview:-1\" \/>\n<link rel=\"canonical\" href=\"https:\/\/www.pressenza.com\/it\/2019\/09\/pieno-successo-del-friday-for-future-anche-a-livorno\/\" \/>\n<meta property=\"og:locale\" content=\"it_IT\" \/>\n<meta property=\"og:type\" content=\"article\" \/>\n<meta property=\"og:title\" content=\"Pieno successo del Friday For Future anche a Livorno\" \/>\n<meta property=\"og:description\" content=\"Nonostante la pioggia, tremilacinquecento studenti a partire dai piccini delle elementari fino alle superiori erano in Piazza per il FFF. Venivano anche\" \/>\n<meta property=\"og:url\" content=\"https:\/\/www.pressenza.com\/it\/2019\/09\/pieno-successo-del-friday-for-future-anche-a-livorno\/\" \/>\n<meta property=\"og:site_name\" content=\"Pressenza\" \/>\n<meta property=\"article:publisher\" content=\"https:\/\/www.facebook.com\/PressenzaItalia\" \/>\n<meta property=\"article:published_time\" content=\"2019-09-27T21:03:24+00:00\" \/>\n<meta property=\"article:modified_time\" content=\"2019-09-28T07:50:53+00:00\" \/>\n<meta property=\"og:image\" content=\"https:\/\/www.pressenza.com\/wp-content\/uploads\/2019\/09\/livorno03.jpg\" \/>\n\t<meta property=\"og:image:width\" content=\"2048\" \/>\n\t<meta property=\"og:image:height\" content=\"1536\" \/>\n\t<meta property=\"og:image:type\" content=\"image\/jpeg\" \/>\n<meta name=\"author\" content=\"WILPF (Women&#039;s International League for Peace and Freedom)\" \/>\n<meta name=\"twitter:card\" content=\"summary_large_image\" \/>\n<meta name=\"twitter:creator\" content=\"@PressenzaIPA\" \/>\n<meta name=\"twitter:site\" content=\"@PressenzaIPA\" \/>\n<meta name=\"twitter:label1\" content=\"Scritto da\" \/>\n\t<meta name=\"twitter:data1\" content=\"WILPF (Women&#039;s International League for Peace and Freedom)\" \/>\n\t<meta name=\"twitter:label2\" content=\"Tempo di lettura stimato\" \/>\n\t<meta name=\"twitter:data2\" content=\"2 minuti\" \/>\n<script type=\"application\/ld+json\" class=\"yoast-schema-graph\">{\"@context\":\"https:\/\/schema.org\",\"@graph\":[{\"@type\":\"Article\",\"@id\":\"https:\/\/www.pressenza.com\/it\/2019\/09\/pieno-successo-del-friday-for-future-anche-a-livorno\/#article\",\"isPartOf\":{\"@id\":\"https:\/\/www.pressenza.com\/it\/2019\/09\/pieno-successo-del-friday-for-future-anche-a-livorno\/\"},\"author\":{\"name\":\"WILPF (Women's International League for Peace and Freedom)\",\"@id\":\"https:\/\/www.pressenza.com\/it\/#\/schema\/person\/1e335f91597008dacd72b0656edb10e0\"},\"headline\":\"Pieno successo del Friday For Future anche a Livorno\",\"datePublished\":\"2019-09-27T21:03:24+00:00\",\"dateModified\":\"2019-09-28T07:50:53+00:00\",\"mainEntityOfPage\":{\"@id\":\"https:\/\/www.pressenza.com\/it\/2019\/09\/pieno-successo-del-friday-for-future-anche-a-livorno\/\"},\"wordCount\":422,\"publisher\":{\"@id\":\"https:\/\/www.pressenza.com\/it\/#organization\"},\"image\":{\"@id\":\"https:\/\/www.pressenza.com\/it\/2019\/09\/pieno-successo-del-friday-for-future-anche-a-livorno\/#primaryimage\"},\"thumbnailUrl\":\"https:\/\/www.pressenza.com\/wp-content\/uploads\/2019\/09\/livorno03.jpg\",\"keywords\":[\"Fridays for Future\",\"Livorno\",\"sciopero per il clima\"],\"articleSection\":[\"contenuti originali\",\"Ecologia ed Ambiente\",\"Europa\",\"Fotoreportages\"],\"inLanguage\":\"it-IT\"},{\"@type\":\"WebPage\",\"@id\":\"https:\/\/www.pressenza.com\/it\/2019\/09\/pieno-successo-del-friday-for-future-anche-a-livorno\/\",\"url\":\"https:\/\/www.pressenza.com\/it\/2019\/09\/pieno-successo-del-friday-for-future-anche-a-livorno\/\",\"name\":\"Pieno successo del Friday For Future anche a Livorno\",\"isPartOf\":{\"@id\":\"https:\/\/www.pressenza.com\/it\/#website\"},\"primaryImageOfPage\":{\"@id\":\"https:\/\/www.pressenza.com\/it\/2019\/09\/pieno-successo-del-friday-for-future-anche-a-livorno\/#primaryimage\"},\"image\":{\"@id\":\"https:\/\/www.pressenza.com\/it\/2019\/09\/pieno-successo-del-friday-for-future-anche-a-livorno\/#primaryimage\"},\"thumbnailUrl\":\"https:\/\/www.pressenza.com\/wp-content\/uploads\/2019\/09\/livorno03.jpg\",\"datePublished\":\"2019-09-27T21:03:24+00:00\",\"dateModified\":\"2019-09-28T07:50:53+00:00\",\"description\":\"Nonostante la pioggia, tremilacinquecento studenti a partire dai piccini delle elementari fino alle superiori erano in Piazza per il FFF. Venivano anche\",\"breadcrumb\":{\"@id\":\"https:\/\/www.pressenza.com\/it\/2019\/09\/pieno-successo-del-friday-for-future-anche-a-livorno\/#breadcrumb\"},\"inLanguage\":\"it-IT\",\"potentialAction\":[{\"@type\":\"ReadAction\",\"target\":[\"https:\/\/www.pressenza.com\/it\/2019\/09\/pieno-successo-del-friday-for-future-anche-a-livorno\/\"]}]},{\"@type\":\"ImageObject\",\"inLanguage\":\"it-IT\",\"@id\":\"https:\/\/www.pressenza.com\/it\/2019\/09\/pieno-successo-del-friday-for-future-anche-a-livorno\/#primaryimage\",\"url\":\"https:\/\/www.pressenza.com\/wp-content\/uploads\/2019\/09\/livorno03.jpg\",\"contentUrl\":\"https:\/\/www.pressenza.com\/wp-content\/uploads\/2019\/09\/livorno03.jpg\",\"width\":2048,\"height\":1536},{\"@type\":\"BreadcrumbList\",\"@id\":\"https:\/\/www.pressenza.com\/it\/2019\/09\/pieno-successo-del-friday-for-future-anche-a-livorno\/#breadcrumb\",\"itemListElement\":[{\"@type\":\"ListItem\",\"position\":1,\"name\":\"Accueil\",\"item\":\"https:\/\/www.pressenza.com\/it\/\"},{\"@type\":\"ListItem\",\"position\":2,\"name\":\"Pieno successo del Friday For Future anche a Livorno\"}]},{\"@type\":\"WebSite\",\"@id\":\"https:\/\/www.pressenza.com\/it\/#website\",\"url\":\"https:\/\/www.pressenza.com\/it\/\",\"name\":\"Pressenza\",\"description\":\"Agenzia di Stampa Internazionale\",\"publisher\":{\"@id\":\"https:\/\/www.pressenza.com\/it\/#organization\"},\"potentialAction\":[{\"@type\":\"SearchAction\",\"target\":{\"@type\":\"EntryPoint\",\"urlTemplate\":\"https:\/\/www.pressenza.com\/it\/?s={search_term_string}\"},\"query-input\":{\"@type\":\"PropertyValueSpecification\",\"valueRequired\":true,\"valueName\":\"search_term_string\"}}],\"inLanguage\":\"it-IT\"},{\"@type\":\"Organization\",\"@id\":\"https:\/\/www.pressenza.com\/it\/#organization\",\"name\":\"Pressenza\",\"url\":\"https:\/\/www.pressenza.com\/it\/\",\"logo\":{\"@type\":\"ImageObject\",\"inLanguage\":\"it-IT\",\"@id\":\"https:\/\/www.pressenza.com\/it\/#\/schema\/logo\/image\/\",\"url\":\"https:\/\/www.pressenza.com\/wp-content\/uploads\/2022\/10\/pressenza_logo_200x200.jpg\",\"contentUrl\":\"https:\/\/www.pressenza.com\/wp-content\/uploads\/2022\/10\/pressenza_logo_200x200.jpg\",\"width\":200,\"height\":200,\"caption\":\"Pressenza\"},\"image\":{\"@id\":\"https:\/\/www.pressenza.com\/it\/#\/schema\/logo\/image\/\"},\"sameAs\":[\"https:\/\/www.facebook.com\/PressenzaItalia\",\"https:\/\/x.com\/PressenzaIPA\"]},{\"@type\":\"Person\",\"@id\":\"https:\/\/www.pressenza.com\/it\/#\/schema\/person\/1e335f91597008dacd72b0656edb10e0\",\"name\":\"WILPF (Women's International League for Peace and Freedom)\",\"description\":\"Il 28 Aprile 1915, per la prima volta nella storia, pi\u00f9 di 1000 donne provenienti da 12 paesi dell\u2019Europa e dell\u2019America si riuniscono in Olanda all\u2019Aja in un Congresso Internazionale, per opporsi alla 1\u00b0 Guerra Mondiale in corso. Tra le delegate all\u2019Aja anche una donna italiana, Rosa Genoni, che sar\u00e0 molto attiva a Milano. Al termine del Congresso viene istituito il Comitato Internazionale delle Donne per la Pace e la Libert\u00e0 che, successivamente, nel 1919 si trasforma nella WOMEN\u2019S INTERNATIONAL LEAGUE FOR PEACE AND FREEDOM (Lega Internazionale di Donne per la Pace e la Libert\u00e0), la prima organizzazione internazionale di donne per la pace che oggi \u00e8 presente in tutti i continenti. La FINALITA\u2019 della WILPF \u00e8 quella di riunire donne di differenti tendenze politiche e filosofiche che vogliono studiare, far conoscere e aiutare ad abolire le cause politiche, sociali, economiche e psicologiche della guerra, e lavorare per la pace. https:\/\/wilpfitalia.wordpress.com\/\",\"sameAs\":[\"https:\/\/wilpfitalia.wordpress.com\/\"],\"url\":\"https:\/\/www.pressenza.com\/it\/author\/wilpf\/\"}]}<\/script>\n<!-- \/ Yoast SEO plugin. -->","yoast_head_json":{"title":"Pieno successo del Friday For Future anche a Livorno","description":"Nonostante la pioggia, tremilacinquecento studenti a partire dai piccini delle elementari fino alle superiori erano in Piazza per il FFF. Venivano anche","robots":{"index":"index","follow":"follow","max-snippet":"max-snippet:-1","max-image-preview":"max-image-preview:large","max-video-preview":"max-video-preview:-1"},"canonical":"https:\/\/www.pressenza.com\/it\/2019\/09\/pieno-successo-del-friday-for-future-anche-a-livorno\/","og_locale":"it_IT","og_type":"article","og_title":"Pieno successo del Friday For Future anche a Livorno","og_description":"Nonostante la pioggia, tremilacinquecento studenti a partire dai piccini delle elementari fino alle superiori erano in Piazza per il FFF. Venivano anche","og_url":"https:\/\/www.pressenza.com\/it\/2019\/09\/pieno-successo-del-friday-for-future-anche-a-livorno\/","og_site_name":"Pressenza","article_publisher":"https:\/\/www.facebook.com\/PressenzaItalia","article_published_time":"2019-09-27T21:03:24+00:00","article_modified_time":"2019-09-28T07:50:53+00:00","og_image":[{"width":2048,"height":1536,"url":"https:\/\/www.pressenza.com\/wp-content\/uploads\/2019\/09\/livorno03.jpg","type":"image\/jpeg"}],"author":"WILPF (Women's International League for Peace and Freedom)","twitter_card":"summary_large_image","twitter_creator":"@PressenzaIPA","twitter_site":"@PressenzaIPA","twitter_misc":{"Scritto da":"WILPF (Women's International League for Peace and Freedom)","Tempo di lettura stimato":"2 minuti"},"schema":{"@context":"https:\/\/schema.org","@graph":[{"@type":"Article","@id":"https:\/\/www.pressenza.com\/it\/2019\/09\/pieno-successo-del-friday-for-future-anche-a-livorno\/#article","isPartOf":{"@id":"https:\/\/www.pressenza.com\/it\/2019\/09\/pieno-successo-del-friday-for-future-anche-a-livorno\/"},"author":{"name":"WILPF (Women's International League for Peace and Freedom)","@id":"https:\/\/www.pressenza.com\/it\/#\/schema\/person\/1e335f91597008dacd72b0656edb10e0"},"headline":"Pieno successo del Friday For Future anche a Livorno","datePublished":"2019-09-27T21:03:24+00:00","dateModified":"2019-09-28T07:50:53+00:00","mainEntityOfPage":{"@id":"https:\/\/www.pressenza.com\/it\/2019\/09\/pieno-successo-del-friday-for-future-anche-a-livorno\/"},"wordCount":422,"publisher":{"@id":"https:\/\/www.pressenza.com\/it\/#organization"},"image":{"@id":"https:\/\/www.pressenza.com\/it\/2019\/09\/pieno-successo-del-friday-for-future-anche-a-livorno\/#primaryimage"},"thumbnailUrl":"https:\/\/www.pressenza.com\/wp-content\/uploads\/2019\/09\/livorno03.jpg","keywords":["Fridays for Future","Livorno","sciopero per il clima"],"articleSection":["contenuti originali","Ecologia ed Ambiente","Europa","Fotoreportages"],"inLanguage":"it-IT"},{"@type":"WebPage","@id":"https:\/\/www.pressenza.com\/it\/2019\/09\/pieno-successo-del-friday-for-future-anche-a-livorno\/","url":"https:\/\/www.pressenza.com\/it\/2019\/09\/pieno-successo-del-friday-for-future-anche-a-livorno\/","name":"Pieno successo del Friday For Future anche a Livorno","isPartOf":{"@id":"https:\/\/www.pressenza.com\/it\/#website"},"primaryImageOfPage":{"@id":"https:\/\/www.pressenza.com\/it\/2019\/09\/pieno-successo-del-friday-for-future-anche-a-livorno\/#primaryimage"},"image":{"@id":"https:\/\/www.pressenza.com\/it\/2019\/09\/pieno-successo-del-friday-for-future-anche-a-livorno\/#primaryimage"},"thumbnailUrl":"https:\/\/www.pressenza.com\/wp-content\/uploads\/2019\/09\/livorno03.jpg","datePublished":"2019-09-27T21:03:24+00:00","dateModified":"2019-09-28T07:50:53+00:00","description":"Nonostante la pioggia, tremilacinquecento studenti a partire dai piccini delle elementari fino alle superiori erano in Piazza per il FFF. Venivano anche","breadcrumb":{"@id":"https:\/\/www.pressenza.com\/it\/2019\/09\/pieno-successo-del-friday-for-future-anche-a-livorno\/#breadcrumb"},"inLanguage":"it-IT","potentialAction":[{"@type":"ReadAction","target":["https:\/\/www.pressenza.com\/it\/2019\/09\/pieno-successo-del-friday-for-future-anche-a-livorno\/"]}]},{"@type":"ImageObject","inLanguage":"it-IT","@id":"https:\/\/www.pressenza.com\/it\/2019\/09\/pieno-successo-del-friday-for-future-anche-a-livorno\/#primaryimage","url":"https:\/\/www.pressenza.com\/wp-content\/uploads\/2019\/09\/livorno03.jpg","contentUrl":"https:\/\/www.pressenza.com\/wp-content\/uploads\/2019\/09\/livorno03.jpg","width":2048,"height":1536},{"@type":"BreadcrumbList","@id":"https:\/\/www.pressenza.com\/it\/2019\/09\/pieno-successo-del-friday-for-future-anche-a-livorno\/#breadcrumb","itemListElement":[{"@type":"ListItem","position":1,"name":"Accueil","item":"https:\/\/www.pressenza.com\/it\/"},{"@type":"ListItem","position":2,"name":"Pieno successo del Friday For Future anche a Livorno"}]},{"@type":"WebSite","@id":"https:\/\/www.pressenza.com\/it\/#website","url":"https:\/\/www.pressenza.com\/it\/","name":"Pressenza","description":"Agenzia di Stampa Internazionale","publisher":{"@id":"https:\/\/www.pressenza.com\/it\/#organization"},"potentialAction":[{"@type":"SearchAction","target":{"@type":"EntryPoint","urlTemplate":"https:\/\/www.pressenza.com\/it\/?s={search_term_string}"},"query-input":{"@type":"PropertyValueSpecification","valueRequired":true,"valueName":"search_term_string"}}],"inLanguage":"it-IT"},{"@type":"Organization","@id":"https:\/\/www.pressenza.com\/it\/#organization","name":"Pressenza","url":"https:\/\/www.pressenza.com\/it\/","logo":{"@type":"ImageObject","inLanguage":"it-IT","@id":"https:\/\/www.pressenza.com\/it\/#\/schema\/logo\/image\/","url":"https:\/\/www.pressenza.com\/wp-content\/uploads\/2022\/10\/pressenza_logo_200x200.jpg","contentUrl":"https:\/\/www.pressenza.com\/wp-content\/uploads\/2022\/10\/pressenza_logo_200x200.jpg","width":200,"height":200,"caption":"Pressenza"},"image":{"@id":"https:\/\/www.pressenza.com\/it\/#\/schema\/logo\/image\/"},"sameAs":["https:\/\/www.facebook.com\/PressenzaItalia","https:\/\/x.com\/PressenzaIPA"]},{"@type":"Person","@id":"https:\/\/www.pressenza.com\/it\/#\/schema\/person\/1e335f91597008dacd72b0656edb10e0","name":"WILPF (Women's International League for Peace and Freedom)","description":"Il 28 Aprile 1915, per la prima volta nella storia, pi\u00f9 di 1000 donne provenienti da 12 paesi dell\u2019Europa e dell\u2019America si riuniscono in Olanda all\u2019Aja in un Congresso Internazionale, per opporsi alla 1\u00b0 Guerra Mondiale in corso. Tra le delegate all\u2019Aja anche una donna italiana, Rosa Genoni, che sar\u00e0 molto attiva a Milano. Al termine del Congresso viene istituito il Comitato Internazionale delle Donne per la Pace e la Libert\u00e0 che, successivamente, nel 1919 si trasforma nella WOMEN\u2019S INTERNATIONAL LEAGUE FOR PEACE AND FREEDOM (Lega Internazionale di Donne per la Pace e la Libert\u00e0), la prima organizzazione internazionale di donne per la pace che oggi \u00e8 presente in tutti i continenti. La FINALITA\u2019 della WILPF \u00e8 quella di riunire donne di differenti tendenze politiche e filosofiche che vogliono studiare, far conoscere e aiutare ad abolire le cause politiche, sociali, economiche e psicologiche della guerra, e lavorare per la pace. https:\/\/wilpfitalia.wordpress.com\/","sameAs":["https:\/\/wilpfitalia.wordpress.com\/"],"url":"https:\/\/www.pressenza.com\/it\/author\/wilpf\/"}]}},"place":"Livorno","original_article_url":"","_links":{"self":[{"href":"https:\/\/www.pressenza.com\/it\/wp-json\/wp\/v2\/posts\/928751","targetHints":{"allow":["GET"]}}],"collection":[{"href":"https:\/\/www.pressenza.com\/it\/wp-json\/wp\/v2\/posts"}],"about":[{"href":"https:\/\/www.pressenza.com\/it\/wp-json\/wp\/v2\/types\/post"}],"author":[{"embeddable":true,"href":"https:\/\/www.pressenza.com\/it\/wp-json\/wp\/v2\/users\/1483"}],"replies":[{"embeddable":true,"href":"https:\/\/www.pressenza.com\/it\/wp-json\/wp\/v2\/comments?post=928751"}],"version-history":[{"count":0,"href":"https:\/\/www.pressenza.com\/it\/wp-json\/wp\/v2\/posts\/928751\/revisions"}],"wp:featuredmedia":[{"embeddable":true,"href":"https:\/\/www.pressenza.com\/it\/wp-json\/wp\/v2\/media\/928752"}],"wp:attachment":[{"href":"https:\/\/www.pressenza.com\/it\/wp-json\/wp\/v2\/media?parent=928751"}],"wp:term":[{"taxonomy":"category","embeddable":true,"href":"https:\/\/www.pressenza.com\/it\/wp-json\/wp\/v2\/categories?post=928751"},{"taxonomy":"post_tag","embeddable":true,"href":"https:\/\/www.pressenza.com\/it\/wp-json\/wp\/v2\/tags?post=928751"}],"curies":[{"name":"wp","href":"https:\/\/api.w.org\/{rel}","templated":true}]}}