{"id":926840,"date":"2019-09-26T18:11:43","date_gmt":"2019-09-26T17:11:43","guid":{"rendered":"https:\/\/www.pressenza.com\/?p=926840"},"modified":"2019-09-26T18:11:43","modified_gmt":"2019-09-26T17:11:43","slug":"bolsonaro-insulta-allonu-raoni-metuktire","status":"publish","type":"post","link":"https:\/\/www.pressenza.com\/it\/2019\/09\/bolsonaro-insulta-allonu-raoni-metuktire\/","title":{"rendered":"Bolsonaro insulta all&#8217;ONU Raoni Metuktire"},"content":{"rendered":"<p>Dicono che a Versailles i cortigiani, in fila con ieratica solennit\u00e0, si passavano l&#8217;uno all\u2019altro di mano in mano, il vaso dorato. Una cerimonia mattutina in cui il grande onore consisteva nell&#8217;annusare le olezzanti emanazioni delle novelle succose feci del Re, Luigi quattordici, quindici, sedici. Assistere alla produzione della regale cacca giornaliera, respirarne a \u00b4pieni polmoni gli odori e poterne constatare l&#8217;origine divina, era il desiderio di ogni nobile o, \u00e8 il caso di dirlo, aspirante tale: il massimo segno di distinzione. Terminata la cerimonia si poteva procedere alla discussione dei problemi dello Stato. L&#8217;\u00c9tat c&#8217;est moi: onore dell&#8217;odore.<\/p>\n<p>Qualcuno si \u00e8 preso la briga di elencare punto per punto ogni frase, ogni concetto proferito nella grande sala dell&#8217;ONU. Con un indecente copia-incolla lo riporto ipsis litteris. Anche no. Anche no. Dico solo che poche ore dopo, il parlamento ha spalancato i suoi portoni al passaggio di Raoni Metuktire. Ho davanti a me la foto in cui il vecchio capo indigeno riceve un caloroso abbraccio di papa Francesco. Lo ricordo con tutti i leader internazionali degli ultimi quarat&#8217;anni, con i grandi della musica, con Sting e gli artisti di tutto il mondo. Lo ricordo a girare il Brasile intero, dai villaggi remoti ai saloni del potere, con la sua bocca enorme, le piume e il viso disegnato.<\/p>\n<p>L\u2019ambiente \u00e8 in pericolo, la foresta soffre, il nostro popolo sta morendo, ci rubano la terra, l\u2019acqua, ci rubano la vita, dice da quasi mezzo secolo. Ma il presidente Bolsonaro all\u2019ONU parla di sviluppo industriale sulle terre dei popoli originari, attacca altri paesi colpevoli di preoccuparsi di cose che riguradano la svranit\u00e0 nazionle brasiliana. Il presidente elogia la dittatura militare che per quasi venticinque anni ha affondato il paese in un baratro di orrore e subito dopo cita il nome di un vecchio capo indigeno: per insultarlo. Raoni, candidato al premio Nobel della pace, offeso davanti al mondo dall&#8217;infame Bolsonaro. Una menzogna dietro all&#8217;altra, fake news e teoria della cospirazione, affermazioni completamente false davanti al silenzio atroce dell&#8217;assemblea dell&#8217;ONU.<\/p>\n<p>Con l&#8217;insulto diretto a Raoni si \u00e8 toccato il fondo dell&#8217;abiezione. Mai nella storia delle Nazioni Unite era accaduto una cosa simile: un presidente contro un cittadino del suo stesso paese. Mai. I grandi giornali americani definiscono il discorso come surreale, alcuni arrivano perfino a smentire punto per punto le affermazioni false sulle quali ha basato il suo intervento. In patria, l&#8217;opposizione reagisce abbracciando il vecchio capo. La stragrande parte della popolazione, obnubilata da una informazione falsata e vistosamente di parte, continua a passarsi di mano in mano il sacro vaso di un re nudo, accasciato nel salotto elegante a far sconcezze. \u201cVerr\u00e0 un giorno, Bolsonaro, verr\u00e0 un giorno in cui avrai paura, molta paura\u201d dice Raoni, con la sua bocca enorme, le piume e il viso disegnato. \u00c8 davvero arrivato il momento di chiamare le cose con il loro vero nome.<\/p>\n","protected":false},"excerpt":{"rendered":"<p>Dicono che a Versailles i cortigiani, in fila con ieratica solennit\u00e0, si passavano l&#8217;uno all\u2019altro di mano in mano, il vaso dorato. Una cerimonia mattutina in cui il grande onore consisteva nell&#8217;annusare le olezzanti emanazioni delle novelle succose feci del&hellip;<\/p>\n","protected":false},"author":1567,"featured_media":926848,"comment_status":"closed","ping_status":"closed","sticky":false,"template":"","format":"standard","meta":{"footnotes":""},"categories":[11388,59,38,61,48],"tags":[45355,54027,208,64527],"class_list":["post-926840","post","type-post","status-publish","format-standard","has-post-thumbnail","hentry","category-contenuti-originali","category-ambiente-ecologia","category-internazionale","category-popoli-aborigeni","category-sud-america","tag-assemblea-generale","tag-jair-bolsonaro-it","tag-onu","tag-raoni-metuktire"],"yoast_head":"<!-- This site is optimized with the Yoast SEO plugin v27.1.1 - https:\/\/yoast.com\/product\/yoast-seo-wordpress\/ -->\n<title>Bolsonaro insulta all&#039;ONU Raoni Metuktire<\/title>\n<meta name=\"description\" content=\"Dicono che a Versailles i cortigiani, in fila con ieratica solennit\u00e0, si passavano l&#039;uno all\u2019altro di mano in mano, il vaso dorato. Una cerimonia\" \/>\n<meta name=\"robots\" content=\"index, follow, max-snippet:-1, max-image-preview:large, max-video-preview:-1\" \/>\n<link rel=\"canonical\" href=\"https:\/\/www.pressenza.com\/it\/2019\/09\/bolsonaro-insulta-allonu-raoni-metuktire\/\" \/>\n<meta property=\"og:locale\" content=\"it_IT\" \/>\n<meta property=\"og:type\" content=\"article\" \/>\n<meta property=\"og:title\" content=\"Bolsonaro insulta all&#039;ONU Raoni Metuktire\" \/>\n<meta property=\"og:description\" content=\"Dicono che a Versailles i cortigiani, in fila con ieratica solennit\u00e0, si passavano l&#039;uno all\u2019altro di mano in mano, il vaso dorato. Una cerimonia\" \/>\n<meta property=\"og:url\" content=\"https:\/\/www.pressenza.com\/it\/2019\/09\/bolsonaro-insulta-allonu-raoni-metuktire\/\" \/>\n<meta property=\"og:site_name\" content=\"Pressenza\" \/>\n<meta property=\"article:publisher\" content=\"https:\/\/www.facebook.com\/PressenzaItalia\" \/>\n<meta property=\"article:published_time\" content=\"2019-09-26T17:11:43+00:00\" \/>\n<meta property=\"og:image\" content=\"https:\/\/www.pressenza.com\/wp-content\/uploads\/2019\/09\/Raoni-y-sting.jpg\" \/>\n\t<meta property=\"og:image:width\" content=\"750\" \/>\n\t<meta property=\"og:image:height\" content=\"490\" \/>\n\t<meta property=\"og:image:type\" content=\"image\/jpeg\" \/>\n<meta name=\"author\" content=\"Paolo D&#039;Aprile\" \/>\n<meta name=\"twitter:card\" content=\"summary_large_image\" \/>\n<meta name=\"twitter:creator\" content=\"@PressenzaIPA\" \/>\n<meta name=\"twitter:site\" content=\"@PressenzaIPA\" \/>\n<meta name=\"twitter:label1\" content=\"Scritto da\" \/>\n\t<meta name=\"twitter:data1\" content=\"Paolo D&#039;Aprile\" \/>\n\t<meta name=\"twitter:label2\" content=\"Tempo di lettura stimato\" \/>\n\t<meta name=\"twitter:data2\" content=\"2 minuti\" \/>\n<script type=\"application\/ld+json\" class=\"yoast-schema-graph\">{\"@context\":\"https:\/\/schema.org\",\"@graph\":[{\"@type\":\"Article\",\"@id\":\"https:\/\/www.pressenza.com\/it\/2019\/09\/bolsonaro-insulta-allonu-raoni-metuktire\/#article\",\"isPartOf\":{\"@id\":\"https:\/\/www.pressenza.com\/it\/2019\/09\/bolsonaro-insulta-allonu-raoni-metuktire\/\"},\"author\":{\"name\":\"Paolo D'Aprile\",\"@id\":\"https:\/\/www.pressenza.com\/it\/#\/schema\/person\/b7683f6cc5b4992d9641abb1dd2b2c7a\"},\"headline\":\"Bolsonaro insulta all&#8217;ONU Raoni Metuktire\",\"datePublished\":\"2019-09-26T17:11:43+00:00\",\"mainEntityOfPage\":{\"@id\":\"https:\/\/www.pressenza.com\/it\/2019\/09\/bolsonaro-insulta-allonu-raoni-metuktire\/\"},\"wordCount\":498,\"publisher\":{\"@id\":\"https:\/\/www.pressenza.com\/it\/#organization\"},\"image\":{\"@id\":\"https:\/\/www.pressenza.com\/it\/2019\/09\/bolsonaro-insulta-allonu-raoni-metuktire\/#primaryimage\"},\"thumbnailUrl\":\"https:\/\/www.pressenza.com\/wp-content\/uploads\/2019\/09\/Raoni-y-sting.jpg\",\"keywords\":[\"assemblea generale\",\"Jair Bolsonaro\",\"ONU\",\"Raoni Metuktire\"],\"articleSection\":[\"contenuti originali\",\"Ecologia ed Ambiente\",\"Internazionale\",\"Popoli originari\",\"Sud America\"],\"inLanguage\":\"it-IT\"},{\"@type\":\"WebPage\",\"@id\":\"https:\/\/www.pressenza.com\/it\/2019\/09\/bolsonaro-insulta-allonu-raoni-metuktire\/\",\"url\":\"https:\/\/www.pressenza.com\/it\/2019\/09\/bolsonaro-insulta-allonu-raoni-metuktire\/\",\"name\":\"Bolsonaro insulta all'ONU Raoni Metuktire\",\"isPartOf\":{\"@id\":\"https:\/\/www.pressenza.com\/it\/#website\"},\"primaryImageOfPage\":{\"@id\":\"https:\/\/www.pressenza.com\/it\/2019\/09\/bolsonaro-insulta-allonu-raoni-metuktire\/#primaryimage\"},\"image\":{\"@id\":\"https:\/\/www.pressenza.com\/it\/2019\/09\/bolsonaro-insulta-allonu-raoni-metuktire\/#primaryimage\"},\"thumbnailUrl\":\"https:\/\/www.pressenza.com\/wp-content\/uploads\/2019\/09\/Raoni-y-sting.jpg\",\"datePublished\":\"2019-09-26T17:11:43+00:00\",\"description\":\"Dicono che a Versailles i cortigiani, in fila con ieratica solennit\u00e0, si passavano l'uno all\u2019altro di mano in mano, il vaso dorato. Una cerimonia\",\"breadcrumb\":{\"@id\":\"https:\/\/www.pressenza.com\/it\/2019\/09\/bolsonaro-insulta-allonu-raoni-metuktire\/#breadcrumb\"},\"inLanguage\":\"it-IT\",\"potentialAction\":[{\"@type\":\"ReadAction\",\"target\":[\"https:\/\/www.pressenza.com\/it\/2019\/09\/bolsonaro-insulta-allonu-raoni-metuktire\/\"]}]},{\"@type\":\"ImageObject\",\"inLanguage\":\"it-IT\",\"@id\":\"https:\/\/www.pressenza.com\/it\/2019\/09\/bolsonaro-insulta-allonu-raoni-metuktire\/#primaryimage\",\"url\":\"https:\/\/www.pressenza.com\/wp-content\/uploads\/2019\/09\/Raoni-y-sting.jpg\",\"contentUrl\":\"https:\/\/www.pressenza.com\/wp-content\/uploads\/2019\/09\/Raoni-y-sting.jpg\",\"width\":750,\"height\":490},{\"@type\":\"BreadcrumbList\",\"@id\":\"https:\/\/www.pressenza.com\/it\/2019\/09\/bolsonaro-insulta-allonu-raoni-metuktire\/#breadcrumb\",\"itemListElement\":[{\"@type\":\"ListItem\",\"position\":1,\"name\":\"Accueil\",\"item\":\"https:\/\/www.pressenza.com\/it\/\"},{\"@type\":\"ListItem\",\"position\":2,\"name\":\"Bolsonaro insulta all&#8217;ONU Raoni Metuktire\"}]},{\"@type\":\"WebSite\",\"@id\":\"https:\/\/www.pressenza.com\/it\/#website\",\"url\":\"https:\/\/www.pressenza.com\/it\/\",\"name\":\"Pressenza\",\"description\":\"Agenzia di Stampa Internazionale\",\"publisher\":{\"@id\":\"https:\/\/www.pressenza.com\/it\/#organization\"},\"potentialAction\":[{\"@type\":\"SearchAction\",\"target\":{\"@type\":\"EntryPoint\",\"urlTemplate\":\"https:\/\/www.pressenza.com\/it\/?s={search_term_string}\"},\"query-input\":{\"@type\":\"PropertyValueSpecification\",\"valueRequired\":true,\"valueName\":\"search_term_string\"}}],\"inLanguage\":\"it-IT\"},{\"@type\":\"Organization\",\"@id\":\"https:\/\/www.pressenza.com\/it\/#organization\",\"name\":\"Pressenza\",\"url\":\"https:\/\/www.pressenza.com\/it\/\",\"logo\":{\"@type\":\"ImageObject\",\"inLanguage\":\"it-IT\",\"@id\":\"https:\/\/www.pressenza.com\/it\/#\/schema\/logo\/image\/\",\"url\":\"https:\/\/www.pressenza.com\/wp-content\/uploads\/2022\/10\/pressenza_logo_200x200.jpg\",\"contentUrl\":\"https:\/\/www.pressenza.com\/wp-content\/uploads\/2022\/10\/pressenza_logo_200x200.jpg\",\"width\":200,\"height\":200,\"caption\":\"Pressenza\"},\"image\":{\"@id\":\"https:\/\/www.pressenza.com\/it\/#\/schema\/logo\/image\/\"},\"sameAs\":[\"https:\/\/www.facebook.com\/PressenzaItalia\",\"https:\/\/x.com\/PressenzaIPA\"]},{\"@type\":\"Person\",\"@id\":\"https:\/\/www.pressenza.com\/it\/#\/schema\/person\/b7683f6cc5b4992d9641abb1dd2b2c7a\",\"name\":\"Paolo D'Aprile\",\"description\":\"Nasco nel 1963... sono un uomo di mezza et\u00e0! Vivo a S\u00e3o Paulo dal 1989 e il mio lavoro di fisioterapista mi ha portato in contatto con le situazioni estreme della citt\u00e0, dalle favelas ai \\\"meninos de rua\\\". Ho partecipato a vari progetti di inclusione attraverso l'esercizio dei diritti civili. Da grande voglio fare il calciatore, l'astronauta e il pompiere.\",\"url\":\"https:\/\/www.pressenza.com\/it\/author\/paolo-daprile\/\"}]}<\/script>\n<!-- \/ Yoast SEO plugin. -->","yoast_head_json":{"title":"Bolsonaro insulta all'ONU Raoni Metuktire","description":"Dicono che a Versailles i cortigiani, in fila con ieratica solennit\u00e0, si passavano l'uno all\u2019altro di mano in mano, il vaso dorato. Una cerimonia","robots":{"index":"index","follow":"follow","max-snippet":"max-snippet:-1","max-image-preview":"max-image-preview:large","max-video-preview":"max-video-preview:-1"},"canonical":"https:\/\/www.pressenza.com\/it\/2019\/09\/bolsonaro-insulta-allonu-raoni-metuktire\/","og_locale":"it_IT","og_type":"article","og_title":"Bolsonaro insulta all'ONU Raoni Metuktire","og_description":"Dicono che a Versailles i cortigiani, in fila con ieratica solennit\u00e0, si passavano l'uno all\u2019altro di mano in mano, il vaso dorato. Una cerimonia","og_url":"https:\/\/www.pressenza.com\/it\/2019\/09\/bolsonaro-insulta-allonu-raoni-metuktire\/","og_site_name":"Pressenza","article_publisher":"https:\/\/www.facebook.com\/PressenzaItalia","article_published_time":"2019-09-26T17:11:43+00:00","og_image":[{"width":750,"height":490,"url":"https:\/\/www.pressenza.com\/wp-content\/uploads\/2019\/09\/Raoni-y-sting.jpg","type":"image\/jpeg"}],"author":"Paolo D'Aprile","twitter_card":"summary_large_image","twitter_creator":"@PressenzaIPA","twitter_site":"@PressenzaIPA","twitter_misc":{"Scritto da":"Paolo D'Aprile","Tempo di lettura stimato":"2 minuti"},"schema":{"@context":"https:\/\/schema.org","@graph":[{"@type":"Article","@id":"https:\/\/www.pressenza.com\/it\/2019\/09\/bolsonaro-insulta-allonu-raoni-metuktire\/#article","isPartOf":{"@id":"https:\/\/www.pressenza.com\/it\/2019\/09\/bolsonaro-insulta-allonu-raoni-metuktire\/"},"author":{"name":"Paolo D'Aprile","@id":"https:\/\/www.pressenza.com\/it\/#\/schema\/person\/b7683f6cc5b4992d9641abb1dd2b2c7a"},"headline":"Bolsonaro insulta all&#8217;ONU Raoni Metuktire","datePublished":"2019-09-26T17:11:43+00:00","mainEntityOfPage":{"@id":"https:\/\/www.pressenza.com\/it\/2019\/09\/bolsonaro-insulta-allonu-raoni-metuktire\/"},"wordCount":498,"publisher":{"@id":"https:\/\/www.pressenza.com\/it\/#organization"},"image":{"@id":"https:\/\/www.pressenza.com\/it\/2019\/09\/bolsonaro-insulta-allonu-raoni-metuktire\/#primaryimage"},"thumbnailUrl":"https:\/\/www.pressenza.com\/wp-content\/uploads\/2019\/09\/Raoni-y-sting.jpg","keywords":["assemblea generale","Jair Bolsonaro","ONU","Raoni Metuktire"],"articleSection":["contenuti originali","Ecologia ed Ambiente","Internazionale","Popoli originari","Sud America"],"inLanguage":"it-IT"},{"@type":"WebPage","@id":"https:\/\/www.pressenza.com\/it\/2019\/09\/bolsonaro-insulta-allonu-raoni-metuktire\/","url":"https:\/\/www.pressenza.com\/it\/2019\/09\/bolsonaro-insulta-allonu-raoni-metuktire\/","name":"Bolsonaro insulta all'ONU Raoni Metuktire","isPartOf":{"@id":"https:\/\/www.pressenza.com\/it\/#website"},"primaryImageOfPage":{"@id":"https:\/\/www.pressenza.com\/it\/2019\/09\/bolsonaro-insulta-allonu-raoni-metuktire\/#primaryimage"},"image":{"@id":"https:\/\/www.pressenza.com\/it\/2019\/09\/bolsonaro-insulta-allonu-raoni-metuktire\/#primaryimage"},"thumbnailUrl":"https:\/\/www.pressenza.com\/wp-content\/uploads\/2019\/09\/Raoni-y-sting.jpg","datePublished":"2019-09-26T17:11:43+00:00","description":"Dicono che a Versailles i cortigiani, in fila con ieratica solennit\u00e0, si passavano l'uno all\u2019altro di mano in mano, il vaso dorato. Una cerimonia","breadcrumb":{"@id":"https:\/\/www.pressenza.com\/it\/2019\/09\/bolsonaro-insulta-allonu-raoni-metuktire\/#breadcrumb"},"inLanguage":"it-IT","potentialAction":[{"@type":"ReadAction","target":["https:\/\/www.pressenza.com\/it\/2019\/09\/bolsonaro-insulta-allonu-raoni-metuktire\/"]}]},{"@type":"ImageObject","inLanguage":"it-IT","@id":"https:\/\/www.pressenza.com\/it\/2019\/09\/bolsonaro-insulta-allonu-raoni-metuktire\/#primaryimage","url":"https:\/\/www.pressenza.com\/wp-content\/uploads\/2019\/09\/Raoni-y-sting.jpg","contentUrl":"https:\/\/www.pressenza.com\/wp-content\/uploads\/2019\/09\/Raoni-y-sting.jpg","width":750,"height":490},{"@type":"BreadcrumbList","@id":"https:\/\/www.pressenza.com\/it\/2019\/09\/bolsonaro-insulta-allonu-raoni-metuktire\/#breadcrumb","itemListElement":[{"@type":"ListItem","position":1,"name":"Accueil","item":"https:\/\/www.pressenza.com\/it\/"},{"@type":"ListItem","position":2,"name":"Bolsonaro insulta all&#8217;ONU Raoni Metuktire"}]},{"@type":"WebSite","@id":"https:\/\/www.pressenza.com\/it\/#website","url":"https:\/\/www.pressenza.com\/it\/","name":"Pressenza","description":"Agenzia di Stampa Internazionale","publisher":{"@id":"https:\/\/www.pressenza.com\/it\/#organization"},"potentialAction":[{"@type":"SearchAction","target":{"@type":"EntryPoint","urlTemplate":"https:\/\/www.pressenza.com\/it\/?s={search_term_string}"},"query-input":{"@type":"PropertyValueSpecification","valueRequired":true,"valueName":"search_term_string"}}],"inLanguage":"it-IT"},{"@type":"Organization","@id":"https:\/\/www.pressenza.com\/it\/#organization","name":"Pressenza","url":"https:\/\/www.pressenza.com\/it\/","logo":{"@type":"ImageObject","inLanguage":"it-IT","@id":"https:\/\/www.pressenza.com\/it\/#\/schema\/logo\/image\/","url":"https:\/\/www.pressenza.com\/wp-content\/uploads\/2022\/10\/pressenza_logo_200x200.jpg","contentUrl":"https:\/\/www.pressenza.com\/wp-content\/uploads\/2022\/10\/pressenza_logo_200x200.jpg","width":200,"height":200,"caption":"Pressenza"},"image":{"@id":"https:\/\/www.pressenza.com\/it\/#\/schema\/logo\/image\/"},"sameAs":["https:\/\/www.facebook.com\/PressenzaItalia","https:\/\/x.com\/PressenzaIPA"]},{"@type":"Person","@id":"https:\/\/www.pressenza.com\/it\/#\/schema\/person\/b7683f6cc5b4992d9641abb1dd2b2c7a","name":"Paolo D'Aprile","description":"Nasco nel 1963... sono un uomo di mezza et\u00e0! Vivo a S\u00e3o Paulo dal 1989 e il mio lavoro di fisioterapista mi ha portato in contatto con le situazioni estreme della citt\u00e0, dalle favelas ai \"meninos de rua\". Ho partecipato a vari progetti di inclusione attraverso l'esercizio dei diritti civili. Da grande voglio fare il calciatore, l'astronauta e il pompiere.","url":"https:\/\/www.pressenza.com\/it\/author\/paolo-daprile\/"}]}},"place":"","original_article_url":"","_links":{"self":[{"href":"https:\/\/www.pressenza.com\/it\/wp-json\/wp\/v2\/posts\/926840","targetHints":{"allow":["GET"]}}],"collection":[{"href":"https:\/\/www.pressenza.com\/it\/wp-json\/wp\/v2\/posts"}],"about":[{"href":"https:\/\/www.pressenza.com\/it\/wp-json\/wp\/v2\/types\/post"}],"author":[{"embeddable":true,"href":"https:\/\/www.pressenza.com\/it\/wp-json\/wp\/v2\/users\/1567"}],"replies":[{"embeddable":true,"href":"https:\/\/www.pressenza.com\/it\/wp-json\/wp\/v2\/comments?post=926840"}],"version-history":[{"count":0,"href":"https:\/\/www.pressenza.com\/it\/wp-json\/wp\/v2\/posts\/926840\/revisions"}],"wp:featuredmedia":[{"embeddable":true,"href":"https:\/\/www.pressenza.com\/it\/wp-json\/wp\/v2\/media\/926848"}],"wp:attachment":[{"href":"https:\/\/www.pressenza.com\/it\/wp-json\/wp\/v2\/media?parent=926840"}],"wp:term":[{"taxonomy":"category","embeddable":true,"href":"https:\/\/www.pressenza.com\/it\/wp-json\/wp\/v2\/categories?post=926840"},{"taxonomy":"post_tag","embeddable":true,"href":"https:\/\/www.pressenza.com\/it\/wp-json\/wp\/v2\/tags?post=926840"}],"curies":[{"name":"wp","href":"https:\/\/api.w.org\/{rel}","templated":true}]}}