{"id":923386,"date":"2019-09-22T09:41:20","date_gmt":"2019-09-22T08:41:20","guid":{"rendered":"https:\/\/www.pressenza.com\/?p=923386"},"modified":"2019-09-22T09:41:20","modified_gmt":"2019-09-22T08:41:20","slug":"greta-thunberg-il-cambiamento-sta-arrivando-che-vi-piaccia-o-no","status":"publish","type":"post","link":"https:\/\/www.pressenza.com\/it\/2019\/09\/greta-thunberg-il-cambiamento-sta-arrivando-che-vi-piaccia-o-no\/","title":{"rendered":"Greta Thunberg: \u201cIl cambiamento sta arrivando, che vi piaccia o no\u201d"},"content":{"rendered":"<p>L&#8217;attivista climatica svedese Greta Thunberg, sedici anni, ha dato vita a un movimento globale con il suo &#8220;sciopero scolastico per il clima&#8221;. L&#8217;anno scorso ha iniziato a saltare la scuola il venerd\u00ec stando davanti al parlamento svedese e chiedendo un&#8217;azione per il clima. Da allora ha ispirato milioni di persone in tutto il mondo a unirsi a lei. Gli ultimi due venerd\u00ec di questo mese, il 20 e il 27 settembre, dovrebbero vedere alcune delle pi\u00f9 grandi proteste globali della storia. Questi due giorni di sciopero cadono prima e dopo il Summit delle Nazioni Unite sull&#8217;Azione per il Clima di luned\u00ec 23 settembre.<\/p>\n<p>Organizzato durante la riunione annuale dell&#8217;Assemblea Generale delle Nazioni Unite, che porta a New York \u00a0leader da tutto il mondo, il Climate Action Summit mira a &#8220;innescare la trasformazione di cui c&#8217;\u00e8 urgente bisogno e a promuovere un&#8217;azione che vada a beneficio di tutti&#8221;. Questa settimana il Segretario Generale delle Nazioni Unite Antonio Guterres ha cos\u00ec descritto l&#8217;urgenza del momento: &#8220;Luglio \u00e8 stato il mese pi\u00f9 caldo mai registrato. Questi cinque anni saranno i cinque anni pi\u00f9 caldi mai registrati. Vediamo l&#8217;innalzamento del livello dell&#8217;oceano, le pi\u00f9 alte concentrazioni di CO2 nell&#8217;atmosfera &#8230;.. stiamo davvero affrontando una minaccia molto drammatica, non solo per il futuro del pianeta, ma anche per il suo presente&#8221;.<\/p>\n<p>Greta \u00e8 arrivata a New York City il 28 agosto dopo due settimane di viaggio a bordo di una barca a vela ad alta velocit\u00e0 e a emissioni zero. Da allora ha partecipato agli scioperi del venerd\u00ec alle Nazioni Unite e davanti alla Casa Bianca, ha rilasciato decine di interviste e si \u00e8 impegnata con attivisti di base, politici e altri per chiedere un&#8217;azione urgente. Luned\u00ec sera, in riconoscimento del suo lavoro di collegamento tra l&#8217;emergenza climatica e i diritti umani, Amnesty International le ha consegnato il Premio Ambasciatore di coscienza 2019.<\/p>\n<p>Parlando con i membri della Climate Change Task Force del Senato a Washington, D.C., marted\u00ec, Greta ha detto: &#8220;Non invitateci qui per dirci quanto siamo ispiratori senza fare nulla al riguardo&#8230;.. so che ci state provando, ma non abbastanza duramente. Spiacente.&#8221;<\/p>\n<p>L&#8217;accordo di Parigi sul clima, firmato da quasi ogni nazione nel 2015, avrebbe dovuto accelerare la transizione dai combustibili fossili alle energie rinnovabili. Il presidente Donald Trump ha annunciato la sua intenzione di ritirare gli Stati Uniti dall&#8217;accordo il 1\u00b0 giugno 2017 &#8211; senza notare che la prima data in cui gli Stati Uniti potrebbero andarsene sarebbe stata novembre 2020. Questo \u00e8 il motivo per cui l&#8217;amministrazione Trump ha inviato funzionari di basso livello ai Summit annuali delle Nazioni Unite sul clima, dove passano il loro tempo a promuovere il carbone e altri combustibili fossili e a evitare le domande della stampa.<\/p>\n<p>Nonostante l&#8217;accordo di Parigi, il pianeta nel suo complesso continua a bruciare pi\u00f9 combustibili fossili. In un rapporto pubblicato poco pi\u00f9 di una settimana fa, la U.S. Energy Information Administration ha previsto che nel 2019il consumo globale di petrolio per la prima volta in assoluto avrebbe superato i 100 milioni di barili al giorno. L&#8217;Agenzia Internazionale per l&#8217;Energia ha recentemente dichiarato: &#8220;Nonostante le legittime preoccupazioni circa l&#8217;inquinamento atmosferico e le emissioni di gas serra, l&#8217;uso del carbone continuer\u00e0 a essere significativo in futuro&#8221;, aggiungendo che il carbone comprende &#8220;il 27% di tutta l&#8217;energia utilizzata a livello mondiale e &#8230;. il 38% della produzione di elettricit\u00e0&#8221;.<\/p>\n<p>La rapida transizione dai combustibili fossili a un&#8217;economia energetica completamente rinnovabile richieder\u00e0 uno sforzo globale e cooperativo senza precedenti nella storia. Diverse versioni di questa trasformazione necessaria per gli Stati Uniti sono state articolate, in primo luogo nel disegno di legge Green New Deal proposto dai democratici Alexandria Ocasio-Cortez ed Ed Markey. Bernie Sanders ha presentato un piano da 16,3 trilioni di dollari in grado di creare 20 milioni di posti di lavoro e di ripagarsi da solo entro 15 anni. Il suo piano promuove anche la giustizia ambientale &#8220;in un movimento veramente inclusivo che d\u00e0 la priorit\u00e0 ai giovani, ai lavoratori, alle popolazioni indigene, alle comunit\u00e0 di colore e ad altri gruppi storicamente emarginati&#8221;.<\/p>\n<p>Le parole di Greta Thunberg al Summit delle Nazioni Unite sul clima dello scorso dicembre a Katowice, in Polonia, sono pi\u00f9 attuali che mai. La riunione ministeriale di due settimane era quasi terminata e il programma della plenaria era in ritardo. A quasi mezzanotte, Greta, allora quindicenne, pronunci\u00f2 un breve e potente discorso che scosse la sala e risuon\u00f2 rapidamente in tutto il mondo: &#8220;Non siamo venuti qui per implorare i leader mondiali di preoccuparsi. Ci avete ignorato in passato e ci ignorerete di nuovo. Abbiamo esaurito le scuse e il tempo a disposizione sta per scadere. Siamo venuti qui per farvi sapere che il cambiamento sta arrivando, che vi piaccia o no. Il vero potere appartiene al popolo&#8221;.<\/p>\n<p>Marted\u00ec scorso, dopo proteste sostenute per diversi anni, l&#8217;Universit\u00e0 della California ha annunciato l\u2019intenzione di ritirare i suoi 84 miliardi di dollari di fondi pensione e di dotazione da tutti gli investimenti nei combustibili fossili.<\/p>\n<p>Le tempeste che colpiscono le nazioni insulari dalle Bahamas alle Filippine e le comunit\u00e0 costiere dalla Florida a Terranova si stanno verificando con maggiore frequenza e forza. In risposta, sta divampando un movimento globale di attivisti del clima in rapida crescita, guidato dai giovani.<\/p>\n","protected":false},"excerpt":{"rendered":"<p>L&#8217;attivista climatica svedese Greta Thunberg, sedici anni, ha dato vita a un movimento globale con il suo &#8220;sciopero scolastico per il clima&#8221;. L&#8217;anno scorso ha iniziato a saltare la scuola il venerd\u00ec stando davanti al parlamento svedese e chiedendo un&#8217;azione&hellip;<\/p>\n","protected":false},"author":38,"featured_media":922370,"comment_status":"closed","ping_status":"closed","sticky":false,"template":"","format":"standard","meta":{"footnotes":""},"categories":[59,49,162],"tags":[22565,16031,9775,54158,208],"class_list":["post-923386","post","type-post","status-publish","format-standard","has-post-thumbnail","hentry","category-ambiente-ecologia","category-nord-america","category-opinioni","tag-accordo-di-parigi","tag-antonio-guterres","tag-cambiamento-climatico","tag-greta-thunberg-it","tag-onu"],"yoast_head":"<!-- This site is optimized with the Yoast SEO plugin v27.1.1 - https:\/\/yoast.com\/product\/yoast-seo-wordpress\/ -->\n<title>Greta Thunberg: \u201cIl cambiamento sta arrivando, che vi piaccia o no\u201d<\/title>\n<meta name=\"description\" content=\"L&#039;attivista climatica svedese Greta Thunberg, sedici anni, ha dato vita a un movimento globale con il suo &quot;sciopero scolastico per il clima&quot;. L&#039;anno\" \/>\n<meta name=\"robots\" content=\"index, follow, max-snippet:-1, max-image-preview:large, max-video-preview:-1\" \/>\n<link rel=\"canonical\" href=\"https:\/\/www.pressenza.com\/it\/2019\/09\/greta-thunberg-il-cambiamento-sta-arrivando-che-vi-piaccia-o-no\/\" \/>\n<meta property=\"og:locale\" content=\"it_IT\" \/>\n<meta property=\"og:type\" content=\"article\" \/>\n<meta property=\"og:title\" content=\"Greta Thunberg: \u201cIl cambiamento sta arrivando, che vi piaccia o no\u201d\" \/>\n<meta property=\"og:description\" content=\"L&#039;attivista climatica svedese Greta Thunberg, sedici anni, ha dato vita a un movimento globale con il suo &quot;sciopero scolastico per il clima&quot;. L&#039;anno\" \/>\n<meta property=\"og:url\" content=\"https:\/\/www.pressenza.com\/it\/2019\/09\/greta-thunberg-il-cambiamento-sta-arrivando-che-vi-piaccia-o-no\/\" \/>\n<meta property=\"og:site_name\" content=\"Pressenza\" \/>\n<meta property=\"article:publisher\" content=\"https:\/\/www.facebook.com\/PressenzaItalia\" \/>\n<meta property=\"article:published_time\" content=\"2019-09-22T08:41:20+00:00\" \/>\n<meta property=\"og:image\" content=\"https:\/\/www.pressenza.com\/wp-content\/uploads\/2019\/09\/3389ECEA-8129-4355-87EA-35DA82ABE965.jpeg\" \/>\n\t<meta property=\"og:image:width\" content=\"1394\" \/>\n\t<meta property=\"og:image:height\" content=\"1181\" \/>\n\t<meta property=\"og:image:type\" content=\"image\/jpeg\" \/>\n<meta name=\"author\" content=\"Amy Goodman\" \/>\n<meta name=\"twitter:card\" content=\"summary_large_image\" \/>\n<meta name=\"twitter:creator\" content=\"@PressenzaIPA\" \/>\n<meta name=\"twitter:site\" content=\"@PressenzaIPA\" \/>\n<meta name=\"twitter:label1\" content=\"Scritto da\" \/>\n\t<meta name=\"twitter:data1\" content=\"Amy Goodman\" \/>\n\t<meta name=\"twitter:label2\" content=\"Tempo di lettura stimato\" \/>\n\t<meta name=\"twitter:data2\" content=\"4 minuti\" \/>\n<script type=\"application\/ld+json\" class=\"yoast-schema-graph\">{\"@context\":\"https:\/\/schema.org\",\"@graph\":[{\"@type\":\"Article\",\"@id\":\"https:\/\/www.pressenza.com\/it\/2019\/09\/greta-thunberg-il-cambiamento-sta-arrivando-che-vi-piaccia-o-no\/#article\",\"isPartOf\":{\"@id\":\"https:\/\/www.pressenza.com\/it\/2019\/09\/greta-thunberg-il-cambiamento-sta-arrivando-che-vi-piaccia-o-no\/\"},\"author\":{\"name\":\"Amy Goodman\",\"@id\":\"https:\/\/www.pressenza.com\/it\/#\/schema\/person\/fb76c4542b791ee101e00d9e2f9817ee\"},\"headline\":\"Greta Thunberg: \u201cIl cambiamento sta arrivando, che vi piaccia o no\u201d\",\"datePublished\":\"2019-09-22T08:41:20+00:00\",\"mainEntityOfPage\":{\"@id\":\"https:\/\/www.pressenza.com\/it\/2019\/09\/greta-thunberg-il-cambiamento-sta-arrivando-che-vi-piaccia-o-no\/\"},\"wordCount\":884,\"publisher\":{\"@id\":\"https:\/\/www.pressenza.com\/it\/#organization\"},\"image\":{\"@id\":\"https:\/\/www.pressenza.com\/it\/2019\/09\/greta-thunberg-il-cambiamento-sta-arrivando-che-vi-piaccia-o-no\/#primaryimage\"},\"thumbnailUrl\":\"https:\/\/www.pressenza.com\/wp-content\/uploads\/2019\/09\/3389ECEA-8129-4355-87EA-35DA82ABE965.jpeg\",\"keywords\":[\"Accordo di Parigi\",\"Antonio Guterres\",\"cambiamento climatico\",\"Greta Thunberg\",\"ONU\"],\"articleSection\":[\"Ecologia ed Ambiente\",\"Nord America\",\"Opinioni\"],\"inLanguage\":\"it-IT\"},{\"@type\":\"WebPage\",\"@id\":\"https:\/\/www.pressenza.com\/it\/2019\/09\/greta-thunberg-il-cambiamento-sta-arrivando-che-vi-piaccia-o-no\/\",\"url\":\"https:\/\/www.pressenza.com\/it\/2019\/09\/greta-thunberg-il-cambiamento-sta-arrivando-che-vi-piaccia-o-no\/\",\"name\":\"Greta Thunberg: \u201cIl cambiamento sta arrivando, che vi piaccia o no\u201d\",\"isPartOf\":{\"@id\":\"https:\/\/www.pressenza.com\/it\/#website\"},\"primaryImageOfPage\":{\"@id\":\"https:\/\/www.pressenza.com\/it\/2019\/09\/greta-thunberg-il-cambiamento-sta-arrivando-che-vi-piaccia-o-no\/#primaryimage\"},\"image\":{\"@id\":\"https:\/\/www.pressenza.com\/it\/2019\/09\/greta-thunberg-il-cambiamento-sta-arrivando-che-vi-piaccia-o-no\/#primaryimage\"},\"thumbnailUrl\":\"https:\/\/www.pressenza.com\/wp-content\/uploads\/2019\/09\/3389ECEA-8129-4355-87EA-35DA82ABE965.jpeg\",\"datePublished\":\"2019-09-22T08:41:20+00:00\",\"description\":\"L'attivista climatica svedese Greta Thunberg, sedici anni, ha dato vita a un movimento globale con il suo \\\"sciopero scolastico per il clima\\\". L'anno\",\"breadcrumb\":{\"@id\":\"https:\/\/www.pressenza.com\/it\/2019\/09\/greta-thunberg-il-cambiamento-sta-arrivando-che-vi-piaccia-o-no\/#breadcrumb\"},\"inLanguage\":\"it-IT\",\"potentialAction\":[{\"@type\":\"ReadAction\",\"target\":[\"https:\/\/www.pressenza.com\/it\/2019\/09\/greta-thunberg-il-cambiamento-sta-arrivando-che-vi-piaccia-o-no\/\"]}]},{\"@type\":\"ImageObject\",\"inLanguage\":\"it-IT\",\"@id\":\"https:\/\/www.pressenza.com\/it\/2019\/09\/greta-thunberg-il-cambiamento-sta-arrivando-che-vi-piaccia-o-no\/#primaryimage\",\"url\":\"https:\/\/www.pressenza.com\/wp-content\/uploads\/2019\/09\/3389ECEA-8129-4355-87EA-35DA82ABE965.jpeg\",\"contentUrl\":\"https:\/\/www.pressenza.com\/wp-content\/uploads\/2019\/09\/3389ECEA-8129-4355-87EA-35DA82ABE965.jpeg\",\"width\":1394,\"height\":1181},{\"@type\":\"BreadcrumbList\",\"@id\":\"https:\/\/www.pressenza.com\/it\/2019\/09\/greta-thunberg-il-cambiamento-sta-arrivando-che-vi-piaccia-o-no\/#breadcrumb\",\"itemListElement\":[{\"@type\":\"ListItem\",\"position\":1,\"name\":\"Accueil\",\"item\":\"https:\/\/www.pressenza.com\/it\/\"},{\"@type\":\"ListItem\",\"position\":2,\"name\":\"Greta Thunberg: \u201cIl cambiamento sta arrivando, che vi piaccia o no\u201d\"}]},{\"@type\":\"WebSite\",\"@id\":\"https:\/\/www.pressenza.com\/it\/#website\",\"url\":\"https:\/\/www.pressenza.com\/it\/\",\"name\":\"Pressenza\",\"description\":\"Agenzia di Stampa Internazionale\",\"publisher\":{\"@id\":\"https:\/\/www.pressenza.com\/it\/#organization\"},\"potentialAction\":[{\"@type\":\"SearchAction\",\"target\":{\"@type\":\"EntryPoint\",\"urlTemplate\":\"https:\/\/www.pressenza.com\/it\/?s={search_term_string}\"},\"query-input\":{\"@type\":\"PropertyValueSpecification\",\"valueRequired\":true,\"valueName\":\"search_term_string\"}}],\"inLanguage\":\"it-IT\"},{\"@type\":\"Organization\",\"@id\":\"https:\/\/www.pressenza.com\/it\/#organization\",\"name\":\"Pressenza\",\"url\":\"https:\/\/www.pressenza.com\/it\/\",\"logo\":{\"@type\":\"ImageObject\",\"inLanguage\":\"it-IT\",\"@id\":\"https:\/\/www.pressenza.com\/it\/#\/schema\/logo\/image\/\",\"url\":\"https:\/\/www.pressenza.com\/wp-content\/uploads\/2022\/10\/pressenza_logo_200x200.jpg\",\"contentUrl\":\"https:\/\/www.pressenza.com\/wp-content\/uploads\/2022\/10\/pressenza_logo_200x200.jpg\",\"width\":200,\"height\":200,\"caption\":\"Pressenza\"},\"image\":{\"@id\":\"https:\/\/www.pressenza.com\/it\/#\/schema\/logo\/image\/\"},\"sameAs\":[\"https:\/\/www.facebook.com\/PressenzaItalia\",\"https:\/\/x.com\/PressenzaIPA\"]},{\"@type\":\"Person\",\"@id\":\"https:\/\/www.pressenza.com\/it\/#\/schema\/person\/fb76c4542b791ee101e00d9e2f9817ee\",\"name\":\"Amy Goodman\",\"description\":\"Award-winning investigative journalist and syndicated columnist, author and host\/executive producer of Democracy Now! www.democracynow.org\",\"url\":\"https:\/\/www.pressenza.com\/it\/author\/amy-goodman\/\"}]}<\/script>\n<!-- \/ Yoast SEO plugin. -->","yoast_head_json":{"title":"Greta Thunberg: \u201cIl cambiamento sta arrivando, che vi piaccia o no\u201d","description":"L'attivista climatica svedese Greta Thunberg, sedici anni, ha dato vita a un movimento globale con il suo \"sciopero scolastico per il clima\". L'anno","robots":{"index":"index","follow":"follow","max-snippet":"max-snippet:-1","max-image-preview":"max-image-preview:large","max-video-preview":"max-video-preview:-1"},"canonical":"https:\/\/www.pressenza.com\/it\/2019\/09\/greta-thunberg-il-cambiamento-sta-arrivando-che-vi-piaccia-o-no\/","og_locale":"it_IT","og_type":"article","og_title":"Greta Thunberg: \u201cIl cambiamento sta arrivando, che vi piaccia o no\u201d","og_description":"L'attivista climatica svedese Greta Thunberg, sedici anni, ha dato vita a un movimento globale con il suo \"sciopero scolastico per il clima\". L'anno","og_url":"https:\/\/www.pressenza.com\/it\/2019\/09\/greta-thunberg-il-cambiamento-sta-arrivando-che-vi-piaccia-o-no\/","og_site_name":"Pressenza","article_publisher":"https:\/\/www.facebook.com\/PressenzaItalia","article_published_time":"2019-09-22T08:41:20+00:00","og_image":[{"width":1394,"height":1181,"url":"https:\/\/www.pressenza.com\/wp-content\/uploads\/2019\/09\/3389ECEA-8129-4355-87EA-35DA82ABE965.jpeg","type":"image\/jpeg"}],"author":"Amy Goodman","twitter_card":"summary_large_image","twitter_creator":"@PressenzaIPA","twitter_site":"@PressenzaIPA","twitter_misc":{"Scritto da":"Amy Goodman","Tempo di lettura stimato":"4 minuti"},"schema":{"@context":"https:\/\/schema.org","@graph":[{"@type":"Article","@id":"https:\/\/www.pressenza.com\/it\/2019\/09\/greta-thunberg-il-cambiamento-sta-arrivando-che-vi-piaccia-o-no\/#article","isPartOf":{"@id":"https:\/\/www.pressenza.com\/it\/2019\/09\/greta-thunberg-il-cambiamento-sta-arrivando-che-vi-piaccia-o-no\/"},"author":{"name":"Amy Goodman","@id":"https:\/\/www.pressenza.com\/it\/#\/schema\/person\/fb76c4542b791ee101e00d9e2f9817ee"},"headline":"Greta Thunberg: \u201cIl cambiamento sta arrivando, che vi piaccia o no\u201d","datePublished":"2019-09-22T08:41:20+00:00","mainEntityOfPage":{"@id":"https:\/\/www.pressenza.com\/it\/2019\/09\/greta-thunberg-il-cambiamento-sta-arrivando-che-vi-piaccia-o-no\/"},"wordCount":884,"publisher":{"@id":"https:\/\/www.pressenza.com\/it\/#organization"},"image":{"@id":"https:\/\/www.pressenza.com\/it\/2019\/09\/greta-thunberg-il-cambiamento-sta-arrivando-che-vi-piaccia-o-no\/#primaryimage"},"thumbnailUrl":"https:\/\/www.pressenza.com\/wp-content\/uploads\/2019\/09\/3389ECEA-8129-4355-87EA-35DA82ABE965.jpeg","keywords":["Accordo di Parigi","Antonio Guterres","cambiamento climatico","Greta Thunberg","ONU"],"articleSection":["Ecologia ed Ambiente","Nord America","Opinioni"],"inLanguage":"it-IT"},{"@type":"WebPage","@id":"https:\/\/www.pressenza.com\/it\/2019\/09\/greta-thunberg-il-cambiamento-sta-arrivando-che-vi-piaccia-o-no\/","url":"https:\/\/www.pressenza.com\/it\/2019\/09\/greta-thunberg-il-cambiamento-sta-arrivando-che-vi-piaccia-o-no\/","name":"Greta Thunberg: \u201cIl cambiamento sta arrivando, che vi piaccia o no\u201d","isPartOf":{"@id":"https:\/\/www.pressenza.com\/it\/#website"},"primaryImageOfPage":{"@id":"https:\/\/www.pressenza.com\/it\/2019\/09\/greta-thunberg-il-cambiamento-sta-arrivando-che-vi-piaccia-o-no\/#primaryimage"},"image":{"@id":"https:\/\/www.pressenza.com\/it\/2019\/09\/greta-thunberg-il-cambiamento-sta-arrivando-che-vi-piaccia-o-no\/#primaryimage"},"thumbnailUrl":"https:\/\/www.pressenza.com\/wp-content\/uploads\/2019\/09\/3389ECEA-8129-4355-87EA-35DA82ABE965.jpeg","datePublished":"2019-09-22T08:41:20+00:00","description":"L'attivista climatica svedese Greta Thunberg, sedici anni, ha dato vita a un movimento globale con il suo \"sciopero scolastico per il clima\". L'anno","breadcrumb":{"@id":"https:\/\/www.pressenza.com\/it\/2019\/09\/greta-thunberg-il-cambiamento-sta-arrivando-che-vi-piaccia-o-no\/#breadcrumb"},"inLanguage":"it-IT","potentialAction":[{"@type":"ReadAction","target":["https:\/\/www.pressenza.com\/it\/2019\/09\/greta-thunberg-il-cambiamento-sta-arrivando-che-vi-piaccia-o-no\/"]}]},{"@type":"ImageObject","inLanguage":"it-IT","@id":"https:\/\/www.pressenza.com\/it\/2019\/09\/greta-thunberg-il-cambiamento-sta-arrivando-che-vi-piaccia-o-no\/#primaryimage","url":"https:\/\/www.pressenza.com\/wp-content\/uploads\/2019\/09\/3389ECEA-8129-4355-87EA-35DA82ABE965.jpeg","contentUrl":"https:\/\/www.pressenza.com\/wp-content\/uploads\/2019\/09\/3389ECEA-8129-4355-87EA-35DA82ABE965.jpeg","width":1394,"height":1181},{"@type":"BreadcrumbList","@id":"https:\/\/www.pressenza.com\/it\/2019\/09\/greta-thunberg-il-cambiamento-sta-arrivando-che-vi-piaccia-o-no\/#breadcrumb","itemListElement":[{"@type":"ListItem","position":1,"name":"Accueil","item":"https:\/\/www.pressenza.com\/it\/"},{"@type":"ListItem","position":2,"name":"Greta Thunberg: \u201cIl cambiamento sta arrivando, che vi piaccia o no\u201d"}]},{"@type":"WebSite","@id":"https:\/\/www.pressenza.com\/it\/#website","url":"https:\/\/www.pressenza.com\/it\/","name":"Pressenza","description":"Agenzia di Stampa Internazionale","publisher":{"@id":"https:\/\/www.pressenza.com\/it\/#organization"},"potentialAction":[{"@type":"SearchAction","target":{"@type":"EntryPoint","urlTemplate":"https:\/\/www.pressenza.com\/it\/?s={search_term_string}"},"query-input":{"@type":"PropertyValueSpecification","valueRequired":true,"valueName":"search_term_string"}}],"inLanguage":"it-IT"},{"@type":"Organization","@id":"https:\/\/www.pressenza.com\/it\/#organization","name":"Pressenza","url":"https:\/\/www.pressenza.com\/it\/","logo":{"@type":"ImageObject","inLanguage":"it-IT","@id":"https:\/\/www.pressenza.com\/it\/#\/schema\/logo\/image\/","url":"https:\/\/www.pressenza.com\/wp-content\/uploads\/2022\/10\/pressenza_logo_200x200.jpg","contentUrl":"https:\/\/www.pressenza.com\/wp-content\/uploads\/2022\/10\/pressenza_logo_200x200.jpg","width":200,"height":200,"caption":"Pressenza"},"image":{"@id":"https:\/\/www.pressenza.com\/it\/#\/schema\/logo\/image\/"},"sameAs":["https:\/\/www.facebook.com\/PressenzaItalia","https:\/\/x.com\/PressenzaIPA"]},{"@type":"Person","@id":"https:\/\/www.pressenza.com\/it\/#\/schema\/person\/fb76c4542b791ee101e00d9e2f9817ee","name":"Amy Goodman","description":"Award-winning investigative journalist and syndicated columnist, author and host\/executive producer of Democracy Now! www.democracynow.org","url":"https:\/\/www.pressenza.com\/it\/author\/amy-goodman\/"}]}},"place":"","original_article_url":"https:\/\/www.democracynow.org\/2019\/9\/19\/greta_thunberg_change_is_coming_whether","_links":{"self":[{"href":"https:\/\/www.pressenza.com\/it\/wp-json\/wp\/v2\/posts\/923386","targetHints":{"allow":["GET"]}}],"collection":[{"href":"https:\/\/www.pressenza.com\/it\/wp-json\/wp\/v2\/posts"}],"about":[{"href":"https:\/\/www.pressenza.com\/it\/wp-json\/wp\/v2\/types\/post"}],"author":[{"embeddable":true,"href":"https:\/\/www.pressenza.com\/it\/wp-json\/wp\/v2\/users\/38"}],"replies":[{"embeddable":true,"href":"https:\/\/www.pressenza.com\/it\/wp-json\/wp\/v2\/comments?post=923386"}],"version-history":[{"count":0,"href":"https:\/\/www.pressenza.com\/it\/wp-json\/wp\/v2\/posts\/923386\/revisions"}],"wp:featuredmedia":[{"embeddable":true,"href":"https:\/\/www.pressenza.com\/it\/wp-json\/wp\/v2\/media\/922370"}],"wp:attachment":[{"href":"https:\/\/www.pressenza.com\/it\/wp-json\/wp\/v2\/media?parent=923386"}],"wp:term":[{"taxonomy":"category","embeddable":true,"href":"https:\/\/www.pressenza.com\/it\/wp-json\/wp\/v2\/categories?post=923386"},{"taxonomy":"post_tag","embeddable":true,"href":"https:\/\/www.pressenza.com\/it\/wp-json\/wp\/v2\/tags?post=923386"}],"curies":[{"name":"wp","href":"https:\/\/api.w.org\/{rel}","templated":true}]}}