{"id":919342,"date":"2019-09-17T10:56:16","date_gmt":"2019-09-17T09:56:16","guid":{"rendered":"https:\/\/www.pressenza.com\/?p=919342"},"modified":"2019-09-17T10:56:16","modified_gmt":"2019-09-17T09:56:16","slug":"trump-ryad-alleati-contro-clima-e-iran-ma-eco-e-pax-non-si-alleano-piu-per-ora","status":"publish","type":"post","link":"https:\/\/www.pressenza.com\/it\/2019\/09\/trump-ryad-alleati-contro-clima-e-iran-ma-eco-e-pax-non-si-alleano-piu-per-ora\/","title":{"rendered":"Trump-Ryad alleati contro clima e Iran, ma eco e pax non si alleano pi\u00f9, per ora"},"content":{"rendered":"<p>La crisi di questi giorni con Stati Uniti, Arabia Saudita da una parte e Iran dall\u2019altra, non \u00e8 un fulmine a ciel sereno ma un tuono molto forte di un temporale che si sta avvicinando da tempo.<\/p>\n<p>La rivalit\u00e0 tra Arabia saudita ed Iran \u00e8 storica, e Ryad, con il 20% delle riserve mondiali di greggio, nei 40 anni dopo la rivoluzione che ha cacciato lo Sci\u00e0, per merito degli embarghi a Theran e Iraq che insieme hanno anche loro il 20% delle riserve mondiali, e grazie all\u2019alleanza stretta con gli USA, ha potuto gestire come voleva il mercato mondiale, vendendo una quantit\u00e0 di greggio molto superiore a Iraq e Iran ai prezzi desiderati.<\/p>\n<p>Gli Stati Uniti, dopo l\u2019 elezione di Trump, sono poi usciti dall\u2019accordo sul nucleare iraniano con motivazioni deboli ed hanno imposto nuove sanzioni all\u2019 Iran anche al resto del mondo, soprattutto l\u2019UE, che invece continua a ritenere valido l\u2019 accordo ma non si \u00e8 opposto con la necessaria forza alle nuove sanzioni USA e ora nello scontro in atto sta accodandosi all\u2019alleato di sempre.<\/p>\n<p>Questo ennesimo episodio di grande tensione nel Medio Oriente arriva a settembre 2019 e il conflitto diplomatico si svolger\u00e0 nell\u2019annuale Assemblea di inaugurazione delle Nazioni Unite dove il tema centrale atteso \u00e8 la lotta ai cambiamenti climatici, che vedr\u00e0 il giorno 23 settembre un\u2019assemblea dedicata attesa da mesi, tanto che Greta \u00e8 gi\u00e0 a New York da giorni.<\/p>\n<p>E Ryad e Trump sono alleati anche contro il clima, schierati insieme in ogni occasione contro politiche mondiali che possano indebolire la produzione di energia da fonti fossili, al momento dominante ma ora minacciata da alternative pi\u00f9 sperimentate e dai limiti del pianeta che non regge pi\u00f9 le emissioni di CO2, prodotte soprattutto dall\u2019Occidente avanzato e da alcune grandi economie in crescita tumultuosa, vedi India e Cina.<\/p>\n<p>Ma, se Trump e Ryad sono alleati di ferro contro l\u2019 Iran e contro il clima, sono diverse le opposizioni alle loro politiche spesso distruttive per il mondo e per milioni di persone. La lotta al cambiamento climatico, pur non avendo al momento prodotto risultati soddisfacenti, \u00e8 di gran moda e stanno crescendo, accanto agli storici movimenti ambientalisti, reti internazionali nuove e combattive come Fridays For Future e Extinction Rebellion.<\/p>\n<p>Al contrario il movimento pacifista mondiale \u00e8 quasi invisibile e qualche volta anche un po\u2019 confuso.<\/p>\n<p>Eppure le politiche di guerre sono indispensabili al modello produttivo che sta facendo impazzire il clima mondiale, e purtroppo, nella peggiore delle ipotesi, le guerre potrebbero essere una via di uscita per il modello industriale distruttivo, finalizzata a evitare cambiamenti radicali.<\/p>\n<p>Ambientalisti e pacifisti dovrebbero quindi incrociare di nuovo le loro strade per sperare di cambiare davvero qualcosa.<\/p>\n<p>Ma al momento non \u00e8 cos\u00ec, potrebbero per\u00f2 iniziare alzando la testa dal loro cortile e cercando di capire cosa sta avvenendo intorno, perch\u00e9 non c\u2019\u00e8 un pianeta B, e guerre e distruzioni ambientali avvengono tutte nello stesso pianeta A che \u00e8 relativamente piccolo e i protagonisti negativi o positivi sono spesso gli stessi.<\/p>\n","protected":false},"excerpt":{"rendered":"<p>La crisi di questi giorni con Stati Uniti, Arabia Saudita da una parte e Iran dall\u2019altra, non \u00e8 un fulmine a ciel sereno ma un tuono molto forte di un temporale che si sta avvicinando da tempo. La rivalit\u00e0 tra&hellip;<\/p>\n","protected":false},"author":1288,"featured_media":841159,"comment_status":"closed","ping_status":"closed","sticky":false,"template":"","format":"standard","meta":{"footnotes":""},"categories":[11388,59,38,162,1263],"tags":[3338,39211,57914,53987,206,1453],"class_list":["post-919342","post","type-post","status-publish","format-standard","has-post-thumbnail","hentry","category-contenuti-originali","category-ambiente-ecologia","category-internazionale","category-opinioni","category-pace-disarmo","tag-arabia-saudita","tag-emergenza-climatica","tag-extinction-rebellion-it","tag-fridays-for-future","tag-iran","tag-usa-it"],"yoast_head":"<!-- This site is optimized with the Yoast SEO plugin v27.1.1 - https:\/\/yoast.com\/product\/yoast-seo-wordpress\/ -->\n<title>Trump-Ryad alleati contro clima e Iran, ma eco e pax non si alleano pi\u00f9, per ora<\/title>\n<meta name=\"description\" content=\"La crisi di questi giorni con Stati Uniti, Arabia Saudita da una parte e Iran dall\u2019altra, non \u00e8 un fulmine a ciel sereno ma un tuono molto forte di un\" \/>\n<meta name=\"robots\" content=\"index, follow, max-snippet:-1, max-image-preview:large, max-video-preview:-1\" \/>\n<link rel=\"canonical\" href=\"https:\/\/www.pressenza.com\/it\/2019\/09\/trump-ryad-alleati-contro-clima-e-iran-ma-eco-e-pax-non-si-alleano-piu-per-ora\/\" \/>\n<meta property=\"og:locale\" content=\"it_IT\" \/>\n<meta property=\"og:type\" content=\"article\" \/>\n<meta property=\"og:title\" content=\"Trump-Ryad alleati contro clima e Iran, ma eco e pax non si alleano pi\u00f9, per ora\" \/>\n<meta property=\"og:description\" content=\"La crisi di questi giorni con Stati Uniti, Arabia Saudita da una parte e Iran dall\u2019altra, non \u00e8 un fulmine a ciel sereno ma un tuono molto forte di un\" \/>\n<meta property=\"og:url\" content=\"https:\/\/www.pressenza.com\/it\/2019\/09\/trump-ryad-alleati-contro-clima-e-iran-ma-eco-e-pax-non-si-alleano-piu-per-ora\/\" \/>\n<meta property=\"og:site_name\" content=\"Pressenza\" \/>\n<meta property=\"article:publisher\" content=\"https:\/\/www.facebook.com\/PressenzaItalia\" \/>\n<meta property=\"article:published_time\" content=\"2019-09-17T09:56:16+00:00\" \/>\n<meta property=\"og:image\" content=\"https:\/\/www.pressenza.com\/wp-content\/uploads\/2019\/04\/FAE50ABF-B64E-43C2-B106-EF767456B98A.jpeg\" \/>\n\t<meta property=\"og:image:width\" content=\"955\" \/>\n\t<meta property=\"og:image:height\" content=\"500\" \/>\n\t<meta property=\"og:image:type\" content=\"image\/jpeg\" \/>\n<meta name=\"author\" content=\"Marco Palombo\" \/>\n<meta name=\"twitter:card\" content=\"summary_large_image\" \/>\n<meta name=\"twitter:creator\" content=\"@PressenzaIPA\" \/>\n<meta name=\"twitter:site\" content=\"@PressenzaIPA\" \/>\n<meta name=\"twitter:label1\" content=\"Scritto da\" \/>\n\t<meta name=\"twitter:data1\" content=\"Marco Palombo\" \/>\n\t<meta name=\"twitter:label2\" content=\"Tempo di lettura stimato\" \/>\n\t<meta name=\"twitter:data2\" content=\"2 minuti\" \/>\n<script type=\"application\/ld+json\" class=\"yoast-schema-graph\">{\"@context\":\"https:\/\/schema.org\",\"@graph\":[{\"@type\":\"Article\",\"@id\":\"https:\/\/www.pressenza.com\/it\/2019\/09\/trump-ryad-alleati-contro-clima-e-iran-ma-eco-e-pax-non-si-alleano-piu-per-ora\/#article\",\"isPartOf\":{\"@id\":\"https:\/\/www.pressenza.com\/it\/2019\/09\/trump-ryad-alleati-contro-clima-e-iran-ma-eco-e-pax-non-si-alleano-piu-per-ora\/\"},\"author\":{\"name\":\"Marco Palombo\",\"@id\":\"https:\/\/www.pressenza.com\/it\/#\/schema\/person\/47e40ae2d57dd34c48cc32307b478b5c\"},\"headline\":\"Trump-Ryad alleati contro clima e Iran, ma eco e pax non si alleano pi\u00f9, per ora\",\"datePublished\":\"2019-09-17T09:56:16+00:00\",\"mainEntityOfPage\":{\"@id\":\"https:\/\/www.pressenza.com\/it\/2019\/09\/trump-ryad-alleati-contro-clima-e-iran-ma-eco-e-pax-non-si-alleano-piu-per-ora\/\"},\"wordCount\":511,\"publisher\":{\"@id\":\"https:\/\/www.pressenza.com\/it\/#organization\"},\"image\":{\"@id\":\"https:\/\/www.pressenza.com\/it\/2019\/09\/trump-ryad-alleati-contro-clima-e-iran-ma-eco-e-pax-non-si-alleano-piu-per-ora\/#primaryimage\"},\"thumbnailUrl\":\"https:\/\/www.pressenza.com\/wp-content\/uploads\/2019\/04\/FAE50ABF-B64E-43C2-B106-EF767456B98A.jpeg\",\"keywords\":[\"Arabia Saudita\",\"emergenza climatica\",\"Extinction Rebellion\",\"Fridays for Future\",\"Iran\",\"USA\"],\"articleSection\":[\"contenuti originali\",\"Ecologia ed Ambiente\",\"Internazionale\",\"Opinioni\",\"Pace e Disarmo\"],\"inLanguage\":\"it-IT\"},{\"@type\":\"WebPage\",\"@id\":\"https:\/\/www.pressenza.com\/it\/2019\/09\/trump-ryad-alleati-contro-clima-e-iran-ma-eco-e-pax-non-si-alleano-piu-per-ora\/\",\"url\":\"https:\/\/www.pressenza.com\/it\/2019\/09\/trump-ryad-alleati-contro-clima-e-iran-ma-eco-e-pax-non-si-alleano-piu-per-ora\/\",\"name\":\"Trump-Ryad alleati contro clima e Iran, ma eco e pax non si alleano pi\u00f9, per ora\",\"isPartOf\":{\"@id\":\"https:\/\/www.pressenza.com\/it\/#website\"},\"primaryImageOfPage\":{\"@id\":\"https:\/\/www.pressenza.com\/it\/2019\/09\/trump-ryad-alleati-contro-clima-e-iran-ma-eco-e-pax-non-si-alleano-piu-per-ora\/#primaryimage\"},\"image\":{\"@id\":\"https:\/\/www.pressenza.com\/it\/2019\/09\/trump-ryad-alleati-contro-clima-e-iran-ma-eco-e-pax-non-si-alleano-piu-per-ora\/#primaryimage\"},\"thumbnailUrl\":\"https:\/\/www.pressenza.com\/wp-content\/uploads\/2019\/04\/FAE50ABF-B64E-43C2-B106-EF767456B98A.jpeg\",\"datePublished\":\"2019-09-17T09:56:16+00:00\",\"description\":\"La crisi di questi giorni con Stati Uniti, Arabia Saudita da una parte e Iran dall\u2019altra, non \u00e8 un fulmine a ciel sereno ma un tuono molto forte di un\",\"breadcrumb\":{\"@id\":\"https:\/\/www.pressenza.com\/it\/2019\/09\/trump-ryad-alleati-contro-clima-e-iran-ma-eco-e-pax-non-si-alleano-piu-per-ora\/#breadcrumb\"},\"inLanguage\":\"it-IT\",\"potentialAction\":[{\"@type\":\"ReadAction\",\"target\":[\"https:\/\/www.pressenza.com\/it\/2019\/09\/trump-ryad-alleati-contro-clima-e-iran-ma-eco-e-pax-non-si-alleano-piu-per-ora\/\"]}]},{\"@type\":\"ImageObject\",\"inLanguage\":\"it-IT\",\"@id\":\"https:\/\/www.pressenza.com\/it\/2019\/09\/trump-ryad-alleati-contro-clima-e-iran-ma-eco-e-pax-non-si-alleano-piu-per-ora\/#primaryimage\",\"url\":\"https:\/\/www.pressenza.com\/wp-content\/uploads\/2019\/04\/FAE50ABF-B64E-43C2-B106-EF767456B98A.jpeg\",\"contentUrl\":\"https:\/\/www.pressenza.com\/wp-content\/uploads\/2019\/04\/FAE50ABF-B64E-43C2-B106-EF767456B98A.jpeg\",\"width\":955,\"height\":500,\"caption\":\"Extinction Rebellion protesters in London\"},{\"@type\":\"BreadcrumbList\",\"@id\":\"https:\/\/www.pressenza.com\/it\/2019\/09\/trump-ryad-alleati-contro-clima-e-iran-ma-eco-e-pax-non-si-alleano-piu-per-ora\/#breadcrumb\",\"itemListElement\":[{\"@type\":\"ListItem\",\"position\":1,\"name\":\"Accueil\",\"item\":\"https:\/\/www.pressenza.com\/it\/\"},{\"@type\":\"ListItem\",\"position\":2,\"name\":\"Trump-Ryad alleati contro clima e Iran, ma eco e pax non si alleano pi\u00f9, per ora\"}]},{\"@type\":\"WebSite\",\"@id\":\"https:\/\/www.pressenza.com\/it\/#website\",\"url\":\"https:\/\/www.pressenza.com\/it\/\",\"name\":\"Pressenza\",\"description\":\"Agenzia di Stampa Internazionale\",\"publisher\":{\"@id\":\"https:\/\/www.pressenza.com\/it\/#organization\"},\"potentialAction\":[{\"@type\":\"SearchAction\",\"target\":{\"@type\":\"EntryPoint\",\"urlTemplate\":\"https:\/\/www.pressenza.com\/it\/?s={search_term_string}\"},\"query-input\":{\"@type\":\"PropertyValueSpecification\",\"valueRequired\":true,\"valueName\":\"search_term_string\"}}],\"inLanguage\":\"it-IT\"},{\"@type\":\"Organization\",\"@id\":\"https:\/\/www.pressenza.com\/it\/#organization\",\"name\":\"Pressenza\",\"url\":\"https:\/\/www.pressenza.com\/it\/\",\"logo\":{\"@type\":\"ImageObject\",\"inLanguage\":\"it-IT\",\"@id\":\"https:\/\/www.pressenza.com\/it\/#\/schema\/logo\/image\/\",\"url\":\"https:\/\/www.pressenza.com\/wp-content\/uploads\/2022\/10\/pressenza_logo_200x200.jpg\",\"contentUrl\":\"https:\/\/www.pressenza.com\/wp-content\/uploads\/2022\/10\/pressenza_logo_200x200.jpg\",\"width\":200,\"height\":200,\"caption\":\"Pressenza\"},\"image\":{\"@id\":\"https:\/\/www.pressenza.com\/it\/#\/schema\/logo\/image\/\"},\"sameAs\":[\"https:\/\/www.facebook.com\/PressenzaItalia\",\"https:\/\/x.com\/PressenzaIPA\"]},{\"@type\":\"Person\",\"@id\":\"https:\/\/www.pressenza.com\/it\/#\/schema\/person\/47e40ae2d57dd34c48cc32307b478b5c\",\"name\":\"Marco Palombo\",\"url\":\"https:\/\/www.pressenza.com\/it\/author\/marco-palombo\/\"}]}<\/script>\n<!-- \/ Yoast SEO plugin. -->","yoast_head_json":{"title":"Trump-Ryad alleati contro clima e Iran, ma eco e pax non si alleano pi\u00f9, per ora","description":"La crisi di questi giorni con Stati Uniti, Arabia Saudita da una parte e Iran dall\u2019altra, non \u00e8 un fulmine a ciel sereno ma un tuono molto forte di un","robots":{"index":"index","follow":"follow","max-snippet":"max-snippet:-1","max-image-preview":"max-image-preview:large","max-video-preview":"max-video-preview:-1"},"canonical":"https:\/\/www.pressenza.com\/it\/2019\/09\/trump-ryad-alleati-contro-clima-e-iran-ma-eco-e-pax-non-si-alleano-piu-per-ora\/","og_locale":"it_IT","og_type":"article","og_title":"Trump-Ryad alleati contro clima e Iran, ma eco e pax non si alleano pi\u00f9, per ora","og_description":"La crisi di questi giorni con Stati Uniti, Arabia Saudita da una parte e Iran dall\u2019altra, non \u00e8 un fulmine a ciel sereno ma un tuono molto forte di un","og_url":"https:\/\/www.pressenza.com\/it\/2019\/09\/trump-ryad-alleati-contro-clima-e-iran-ma-eco-e-pax-non-si-alleano-piu-per-ora\/","og_site_name":"Pressenza","article_publisher":"https:\/\/www.facebook.com\/PressenzaItalia","article_published_time":"2019-09-17T09:56:16+00:00","og_image":[{"width":955,"height":500,"url":"https:\/\/www.pressenza.com\/wp-content\/uploads\/2019\/04\/FAE50ABF-B64E-43C2-B106-EF767456B98A.jpeg","type":"image\/jpeg"}],"author":"Marco Palombo","twitter_card":"summary_large_image","twitter_creator":"@PressenzaIPA","twitter_site":"@PressenzaIPA","twitter_misc":{"Scritto da":"Marco Palombo","Tempo di lettura stimato":"2 minuti"},"schema":{"@context":"https:\/\/schema.org","@graph":[{"@type":"Article","@id":"https:\/\/www.pressenza.com\/it\/2019\/09\/trump-ryad-alleati-contro-clima-e-iran-ma-eco-e-pax-non-si-alleano-piu-per-ora\/#article","isPartOf":{"@id":"https:\/\/www.pressenza.com\/it\/2019\/09\/trump-ryad-alleati-contro-clima-e-iran-ma-eco-e-pax-non-si-alleano-piu-per-ora\/"},"author":{"name":"Marco Palombo","@id":"https:\/\/www.pressenza.com\/it\/#\/schema\/person\/47e40ae2d57dd34c48cc32307b478b5c"},"headline":"Trump-Ryad alleati contro clima e Iran, ma eco e pax non si alleano pi\u00f9, per ora","datePublished":"2019-09-17T09:56:16+00:00","mainEntityOfPage":{"@id":"https:\/\/www.pressenza.com\/it\/2019\/09\/trump-ryad-alleati-contro-clima-e-iran-ma-eco-e-pax-non-si-alleano-piu-per-ora\/"},"wordCount":511,"publisher":{"@id":"https:\/\/www.pressenza.com\/it\/#organization"},"image":{"@id":"https:\/\/www.pressenza.com\/it\/2019\/09\/trump-ryad-alleati-contro-clima-e-iran-ma-eco-e-pax-non-si-alleano-piu-per-ora\/#primaryimage"},"thumbnailUrl":"https:\/\/www.pressenza.com\/wp-content\/uploads\/2019\/04\/FAE50ABF-B64E-43C2-B106-EF767456B98A.jpeg","keywords":["Arabia Saudita","emergenza climatica","Extinction Rebellion","Fridays for Future","Iran","USA"],"articleSection":["contenuti originali","Ecologia ed Ambiente","Internazionale","Opinioni","Pace e Disarmo"],"inLanguage":"it-IT"},{"@type":"WebPage","@id":"https:\/\/www.pressenza.com\/it\/2019\/09\/trump-ryad-alleati-contro-clima-e-iran-ma-eco-e-pax-non-si-alleano-piu-per-ora\/","url":"https:\/\/www.pressenza.com\/it\/2019\/09\/trump-ryad-alleati-contro-clima-e-iran-ma-eco-e-pax-non-si-alleano-piu-per-ora\/","name":"Trump-Ryad alleati contro clima e Iran, ma eco e pax non si alleano pi\u00f9, per ora","isPartOf":{"@id":"https:\/\/www.pressenza.com\/it\/#website"},"primaryImageOfPage":{"@id":"https:\/\/www.pressenza.com\/it\/2019\/09\/trump-ryad-alleati-contro-clima-e-iran-ma-eco-e-pax-non-si-alleano-piu-per-ora\/#primaryimage"},"image":{"@id":"https:\/\/www.pressenza.com\/it\/2019\/09\/trump-ryad-alleati-contro-clima-e-iran-ma-eco-e-pax-non-si-alleano-piu-per-ora\/#primaryimage"},"thumbnailUrl":"https:\/\/www.pressenza.com\/wp-content\/uploads\/2019\/04\/FAE50ABF-B64E-43C2-B106-EF767456B98A.jpeg","datePublished":"2019-09-17T09:56:16+00:00","description":"La crisi di questi giorni con Stati Uniti, Arabia Saudita da una parte e Iran dall\u2019altra, non \u00e8 un fulmine a ciel sereno ma un tuono molto forte di un","breadcrumb":{"@id":"https:\/\/www.pressenza.com\/it\/2019\/09\/trump-ryad-alleati-contro-clima-e-iran-ma-eco-e-pax-non-si-alleano-piu-per-ora\/#breadcrumb"},"inLanguage":"it-IT","potentialAction":[{"@type":"ReadAction","target":["https:\/\/www.pressenza.com\/it\/2019\/09\/trump-ryad-alleati-contro-clima-e-iran-ma-eco-e-pax-non-si-alleano-piu-per-ora\/"]}]},{"@type":"ImageObject","inLanguage":"it-IT","@id":"https:\/\/www.pressenza.com\/it\/2019\/09\/trump-ryad-alleati-contro-clima-e-iran-ma-eco-e-pax-non-si-alleano-piu-per-ora\/#primaryimage","url":"https:\/\/www.pressenza.com\/wp-content\/uploads\/2019\/04\/FAE50ABF-B64E-43C2-B106-EF767456B98A.jpeg","contentUrl":"https:\/\/www.pressenza.com\/wp-content\/uploads\/2019\/04\/FAE50ABF-B64E-43C2-B106-EF767456B98A.jpeg","width":955,"height":500,"caption":"Extinction Rebellion protesters in London"},{"@type":"BreadcrumbList","@id":"https:\/\/www.pressenza.com\/it\/2019\/09\/trump-ryad-alleati-contro-clima-e-iran-ma-eco-e-pax-non-si-alleano-piu-per-ora\/#breadcrumb","itemListElement":[{"@type":"ListItem","position":1,"name":"Accueil","item":"https:\/\/www.pressenza.com\/it\/"},{"@type":"ListItem","position":2,"name":"Trump-Ryad alleati contro clima e Iran, ma eco e pax non si alleano pi\u00f9, per ora"}]},{"@type":"WebSite","@id":"https:\/\/www.pressenza.com\/it\/#website","url":"https:\/\/www.pressenza.com\/it\/","name":"Pressenza","description":"Agenzia di Stampa Internazionale","publisher":{"@id":"https:\/\/www.pressenza.com\/it\/#organization"},"potentialAction":[{"@type":"SearchAction","target":{"@type":"EntryPoint","urlTemplate":"https:\/\/www.pressenza.com\/it\/?s={search_term_string}"},"query-input":{"@type":"PropertyValueSpecification","valueRequired":true,"valueName":"search_term_string"}}],"inLanguage":"it-IT"},{"@type":"Organization","@id":"https:\/\/www.pressenza.com\/it\/#organization","name":"Pressenza","url":"https:\/\/www.pressenza.com\/it\/","logo":{"@type":"ImageObject","inLanguage":"it-IT","@id":"https:\/\/www.pressenza.com\/it\/#\/schema\/logo\/image\/","url":"https:\/\/www.pressenza.com\/wp-content\/uploads\/2022\/10\/pressenza_logo_200x200.jpg","contentUrl":"https:\/\/www.pressenza.com\/wp-content\/uploads\/2022\/10\/pressenza_logo_200x200.jpg","width":200,"height":200,"caption":"Pressenza"},"image":{"@id":"https:\/\/www.pressenza.com\/it\/#\/schema\/logo\/image\/"},"sameAs":["https:\/\/www.facebook.com\/PressenzaItalia","https:\/\/x.com\/PressenzaIPA"]},{"@type":"Person","@id":"https:\/\/www.pressenza.com\/it\/#\/schema\/person\/47e40ae2d57dd34c48cc32307b478b5c","name":"Marco Palombo","url":"https:\/\/www.pressenza.com\/it\/author\/marco-palombo\/"}]}},"place":"","original_article_url":"","_links":{"self":[{"href":"https:\/\/www.pressenza.com\/it\/wp-json\/wp\/v2\/posts\/919342","targetHints":{"allow":["GET"]}}],"collection":[{"href":"https:\/\/www.pressenza.com\/it\/wp-json\/wp\/v2\/posts"}],"about":[{"href":"https:\/\/www.pressenza.com\/it\/wp-json\/wp\/v2\/types\/post"}],"author":[{"embeddable":true,"href":"https:\/\/www.pressenza.com\/it\/wp-json\/wp\/v2\/users\/1288"}],"replies":[{"embeddable":true,"href":"https:\/\/www.pressenza.com\/it\/wp-json\/wp\/v2\/comments?post=919342"}],"version-history":[{"count":0,"href":"https:\/\/www.pressenza.com\/it\/wp-json\/wp\/v2\/posts\/919342\/revisions"}],"wp:featuredmedia":[{"embeddable":true,"href":"https:\/\/www.pressenza.com\/it\/wp-json\/wp\/v2\/media\/841159"}],"wp:attachment":[{"href":"https:\/\/www.pressenza.com\/it\/wp-json\/wp\/v2\/media?parent=919342"}],"wp:term":[{"taxonomy":"category","embeddable":true,"href":"https:\/\/www.pressenza.com\/it\/wp-json\/wp\/v2\/categories?post=919342"},{"taxonomy":"post_tag","embeddable":true,"href":"https:\/\/www.pressenza.com\/it\/wp-json\/wp\/v2\/tags?post=919342"}],"curies":[{"name":"wp","href":"https:\/\/api.w.org\/{rel}","templated":true}]}}