{"id":91349,"date":"2014-03-04T15:50:07","date_gmt":"2014-03-04T15:50:07","guid":{"rendered":"http:\/\/www.pressenza.com\/?p=91349"},"modified":"2014-03-04T15:52:05","modified_gmt":"2014-03-04T15:52:05","slug":"15-anni-di-banca-etica-risorse-concrete-per-leconomia-sociale-e-le-famiglie","status":"publish","type":"post","link":"https:\/\/www.pressenza.com\/it\/2014\/03\/15-anni-di-banca-etica-risorse-concrete-per-leconomia-sociale-e-le-famiglie\/","title":{"rendered":"15 anni di Banca Etica: risorse concrete per l&#8217;economia sociale e le famiglie"},"content":{"rendered":"<p><img loading=\"lazy\" decoding=\"async\" class=\"alignnone\" alt=\"\" src=\"https:\/\/www.pressenza.com\/wp-content\/uploads\/2012\/11\/logo-banca-etica.png\" width=\"299\" height=\"52\" \/><\/p>\n<p><i>Presentata oggi a Roma la ricerca di ALTIS-Universit\u00e0 Cattolica di Milano sull&#8217;impatto sociale del primo istituto di credito interamente dedito alla finanza etica<\/i><\/p>\n<p><i>Roma, 4 marzo 2014<\/i>_<b>Un miliardo e 800milioni euro<\/b> messi in circolazione per finanziare migliaia di famiglie e imprese sociali italiane che hanno potuto far crescere in quantit\u00e0 e qualit\u00e0 i servizi di assistenza per le persone pi\u00f9 fragili; promuovere l&#8217;arte, la cultura e lo sport come strumenti per migliorare la qualit\u00e0 di vita di tutti; difendere la legalit\u00e0; ridurre le emissioni di CO2 a salvaguardia dell&#8217;ambiente e della salute; diffondere il biologico; rilanciare progetti di cooperazione internazionale e commercio equo e solidale.<\/p>\n<p>E\u2019 questo il risultato con cui Banca popolare Etica festeggia il compimento dei suoi primi 15 anni di vita. Nata nel 1999 a Padova su impulso delle principali reti del Terzo Settore italiano, \u00e8 cresciuta costantemente grazie alla fiducia accordatale da cittadini e organizzazioni che sono diventati soci e clienti del primo istituto di credito italiano interamente dedito alla finanza etica.<\/p>\n<p>Tutti i numeri di questa storia di successo sono stati illustrati oggi a Roma, presso la Sala delle Colonne della Camera dei Deputati, durante la presentazione della <b>ricerca sull&#8217;impatto sociale di Banca <\/b>Etica condotta dal centro studi<b> ALTIS dell&#8217;Universit\u00e0 Cattolica di Milano<\/b>. Il lavoro, coordinato dal <b>Prof. Mario Molteni<\/b>, \u00e8 stato condotto dalle ricercatrici <b>Stella Gubelli ,Valentina Langella, Valentina Bramanti.<\/b><\/p>\n<p>\u00ab<i>Quindici anni fa in pochi credevano che una banca etica potesse stare sul mercato, oggi abbiamo dimostrato che la finanza etica funziona ed \u00e8 capace di veicolare una risorsa strategica come il risparmio di cittadini e organizzazioni verso la promozione del bene comune. Oggi non solo siamo una banca solida, ma anche in continuo sviluppo e pronta ad aprirsi a una dimensione europea: nel 2014 apriremo la prima Filiale in Spagna, a Bilbao<\/i>\u00bb \u2013 ha detto <b>Ugo Biggeri<\/b><i>, <\/i><b>presidente di Banca Etica<\/b>, collegandosi da Melbourne dove sta partecipando all\u2019incontro annuale del network internazionale delle banche sostenibili, <i>Global Alliance for Banking on Values<\/i>.<\/p>\n<p>\u00ab<i>Dal 2008 a oggi le banche hanno vissuto un periodo di particolare turbolenza: <\/i><span style=\"font-family: sans-serif; font-size: small;\"><i>allo stesso tempo co-responsabili e vittime di una crisi finanziaria ed economica strutturale<\/i> e duratura<\/span> <i>, hanno fatto fatica a fronteggiare il calo di fiducia da parte dei risparmiatori e le crescenti difficolt\u00e0 dell\u2019economia reale. Banca Etica negli stessi anni ha invece sperimentato un costante aumento della fiducia accordatale dai risparmiatori e dai soci: la raccolta di risparmio e il capitale sociale sono cresciuti in modo significativo dal 2008 a oggi (<b>+60% per la raccolta<\/b><\/i><i> negli ultimi 5 anni; <b>+109% per il capitale <\/b><\/i><i>in 5 anni) , permettendoci di essere una delle poche banche che ha continuato a concedere credito alle famiglie e alle imprese sociali (<b>+83% di crediti deliberati<\/b><\/i><i> negli stessi 5 anni) , con un tasso di sofferenza nettamente inferiore alla media del sistema bancario<\/i>\u00bb, ha aggiunto <b>Mario Crosta, direttore generale di Banca Etica<\/b>, auspicando una maggiore attenzione da parte dei regolatori in Italia e in Europa verso i temi finanziari, affinch\u00e9 rivedano le norme che penalizzano chi d\u00e0 credito alle imprese sociali e promuovano le banche che sostengono l&#8217;economia reale, separandole dalle banche d&#8217;affari.<\/p>\n<p>\u00ab<i>Misurare l&#8217;impatto sociale significa misurare il cambiamento generato nelle organizzazioni e famiglie beneficiarie grazie al finanziamento e alla collaborazione con Banca Etica. Il lavoro sperimentale, che ha coinvolto gli stakeholder principali della banca \u2013 famiglie e organizzazioni &#8211; \u00e8 giunto a risultati originali nel panorama sia italiano che internazionale.<\/i><br \/>\n<i>Dallo studio emerge che utilizzare la finanza come strumento per veicolare il risparmio di privati e organizzazioni verso il sostegno a progetti di pubblica utilit\u00e0 genera impatti positivi sulla collettivit\u00e0. In particolare, tre sono le aree di investimento in cui l\u2019 impatto legato al finanziamento erogato da Banca Etica \u00e8 particolarmente significativo: i servizi socio-sanitari, i servizi di promozione di attivit\u00e0 culturali, ricreative e sportive e le iniziative ambientali. Ambiti che influenzano in modo concreto la qualit\u00e0 della vita delle persone<\/i>\u00bb, hanno spiegato le ricercatrici di <b>ALTIS<\/b>.<\/p>\n<p>Il <b>sottosegretario al ministero del Lavoro e delle Politiche Sociali, Luigi Bobba<\/b>, socio storico di Banca Etica ha assicurato l&#8217;impegno del Governo per sostenere la finanza etica con normative pi\u00f9 equilibrate, a partire dai decreti attuativi sul microcredito che sono in stand-by da almeno 4 anni: \u00ab<i>Le normative internazionali sulla finanza, Basilea 2 e Basilea 3, omologano tutte le banche, noi invece vogliamo tutelare la specificit\u00e0 delle banche cooperative ed etiche che durante la crisi hanno dimostrato di essere anticicliche continuando a dare credito a imprese e famiglie mantenendo un basso tasso di sofferenze, come dimostrano i dati presentati oggi da Banca Etica<\/i>\u00bb.<\/p>\n<p><b>L&#8217;ex ministro del Lavoro, Enrico Giovannini<\/b>, ha ricordato che il G8 ha istituito una task force per studiare e valorizzare la finanza ad alto impatto sociale: \u00ab<i>La sfida, anche per l&#8217;Europa, \u00e8 quella di individuare indicatori che misurino gli impatti sociali da affiancare ai bilancio sociali e al PIL degli Stati. Dopo 10 mesi al Governo sono ottimista, i tempi sono maturi per questo tipo di cambiamento<\/i>\u00bb.<\/p>\n<p><b>Linda Laura Sabbadini, responsabile delle statistiche sociali dell&#8217;ISTAT<\/b> ha annunciato che: \u00ab<i>anche la statistica ufficiale sa che \u00e8 tempo di andare oltre la divisione tra profit e non profit: l&#8217;obiettivo \u00e8 quello di definire e misurare il mondo delle imprese sociali e dell&#8217;economia sociale che durante la crisi si sono affermate come protagoniste di questa fase economica<\/i>\u00bb.<\/p>\n<p>Il ministro per le <b>Politiche Regionali, Maria Carmela Lanzetta<\/b> \u00e8 intervenuta ricordando la sua collaborazione con Banca Etica sui temi della legalit\u00e0 negli anni in cui era sindaco del Comune di Monasterace e auspicando un costruttivo dialogo istituzionale sui temi della finanza etica.<\/p>\n<p>All&#8217;incontro ha partecipato anche <b>Jean-Louis Bancel<\/b>, presidente di Credit Cooperatif e della International Cooperative Banking Association che ha ricordato la collaborazione storica con Banca Etica e l&#8217;impegno della finanza cooperativa a rafforzare la propria capacit\u00e0 di fare rete a livello europeo, perch\u00e9 la finanza ha una dimensione sovranazionale e la mobilitazione per chiedere regole diverse deve essere di livello europeo e globale.<\/p>\n<p>L&#8217;evento \u00e8 stato chiuso dalla <b>vicepresidente del Senato, Valeria Fedeli<\/b>, che &#8211; dopo aver portato i saluti del presidente Piero Grasso che da sempre \u00e8 impegnato sul fronte della legalit\u00e0, anche in campo economico &#8211; ha detto: \u00ab <i>Quello di Banca Etica \u00e8 un impegno quotidiano al fianco di soggetti privati, istituzioni e cittadini &#8211; che per la met\u00e0 arrivano dopo un rifiuto da parte di altri istituti &#8211; per sostenere progetti di tutela ambientale, commercio equo e solidale, cooperazione internazionale, microcredito, servizi socio-sanitari per persone e famiglie, lotta all&#8217;esclusione. Banca Etica lavora per un&#8217;Italia solidale, collaborativa, intelligente, rispettosa dei diritti di tutte e tutti, generosa, e per questo vincente. Quando dico che Banca Etica \u00e8 un modello non lo dico come espediente retorico, ma come effettiva guida per quello che dobbiamo fare. La dimensione etica che dobbiamo tutti scegliere e adottare non \u00e8 un valore astratto, ma pragmatico. Come non pu\u00f2 che essere per una Banca<\/i> \u00bb .<br \/>\n<b>L&#8217;impatto sociale di Banca Etica nei suoi primi 15 anni in cifre<\/b><\/p>\n<p>In 15 anni Banca Etica ha:<br \/>\n\u2022 erogato complessivamente <b>23.804 finanziamenti <\/b>a famiglie e imprese sociali;<br \/>\n\u2022 per un totale di <b>\u20ac 1,8 miliardi<\/b>;<br \/>\n\u2022 <b>il 70% dei finanziamenti deliberati da Banca Etica sono andati ad enti non profit (<\/b>contro l\u20191% della media del sistema bancario italiano). Negli ultimi Banca Etica ha progressivamente inserito anche alcune imprese del <i>profit responsabile<\/i> tra i soggetti finanziati.<br \/>\n\u2022 i <b>tassi di interesse<\/b> praticati da Banca Etica sui prestiti alla clientela (famiglie, enti non profit, imprese sociali) <b>sono mediamente pi\u00f9 bassi<\/b> rispetto al resto del sistema bancario<br \/>\n\u2022 Banca Etica ha registrato una costante crescita di fiducia da parte dei risparmiatori: nel 2013 <b>la raccolta diretta \u00e8 cresciuta dell\u201911%<\/b> mentre per le altre banche si \u00e8 registrata una <b>contrazione complessiva del -1,9%<\/b><br \/>\n\u2022 Banca registra <b>un tasso si sofferenze nettamente inferiore rispetto alla media del sistema bancario<\/b>. A fine 2013 le sofferenze erano per Banca Etica il 2,02% contro il 7,7% della media del sistema bancario.<\/p>\n<p>Le organizzazioni e le imprese che hanno ricevuto un finanziamento da Banca Etica in questi 15 anni hanno ricevuto da parte di ALTIS un questionario, dal quale \u00e8 emerso che:<\/p>\n<p>\u2022 il <b>63% <\/b>dei soggetti finanziati<b> <\/b>ritiene che la collaborazione con Banca Etica abbia <b>aumentato le proprie possibilit\u00e0 di fare rete<\/b>. La rete come sistema capace di rafforzare e amplificare l&#8217;azione delle tante piccole eccellenze italiane nel campo dell&#8217;economia civile \u00e8 uno dei fattori che maggiormente caratterizza la visione economica di Banca Etica.<br \/>\n\u2022 Il <b>62%<\/b> afferma che la collaborazione con Banca Etica ha permesso di <b>valorizzare le capacit\u00e0 dei propri collaboratori<\/b><br \/>\n\u2022 per il <b>52%<\/b> rivolgersi a Banca Etica ha permesso di <b>creare nuovi posti di lavoro<\/b><br \/>\n\u2022 per il <b>51%<\/b> il finanziamento di Banca Etica ha permesso di <b>aumentare il reddito<\/b><br \/>\n\u2022 il<b> 44% <\/b>dei clienti finanziati ritiene di aver conseguito un<b> risparmio economico <\/b>rivolgendosi a Banca Etica.<br \/>\n\u2022 Per l\u2019<b>82% <\/b>il finanziamento ottenuto da Banca Etica \u00e8 stato<b> \u201ccondizione necessaria\u201d <\/b>per svolgere l\u2019attivit\u00e0.<br \/>\n\u2022 Il <b>47%<\/b> dei clienti ha ottenuto il finanziamento da Banca Etica dopo che una o pi\u00f9 banche avevano rifiutato di concederlo.<br \/>\n\u2022 I finanziamenti concessi da Banca Etica per l&#8217;installazione di impianti per le energie da fonti rinnovabili hanno permesso di <b>evitare \u2013 ogni anno \u2013<\/b> <b>l&#8217;emissione di oltre 25mila tonnellate<\/b> di CO2, con un risparmio per la collettivit\u00e0 quantificabile in 410mila euro l&#8217;anno.<\/p>\n<p><b>Per leggere la versione integrale e l&#8217;abstract della ricerca visita <\/b><a href=\"http:\/\/www.bancaetica.it\/impattosociale\" target=\"_blank\"> <b>www.bancaetica.it\/<wbr \/>impattosociale<\/b><\/a><\/p>\n","protected":false},"excerpt":{"rendered":"<p>Presentata oggi a Roma la ricerca di ALTIS-Universit\u00e0 Cattolica di Milano sull&#8217;impatto sociale del primo istituto di credito interamente dedito alla finanza etica Roma, 4 marzo 2014_Un miliardo e 800milioni euro messi in circolazione per finanziare migliaia di famiglie e&hellip;<\/p>\n","protected":false},"author":883,"featured_media":0,"comment_status":"closed","ping_status":"open","sticky":false,"template":"","format":"standard","meta":{"footnotes":""},"categories":[150,62,47],"tags":[1569,9372,9371],"class_list":["post-91349","post","type-post","status-publish","format-standard","hentry","category-comunicati-stampa","category-economia","category-europa","tag-banca-etica","tag-economia-sociale","tag-economia-solidale"],"yoast_head":"<!-- This site is optimized with the Yoast SEO plugin v27.1.1 - https:\/\/yoast.com\/product\/yoast-seo-wordpress\/ -->\n<title>15 anni di Banca Etica: risorse concrete per l&#039;economia sociale e le famiglie<\/title>\n<meta name=\"description\" content=\"Presentata oggi a Roma la ricerca di ALTIS-Universit\u00e0 Cattolica di Milano sull&#039;impatto sociale del primo istituto di credito interamente dedito alla\" \/>\n<meta name=\"robots\" content=\"index, follow, max-snippet:-1, max-image-preview:large, max-video-preview:-1\" \/>\n<link rel=\"canonical\" href=\"https:\/\/www.pressenza.com\/it\/2014\/03\/15-anni-di-banca-etica-risorse-concrete-per-leconomia-sociale-e-le-famiglie\/\" \/>\n<meta property=\"og:locale\" content=\"it_IT\" \/>\n<meta property=\"og:type\" content=\"article\" \/>\n<meta property=\"og:title\" content=\"15 anni di Banca Etica: risorse concrete per l&#039;economia sociale e le famiglie\" \/>\n<meta property=\"og:description\" content=\"Presentata oggi a Roma la ricerca di ALTIS-Universit\u00e0 Cattolica di Milano sull&#039;impatto sociale del primo istituto di credito interamente dedito alla\" \/>\n<meta property=\"og:url\" content=\"https:\/\/www.pressenza.com\/it\/2014\/03\/15-anni-di-banca-etica-risorse-concrete-per-leconomia-sociale-e-le-famiglie\/\" \/>\n<meta property=\"og:site_name\" content=\"Pressenza\" \/>\n<meta property=\"article:publisher\" content=\"https:\/\/www.facebook.com\/PressenzaItalia\" \/>\n<meta property=\"article:published_time\" content=\"2014-03-04T15:50:07+00:00\" \/>\n<meta property=\"article:modified_time\" content=\"2014-03-04T15:52:05+00:00\" \/>\n<meta property=\"og:image\" content=\"https:\/\/www.pressenza.com\/wp-content\/uploads\/2012\/11\/logo-banca-etica.png\" \/>\n<meta name=\"author\" content=\"Banca Popolare Etica\" \/>\n<meta name=\"twitter:card\" content=\"summary_large_image\" \/>\n<meta name=\"twitter:creator\" content=\"@bancaetica\" \/>\n<meta name=\"twitter:site\" content=\"@PressenzaIPA\" \/>\n<meta name=\"twitter:label1\" content=\"Scritto da\" \/>\n\t<meta name=\"twitter:data1\" content=\"Banca Popolare Etica\" \/>\n\t<meta name=\"twitter:label2\" content=\"Tempo di lettura stimato\" \/>\n\t<meta name=\"twitter:data2\" content=\"7 minuti\" \/>\n<script type=\"application\/ld+json\" class=\"yoast-schema-graph\">{\"@context\":\"https:\/\/schema.org\",\"@graph\":[{\"@type\":\"Article\",\"@id\":\"https:\/\/www.pressenza.com\/it\/2014\/03\/15-anni-di-banca-etica-risorse-concrete-per-leconomia-sociale-e-le-famiglie\/#article\",\"isPartOf\":{\"@id\":\"https:\/\/www.pressenza.com\/it\/2014\/03\/15-anni-di-banca-etica-risorse-concrete-per-leconomia-sociale-e-le-famiglie\/\"},\"author\":{\"name\":\"Banca Popolare Etica\",\"@id\":\"https:\/\/www.pressenza.com\/it\/#\/schema\/person\/b164e7f30b0ba3d01d3d8a1a44c1a98a\"},\"headline\":\"15 anni di Banca Etica: risorse concrete per l&#8217;economia sociale e le famiglie\",\"datePublished\":\"2014-03-04T15:50:07+00:00\",\"dateModified\":\"2014-03-04T15:52:05+00:00\",\"mainEntityOfPage\":{\"@id\":\"https:\/\/www.pressenza.com\/it\/2014\/03\/15-anni-di-banca-etica-risorse-concrete-per-leconomia-sociale-e-le-famiglie\/\"},\"wordCount\":1530,\"publisher\":{\"@id\":\"https:\/\/www.pressenza.com\/it\/#organization\"},\"image\":{\"@id\":\"https:\/\/www.pressenza.com\/it\/2014\/03\/15-anni-di-banca-etica-risorse-concrete-per-leconomia-sociale-e-le-famiglie\/#primaryimage\"},\"thumbnailUrl\":\"https:\/\/www.pressenza.com\/wp-content\/uploads\/2012\/11\/logo-banca-etica.png\",\"keywords\":[\"Banca Etica\",\"economia sociale\",\"economia solidale\"],\"articleSection\":[\"Comunicati Stampa\",\"Economia\",\"Europa\"],\"inLanguage\":\"it-IT\"},{\"@type\":\"WebPage\",\"@id\":\"https:\/\/www.pressenza.com\/it\/2014\/03\/15-anni-di-banca-etica-risorse-concrete-per-leconomia-sociale-e-le-famiglie\/\",\"url\":\"https:\/\/www.pressenza.com\/it\/2014\/03\/15-anni-di-banca-etica-risorse-concrete-per-leconomia-sociale-e-le-famiglie\/\",\"name\":\"15 anni di Banca Etica: risorse concrete per l'economia sociale e le famiglie\",\"isPartOf\":{\"@id\":\"https:\/\/www.pressenza.com\/it\/#website\"},\"primaryImageOfPage\":{\"@id\":\"https:\/\/www.pressenza.com\/it\/2014\/03\/15-anni-di-banca-etica-risorse-concrete-per-leconomia-sociale-e-le-famiglie\/#primaryimage\"},\"image\":{\"@id\":\"https:\/\/www.pressenza.com\/it\/2014\/03\/15-anni-di-banca-etica-risorse-concrete-per-leconomia-sociale-e-le-famiglie\/#primaryimage\"},\"thumbnailUrl\":\"https:\/\/www.pressenza.com\/wp-content\/uploads\/2012\/11\/logo-banca-etica.png\",\"datePublished\":\"2014-03-04T15:50:07+00:00\",\"dateModified\":\"2014-03-04T15:52:05+00:00\",\"description\":\"Presentata oggi a Roma la ricerca di ALTIS-Universit\u00e0 Cattolica di Milano sull'impatto sociale del primo istituto di credito interamente dedito alla\",\"breadcrumb\":{\"@id\":\"https:\/\/www.pressenza.com\/it\/2014\/03\/15-anni-di-banca-etica-risorse-concrete-per-leconomia-sociale-e-le-famiglie\/#breadcrumb\"},\"inLanguage\":\"it-IT\",\"potentialAction\":[{\"@type\":\"ReadAction\",\"target\":[\"https:\/\/www.pressenza.com\/it\/2014\/03\/15-anni-di-banca-etica-risorse-concrete-per-leconomia-sociale-e-le-famiglie\/\"]}]},{\"@type\":\"ImageObject\",\"inLanguage\":\"it-IT\",\"@id\":\"https:\/\/www.pressenza.com\/it\/2014\/03\/15-anni-di-banca-etica-risorse-concrete-per-leconomia-sociale-e-le-famiglie\/#primaryimage\",\"url\":\"https:\/\/www.pressenza.com\/wp-content\/uploads\/2012\/11\/logo-banca-etica.png\",\"contentUrl\":\"https:\/\/www.pressenza.com\/wp-content\/uploads\/2012\/11\/logo-banca-etica.png\"},{\"@type\":\"BreadcrumbList\",\"@id\":\"https:\/\/www.pressenza.com\/it\/2014\/03\/15-anni-di-banca-etica-risorse-concrete-per-leconomia-sociale-e-le-famiglie\/#breadcrumb\",\"itemListElement\":[{\"@type\":\"ListItem\",\"position\":1,\"name\":\"Accueil\",\"item\":\"https:\/\/www.pressenza.com\/it\/\"},{\"@type\":\"ListItem\",\"position\":2,\"name\":\"15 anni di Banca Etica: risorse concrete per l&#8217;economia sociale e le famiglie\"}]},{\"@type\":\"WebSite\",\"@id\":\"https:\/\/www.pressenza.com\/it\/#website\",\"url\":\"https:\/\/www.pressenza.com\/it\/\",\"name\":\"Pressenza\",\"description\":\"Agenzia di Stampa Internazionale\",\"publisher\":{\"@id\":\"https:\/\/www.pressenza.com\/it\/#organization\"},\"potentialAction\":[{\"@type\":\"SearchAction\",\"target\":{\"@type\":\"EntryPoint\",\"urlTemplate\":\"https:\/\/www.pressenza.com\/it\/?s={search_term_string}\"},\"query-input\":{\"@type\":\"PropertyValueSpecification\",\"valueRequired\":true,\"valueName\":\"search_term_string\"}}],\"inLanguage\":\"it-IT\"},{\"@type\":\"Organization\",\"@id\":\"https:\/\/www.pressenza.com\/it\/#organization\",\"name\":\"Pressenza\",\"url\":\"https:\/\/www.pressenza.com\/it\/\",\"logo\":{\"@type\":\"ImageObject\",\"inLanguage\":\"it-IT\",\"@id\":\"https:\/\/www.pressenza.com\/it\/#\/schema\/logo\/image\/\",\"url\":\"https:\/\/www.pressenza.com\/wp-content\/uploads\/2022\/10\/pressenza_logo_200x200.jpg\",\"contentUrl\":\"https:\/\/www.pressenza.com\/wp-content\/uploads\/2022\/10\/pressenza_logo_200x200.jpg\",\"width\":200,\"height\":200,\"caption\":\"Pressenza\"},\"image\":{\"@id\":\"https:\/\/www.pressenza.com\/it\/#\/schema\/logo\/image\/\"},\"sameAs\":[\"https:\/\/www.facebook.com\/PressenzaItalia\",\"https:\/\/x.com\/PressenzaIPA\"]},{\"@type\":\"Person\",\"@id\":\"https:\/\/www.pressenza.com\/it\/#\/schema\/person\/b164e7f30b0ba3d01d3d8a1a44c1a98a\",\"name\":\"Banca Popolare Etica\",\"description\":\"Banca Etica propone un\u2019esperienza bancaria diversa, offre tutti i principali prodotti e servizi bancari per privati e famiglie o per organizzazioni e imprese. www.bancaetica.it\",\"sameAs\":[\"https:\/\/x.com\/bancaetica\"],\"url\":\"https:\/\/www.pressenza.com\/it\/author\/banca-popolare-etica\/\"}]}<\/script>\n<!-- \/ Yoast SEO plugin. -->","yoast_head_json":{"title":"15 anni di Banca Etica: risorse concrete per l'economia sociale e le famiglie","description":"Presentata oggi a Roma la ricerca di ALTIS-Universit\u00e0 Cattolica di Milano sull'impatto sociale del primo istituto di credito interamente dedito alla","robots":{"index":"index","follow":"follow","max-snippet":"max-snippet:-1","max-image-preview":"max-image-preview:large","max-video-preview":"max-video-preview:-1"},"canonical":"https:\/\/www.pressenza.com\/it\/2014\/03\/15-anni-di-banca-etica-risorse-concrete-per-leconomia-sociale-e-le-famiglie\/","og_locale":"it_IT","og_type":"article","og_title":"15 anni di Banca Etica: risorse concrete per l'economia sociale e le famiglie","og_description":"Presentata oggi a Roma la ricerca di ALTIS-Universit\u00e0 Cattolica di Milano sull'impatto sociale del primo istituto di credito interamente dedito alla","og_url":"https:\/\/www.pressenza.com\/it\/2014\/03\/15-anni-di-banca-etica-risorse-concrete-per-leconomia-sociale-e-le-famiglie\/","og_site_name":"Pressenza","article_publisher":"https:\/\/www.facebook.com\/PressenzaItalia","article_published_time":"2014-03-04T15:50:07+00:00","article_modified_time":"2014-03-04T15:52:05+00:00","og_image":[{"url":"https:\/\/www.pressenza.com\/wp-content\/uploads\/2012\/11\/logo-banca-etica.png","type":"","width":"","height":""}],"author":"Banca Popolare Etica","twitter_card":"summary_large_image","twitter_creator":"@bancaetica","twitter_site":"@PressenzaIPA","twitter_misc":{"Scritto da":"Banca Popolare Etica","Tempo di lettura stimato":"7 minuti"},"schema":{"@context":"https:\/\/schema.org","@graph":[{"@type":"Article","@id":"https:\/\/www.pressenza.com\/it\/2014\/03\/15-anni-di-banca-etica-risorse-concrete-per-leconomia-sociale-e-le-famiglie\/#article","isPartOf":{"@id":"https:\/\/www.pressenza.com\/it\/2014\/03\/15-anni-di-banca-etica-risorse-concrete-per-leconomia-sociale-e-le-famiglie\/"},"author":{"name":"Banca Popolare Etica","@id":"https:\/\/www.pressenza.com\/it\/#\/schema\/person\/b164e7f30b0ba3d01d3d8a1a44c1a98a"},"headline":"15 anni di Banca Etica: risorse concrete per l&#8217;economia sociale e le famiglie","datePublished":"2014-03-04T15:50:07+00:00","dateModified":"2014-03-04T15:52:05+00:00","mainEntityOfPage":{"@id":"https:\/\/www.pressenza.com\/it\/2014\/03\/15-anni-di-banca-etica-risorse-concrete-per-leconomia-sociale-e-le-famiglie\/"},"wordCount":1530,"publisher":{"@id":"https:\/\/www.pressenza.com\/it\/#organization"},"image":{"@id":"https:\/\/www.pressenza.com\/it\/2014\/03\/15-anni-di-banca-etica-risorse-concrete-per-leconomia-sociale-e-le-famiglie\/#primaryimage"},"thumbnailUrl":"https:\/\/www.pressenza.com\/wp-content\/uploads\/2012\/11\/logo-banca-etica.png","keywords":["Banca Etica","economia sociale","economia solidale"],"articleSection":["Comunicati Stampa","Economia","Europa"],"inLanguage":"it-IT"},{"@type":"WebPage","@id":"https:\/\/www.pressenza.com\/it\/2014\/03\/15-anni-di-banca-etica-risorse-concrete-per-leconomia-sociale-e-le-famiglie\/","url":"https:\/\/www.pressenza.com\/it\/2014\/03\/15-anni-di-banca-etica-risorse-concrete-per-leconomia-sociale-e-le-famiglie\/","name":"15 anni di Banca Etica: risorse concrete per l'economia sociale e le famiglie","isPartOf":{"@id":"https:\/\/www.pressenza.com\/it\/#website"},"primaryImageOfPage":{"@id":"https:\/\/www.pressenza.com\/it\/2014\/03\/15-anni-di-banca-etica-risorse-concrete-per-leconomia-sociale-e-le-famiglie\/#primaryimage"},"image":{"@id":"https:\/\/www.pressenza.com\/it\/2014\/03\/15-anni-di-banca-etica-risorse-concrete-per-leconomia-sociale-e-le-famiglie\/#primaryimage"},"thumbnailUrl":"https:\/\/www.pressenza.com\/wp-content\/uploads\/2012\/11\/logo-banca-etica.png","datePublished":"2014-03-04T15:50:07+00:00","dateModified":"2014-03-04T15:52:05+00:00","description":"Presentata oggi a Roma la ricerca di ALTIS-Universit\u00e0 Cattolica di Milano sull'impatto sociale del primo istituto di credito interamente dedito alla","breadcrumb":{"@id":"https:\/\/www.pressenza.com\/it\/2014\/03\/15-anni-di-banca-etica-risorse-concrete-per-leconomia-sociale-e-le-famiglie\/#breadcrumb"},"inLanguage":"it-IT","potentialAction":[{"@type":"ReadAction","target":["https:\/\/www.pressenza.com\/it\/2014\/03\/15-anni-di-banca-etica-risorse-concrete-per-leconomia-sociale-e-le-famiglie\/"]}]},{"@type":"ImageObject","inLanguage":"it-IT","@id":"https:\/\/www.pressenza.com\/it\/2014\/03\/15-anni-di-banca-etica-risorse-concrete-per-leconomia-sociale-e-le-famiglie\/#primaryimage","url":"https:\/\/www.pressenza.com\/wp-content\/uploads\/2012\/11\/logo-banca-etica.png","contentUrl":"https:\/\/www.pressenza.com\/wp-content\/uploads\/2012\/11\/logo-banca-etica.png"},{"@type":"BreadcrumbList","@id":"https:\/\/www.pressenza.com\/it\/2014\/03\/15-anni-di-banca-etica-risorse-concrete-per-leconomia-sociale-e-le-famiglie\/#breadcrumb","itemListElement":[{"@type":"ListItem","position":1,"name":"Accueil","item":"https:\/\/www.pressenza.com\/it\/"},{"@type":"ListItem","position":2,"name":"15 anni di Banca Etica: risorse concrete per l&#8217;economia sociale e le famiglie"}]},{"@type":"WebSite","@id":"https:\/\/www.pressenza.com\/it\/#website","url":"https:\/\/www.pressenza.com\/it\/","name":"Pressenza","description":"Agenzia di Stampa Internazionale","publisher":{"@id":"https:\/\/www.pressenza.com\/it\/#organization"},"potentialAction":[{"@type":"SearchAction","target":{"@type":"EntryPoint","urlTemplate":"https:\/\/www.pressenza.com\/it\/?s={search_term_string}"},"query-input":{"@type":"PropertyValueSpecification","valueRequired":true,"valueName":"search_term_string"}}],"inLanguage":"it-IT"},{"@type":"Organization","@id":"https:\/\/www.pressenza.com\/it\/#organization","name":"Pressenza","url":"https:\/\/www.pressenza.com\/it\/","logo":{"@type":"ImageObject","inLanguage":"it-IT","@id":"https:\/\/www.pressenza.com\/it\/#\/schema\/logo\/image\/","url":"https:\/\/www.pressenza.com\/wp-content\/uploads\/2022\/10\/pressenza_logo_200x200.jpg","contentUrl":"https:\/\/www.pressenza.com\/wp-content\/uploads\/2022\/10\/pressenza_logo_200x200.jpg","width":200,"height":200,"caption":"Pressenza"},"image":{"@id":"https:\/\/www.pressenza.com\/it\/#\/schema\/logo\/image\/"},"sameAs":["https:\/\/www.facebook.com\/PressenzaItalia","https:\/\/x.com\/PressenzaIPA"]},{"@type":"Person","@id":"https:\/\/www.pressenza.com\/it\/#\/schema\/person\/b164e7f30b0ba3d01d3d8a1a44c1a98a","name":"Banca Popolare Etica","description":"Banca Etica propone un\u2019esperienza bancaria diversa, offre tutti i principali prodotti e servizi bancari per privati e famiglie o per organizzazioni e imprese. www.bancaetica.it","sameAs":["https:\/\/x.com\/bancaetica"],"url":"https:\/\/www.pressenza.com\/it\/author\/banca-popolare-etica\/"}]}},"place":"","original_article_url":"","_links":{"self":[{"href":"https:\/\/www.pressenza.com\/it\/wp-json\/wp\/v2\/posts\/91349","targetHints":{"allow":["GET"]}}],"collection":[{"href":"https:\/\/www.pressenza.com\/it\/wp-json\/wp\/v2\/posts"}],"about":[{"href":"https:\/\/www.pressenza.com\/it\/wp-json\/wp\/v2\/types\/post"}],"author":[{"embeddable":true,"href":"https:\/\/www.pressenza.com\/it\/wp-json\/wp\/v2\/users\/883"}],"replies":[{"embeddable":true,"href":"https:\/\/www.pressenza.com\/it\/wp-json\/wp\/v2\/comments?post=91349"}],"version-history":[{"count":0,"href":"https:\/\/www.pressenza.com\/it\/wp-json\/wp\/v2\/posts\/91349\/revisions"}],"wp:attachment":[{"href":"https:\/\/www.pressenza.com\/it\/wp-json\/wp\/v2\/media?parent=91349"}],"wp:term":[{"taxonomy":"category","embeddable":true,"href":"https:\/\/www.pressenza.com\/it\/wp-json\/wp\/v2\/categories?post=91349"},{"taxonomy":"post_tag","embeddable":true,"href":"https:\/\/www.pressenza.com\/it\/wp-json\/wp\/v2\/tags?post=91349"}],"curies":[{"name":"wp","href":"https:\/\/api.w.org\/{rel}","templated":true}]}}