{"id":912351,"date":"2019-09-04T11:33:52","date_gmt":"2019-09-04T10:33:52","guid":{"rendered":"https:\/\/www.pressenza.com\/?p=912351"},"modified":"2019-09-04T11:33:52","modified_gmt":"2019-09-04T10:33:52","slug":"rapporto-onu-incitamento-allodio-e-criminalizzazione-della-solidarieta-sono-un-problema-in-italia","status":"publish","type":"post","link":"https:\/\/www.pressenza.com\/it\/2019\/09\/rapporto-onu-incitamento-allodio-e-criminalizzazione-della-solidarieta-sono-un-problema-in-italia\/","title":{"rendered":"Rapporto Onu: incitamento all\u2019odio e criminalizzazione della solidariet\u00e0 sono un problema in Italia"},"content":{"rendered":"<p>Un quadro preoccupante di un paese, l\u2019Italia, che nel 2018 \u00e8 stato segnato da un forte incremento degli episodi di discriminazione \u00e8 quello che emerge dal\u00a0<a href=\"https:\/\/www.ohchr.org\/Documents\/Countries\/IT\/ItalyMissionReport.pdf\">rapporto diffuso dall\u2019Alto commissario per i diritti umani delle Nazioni Unite<\/a>.<\/p>\n<p>La diffusione del linguaggio dell\u2019odio in Italia \u00e8 ormai un problema acclarato a livello internazionale.<\/p>\n<p>Nel Rapporto, l\u2019Alto Commissariato delle Nazioni Unite evidenzia l\u2019<strong>emergere di discorsi razzisti<\/strong>\u00a0basati su\u00a0<strong>stereotipi negativi<\/strong>\u00a0contro i\u00a0<strong>migranti<\/strong>, i\u00a0<strong>musulmani<\/strong>, le\u00a0<strong>persone di origine africana<\/strong>, le\u00a0<strong>comunit\u00e0 rom<\/strong>,\u00a0<strong>sinti<\/strong>\u00a0e\u00a0<strong>caminanti<\/strong>.<\/p>\n<p>Sono i discorsi dei politici e i media le vie attraverso le quali i discorsi razzisti trovano maggiore eco: a\u00a0incoraggiare la crescita dell\u2019intolleranza, dell\u2019odio religioso e della xenofobia sono alcuni leader politici e talvolta gli stessi membri del governo.<\/p>\n<p><em>Sicurezza<\/em>\u00a0e\u00a0<em>difesa dell\u2019identit\u00e0 nazionale<\/em>, sono le parole chiave di tali discorsi, che si fondano sulla criminalizzazione della migrazione e sul principio \u201cprima gli italiani\u201d di fronte alla crisi economica.<\/p>\n<p>\u201c<em>Un modo per rendere la discriminazione razziale socialmente pi\u00f9 accettabile. Le conseguenze sono evidenti: una\u00a0escalation\u00a0di \u2018hate incidents\u2019\u00a0contro singoli o gruppi per motivi etnici, del colore della pelle, della razza o dello status di immigrato<\/em>\u201c, si legge nel rapporto.<\/p>\n<p>A volte sono le leggi stesse che, sempre secondo il rapporto, contribuiscono a rafforzare questo clima.<\/p>\n<p>Un esempio eclatante \u00e8 quello del \u201c<strong>decreto sicurezza<\/strong>\u201d che stabilisce una relazione tra immigrazione e sicurezza, \u201c<em>rafforzando in tale modo una percezione discriminante che stigmatizza e associa i migranti e le minoranze alla criminalit\u00e0<\/em>\u201c.<\/p>\n<p>Degli hate speech e della diffusione di un linguaggio d\u2019odio ne abbiamo parlato in maniera approfondita attraverso il nostro barometro dell\u2019odio.<\/p>\n<p>HATE SPEECH: IL NOSTRO RAPPORTO<\/p>\n<p>Nel clima di\u00a0<strong>costante campagna elettorale<\/strong>\u00a0che caratterizza il dibattito politico in Italia, l\u2019<strong>hate speech<\/strong>\u00a0\u00e8 costantemente diffuso e\u00a0<strong>raggiunge picchi di intensit\u00e0 in prossimit\u00e0 degli appuntamenti elettorali<\/strong>. Per questo motivo abbiamo deciso di continuare, seppur con obiettivi diversi e modalit\u00e0 aggiornate, il lavoro di monitoraggio dei discorsi di odio online avviato nel 2018, in occasione delle elezioni politiche.<\/p>\n<p>Dal 26 aprile al 24 maggio, i nostri attivisti hanno monitorato su Facebook e Twitter il linguaggio di tutti i candidati alle elezioni europee e dei candidati sindaci alle elezioni amministrative, osservando le reazioni e risposte degli utenti per rilevare eventuali correlazioni tra toni e messaggi veicolati dalla politica e sentimento delle persone rispetto a determinati temi e gruppi di persone.<\/p>\n<p>Il risultato \u00e8 che pi\u00f9 di<strong>\u00a01 contenuto su 10 (il 11,5%)<\/strong>\u00a0dei 100.000 post, tweet e commenti valutati\u00a0<strong>\u00e8 risultato essere offensivo e\/o discriminatorio o contenente hate speech<\/strong>.<\/p>\n<p><a href=\"https:\/\/www.amnesty.it\/scarica-report\/?url=\/2019\/05\/29202706\/Amnesty-barometro-odio-2019.pdf\"><strong>\u00a0SCARICA IL REPORT<\/strong><\/a><\/p>\n<p>LA CRIMINALIZZAZIONE DELLA SOLIDARIET\u00c0<\/p>\n<p>Dal rapporto diffuso dall\u2019Alto commissario per i diritti umani delle Nazioni Unite emerge anche un altro dato preoccupante: la criminalizzazione della solidariet\u00e0, e in particolare, delle\u00a0<strong>associazioni<\/strong>\u00a0della societ\u00e0 civile impegnate nelle\u00a0<strong>operazioni di soccorso nel mare Mediterraneo<\/strong>.<\/p>\n<p>Una\u00a0<strong>campagna<\/strong>\u00a0che il documento definisce\u00a0<strong>diffamatoria<\/strong>.<\/p>\n<p>Tutto ci\u00f2 non pu\u00f2 essere ricondotto a singoli casi. Il linguaggio dell\u2019odio, riporta il documento, \u00e8 stato \u2018normalizzato\u2019 e la manifestazione dell\u2019odio \u00e8 divenuta accettabile.\u00a0Perch\u00e9 questo linguaggio \u00e8 nello stesso tempo espressione ed elemento costruttore di culture diffuse.<\/p>\n<p>Ed \u00e8 proprio sul piano culturale che occorre agire. La diffusione di una cultura dei diritti \u00e8 uno dei terreni su cui si gioca la sfida della prevenzione e della tutela delle persone pi\u00f9 vulnerabili.<\/p>\n<p>&nbsp;<\/p>\n","protected":false},"excerpt":{"rendered":"<p>Un quadro preoccupante di un paese, l\u2019Italia, che nel 2018 \u00e8 stato segnato da un forte incremento degli episodi di discriminazione \u00e8 quello che emerge dal\u00a0rapporto diffuso dall\u2019Alto commissario per i diritti umani delle Nazioni Unite. La diffusione del linguaggio&hellip;<\/p>\n","protected":false},"author":432,"featured_media":912352,"comment_status":"closed","ping_status":"closed","sticky":false,"template":"","format":"standard","meta":{"footnotes":""},"categories":[150,60,47],"tags":[45354,56464,618],"class_list":["post-912351","post","type-post","status-publish","format-standard","has-post-thumbnail","hentry","category-comunicati-stampa","category-diritti-umani","category-europa","tag-criminalizzazione-della-solidarieta","tag-hate-speech-it","tag-rapporto-onu"],"yoast_head":"<!-- This site is optimized with the Yoast SEO plugin v27.1.1 - https:\/\/yoast.com\/product\/yoast-seo-wordpress\/ -->\n<title>Rapporto Onu: incitamento all\u2019odio e criminalizzazione della solidariet\u00e0 sono un problema in Italia<\/title>\n<meta name=\"description\" content=\"Un quadro preoccupante di un paese, l\u2019Italia, che nel 2018 \u00e8 stato segnato da un forte incremento degli episodi di discriminazione \u00e8 quello che emerge\" \/>\n<meta name=\"robots\" content=\"index, follow, max-snippet:-1, max-image-preview:large, max-video-preview:-1\" \/>\n<link rel=\"canonical\" href=\"https:\/\/www.pressenza.com\/it\/2019\/09\/rapporto-onu-incitamento-allodio-e-criminalizzazione-della-solidarieta-sono-un-problema-in-italia\/\" \/>\n<meta property=\"og:locale\" content=\"it_IT\" \/>\n<meta property=\"og:type\" content=\"article\" \/>\n<meta property=\"og:title\" content=\"Rapporto Onu: incitamento all\u2019odio e criminalizzazione della solidariet\u00e0 sono un problema in Italia\" \/>\n<meta property=\"og:description\" content=\"Un quadro preoccupante di un paese, l\u2019Italia, che nel 2018 \u00e8 stato segnato da un forte incremento degli episodi di discriminazione \u00e8 quello che emerge\" \/>\n<meta property=\"og:url\" content=\"https:\/\/www.pressenza.com\/it\/2019\/09\/rapporto-onu-incitamento-allodio-e-criminalizzazione-della-solidarieta-sono-un-problema-in-italia\/\" \/>\n<meta property=\"og:site_name\" content=\"Pressenza\" \/>\n<meta property=\"article:publisher\" content=\"https:\/\/www.facebook.com\/PressenzaItalia\" \/>\n<meta property=\"article:author\" content=\"https:\/\/www.facebook.com\/amnestyglobal\" \/>\n<meta property=\"article:published_time\" content=\"2019-09-04T10:33:52+00:00\" \/>\n<meta property=\"og:image\" content=\"https:\/\/www.pressenza.com\/wp-content\/uploads\/2019\/09\/barometro-odio.jpg\" \/>\n\t<meta property=\"og:image:width\" content=\"1920\" \/>\n\t<meta property=\"og:image:height\" content=\"700\" \/>\n\t<meta property=\"og:image:type\" content=\"image\/jpeg\" \/>\n<meta name=\"author\" content=\"Amnesty International\" \/>\n<meta name=\"twitter:card\" content=\"summary_large_image\" \/>\n<meta name=\"twitter:creator\" content=\"@amnesty\" \/>\n<meta name=\"twitter:site\" content=\"@PressenzaIPA\" \/>\n<meta name=\"twitter:label1\" content=\"Scritto da\" \/>\n\t<meta name=\"twitter:data1\" content=\"Amnesty International\" \/>\n\t<meta name=\"twitter:label2\" content=\"Tempo di lettura stimato\" \/>\n\t<meta name=\"twitter:data2\" content=\"3 minuti\" \/>\n<script type=\"application\/ld+json\" class=\"yoast-schema-graph\">{\"@context\":\"https:\/\/schema.org\",\"@graph\":[{\"@type\":\"Article\",\"@id\":\"https:\/\/www.pressenza.com\/it\/2019\/09\/rapporto-onu-incitamento-allodio-e-criminalizzazione-della-solidarieta-sono-un-problema-in-italia\/#article\",\"isPartOf\":{\"@id\":\"https:\/\/www.pressenza.com\/it\/2019\/09\/rapporto-onu-incitamento-allodio-e-criminalizzazione-della-solidarieta-sono-un-problema-in-italia\/\"},\"author\":{\"name\":\"Amnesty International\",\"@id\":\"https:\/\/www.pressenza.com\/it\/#\/schema\/person\/9b981b05c7ecf09292e6acb3223b2d9d\"},\"headline\":\"Rapporto Onu: incitamento all\u2019odio e criminalizzazione della solidariet\u00e0 sono un problema in Italia\",\"datePublished\":\"2019-09-04T10:33:52+00:00\",\"mainEntityOfPage\":{\"@id\":\"https:\/\/www.pressenza.com\/it\/2019\/09\/rapporto-onu-incitamento-allodio-e-criminalizzazione-della-solidarieta-sono-un-problema-in-italia\/\"},\"wordCount\":556,\"publisher\":{\"@id\":\"https:\/\/www.pressenza.com\/it\/#organization\"},\"image\":{\"@id\":\"https:\/\/www.pressenza.com\/it\/2019\/09\/rapporto-onu-incitamento-allodio-e-criminalizzazione-della-solidarieta-sono-un-problema-in-italia\/#primaryimage\"},\"thumbnailUrl\":\"https:\/\/www.pressenza.com\/wp-content\/uploads\/2019\/09\/barometro-odio.jpg\",\"keywords\":[\"criminalizzazione della solidariet\u00e0\",\"hate speech\",\"rapporto ONU\"],\"articleSection\":[\"Comunicati Stampa\",\"Diritti Umani\",\"Europa\"],\"inLanguage\":\"it-IT\"},{\"@type\":\"WebPage\",\"@id\":\"https:\/\/www.pressenza.com\/it\/2019\/09\/rapporto-onu-incitamento-allodio-e-criminalizzazione-della-solidarieta-sono-un-problema-in-italia\/\",\"url\":\"https:\/\/www.pressenza.com\/it\/2019\/09\/rapporto-onu-incitamento-allodio-e-criminalizzazione-della-solidarieta-sono-un-problema-in-italia\/\",\"name\":\"Rapporto Onu: incitamento all\u2019odio e criminalizzazione della solidariet\u00e0 sono un problema in Italia\",\"isPartOf\":{\"@id\":\"https:\/\/www.pressenza.com\/it\/#website\"},\"primaryImageOfPage\":{\"@id\":\"https:\/\/www.pressenza.com\/it\/2019\/09\/rapporto-onu-incitamento-allodio-e-criminalizzazione-della-solidarieta-sono-un-problema-in-italia\/#primaryimage\"},\"image\":{\"@id\":\"https:\/\/www.pressenza.com\/it\/2019\/09\/rapporto-onu-incitamento-allodio-e-criminalizzazione-della-solidarieta-sono-un-problema-in-italia\/#primaryimage\"},\"thumbnailUrl\":\"https:\/\/www.pressenza.com\/wp-content\/uploads\/2019\/09\/barometro-odio.jpg\",\"datePublished\":\"2019-09-04T10:33:52+00:00\",\"description\":\"Un quadro preoccupante di un paese, l\u2019Italia, che nel 2018 \u00e8 stato segnato da un forte incremento degli episodi di discriminazione \u00e8 quello che emerge\",\"breadcrumb\":{\"@id\":\"https:\/\/www.pressenza.com\/it\/2019\/09\/rapporto-onu-incitamento-allodio-e-criminalizzazione-della-solidarieta-sono-un-problema-in-italia\/#breadcrumb\"},\"inLanguage\":\"it-IT\",\"potentialAction\":[{\"@type\":\"ReadAction\",\"target\":[\"https:\/\/www.pressenza.com\/it\/2019\/09\/rapporto-onu-incitamento-allodio-e-criminalizzazione-della-solidarieta-sono-un-problema-in-italia\/\"]}]},{\"@type\":\"ImageObject\",\"inLanguage\":\"it-IT\",\"@id\":\"https:\/\/www.pressenza.com\/it\/2019\/09\/rapporto-onu-incitamento-allodio-e-criminalizzazione-della-solidarieta-sono-un-problema-in-italia\/#primaryimage\",\"url\":\"https:\/\/www.pressenza.com\/wp-content\/uploads\/2019\/09\/barometro-odio.jpg\",\"contentUrl\":\"https:\/\/www.pressenza.com\/wp-content\/uploads\/2019\/09\/barometro-odio.jpg\",\"width\":1920,\"height\":700},{\"@type\":\"BreadcrumbList\",\"@id\":\"https:\/\/www.pressenza.com\/it\/2019\/09\/rapporto-onu-incitamento-allodio-e-criminalizzazione-della-solidarieta-sono-un-problema-in-italia\/#breadcrumb\",\"itemListElement\":[{\"@type\":\"ListItem\",\"position\":1,\"name\":\"Accueil\",\"item\":\"https:\/\/www.pressenza.com\/it\/\"},{\"@type\":\"ListItem\",\"position\":2,\"name\":\"Rapporto Onu: incitamento all\u2019odio e criminalizzazione della solidariet\u00e0 sono un problema in Italia\"}]},{\"@type\":\"WebSite\",\"@id\":\"https:\/\/www.pressenza.com\/it\/#website\",\"url\":\"https:\/\/www.pressenza.com\/it\/\",\"name\":\"Pressenza\",\"description\":\"Agenzia di Stampa Internazionale\",\"publisher\":{\"@id\":\"https:\/\/www.pressenza.com\/it\/#organization\"},\"potentialAction\":[{\"@type\":\"SearchAction\",\"target\":{\"@type\":\"EntryPoint\",\"urlTemplate\":\"https:\/\/www.pressenza.com\/it\/?s={search_term_string}\"},\"query-input\":{\"@type\":\"PropertyValueSpecification\",\"valueRequired\":true,\"valueName\":\"search_term_string\"}}],\"inLanguage\":\"it-IT\"},{\"@type\":\"Organization\",\"@id\":\"https:\/\/www.pressenza.com\/it\/#organization\",\"name\":\"Pressenza\",\"url\":\"https:\/\/www.pressenza.com\/it\/\",\"logo\":{\"@type\":\"ImageObject\",\"inLanguage\":\"it-IT\",\"@id\":\"https:\/\/www.pressenza.com\/it\/#\/schema\/logo\/image\/\",\"url\":\"https:\/\/www.pressenza.com\/wp-content\/uploads\/2022\/10\/pressenza_logo_200x200.jpg\",\"contentUrl\":\"https:\/\/www.pressenza.com\/wp-content\/uploads\/2022\/10\/pressenza_logo_200x200.jpg\",\"width\":200,\"height\":200,\"caption\":\"Pressenza\"},\"image\":{\"@id\":\"https:\/\/www.pressenza.com\/it\/#\/schema\/logo\/image\/\"},\"sameAs\":[\"https:\/\/www.facebook.com\/PressenzaItalia\",\"https:\/\/x.com\/PressenzaIPA\"]},{\"@type\":\"Person\",\"@id\":\"https:\/\/www.pressenza.com\/it\/#\/schema\/person\/9b981b05c7ecf09292e6acb3223b2d9d\",\"name\":\"Amnesty International\",\"description\":\"Amnesty International is a global movement of more than 3 million supporters, members and activists in over 150 countries and territories who campaign to end grave abuses of human rights. Our vision is for every person to enjoy all the rights enshrined in the Universal Declaration of Human Rights and other international human rights standards. www.amnesty.org\",\"sameAs\":[\"http:\/\/www.amnesty.it\",\"https:\/\/www.facebook.com\/amnestyglobal\",\"https:\/\/x.com\/amnesty\"],\"url\":\"https:\/\/www.pressenza.com\/it\/author\/amnesty-international\/\"}]}<\/script>\n<!-- \/ Yoast SEO plugin. -->","yoast_head_json":{"title":"Rapporto Onu: incitamento all\u2019odio e criminalizzazione della solidariet\u00e0 sono un problema in Italia","description":"Un quadro preoccupante di un paese, l\u2019Italia, che nel 2018 \u00e8 stato segnato da un forte incremento degli episodi di discriminazione \u00e8 quello che emerge","robots":{"index":"index","follow":"follow","max-snippet":"max-snippet:-1","max-image-preview":"max-image-preview:large","max-video-preview":"max-video-preview:-1"},"canonical":"https:\/\/www.pressenza.com\/it\/2019\/09\/rapporto-onu-incitamento-allodio-e-criminalizzazione-della-solidarieta-sono-un-problema-in-italia\/","og_locale":"it_IT","og_type":"article","og_title":"Rapporto Onu: incitamento all\u2019odio e criminalizzazione della solidariet\u00e0 sono un problema in Italia","og_description":"Un quadro preoccupante di un paese, l\u2019Italia, che nel 2018 \u00e8 stato segnato da un forte incremento degli episodi di discriminazione \u00e8 quello che emerge","og_url":"https:\/\/www.pressenza.com\/it\/2019\/09\/rapporto-onu-incitamento-allodio-e-criminalizzazione-della-solidarieta-sono-un-problema-in-italia\/","og_site_name":"Pressenza","article_publisher":"https:\/\/www.facebook.com\/PressenzaItalia","article_author":"https:\/\/www.facebook.com\/amnestyglobal","article_published_time":"2019-09-04T10:33:52+00:00","og_image":[{"width":1920,"height":700,"url":"https:\/\/www.pressenza.com\/wp-content\/uploads\/2019\/09\/barometro-odio.jpg","type":"image\/jpeg"}],"author":"Amnesty International","twitter_card":"summary_large_image","twitter_creator":"@amnesty","twitter_site":"@PressenzaIPA","twitter_misc":{"Scritto da":"Amnesty International","Tempo di lettura stimato":"3 minuti"},"schema":{"@context":"https:\/\/schema.org","@graph":[{"@type":"Article","@id":"https:\/\/www.pressenza.com\/it\/2019\/09\/rapporto-onu-incitamento-allodio-e-criminalizzazione-della-solidarieta-sono-un-problema-in-italia\/#article","isPartOf":{"@id":"https:\/\/www.pressenza.com\/it\/2019\/09\/rapporto-onu-incitamento-allodio-e-criminalizzazione-della-solidarieta-sono-un-problema-in-italia\/"},"author":{"name":"Amnesty International","@id":"https:\/\/www.pressenza.com\/it\/#\/schema\/person\/9b981b05c7ecf09292e6acb3223b2d9d"},"headline":"Rapporto Onu: incitamento all\u2019odio e criminalizzazione della solidariet\u00e0 sono un problema in Italia","datePublished":"2019-09-04T10:33:52+00:00","mainEntityOfPage":{"@id":"https:\/\/www.pressenza.com\/it\/2019\/09\/rapporto-onu-incitamento-allodio-e-criminalizzazione-della-solidarieta-sono-un-problema-in-italia\/"},"wordCount":556,"publisher":{"@id":"https:\/\/www.pressenza.com\/it\/#organization"},"image":{"@id":"https:\/\/www.pressenza.com\/it\/2019\/09\/rapporto-onu-incitamento-allodio-e-criminalizzazione-della-solidarieta-sono-un-problema-in-italia\/#primaryimage"},"thumbnailUrl":"https:\/\/www.pressenza.com\/wp-content\/uploads\/2019\/09\/barometro-odio.jpg","keywords":["criminalizzazione della solidariet\u00e0","hate speech","rapporto ONU"],"articleSection":["Comunicati Stampa","Diritti Umani","Europa"],"inLanguage":"it-IT"},{"@type":"WebPage","@id":"https:\/\/www.pressenza.com\/it\/2019\/09\/rapporto-onu-incitamento-allodio-e-criminalizzazione-della-solidarieta-sono-un-problema-in-italia\/","url":"https:\/\/www.pressenza.com\/it\/2019\/09\/rapporto-onu-incitamento-allodio-e-criminalizzazione-della-solidarieta-sono-un-problema-in-italia\/","name":"Rapporto Onu: incitamento all\u2019odio e criminalizzazione della solidariet\u00e0 sono un problema in Italia","isPartOf":{"@id":"https:\/\/www.pressenza.com\/it\/#website"},"primaryImageOfPage":{"@id":"https:\/\/www.pressenza.com\/it\/2019\/09\/rapporto-onu-incitamento-allodio-e-criminalizzazione-della-solidarieta-sono-un-problema-in-italia\/#primaryimage"},"image":{"@id":"https:\/\/www.pressenza.com\/it\/2019\/09\/rapporto-onu-incitamento-allodio-e-criminalizzazione-della-solidarieta-sono-un-problema-in-italia\/#primaryimage"},"thumbnailUrl":"https:\/\/www.pressenza.com\/wp-content\/uploads\/2019\/09\/barometro-odio.jpg","datePublished":"2019-09-04T10:33:52+00:00","description":"Un quadro preoccupante di un paese, l\u2019Italia, che nel 2018 \u00e8 stato segnato da un forte incremento degli episodi di discriminazione \u00e8 quello che emerge","breadcrumb":{"@id":"https:\/\/www.pressenza.com\/it\/2019\/09\/rapporto-onu-incitamento-allodio-e-criminalizzazione-della-solidarieta-sono-un-problema-in-italia\/#breadcrumb"},"inLanguage":"it-IT","potentialAction":[{"@type":"ReadAction","target":["https:\/\/www.pressenza.com\/it\/2019\/09\/rapporto-onu-incitamento-allodio-e-criminalizzazione-della-solidarieta-sono-un-problema-in-italia\/"]}]},{"@type":"ImageObject","inLanguage":"it-IT","@id":"https:\/\/www.pressenza.com\/it\/2019\/09\/rapporto-onu-incitamento-allodio-e-criminalizzazione-della-solidarieta-sono-un-problema-in-italia\/#primaryimage","url":"https:\/\/www.pressenza.com\/wp-content\/uploads\/2019\/09\/barometro-odio.jpg","contentUrl":"https:\/\/www.pressenza.com\/wp-content\/uploads\/2019\/09\/barometro-odio.jpg","width":1920,"height":700},{"@type":"BreadcrumbList","@id":"https:\/\/www.pressenza.com\/it\/2019\/09\/rapporto-onu-incitamento-allodio-e-criminalizzazione-della-solidarieta-sono-un-problema-in-italia\/#breadcrumb","itemListElement":[{"@type":"ListItem","position":1,"name":"Accueil","item":"https:\/\/www.pressenza.com\/it\/"},{"@type":"ListItem","position":2,"name":"Rapporto Onu: incitamento all\u2019odio e criminalizzazione della solidariet\u00e0 sono un problema in Italia"}]},{"@type":"WebSite","@id":"https:\/\/www.pressenza.com\/it\/#website","url":"https:\/\/www.pressenza.com\/it\/","name":"Pressenza","description":"Agenzia di Stampa Internazionale","publisher":{"@id":"https:\/\/www.pressenza.com\/it\/#organization"},"potentialAction":[{"@type":"SearchAction","target":{"@type":"EntryPoint","urlTemplate":"https:\/\/www.pressenza.com\/it\/?s={search_term_string}"},"query-input":{"@type":"PropertyValueSpecification","valueRequired":true,"valueName":"search_term_string"}}],"inLanguage":"it-IT"},{"@type":"Organization","@id":"https:\/\/www.pressenza.com\/it\/#organization","name":"Pressenza","url":"https:\/\/www.pressenza.com\/it\/","logo":{"@type":"ImageObject","inLanguage":"it-IT","@id":"https:\/\/www.pressenza.com\/it\/#\/schema\/logo\/image\/","url":"https:\/\/www.pressenza.com\/wp-content\/uploads\/2022\/10\/pressenza_logo_200x200.jpg","contentUrl":"https:\/\/www.pressenza.com\/wp-content\/uploads\/2022\/10\/pressenza_logo_200x200.jpg","width":200,"height":200,"caption":"Pressenza"},"image":{"@id":"https:\/\/www.pressenza.com\/it\/#\/schema\/logo\/image\/"},"sameAs":["https:\/\/www.facebook.com\/PressenzaItalia","https:\/\/x.com\/PressenzaIPA"]},{"@type":"Person","@id":"https:\/\/www.pressenza.com\/it\/#\/schema\/person\/9b981b05c7ecf09292e6acb3223b2d9d","name":"Amnesty International","description":"Amnesty International is a global movement of more than 3 million supporters, members and activists in over 150 countries and territories who campaign to end grave abuses of human rights. Our vision is for every person to enjoy all the rights enshrined in the Universal Declaration of Human Rights and other international human rights standards. www.amnesty.org","sameAs":["http:\/\/www.amnesty.it","https:\/\/www.facebook.com\/amnestyglobal","https:\/\/x.com\/amnesty"],"url":"https:\/\/www.pressenza.com\/it\/author\/amnesty-international\/"}]}},"place":"","original_article_url":"","_links":{"self":[{"href":"https:\/\/www.pressenza.com\/it\/wp-json\/wp\/v2\/posts\/912351","targetHints":{"allow":["GET"]}}],"collection":[{"href":"https:\/\/www.pressenza.com\/it\/wp-json\/wp\/v2\/posts"}],"about":[{"href":"https:\/\/www.pressenza.com\/it\/wp-json\/wp\/v2\/types\/post"}],"author":[{"embeddable":true,"href":"https:\/\/www.pressenza.com\/it\/wp-json\/wp\/v2\/users\/432"}],"replies":[{"embeddable":true,"href":"https:\/\/www.pressenza.com\/it\/wp-json\/wp\/v2\/comments?post=912351"}],"version-history":[{"count":0,"href":"https:\/\/www.pressenza.com\/it\/wp-json\/wp\/v2\/posts\/912351\/revisions"}],"wp:featuredmedia":[{"embeddable":true,"href":"https:\/\/www.pressenza.com\/it\/wp-json\/wp\/v2\/media\/912352"}],"wp:attachment":[{"href":"https:\/\/www.pressenza.com\/it\/wp-json\/wp\/v2\/media?parent=912351"}],"wp:term":[{"taxonomy":"category","embeddable":true,"href":"https:\/\/www.pressenza.com\/it\/wp-json\/wp\/v2\/categories?post=912351"},{"taxonomy":"post_tag","embeddable":true,"href":"https:\/\/www.pressenza.com\/it\/wp-json\/wp\/v2\/tags?post=912351"}],"curies":[{"name":"wp","href":"https:\/\/api.w.org\/{rel}","templated":true}]}}