{"id":911512,"date":"2019-09-02T13:15:36","date_gmt":"2019-09-02T12:15:36","guid":{"rendered":"https:\/\/www.pressenza.com\/?p=911512"},"modified":"2019-09-02T14:00:22","modified_gmt":"2019-09-02T13:00:22","slug":"qualche-considerazione-irrituale-su-greta-thunberg","status":"publish","type":"post","link":"https:\/\/www.pressenza.com\/it\/2019\/09\/qualche-considerazione-irrituale-su-greta-thunberg\/","title":{"rendered":"Qualche considerazione irrituale su Greta Thunberg"},"content":{"rendered":"<p align=\"justify\">Da un po\u2019 di tempo mi frullano in testa considerazioni su Greta Thunberg un po\u2019 irrituali che ora mi decido ad esternare perch\u00e9 penso che costituiscano uno stimolo di riflessione importante per tutto il movimento dei FFF, ed oltre.<\/p>\n<p align=\"justify\">Devo obbligatoriamente fare una premessa. Non mi sogno neanche di disconoscere il grande merito di Greta. Ma non posso mancare di ricordare che si contano penso a migliaia o pi\u00f9 le persone che sono andate a manifestare davanti a un Parlamento o a un\u2019altra istituzione senza che si sia mossa una foglia, e sono quasi tutte passate nel dimenticatoio: Greta \u2013 ed \u00e8 indubbiamente stato un grandissimo merito \u2013 ha colto una congiuntura nella quale la sensibilit\u00e0 verso la crisi climatica stava per esplodere, ed ha innescato la scintilla che ha appiccato l\u2019incendio (mi scuso per il richiamo retorico a ben altri incendi). Se non fosse stato maturo il momento, forse non sarebbe accaduto nulla, o quasi: ma proprio ora il gesto di Greta ha mobilitato milioni di giovani (e anche meno, o diversamente, giovani) nelle piazze di tutto il mondo. Se non ci fosse stata Greta sarebbe comunque esploso il movimento per contrastare la crisi climatica (ma, ripeto, questo non toglie nulla al suo merito).<\/p>\n<p align=\"justify\">Da qualche tempo mi andavo convincendo che il riferimento obbligato e a volte rituale alla sua iniziativa divenisse addirittura controproducente, potesse servire a quei meccanismi mediatici che tendono a metabolizzare tutto, addirittura per coprire questa realt\u00e0 di milioni di giovani che si mobilitano in tutto il mondo.<\/p>\n<p align=\"justify\">Ma il passare del tempo e l\u2019evolvere delle cose ha aggiunto, per me, aggravanti a questo ragionamento. Pi\u00f9 passa il tempo e pi\u00f9 si rafforza in me il dubbio che Greta stia diventando vittima del proprio personaggio, o (peggio) sia eterodiretta: se pensar male \u00e8 peccato, mi conforta l\u2019ormai famoso detto di Andreotti.<\/p>\n<p align=\"justify\">Posso accettare di pensare \u2013 ma con una crescente fatica \u2013 che le idee e le iniziative originali e controcorrente siano farina del suo sacco, ma non riesco a pensare che lei sia la sola (se non la vera) regista.<\/p>\n<p align=\"justify\">In primo luogo nutro forti dubbi che tutti i messaggi che Greta lancia siano condivisibili. Con tutta sincerit\u00e0 penso che il suo messaggio di saltare l\u2019anno scolastico per dedicarsi interamente alla lotta contro il cambiamento climatico sia non solo molto opinabile, ma non possa assolutamente essere trasmesso come messaggio a tutti gli studenti del mondo: non solo perch\u00e9 sarebbe comunque irrealizzabile, ma perch\u00e9 elude nella sostanza il problema cruciale di trasformare la scuola per adeguare i contenuti e le conoscenze alla sfida posta dal cambio climatico, che esige conoscenze e competenze radicalmente nuove in tutti campi. Potrebbe sembrare che si predichi, paradossalmente, una generazione di giovani analfabeti: anche perch\u00e9 la crisi climatica non si risolve certo in un anno! Questo messaggio \u00e8 in chiara contraddizione col le dichiarazioni di fiducia nei confronti degli scienziati (sar\u00f2 un nostalgico ma ai miei tempi si diceva che l\u2019imperialismo si combatte sul posto di lavoro).<\/p>\n<p align=\"justify\">Ora si sono aggiunte iniziative di Greta che hanno a mio avviso un sapore promozionale. \u00c8 senza dubbio giustissimo il messaggio di evitare i viaggi aerei, ma dubito fortemente che la decisione di traversare l\u2019Atlantico in barca a vela sia farina del sacco di Greta. Se qualcuno volesse provare a trovare un passaggio in barca a vela per la traversata dubito che ci riuscirebbe facilmente se non fosse portatore di un forte messaggio mediatico. Ma, anche pi\u00f9 terra terra, nessuno si domanda chi finanzia tutti gli spostamenti di Greta?<\/p>\n<p align=\"justify\">Mi fermo qui perch\u00e9 verrei giudicato come maligno.<\/p>\n<p align=\"justify\">Sono sempre pi\u00f9 convinto che tutto il movimento dei FFF dovrebbe affrancarsi dal riferimento costante e quasi rituale a Greta (il che non significa disconoscere i suoi meriti) per rivendicare ora il protagonismo di milioni di giovani, altrimenti mi viene da dire che la gente guarda il dito e non vede la luna.<\/p>\n<p align=\"justify\">Personalmente non concepisco assolutamente che in tutti i grandi appuntamenti sia Greta invitata a parlare. Nel mio panorama limitato di Firenze vedo giovani e giovanissime\/i che hanno una capacit\u00e0 straordinaria di intervenire, anche in sedi ufficiali, con una naturalezza ed efficacia eccezionali: sono convinto che molti di loro potrebbero benissimo intervenire all\u2019ONU. Tutti i movimenti hanno bisogno di un avvicendamento e un rinnovamento continui: i giovani dei FFF hanno tenuto incontri nazionali e internazionali, hanno certamente la maturit\u00e0 (pur con tutte le difficolt\u00e0 comprensibili) per scegliere e nominare in ogni occasione delegati capaci di parlare a nome di tutto il movimento. Non \u00e8 per nulla indifferente che in un consesso internazionale o all\u2019ONU i rappresentanti dei Paesi si vedano comparire una faccia nuova, invece che la solita che tutti si aspettano.<\/p>\n<p align=\"justify\">Sarebbe a mio parere un passo fondamentale per affermare la completa autonomia e la struttura democratica di questo movimento grandioso, e di salvare \u2013 con il il proprio futuro \u2013 l\u2019intera umanit\u00e0. Oltre tutto stanno nascendo altri movimenti che lottano contro il la crisi climatica senza avere un padre, o una madre, putativi.<\/p>\n","protected":false},"excerpt":{"rendered":"<p>Da un po\u2019 di tempo mi frullano in testa considerazioni su Greta Thunberg un po\u2019 irrituali che ora mi decido ad esternare perch\u00e9 penso che costituiscano uno stimolo di riflessione importante per tutto il movimento dei FFF, ed oltre. Devo&hellip;<\/p>\n","protected":false},"author":218,"featured_media":821831,"comment_status":"closed","ping_status":"closed","sticky":false,"template":"","format":"standard","meta":{"footnotes":""},"categories":[11388,59,47,38,162],"tags":[53987,55757],"class_list":["post-911512","post","type-post","status-publish","format-standard","has-post-thumbnail","hentry","category-contenuti-originali","category-ambiente-ecologia","category-europa","category-internazionale","category-opinioni","tag-fridays-for-future","tag-greta-thumberg"],"yoast_head":"<!-- This site is optimized with the Yoast SEO plugin v27.1.1 - https:\/\/yoast.com\/product\/yoast-seo-wordpress\/ -->\n<title>Qualche considerazione irrituale su Greta Thunberg<\/title>\n<meta name=\"description\" content=\"Da un po\u2019 di tempo mi frullano in testa considerazioni su Greta Thunberg un po\u2019 irrituali che ora mi decido ad esternare perch\u00e9 penso che costituiscano\" \/>\n<meta name=\"robots\" content=\"index, follow, max-snippet:-1, max-image-preview:large, max-video-preview:-1\" \/>\n<link rel=\"canonical\" href=\"https:\/\/www.pressenza.com\/it\/2019\/09\/qualche-considerazione-irrituale-su-greta-thunberg\/\" \/>\n<meta property=\"og:locale\" content=\"it_IT\" \/>\n<meta property=\"og:type\" content=\"article\" \/>\n<meta property=\"og:title\" content=\"Qualche considerazione irrituale su Greta Thunberg\" \/>\n<meta property=\"og:description\" content=\"Da un po\u2019 di tempo mi frullano in testa considerazioni su Greta Thunberg un po\u2019 irrituali che ora mi decido ad esternare perch\u00e9 penso che costituiscano\" \/>\n<meta property=\"og:url\" content=\"https:\/\/www.pressenza.com\/it\/2019\/09\/qualche-considerazione-irrituale-su-greta-thunberg\/\" \/>\n<meta property=\"og:site_name\" content=\"Pressenza\" \/>\n<meta property=\"article:publisher\" content=\"https:\/\/www.facebook.com\/PressenzaItalia\" \/>\n<meta property=\"article:published_time\" content=\"2019-09-02T12:15:36+00:00\" \/>\n<meta property=\"article:modified_time\" content=\"2019-09-02T13:00:22+00:00\" \/>\n<meta property=\"og:image\" content=\"https:\/\/www.pressenza.com\/wp-content\/uploads\/2019\/03\/Greta-cartello.png\" \/>\n\t<meta property=\"og:image:width\" content=\"1140\" \/>\n\t<meta property=\"og:image:height\" content=\"721\" \/>\n\t<meta property=\"og:image:type\" content=\"image\/png\" \/>\n<meta name=\"author\" content=\"Angelo Baracca\" \/>\n<meta name=\"twitter:card\" content=\"summary_large_image\" \/>\n<meta name=\"twitter:creator\" content=\"@PressenzaIPA\" \/>\n<meta name=\"twitter:site\" content=\"@PressenzaIPA\" \/>\n<meta name=\"twitter:label1\" content=\"Scritto da\" \/>\n\t<meta name=\"twitter:data1\" content=\"Angelo Baracca\" \/>\n\t<meta name=\"twitter:label2\" content=\"Tempo di lettura stimato\" \/>\n\t<meta name=\"twitter:data2\" content=\"4 minuti\" \/>\n<script type=\"application\/ld+json\" class=\"yoast-schema-graph\">{\"@context\":\"https:\/\/schema.org\",\"@graph\":[{\"@type\":\"Article\",\"@id\":\"https:\/\/www.pressenza.com\/it\/2019\/09\/qualche-considerazione-irrituale-su-greta-thunberg\/#article\",\"isPartOf\":{\"@id\":\"https:\/\/www.pressenza.com\/it\/2019\/09\/qualche-considerazione-irrituale-su-greta-thunberg\/\"},\"author\":{\"name\":\"Angelo Baracca\",\"@id\":\"https:\/\/www.pressenza.com\/it\/#\/schema\/person\/c37578468de5b0400b2d01b65d64af92\"},\"headline\":\"Qualche considerazione irrituale su Greta Thunberg\",\"datePublished\":\"2019-09-02T12:15:36+00:00\",\"dateModified\":\"2019-09-02T13:00:22+00:00\",\"mainEntityOfPage\":{\"@id\":\"https:\/\/www.pressenza.com\/it\/2019\/09\/qualche-considerazione-irrituale-su-greta-thunberg\/\"},\"wordCount\":836,\"publisher\":{\"@id\":\"https:\/\/www.pressenza.com\/it\/#organization\"},\"image\":{\"@id\":\"https:\/\/www.pressenza.com\/it\/2019\/09\/qualche-considerazione-irrituale-su-greta-thunberg\/#primaryimage\"},\"thumbnailUrl\":\"https:\/\/www.pressenza.com\/wp-content\/uploads\/2019\/03\/Greta-cartello.png\",\"keywords\":[\"Fridays for Future\",\"Greta Thumberg\"],\"articleSection\":[\"contenuti originali\",\"Ecologia ed Ambiente\",\"Europa\",\"Internazionale\",\"Opinioni\"],\"inLanguage\":\"it-IT\"},{\"@type\":\"WebPage\",\"@id\":\"https:\/\/www.pressenza.com\/it\/2019\/09\/qualche-considerazione-irrituale-su-greta-thunberg\/\",\"url\":\"https:\/\/www.pressenza.com\/it\/2019\/09\/qualche-considerazione-irrituale-su-greta-thunberg\/\",\"name\":\"Qualche considerazione irrituale su Greta Thunberg\",\"isPartOf\":{\"@id\":\"https:\/\/www.pressenza.com\/it\/#website\"},\"primaryImageOfPage\":{\"@id\":\"https:\/\/www.pressenza.com\/it\/2019\/09\/qualche-considerazione-irrituale-su-greta-thunberg\/#primaryimage\"},\"image\":{\"@id\":\"https:\/\/www.pressenza.com\/it\/2019\/09\/qualche-considerazione-irrituale-su-greta-thunberg\/#primaryimage\"},\"thumbnailUrl\":\"https:\/\/www.pressenza.com\/wp-content\/uploads\/2019\/03\/Greta-cartello.png\",\"datePublished\":\"2019-09-02T12:15:36+00:00\",\"dateModified\":\"2019-09-02T13:00:22+00:00\",\"description\":\"Da un po\u2019 di tempo mi frullano in testa considerazioni su Greta Thunberg un po\u2019 irrituali che ora mi decido ad esternare perch\u00e9 penso che costituiscano\",\"breadcrumb\":{\"@id\":\"https:\/\/www.pressenza.com\/it\/2019\/09\/qualche-considerazione-irrituale-su-greta-thunberg\/#breadcrumb\"},\"inLanguage\":\"it-IT\",\"potentialAction\":[{\"@type\":\"ReadAction\",\"target\":[\"https:\/\/www.pressenza.com\/it\/2019\/09\/qualche-considerazione-irrituale-su-greta-thunberg\/\"]}]},{\"@type\":\"ImageObject\",\"inLanguage\":\"it-IT\",\"@id\":\"https:\/\/www.pressenza.com\/it\/2019\/09\/qualche-considerazione-irrituale-su-greta-thunberg\/#primaryimage\",\"url\":\"https:\/\/www.pressenza.com\/wp-content\/uploads\/2019\/03\/Greta-cartello.png\",\"contentUrl\":\"https:\/\/www.pressenza.com\/wp-content\/uploads\/2019\/03\/Greta-cartello.png\",\"width\":1140,\"height\":721,\"caption\":\"15 marzo, tre giorni allo sciopero globale per il clima\"},{\"@type\":\"BreadcrumbList\",\"@id\":\"https:\/\/www.pressenza.com\/it\/2019\/09\/qualche-considerazione-irrituale-su-greta-thunberg\/#breadcrumb\",\"itemListElement\":[{\"@type\":\"ListItem\",\"position\":1,\"name\":\"Accueil\",\"item\":\"https:\/\/www.pressenza.com\/it\/\"},{\"@type\":\"ListItem\",\"position\":2,\"name\":\"Qualche considerazione irrituale su Greta Thunberg\"}]},{\"@type\":\"WebSite\",\"@id\":\"https:\/\/www.pressenza.com\/it\/#website\",\"url\":\"https:\/\/www.pressenza.com\/it\/\",\"name\":\"Pressenza\",\"description\":\"Agenzia di Stampa Internazionale\",\"publisher\":{\"@id\":\"https:\/\/www.pressenza.com\/it\/#organization\"},\"potentialAction\":[{\"@type\":\"SearchAction\",\"target\":{\"@type\":\"EntryPoint\",\"urlTemplate\":\"https:\/\/www.pressenza.com\/it\/?s={search_term_string}\"},\"query-input\":{\"@type\":\"PropertyValueSpecification\",\"valueRequired\":true,\"valueName\":\"search_term_string\"}}],\"inLanguage\":\"it-IT\"},{\"@type\":\"Organization\",\"@id\":\"https:\/\/www.pressenza.com\/it\/#organization\",\"name\":\"Pressenza\",\"url\":\"https:\/\/www.pressenza.com\/it\/\",\"logo\":{\"@type\":\"ImageObject\",\"inLanguage\":\"it-IT\",\"@id\":\"https:\/\/www.pressenza.com\/it\/#\/schema\/logo\/image\/\",\"url\":\"https:\/\/www.pressenza.com\/wp-content\/uploads\/2022\/10\/pressenza_logo_200x200.jpg\",\"contentUrl\":\"https:\/\/www.pressenza.com\/wp-content\/uploads\/2022\/10\/pressenza_logo_200x200.jpg\",\"width\":200,\"height\":200,\"caption\":\"Pressenza\"},\"image\":{\"@id\":\"https:\/\/www.pressenza.com\/it\/#\/schema\/logo\/image\/\"},\"sameAs\":[\"https:\/\/www.facebook.com\/PressenzaItalia\",\"https:\/\/x.com\/PressenzaIPA\"]},{\"@type\":\"Person\",\"@id\":\"https:\/\/www.pressenza.com\/it\/#\/schema\/person\/c37578468de5b0400b2d01b65d64af92\",\"name\":\"Angelo Baracca\",\"description\":\"Professor of Physics at the University of Florence, Italy. Writer and scientist specialising in nuclear matters; pacifist activist and ecologist. He writes for Pressenza about nuclear questions.\",\"url\":\"https:\/\/www.pressenza.com\/it\/author\/angelo-baracca\/\"}]}<\/script>\n<!-- \/ Yoast SEO plugin. -->","yoast_head_json":{"title":"Qualche considerazione irrituale su Greta Thunberg","description":"Da un po\u2019 di tempo mi frullano in testa considerazioni su Greta Thunberg un po\u2019 irrituali che ora mi decido ad esternare perch\u00e9 penso che costituiscano","robots":{"index":"index","follow":"follow","max-snippet":"max-snippet:-1","max-image-preview":"max-image-preview:large","max-video-preview":"max-video-preview:-1"},"canonical":"https:\/\/www.pressenza.com\/it\/2019\/09\/qualche-considerazione-irrituale-su-greta-thunberg\/","og_locale":"it_IT","og_type":"article","og_title":"Qualche considerazione irrituale su Greta Thunberg","og_description":"Da un po\u2019 di tempo mi frullano in testa considerazioni su Greta Thunberg un po\u2019 irrituali che ora mi decido ad esternare perch\u00e9 penso che costituiscano","og_url":"https:\/\/www.pressenza.com\/it\/2019\/09\/qualche-considerazione-irrituale-su-greta-thunberg\/","og_site_name":"Pressenza","article_publisher":"https:\/\/www.facebook.com\/PressenzaItalia","article_published_time":"2019-09-02T12:15:36+00:00","article_modified_time":"2019-09-02T13:00:22+00:00","og_image":[{"width":1140,"height":721,"url":"https:\/\/www.pressenza.com\/wp-content\/uploads\/2019\/03\/Greta-cartello.png","type":"image\/png"}],"author":"Angelo Baracca","twitter_card":"summary_large_image","twitter_creator":"@PressenzaIPA","twitter_site":"@PressenzaIPA","twitter_misc":{"Scritto da":"Angelo Baracca","Tempo di lettura stimato":"4 minuti"},"schema":{"@context":"https:\/\/schema.org","@graph":[{"@type":"Article","@id":"https:\/\/www.pressenza.com\/it\/2019\/09\/qualche-considerazione-irrituale-su-greta-thunberg\/#article","isPartOf":{"@id":"https:\/\/www.pressenza.com\/it\/2019\/09\/qualche-considerazione-irrituale-su-greta-thunberg\/"},"author":{"name":"Angelo Baracca","@id":"https:\/\/www.pressenza.com\/it\/#\/schema\/person\/c37578468de5b0400b2d01b65d64af92"},"headline":"Qualche considerazione irrituale su Greta Thunberg","datePublished":"2019-09-02T12:15:36+00:00","dateModified":"2019-09-02T13:00:22+00:00","mainEntityOfPage":{"@id":"https:\/\/www.pressenza.com\/it\/2019\/09\/qualche-considerazione-irrituale-su-greta-thunberg\/"},"wordCount":836,"publisher":{"@id":"https:\/\/www.pressenza.com\/it\/#organization"},"image":{"@id":"https:\/\/www.pressenza.com\/it\/2019\/09\/qualche-considerazione-irrituale-su-greta-thunberg\/#primaryimage"},"thumbnailUrl":"https:\/\/www.pressenza.com\/wp-content\/uploads\/2019\/03\/Greta-cartello.png","keywords":["Fridays for Future","Greta Thumberg"],"articleSection":["contenuti originali","Ecologia ed Ambiente","Europa","Internazionale","Opinioni"],"inLanguage":"it-IT"},{"@type":"WebPage","@id":"https:\/\/www.pressenza.com\/it\/2019\/09\/qualche-considerazione-irrituale-su-greta-thunberg\/","url":"https:\/\/www.pressenza.com\/it\/2019\/09\/qualche-considerazione-irrituale-su-greta-thunberg\/","name":"Qualche considerazione irrituale su Greta Thunberg","isPartOf":{"@id":"https:\/\/www.pressenza.com\/it\/#website"},"primaryImageOfPage":{"@id":"https:\/\/www.pressenza.com\/it\/2019\/09\/qualche-considerazione-irrituale-su-greta-thunberg\/#primaryimage"},"image":{"@id":"https:\/\/www.pressenza.com\/it\/2019\/09\/qualche-considerazione-irrituale-su-greta-thunberg\/#primaryimage"},"thumbnailUrl":"https:\/\/www.pressenza.com\/wp-content\/uploads\/2019\/03\/Greta-cartello.png","datePublished":"2019-09-02T12:15:36+00:00","dateModified":"2019-09-02T13:00:22+00:00","description":"Da un po\u2019 di tempo mi frullano in testa considerazioni su Greta Thunberg un po\u2019 irrituali che ora mi decido ad esternare perch\u00e9 penso che costituiscano","breadcrumb":{"@id":"https:\/\/www.pressenza.com\/it\/2019\/09\/qualche-considerazione-irrituale-su-greta-thunberg\/#breadcrumb"},"inLanguage":"it-IT","potentialAction":[{"@type":"ReadAction","target":["https:\/\/www.pressenza.com\/it\/2019\/09\/qualche-considerazione-irrituale-su-greta-thunberg\/"]}]},{"@type":"ImageObject","inLanguage":"it-IT","@id":"https:\/\/www.pressenza.com\/it\/2019\/09\/qualche-considerazione-irrituale-su-greta-thunberg\/#primaryimage","url":"https:\/\/www.pressenza.com\/wp-content\/uploads\/2019\/03\/Greta-cartello.png","contentUrl":"https:\/\/www.pressenza.com\/wp-content\/uploads\/2019\/03\/Greta-cartello.png","width":1140,"height":721,"caption":"15 marzo, tre giorni allo sciopero globale per il clima"},{"@type":"BreadcrumbList","@id":"https:\/\/www.pressenza.com\/it\/2019\/09\/qualche-considerazione-irrituale-su-greta-thunberg\/#breadcrumb","itemListElement":[{"@type":"ListItem","position":1,"name":"Accueil","item":"https:\/\/www.pressenza.com\/it\/"},{"@type":"ListItem","position":2,"name":"Qualche considerazione irrituale su Greta Thunberg"}]},{"@type":"WebSite","@id":"https:\/\/www.pressenza.com\/it\/#website","url":"https:\/\/www.pressenza.com\/it\/","name":"Pressenza","description":"Agenzia di Stampa Internazionale","publisher":{"@id":"https:\/\/www.pressenza.com\/it\/#organization"},"potentialAction":[{"@type":"SearchAction","target":{"@type":"EntryPoint","urlTemplate":"https:\/\/www.pressenza.com\/it\/?s={search_term_string}"},"query-input":{"@type":"PropertyValueSpecification","valueRequired":true,"valueName":"search_term_string"}}],"inLanguage":"it-IT"},{"@type":"Organization","@id":"https:\/\/www.pressenza.com\/it\/#organization","name":"Pressenza","url":"https:\/\/www.pressenza.com\/it\/","logo":{"@type":"ImageObject","inLanguage":"it-IT","@id":"https:\/\/www.pressenza.com\/it\/#\/schema\/logo\/image\/","url":"https:\/\/www.pressenza.com\/wp-content\/uploads\/2022\/10\/pressenza_logo_200x200.jpg","contentUrl":"https:\/\/www.pressenza.com\/wp-content\/uploads\/2022\/10\/pressenza_logo_200x200.jpg","width":200,"height":200,"caption":"Pressenza"},"image":{"@id":"https:\/\/www.pressenza.com\/it\/#\/schema\/logo\/image\/"},"sameAs":["https:\/\/www.facebook.com\/PressenzaItalia","https:\/\/x.com\/PressenzaIPA"]},{"@type":"Person","@id":"https:\/\/www.pressenza.com\/it\/#\/schema\/person\/c37578468de5b0400b2d01b65d64af92","name":"Angelo Baracca","description":"Professor of Physics at the University of Florence, Italy. Writer and scientist specialising in nuclear matters; pacifist activist and ecologist. He writes for Pressenza about nuclear questions.","url":"https:\/\/www.pressenza.com\/it\/author\/angelo-baracca\/"}]}},"place":"","original_article_url":"","_links":{"self":[{"href":"https:\/\/www.pressenza.com\/it\/wp-json\/wp\/v2\/posts\/911512","targetHints":{"allow":["GET"]}}],"collection":[{"href":"https:\/\/www.pressenza.com\/it\/wp-json\/wp\/v2\/posts"}],"about":[{"href":"https:\/\/www.pressenza.com\/it\/wp-json\/wp\/v2\/types\/post"}],"author":[{"embeddable":true,"href":"https:\/\/www.pressenza.com\/it\/wp-json\/wp\/v2\/users\/218"}],"replies":[{"embeddable":true,"href":"https:\/\/www.pressenza.com\/it\/wp-json\/wp\/v2\/comments?post=911512"}],"version-history":[{"count":0,"href":"https:\/\/www.pressenza.com\/it\/wp-json\/wp\/v2\/posts\/911512\/revisions"}],"wp:featuredmedia":[{"embeddable":true,"href":"https:\/\/www.pressenza.com\/it\/wp-json\/wp\/v2\/media\/821831"}],"wp:attachment":[{"href":"https:\/\/www.pressenza.com\/it\/wp-json\/wp\/v2\/media?parent=911512"}],"wp:term":[{"taxonomy":"category","embeddable":true,"href":"https:\/\/www.pressenza.com\/it\/wp-json\/wp\/v2\/categories?post=911512"},{"taxonomy":"post_tag","embeddable":true,"href":"https:\/\/www.pressenza.com\/it\/wp-json\/wp\/v2\/tags?post=911512"}],"curies":[{"name":"wp","href":"https:\/\/api.w.org\/{rel}","templated":true}]}}