{"id":910839,"date":"2019-08-31T22:35:36","date_gmt":"2019-08-31T21:35:36","guid":{"rendered":"https:\/\/www.pressenza.com\/?p=910839"},"modified":"2019-08-31T22:35:36","modified_gmt":"2019-08-31T21:35:36","slug":"la-seconda-marcia-mondiale-per-la-pace-e-la-nonviolenza-presentata-in-slovenia-a-pirano","status":"publish","type":"post","link":"https:\/\/www.pressenza.com\/it\/2019\/08\/la-seconda-marcia-mondiale-per-la-pace-e-la-nonviolenza-presentata-in-slovenia-a-pirano\/","title":{"rendered":"La Seconda Marcia Mondiale per la Pace e la Nonviolenza presentata in Slovenia a Pirano"},"content":{"rendered":"<div>I Sindaci di Capodistria, Isola Ancarano e Aiello (che rappresenta il Coordinamento Enti locali per la Pace del Friuli Venezia Giulia) e il Presidente dell&#8217;Unione Italiana di Slovenia e Croazia, hanno preso parte alla presentazione della 2a Marcia Mondiale per la Pace e la Nonviolenza, promossa dal Sindaco di Pirano assieme al Museo del Mare \u201cSergej Ma\u0161era\u201d, al Comitato pace e convivenza &#8220;Danilo Dolci&#8221; e all\u2019Associazione Mondosenzaguerre, presenti nella foto assieme agli attivisti e simpatizzanti della Marcia.<\/div>\n<div><\/div>\n<div>Il Comune di Pirano supporta la 2\u00aa Marcia Mondiale per la Pace e la Nonviolenza in Slovenia e aderisce all&#8217;idea di un Golfo internazionale di Pace e libero da armi nucleari,<\/div>\n<div><\/div>\n<div>La Marcia mondiale partir\u00e0 il 2 ottobre da Madrid, ed effettuer\u00e0 un tratto del percorso in barca sul Mediterraneo occidentale. Questo viaggio \u00e8 stato ideato a Pirano.<\/div>\n<div><\/div>\n<div>A seguito dell&#8217;incontro, \u00e8 stato possibile\u00a0assistere al documentario \u201cL&#8217;inizio della fine delle armi atomiche\u201d, sul Trattato ONU per la Proibizione delle Armi Nucleari; voluto dalla coalizione ICAN premio Nobel per la pace 2017, prodotto dall\u2019agenzia Pressenza e insignito del prestigioso premio &#8220;Accolade award&#8221;.<\/div>\n<div><\/div>\n<div>Per il Comitato pace convivenza e solidariet\u00e0 Danilo Dolci e l\u2019Associazione Mondo Senza Guerre e senza Violenza, Alessandro Capuzzo<\/div>\n<div><\/div>\n<div>Qui il trailer del film\u00a0<a href=\"https:\/\/youtu.be\/UhQMGASqScY\" target=\"_blank\" rel=\"noopener\" data-saferedirecturl=\"https:\/\/www.google.com\/url?q=https:\/\/youtu.be\/UhQMGASqScY&amp;source=gmail&amp;ust=1567370655445000&amp;usg=AFQjCNHN08bk2bVFVU-sF9q0_L_xVuyhKA\">https:\/\/youtu.be\/UhQMGASqScY<\/a><\/div>\n<div>Per ulteriori informazioni sul progetto\u00a0 visitare il sito\u00a0<a href=\"http:\/\/www.theworldmarch.org\/\" target=\"_blank\" rel=\"noopener\" data-saferedirecturl=\"https:\/\/www.google.com\/url?q=http:\/\/www.theworldmarch.org&amp;source=gmail&amp;ust=1567370655445000&amp;usg=AFQjCNGQ1L_8lwXQOH4vKkpKZLzsBTZTgg\">www.theworldmarch.org<\/a><\/p>\n<div class=\"yj6qo\"><\/div>\n<div class=\"adL\"><\/div>\n<\/div>\n","protected":false},"excerpt":{"rendered":"<p>I Sindaci di Capodistria, Isola Ancarano e Aiello (che rappresenta il Coordinamento Enti locali per la Pace del Friuli Venezia Giulia) e il Presidente dell&#8217;Unione Italiana di Slovenia e Croazia, hanno preso parte alla presentazione della 2a Marcia Mondiale per&hellip;<\/p>\n","protected":false},"author":1565,"featured_media":910841,"comment_status":"closed","ping_status":"closed","sticky":false,"template":"","format":"standard","meta":{"footnotes":""},"categories":[150,47,38,1263],"tags":[3491,41996,11061],"class_list":["post-910839","post","type-post","status-publish","format-standard","has-post-thumbnail","hentry","category-comunicati-stampa","category-europa","category-internazionale","category-pace-disarmo","tag-marcia-mondiale-per-la-pace-e-la-nonviolenza","tag-2a-marcia-mondiale-per-la-pace-e-la-nonviolenza","tag-slovenia"],"yoast_head":"<!-- This site is optimized with the Yoast SEO plugin v27.1.1 - https:\/\/yoast.com\/product\/yoast-seo-wordpress\/ -->\n<title>La Seconda Marcia Mondiale per la Pace e la Nonviolenza presentata in Slovenia a Pirano<\/title>\n<meta name=\"description\" content=\"I Sindaci di Capodistria, Isola Ancarano e Aiello (che rappresenta il Coordinamento Enti locali per la Pace del Friuli Venezia Giulia) e il Presidente\" \/>\n<meta name=\"robots\" content=\"index, follow, max-snippet:-1, max-image-preview:large, max-video-preview:-1\" \/>\n<link rel=\"canonical\" href=\"https:\/\/www.pressenza.com\/it\/2019\/08\/la-seconda-marcia-mondiale-per-la-pace-e-la-nonviolenza-presentata-in-slovenia-a-pirano\/\" \/>\n<meta property=\"og:locale\" content=\"it_IT\" \/>\n<meta property=\"og:type\" content=\"article\" \/>\n<meta property=\"og:title\" content=\"La Seconda Marcia Mondiale per la Pace e la Nonviolenza presentata in Slovenia a Pirano\" \/>\n<meta property=\"og:description\" content=\"I Sindaci di Capodistria, Isola Ancarano e Aiello (che rappresenta il Coordinamento Enti locali per la Pace del Friuli Venezia Giulia) e il Presidente\" \/>\n<meta property=\"og:url\" content=\"https:\/\/www.pressenza.com\/it\/2019\/08\/la-seconda-marcia-mondiale-per-la-pace-e-la-nonviolenza-presentata-in-slovenia-a-pirano\/\" \/>\n<meta property=\"og:site_name\" content=\"Pressenza\" \/>\n<meta property=\"article:publisher\" content=\"https:\/\/www.facebook.com\/PressenzaItalia\" \/>\n<meta property=\"article:published_time\" content=\"2019-08-31T21:35:36+00:00\" \/>\n<meta property=\"og:image\" content=\"https:\/\/www.pressenza.com\/wp-content\/uploads\/2019\/08\/pirano-MM-agosto-18.jpg\" \/>\n\t<meta property=\"og:image:width\" content=\"800\" \/>\n\t<meta property=\"og:image:height\" content=\"600\" \/>\n\t<meta property=\"og:image:type\" content=\"image\/jpeg\" \/>\n<meta name=\"author\" content=\"Marcia Mondiale per la Pace e la Nonviolenza\" \/>\n<meta name=\"twitter:card\" content=\"summary_large_image\" \/>\n<meta name=\"twitter:creator\" content=\"@PressenzaIPA\" \/>\n<meta name=\"twitter:site\" content=\"@PressenzaIPA\" \/>\n<meta name=\"twitter:label1\" content=\"Scritto da\" \/>\n\t<meta name=\"twitter:data1\" content=\"Marcia Mondiale per la Pace e la Nonviolenza\" \/>\n\t<meta name=\"twitter:label2\" content=\"Tempo di lettura stimato\" \/>\n\t<meta name=\"twitter:data2\" content=\"1 minuto\" \/>\n<script type=\"application\/ld+json\" class=\"yoast-schema-graph\">{\"@context\":\"https:\/\/schema.org\",\"@graph\":[{\"@type\":\"Article\",\"@id\":\"https:\/\/www.pressenza.com\/it\/2019\/08\/la-seconda-marcia-mondiale-per-la-pace-e-la-nonviolenza-presentata-in-slovenia-a-pirano\/#article\",\"isPartOf\":{\"@id\":\"https:\/\/www.pressenza.com\/it\/2019\/08\/la-seconda-marcia-mondiale-per-la-pace-e-la-nonviolenza-presentata-in-slovenia-a-pirano\/\"},\"author\":{\"name\":\"Marcia Mondiale per la Pace e la Nonviolenza\",\"@id\":\"https:\/\/www.pressenza.com\/it\/#\/schema\/person\/7695876a0aa9e0602a5de3babecd54ff\"},\"headline\":\"La Seconda Marcia Mondiale per la Pace e la Nonviolenza presentata in Slovenia a Pirano\",\"datePublished\":\"2019-08-31T21:35:36+00:00\",\"mainEntityOfPage\":{\"@id\":\"https:\/\/www.pressenza.com\/it\/2019\/08\/la-seconda-marcia-mondiale-per-la-pace-e-la-nonviolenza-presentata-in-slovenia-a-pirano\/\"},\"wordCount\":236,\"publisher\":{\"@id\":\"https:\/\/www.pressenza.com\/it\/#organization\"},\"image\":{\"@id\":\"https:\/\/www.pressenza.com\/it\/2019\/08\/la-seconda-marcia-mondiale-per-la-pace-e-la-nonviolenza-presentata-in-slovenia-a-pirano\/#primaryimage\"},\"thumbnailUrl\":\"https:\/\/www.pressenza.com\/wp-content\/uploads\/2019\/08\/pirano-MM-agosto-18.jpg\",\"keywords\":[\"Marcia Mondiale per la Pace e la Nonviolenza\",\"Seconda Marcia Mondiale per la Pace e la Nonviolenza\",\"Slovenia\"],\"articleSection\":[\"Comunicati Stampa\",\"Europa\",\"Internazionale\",\"Pace e Disarmo\"],\"inLanguage\":\"it-IT\"},{\"@type\":\"WebPage\",\"@id\":\"https:\/\/www.pressenza.com\/it\/2019\/08\/la-seconda-marcia-mondiale-per-la-pace-e-la-nonviolenza-presentata-in-slovenia-a-pirano\/\",\"url\":\"https:\/\/www.pressenza.com\/it\/2019\/08\/la-seconda-marcia-mondiale-per-la-pace-e-la-nonviolenza-presentata-in-slovenia-a-pirano\/\",\"name\":\"La Seconda Marcia Mondiale per la Pace e la Nonviolenza presentata in Slovenia a Pirano\",\"isPartOf\":{\"@id\":\"https:\/\/www.pressenza.com\/it\/#website\"},\"primaryImageOfPage\":{\"@id\":\"https:\/\/www.pressenza.com\/it\/2019\/08\/la-seconda-marcia-mondiale-per-la-pace-e-la-nonviolenza-presentata-in-slovenia-a-pirano\/#primaryimage\"},\"image\":{\"@id\":\"https:\/\/www.pressenza.com\/it\/2019\/08\/la-seconda-marcia-mondiale-per-la-pace-e-la-nonviolenza-presentata-in-slovenia-a-pirano\/#primaryimage\"},\"thumbnailUrl\":\"https:\/\/www.pressenza.com\/wp-content\/uploads\/2019\/08\/pirano-MM-agosto-18.jpg\",\"datePublished\":\"2019-08-31T21:35:36+00:00\",\"description\":\"I Sindaci di Capodistria, Isola Ancarano e Aiello (che rappresenta il Coordinamento Enti locali per la Pace del Friuli Venezia Giulia) e il Presidente\",\"breadcrumb\":{\"@id\":\"https:\/\/www.pressenza.com\/it\/2019\/08\/la-seconda-marcia-mondiale-per-la-pace-e-la-nonviolenza-presentata-in-slovenia-a-pirano\/#breadcrumb\"},\"inLanguage\":\"it-IT\",\"potentialAction\":[{\"@type\":\"ReadAction\",\"target\":[\"https:\/\/www.pressenza.com\/it\/2019\/08\/la-seconda-marcia-mondiale-per-la-pace-e-la-nonviolenza-presentata-in-slovenia-a-pirano\/\"]}]},{\"@type\":\"ImageObject\",\"inLanguage\":\"it-IT\",\"@id\":\"https:\/\/www.pressenza.com\/it\/2019\/08\/la-seconda-marcia-mondiale-per-la-pace-e-la-nonviolenza-presentata-in-slovenia-a-pirano\/#primaryimage\",\"url\":\"https:\/\/www.pressenza.com\/wp-content\/uploads\/2019\/08\/pirano-MM-agosto-18.jpg\",\"contentUrl\":\"https:\/\/www.pressenza.com\/wp-content\/uploads\/2019\/08\/pirano-MM-agosto-18.jpg\",\"width\":800,\"height\":600},{\"@type\":\"BreadcrumbList\",\"@id\":\"https:\/\/www.pressenza.com\/it\/2019\/08\/la-seconda-marcia-mondiale-per-la-pace-e-la-nonviolenza-presentata-in-slovenia-a-pirano\/#breadcrumb\",\"itemListElement\":[{\"@type\":\"ListItem\",\"position\":1,\"name\":\"Accueil\",\"item\":\"https:\/\/www.pressenza.com\/it\/\"},{\"@type\":\"ListItem\",\"position\":2,\"name\":\"La Seconda Marcia Mondiale per la Pace e la Nonviolenza presentata in Slovenia a Pirano\"}]},{\"@type\":\"WebSite\",\"@id\":\"https:\/\/www.pressenza.com\/it\/#website\",\"url\":\"https:\/\/www.pressenza.com\/it\/\",\"name\":\"Pressenza\",\"description\":\"Agenzia di Stampa Internazionale\",\"publisher\":{\"@id\":\"https:\/\/www.pressenza.com\/it\/#organization\"},\"potentialAction\":[{\"@type\":\"SearchAction\",\"target\":{\"@type\":\"EntryPoint\",\"urlTemplate\":\"https:\/\/www.pressenza.com\/it\/?s={search_term_string}\"},\"query-input\":{\"@type\":\"PropertyValueSpecification\",\"valueRequired\":true,\"valueName\":\"search_term_string\"}}],\"inLanguage\":\"it-IT\"},{\"@type\":\"Organization\",\"@id\":\"https:\/\/www.pressenza.com\/it\/#organization\",\"name\":\"Pressenza\",\"url\":\"https:\/\/www.pressenza.com\/it\/\",\"logo\":{\"@type\":\"ImageObject\",\"inLanguage\":\"it-IT\",\"@id\":\"https:\/\/www.pressenza.com\/it\/#\/schema\/logo\/image\/\",\"url\":\"https:\/\/www.pressenza.com\/wp-content\/uploads\/2022\/10\/pressenza_logo_200x200.jpg\",\"contentUrl\":\"https:\/\/www.pressenza.com\/wp-content\/uploads\/2022\/10\/pressenza_logo_200x200.jpg\",\"width\":200,\"height\":200,\"caption\":\"Pressenza\"},\"image\":{\"@id\":\"https:\/\/www.pressenza.com\/it\/#\/schema\/logo\/image\/\"},\"sameAs\":[\"https:\/\/www.facebook.com\/PressenzaItalia\",\"https:\/\/x.com\/PressenzaIPA\"]},{\"@type\":\"Person\",\"@id\":\"https:\/\/www.pressenza.com\/it\/#\/schema\/person\/7695876a0aa9e0602a5de3babecd54ff\",\"name\":\"Marcia Mondiale per la Pace e la Nonviolenza\",\"sameAs\":[\"https:\/\/theworldmarch.org\"],\"url\":\"https:\/\/www.pressenza.com\/it\/author\/marcia-mondiale-per-la-pace-e-la-nonviolenza\/\"}]}<\/script>\n<!-- \/ Yoast SEO plugin. -->","yoast_head_json":{"title":"La Seconda Marcia Mondiale per la Pace e la Nonviolenza presentata in Slovenia a Pirano","description":"I Sindaci di Capodistria, Isola Ancarano e Aiello (che rappresenta il Coordinamento Enti locali per la Pace del Friuli Venezia Giulia) e il Presidente","robots":{"index":"index","follow":"follow","max-snippet":"max-snippet:-1","max-image-preview":"max-image-preview:large","max-video-preview":"max-video-preview:-1"},"canonical":"https:\/\/www.pressenza.com\/it\/2019\/08\/la-seconda-marcia-mondiale-per-la-pace-e-la-nonviolenza-presentata-in-slovenia-a-pirano\/","og_locale":"it_IT","og_type":"article","og_title":"La Seconda Marcia Mondiale per la Pace e la Nonviolenza presentata in Slovenia a Pirano","og_description":"I Sindaci di Capodistria, Isola Ancarano e Aiello (che rappresenta il Coordinamento Enti locali per la Pace del Friuli Venezia Giulia) e il Presidente","og_url":"https:\/\/www.pressenza.com\/it\/2019\/08\/la-seconda-marcia-mondiale-per-la-pace-e-la-nonviolenza-presentata-in-slovenia-a-pirano\/","og_site_name":"Pressenza","article_publisher":"https:\/\/www.facebook.com\/PressenzaItalia","article_published_time":"2019-08-31T21:35:36+00:00","og_image":[{"width":800,"height":600,"url":"https:\/\/www.pressenza.com\/wp-content\/uploads\/2019\/08\/pirano-MM-agosto-18.jpg","type":"image\/jpeg"}],"author":"Marcia Mondiale per la Pace e la Nonviolenza","twitter_card":"summary_large_image","twitter_creator":"@PressenzaIPA","twitter_site":"@PressenzaIPA","twitter_misc":{"Scritto da":"Marcia Mondiale per la Pace e la Nonviolenza","Tempo di lettura stimato":"1 minuto"},"schema":{"@context":"https:\/\/schema.org","@graph":[{"@type":"Article","@id":"https:\/\/www.pressenza.com\/it\/2019\/08\/la-seconda-marcia-mondiale-per-la-pace-e-la-nonviolenza-presentata-in-slovenia-a-pirano\/#article","isPartOf":{"@id":"https:\/\/www.pressenza.com\/it\/2019\/08\/la-seconda-marcia-mondiale-per-la-pace-e-la-nonviolenza-presentata-in-slovenia-a-pirano\/"},"author":{"name":"Marcia Mondiale per la Pace e la Nonviolenza","@id":"https:\/\/www.pressenza.com\/it\/#\/schema\/person\/7695876a0aa9e0602a5de3babecd54ff"},"headline":"La Seconda Marcia Mondiale per la Pace e la Nonviolenza presentata in Slovenia a Pirano","datePublished":"2019-08-31T21:35:36+00:00","mainEntityOfPage":{"@id":"https:\/\/www.pressenza.com\/it\/2019\/08\/la-seconda-marcia-mondiale-per-la-pace-e-la-nonviolenza-presentata-in-slovenia-a-pirano\/"},"wordCount":236,"publisher":{"@id":"https:\/\/www.pressenza.com\/it\/#organization"},"image":{"@id":"https:\/\/www.pressenza.com\/it\/2019\/08\/la-seconda-marcia-mondiale-per-la-pace-e-la-nonviolenza-presentata-in-slovenia-a-pirano\/#primaryimage"},"thumbnailUrl":"https:\/\/www.pressenza.com\/wp-content\/uploads\/2019\/08\/pirano-MM-agosto-18.jpg","keywords":["Marcia Mondiale per la Pace e la Nonviolenza","Seconda Marcia Mondiale per la Pace e la Nonviolenza","Slovenia"],"articleSection":["Comunicati Stampa","Europa","Internazionale","Pace e Disarmo"],"inLanguage":"it-IT"},{"@type":"WebPage","@id":"https:\/\/www.pressenza.com\/it\/2019\/08\/la-seconda-marcia-mondiale-per-la-pace-e-la-nonviolenza-presentata-in-slovenia-a-pirano\/","url":"https:\/\/www.pressenza.com\/it\/2019\/08\/la-seconda-marcia-mondiale-per-la-pace-e-la-nonviolenza-presentata-in-slovenia-a-pirano\/","name":"La Seconda Marcia Mondiale per la Pace e la Nonviolenza presentata in Slovenia a Pirano","isPartOf":{"@id":"https:\/\/www.pressenza.com\/it\/#website"},"primaryImageOfPage":{"@id":"https:\/\/www.pressenza.com\/it\/2019\/08\/la-seconda-marcia-mondiale-per-la-pace-e-la-nonviolenza-presentata-in-slovenia-a-pirano\/#primaryimage"},"image":{"@id":"https:\/\/www.pressenza.com\/it\/2019\/08\/la-seconda-marcia-mondiale-per-la-pace-e-la-nonviolenza-presentata-in-slovenia-a-pirano\/#primaryimage"},"thumbnailUrl":"https:\/\/www.pressenza.com\/wp-content\/uploads\/2019\/08\/pirano-MM-agosto-18.jpg","datePublished":"2019-08-31T21:35:36+00:00","description":"I Sindaci di Capodistria, Isola Ancarano e Aiello (che rappresenta il Coordinamento Enti locali per la Pace del Friuli Venezia Giulia) e il Presidente","breadcrumb":{"@id":"https:\/\/www.pressenza.com\/it\/2019\/08\/la-seconda-marcia-mondiale-per-la-pace-e-la-nonviolenza-presentata-in-slovenia-a-pirano\/#breadcrumb"},"inLanguage":"it-IT","potentialAction":[{"@type":"ReadAction","target":["https:\/\/www.pressenza.com\/it\/2019\/08\/la-seconda-marcia-mondiale-per-la-pace-e-la-nonviolenza-presentata-in-slovenia-a-pirano\/"]}]},{"@type":"ImageObject","inLanguage":"it-IT","@id":"https:\/\/www.pressenza.com\/it\/2019\/08\/la-seconda-marcia-mondiale-per-la-pace-e-la-nonviolenza-presentata-in-slovenia-a-pirano\/#primaryimage","url":"https:\/\/www.pressenza.com\/wp-content\/uploads\/2019\/08\/pirano-MM-agosto-18.jpg","contentUrl":"https:\/\/www.pressenza.com\/wp-content\/uploads\/2019\/08\/pirano-MM-agosto-18.jpg","width":800,"height":600},{"@type":"BreadcrumbList","@id":"https:\/\/www.pressenza.com\/it\/2019\/08\/la-seconda-marcia-mondiale-per-la-pace-e-la-nonviolenza-presentata-in-slovenia-a-pirano\/#breadcrumb","itemListElement":[{"@type":"ListItem","position":1,"name":"Accueil","item":"https:\/\/www.pressenza.com\/it\/"},{"@type":"ListItem","position":2,"name":"La Seconda Marcia Mondiale per la Pace e la Nonviolenza presentata in Slovenia a Pirano"}]},{"@type":"WebSite","@id":"https:\/\/www.pressenza.com\/it\/#website","url":"https:\/\/www.pressenza.com\/it\/","name":"Pressenza","description":"Agenzia di Stampa Internazionale","publisher":{"@id":"https:\/\/www.pressenza.com\/it\/#organization"},"potentialAction":[{"@type":"SearchAction","target":{"@type":"EntryPoint","urlTemplate":"https:\/\/www.pressenza.com\/it\/?s={search_term_string}"},"query-input":{"@type":"PropertyValueSpecification","valueRequired":true,"valueName":"search_term_string"}}],"inLanguage":"it-IT"},{"@type":"Organization","@id":"https:\/\/www.pressenza.com\/it\/#organization","name":"Pressenza","url":"https:\/\/www.pressenza.com\/it\/","logo":{"@type":"ImageObject","inLanguage":"it-IT","@id":"https:\/\/www.pressenza.com\/it\/#\/schema\/logo\/image\/","url":"https:\/\/www.pressenza.com\/wp-content\/uploads\/2022\/10\/pressenza_logo_200x200.jpg","contentUrl":"https:\/\/www.pressenza.com\/wp-content\/uploads\/2022\/10\/pressenza_logo_200x200.jpg","width":200,"height":200,"caption":"Pressenza"},"image":{"@id":"https:\/\/www.pressenza.com\/it\/#\/schema\/logo\/image\/"},"sameAs":["https:\/\/www.facebook.com\/PressenzaItalia","https:\/\/x.com\/PressenzaIPA"]},{"@type":"Person","@id":"https:\/\/www.pressenza.com\/it\/#\/schema\/person\/7695876a0aa9e0602a5de3babecd54ff","name":"Marcia Mondiale per la Pace e la Nonviolenza","sameAs":["https:\/\/theworldmarch.org"],"url":"https:\/\/www.pressenza.com\/it\/author\/marcia-mondiale-per-la-pace-e-la-nonviolenza\/"}]}},"place":"Pirano, Slovenia","original_article_url":"","_links":{"self":[{"href":"https:\/\/www.pressenza.com\/it\/wp-json\/wp\/v2\/posts\/910839","targetHints":{"allow":["GET"]}}],"collection":[{"href":"https:\/\/www.pressenza.com\/it\/wp-json\/wp\/v2\/posts"}],"about":[{"href":"https:\/\/www.pressenza.com\/it\/wp-json\/wp\/v2\/types\/post"}],"author":[{"embeddable":true,"href":"https:\/\/www.pressenza.com\/it\/wp-json\/wp\/v2\/users\/1565"}],"replies":[{"embeddable":true,"href":"https:\/\/www.pressenza.com\/it\/wp-json\/wp\/v2\/comments?post=910839"}],"version-history":[{"count":0,"href":"https:\/\/www.pressenza.com\/it\/wp-json\/wp\/v2\/posts\/910839\/revisions"}],"wp:featuredmedia":[{"embeddable":true,"href":"https:\/\/www.pressenza.com\/it\/wp-json\/wp\/v2\/media\/910841"}],"wp:attachment":[{"href":"https:\/\/www.pressenza.com\/it\/wp-json\/wp\/v2\/media?parent=910839"}],"wp:term":[{"taxonomy":"category","embeddable":true,"href":"https:\/\/www.pressenza.com\/it\/wp-json\/wp\/v2\/categories?post=910839"},{"taxonomy":"post_tag","embeddable":true,"href":"https:\/\/www.pressenza.com\/it\/wp-json\/wp\/v2\/tags?post=910839"}],"curies":[{"name":"wp","href":"https:\/\/api.w.org\/{rel}","templated":true}]}}