{"id":90714,"date":"2014-02-27T20:41:56","date_gmt":"2014-02-27T20:41:56","guid":{"rendered":"http:\/\/www.pressenza.com\/?p=90714"},"modified":"2014-02-28T17:55:42","modified_gmt":"2014-02-28T17:55:42","slug":"ecuador-cosa-sta-succedendo-dopo-le-elezioni","status":"publish","type":"post","link":"https:\/\/www.pressenza.com\/it\/2014\/02\/ecuador-cosa-sta-succedendo-dopo-le-elezioni\/","title":{"rendered":"Ecuador: cosa sta succedendo dopo le elezioni"},"content":{"rendered":"<p>Domenica scorsa, 23 febbraio si sono svolte le elezioni amministrative; si eleggevano consigli di quartiere, sindaci, consiglieri comunali, prefetture e consigli provinciali; in tutto erano in gioco pi\u00f9 di 5000 cariche di rappresentanza politica. Settantadue ore dopo e con pi\u00f9 del 50% dei seggi scrutinati \u00e8 possibile avere un quadro dei dati ed avventurarsi in qualche interpretazione del nuovo panorama politico, dopo il primo anno del secondo mandato di Rafael Correa.<\/p>\n<p>&#8211; \u00a0 Alianza Pa\u00eds (la formazione di governo, n.d.t.) continua ad essere la prima forza politica dell&#8217;Ecuador. Hanno vinto in 10 delle 24 prefetture e in 60 di pi\u00f9 di 200 comuni. I dati non lasciano dubbi. Ciononostante il partito di governo ha perso il municipio di Quito, la capitale e Cuenca, la terza citt\u00e0. In termini di peso politico e d&#8217;opinione e considerando che un anno fa Alianza Pa\u00eds aveva ottenuto un successo impressionante, \u00e8 accaduto quello che il\u00a0 presidente Correa ha chiamato un \u201crovescio elettorale\u201d. Neanche i risultati dell&#8217;Amazzonia ecuadoriana sono stati a favore del\u00a0 partito del presidente Correa. Nel territorio amazzonico ha ripreso forza Pachakutik, braccio politico della Confederaci\u00f3n de Nacionalidades Ind\u00edgenas del Ecuador-CONAIE. (confederazione nazionale indigena).<\/p>\n<p>Le analisi di ogni tipo non si sono fatte attendere. In primo luogo questi risultati potrebbero segnalare un voto critico per la\u00a0<em> Revoluci\u00f3n Ciudadana<\/em>\u00a0 (cos\u00ec Correa e i suoi definiscono l&#8217;azione di governo, una rivoluzione civica, n.d.t.) che, in questo ultimo anno dopo la rielezione,\u00a0 ha preso decisioni che le hanno fatto perdere l&#8217;appoggio di settori della popolazione: lo sfruttamento del Yasun\u00ed ITT, il veto alla depenalizzazione dell&#8217;aborto in caso di violenza sessuale, il nuovo Codice Integrale Penale e la sanzione al noto caricaturista Bonil, popolarissimo a Quito e Guayaquil sono esempi di decisioni che hanno prodotto un certo malcontento. Nel caso di Quito, la decisione del partito di governo di appoggiare visibilmente, con la figura del presidente, la campagna del sindaco uscente Augusto Barrera, sembra aver gocato contro la candidatura: Barrera ha preso il 39%, mentre il suo avversario, Mauricio Rodas, apparso sulla scena politica con il suo partito SUMA soltanto un anno fa, ha ottenuto il 59%.<\/p>\n<p>&#8211;\u00a0\u00a0\u00a0\u00a0\u00a0\u00a0\u00a0\u00a0 Sulla scena politica nazionale il partito AVANZA,\u00a0 socialdemocratico ed alleato del governo (il suo presidente, Ramiro Gonz\u00e1lez, \u00e8 titolare del neo Ministero del Commercio Estero) \u00e8 diventato con queste elezioni la seconda forza politica del paese. Nel suo secondo intervento post elettorale, domenica notte,\u00a0 il presidente Rafael Correa ha criticato i dirigenti di Alianza Pa\u00eds per non aver fatto un&#8217;alleanza nazionale con questo partito, vista l&#8217;alleanza di un anno fa per le elezioni presidenziali e parlamentari. Il presidente ha definito quest&#8217;atteggiamento \u201csettario\u201d e ieri. tornando sul tema, ha affermato che certi militanti del PAIS sbagliano a credere che il movimento sia il fine: \u201cil fine \u00e8 la patria\u201d, ha detto con enfasi. Il presidente ha annunciato cambiamenti ai vertici del partito in alcune provincie, processo da sviluppare nell&#8217;ambito del dibattito interno e delle regole del partito stesso, come ha precisato Betty Tola, Ministro della Gestione Politica.<\/p>\n<p>&#8211;\u00a0\u00a0\u00a0\u00a0\u00a0\u00a0\u00a0\u00a0\u00a0 Altra sorpresa \u00e8 data da Pachacutik, gi\u00e0 citato braccio politico della CONAIE, organizzazione storica e pi\u00f9 rappresentativa dei popoli e delle nazioni indigene. Pachacutik ha ottenuto percentuali molto alte di eletti in tutto il territorio amazzonico. L&#8217;interpretazione non si fa attendere: il disaccordo delle organizzazioni indigene con la decisione di sfruttamento delle risorse minerarie e petrolifere e, in generale, con la linea favorevole all&#8217;estrazione; questo dissenso si \u00e8 manifestato nel voto.<\/p>\n<p>&#8211; \u00a0 \u00a0 \u00a0 \u00a0 \u00a0Tutto sommato, e non \u00e8 cosa da poco, il totale dei voti di Alianza Pa\u00eds, Avanza y Pachacutik mostra una tendenza del voto a sinistra in tutto il paese e questo senza negare l&#8217;avanzamento della destra: CREO, il partito del banchiere Guillermo Lasso e SUMA, di Mauricio Rodas, sono la terza forza a livello nazionale<\/p>\n<p>Questo \u00e8 un primo quadro dei risultati elettorali in Ecuador. La scena \u00e8 cambiata. Ci sono pi\u00f9 colori e meno verde flex (il colore del partito di governo, nd.t.). Noi che appoggiamo con speranza il processo della <em>Revoluci\u00f3n Ciudadana<\/em> ci aspettiamo un atteggiamento riflessivo e autocritico che permetta di identificare gli errori, definire nuove strategie e correggere quelle tendenze che hanno indebolito il progetto politico per il quale l&#8217;Ecuador ha votato sistematicamente a partire dal 2006; ci aspettiamo un atteggiamento di apertura e dialogo, che permetta nuovi avvicinamenti e alleanze che rafforzino la voglia del popolo ecuadoriano di approfondire e radicalizzare questo processo.<\/p>\n<p>Nota 1: Tutti in Ecuador sapevamo che in febbraio ci sarebbero stati cambiamenti ministeriali. Era un fatto annunciato. La\u00a0 causa non sono i risultati elettorali, ma l&#8217;esigenza di rinnovare il governo. La sola variente \u00e8 che verranno presi in considerazione come possibili ministri membri di Alianza Pa\u00eds che non hanno vinto nella contesa elettorale.<\/p>\n<p>Nota\u00a0 2: L&#8217;avanzata della destra in Ecuador non \u00e8 un accidente minore ed \u00e8 legata alla strategia di avanzamento della destra in tutto il continente. Ma questo \u00e8 tema di un&#8217;altra riflessione.<\/p>\n","protected":false},"excerpt":{"rendered":"<p>Domenica scorsa, 23 febbraio si sono svolte le elezioni amministrative; si eleggevano consigli di quartiere, sindaci, consiglieri comunali, prefetture e consigli provinciali; in tutto erano in gioco pi\u00f9 di 5000 cariche di rappresentanza politica. Settantadue ore dopo e con pi\u00f9&hellip;<\/p>\n","protected":false},"author":454,"featured_media":90724,"comment_status":"closed","ping_status":"open","sticky":false,"template":"","format":"standard","meta":{"footnotes":""},"categories":[38,162,55,48],"tags":[1550,6287,8797],"class_list":["post-90714","post","type-post","status-publish","format-standard","has-post-thumbnail","hentry","category-internazionale","category-opinioni","category-politica","category-sud-america","tag-ecuador-it","tag-elezioni-amministrative","tag-rafael-correa-it"],"yoast_head":"<!-- This site is optimized with the Yoast SEO plugin v27.1.1 - https:\/\/yoast.com\/product\/yoast-seo-wordpress\/ -->\n<title>Ecuador: cosa sta succedendo dopo le elezioni<\/title>\n<meta name=\"description\" content=\"Domenica scorsa, 23 febbraio si sono svolte le elezioni amministrative; si eleggevano consigli di quartiere, sindaci, consiglieri comunali, prefetture e\" \/>\n<meta name=\"robots\" content=\"index, follow, max-snippet:-1, max-image-preview:large, max-video-preview:-1\" \/>\n<link rel=\"canonical\" href=\"https:\/\/www.pressenza.com\/it\/2014\/02\/ecuador-cosa-sta-succedendo-dopo-le-elezioni\/\" \/>\n<meta property=\"og:locale\" content=\"it_IT\" \/>\n<meta property=\"og:type\" content=\"article\" \/>\n<meta property=\"og:title\" content=\"Ecuador: cosa sta succedendo dopo le elezioni\" \/>\n<meta property=\"og:description\" content=\"Domenica scorsa, 23 febbraio si sono svolte le elezioni amministrative; si eleggevano consigli di quartiere, sindaci, consiglieri comunali, prefetture e\" \/>\n<meta property=\"og:url\" content=\"https:\/\/www.pressenza.com\/it\/2014\/02\/ecuador-cosa-sta-succedendo-dopo-le-elezioni\/\" \/>\n<meta property=\"og:site_name\" content=\"Pressenza\" \/>\n<meta property=\"article:publisher\" content=\"https:\/\/www.facebook.com\/PressenzaItalia\" \/>\n<meta property=\"article:published_time\" content=\"2014-02-27T20:41:56+00:00\" \/>\n<meta property=\"article:modified_time\" content=\"2014-02-28T17:55:42+00:00\" \/>\n<meta property=\"og:image\" content=\"https:\/\/www.pressenza.com\/wp-content\/uploads\/2014\/02\/elecciones-ecuador-walker.jpg\" \/>\n\t<meta property=\"og:image:width\" content=\"960\" \/>\n\t<meta property=\"og:image:height\" content=\"711\" \/>\n\t<meta property=\"og:image:type\" content=\"image\/jpeg\" \/>\n<meta name=\"author\" content=\"Nelsy Lizarazo\" \/>\n<meta name=\"twitter:card\" content=\"summary_large_image\" \/>\n<meta name=\"twitter:creator\" content=\"@PressenzaIPA\" \/>\n<meta name=\"twitter:site\" content=\"@PressenzaIPA\" \/>\n<meta name=\"twitter:label1\" content=\"Scritto da\" \/>\n\t<meta name=\"twitter:data1\" content=\"Nelsy Lizarazo\" \/>\n\t<meta name=\"twitter:label2\" content=\"Tempo di lettura stimato\" \/>\n\t<meta name=\"twitter:data2\" content=\"4 minuti\" \/>\n<script type=\"application\/ld+json\" class=\"yoast-schema-graph\">{\"@context\":\"https:\/\/schema.org\",\"@graph\":[{\"@type\":\"Article\",\"@id\":\"https:\/\/www.pressenza.com\/it\/2014\/02\/ecuador-cosa-sta-succedendo-dopo-le-elezioni\/#article\",\"isPartOf\":{\"@id\":\"https:\/\/www.pressenza.com\/it\/2014\/02\/ecuador-cosa-sta-succedendo-dopo-le-elezioni\/\"},\"author\":{\"name\":\"Nelsy Lizarazo\",\"@id\":\"https:\/\/www.pressenza.com\/it\/#\/schema\/person\/25aa5b5c387ba3badce63b165da09f9c\"},\"headline\":\"Ecuador: cosa sta succedendo dopo le elezioni\",\"datePublished\":\"2014-02-27T20:41:56+00:00\",\"dateModified\":\"2014-02-28T17:55:42+00:00\",\"mainEntityOfPage\":{\"@id\":\"https:\/\/www.pressenza.com\/it\/2014\/02\/ecuador-cosa-sta-succedendo-dopo-le-elezioni\/\"},\"wordCount\":826,\"publisher\":{\"@id\":\"https:\/\/www.pressenza.com\/it\/#organization\"},\"image\":{\"@id\":\"https:\/\/www.pressenza.com\/it\/2014\/02\/ecuador-cosa-sta-succedendo-dopo-le-elezioni\/#primaryimage\"},\"thumbnailUrl\":\"https:\/\/www.pressenza.com\/wp-content\/uploads\/2014\/02\/elecciones-ecuador-walker.jpg\",\"keywords\":[\"Ecuador\",\"elezioni amministrative\",\"Rafael Correa\"],\"articleSection\":[\"Internazionale\",\"Opinioni\",\"Politica\",\"Sud America\"],\"inLanguage\":\"it-IT\"},{\"@type\":\"WebPage\",\"@id\":\"https:\/\/www.pressenza.com\/it\/2014\/02\/ecuador-cosa-sta-succedendo-dopo-le-elezioni\/\",\"url\":\"https:\/\/www.pressenza.com\/it\/2014\/02\/ecuador-cosa-sta-succedendo-dopo-le-elezioni\/\",\"name\":\"Ecuador: cosa sta succedendo dopo le elezioni\",\"isPartOf\":{\"@id\":\"https:\/\/www.pressenza.com\/it\/#website\"},\"primaryImageOfPage\":{\"@id\":\"https:\/\/www.pressenza.com\/it\/2014\/02\/ecuador-cosa-sta-succedendo-dopo-le-elezioni\/#primaryimage\"},\"image\":{\"@id\":\"https:\/\/www.pressenza.com\/it\/2014\/02\/ecuador-cosa-sta-succedendo-dopo-le-elezioni\/#primaryimage\"},\"thumbnailUrl\":\"https:\/\/www.pressenza.com\/wp-content\/uploads\/2014\/02\/elecciones-ecuador-walker.jpg\",\"datePublished\":\"2014-02-27T20:41:56+00:00\",\"dateModified\":\"2014-02-28T17:55:42+00:00\",\"description\":\"Domenica scorsa, 23 febbraio si sono svolte le elezioni amministrative; si eleggevano consigli di quartiere, sindaci, consiglieri comunali, prefetture e\",\"breadcrumb\":{\"@id\":\"https:\/\/www.pressenza.com\/it\/2014\/02\/ecuador-cosa-sta-succedendo-dopo-le-elezioni\/#breadcrumb\"},\"inLanguage\":\"it-IT\",\"potentialAction\":[{\"@type\":\"ReadAction\",\"target\":[\"https:\/\/www.pressenza.com\/it\/2014\/02\/ecuador-cosa-sta-succedendo-dopo-le-elezioni\/\"]}]},{\"@type\":\"ImageObject\",\"inLanguage\":\"it-IT\",\"@id\":\"https:\/\/www.pressenza.com\/it\/2014\/02\/ecuador-cosa-sta-succedendo-dopo-le-elezioni\/#primaryimage\",\"url\":\"https:\/\/www.pressenza.com\/wp-content\/uploads\/2014\/02\/elecciones-ecuador-walker.jpg\",\"contentUrl\":\"https:\/\/www.pressenza.com\/wp-content\/uploads\/2014\/02\/elecciones-ecuador-walker.jpg\",\"width\":960,\"height\":711},{\"@type\":\"BreadcrumbList\",\"@id\":\"https:\/\/www.pressenza.com\/it\/2014\/02\/ecuador-cosa-sta-succedendo-dopo-le-elezioni\/#breadcrumb\",\"itemListElement\":[{\"@type\":\"ListItem\",\"position\":1,\"name\":\"Accueil\",\"item\":\"https:\/\/www.pressenza.com\/it\/\"},{\"@type\":\"ListItem\",\"position\":2,\"name\":\"Ecuador: cosa sta succedendo dopo le elezioni\"}]},{\"@type\":\"WebSite\",\"@id\":\"https:\/\/www.pressenza.com\/it\/#website\",\"url\":\"https:\/\/www.pressenza.com\/it\/\",\"name\":\"Pressenza\",\"description\":\"Agenzia di Stampa Internazionale\",\"publisher\":{\"@id\":\"https:\/\/www.pressenza.com\/it\/#organization\"},\"potentialAction\":[{\"@type\":\"SearchAction\",\"target\":{\"@type\":\"EntryPoint\",\"urlTemplate\":\"https:\/\/www.pressenza.com\/it\/?s={search_term_string}\"},\"query-input\":{\"@type\":\"PropertyValueSpecification\",\"valueRequired\":true,\"valueName\":\"search_term_string\"}}],\"inLanguage\":\"it-IT\"},{\"@type\":\"Organization\",\"@id\":\"https:\/\/www.pressenza.com\/it\/#organization\",\"name\":\"Pressenza\",\"url\":\"https:\/\/www.pressenza.com\/it\/\",\"logo\":{\"@type\":\"ImageObject\",\"inLanguage\":\"it-IT\",\"@id\":\"https:\/\/www.pressenza.com\/it\/#\/schema\/logo\/image\/\",\"url\":\"https:\/\/www.pressenza.com\/wp-content\/uploads\/2022\/10\/pressenza_logo_200x200.jpg\",\"contentUrl\":\"https:\/\/www.pressenza.com\/wp-content\/uploads\/2022\/10\/pressenza_logo_200x200.jpg\",\"width\":200,\"height\":200,\"caption\":\"Pressenza\"},\"image\":{\"@id\":\"https:\/\/www.pressenza.com\/it\/#\/schema\/logo\/image\/\"},\"sameAs\":[\"https:\/\/www.facebook.com\/PressenzaItalia\",\"https:\/\/x.com\/PressenzaIPA\"]},{\"@type\":\"Person\",\"@id\":\"https:\/\/www.pressenza.com\/it\/#\/schema\/person\/25aa5b5c387ba3badce63b165da09f9c\",\"name\":\"Nelsy Lizarazo\",\"description\":\"Nelsy Lizarazo, Colombian, living in Quito, Ecuador. Professional background in philosophy, literature, political sciences and international relations.\",\"url\":\"https:\/\/www.pressenza.com\/it\/author\/nelsy-lizarazo\/\"}]}<\/script>\n<!-- \/ Yoast SEO plugin. -->","yoast_head_json":{"title":"Ecuador: cosa sta succedendo dopo le elezioni","description":"Domenica scorsa, 23 febbraio si sono svolte le elezioni amministrative; si eleggevano consigli di quartiere, sindaci, consiglieri comunali, prefetture e","robots":{"index":"index","follow":"follow","max-snippet":"max-snippet:-1","max-image-preview":"max-image-preview:large","max-video-preview":"max-video-preview:-1"},"canonical":"https:\/\/www.pressenza.com\/it\/2014\/02\/ecuador-cosa-sta-succedendo-dopo-le-elezioni\/","og_locale":"it_IT","og_type":"article","og_title":"Ecuador: cosa sta succedendo dopo le elezioni","og_description":"Domenica scorsa, 23 febbraio si sono svolte le elezioni amministrative; si eleggevano consigli di quartiere, sindaci, consiglieri comunali, prefetture e","og_url":"https:\/\/www.pressenza.com\/it\/2014\/02\/ecuador-cosa-sta-succedendo-dopo-le-elezioni\/","og_site_name":"Pressenza","article_publisher":"https:\/\/www.facebook.com\/PressenzaItalia","article_published_time":"2014-02-27T20:41:56+00:00","article_modified_time":"2014-02-28T17:55:42+00:00","og_image":[{"width":960,"height":711,"url":"https:\/\/www.pressenza.com\/wp-content\/uploads\/2014\/02\/elecciones-ecuador-walker.jpg","type":"image\/jpeg"}],"author":"Nelsy Lizarazo","twitter_card":"summary_large_image","twitter_creator":"@PressenzaIPA","twitter_site":"@PressenzaIPA","twitter_misc":{"Scritto da":"Nelsy Lizarazo","Tempo di lettura stimato":"4 minuti"},"schema":{"@context":"https:\/\/schema.org","@graph":[{"@type":"Article","@id":"https:\/\/www.pressenza.com\/it\/2014\/02\/ecuador-cosa-sta-succedendo-dopo-le-elezioni\/#article","isPartOf":{"@id":"https:\/\/www.pressenza.com\/it\/2014\/02\/ecuador-cosa-sta-succedendo-dopo-le-elezioni\/"},"author":{"name":"Nelsy Lizarazo","@id":"https:\/\/www.pressenza.com\/it\/#\/schema\/person\/25aa5b5c387ba3badce63b165da09f9c"},"headline":"Ecuador: cosa sta succedendo dopo le elezioni","datePublished":"2014-02-27T20:41:56+00:00","dateModified":"2014-02-28T17:55:42+00:00","mainEntityOfPage":{"@id":"https:\/\/www.pressenza.com\/it\/2014\/02\/ecuador-cosa-sta-succedendo-dopo-le-elezioni\/"},"wordCount":826,"publisher":{"@id":"https:\/\/www.pressenza.com\/it\/#organization"},"image":{"@id":"https:\/\/www.pressenza.com\/it\/2014\/02\/ecuador-cosa-sta-succedendo-dopo-le-elezioni\/#primaryimage"},"thumbnailUrl":"https:\/\/www.pressenza.com\/wp-content\/uploads\/2014\/02\/elecciones-ecuador-walker.jpg","keywords":["Ecuador","elezioni amministrative","Rafael Correa"],"articleSection":["Internazionale","Opinioni","Politica","Sud America"],"inLanguage":"it-IT"},{"@type":"WebPage","@id":"https:\/\/www.pressenza.com\/it\/2014\/02\/ecuador-cosa-sta-succedendo-dopo-le-elezioni\/","url":"https:\/\/www.pressenza.com\/it\/2014\/02\/ecuador-cosa-sta-succedendo-dopo-le-elezioni\/","name":"Ecuador: cosa sta succedendo dopo le elezioni","isPartOf":{"@id":"https:\/\/www.pressenza.com\/it\/#website"},"primaryImageOfPage":{"@id":"https:\/\/www.pressenza.com\/it\/2014\/02\/ecuador-cosa-sta-succedendo-dopo-le-elezioni\/#primaryimage"},"image":{"@id":"https:\/\/www.pressenza.com\/it\/2014\/02\/ecuador-cosa-sta-succedendo-dopo-le-elezioni\/#primaryimage"},"thumbnailUrl":"https:\/\/www.pressenza.com\/wp-content\/uploads\/2014\/02\/elecciones-ecuador-walker.jpg","datePublished":"2014-02-27T20:41:56+00:00","dateModified":"2014-02-28T17:55:42+00:00","description":"Domenica scorsa, 23 febbraio si sono svolte le elezioni amministrative; si eleggevano consigli di quartiere, sindaci, consiglieri comunali, prefetture e","breadcrumb":{"@id":"https:\/\/www.pressenza.com\/it\/2014\/02\/ecuador-cosa-sta-succedendo-dopo-le-elezioni\/#breadcrumb"},"inLanguage":"it-IT","potentialAction":[{"@type":"ReadAction","target":["https:\/\/www.pressenza.com\/it\/2014\/02\/ecuador-cosa-sta-succedendo-dopo-le-elezioni\/"]}]},{"@type":"ImageObject","inLanguage":"it-IT","@id":"https:\/\/www.pressenza.com\/it\/2014\/02\/ecuador-cosa-sta-succedendo-dopo-le-elezioni\/#primaryimage","url":"https:\/\/www.pressenza.com\/wp-content\/uploads\/2014\/02\/elecciones-ecuador-walker.jpg","contentUrl":"https:\/\/www.pressenza.com\/wp-content\/uploads\/2014\/02\/elecciones-ecuador-walker.jpg","width":960,"height":711},{"@type":"BreadcrumbList","@id":"https:\/\/www.pressenza.com\/it\/2014\/02\/ecuador-cosa-sta-succedendo-dopo-le-elezioni\/#breadcrumb","itemListElement":[{"@type":"ListItem","position":1,"name":"Accueil","item":"https:\/\/www.pressenza.com\/it\/"},{"@type":"ListItem","position":2,"name":"Ecuador: cosa sta succedendo dopo le elezioni"}]},{"@type":"WebSite","@id":"https:\/\/www.pressenza.com\/it\/#website","url":"https:\/\/www.pressenza.com\/it\/","name":"Pressenza","description":"Agenzia di Stampa Internazionale","publisher":{"@id":"https:\/\/www.pressenza.com\/it\/#organization"},"potentialAction":[{"@type":"SearchAction","target":{"@type":"EntryPoint","urlTemplate":"https:\/\/www.pressenza.com\/it\/?s={search_term_string}"},"query-input":{"@type":"PropertyValueSpecification","valueRequired":true,"valueName":"search_term_string"}}],"inLanguage":"it-IT"},{"@type":"Organization","@id":"https:\/\/www.pressenza.com\/it\/#organization","name":"Pressenza","url":"https:\/\/www.pressenza.com\/it\/","logo":{"@type":"ImageObject","inLanguage":"it-IT","@id":"https:\/\/www.pressenza.com\/it\/#\/schema\/logo\/image\/","url":"https:\/\/www.pressenza.com\/wp-content\/uploads\/2022\/10\/pressenza_logo_200x200.jpg","contentUrl":"https:\/\/www.pressenza.com\/wp-content\/uploads\/2022\/10\/pressenza_logo_200x200.jpg","width":200,"height":200,"caption":"Pressenza"},"image":{"@id":"https:\/\/www.pressenza.com\/it\/#\/schema\/logo\/image\/"},"sameAs":["https:\/\/www.facebook.com\/PressenzaItalia","https:\/\/x.com\/PressenzaIPA"]},{"@type":"Person","@id":"https:\/\/www.pressenza.com\/it\/#\/schema\/person\/25aa5b5c387ba3badce63b165da09f9c","name":"Nelsy Lizarazo","description":"Nelsy Lizarazo, Colombian, living in Quito, Ecuador. Professional background in philosophy, literature, political sciences and international relations.","url":"https:\/\/www.pressenza.com\/it\/author\/nelsy-lizarazo\/"}]}},"place":"","original_article_url":"","_links":{"self":[{"href":"https:\/\/www.pressenza.com\/it\/wp-json\/wp\/v2\/posts\/90714","targetHints":{"allow":["GET"]}}],"collection":[{"href":"https:\/\/www.pressenza.com\/it\/wp-json\/wp\/v2\/posts"}],"about":[{"href":"https:\/\/www.pressenza.com\/it\/wp-json\/wp\/v2\/types\/post"}],"author":[{"embeddable":true,"href":"https:\/\/www.pressenza.com\/it\/wp-json\/wp\/v2\/users\/454"}],"replies":[{"embeddable":true,"href":"https:\/\/www.pressenza.com\/it\/wp-json\/wp\/v2\/comments?post=90714"}],"version-history":[{"count":0,"href":"https:\/\/www.pressenza.com\/it\/wp-json\/wp\/v2\/posts\/90714\/revisions"}],"wp:featuredmedia":[{"embeddable":true,"href":"https:\/\/www.pressenza.com\/it\/wp-json\/wp\/v2\/media\/90724"}],"wp:attachment":[{"href":"https:\/\/www.pressenza.com\/it\/wp-json\/wp\/v2\/media?parent=90714"}],"wp:term":[{"taxonomy":"category","embeddable":true,"href":"https:\/\/www.pressenza.com\/it\/wp-json\/wp\/v2\/categories?post=90714"},{"taxonomy":"post_tag","embeddable":true,"href":"https:\/\/www.pressenza.com\/it\/wp-json\/wp\/v2\/tags?post=90714"}],"curies":[{"name":"wp","href":"https:\/\/api.w.org\/{rel}","templated":true}]}}