{"id":905884,"date":"2019-08-21T11:35:37","date_gmt":"2019-08-21T10:35:37","guid":{"rendered":"https:\/\/www.pressenza.com\/?p=905884"},"modified":"2019-08-21T11:35:37","modified_gmt":"2019-08-21T10:35:37","slug":"crisi-di-governo-fra-emergenza-e-rinascita","status":"publish","type":"post","link":"https:\/\/www.pressenza.com\/it\/2019\/08\/crisi-di-governo-fra-emergenza-e-rinascita\/","title":{"rendered":"Crisi di governo: fra emergenza e rinascita"},"content":{"rendered":"<p>Non mi sorprendo che questo governo sia caduto. Mi sorprendo che sia cominciato. Senza una visione di societ\u00e0, senza un progetto sociale e ambientale, il governo giallo verde si \u00e8 formato con l\u2019unico obiettivo di permettere alle due forze di prendere il potere e potersi consolidare, ognuna per conto proprio, realizzando ci\u00f2 che a ognuna delle due parti interessava per rafforzare il consenso nel proprio bacino elettorale: lotta all\u2019immigrazione, quota cento e flat tax per la Lega, reddito di cittadinanza, un po\u2019 di moralizzazione politica, riduzione dei parlamentari per il M5S.<\/p>\n<p>Un atteggiamento qualunquista da ambedue le parti che si reggeva sul presupposto che ci\u00f2 che interessava a una parte non avrebbe compromesso ci\u00f2 che interessava all\u2019altra. E sa ha funzionato inizialmente su scelte che infliggevano sofferenze a chi non ha potere (migranti) e garantiva miglioramenti a certe categorie (pensionandi e senza reddito) senza scontentare nessuno perch\u00e9 realizzate a debito, poi i nodi sono venuti al pettine quando si \u00e8 trattato di affrontare temi su cui le divergenze esistono, non so se per calcoli elettorali o per convinzione profonda. Mi riferisco in particolare all\u2019autonomia regionale e alle grandi opere, dove una delle due parti doveva cedere e scornarsi col proprio elettorato. Come sia andata lo sappiamo: la presenza al governo ha permesso a Salvini di realizzare le sue bravate xenofobe\u00a0 raddoppiando i consensi, mentre il M5S si \u00e8 dimezzato, forse destinato a un lento, ma inesorabile tramonto. Una meteora che come \u00e8 comparsa cos\u00ec sparisce perch\u00e9 senza chiarezza di intenti e di identit\u00e0 si fa il fuoco di paglia, non la fiamma che dura. Sul vaffa si costruisce l\u2019acclamazione, non un governo. Per governare un paese serve un\u2019idea di societ\u00e0 e di economia, che, mi dispiace dirlo, il M5S non ha, ondeggiando fra crescita e decrescita, mercantilismo e dirigismo, europeismo e nazionalismo, sobriet\u00e0 e consumismo, rigore e debito.<\/p>\n<p>Ora si pongono due problemi: tamponamento dell\u2019emergenza e costruzione di un progetto di lunga durata. Sull\u2019emergenza sarei per una soluzione che rinvia le elezioni: servirebbe a raffreddare il consenso verso Salvini che reputo una vera minaccia per l\u2019autoritarismo, l\u2019individualismo, lo spirito xenofobo, \u00a0la volont\u00e0 demolitoria della casa comune. Un governo di transizione che cerca di rimediare ai peggiori provvedimenti anti-migranti dell\u2019ultimo anno, che cerca di evitare l\u2019aumento dell\u2019Iva, che cerca di tamponare le crisi industriali in atto, che cerca di introdurre dei correttivi verso una maggiore equit\u00e0 e rafforzamento di servizi essenziali come sanit\u00e0 e scuola, che cerca di rilanciare l\u2019occupazione in ambito pubblico. In una parola che cerca di imprimere una svolta al neoliberismo rigorista che ci ha governato negli ultimi anni e che ha fatto crescere il cattivismo nel nostro paese. Vista la distribuzione delle forze in Parlamento non credo che sia possibile un governo di lunga durata. Per un programma di governo duraturo servono unit\u00e0 di vedute che oggi non ci sono, per cui meglio essere onesti e fare solo ci\u00f2 che \u00e8 possibile fare, ossia limitare i danni.<\/p>\n<p>Contemporaneamente serve lavorare per la rinascita di una visione politica capace di affrontare i nodi che cinque secoli di malsviluppo ci hanno lasciato in eredit\u00e0. E qui non serve rinchiudersi nella vecchia visione nazionalistica che divide il mondo in bandiere. Al contrario serve una chiara visione di valori e la consapevolezza che il problema non \u00e8 l\u2019Europa come principio, ma l\u2019Europa come attuazione. Il problema non \u00e8 la Germania, il problema \u00e8 una visione di Europa che ha posto i principi mercantilisti a fondamento della propria costruzione, da cui \u00e8 derivata una certa gestione dell\u2019euro, una certa gestione del debito pubblico, un acuirsi della concorrenza fra Stati membri basato sulla riduzione salariale e sistemi fiscali sempre pi\u00f9 accomodanti per le imprese. Serve la capacit\u00e0 di riconoscere i nostri errori storici nei confronti del Sud del mondo e sapere cambiare le regole del commercio internazionale e della cooperazione per correggere le pi\u00f9 gravi storture che oggi provocano le migrazioni forzate. Serve la capacit\u00e0 di pensare un vero progetto di transizione ecologica che non si limiti all\u2019ambito energetico, ma si estenda all\u2019economia circolare e a forme di consumo pi\u00f9 razionali per risparmiare su tutte le materie prime e ridurre la produzione di tutti i rifiuti. Il rinvio delle elezioni ci potrebbe dare il tempo per riportare il dibattito politico sui veri nodi che abbiamo di fronte a noi e far capire che solo con una nuova visione ispirata a inclusione, equit\u00e0, bene comune, sostenibilit\u00e0 possiamo garantirci non solo un futuro, ma\u00a0 anche trovare soluzione ai problemi pi\u00f9 urgenti che oggi ci angosciano.<\/p>\n","protected":false},"excerpt":{"rendered":"<p>Non mi sorprendo che questo governo sia caduto. Mi sorprendo che sia cominciato. Senza una visione di societ\u00e0, senza un progetto sociale e ambientale, il governo giallo verde si \u00e8 formato con l\u2019unico obiettivo di permettere alle due forze di&hellip;<\/p>\n","protected":false},"author":999,"featured_media":905885,"comment_status":"closed","ping_status":"closed","sticky":false,"template":"","format":"standard","meta":{"footnotes":""},"categories":[11388,47,162,55],"tags":[55102,46537,23862,6998,2636,50470],"class_list":["post-905884","post","type-post","status-publish","format-standard","has-post-thumbnail","hentry","category-contenuti-originali","category-europa","category-opinioni","category-politica","tag-5-stelle-it","tag-crisi-di-governo","tag-europa-es-2-it","tag-lega","tag-migranti","tag-transizione-ecologica"],"yoast_head":"<!-- This site is optimized with the Yoast SEO plugin v27.1.1 - https:\/\/yoast.com\/product\/yoast-seo-wordpress\/ -->\n<title>Crisi di governo: fra emergenza e rinascita<\/title>\n<meta name=\"description\" content=\"Non mi sorprendo che questo governo sia caduto. Mi sorprendo che sia cominciato. Senza una visione di societ\u00e0, senza un progetto sociale e ambientale, il\" \/>\n<meta name=\"robots\" content=\"index, follow, max-snippet:-1, max-image-preview:large, max-video-preview:-1\" \/>\n<link rel=\"canonical\" href=\"https:\/\/www.pressenza.com\/it\/2019\/08\/crisi-di-governo-fra-emergenza-e-rinascita\/\" \/>\n<meta property=\"og:locale\" content=\"it_IT\" \/>\n<meta property=\"og:type\" content=\"article\" \/>\n<meta property=\"og:title\" content=\"Crisi di governo: fra emergenza e rinascita\" \/>\n<meta property=\"og:description\" content=\"Non mi sorprendo che questo governo sia caduto. Mi sorprendo che sia cominciato. Senza una visione di societ\u00e0, senza un progetto sociale e ambientale, il\" \/>\n<meta property=\"og:url\" content=\"https:\/\/www.pressenza.com\/it\/2019\/08\/crisi-di-governo-fra-emergenza-e-rinascita\/\" \/>\n<meta property=\"og:site_name\" content=\"Pressenza\" \/>\n<meta property=\"article:publisher\" content=\"https:\/\/www.facebook.com\/PressenzaItalia\" \/>\n<meta property=\"article:published_time\" content=\"2019-08-21T10:35:37+00:00\" \/>\n<meta property=\"og:image\" content=\"https:\/\/www.pressenza.com\/wp-content\/uploads\/2019\/08\/Conte-Di-Maio-e-Salvini.jpg\" \/>\n\t<meta property=\"og:image:width\" content=\"1200\" \/>\n\t<meta property=\"og:image:height\" content=\"798\" \/>\n\t<meta property=\"og:image:type\" content=\"image\/jpeg\" \/>\n<meta name=\"author\" content=\"Francesco Gesualdi\" \/>\n<meta name=\"twitter:card\" content=\"summary_large_image\" \/>\n<meta name=\"twitter:creator\" content=\"@PressenzaIPA\" \/>\n<meta name=\"twitter:site\" content=\"@PressenzaIPA\" \/>\n<meta name=\"twitter:label1\" content=\"Scritto da\" \/>\n\t<meta name=\"twitter:data1\" content=\"Francesco Gesualdi\" \/>\n\t<meta name=\"twitter:label2\" content=\"Tempo di lettura stimato\" \/>\n\t<meta name=\"twitter:data2\" content=\"4 minuti\" \/>\n<script type=\"application\/ld+json\" class=\"yoast-schema-graph\">{\"@context\":\"https:\/\/schema.org\",\"@graph\":[{\"@type\":\"Article\",\"@id\":\"https:\/\/www.pressenza.com\/it\/2019\/08\/crisi-di-governo-fra-emergenza-e-rinascita\/#article\",\"isPartOf\":{\"@id\":\"https:\/\/www.pressenza.com\/it\/2019\/08\/crisi-di-governo-fra-emergenza-e-rinascita\/\"},\"author\":{\"name\":\"Francesco Gesualdi\",\"@id\":\"https:\/\/www.pressenza.com\/it\/#\/schema\/person\/917a3e02e872b079ec9f4bdf7fe2b93d\"},\"headline\":\"Crisi di governo: fra emergenza e rinascita\",\"datePublished\":\"2019-08-21T10:35:37+00:00\",\"mainEntityOfPage\":{\"@id\":\"https:\/\/www.pressenza.com\/it\/2019\/08\/crisi-di-governo-fra-emergenza-e-rinascita\/\"},\"wordCount\":770,\"publisher\":{\"@id\":\"https:\/\/www.pressenza.com\/it\/#organization\"},\"image\":{\"@id\":\"https:\/\/www.pressenza.com\/it\/2019\/08\/crisi-di-governo-fra-emergenza-e-rinascita\/#primaryimage\"},\"thumbnailUrl\":\"https:\/\/www.pressenza.com\/wp-content\/uploads\/2019\/08\/Conte-Di-Maio-e-Salvini.jpg\",\"keywords\":[\"5 Stelle\",\"crisi di governo\",\"Europa\",\"Lega\",\"migranti\",\"Transizione ecologica\"],\"articleSection\":[\"contenuti originali\",\"Europa\",\"Opinioni\",\"Politica\"],\"inLanguage\":\"it-IT\"},{\"@type\":\"WebPage\",\"@id\":\"https:\/\/www.pressenza.com\/it\/2019\/08\/crisi-di-governo-fra-emergenza-e-rinascita\/\",\"url\":\"https:\/\/www.pressenza.com\/it\/2019\/08\/crisi-di-governo-fra-emergenza-e-rinascita\/\",\"name\":\"Crisi di governo: fra emergenza e rinascita\",\"isPartOf\":{\"@id\":\"https:\/\/www.pressenza.com\/it\/#website\"},\"primaryImageOfPage\":{\"@id\":\"https:\/\/www.pressenza.com\/it\/2019\/08\/crisi-di-governo-fra-emergenza-e-rinascita\/#primaryimage\"},\"image\":{\"@id\":\"https:\/\/www.pressenza.com\/it\/2019\/08\/crisi-di-governo-fra-emergenza-e-rinascita\/#primaryimage\"},\"thumbnailUrl\":\"https:\/\/www.pressenza.com\/wp-content\/uploads\/2019\/08\/Conte-Di-Maio-e-Salvini.jpg\",\"datePublished\":\"2019-08-21T10:35:37+00:00\",\"description\":\"Non mi sorprendo che questo governo sia caduto. Mi sorprendo che sia cominciato. Senza una visione di societ\u00e0, senza un progetto sociale e ambientale, il\",\"breadcrumb\":{\"@id\":\"https:\/\/www.pressenza.com\/it\/2019\/08\/crisi-di-governo-fra-emergenza-e-rinascita\/#breadcrumb\"},\"inLanguage\":\"it-IT\",\"potentialAction\":[{\"@type\":\"ReadAction\",\"target\":[\"https:\/\/www.pressenza.com\/it\/2019\/08\/crisi-di-governo-fra-emergenza-e-rinascita\/\"]}]},{\"@type\":\"ImageObject\",\"inLanguage\":\"it-IT\",\"@id\":\"https:\/\/www.pressenza.com\/it\/2019\/08\/crisi-di-governo-fra-emergenza-e-rinascita\/#primaryimage\",\"url\":\"https:\/\/www.pressenza.com\/wp-content\/uploads\/2019\/08\/Conte-Di-Maio-e-Salvini.jpg\",\"contentUrl\":\"https:\/\/www.pressenza.com\/wp-content\/uploads\/2019\/08\/Conte-Di-Maio-e-Salvini.jpg\",\"width\":1200,\"height\":798},{\"@type\":\"BreadcrumbList\",\"@id\":\"https:\/\/www.pressenza.com\/it\/2019\/08\/crisi-di-governo-fra-emergenza-e-rinascita\/#breadcrumb\",\"itemListElement\":[{\"@type\":\"ListItem\",\"position\":1,\"name\":\"Accueil\",\"item\":\"https:\/\/www.pressenza.com\/it\/\"},{\"@type\":\"ListItem\",\"position\":2,\"name\":\"Crisi di governo: fra emergenza e rinascita\"}]},{\"@type\":\"WebSite\",\"@id\":\"https:\/\/www.pressenza.com\/it\/#website\",\"url\":\"https:\/\/www.pressenza.com\/it\/\",\"name\":\"Pressenza\",\"description\":\"Agenzia di Stampa Internazionale\",\"publisher\":{\"@id\":\"https:\/\/www.pressenza.com\/it\/#organization\"},\"potentialAction\":[{\"@type\":\"SearchAction\",\"target\":{\"@type\":\"EntryPoint\",\"urlTemplate\":\"https:\/\/www.pressenza.com\/it\/?s={search_term_string}\"},\"query-input\":{\"@type\":\"PropertyValueSpecification\",\"valueRequired\":true,\"valueName\":\"search_term_string\"}}],\"inLanguage\":\"it-IT\"},{\"@type\":\"Organization\",\"@id\":\"https:\/\/www.pressenza.com\/it\/#organization\",\"name\":\"Pressenza\",\"url\":\"https:\/\/www.pressenza.com\/it\/\",\"logo\":{\"@type\":\"ImageObject\",\"inLanguage\":\"it-IT\",\"@id\":\"https:\/\/www.pressenza.com\/it\/#\/schema\/logo\/image\/\",\"url\":\"https:\/\/www.pressenza.com\/wp-content\/uploads\/2022\/10\/pressenza_logo_200x200.jpg\",\"contentUrl\":\"https:\/\/www.pressenza.com\/wp-content\/uploads\/2022\/10\/pressenza_logo_200x200.jpg\",\"width\":200,\"height\":200,\"caption\":\"Pressenza\"},\"image\":{\"@id\":\"https:\/\/www.pressenza.com\/it\/#\/schema\/logo\/image\/\"},\"sameAs\":[\"https:\/\/www.facebook.com\/PressenzaItalia\",\"https:\/\/x.com\/PressenzaIPA\"]},{\"@type\":\"Person\",\"@id\":\"https:\/\/www.pressenza.com\/it\/#\/schema\/person\/917a3e02e872b079ec9f4bdf7fe2b93d\",\"name\":\"Francesco Gesualdi\",\"description\":\"Francesco Gesualdi, gi\u00e0 allievo di don Milani, \u00e8 fondatore e coordinatore del Centro Nuovo Modello di Sviluppo di Vecchiano (Pisa), che si propone di ricercare nuove formule economiche capaci di garantire a tutti la soddisfazione dei bisogni fondamentali. Coordinatore di numerose campagne di pressione, \u00e8 tra i fondatori insieme ad Alex Zanotelli di Rete Lilliput. www.cnms.it\",\"sameAs\":[\"http:\/\/www.cnms.it\/\"],\"url\":\"https:\/\/www.pressenza.com\/it\/author\/francesco-gesualdi\/\"}]}<\/script>\n<!-- \/ Yoast SEO plugin. -->","yoast_head_json":{"title":"Crisi di governo: fra emergenza e rinascita","description":"Non mi sorprendo che questo governo sia caduto. Mi sorprendo che sia cominciato. Senza una visione di societ\u00e0, senza un progetto sociale e ambientale, il","robots":{"index":"index","follow":"follow","max-snippet":"max-snippet:-1","max-image-preview":"max-image-preview:large","max-video-preview":"max-video-preview:-1"},"canonical":"https:\/\/www.pressenza.com\/it\/2019\/08\/crisi-di-governo-fra-emergenza-e-rinascita\/","og_locale":"it_IT","og_type":"article","og_title":"Crisi di governo: fra emergenza e rinascita","og_description":"Non mi sorprendo che questo governo sia caduto. Mi sorprendo che sia cominciato. Senza una visione di societ\u00e0, senza un progetto sociale e ambientale, il","og_url":"https:\/\/www.pressenza.com\/it\/2019\/08\/crisi-di-governo-fra-emergenza-e-rinascita\/","og_site_name":"Pressenza","article_publisher":"https:\/\/www.facebook.com\/PressenzaItalia","article_published_time":"2019-08-21T10:35:37+00:00","og_image":[{"width":1200,"height":798,"url":"https:\/\/www.pressenza.com\/wp-content\/uploads\/2019\/08\/Conte-Di-Maio-e-Salvini.jpg","type":"image\/jpeg"}],"author":"Francesco Gesualdi","twitter_card":"summary_large_image","twitter_creator":"@PressenzaIPA","twitter_site":"@PressenzaIPA","twitter_misc":{"Scritto da":"Francesco Gesualdi","Tempo di lettura stimato":"4 minuti"},"schema":{"@context":"https:\/\/schema.org","@graph":[{"@type":"Article","@id":"https:\/\/www.pressenza.com\/it\/2019\/08\/crisi-di-governo-fra-emergenza-e-rinascita\/#article","isPartOf":{"@id":"https:\/\/www.pressenza.com\/it\/2019\/08\/crisi-di-governo-fra-emergenza-e-rinascita\/"},"author":{"name":"Francesco Gesualdi","@id":"https:\/\/www.pressenza.com\/it\/#\/schema\/person\/917a3e02e872b079ec9f4bdf7fe2b93d"},"headline":"Crisi di governo: fra emergenza e rinascita","datePublished":"2019-08-21T10:35:37+00:00","mainEntityOfPage":{"@id":"https:\/\/www.pressenza.com\/it\/2019\/08\/crisi-di-governo-fra-emergenza-e-rinascita\/"},"wordCount":770,"publisher":{"@id":"https:\/\/www.pressenza.com\/it\/#organization"},"image":{"@id":"https:\/\/www.pressenza.com\/it\/2019\/08\/crisi-di-governo-fra-emergenza-e-rinascita\/#primaryimage"},"thumbnailUrl":"https:\/\/www.pressenza.com\/wp-content\/uploads\/2019\/08\/Conte-Di-Maio-e-Salvini.jpg","keywords":["5 Stelle","crisi di governo","Europa","Lega","migranti","Transizione ecologica"],"articleSection":["contenuti originali","Europa","Opinioni","Politica"],"inLanguage":"it-IT"},{"@type":"WebPage","@id":"https:\/\/www.pressenza.com\/it\/2019\/08\/crisi-di-governo-fra-emergenza-e-rinascita\/","url":"https:\/\/www.pressenza.com\/it\/2019\/08\/crisi-di-governo-fra-emergenza-e-rinascita\/","name":"Crisi di governo: fra emergenza e rinascita","isPartOf":{"@id":"https:\/\/www.pressenza.com\/it\/#website"},"primaryImageOfPage":{"@id":"https:\/\/www.pressenza.com\/it\/2019\/08\/crisi-di-governo-fra-emergenza-e-rinascita\/#primaryimage"},"image":{"@id":"https:\/\/www.pressenza.com\/it\/2019\/08\/crisi-di-governo-fra-emergenza-e-rinascita\/#primaryimage"},"thumbnailUrl":"https:\/\/www.pressenza.com\/wp-content\/uploads\/2019\/08\/Conte-Di-Maio-e-Salvini.jpg","datePublished":"2019-08-21T10:35:37+00:00","description":"Non mi sorprendo che questo governo sia caduto. Mi sorprendo che sia cominciato. Senza una visione di societ\u00e0, senza un progetto sociale e ambientale, il","breadcrumb":{"@id":"https:\/\/www.pressenza.com\/it\/2019\/08\/crisi-di-governo-fra-emergenza-e-rinascita\/#breadcrumb"},"inLanguage":"it-IT","potentialAction":[{"@type":"ReadAction","target":["https:\/\/www.pressenza.com\/it\/2019\/08\/crisi-di-governo-fra-emergenza-e-rinascita\/"]}]},{"@type":"ImageObject","inLanguage":"it-IT","@id":"https:\/\/www.pressenza.com\/it\/2019\/08\/crisi-di-governo-fra-emergenza-e-rinascita\/#primaryimage","url":"https:\/\/www.pressenza.com\/wp-content\/uploads\/2019\/08\/Conte-Di-Maio-e-Salvini.jpg","contentUrl":"https:\/\/www.pressenza.com\/wp-content\/uploads\/2019\/08\/Conte-Di-Maio-e-Salvini.jpg","width":1200,"height":798},{"@type":"BreadcrumbList","@id":"https:\/\/www.pressenza.com\/it\/2019\/08\/crisi-di-governo-fra-emergenza-e-rinascita\/#breadcrumb","itemListElement":[{"@type":"ListItem","position":1,"name":"Accueil","item":"https:\/\/www.pressenza.com\/it\/"},{"@type":"ListItem","position":2,"name":"Crisi di governo: fra emergenza e rinascita"}]},{"@type":"WebSite","@id":"https:\/\/www.pressenza.com\/it\/#website","url":"https:\/\/www.pressenza.com\/it\/","name":"Pressenza","description":"Agenzia di Stampa Internazionale","publisher":{"@id":"https:\/\/www.pressenza.com\/it\/#organization"},"potentialAction":[{"@type":"SearchAction","target":{"@type":"EntryPoint","urlTemplate":"https:\/\/www.pressenza.com\/it\/?s={search_term_string}"},"query-input":{"@type":"PropertyValueSpecification","valueRequired":true,"valueName":"search_term_string"}}],"inLanguage":"it-IT"},{"@type":"Organization","@id":"https:\/\/www.pressenza.com\/it\/#organization","name":"Pressenza","url":"https:\/\/www.pressenza.com\/it\/","logo":{"@type":"ImageObject","inLanguage":"it-IT","@id":"https:\/\/www.pressenza.com\/it\/#\/schema\/logo\/image\/","url":"https:\/\/www.pressenza.com\/wp-content\/uploads\/2022\/10\/pressenza_logo_200x200.jpg","contentUrl":"https:\/\/www.pressenza.com\/wp-content\/uploads\/2022\/10\/pressenza_logo_200x200.jpg","width":200,"height":200,"caption":"Pressenza"},"image":{"@id":"https:\/\/www.pressenza.com\/it\/#\/schema\/logo\/image\/"},"sameAs":["https:\/\/www.facebook.com\/PressenzaItalia","https:\/\/x.com\/PressenzaIPA"]},{"@type":"Person","@id":"https:\/\/www.pressenza.com\/it\/#\/schema\/person\/917a3e02e872b079ec9f4bdf7fe2b93d","name":"Francesco Gesualdi","description":"Francesco Gesualdi, gi\u00e0 allievo di don Milani, \u00e8 fondatore e coordinatore del Centro Nuovo Modello di Sviluppo di Vecchiano (Pisa), che si propone di ricercare nuove formule economiche capaci di garantire a tutti la soddisfazione dei bisogni fondamentali. Coordinatore di numerose campagne di pressione, \u00e8 tra i fondatori insieme ad Alex Zanotelli di Rete Lilliput. www.cnms.it","sameAs":["http:\/\/www.cnms.it\/"],"url":"https:\/\/www.pressenza.com\/it\/author\/francesco-gesualdi\/"}]}},"place":"","original_article_url":"","_links":{"self":[{"href":"https:\/\/www.pressenza.com\/it\/wp-json\/wp\/v2\/posts\/905884","targetHints":{"allow":["GET"]}}],"collection":[{"href":"https:\/\/www.pressenza.com\/it\/wp-json\/wp\/v2\/posts"}],"about":[{"href":"https:\/\/www.pressenza.com\/it\/wp-json\/wp\/v2\/types\/post"}],"author":[{"embeddable":true,"href":"https:\/\/www.pressenza.com\/it\/wp-json\/wp\/v2\/users\/999"}],"replies":[{"embeddable":true,"href":"https:\/\/www.pressenza.com\/it\/wp-json\/wp\/v2\/comments?post=905884"}],"version-history":[{"count":0,"href":"https:\/\/www.pressenza.com\/it\/wp-json\/wp\/v2\/posts\/905884\/revisions"}],"wp:featuredmedia":[{"embeddable":true,"href":"https:\/\/www.pressenza.com\/it\/wp-json\/wp\/v2\/media\/905885"}],"wp:attachment":[{"href":"https:\/\/www.pressenza.com\/it\/wp-json\/wp\/v2\/media?parent=905884"}],"wp:term":[{"taxonomy":"category","embeddable":true,"href":"https:\/\/www.pressenza.com\/it\/wp-json\/wp\/v2\/categories?post=905884"},{"taxonomy":"post_tag","embeddable":true,"href":"https:\/\/www.pressenza.com\/it\/wp-json\/wp\/v2\/tags?post=905884"}],"curies":[{"name":"wp","href":"https:\/\/api.w.org\/{rel}","templated":true}]}}