{"id":89985,"date":"2014-02-23T12:01:48","date_gmt":"2014-02-23T12:01:48","guid":{"rendered":"http:\/\/www.pressenza.com\/?p=89985"},"modified":"2014-02-24T08:24:38","modified_gmt":"2014-02-24T08:24:38","slug":"da-oggi-pressenza-e-anche-tedesco","status":"publish","type":"post","link":"https:\/\/www.pressenza.com\/it\/2014\/02\/da-oggi-pressenza-e-anche-tedesco\/","title":{"rendered":"Da oggi Pressenza \u00e8 anche in tedesco"},"content":{"rendered":"<p>Nel Parco di Studi e Riflessione di\u00a0 Schlamau, vicino a Berlino, si \u00e8 svolta una riunione per la messa in moto dell&#8217;edizione tedesca dell&#8217;Agenzia Stampa Internazionale\u00a0 PRESSENZA; la nostra agenzia, interamente formata da volontari e che pubblica notizie sulla pace, la nonviolenza, l&#8217;umanesimo e la non-discriminazione pu\u00f2 contare ora su un&#8217;edizione in tedesco, assicurata da una redazione formata da persone residenti in Austria, Svizzera e Germania.<\/p>\n<p>La riunione era coordinata da Tony Robinson e Ricardo Arias, della redazione internazionale, che hanno spiegato la visione generale di Pressenza e il lavoro specifico di ogni redazione, di come si lavora in equipe e del tipo di relazioni che si stabiliscono con altre organizzazioni, media, giornalisti indipendenti ed istituzioni. L&#8217;obiettivo della redazione tedesca \u00e8 di produrre sia propri articoli che di ospitare articoli e comunicati delle pi\u00f9 interessanti realt\u00e0 che lavorano per la pace, la nonviolenza, le alternative economiche ecc. nei propri paesi.<\/p>\n<p>Cos\u00ec facendo Pressenza fornisce una piattaforma indipendente che d\u00e0 conto di notizie coperte in modo insufficiente dai media tradizionali, ma che risultano importanti per le persone che stanno dandosi da fare per trovare alternative.<\/p>\n<p>Allo stesso modo la redazione in tedesco cercher\u00e0 di far arrivare alle edizioni in altre lingue notizie interessanti dal paesi germanici mentre si preoccuper\u00e0 di tradurre in tedesco gli articoli pi\u00f9 interessanti provenienti dalle altre edizioni di Pressenza.<\/p>\n<p>La redazione di Presenza in tedesco \u00e8 molto felice di quest&#8217;inizio ed entusiasta di esplorare nuove possibilit\u00e0 e relazioni, di affrontare questa nuova sfida.<\/p>\n","protected":false},"excerpt":{"rendered":"<p>Nel Parco di Studi e Riflessione di\u00a0 Schlamau, vicino a Berlino, si \u00e8 svolta una riunione per la messa in moto dell&#8217;edizione tedesca dell&#8217;Agenzia Stampa Internazionale\u00a0 PRESSENZA; la nostra agenzia, interamente formata da volontari e che pubblica notizie sulla pace,&hellip;<\/p>\n","protected":false},"author":1095,"featured_media":89978,"comment_status":"closed","ping_status":"open","sticky":false,"template":"","format":"standard","meta":{"footnotes":""},"categories":[56,47,38],"tags":[9191,3518,4980,1312,9193,9194,6334,9192],"class_list":["post-89985","post","type-post","status-publish","format-standard","has-post-thumbnail","hentry","category-cultura","category-europa","category-internazionale","tag-austria-it","tag-germania","tag-parco-di-studio-e-riflessione","tag-pressenza-it","tag-ricardo-arias","tag-schlamau","tag-svizzera","tag-tony-robinson-it"],"yoast_head":"<!-- This site is optimized with the Yoast SEO plugin v27.1.1 - https:\/\/yoast.com\/product\/yoast-seo-wordpress\/ -->\n<title>Da oggi Pressenza \u00e8 anche in tedesco<\/title>\n<meta name=\"description\" content=\"Nel Parco di Studi e Riflessione di\u00a0 Schlamau, vicino a Berlino, si \u00e8 svolta una riunione per la messa in moto dell&#039;edizione tedesca dell&#039;Agenzia Stampa\" \/>\n<meta name=\"robots\" content=\"index, follow, max-snippet:-1, max-image-preview:large, max-video-preview:-1\" \/>\n<link rel=\"canonical\" href=\"https:\/\/www.pressenza.com\/it\/2014\/02\/da-oggi-pressenza-e-anche-tedesco\/\" \/>\n<meta property=\"og:locale\" content=\"it_IT\" \/>\n<meta property=\"og:type\" content=\"article\" \/>\n<meta property=\"og:title\" content=\"Da oggi Pressenza \u00e8 anche in tedesco\" \/>\n<meta property=\"og:description\" content=\"Nel Parco di Studi e Riflessione di\u00a0 Schlamau, vicino a Berlino, si \u00e8 svolta una riunione per la messa in moto dell&#039;edizione tedesca dell&#039;Agenzia Stampa\" \/>\n<meta property=\"og:url\" content=\"https:\/\/www.pressenza.com\/it\/2014\/02\/da-oggi-pressenza-e-anche-tedesco\/\" \/>\n<meta property=\"og:site_name\" content=\"Pressenza\" \/>\n<meta property=\"article:publisher\" content=\"https:\/\/www.facebook.com\/PressenzaItalia\" \/>\n<meta property=\"article:author\" content=\"https:\/\/www.facebook.com\/Pressenza-Deutschland-sterreich-Schweiz-281675388658060\/timeline\/\" \/>\n<meta property=\"article:published_time\" content=\"2014-02-23T12:01:48+00:00\" \/>\n<meta property=\"article:modified_time\" content=\"2014-02-24T08:24:38+00:00\" \/>\n<meta property=\"og:image\" content=\"https:\/\/www.pressenza.com\/wp-content\/uploads\/2014\/02\/Deutsche-Pressenza.jpg\" \/>\n\t<meta property=\"og:image:width\" content=\"944\" \/>\n\t<meta property=\"og:image:height\" content=\"538\" \/>\n\t<meta property=\"og:image:type\" content=\"image\/jpeg\" \/>\n<meta name=\"author\" content=\"Pressenza Berlin\" \/>\n<meta name=\"twitter:card\" content=\"summary_large_image\" \/>\n<meta name=\"twitter:creator\" content=\"@pressenza_ger\" \/>\n<meta name=\"twitter:site\" content=\"@PressenzaIPA\" \/>\n<meta name=\"twitter:label1\" content=\"Scritto da\" \/>\n\t<meta name=\"twitter:data1\" content=\"Pressenza Berlin\" \/>\n\t<meta name=\"twitter:label2\" content=\"Tempo di lettura stimato\" \/>\n\t<meta name=\"twitter:data2\" content=\"1 minuto\" \/>\n<script type=\"application\/ld+json\" class=\"yoast-schema-graph\">{\"@context\":\"https:\/\/schema.org\",\"@graph\":[{\"@type\":\"Article\",\"@id\":\"https:\/\/www.pressenza.com\/it\/2014\/02\/da-oggi-pressenza-e-anche-tedesco\/#article\",\"isPartOf\":{\"@id\":\"https:\/\/www.pressenza.com\/it\/2014\/02\/da-oggi-pressenza-e-anche-tedesco\/\"},\"author\":{\"name\":\"Pressenza Berlin\",\"@id\":\"https:\/\/www.pressenza.com\/it\/#\/schema\/person\/57bb5480943a496a7722b0248e4b658a\"},\"headline\":\"Da oggi Pressenza \u00e8 anche in tedesco\",\"datePublished\":\"2014-02-23T12:01:48+00:00\",\"dateModified\":\"2014-02-24T08:24:38+00:00\",\"mainEntityOfPage\":{\"@id\":\"https:\/\/www.pressenza.com\/it\/2014\/02\/da-oggi-pressenza-e-anche-tedesco\/\"},\"wordCount\":255,\"publisher\":{\"@id\":\"https:\/\/www.pressenza.com\/it\/#organization\"},\"image\":{\"@id\":\"https:\/\/www.pressenza.com\/it\/2014\/02\/da-oggi-pressenza-e-anche-tedesco\/#primaryimage\"},\"thumbnailUrl\":\"https:\/\/www.pressenza.com\/wp-content\/uploads\/2014\/02\/Deutsche-Pressenza.jpg\",\"keywords\":[\"Austria\",\"Germania\",\"Parco di studio e riflessione\",\"Pressenza\",\"Ricardo Arias\",\"Schlamau\",\"Svizzera\",\"Tony Robinson\"],\"articleSection\":[\"Cultura e Media\",\"Europa\",\"Internazionale\"],\"inLanguage\":\"it-IT\"},{\"@type\":\"WebPage\",\"@id\":\"https:\/\/www.pressenza.com\/it\/2014\/02\/da-oggi-pressenza-e-anche-tedesco\/\",\"url\":\"https:\/\/www.pressenza.com\/it\/2014\/02\/da-oggi-pressenza-e-anche-tedesco\/\",\"name\":\"Da oggi Pressenza \u00e8 anche in tedesco\",\"isPartOf\":{\"@id\":\"https:\/\/www.pressenza.com\/it\/#website\"},\"primaryImageOfPage\":{\"@id\":\"https:\/\/www.pressenza.com\/it\/2014\/02\/da-oggi-pressenza-e-anche-tedesco\/#primaryimage\"},\"image\":{\"@id\":\"https:\/\/www.pressenza.com\/it\/2014\/02\/da-oggi-pressenza-e-anche-tedesco\/#primaryimage\"},\"thumbnailUrl\":\"https:\/\/www.pressenza.com\/wp-content\/uploads\/2014\/02\/Deutsche-Pressenza.jpg\",\"datePublished\":\"2014-02-23T12:01:48+00:00\",\"dateModified\":\"2014-02-24T08:24:38+00:00\",\"description\":\"Nel Parco di Studi e Riflessione di\u00a0 Schlamau, vicino a Berlino, si \u00e8 svolta una riunione per la messa in moto dell'edizione tedesca dell'Agenzia Stampa\",\"breadcrumb\":{\"@id\":\"https:\/\/www.pressenza.com\/it\/2014\/02\/da-oggi-pressenza-e-anche-tedesco\/#breadcrumb\"},\"inLanguage\":\"it-IT\",\"potentialAction\":[{\"@type\":\"ReadAction\",\"target\":[\"https:\/\/www.pressenza.com\/it\/2014\/02\/da-oggi-pressenza-e-anche-tedesco\/\"]}]},{\"@type\":\"ImageObject\",\"inLanguage\":\"it-IT\",\"@id\":\"https:\/\/www.pressenza.com\/it\/2014\/02\/da-oggi-pressenza-e-anche-tedesco\/#primaryimage\",\"url\":\"https:\/\/www.pressenza.com\/wp-content\/uploads\/2014\/02\/Deutsche-Pressenza.jpg\",\"contentUrl\":\"https:\/\/www.pressenza.com\/wp-content\/uploads\/2014\/02\/Deutsche-Pressenza.jpg\",\"width\":944,\"height\":538},{\"@type\":\"BreadcrumbList\",\"@id\":\"https:\/\/www.pressenza.com\/it\/2014\/02\/da-oggi-pressenza-e-anche-tedesco\/#breadcrumb\",\"itemListElement\":[{\"@type\":\"ListItem\",\"position\":1,\"name\":\"Accueil\",\"item\":\"https:\/\/www.pressenza.com\/it\/\"},{\"@type\":\"ListItem\",\"position\":2,\"name\":\"Da oggi Pressenza \u00e8 anche in tedesco\"}]},{\"@type\":\"WebSite\",\"@id\":\"https:\/\/www.pressenza.com\/it\/#website\",\"url\":\"https:\/\/www.pressenza.com\/it\/\",\"name\":\"Pressenza\",\"description\":\"Agenzia di Stampa Internazionale\",\"publisher\":{\"@id\":\"https:\/\/www.pressenza.com\/it\/#organization\"},\"potentialAction\":[{\"@type\":\"SearchAction\",\"target\":{\"@type\":\"EntryPoint\",\"urlTemplate\":\"https:\/\/www.pressenza.com\/it\/?s={search_term_string}\"},\"query-input\":{\"@type\":\"PropertyValueSpecification\",\"valueRequired\":true,\"valueName\":\"search_term_string\"}}],\"inLanguage\":\"it-IT\"},{\"@type\":\"Organization\",\"@id\":\"https:\/\/www.pressenza.com\/it\/#organization\",\"name\":\"Pressenza\",\"url\":\"https:\/\/www.pressenza.com\/it\/\",\"logo\":{\"@type\":\"ImageObject\",\"inLanguage\":\"it-IT\",\"@id\":\"https:\/\/www.pressenza.com\/it\/#\/schema\/logo\/image\/\",\"url\":\"https:\/\/www.pressenza.com\/wp-content\/uploads\/2022\/10\/pressenza_logo_200x200.jpg\",\"contentUrl\":\"https:\/\/www.pressenza.com\/wp-content\/uploads\/2022\/10\/pressenza_logo_200x200.jpg\",\"width\":200,\"height\":200,\"caption\":\"Pressenza\"},\"image\":{\"@id\":\"https:\/\/www.pressenza.com\/it\/#\/schema\/logo\/image\/\"},\"sameAs\":[\"https:\/\/www.facebook.com\/PressenzaItalia\",\"https:\/\/x.com\/PressenzaIPA\"]},{\"@type\":\"Person\",\"@id\":\"https:\/\/www.pressenza.com\/it\/#\/schema\/person\/57bb5480943a496a7722b0248e4b658a\",\"name\":\"Pressenza Berlin\",\"description\":\"News from the Pressenza Bureau in Berlin, Germany\",\"sameAs\":[\"https:\/\/www.facebook.com\/Pressenza-Deutschland-sterreich-Schweiz-281675388658060\/timeline\/\",\"https:\/\/x.com\/pressenza_ger\"],\"url\":\"https:\/\/www.pressenza.com\/it\/author\/pressenza-berlin\/\"}]}<\/script>\n<!-- \/ Yoast SEO plugin. -->","yoast_head_json":{"title":"Da oggi Pressenza \u00e8 anche in tedesco","description":"Nel Parco di Studi e Riflessione di\u00a0 Schlamau, vicino a Berlino, si \u00e8 svolta una riunione per la messa in moto dell'edizione tedesca dell'Agenzia Stampa","robots":{"index":"index","follow":"follow","max-snippet":"max-snippet:-1","max-image-preview":"max-image-preview:large","max-video-preview":"max-video-preview:-1"},"canonical":"https:\/\/www.pressenza.com\/it\/2014\/02\/da-oggi-pressenza-e-anche-tedesco\/","og_locale":"it_IT","og_type":"article","og_title":"Da oggi Pressenza \u00e8 anche in tedesco","og_description":"Nel Parco di Studi e Riflessione di\u00a0 Schlamau, vicino a Berlino, si \u00e8 svolta una riunione per la messa in moto dell'edizione tedesca dell'Agenzia Stampa","og_url":"https:\/\/www.pressenza.com\/it\/2014\/02\/da-oggi-pressenza-e-anche-tedesco\/","og_site_name":"Pressenza","article_publisher":"https:\/\/www.facebook.com\/PressenzaItalia","article_author":"https:\/\/www.facebook.com\/Pressenza-Deutschland-sterreich-Schweiz-281675388658060\/timeline\/","article_published_time":"2014-02-23T12:01:48+00:00","article_modified_time":"2014-02-24T08:24:38+00:00","og_image":[{"width":944,"height":538,"url":"https:\/\/www.pressenza.com\/wp-content\/uploads\/2014\/02\/Deutsche-Pressenza.jpg","type":"image\/jpeg"}],"author":"Pressenza Berlin","twitter_card":"summary_large_image","twitter_creator":"@pressenza_ger","twitter_site":"@PressenzaIPA","twitter_misc":{"Scritto da":"Pressenza Berlin","Tempo di lettura stimato":"1 minuto"},"schema":{"@context":"https:\/\/schema.org","@graph":[{"@type":"Article","@id":"https:\/\/www.pressenza.com\/it\/2014\/02\/da-oggi-pressenza-e-anche-tedesco\/#article","isPartOf":{"@id":"https:\/\/www.pressenza.com\/it\/2014\/02\/da-oggi-pressenza-e-anche-tedesco\/"},"author":{"name":"Pressenza Berlin","@id":"https:\/\/www.pressenza.com\/it\/#\/schema\/person\/57bb5480943a496a7722b0248e4b658a"},"headline":"Da oggi Pressenza \u00e8 anche in tedesco","datePublished":"2014-02-23T12:01:48+00:00","dateModified":"2014-02-24T08:24:38+00:00","mainEntityOfPage":{"@id":"https:\/\/www.pressenza.com\/it\/2014\/02\/da-oggi-pressenza-e-anche-tedesco\/"},"wordCount":255,"publisher":{"@id":"https:\/\/www.pressenza.com\/it\/#organization"},"image":{"@id":"https:\/\/www.pressenza.com\/it\/2014\/02\/da-oggi-pressenza-e-anche-tedesco\/#primaryimage"},"thumbnailUrl":"https:\/\/www.pressenza.com\/wp-content\/uploads\/2014\/02\/Deutsche-Pressenza.jpg","keywords":["Austria","Germania","Parco di studio e riflessione","Pressenza","Ricardo Arias","Schlamau","Svizzera","Tony Robinson"],"articleSection":["Cultura e Media","Europa","Internazionale"],"inLanguage":"it-IT"},{"@type":"WebPage","@id":"https:\/\/www.pressenza.com\/it\/2014\/02\/da-oggi-pressenza-e-anche-tedesco\/","url":"https:\/\/www.pressenza.com\/it\/2014\/02\/da-oggi-pressenza-e-anche-tedesco\/","name":"Da oggi Pressenza \u00e8 anche in tedesco","isPartOf":{"@id":"https:\/\/www.pressenza.com\/it\/#website"},"primaryImageOfPage":{"@id":"https:\/\/www.pressenza.com\/it\/2014\/02\/da-oggi-pressenza-e-anche-tedesco\/#primaryimage"},"image":{"@id":"https:\/\/www.pressenza.com\/it\/2014\/02\/da-oggi-pressenza-e-anche-tedesco\/#primaryimage"},"thumbnailUrl":"https:\/\/www.pressenza.com\/wp-content\/uploads\/2014\/02\/Deutsche-Pressenza.jpg","datePublished":"2014-02-23T12:01:48+00:00","dateModified":"2014-02-24T08:24:38+00:00","description":"Nel Parco di Studi e Riflessione di\u00a0 Schlamau, vicino a Berlino, si \u00e8 svolta una riunione per la messa in moto dell'edizione tedesca dell'Agenzia Stampa","breadcrumb":{"@id":"https:\/\/www.pressenza.com\/it\/2014\/02\/da-oggi-pressenza-e-anche-tedesco\/#breadcrumb"},"inLanguage":"it-IT","potentialAction":[{"@type":"ReadAction","target":["https:\/\/www.pressenza.com\/it\/2014\/02\/da-oggi-pressenza-e-anche-tedesco\/"]}]},{"@type":"ImageObject","inLanguage":"it-IT","@id":"https:\/\/www.pressenza.com\/it\/2014\/02\/da-oggi-pressenza-e-anche-tedesco\/#primaryimage","url":"https:\/\/www.pressenza.com\/wp-content\/uploads\/2014\/02\/Deutsche-Pressenza.jpg","contentUrl":"https:\/\/www.pressenza.com\/wp-content\/uploads\/2014\/02\/Deutsche-Pressenza.jpg","width":944,"height":538},{"@type":"BreadcrumbList","@id":"https:\/\/www.pressenza.com\/it\/2014\/02\/da-oggi-pressenza-e-anche-tedesco\/#breadcrumb","itemListElement":[{"@type":"ListItem","position":1,"name":"Accueil","item":"https:\/\/www.pressenza.com\/it\/"},{"@type":"ListItem","position":2,"name":"Da oggi Pressenza \u00e8 anche in tedesco"}]},{"@type":"WebSite","@id":"https:\/\/www.pressenza.com\/it\/#website","url":"https:\/\/www.pressenza.com\/it\/","name":"Pressenza","description":"Agenzia di Stampa Internazionale","publisher":{"@id":"https:\/\/www.pressenza.com\/it\/#organization"},"potentialAction":[{"@type":"SearchAction","target":{"@type":"EntryPoint","urlTemplate":"https:\/\/www.pressenza.com\/it\/?s={search_term_string}"},"query-input":{"@type":"PropertyValueSpecification","valueRequired":true,"valueName":"search_term_string"}}],"inLanguage":"it-IT"},{"@type":"Organization","@id":"https:\/\/www.pressenza.com\/it\/#organization","name":"Pressenza","url":"https:\/\/www.pressenza.com\/it\/","logo":{"@type":"ImageObject","inLanguage":"it-IT","@id":"https:\/\/www.pressenza.com\/it\/#\/schema\/logo\/image\/","url":"https:\/\/www.pressenza.com\/wp-content\/uploads\/2022\/10\/pressenza_logo_200x200.jpg","contentUrl":"https:\/\/www.pressenza.com\/wp-content\/uploads\/2022\/10\/pressenza_logo_200x200.jpg","width":200,"height":200,"caption":"Pressenza"},"image":{"@id":"https:\/\/www.pressenza.com\/it\/#\/schema\/logo\/image\/"},"sameAs":["https:\/\/www.facebook.com\/PressenzaItalia","https:\/\/x.com\/PressenzaIPA"]},{"@type":"Person","@id":"https:\/\/www.pressenza.com\/it\/#\/schema\/person\/57bb5480943a496a7722b0248e4b658a","name":"Pressenza Berlin","description":"News from the Pressenza Bureau in Berlin, Germany","sameAs":["https:\/\/www.facebook.com\/Pressenza-Deutschland-sterreich-Schweiz-281675388658060\/timeline\/","https:\/\/x.com\/pressenza_ger"],"url":"https:\/\/www.pressenza.com\/it\/author\/pressenza-berlin\/"}]}},"place":"","original_article_url":"","_links":{"self":[{"href":"https:\/\/www.pressenza.com\/it\/wp-json\/wp\/v2\/posts\/89985","targetHints":{"allow":["GET"]}}],"collection":[{"href":"https:\/\/www.pressenza.com\/it\/wp-json\/wp\/v2\/posts"}],"about":[{"href":"https:\/\/www.pressenza.com\/it\/wp-json\/wp\/v2\/types\/post"}],"author":[{"embeddable":true,"href":"https:\/\/www.pressenza.com\/it\/wp-json\/wp\/v2\/users\/1095"}],"replies":[{"embeddable":true,"href":"https:\/\/www.pressenza.com\/it\/wp-json\/wp\/v2\/comments?post=89985"}],"version-history":[{"count":0,"href":"https:\/\/www.pressenza.com\/it\/wp-json\/wp\/v2\/posts\/89985\/revisions"}],"wp:featuredmedia":[{"embeddable":true,"href":"https:\/\/www.pressenza.com\/it\/wp-json\/wp\/v2\/media\/89978"}],"wp:attachment":[{"href":"https:\/\/www.pressenza.com\/it\/wp-json\/wp\/v2\/media?parent=89985"}],"wp:term":[{"taxonomy":"category","embeddable":true,"href":"https:\/\/www.pressenza.com\/it\/wp-json\/wp\/v2\/categories?post=89985"},{"taxonomy":"post_tag","embeddable":true,"href":"https:\/\/www.pressenza.com\/it\/wp-json\/wp\/v2\/tags?post=89985"}],"curies":[{"name":"wp","href":"https:\/\/api.w.org\/{rel}","templated":true}]}}