{"id":898808,"date":"2019-08-06T20:37:56","date_gmt":"2019-08-06T19:37:56","guid":{"rendered":"https:\/\/www.pressenza.com\/?p=898808"},"modified":"2019-08-06T20:39:04","modified_gmt":"2019-08-06T19:39:04","slug":"torino-lione","status":"publish","type":"post","link":"https:\/\/www.pressenza.com\/it\/2019\/08\/torino-lione\/","title":{"rendered":"Il Senato si appresta a votare la Torino-Lione"},"content":{"rendered":"<p style=\"font-weight: 400;\"><strong>Si avvicina la condanna dell\u2019Italia a finanziare la Francia per realizzare una Grande Opera Inutile e Imposta<\/strong><\/p>\n<p style=\"font-weight: 400;\"><strong>Saranno capaci i nostri valorosi Senatori della Repubblica ad evitare che lo Stato italiano dia il via allo scavo del tunnel di base della Torino-Lione, forse l\u2019opera pi\u00f9 costosa ed inutile di tutta la storia repubblicana italiana?<\/strong><\/p>\n<p style=\"font-weight: 400;\"><strong>Il Presidente del Consiglio Conte nel suo\u00a0<\/strong><strong><u><a href=\"http:\/\/www.presidioeuropa.net\/blog\/?p=20431\" data-saferedirecturl=\"https:\/\/www.google.com\/url?q=http:\/\/www.presidioeuropa.net\/blog\/?p%3D20431&amp;source=gmail&amp;ust=1565204317636000&amp;usg=AFQjCNHO214mqM5D9fMBFPfeHCsb3pXAgw\">breve discorso<\/a><\/u><\/strong><strong>\u00a0del 23 luglio 2019 ha consegnato al Senato la decisione di dare il via o di fermare la Torino-Lione che gli spettava in prima persona in base al\u00a0<\/strong><strong><a href=\"http:\/\/www.presidioeuropa.net\/blog\/wp-content\/uploads\/2018\/07\/contratto-M5S_Lega_definitivo-2018.pdf\" data-saferedirecturl=\"https:\/\/www.google.com\/url?q=http:\/\/www.presidioeuropa.net\/blog\/wp-content\/uploads\/2018\/07\/contratto-M5S_Lega_definitivo-2018.pdf&amp;source=gmail&amp;ust=1565204317637000&amp;usg=AFQjCNFGfJ9sBpwjrusM8EJQosHHmufZog\">Contratto di Governo<\/a><\/strong><strong>.<\/strong><\/p>\n<p style=\"font-weight: 400;\"><strong>Sul limitare della decisione invitiamo tutti i Senatori della Repubblica a svegliarsi dal sonno della ragione riconoscendo l\u2019inutilit\u00e0 della Torino-Lione per offrire un futuro positivo al Paese.<\/strong><\/p>\n<p style=\"font-weight: 400;\"><strong>Domani tutti i Senatori saranno responsabili nella stessa misura:<\/strong><\/p>\n<p style=\"font-weight: 400;\">&#8211; coloro che voteranno\u00a0<strong>NO<\/strong>\u00a0perch\u00e9 hanno costruito la condizione per fare votare i sostenitori dell\u2019opera quando avrebbero dovuto rispettare le promesse e gli impegni,<\/p>\n<p style=\"font-weight: 400;\">&#8211; coloro che voteranno\u00a0<strong>SI\u2019<\/strong>\u00a0perch\u00e9 avranno cos\u00ec completato il loro disegno distruttivo.<\/p>\n<p style=\"font-weight: 400;\">&#8211; saranno responsabili anche gli assenti per calcolo, per indifferenza, perch\u00e9 usciti dall\u2019aula per improvviso bisogno, gli astenuti.<\/p>\n<p style=\"font-weight: 400;\"><strong>Conte<\/strong>\u00a0ha evitato di affermare in modo esplicito che il progetto deve essere assolutamente realizzato giustificandolo solo con valutazioni di ordine generale a favore del \u201cfare\u201d senza per\u00f2 portare alcuna dimostrazione convincente: i suoi argomenti tutti facilmente ribaltabili sono esaminati alla fine di questa nota.<\/p>\n<p style=\"font-weight: 400;\"><strong>Conte<\/strong>,\u00a0prima di concludere in modo \u201cpilatesco\u201d il suo discorso: \u201cQuesta \u00e8 la posizione del Governo ferma restando la piena sovranit\u00e0, la piena autonomia del Parlamento\u201d,\u00a0<strong>ha tuttavia introdotto un\u2019argomentazione contro la decisione di \u201cfare l\u2019opera\u201d<\/strong>\u00a0che non ha ricevuto alcuna attenzione a livello dell\u2019opinione pubblica, dei media e dello stesso dibattito politico. Forse l\u2019ha fatta per offrire ai posteri una sentenza benigna nei suoi confronti? Per sbarazzarsi totalmente della sua responsabilit\u00e0? Per dire al Parlamento: \u201cIo ve lo avevo detto!\u201d<\/p>\n<p style=\"font-weight: 400;\"><strong>\u201cI costi \u2026 potrebbero ulteriormente ridursi in seguito a un\u2019interlocuzione con la Francia in ordine al riparto delle nuove quote di finanziamento della tratta transfrontaliera<\/strong>\u201d, un\u2019affermazione che, se portata alle sue estreme conseguenze nel negoziato con la \u201cmassima determinazione (<em>Conte, sic<\/em>) con la Francia, potrebbe portare il partner francese a chiedere la sospensione del progetto.<\/p>\n<p style=\"font-weight: 400;\">Allora, se sono le valutazioni economiche (i costi e i finanziamenti europei) che decidono che l\u2019Italia deve partecipare o uscire dal progetto, i\u00a0<strong>Senatori<\/strong>\u00a0dovrebbero riprendere questo tema per difendere gli interessi dell\u2019Italia.<\/p>\n<p style=\"font-weight: 400;\">Sappiamo infatti che la Francia ha tutto l\u2019interesse a fare credere che sia l\u2019Italia a volere il progetto, quando in realt\u00e0 sono i nostri vicini transalpini che se ne avvantaggerebbero dato il loro minimo apporto economico dovuto ad un trasferimento di ricchezza dell\u2019ordine di 2 miliardi di \u20ac da parte del nostro Paese nonostante i loro 45 chilometri (mentre l\u2019Italia ne avr\u00e0 solo 12,5).<\/p>\n<p style=\"font-weight: 400;\">L\u2019\u201culteriore riduzione\u201d e il \u201criparto quote\u201d, parole di\u00a0<strong>Conte<\/strong>, \u00e8 un obiettivo che l\u2019Italia pu\u00f2 raggiungere chiedendo intanto alla Francia di pagare il progetto in modo equo, secondo la ripartizione chilometrica.<\/p>\n<p style=\"font-weight: 400;\"><strong>Il costo dell\u2019opera, che rimarrebbe sempre inutile, ammonterebbe per l\u2019Italia a soli 1.111,0 milioni di euro.<\/strong><\/p>\n<p style=\"font-weight: 400;\">Se \u00e8 vero che\u00a0<strong>Conte<\/strong>\u00a0avrebbe dovuto riprendere negli scorsi mesi l\u2019interlocuzione con la Francia per costringerla a scoprire le sue carte, ora pu\u00f2 farlo la maggioranza al\u00a0<strong>Senato<\/strong>\u00a0ai sensi del Contratto di Governo, ma anche la minoranza per difendere gli interessi del Paese.<\/p>\n<p style=\"font-weight: 400;\">Se consideriamo il finanziamento Ue al 40% gi\u00e0 accordato per una parte dei costi per il tunnel di base e il prossimo al 55% dal 2021,\u00a0<strong>l\u2019equa\u00a0<u>ripartizione simmetrica<\/u>\u00a0con la Francia assegnerebbe all\u2019Italia un costo di soli 1.111,0 milioni,<\/strong><\/p>\n<p style=\"font-weight: 400;\">La Tabella\u00a0<strong>\u201cRipartizione Costi Tunnel del Fr\u00e9jus\u201d<\/strong>\u00a0mette in risalto l\u2019extra costo per l\u2019Italia di \u20ac 1.767,4 milioni, \u2013 che si pu\u00f2 definire una sorte di finanziamento occulto dell\u2019Italia alla Francia fino al 2114 (come precisato all\u2019art. 11 dell\u2019<u><a href=\"http:\/\/www.presidioeuropa.net\/blog\/wp-content\/uploads\/2012\/12\/Accordo-Roma-30.1.2012-it1.pdf\" data-saferedirecturl=\"https:\/\/www.google.com\/url?q=http:\/\/www.presidioeuropa.net\/blog\/wp-content\/uploads\/2012\/12\/Accordo-Roma-30.1.2012-it1.pdf&amp;source=gmail&amp;ust=1565204317637000&amp;usg=AFQjCNHTh02vQtwDbtde-zvoecAjQgP1fw\">A<\/a><a href=\"http:\/\/www.presidioeuropa.net\/blog\/wp-content\/uploads\/2012\/12\/Accordo-Roma-30.1.2012-it1.pdf\" data-saferedirecturl=\"https:\/\/www.google.com\/url?q=http:\/\/www.presidioeuropa.net\/blog\/wp-content\/uploads\/2012\/12\/Accordo-Roma-30.1.2012-it1.pdf&amp;source=gmail&amp;ust=1565204317637000&amp;usg=AFQjCNHTh02vQtwDbtde-zvoecAjQgP1fw\">ccordo di Roma 30.1.2012<\/a><\/u>), calcolato tenendo conto dell\u2019ipotetico aumento del contributo UE al 55% e il<strong>\u00a0Costo per l\u2019Italia di soli 1.111,0 milioni di \u20ac in caso di ripartizione equa.<\/strong><\/p>\n<p><img loading=\"lazy\" decoding=\"async\" class=\"aligncenter size-large wp-image-898809\" src=\"https:\/\/www.pressenza.com\/wp-content\/uploads\/2019\/08\/image002-720x750.png\" alt=\"\" width=\"720\" height=\"750\" srcset=\"https:\/\/www.pressenza.com\/wp-content\/uploads\/2019\/08\/image002-720x750.png 720w, https:\/\/www.pressenza.com\/wp-content\/uploads\/2019\/08\/image002-288x300.png 288w, https:\/\/www.pressenza.com\/wp-content\/uploads\/2019\/08\/image002.png 747w\" sizes=\"auto, (max-width: 720px) 100vw, 720px\" \/><\/p>\n<p style=\"font-weight: 400;\"><strong>Conte<\/strong>\u00a0ha precisato nel suo discorso: \u201c<strong>Su questo punto\u00a0<\/strong><em>(ulteriore riduzione e riparto quote, N.d.R.)\u00a0<\/em><strong>il Governo italiano ed io personalmente siamo impegnati con la massima determinazione anche se, allo stato, questo nuovo riparto non sarebbe ancora garantito e non lo posso quindi, allo stato, garantire\u201d.<\/strong><\/p>\n<p style=\"font-weight: 400;\"><strong>L\u2019equa ripartizione assegnerebbe alla Francia, per i suoi 45 chilometri di tunnel, un costo di 3.999,6 milioni di euro, in luogo dei precedenti 2.232,2 milioni, con un aumento del 79,2%.<\/strong><\/p>\n<p style=\"font-weight: 400;\">Se il\u00a0<strong>Senato<\/strong>\u00a0volesse proseguire sulla strada indicata da\u00a0<strong>Conte<\/strong>\u00a0ricordando alla Francia i suoi impegni derivanti dagli Accordi con l\u2019Italia, il risultato sarebbe che la Francia, di fronte a tale forte aumento, potrebbe chiedere la sospensione del progetto per non pagare un costo eccessivo, che sarebbe invece equo per l\u2019Italia.<\/p>\n<p style=\"font-weight: 400;\"><strong>Con la sospensione il progetto Torino-Lione si fermerebbe senza obblighi per i due Paesi di firmare nuovi accordi da approvare con ratifiche parlamentari.<\/strong><\/p>\n<p style=\"font-weight: 400;\">Se\u00a0<strong>Conte<\/strong>\u00a0non<strong>\u00a0<\/strong>pu\u00f2 garantire \u2013 come ha detto nel suo discorso \u2013 il risultato di un\u2019azione che non ha compiuto dopo la\u00a0<u><a href=\"https:\/\/www.youtube.com\/watch?v=rQvf4JZj9EI\" data-saferedirecturl=\"https:\/\/www.google.com\/url?q=https:\/\/www.youtube.com\/watch?v%3DrQvf4JZj9EI&amp;source=gmail&amp;ust=1565204317637000&amp;usg=AFQjCNHccUH4gkX7BjzQozj4kbJ0enYqVQ\">nervosa risposta di Macron del 7 marzo 2019,<\/a><\/u>\u00a0la<strong>\u00a0maggioranza al Senato,<\/strong>\u00a0avendo ricevuto un invito da\u00a0<strong>Conte<\/strong>\u00a0ad agire, potrebbe impegnare il Governo a<strong>\u00a0\u00a0<\/strong>portare avanti con la Francia la\u00a0<strong>ridiscussione dell\u2019Accordo:<\/strong>\u00a0<strong>cos\u00ec facendo il costo dei 12,5 chilometri italiani del tunnel potrebbe ridursi a soli 1.111,0 milioni<\/strong>\u00a0<strong>di euro, con un diminuzione del 61,4%.<\/strong><\/p>\n<p style=\"font-weight: 400;\">La ripartizione equa dei costi \u00e8 del tutto ammissibile visto che la Francia ha pubblicamente dichiarato che il suo prossimo investimento di 700 milioni di \u20ac sulle linee nazionali di accesso al tunnel sar\u00e0 concentrato sulla tratta da Digione \u2013 e non da Lione \u2013 fino all\u2019ingresso francese del tunnel. Cfr.\u00a0<u><a href=\"http:\/\/www.presidioeuropa.net\/blog\/torino-lione-no-torino-digione-questo-il-nuovo-itinerario-deciso-dalla-francia-risparmiare-11-miliardi-di-euro-di-gallerie-tra-lione-il-tunnel-di-base\/\" data-saferedirecturl=\"https:\/\/www.google.com\/url?q=http:\/\/www.presidioeuropa.net\/blog\/torino-lione-no-torino-digione-questo-il-nuovo-itinerario-deciso-dalla-francia-risparmiare-11-miliardi-di-euro-di-gallerie-tra-lione-il-tunnel-di-base\/&amp;source=gmail&amp;ust=1565204317637000&amp;usg=AFQjCNEUOQ-m5tPDd-FTseN4uSTHJbO1_A\">Torino-Lione ? No, Torino-Digione! Questo il nuovo itinerario deciso dalla Francia per risparmiare 11 miliardi di euro di gallerie tra Lione e il tunnel di base<\/a><\/u><\/p>\n<p style=\"font-weight: 400;\"><strong>Per completezza, come sopra annunciato, puntiamo ora la nostra attenzione sulle sei motivazioni che il Presidente del Consiglio ha considerato a sostegno della decisione di fare, i c.d. fatti nuovi, tutte facilmente smontabili.<\/strong><\/p>\n<ol>\n<li style=\"font-weight: 400;\"><strong>Disponibilit\u00e0 della UE ad aumentare il finanziamento della tratta transfrontaliera dal 40% al 55%<\/strong>, con notevole risparmio per l\u2019Italia. L\u2019aumento del finanziamento europeo dal 40% al 55% \u00e8 una promessa, deve essere ancora approvato e finanziato in via definitiva dal nuovo Parlamento Europeo e non vale tuttavia per il finanziamento in corso di 813 milioni di \u20ac, solo in parte utilizzato. Per paradosso, Italia e Francia avrebbero interesse ad abbandonare l\u2019attuale finanziamento al 40% e attendere il prossimo al 55%. Il vantaggio sarebbe di circa 47 milioni di euro. L\u2019ACB rimarrebbe negativa anche le la UE finanziasse il progetto al 100%.<\/li>\n<li style=\"font-weight: 400;\"><strong>Finanziamento al 50% della tratta nazionale italiana<\/strong>\u00a0dal costo di 1,7 Mld di \u20ac con un sostanzioso risparmio. La tratta nazionale italiana da Bussoleno fino a Torino costa di pi\u00f9 di questo importo. Non esiste allo stato nessuna norma Ue che preveda il finanziamento delle tratte nazionali al 50%. Se tale norma fosse inserita nel prossimo Regolamento CEF la Francia ne chiederebbe immediatamente la sua applicazione per la costosa tratta nazionale che richiede un investimento di 11,5 Mld. di \u20ac. Non \u00e8 tuttavia credibile che la UE potrebbe decidere di fornire un finanziamento aggiuntivo solo per la Torino-Lione di circa 7 Mld di \u20ac per le tratte nazionali italiane e francesi, altri Stati membri vorrebbero beneficiare dello stesso vantaggio per i loro progetti. E la Brexit ha diminuito i fondi europei per i progetti TEN-T.<\/li>\n<li style=\"font-weight: 400;\"><strong>Ulteriori finanziamenti europei<\/strong>: non vi \u00e8 traccia di questa disponibilit\u00e0 per la Torino-Lione nella bozza del Regolamento CEF 2021-2027.<\/li>\n<li style=\"font-weight: 400;\"><strong>La Francia si \u00e8 gi\u00e0 espressa per la conferma della realizzazione di quest\u2019opera.<\/strong>\u00a0La Francia, allo scopo di costringere l\u2019Italia a dire s\u00ec e a finanziare cos\u00ec buona parte dei costi del progetto in territorio francese, ha inserito nella Legge Orientamento Mobilit\u00e0 \u2013 LOM approvata il 18 giugno 2019 una dichiarazione di impegno solo politico per il Tunnel e le linee di accesso. Questa legge tuttavia non precisa la disponibilit\u00e0 dei fondi n\u00e9 il meccanismo per recuperarli nel Bilancio nazionale francese. In questo modo non vi \u00e8 vera disponibilit\u00e0 finanziaria nei confronti dell\u2019Italia per realizzare tutto il progetto insieme con l\u2019Italia come precisato agli articoli 3 e 16 dell\u2019<u><a href=\"http:\/\/www.presidioeuropa.net\/blog\/wp-content\/uploads\/2012\/12\/Accordo-Roma-30.1.2012-it1.pdf\" data-saferedirecturl=\"https:\/\/www.google.com\/url?q=http:\/\/www.presidioeuropa.net\/blog\/wp-content\/uploads\/2012\/12\/Accordo-Roma-30.1.2012-it1.pdf&amp;source=gmail&amp;ust=1565204317637000&amp;usg=AFQjCNHTh02vQtwDbtde-zvoecAjQgP1fw\">A<\/a><a href=\"http:\/\/www.presidioeuropa.net\/blog\/wp-content\/uploads\/2012\/12\/Accordo-Roma-30.1.2012-it1.pdf\" data-saferedirecturl=\"https:\/\/www.google.com\/url?q=http:\/\/www.presidioeuropa.net\/blog\/wp-content\/uploads\/2012\/12\/Accordo-Roma-30.1.2012-it1.pdf&amp;source=gmail&amp;ust=1565204317637000&amp;usg=AFQjCNHTh02vQtwDbtde-zvoecAjQgP1fw\">ccordo di Roma 30.1.2012<\/a><\/u>.<\/li>\n<li style=\"font-weight: 400;\"><strong>La decisione di non realizzare l\u2019opera comporterebbe la perdita dei finanziamenti europei e ci esporrebbe ai costi derivanti dalla rottura dell\u2019attuale accordo con la Francia.<\/strong>\u00a0Relativamente all\u2019Unione Europea l\u2019Italia potrebbe invocare l\u2019applicazione dell\u2019art. 17 del Regolamento CEF che permette all\u2019Italia di abbandonare i fondi Ue: \u201cI progetti descritti nella parte I dell\u2019allegato I non sono vincolanti per gli Stati membri nelle loro decisioni di programmazione. La decisione di attuare tali progetti spetta agli Stati membri e dipende dalle capacit\u00e0 di finanziamento pubblico nonch\u00e9 dalla loro fattibilit\u00e0 socioeconomica conformemente all\u2019articolo 7 del regolamento (UE) n. 1315\/2013\u201d. Per ottenere extra giudizialmente il c.d. dissenso della Francia sul progetto l\u2019Italia dovrebbe chiedere un impegno legislativo certo sulla realizzazione delle opere per la quali la Francia si \u00e8 impegnata con l\u2019<u><a href=\"http:\/\/www.presidioeuropa.net\/blog\/wp-content\/uploads\/2012\/12\/Accordo-Roma-30.1.2012-it1.pdf\" data-saferedirecturl=\"https:\/\/www.google.com\/url?q=http:\/\/www.presidioeuropa.net\/blog\/wp-content\/uploads\/2012\/12\/Accordo-Roma-30.1.2012-it1.pdf&amp;source=gmail&amp;ust=1565204317637000&amp;usg=AFQjCNHTh02vQtwDbtde-zvoecAjQgP1fw\">A<\/a><a href=\"http:\/\/www.presidioeuropa.net\/blog\/wp-content\/uploads\/2012\/12\/Accordo-Roma-30.1.2012-it1.pdf\" data-saferedirecturl=\"https:\/\/www.google.com\/url?q=http:\/\/www.presidioeuropa.net\/blog\/wp-content\/uploads\/2012\/12\/Accordo-Roma-30.1.2012-it1.pdf&amp;source=gmail&amp;ust=1565204317637000&amp;usg=AFQjCNHTh02vQtwDbtde-zvoecAjQgP1fw\">ccordo di Roma 30.1.2012<\/a><\/u>\u00a0(cfr. art. 4) allo scopo di smontare l\u2019iniqua ripartizione dei costi.<\/li>\n<li style=\"font-weight: 400;\"><strong>Voglio precisarlo con la massima chiarezza: i fondi europei sono assicurati solo per la realizzazione del TAV<\/strong>\u00a0<strong>e quindi non potremmo farne un impiego alternativo.<\/strong>\u00a0Non \u00e8 vero, perch\u00e9 la negoziazione per il Bilancio Pluriennale 2021-2027, che potrebbe prevedere finanziamenti diversi per trasporti ecologici, ecc. non \u00e8 ancora cominciata tra Parlamento Europeo e nuova Commissione. Il Governo italiano dovrebbe dimostrare di essere pi\u00f9 ambizioso nel contrasto al cambiamento climatico con l\u2019obiettivo di fare crescere l\u2019Italia assegnando al nostro Paese un posto tra i protagonisti della lotta per il clima che crea occupazione e ricchezza. Andare oltre questo progetto climalterante consentir\u00e0 ai Governi italiano e francese di avviare un\u2019approfondita e comune riflessione anche con l\u2019Unione Europea per assumere impegni pi\u00f9 coerenti nel quadro dell\u2019Accordo di Parigi del 2015. Allo stesso tempo il Governo dovrebbe avere la capacit\u00e0 di impegnare la prossima Commissione europea su un fronte non contabile ma politico, cos\u00ec come ha gi\u00e0 fatto il Presidente Giuseppe Conte per il non rispetto del rapporto debito\/PIL.<\/li>\n<\/ol>\n","protected":false},"excerpt":{"rendered":"<p>Si avvicina la condanna dell\u2019Italia a finanziare la Francia per realizzare una Grande Opera Inutile e Imposta Saranno capaci i nostri valorosi Senatori della Repubblica ad evitare che lo Stato italiano dia il via allo scavo del tunnel di base&hellip;<\/p>\n","protected":false},"author":1377,"featured_media":894383,"comment_status":"closed","ping_status":"closed","sticky":false,"template":"","format":"standard","meta":{"footnotes":""},"categories":[20606],"tags":[62267,55282,688,532,1469],"class_list":["post-898808","post","type-post","status-publish","format-standard","has-post-thumbnail","hentry","category-non-categorizzato","tag-antonio-conte","tag-emmanuel-macron-it","tag-no-tav","tag-senato","tag-torino-lione"],"yoast_head":"<!-- This site is optimized with the Yoast SEO plugin v27.1.1 - https:\/\/yoast.com\/product\/yoast-seo-wordpress\/ -->\n<title>Il Senato si appresta a votare la Torino-Lione<\/title>\n<meta name=\"description\" content=\"Si avvicina la condanna dell\u2019Italia a finanziare la Francia per realizzare una Grande Opera Inutile e Imposta Saranno capaci i nostri valorosi Senatori\" \/>\n<meta name=\"robots\" content=\"index, follow, max-snippet:-1, max-image-preview:large, max-video-preview:-1\" \/>\n<link rel=\"canonical\" href=\"https:\/\/www.pressenza.com\/it\/2019\/08\/torino-lione\/\" \/>\n<meta property=\"og:locale\" content=\"it_IT\" \/>\n<meta property=\"og:type\" content=\"article\" \/>\n<meta property=\"og:title\" content=\"Il Senato si appresta a votare la Torino-Lione\" \/>\n<meta property=\"og:description\" content=\"Si avvicina la condanna dell\u2019Italia a finanziare la Francia per realizzare una Grande Opera Inutile e Imposta Saranno capaci i nostri valorosi Senatori\" \/>\n<meta property=\"og:url\" content=\"https:\/\/www.pressenza.com\/it\/2019\/08\/torino-lione\/\" \/>\n<meta property=\"og:site_name\" content=\"Pressenza\" \/>\n<meta property=\"article:publisher\" content=\"https:\/\/www.facebook.com\/PressenzaItalia\" \/>\n<meta property=\"article:author\" content=\"https:\/\/www.facebook.com\/PresidioEuropa\/\" \/>\n<meta property=\"article:published_time\" content=\"2019-08-06T19:37:56+00:00\" \/>\n<meta property=\"article:modified_time\" content=\"2019-08-06T19:39:04+00:00\" \/>\n<meta property=\"og:image\" content=\"https:\/\/www.pressenza.com\/wp-content\/uploads\/2019\/07\/notav20190727.jpg\" \/>\n\t<meta property=\"og:image:width\" content=\"1030\" \/>\n\t<meta property=\"og:image:height\" content=\"688\" \/>\n\t<meta property=\"og:image:type\" content=\"image\/jpeg\" \/>\n<meta name=\"author\" content=\"PresidioEuropa No TAV\" \/>\n<meta name=\"twitter:card\" content=\"summary_large_image\" \/>\n<meta name=\"twitter:creator\" content=\"@PressenzaIPA\" \/>\n<meta name=\"twitter:site\" content=\"@PressenzaIPA\" \/>\n<meta name=\"twitter:label1\" content=\"Scritto da\" \/>\n\t<meta name=\"twitter:data1\" content=\"PresidioEuropa No TAV\" \/>\n\t<meta name=\"twitter:label2\" content=\"Tempo di lettura stimato\" \/>\n\t<meta name=\"twitter:data2\" content=\"8 minuti\" \/>\n<script type=\"application\/ld+json\" class=\"yoast-schema-graph\">{\"@context\":\"https:\/\/schema.org\",\"@graph\":[{\"@type\":\"Article\",\"@id\":\"https:\/\/www.pressenza.com\/it\/2019\/08\/torino-lione\/#article\",\"isPartOf\":{\"@id\":\"https:\/\/www.pressenza.com\/it\/2019\/08\/torino-lione\/\"},\"author\":{\"name\":\"PresidioEuropa No TAV\",\"@id\":\"https:\/\/www.pressenza.com\/it\/#\/schema\/person\/11820b05e5a358c422944a177a2f3b03\"},\"headline\":\"Il Senato si appresta a votare la Torino-Lione\",\"datePublished\":\"2019-08-06T19:37:56+00:00\",\"dateModified\":\"2019-08-06T19:39:04+00:00\",\"mainEntityOfPage\":{\"@id\":\"https:\/\/www.pressenza.com\/it\/2019\/08\/torino-lione\/\"},\"wordCount\":1676,\"publisher\":{\"@id\":\"https:\/\/www.pressenza.com\/it\/#organization\"},\"image\":{\"@id\":\"https:\/\/www.pressenza.com\/it\/2019\/08\/torino-lione\/#primaryimage\"},\"thumbnailUrl\":\"https:\/\/www.pressenza.com\/wp-content\/uploads\/2019\/07\/notav20190727.jpg\",\"keywords\":[\"Antonio Conte\",\"Emmanuel Macron\",\"NO-TAV\",\"Senato\",\"Torino-Lione\"],\"articleSection\":[\"non categorizzato\"],\"inLanguage\":\"it-IT\"},{\"@type\":\"WebPage\",\"@id\":\"https:\/\/www.pressenza.com\/it\/2019\/08\/torino-lione\/\",\"url\":\"https:\/\/www.pressenza.com\/it\/2019\/08\/torino-lione\/\",\"name\":\"Il Senato si appresta a votare la Torino-Lione\",\"isPartOf\":{\"@id\":\"https:\/\/www.pressenza.com\/it\/#website\"},\"primaryImageOfPage\":{\"@id\":\"https:\/\/www.pressenza.com\/it\/2019\/08\/torino-lione\/#primaryimage\"},\"image\":{\"@id\":\"https:\/\/www.pressenza.com\/it\/2019\/08\/torino-lione\/#primaryimage\"},\"thumbnailUrl\":\"https:\/\/www.pressenza.com\/wp-content\/uploads\/2019\/07\/notav20190727.jpg\",\"datePublished\":\"2019-08-06T19:37:56+00:00\",\"dateModified\":\"2019-08-06T19:39:04+00:00\",\"description\":\"Si avvicina la condanna dell\u2019Italia a finanziare la Francia per realizzare una Grande Opera Inutile e Imposta Saranno capaci i nostri valorosi Senatori\",\"breadcrumb\":{\"@id\":\"https:\/\/www.pressenza.com\/it\/2019\/08\/torino-lione\/#breadcrumb\"},\"inLanguage\":\"it-IT\",\"potentialAction\":[{\"@type\":\"ReadAction\",\"target\":[\"https:\/\/www.pressenza.com\/it\/2019\/08\/torino-lione\/\"]}]},{\"@type\":\"ImageObject\",\"inLanguage\":\"it-IT\",\"@id\":\"https:\/\/www.pressenza.com\/it\/2019\/08\/torino-lione\/#primaryimage\",\"url\":\"https:\/\/www.pressenza.com\/wp-content\/uploads\/2019\/07\/notav20190727.jpg\",\"contentUrl\":\"https:\/\/www.pressenza.com\/wp-content\/uploads\/2019\/07\/notav20190727.jpg\",\"width\":1030,\"height\":688},{\"@type\":\"BreadcrumbList\",\"@id\":\"https:\/\/www.pressenza.com\/it\/2019\/08\/torino-lione\/#breadcrumb\",\"itemListElement\":[{\"@type\":\"ListItem\",\"position\":1,\"name\":\"Accueil\",\"item\":\"https:\/\/www.pressenza.com\/it\/\"},{\"@type\":\"ListItem\",\"position\":2,\"name\":\"Il Senato si appresta a votare la Torino-Lione\"}]},{\"@type\":\"WebSite\",\"@id\":\"https:\/\/www.pressenza.com\/it\/#website\",\"url\":\"https:\/\/www.pressenza.com\/it\/\",\"name\":\"Pressenza\",\"description\":\"Agenzia di Stampa Internazionale\",\"publisher\":{\"@id\":\"https:\/\/www.pressenza.com\/it\/#organization\"},\"potentialAction\":[{\"@type\":\"SearchAction\",\"target\":{\"@type\":\"EntryPoint\",\"urlTemplate\":\"https:\/\/www.pressenza.com\/it\/?s={search_term_string}\"},\"query-input\":{\"@type\":\"PropertyValueSpecification\",\"valueRequired\":true,\"valueName\":\"search_term_string\"}}],\"inLanguage\":\"it-IT\"},{\"@type\":\"Organization\",\"@id\":\"https:\/\/www.pressenza.com\/it\/#organization\",\"name\":\"Pressenza\",\"url\":\"https:\/\/www.pressenza.com\/it\/\",\"logo\":{\"@type\":\"ImageObject\",\"inLanguage\":\"it-IT\",\"@id\":\"https:\/\/www.pressenza.com\/it\/#\/schema\/logo\/image\/\",\"url\":\"https:\/\/www.pressenza.com\/wp-content\/uploads\/2022\/10\/pressenza_logo_200x200.jpg\",\"contentUrl\":\"https:\/\/www.pressenza.com\/wp-content\/uploads\/2022\/10\/pressenza_logo_200x200.jpg\",\"width\":200,\"height\":200,\"caption\":\"Pressenza\"},\"image\":{\"@id\":\"https:\/\/www.pressenza.com\/it\/#\/schema\/logo\/image\/\"},\"sameAs\":[\"https:\/\/www.facebook.com\/PressenzaItalia\",\"https:\/\/x.com\/PressenzaIPA\"]},{\"@type\":\"Person\",\"@id\":\"https:\/\/www.pressenza.com\/it\/#\/schema\/person\/11820b05e5a358c422944a177a2f3b03\",\"name\":\"PresidioEuropa No TAV\",\"description\":\"www.presidioeuropa.net\/blog\",\"sameAs\":[\"http:\/\/www.presidioeuropa.net\/blog\",\"https:\/\/www.facebook.com\/PresidioEuropa\/\"],\"url\":\"https:\/\/www.pressenza.com\/it\/author\/presidioeuropa-no-tav\/\"}]}<\/script>\n<!-- \/ Yoast SEO plugin. -->","yoast_head_json":{"title":"Il Senato si appresta a votare la Torino-Lione","description":"Si avvicina la condanna dell\u2019Italia a finanziare la Francia per realizzare una Grande Opera Inutile e Imposta Saranno capaci i nostri valorosi Senatori","robots":{"index":"index","follow":"follow","max-snippet":"max-snippet:-1","max-image-preview":"max-image-preview:large","max-video-preview":"max-video-preview:-1"},"canonical":"https:\/\/www.pressenza.com\/it\/2019\/08\/torino-lione\/","og_locale":"it_IT","og_type":"article","og_title":"Il Senato si appresta a votare la Torino-Lione","og_description":"Si avvicina la condanna dell\u2019Italia a finanziare la Francia per realizzare una Grande Opera Inutile e Imposta Saranno capaci i nostri valorosi Senatori","og_url":"https:\/\/www.pressenza.com\/it\/2019\/08\/torino-lione\/","og_site_name":"Pressenza","article_publisher":"https:\/\/www.facebook.com\/PressenzaItalia","article_author":"https:\/\/www.facebook.com\/PresidioEuropa\/","article_published_time":"2019-08-06T19:37:56+00:00","article_modified_time":"2019-08-06T19:39:04+00:00","og_image":[{"width":1030,"height":688,"url":"https:\/\/www.pressenza.com\/wp-content\/uploads\/2019\/07\/notav20190727.jpg","type":"image\/jpeg"}],"author":"PresidioEuropa No TAV","twitter_card":"summary_large_image","twitter_creator":"@PressenzaIPA","twitter_site":"@PressenzaIPA","twitter_misc":{"Scritto da":"PresidioEuropa No TAV","Tempo di lettura stimato":"8 minuti"},"schema":{"@context":"https:\/\/schema.org","@graph":[{"@type":"Article","@id":"https:\/\/www.pressenza.com\/it\/2019\/08\/torino-lione\/#article","isPartOf":{"@id":"https:\/\/www.pressenza.com\/it\/2019\/08\/torino-lione\/"},"author":{"name":"PresidioEuropa No TAV","@id":"https:\/\/www.pressenza.com\/it\/#\/schema\/person\/11820b05e5a358c422944a177a2f3b03"},"headline":"Il Senato si appresta a votare la Torino-Lione","datePublished":"2019-08-06T19:37:56+00:00","dateModified":"2019-08-06T19:39:04+00:00","mainEntityOfPage":{"@id":"https:\/\/www.pressenza.com\/it\/2019\/08\/torino-lione\/"},"wordCount":1676,"publisher":{"@id":"https:\/\/www.pressenza.com\/it\/#organization"},"image":{"@id":"https:\/\/www.pressenza.com\/it\/2019\/08\/torino-lione\/#primaryimage"},"thumbnailUrl":"https:\/\/www.pressenza.com\/wp-content\/uploads\/2019\/07\/notav20190727.jpg","keywords":["Antonio Conte","Emmanuel Macron","NO-TAV","Senato","Torino-Lione"],"articleSection":["non categorizzato"],"inLanguage":"it-IT"},{"@type":"WebPage","@id":"https:\/\/www.pressenza.com\/it\/2019\/08\/torino-lione\/","url":"https:\/\/www.pressenza.com\/it\/2019\/08\/torino-lione\/","name":"Il Senato si appresta a votare la Torino-Lione","isPartOf":{"@id":"https:\/\/www.pressenza.com\/it\/#website"},"primaryImageOfPage":{"@id":"https:\/\/www.pressenza.com\/it\/2019\/08\/torino-lione\/#primaryimage"},"image":{"@id":"https:\/\/www.pressenza.com\/it\/2019\/08\/torino-lione\/#primaryimage"},"thumbnailUrl":"https:\/\/www.pressenza.com\/wp-content\/uploads\/2019\/07\/notav20190727.jpg","datePublished":"2019-08-06T19:37:56+00:00","dateModified":"2019-08-06T19:39:04+00:00","description":"Si avvicina la condanna dell\u2019Italia a finanziare la Francia per realizzare una Grande Opera Inutile e Imposta Saranno capaci i nostri valorosi Senatori","breadcrumb":{"@id":"https:\/\/www.pressenza.com\/it\/2019\/08\/torino-lione\/#breadcrumb"},"inLanguage":"it-IT","potentialAction":[{"@type":"ReadAction","target":["https:\/\/www.pressenza.com\/it\/2019\/08\/torino-lione\/"]}]},{"@type":"ImageObject","inLanguage":"it-IT","@id":"https:\/\/www.pressenza.com\/it\/2019\/08\/torino-lione\/#primaryimage","url":"https:\/\/www.pressenza.com\/wp-content\/uploads\/2019\/07\/notav20190727.jpg","contentUrl":"https:\/\/www.pressenza.com\/wp-content\/uploads\/2019\/07\/notav20190727.jpg","width":1030,"height":688},{"@type":"BreadcrumbList","@id":"https:\/\/www.pressenza.com\/it\/2019\/08\/torino-lione\/#breadcrumb","itemListElement":[{"@type":"ListItem","position":1,"name":"Accueil","item":"https:\/\/www.pressenza.com\/it\/"},{"@type":"ListItem","position":2,"name":"Il Senato si appresta a votare la Torino-Lione"}]},{"@type":"WebSite","@id":"https:\/\/www.pressenza.com\/it\/#website","url":"https:\/\/www.pressenza.com\/it\/","name":"Pressenza","description":"Agenzia di Stampa Internazionale","publisher":{"@id":"https:\/\/www.pressenza.com\/it\/#organization"},"potentialAction":[{"@type":"SearchAction","target":{"@type":"EntryPoint","urlTemplate":"https:\/\/www.pressenza.com\/it\/?s={search_term_string}"},"query-input":{"@type":"PropertyValueSpecification","valueRequired":true,"valueName":"search_term_string"}}],"inLanguage":"it-IT"},{"@type":"Organization","@id":"https:\/\/www.pressenza.com\/it\/#organization","name":"Pressenza","url":"https:\/\/www.pressenza.com\/it\/","logo":{"@type":"ImageObject","inLanguage":"it-IT","@id":"https:\/\/www.pressenza.com\/it\/#\/schema\/logo\/image\/","url":"https:\/\/www.pressenza.com\/wp-content\/uploads\/2022\/10\/pressenza_logo_200x200.jpg","contentUrl":"https:\/\/www.pressenza.com\/wp-content\/uploads\/2022\/10\/pressenza_logo_200x200.jpg","width":200,"height":200,"caption":"Pressenza"},"image":{"@id":"https:\/\/www.pressenza.com\/it\/#\/schema\/logo\/image\/"},"sameAs":["https:\/\/www.facebook.com\/PressenzaItalia","https:\/\/x.com\/PressenzaIPA"]},{"@type":"Person","@id":"https:\/\/www.pressenza.com\/it\/#\/schema\/person\/11820b05e5a358c422944a177a2f3b03","name":"PresidioEuropa No TAV","description":"www.presidioeuropa.net\/blog","sameAs":["http:\/\/www.presidioeuropa.net\/blog","https:\/\/www.facebook.com\/PresidioEuropa\/"],"url":"https:\/\/www.pressenza.com\/it\/author\/presidioeuropa-no-tav\/"}]}},"place":"Val di Susa","original_article_url":"","_links":{"self":[{"href":"https:\/\/www.pressenza.com\/it\/wp-json\/wp\/v2\/posts\/898808","targetHints":{"allow":["GET"]}}],"collection":[{"href":"https:\/\/www.pressenza.com\/it\/wp-json\/wp\/v2\/posts"}],"about":[{"href":"https:\/\/www.pressenza.com\/it\/wp-json\/wp\/v2\/types\/post"}],"author":[{"embeddable":true,"href":"https:\/\/www.pressenza.com\/it\/wp-json\/wp\/v2\/users\/1377"}],"replies":[{"embeddable":true,"href":"https:\/\/www.pressenza.com\/it\/wp-json\/wp\/v2\/comments?post=898808"}],"version-history":[{"count":0,"href":"https:\/\/www.pressenza.com\/it\/wp-json\/wp\/v2\/posts\/898808\/revisions"}],"wp:featuredmedia":[{"embeddable":true,"href":"https:\/\/www.pressenza.com\/it\/wp-json\/wp\/v2\/media\/894383"}],"wp:attachment":[{"href":"https:\/\/www.pressenza.com\/it\/wp-json\/wp\/v2\/media?parent=898808"}],"wp:term":[{"taxonomy":"category","embeddable":true,"href":"https:\/\/www.pressenza.com\/it\/wp-json\/wp\/v2\/categories?post=898808"},{"taxonomy":"post_tag","embeddable":true,"href":"https:\/\/www.pressenza.com\/it\/wp-json\/wp\/v2\/tags?post=898808"}],"curies":[{"name":"wp","href":"https:\/\/api.w.org\/{rel}","templated":true}]}}