{"id":896078,"date":"2019-07-31T18:06:33","date_gmt":"2019-07-31T17:06:33","guid":{"rendered":"https:\/\/www.pressenza.com\/?p=896078"},"modified":"2019-07-31T18:06:33","modified_gmt":"2019-07-31T17:06:33","slug":"mauritania-finalmente-libero-il-blogger-apostata","status":"publish","type":"post","link":"https:\/\/www.pressenza.com\/it\/2019\/07\/mauritania-finalmente-libero-il-blogger-apostata\/","title":{"rendered":"Mauritania, finalmente libero il blogger &#8220;apostata&#8221;"},"content":{"rendered":"<p>Dopo cinque anni e mezzo di carcere, il blogger mauritano Mohamed Cheikh Ould Mohamed Mkhaitir \u00e8 stato finalmente rilasciato nel tardo pomeriggio del 30 luglio.<\/p>\n<p>Mkhaitir era stato arrestato nel gennaio 2014 per aver pubblicato un post su Facebook in cui criticava l&#8217;uso della religione per giustificare la discriminazione contro la sua comunit\u00e0 di appartenenza, i blacksmith. Nel dicembre dello stesso anno era stato condannato a morte per &#8220;apostasia&#8221;.<\/p>\n<p>Nel 2017, in appello, la condanna a morte era stata commutata in due anni di carcere. Mkhaitir\u00a0 avrebbe dovuto essere cos\u00ec rilasciato ma, a seguito delle proteste di estremisti musulmani che minacciavano di fare giustizia da s\u00e9, le autorit\u00e0 avevano deciso di trattenerlo per &#8220;motivi di sicurezza&#8221;, senza neanche fargli incontrare avvocati e familiari.<\/p>\n<p>Nelle ultime settimane Mkhaitir, come del resto aveva fatto sin dall&#8217;inizio, aveva fornito le sue scuse affermando di non avere mai avuto l&#8217;intenzione di offendere il profeta Maometto n\u00e9 di abbandonare la religione islamica.<\/p>\n<p>Per la liberazione di Mkhaitir si sono impegnate le organizzazioni per la libert\u00e0 di stampa e per i diritti umani e in Italia soprattutto il Comune di Napoli.<\/p>\n<p>&nbsp;<\/p>\n","protected":false},"excerpt":{"rendered":"<p>Dopo cinque anni e mezzo di carcere, il blogger mauritano Mohamed Cheikh Ould Mohamed Mkhaitir \u00e8 stato finalmente rilasciato nel tardo pomeriggio del 30 luglio. Mkhaitir era stato arrestato nel gennaio 2014 per aver pubblicato un post su Facebook in&hellip;<\/p>\n","protected":false},"author":1334,"featured_media":896088,"comment_status":"closed","ping_status":"closed","sticky":false,"template":"","format":"standard","meta":{"footnotes":""},"categories":[45,11388,60],"tags":[4670,3148,62010,62011],"class_list":["post-896078","post","type-post","status-publish","format-standard","has-post-thumbnail","hentry","category-africa-it","category-contenuti-originali","category-diritti-umani","tag-liberazione","tag-mauritania","tag-mohamed-cheikh-ould-mohamed-mkhaitir","tag-religione-islamica"],"yoast_head":"<!-- This site is optimized with the Yoast SEO plugin v27.1.1 - https:\/\/yoast.com\/product\/yoast-seo-wordpress\/ -->\n<title>Mauritania, finalmente libero il blogger &quot;apostata&quot;<\/title>\n<meta name=\"description\" content=\"Dopo cinque anni e mezzo di carcere, il blogger mauritano Mohamed Cheikh Ould Mohamed Mkhaitir \u00e8 stato finalmente rilasciato nel tardo pomeriggio del 30\" \/>\n<meta name=\"robots\" content=\"index, follow, max-snippet:-1, max-image-preview:large, max-video-preview:-1\" \/>\n<link rel=\"canonical\" href=\"https:\/\/www.pressenza.com\/it\/2019\/07\/mauritania-finalmente-libero-il-blogger-apostata\/\" \/>\n<meta property=\"og:locale\" content=\"it_IT\" \/>\n<meta property=\"og:type\" content=\"article\" \/>\n<meta property=\"og:title\" content=\"Mauritania, finalmente libero il blogger &quot;apostata&quot;\" \/>\n<meta property=\"og:description\" content=\"Dopo cinque anni e mezzo di carcere, il blogger mauritano Mohamed Cheikh Ould Mohamed Mkhaitir \u00e8 stato finalmente rilasciato nel tardo pomeriggio del 30\" \/>\n<meta property=\"og:url\" content=\"https:\/\/www.pressenza.com\/it\/2019\/07\/mauritania-finalmente-libero-il-blogger-apostata\/\" \/>\n<meta property=\"og:site_name\" content=\"Pressenza\" \/>\n<meta property=\"article:publisher\" content=\"https:\/\/www.facebook.com\/PressenzaItalia\" \/>\n<meta property=\"article:author\" content=\"https:\/\/www.facebook.com\/p\/Riccardo-Noury-100041166531808\/\" \/>\n<meta property=\"article:published_time\" content=\"2019-07-31T17:06:33+00:00\" \/>\n<meta property=\"og:image\" content=\"https:\/\/www.pressenza.com\/wp-content\/uploads\/2019\/07\/mauritania_blogger.jpg\" \/>\n\t<meta property=\"og:image:width\" content=\"1170\" \/>\n\t<meta property=\"og:image:height\" content=\"470\" \/>\n\t<meta property=\"og:image:type\" content=\"image\/jpeg\" \/>\n<meta name=\"author\" content=\"Riccardo Noury\" \/>\n<meta name=\"twitter:card\" content=\"summary_large_image\" \/>\n<meta name=\"twitter:creator\" content=\"@riccardonoury\" \/>\n<meta name=\"twitter:site\" content=\"@PressenzaIPA\" \/>\n<meta name=\"twitter:label1\" content=\"Scritto da\" \/>\n\t<meta name=\"twitter:data1\" content=\"Riccardo Noury\" \/>\n\t<meta name=\"twitter:label2\" content=\"Tempo di lettura stimato\" \/>\n\t<meta name=\"twitter:data2\" content=\"1 minuto\" \/>\n<script type=\"application\/ld+json\" class=\"yoast-schema-graph\">{\"@context\":\"https:\/\/schema.org\",\"@graph\":[{\"@type\":\"Article\",\"@id\":\"https:\/\/www.pressenza.com\/it\/2019\/07\/mauritania-finalmente-libero-il-blogger-apostata\/#article\",\"isPartOf\":{\"@id\":\"https:\/\/www.pressenza.com\/it\/2019\/07\/mauritania-finalmente-libero-il-blogger-apostata\/\"},\"author\":{\"name\":\"Riccardo Noury\",\"@id\":\"https:\/\/www.pressenza.com\/it\/#\/schema\/person\/8f342cd59f9d5aae911255240684f81e\"},\"headline\":\"Mauritania, finalmente libero il blogger &#8220;apostata&#8221;\",\"datePublished\":\"2019-07-31T17:06:33+00:00\",\"mainEntityOfPage\":{\"@id\":\"https:\/\/www.pressenza.com\/it\/2019\/07\/mauritania-finalmente-libero-il-blogger-apostata\/\"},\"wordCount\":191,\"publisher\":{\"@id\":\"https:\/\/www.pressenza.com\/it\/#organization\"},\"image\":{\"@id\":\"https:\/\/www.pressenza.com\/it\/2019\/07\/mauritania-finalmente-libero-il-blogger-apostata\/#primaryimage\"},\"thumbnailUrl\":\"https:\/\/www.pressenza.com\/wp-content\/uploads\/2019\/07\/mauritania_blogger.jpg\",\"keywords\":[\"Liberazione\",\"Mauritania\",\"Mohamed Cheikh Ould Mohamed Mkhaitir\",\"religione islamica\"],\"articleSection\":[\"Africa\",\"contenuti originali\",\"Diritti Umani\"],\"inLanguage\":\"it-IT\"},{\"@type\":\"WebPage\",\"@id\":\"https:\/\/www.pressenza.com\/it\/2019\/07\/mauritania-finalmente-libero-il-blogger-apostata\/\",\"url\":\"https:\/\/www.pressenza.com\/it\/2019\/07\/mauritania-finalmente-libero-il-blogger-apostata\/\",\"name\":\"Mauritania, finalmente libero il blogger \\\"apostata\\\"\",\"isPartOf\":{\"@id\":\"https:\/\/www.pressenza.com\/it\/#website\"},\"primaryImageOfPage\":{\"@id\":\"https:\/\/www.pressenza.com\/it\/2019\/07\/mauritania-finalmente-libero-il-blogger-apostata\/#primaryimage\"},\"image\":{\"@id\":\"https:\/\/www.pressenza.com\/it\/2019\/07\/mauritania-finalmente-libero-il-blogger-apostata\/#primaryimage\"},\"thumbnailUrl\":\"https:\/\/www.pressenza.com\/wp-content\/uploads\/2019\/07\/mauritania_blogger.jpg\",\"datePublished\":\"2019-07-31T17:06:33+00:00\",\"description\":\"Dopo cinque anni e mezzo di carcere, il blogger mauritano Mohamed Cheikh Ould Mohamed Mkhaitir \u00e8 stato finalmente rilasciato nel tardo pomeriggio del 30\",\"breadcrumb\":{\"@id\":\"https:\/\/www.pressenza.com\/it\/2019\/07\/mauritania-finalmente-libero-il-blogger-apostata\/#breadcrumb\"},\"inLanguage\":\"it-IT\",\"potentialAction\":[{\"@type\":\"ReadAction\",\"target\":[\"https:\/\/www.pressenza.com\/it\/2019\/07\/mauritania-finalmente-libero-il-blogger-apostata\/\"]}]},{\"@type\":\"ImageObject\",\"inLanguage\":\"it-IT\",\"@id\":\"https:\/\/www.pressenza.com\/it\/2019\/07\/mauritania-finalmente-libero-il-blogger-apostata\/#primaryimage\",\"url\":\"https:\/\/www.pressenza.com\/wp-content\/uploads\/2019\/07\/mauritania_blogger.jpg\",\"contentUrl\":\"https:\/\/www.pressenza.com\/wp-content\/uploads\/2019\/07\/mauritania_blogger.jpg\",\"width\":1170,\"height\":470},{\"@type\":\"BreadcrumbList\",\"@id\":\"https:\/\/www.pressenza.com\/it\/2019\/07\/mauritania-finalmente-libero-il-blogger-apostata\/#breadcrumb\",\"itemListElement\":[{\"@type\":\"ListItem\",\"position\":1,\"name\":\"Accueil\",\"item\":\"https:\/\/www.pressenza.com\/it\/\"},{\"@type\":\"ListItem\",\"position\":2,\"name\":\"Mauritania, finalmente libero il blogger &#8220;apostata&#8221;\"}]},{\"@type\":\"WebSite\",\"@id\":\"https:\/\/www.pressenza.com\/it\/#website\",\"url\":\"https:\/\/www.pressenza.com\/it\/\",\"name\":\"Pressenza\",\"description\":\"Agenzia di Stampa Internazionale\",\"publisher\":{\"@id\":\"https:\/\/www.pressenza.com\/it\/#organization\"},\"potentialAction\":[{\"@type\":\"SearchAction\",\"target\":{\"@type\":\"EntryPoint\",\"urlTemplate\":\"https:\/\/www.pressenza.com\/it\/?s={search_term_string}\"},\"query-input\":{\"@type\":\"PropertyValueSpecification\",\"valueRequired\":true,\"valueName\":\"search_term_string\"}}],\"inLanguage\":\"it-IT\"},{\"@type\":\"Organization\",\"@id\":\"https:\/\/www.pressenza.com\/it\/#organization\",\"name\":\"Pressenza\",\"url\":\"https:\/\/www.pressenza.com\/it\/\",\"logo\":{\"@type\":\"ImageObject\",\"inLanguage\":\"it-IT\",\"@id\":\"https:\/\/www.pressenza.com\/it\/#\/schema\/logo\/image\/\",\"url\":\"https:\/\/www.pressenza.com\/wp-content\/uploads\/2022\/10\/pressenza_logo_200x200.jpg\",\"contentUrl\":\"https:\/\/www.pressenza.com\/wp-content\/uploads\/2022\/10\/pressenza_logo_200x200.jpg\",\"width\":200,\"height\":200,\"caption\":\"Pressenza\"},\"image\":{\"@id\":\"https:\/\/www.pressenza.com\/it\/#\/schema\/logo\/image\/\"},\"sameAs\":[\"https:\/\/www.facebook.com\/PressenzaItalia\",\"https:\/\/x.com\/PressenzaIPA\"]},{\"@type\":\"Person\",\"@id\":\"https:\/\/www.pressenza.com\/it\/#\/schema\/person\/8f342cd59f9d5aae911255240684f81e\",\"name\":\"Riccardo Noury\",\"sameAs\":[\"http:\/\/www.amnesty.it\/\",\"https:\/\/www.facebook.com\/p\/Riccardo-Noury-100041166531808\/\",\"https:\/\/www.instagram.com\/riccardonoury9241\",\"https:\/\/x.com\/riccardonoury\"],\"url\":\"https:\/\/www.pressenza.com\/it\/author\/riccardo-noury\/\"}]}<\/script>\n<!-- \/ Yoast SEO plugin. -->","yoast_head_json":{"title":"Mauritania, finalmente libero il blogger \"apostata\"","description":"Dopo cinque anni e mezzo di carcere, il blogger mauritano Mohamed Cheikh Ould Mohamed Mkhaitir \u00e8 stato finalmente rilasciato nel tardo pomeriggio del 30","robots":{"index":"index","follow":"follow","max-snippet":"max-snippet:-1","max-image-preview":"max-image-preview:large","max-video-preview":"max-video-preview:-1"},"canonical":"https:\/\/www.pressenza.com\/it\/2019\/07\/mauritania-finalmente-libero-il-blogger-apostata\/","og_locale":"it_IT","og_type":"article","og_title":"Mauritania, finalmente libero il blogger \"apostata\"","og_description":"Dopo cinque anni e mezzo di carcere, il blogger mauritano Mohamed Cheikh Ould Mohamed Mkhaitir \u00e8 stato finalmente rilasciato nel tardo pomeriggio del 30","og_url":"https:\/\/www.pressenza.com\/it\/2019\/07\/mauritania-finalmente-libero-il-blogger-apostata\/","og_site_name":"Pressenza","article_publisher":"https:\/\/www.facebook.com\/PressenzaItalia","article_author":"https:\/\/www.facebook.com\/p\/Riccardo-Noury-100041166531808\/","article_published_time":"2019-07-31T17:06:33+00:00","og_image":[{"width":1170,"height":470,"url":"https:\/\/www.pressenza.com\/wp-content\/uploads\/2019\/07\/mauritania_blogger.jpg","type":"image\/jpeg"}],"author":"Riccardo Noury","twitter_card":"summary_large_image","twitter_creator":"@riccardonoury","twitter_site":"@PressenzaIPA","twitter_misc":{"Scritto da":"Riccardo Noury","Tempo di lettura stimato":"1 minuto"},"schema":{"@context":"https:\/\/schema.org","@graph":[{"@type":"Article","@id":"https:\/\/www.pressenza.com\/it\/2019\/07\/mauritania-finalmente-libero-il-blogger-apostata\/#article","isPartOf":{"@id":"https:\/\/www.pressenza.com\/it\/2019\/07\/mauritania-finalmente-libero-il-blogger-apostata\/"},"author":{"name":"Riccardo Noury","@id":"https:\/\/www.pressenza.com\/it\/#\/schema\/person\/8f342cd59f9d5aae911255240684f81e"},"headline":"Mauritania, finalmente libero il blogger &#8220;apostata&#8221;","datePublished":"2019-07-31T17:06:33+00:00","mainEntityOfPage":{"@id":"https:\/\/www.pressenza.com\/it\/2019\/07\/mauritania-finalmente-libero-il-blogger-apostata\/"},"wordCount":191,"publisher":{"@id":"https:\/\/www.pressenza.com\/it\/#organization"},"image":{"@id":"https:\/\/www.pressenza.com\/it\/2019\/07\/mauritania-finalmente-libero-il-blogger-apostata\/#primaryimage"},"thumbnailUrl":"https:\/\/www.pressenza.com\/wp-content\/uploads\/2019\/07\/mauritania_blogger.jpg","keywords":["Liberazione","Mauritania","Mohamed Cheikh Ould Mohamed Mkhaitir","religione islamica"],"articleSection":["Africa","contenuti originali","Diritti Umani"],"inLanguage":"it-IT"},{"@type":"WebPage","@id":"https:\/\/www.pressenza.com\/it\/2019\/07\/mauritania-finalmente-libero-il-blogger-apostata\/","url":"https:\/\/www.pressenza.com\/it\/2019\/07\/mauritania-finalmente-libero-il-blogger-apostata\/","name":"Mauritania, finalmente libero il blogger \"apostata\"","isPartOf":{"@id":"https:\/\/www.pressenza.com\/it\/#website"},"primaryImageOfPage":{"@id":"https:\/\/www.pressenza.com\/it\/2019\/07\/mauritania-finalmente-libero-il-blogger-apostata\/#primaryimage"},"image":{"@id":"https:\/\/www.pressenza.com\/it\/2019\/07\/mauritania-finalmente-libero-il-blogger-apostata\/#primaryimage"},"thumbnailUrl":"https:\/\/www.pressenza.com\/wp-content\/uploads\/2019\/07\/mauritania_blogger.jpg","datePublished":"2019-07-31T17:06:33+00:00","description":"Dopo cinque anni e mezzo di carcere, il blogger mauritano Mohamed Cheikh Ould Mohamed Mkhaitir \u00e8 stato finalmente rilasciato nel tardo pomeriggio del 30","breadcrumb":{"@id":"https:\/\/www.pressenza.com\/it\/2019\/07\/mauritania-finalmente-libero-il-blogger-apostata\/#breadcrumb"},"inLanguage":"it-IT","potentialAction":[{"@type":"ReadAction","target":["https:\/\/www.pressenza.com\/it\/2019\/07\/mauritania-finalmente-libero-il-blogger-apostata\/"]}]},{"@type":"ImageObject","inLanguage":"it-IT","@id":"https:\/\/www.pressenza.com\/it\/2019\/07\/mauritania-finalmente-libero-il-blogger-apostata\/#primaryimage","url":"https:\/\/www.pressenza.com\/wp-content\/uploads\/2019\/07\/mauritania_blogger.jpg","contentUrl":"https:\/\/www.pressenza.com\/wp-content\/uploads\/2019\/07\/mauritania_blogger.jpg","width":1170,"height":470},{"@type":"BreadcrumbList","@id":"https:\/\/www.pressenza.com\/it\/2019\/07\/mauritania-finalmente-libero-il-blogger-apostata\/#breadcrumb","itemListElement":[{"@type":"ListItem","position":1,"name":"Accueil","item":"https:\/\/www.pressenza.com\/it\/"},{"@type":"ListItem","position":2,"name":"Mauritania, finalmente libero il blogger &#8220;apostata&#8221;"}]},{"@type":"WebSite","@id":"https:\/\/www.pressenza.com\/it\/#website","url":"https:\/\/www.pressenza.com\/it\/","name":"Pressenza","description":"Agenzia di Stampa Internazionale","publisher":{"@id":"https:\/\/www.pressenza.com\/it\/#organization"},"potentialAction":[{"@type":"SearchAction","target":{"@type":"EntryPoint","urlTemplate":"https:\/\/www.pressenza.com\/it\/?s={search_term_string}"},"query-input":{"@type":"PropertyValueSpecification","valueRequired":true,"valueName":"search_term_string"}}],"inLanguage":"it-IT"},{"@type":"Organization","@id":"https:\/\/www.pressenza.com\/it\/#organization","name":"Pressenza","url":"https:\/\/www.pressenza.com\/it\/","logo":{"@type":"ImageObject","inLanguage":"it-IT","@id":"https:\/\/www.pressenza.com\/it\/#\/schema\/logo\/image\/","url":"https:\/\/www.pressenza.com\/wp-content\/uploads\/2022\/10\/pressenza_logo_200x200.jpg","contentUrl":"https:\/\/www.pressenza.com\/wp-content\/uploads\/2022\/10\/pressenza_logo_200x200.jpg","width":200,"height":200,"caption":"Pressenza"},"image":{"@id":"https:\/\/www.pressenza.com\/it\/#\/schema\/logo\/image\/"},"sameAs":["https:\/\/www.facebook.com\/PressenzaItalia","https:\/\/x.com\/PressenzaIPA"]},{"@type":"Person","@id":"https:\/\/www.pressenza.com\/it\/#\/schema\/person\/8f342cd59f9d5aae911255240684f81e","name":"Riccardo Noury","sameAs":["http:\/\/www.amnesty.it\/","https:\/\/www.facebook.com\/p\/Riccardo-Noury-100041166531808\/","https:\/\/www.instagram.com\/riccardonoury9241","https:\/\/x.com\/riccardonoury"],"url":"https:\/\/www.pressenza.com\/it\/author\/riccardo-noury\/"}]}},"place":"","original_article_url":"","_links":{"self":[{"href":"https:\/\/www.pressenza.com\/it\/wp-json\/wp\/v2\/posts\/896078","targetHints":{"allow":["GET"]}}],"collection":[{"href":"https:\/\/www.pressenza.com\/it\/wp-json\/wp\/v2\/posts"}],"about":[{"href":"https:\/\/www.pressenza.com\/it\/wp-json\/wp\/v2\/types\/post"}],"author":[{"embeddable":true,"href":"https:\/\/www.pressenza.com\/it\/wp-json\/wp\/v2\/users\/1334"}],"replies":[{"embeddable":true,"href":"https:\/\/www.pressenza.com\/it\/wp-json\/wp\/v2\/comments?post=896078"}],"version-history":[{"count":0,"href":"https:\/\/www.pressenza.com\/it\/wp-json\/wp\/v2\/posts\/896078\/revisions"}],"wp:featuredmedia":[{"embeddable":true,"href":"https:\/\/www.pressenza.com\/it\/wp-json\/wp\/v2\/media\/896088"}],"wp:attachment":[{"href":"https:\/\/www.pressenza.com\/it\/wp-json\/wp\/v2\/media?parent=896078"}],"wp:term":[{"taxonomy":"category","embeddable":true,"href":"https:\/\/www.pressenza.com\/it\/wp-json\/wp\/v2\/categories?post=896078"},{"taxonomy":"post_tag","embeddable":true,"href":"https:\/\/www.pressenza.com\/it\/wp-json\/wp\/v2\/tags?post=896078"}],"curies":[{"name":"wp","href":"https:\/\/api.w.org\/{rel}","templated":true}]}}