{"id":895620,"date":"2019-07-30T16:27:57","date_gmt":"2019-07-30T15:27:57","guid":{"rendered":"https:\/\/www.pressenza.com\/?p=895620"},"modified":"2019-07-30T16:27:57","modified_gmt":"2019-07-30T15:27:57","slug":"sicurezza-bis-i-comboniani-ai-senatori-immorale-votate-contro","status":"publish","type":"post","link":"https:\/\/www.pressenza.com\/it\/2019\/07\/sicurezza-bis-i-comboniani-ai-senatori-immorale-votate-contro\/","title":{"rendered":"Sicurezza bis. I comboniani ai senatori: immorale, votate contro"},"content":{"rendered":"<p>Immorale, contrario ai principi della Costituzione italiana e alle leggi internazionali che impongono di salvare chi in mare \u00e8 in pericolo di morte: cos\u00ec i missionari comboniani sul Decreto sicurezza bis, in una lettera inviata a senatori e senatrici a pochi giorni dal voto parlamentare.<\/p>\n<p>&#8220;Noi missionari comboniani, editori della rivista &#8216;Nigrizia&#8217;, ci rivolgiamo a voi, chiamati in questi giorni a pronunciarvi sulla conversione in legge del decreto Sicurezza bis&#8221; si legge nel testo. &#8220;In sintonia con l&#8217;appello lanciato da 62 monasteri femminili di vita contemplativa, dall&#8217;Associazione Emmaus Italia, dalla Federazione nazionale della societ\u00e0 di san Vincenzo de&#8217; Paoli, da Pax Christi Italia e da altre associazioni cattoliche, vi chiediamo, tramite questa lettera, di votare contro questo decreto&#8221;.<\/p>\n<p>Un testo, denunciano i missionari, &#8220;che per noi \u00e8 immorale, va contro i principi della nostra Costituzione ed \u00e8 con grande evidenza contrario alle leggi internazionali che impongono di salvare la vita di chi in mare \u00e8 in pericolo di morte. Vi chiediamo quindi di non votarlo&#8221;. Secondo i comboniani, &#8220;la conseguenza della sua approvazione sar\u00e0 che tante persone, innocenti e inermi naufraghi nel Mediterraneo, moriranno invece di essere salvate.<\/p>\n<p>Nella lettera, nata da una proposta del Centro di ricerca per la pace, i diritti umani e la difesa della biosfera di Viterbo, si legge ancora: &#8220;Questo decreto bis, infatti, criminalizza i soccorritori volontari che salvano vite umane e avr\u00e0 come effetto reale che le persone da salvare non potranno pi\u00f9 essere soccorse, rischiando cos\u00ec di morire annegate. La nostra coscienza ci vieta di accettare una legge che promuove la morte e non la vita. Siamo certi che non vorrete lasciar morire degli esseri umani: farlo sarebbe un crimine abominevole. Ve lo chiediamo ancora: respingete questo decreto mortifero&#8221;.<\/p>\n<p>&nbsp;<\/p>\n","protected":false},"excerpt":{"rendered":"<p>Immorale, contrario ai principi della Costituzione italiana e alle leggi internazionali che impongono di salvare chi in mare \u00e8 in pericolo di morte: cos\u00ec i missionari comboniani sul Decreto sicurezza bis, in una lettera inviata a senatori e senatrici a&hellip;<\/p>\n","protected":false},"author":1478,"featured_media":774534,"comment_status":"closed","ping_status":"closed","sticky":false,"template":"","format":"standard","meta":{"footnotes":""},"categories":[20606],"tags":[14543,45354,59010,36895],"class_list":["post-895620","post","type-post","status-publish","format-standard","has-post-thumbnail","hentry","category-non-categorizzato","tag-comboniani","tag-criminalizzazione-della-solidarieta","tag-decreto-sicurezza-bis","tag-salvataggi-in-mare"],"yoast_head":"<!-- This site is optimized with the Yoast SEO plugin v27.1.1 - https:\/\/yoast.com\/product\/yoast-seo-wordpress\/ -->\n<title>Sicurezza bis. I comboniani ai senatori: immorale, votate contro<\/title>\n<meta name=\"description\" content=\"Immorale, contrario ai principi della Costituzione italiana e alle leggi internazionali che impongono di salvare chi in mare \u00e8 in pericolo di morte: cos\u00ec\" \/>\n<meta name=\"robots\" content=\"index, follow, max-snippet:-1, max-image-preview:large, max-video-preview:-1\" \/>\n<link rel=\"canonical\" href=\"https:\/\/www.pressenza.com\/it\/2019\/07\/sicurezza-bis-i-comboniani-ai-senatori-immorale-votate-contro\/\" \/>\n<meta property=\"og:locale\" content=\"it_IT\" \/>\n<meta property=\"og:type\" content=\"article\" \/>\n<meta property=\"og:title\" content=\"Sicurezza bis. I comboniani ai senatori: immorale, votate contro\" \/>\n<meta property=\"og:description\" content=\"Immorale, contrario ai principi della Costituzione italiana e alle leggi internazionali che impongono di salvare chi in mare \u00e8 in pericolo di morte: cos\u00ec\" \/>\n<meta property=\"og:url\" content=\"https:\/\/www.pressenza.com\/it\/2019\/07\/sicurezza-bis-i-comboniani-ai-senatori-immorale-votate-contro\/\" \/>\n<meta property=\"og:site_name\" content=\"Pressenza\" \/>\n<meta property=\"article:publisher\" content=\"https:\/\/www.facebook.com\/PressenzaItalia\" \/>\n<meta property=\"article:published_time\" content=\"2019-07-30T15:27:57+00:00\" \/>\n<meta property=\"og:image\" content=\"https:\/\/www.pressenza.com\/wp-content\/uploads\/2018\/12\/migranti-con-giubbotti-salvataggio.jpg\" \/>\n\t<meta property=\"og:image:width\" content=\"960\" \/>\n\t<meta property=\"og:image:height\" content=\"672\" \/>\n\t<meta property=\"og:image:type\" content=\"image\/jpeg\" \/>\n<meta name=\"author\" content=\"Agenzia DIRE\" \/>\n<meta name=\"twitter:card\" content=\"summary_large_image\" \/>\n<meta name=\"twitter:creator\" content=\"@PressenzaIPA\" \/>\n<meta name=\"twitter:site\" content=\"@PressenzaIPA\" \/>\n<meta name=\"twitter:label1\" content=\"Scritto da\" \/>\n\t<meta name=\"twitter:data1\" content=\"Agenzia DIRE\" \/>\n\t<meta name=\"twitter:label2\" content=\"Tempo di lettura stimato\" \/>\n\t<meta name=\"twitter:data2\" content=\"1 minuto\" \/>\n<script type=\"application\/ld+json\" class=\"yoast-schema-graph\">{\"@context\":\"https:\/\/schema.org\",\"@graph\":[{\"@type\":\"Article\",\"@id\":\"https:\/\/www.pressenza.com\/it\/2019\/07\/sicurezza-bis-i-comboniani-ai-senatori-immorale-votate-contro\/#article\",\"isPartOf\":{\"@id\":\"https:\/\/www.pressenza.com\/it\/2019\/07\/sicurezza-bis-i-comboniani-ai-senatori-immorale-votate-contro\/\"},\"author\":{\"name\":\"Agenzia DIRE\",\"@id\":\"https:\/\/www.pressenza.com\/it\/#\/schema\/person\/bb13dad7d75de3f57ef0c4246101316b\"},\"headline\":\"Sicurezza bis. I comboniani ai senatori: immorale, votate contro\",\"datePublished\":\"2019-07-30T15:27:57+00:00\",\"mainEntityOfPage\":{\"@id\":\"https:\/\/www.pressenza.com\/it\/2019\/07\/sicurezza-bis-i-comboniani-ai-senatori-immorale-votate-contro\/\"},\"wordCount\":293,\"publisher\":{\"@id\":\"https:\/\/www.pressenza.com\/it\/#organization\"},\"image\":{\"@id\":\"https:\/\/www.pressenza.com\/it\/2019\/07\/sicurezza-bis-i-comboniani-ai-senatori-immorale-votate-contro\/#primaryimage\"},\"thumbnailUrl\":\"https:\/\/www.pressenza.com\/wp-content\/uploads\/2018\/12\/migranti-con-giubbotti-salvataggio.jpg\",\"keywords\":[\"Comboniani\",\"criminalizzazione della solidariet\u00e0\",\"decreto sicurezza-bis\",\"salvataggi in mare\"],\"articleSection\":[\"non categorizzato\"],\"inLanguage\":\"it-IT\"},{\"@type\":\"WebPage\",\"@id\":\"https:\/\/www.pressenza.com\/it\/2019\/07\/sicurezza-bis-i-comboniani-ai-senatori-immorale-votate-contro\/\",\"url\":\"https:\/\/www.pressenza.com\/it\/2019\/07\/sicurezza-bis-i-comboniani-ai-senatori-immorale-votate-contro\/\",\"name\":\"Sicurezza bis. I comboniani ai senatori: immorale, votate contro\",\"isPartOf\":{\"@id\":\"https:\/\/www.pressenza.com\/it\/#website\"},\"primaryImageOfPage\":{\"@id\":\"https:\/\/www.pressenza.com\/it\/2019\/07\/sicurezza-bis-i-comboniani-ai-senatori-immorale-votate-contro\/#primaryimage\"},\"image\":{\"@id\":\"https:\/\/www.pressenza.com\/it\/2019\/07\/sicurezza-bis-i-comboniani-ai-senatori-immorale-votate-contro\/#primaryimage\"},\"thumbnailUrl\":\"https:\/\/www.pressenza.com\/wp-content\/uploads\/2018\/12\/migranti-con-giubbotti-salvataggio.jpg\",\"datePublished\":\"2019-07-30T15:27:57+00:00\",\"description\":\"Immorale, contrario ai principi della Costituzione italiana e alle leggi internazionali che impongono di salvare chi in mare \u00e8 in pericolo di morte: cos\u00ec\",\"breadcrumb\":{\"@id\":\"https:\/\/www.pressenza.com\/it\/2019\/07\/sicurezza-bis-i-comboniani-ai-senatori-immorale-votate-contro\/#breadcrumb\"},\"inLanguage\":\"it-IT\",\"potentialAction\":[{\"@type\":\"ReadAction\",\"target\":[\"https:\/\/www.pressenza.com\/it\/2019\/07\/sicurezza-bis-i-comboniani-ai-senatori-immorale-votate-contro\/\"]}]},{\"@type\":\"ImageObject\",\"inLanguage\":\"it-IT\",\"@id\":\"https:\/\/www.pressenza.com\/it\/2019\/07\/sicurezza-bis-i-comboniani-ai-senatori-immorale-votate-contro\/#primaryimage\",\"url\":\"https:\/\/www.pressenza.com\/wp-content\/uploads\/2018\/12\/migranti-con-giubbotti-salvataggio.jpg\",\"contentUrl\":\"https:\/\/www.pressenza.com\/wp-content\/uploads\/2018\/12\/migranti-con-giubbotti-salvataggio.jpg\",\"width\":960,\"height\":672},{\"@type\":\"BreadcrumbList\",\"@id\":\"https:\/\/www.pressenza.com\/it\/2019\/07\/sicurezza-bis-i-comboniani-ai-senatori-immorale-votate-contro\/#breadcrumb\",\"itemListElement\":[{\"@type\":\"ListItem\",\"position\":1,\"name\":\"Accueil\",\"item\":\"https:\/\/www.pressenza.com\/it\/\"},{\"@type\":\"ListItem\",\"position\":2,\"name\":\"Sicurezza bis. I comboniani ai senatori: immorale, votate contro\"}]},{\"@type\":\"WebSite\",\"@id\":\"https:\/\/www.pressenza.com\/it\/#website\",\"url\":\"https:\/\/www.pressenza.com\/it\/\",\"name\":\"Pressenza\",\"description\":\"Agenzia di Stampa Internazionale\",\"publisher\":{\"@id\":\"https:\/\/www.pressenza.com\/it\/#organization\"},\"potentialAction\":[{\"@type\":\"SearchAction\",\"target\":{\"@type\":\"EntryPoint\",\"urlTemplate\":\"https:\/\/www.pressenza.com\/it\/?s={search_term_string}\"},\"query-input\":{\"@type\":\"PropertyValueSpecification\",\"valueRequired\":true,\"valueName\":\"search_term_string\"}}],\"inLanguage\":\"it-IT\"},{\"@type\":\"Organization\",\"@id\":\"https:\/\/www.pressenza.com\/it\/#organization\",\"name\":\"Pressenza\",\"url\":\"https:\/\/www.pressenza.com\/it\/\",\"logo\":{\"@type\":\"ImageObject\",\"inLanguage\":\"it-IT\",\"@id\":\"https:\/\/www.pressenza.com\/it\/#\/schema\/logo\/image\/\",\"url\":\"https:\/\/www.pressenza.com\/wp-content\/uploads\/2022\/10\/pressenza_logo_200x200.jpg\",\"contentUrl\":\"https:\/\/www.pressenza.com\/wp-content\/uploads\/2022\/10\/pressenza_logo_200x200.jpg\",\"width\":200,\"height\":200,\"caption\":\"Pressenza\"},\"image\":{\"@id\":\"https:\/\/www.pressenza.com\/it\/#\/schema\/logo\/image\/\"},\"sameAs\":[\"https:\/\/www.facebook.com\/PressenzaItalia\",\"https:\/\/x.com\/PressenzaIPA\"]},{\"@type\":\"Person\",\"@id\":\"https:\/\/www.pressenza.com\/it\/#\/schema\/person\/bb13dad7d75de3f57ef0c4246101316b\",\"name\":\"Agenzia DIRE\",\"description\":\"La DIRE \u00e8 una delle principali agenzie di stampa nazionali, trasmette sui propri notiziari multimediali tutte le notizie dell'ultimo minuto, approfondimenti, interviste, newsletter tematiche. Specializzata in politiche parlamentari e di governo, oltre che esteri, sanit\u00e0, ambiente, welfare, politiche regionali e locali, giovani. Su Dire.it pubblica, ogni giorno, tutte le principali notizie. E' presente su tutto il territorio nazionale con sei sedi, cinquanta giornalisti e corrispondenti da tutte le regioni.\",\"sameAs\":[\"http:\/\/www.dire.it\/\"],\"url\":\"https:\/\/www.pressenza.com\/it\/author\/agenzia-dire\/\"}]}<\/script>\n<!-- \/ Yoast SEO plugin. -->","yoast_head_json":{"title":"Sicurezza bis. I comboniani ai senatori: immorale, votate contro","description":"Immorale, contrario ai principi della Costituzione italiana e alle leggi internazionali che impongono di salvare chi in mare \u00e8 in pericolo di morte: cos\u00ec","robots":{"index":"index","follow":"follow","max-snippet":"max-snippet:-1","max-image-preview":"max-image-preview:large","max-video-preview":"max-video-preview:-1"},"canonical":"https:\/\/www.pressenza.com\/it\/2019\/07\/sicurezza-bis-i-comboniani-ai-senatori-immorale-votate-contro\/","og_locale":"it_IT","og_type":"article","og_title":"Sicurezza bis. I comboniani ai senatori: immorale, votate contro","og_description":"Immorale, contrario ai principi della Costituzione italiana e alle leggi internazionali che impongono di salvare chi in mare \u00e8 in pericolo di morte: cos\u00ec","og_url":"https:\/\/www.pressenza.com\/it\/2019\/07\/sicurezza-bis-i-comboniani-ai-senatori-immorale-votate-contro\/","og_site_name":"Pressenza","article_publisher":"https:\/\/www.facebook.com\/PressenzaItalia","article_published_time":"2019-07-30T15:27:57+00:00","og_image":[{"width":960,"height":672,"url":"https:\/\/www.pressenza.com\/wp-content\/uploads\/2018\/12\/migranti-con-giubbotti-salvataggio.jpg","type":"image\/jpeg"}],"author":"Agenzia DIRE","twitter_card":"summary_large_image","twitter_creator":"@PressenzaIPA","twitter_site":"@PressenzaIPA","twitter_misc":{"Scritto da":"Agenzia DIRE","Tempo di lettura stimato":"1 minuto"},"schema":{"@context":"https:\/\/schema.org","@graph":[{"@type":"Article","@id":"https:\/\/www.pressenza.com\/it\/2019\/07\/sicurezza-bis-i-comboniani-ai-senatori-immorale-votate-contro\/#article","isPartOf":{"@id":"https:\/\/www.pressenza.com\/it\/2019\/07\/sicurezza-bis-i-comboniani-ai-senatori-immorale-votate-contro\/"},"author":{"name":"Agenzia DIRE","@id":"https:\/\/www.pressenza.com\/it\/#\/schema\/person\/bb13dad7d75de3f57ef0c4246101316b"},"headline":"Sicurezza bis. I comboniani ai senatori: immorale, votate contro","datePublished":"2019-07-30T15:27:57+00:00","mainEntityOfPage":{"@id":"https:\/\/www.pressenza.com\/it\/2019\/07\/sicurezza-bis-i-comboniani-ai-senatori-immorale-votate-contro\/"},"wordCount":293,"publisher":{"@id":"https:\/\/www.pressenza.com\/it\/#organization"},"image":{"@id":"https:\/\/www.pressenza.com\/it\/2019\/07\/sicurezza-bis-i-comboniani-ai-senatori-immorale-votate-contro\/#primaryimage"},"thumbnailUrl":"https:\/\/www.pressenza.com\/wp-content\/uploads\/2018\/12\/migranti-con-giubbotti-salvataggio.jpg","keywords":["Comboniani","criminalizzazione della solidariet\u00e0","decreto sicurezza-bis","salvataggi in mare"],"articleSection":["non categorizzato"],"inLanguage":"it-IT"},{"@type":"WebPage","@id":"https:\/\/www.pressenza.com\/it\/2019\/07\/sicurezza-bis-i-comboniani-ai-senatori-immorale-votate-contro\/","url":"https:\/\/www.pressenza.com\/it\/2019\/07\/sicurezza-bis-i-comboniani-ai-senatori-immorale-votate-contro\/","name":"Sicurezza bis. I comboniani ai senatori: immorale, votate contro","isPartOf":{"@id":"https:\/\/www.pressenza.com\/it\/#website"},"primaryImageOfPage":{"@id":"https:\/\/www.pressenza.com\/it\/2019\/07\/sicurezza-bis-i-comboniani-ai-senatori-immorale-votate-contro\/#primaryimage"},"image":{"@id":"https:\/\/www.pressenza.com\/it\/2019\/07\/sicurezza-bis-i-comboniani-ai-senatori-immorale-votate-contro\/#primaryimage"},"thumbnailUrl":"https:\/\/www.pressenza.com\/wp-content\/uploads\/2018\/12\/migranti-con-giubbotti-salvataggio.jpg","datePublished":"2019-07-30T15:27:57+00:00","description":"Immorale, contrario ai principi della Costituzione italiana e alle leggi internazionali che impongono di salvare chi in mare \u00e8 in pericolo di morte: cos\u00ec","breadcrumb":{"@id":"https:\/\/www.pressenza.com\/it\/2019\/07\/sicurezza-bis-i-comboniani-ai-senatori-immorale-votate-contro\/#breadcrumb"},"inLanguage":"it-IT","potentialAction":[{"@type":"ReadAction","target":["https:\/\/www.pressenza.com\/it\/2019\/07\/sicurezza-bis-i-comboniani-ai-senatori-immorale-votate-contro\/"]}]},{"@type":"ImageObject","inLanguage":"it-IT","@id":"https:\/\/www.pressenza.com\/it\/2019\/07\/sicurezza-bis-i-comboniani-ai-senatori-immorale-votate-contro\/#primaryimage","url":"https:\/\/www.pressenza.com\/wp-content\/uploads\/2018\/12\/migranti-con-giubbotti-salvataggio.jpg","contentUrl":"https:\/\/www.pressenza.com\/wp-content\/uploads\/2018\/12\/migranti-con-giubbotti-salvataggio.jpg","width":960,"height":672},{"@type":"BreadcrumbList","@id":"https:\/\/www.pressenza.com\/it\/2019\/07\/sicurezza-bis-i-comboniani-ai-senatori-immorale-votate-contro\/#breadcrumb","itemListElement":[{"@type":"ListItem","position":1,"name":"Accueil","item":"https:\/\/www.pressenza.com\/it\/"},{"@type":"ListItem","position":2,"name":"Sicurezza bis. I comboniani ai senatori: immorale, votate contro"}]},{"@type":"WebSite","@id":"https:\/\/www.pressenza.com\/it\/#website","url":"https:\/\/www.pressenza.com\/it\/","name":"Pressenza","description":"Agenzia di Stampa Internazionale","publisher":{"@id":"https:\/\/www.pressenza.com\/it\/#organization"},"potentialAction":[{"@type":"SearchAction","target":{"@type":"EntryPoint","urlTemplate":"https:\/\/www.pressenza.com\/it\/?s={search_term_string}"},"query-input":{"@type":"PropertyValueSpecification","valueRequired":true,"valueName":"search_term_string"}}],"inLanguage":"it-IT"},{"@type":"Organization","@id":"https:\/\/www.pressenza.com\/it\/#organization","name":"Pressenza","url":"https:\/\/www.pressenza.com\/it\/","logo":{"@type":"ImageObject","inLanguage":"it-IT","@id":"https:\/\/www.pressenza.com\/it\/#\/schema\/logo\/image\/","url":"https:\/\/www.pressenza.com\/wp-content\/uploads\/2022\/10\/pressenza_logo_200x200.jpg","contentUrl":"https:\/\/www.pressenza.com\/wp-content\/uploads\/2022\/10\/pressenza_logo_200x200.jpg","width":200,"height":200,"caption":"Pressenza"},"image":{"@id":"https:\/\/www.pressenza.com\/it\/#\/schema\/logo\/image\/"},"sameAs":["https:\/\/www.facebook.com\/PressenzaItalia","https:\/\/x.com\/PressenzaIPA"]},{"@type":"Person","@id":"https:\/\/www.pressenza.com\/it\/#\/schema\/person\/bb13dad7d75de3f57ef0c4246101316b","name":"Agenzia DIRE","description":"La DIRE \u00e8 una delle principali agenzie di stampa nazionali, trasmette sui propri notiziari multimediali tutte le notizie dell'ultimo minuto, approfondimenti, interviste, newsletter tematiche. Specializzata in politiche parlamentari e di governo, oltre che esteri, sanit\u00e0, ambiente, welfare, politiche regionali e locali, giovani. Su Dire.it pubblica, ogni giorno, tutte le principali notizie. E' presente su tutto il territorio nazionale con sei sedi, cinquanta giornalisti e corrispondenti da tutte le regioni.","sameAs":["http:\/\/www.dire.it\/"],"url":"https:\/\/www.pressenza.com\/it\/author\/agenzia-dire\/"}]}},"place":"","original_article_url":"","_links":{"self":[{"href":"https:\/\/www.pressenza.com\/it\/wp-json\/wp\/v2\/posts\/895620","targetHints":{"allow":["GET"]}}],"collection":[{"href":"https:\/\/www.pressenza.com\/it\/wp-json\/wp\/v2\/posts"}],"about":[{"href":"https:\/\/www.pressenza.com\/it\/wp-json\/wp\/v2\/types\/post"}],"author":[{"embeddable":true,"href":"https:\/\/www.pressenza.com\/it\/wp-json\/wp\/v2\/users\/1478"}],"replies":[{"embeddable":true,"href":"https:\/\/www.pressenza.com\/it\/wp-json\/wp\/v2\/comments?post=895620"}],"version-history":[{"count":0,"href":"https:\/\/www.pressenza.com\/it\/wp-json\/wp\/v2\/posts\/895620\/revisions"}],"wp:featuredmedia":[{"embeddable":true,"href":"https:\/\/www.pressenza.com\/it\/wp-json\/wp\/v2\/media\/774534"}],"wp:attachment":[{"href":"https:\/\/www.pressenza.com\/it\/wp-json\/wp\/v2\/media?parent=895620"}],"wp:term":[{"taxonomy":"category","embeddable":true,"href":"https:\/\/www.pressenza.com\/it\/wp-json\/wp\/v2\/categories?post=895620"},{"taxonomy":"post_tag","embeddable":true,"href":"https:\/\/www.pressenza.com\/it\/wp-json\/wp\/v2\/tags?post=895620"}],"curies":[{"name":"wp","href":"https:\/\/api.w.org\/{rel}","templated":true}]}}