{"id":894082,"date":"2019-07-28T12:27:10","date_gmt":"2019-07-28T11:27:10","guid":{"rendered":"https:\/\/www.pressenza.com\/?p=894082"},"modified":"2019-07-28T12:27:10","modified_gmt":"2019-07-28T11:27:10","slug":"facebook-elimina-i-post-di-salvini-considerati-propagatori-di-odio","status":"publish","type":"post","link":"https:\/\/www.pressenza.com\/it\/2019\/07\/facebook-elimina-i-post-di-salvini-considerati-propagatori-di-odio\/","title":{"rendered":"Facebook elimina i post di Salvini &#8220;considerati propagatori di odio&#8221;"},"content":{"rendered":"<p>ROMA \u2013 <strong>\u201cLo dicevamo da molto tempo: le pagine della Lega e di Matteo Salvini sono mezzi di propagazione dell\u2019odio, e finalmente Facebook ha ammesso di aver trovato sulla pagina della Lega alcuni contenuti che violano i loro standard della community\u201d.<\/strong> Lo dichiara alla \u2018Dire\u2019 Stephen Ogongo, giornalista e fondatore del movimento antirazzista e multiculturale \u2018Cara italia\u2019 che diffonde articoli di stampo sociale, volta a favorire l\u2019integrazione, i diritti e la lotta alle discriminazioni.<\/p>\n<p>Dopo aver segnalato la pagina Facebook \u2018Lega \u2013 Salvini premier\u2019, che conta oltre 500mila follower, un collega attivista di Cara Italia ha ricevuto un messaggio dal servizio assistenza in cui si legge: <strong>\u201cDopo aver esaminato la pagina, abbiamo riscontrato che alcuni contenuti non rispetto i nostri Standard della community. Abbiamo rimosso quei contenuti specifici (ad esempio foto e post) anzich\u00e9 l\u2019intera pagina\u201d.<\/strong> Secondo Ogongo, originario del Kenya e residente in Italia da oltre 20 anni, \u00e8 la prima volta che in Italia vengono rimossi dei post di Salvini: \u201cSi tratta di un segnale piccolo, ma di una bella soddisfazione, perch\u00e9 solo pochi giorni fa abbiamo lanciato una campagna indirizzata a Mark Zuckerberg il fondatore di Facebook, in cui lo sfidiamo a chiudere tutte le pagine social di Salvini e della Lega\u201d. Un video che in poco pi\u00f9 di una settimana ha totalizzato oltre 160mila visualizzazioni.<\/p>\n<p>Quindi le pagine del ministro dell\u2019Interno incitano all\u2019odio? \u201cCerto \u2013 risponde il fondatore di \u2018Cara Italia\u2019 \u2013<strong> tutti i suoi post sono ben studiati per incitare le persone ad attaccare i soggetti dei post stesso\u201d<\/strong>. Ogongo denuncia contenuti \u201crazzisti, sessisti e di odio contro immigrati, rifugiati, ong, volontari che salvano i migranti in mare, esponenti della comunit\u00e0 Lgbt, musulmani\u201d. La strategia sarebbe quella di creare un nemico, contro cui \u201cincitare le persone a scagliarsi\u201d. E a chi sottolinea che Salvini \u00e8 stato democraticamente eletto, Ogondo risponde: \u201cE\u2019 vero, ma non pu\u00f2 fare tutto ci\u00f2 che vuole. Chi riveste incarichi di governo si deve comportare in modo responsabile, non pu\u00f2 alimentare odio\u201d.<\/p>\n<p><strong>Il video dell\u2019appello a Zuckerberg, che dura circa 5 minuti<\/strong>, ha suscitato \u201creazioni positive e adesioni, ma anche molti commenti offensivi e persino minacce\u201d prosegue Ogongo. Parole che per\u00f2 cadono nel vuoto, assicura l\u2019attivista: \u201cNon ci fermeranno. La nostra campagna \u00e8 appena iniziata e andremo avanti fino in fondo. Ne va della sicurezza e della democrazia dell\u2019Italia. Se credono di spaventarci, si sbagliano\u201d.<\/p>\n<p><iframe loading=\"lazy\" title=\"Migranti, Facebook elimina i post di Salvini\" width=\"500\" height=\"281\" src=\"https:\/\/www.youtube.com\/embed\/ew399E-TZl4?feature=oembed\" frameborder=\"0\" allow=\"accelerometer; autoplay; clipboard-write; encrypted-media; gyroscope; picture-in-picture; web-share\" referrerpolicy=\"strict-origin-when-cross-origin\" allowfullscreen><\/iframe><\/p>\n<p>&nbsp;<\/p>\n<p><strong>Ma se la pagina di Salvini contiene contenuti d\u2019odio, perch\u00e9 non \u00e8 stata ancora chiusa?<\/strong> \u201cNormalmente \u2013 spiega il fondatore di \u2018Cara Italia\u2019 \u2013 <strong>pagine Facebook che alimentano discorsi d\u2019odio generano molto traffico per l\u2019Azienda.<\/strong> Non \u00e8 un caso che dietro a pagine di questo tipo, lavorino nutriti staff, e che contino anche utenti molto attivi\u201d. Un meccanismo, questo, che \u201cgenera pi\u00f9 soldi, anche grazie alla pubblicit\u00e0\u201d. <strong>La maggior parte dei contenuti che il vice-premier pubblica ogni giorno, riprende Ogongo, \u201csono sponsorizzati.<\/strong> Ma quando su Facebook si paga una somma per promuovere un post, uno staff valuta che quel messaggio non violi le policy aziendali\u201d.<strong> Un\u2019inchiesta realizzata dal quotidiano online \u2018Open\u2019 di maggio ha rivelato che Salvini e il suo partito arrivano a spendere tra i mille e i 5mila euro per sponsorizzare un post.<\/strong><\/p>\n<p>Il sospetto, prosegue Ogongo, \u00e8 che <strong>\u201cFacebook non applica i suoi standard per una questione di profitti.<\/strong> Ma questo \u00e8 sbagliato perch\u00e9 non si pu\u00f2 guadagnare attraverso questo genere di cose\u201d. Ma Salvini non sarebbe l\u2019unico. Tanti politici in Italia, dice ancora Ogongo, hanno questo comportamento sui social network, come Giorgia Meloni di Fratelli D\u2019Italia. Ma per il momento la campagna di \u2018<strong>Cara Italia\u2019 si concentra su Salvini e la Lega perch\u00e9 rivestono incarichi istituzionali. \u201cFacebook deve avere il coraggio di chiudere tutte le pagine degli utenti che alimentano l\u2019odio \u2013 <\/strong>l\u2019appello dell\u2019attivista<strong> \u2013 e se non lo fa rischia di essere accusato di essere complice del neofascismo emergente\u201d.<\/strong><\/p>\n<p>&nbsp;<\/p>\n","protected":false},"excerpt":{"rendered":"<p>I contenuti delle pagine facebook della Lega e di Matteo Salvini considerati mezzi di propagazione dell\u2019odio, finalmente Facebook ha ammesso di aver trovato sulla pagina della &#8220;Lega&#8221; e di &#8220;Salvini Premier&#8221; contenuti che violano i loro standard della community.<\/p>\n","protected":false},"author":1478,"featured_media":894103,"comment_status":"closed","ping_status":"closed","sticky":false,"template":"","format":"standard","meta":{"footnotes":""},"categories":[60,47,55],"tags":[61802,4836,61805,43829,61801,6998,17490,55978,54562,61803,61804],"class_list":["post-894082","post","type-post","status-publish","format-standard","has-post-thumbnail","hentry","category-diritti-umani","category-europa","category-politica","tag-cara-italia","tag-facebook-it","tag-fratelli-ditalia","tag-giorgia-meloni","tag-incitazione-allodio","tag-lega","tag-matteo-salvini","tag-neofascismo-it","tag-razzismo-es-it","tag-stephen-ogongo","tag-zuckerberg"],"yoast_head":"<!-- This site is optimized with the Yoast SEO plugin v27.1.1 - https:\/\/yoast.com\/product\/yoast-seo-wordpress\/ -->\n<title>Facebook elimina i post di Salvini &quot;considerati propagatori di odio&quot;<\/title>\n<meta name=\"description\" content=\"I contenuti delle pagine facebook della Lega e di Matteo Salvini considerati mezzi di propagazione dell\u2019odio, finalmente Facebook ha ammesso di aver trovato sulla pagina della &quot;Lega&quot; e di &quot;Salvini Premier&quot; contenuti che violano i loro standard della community.\" \/>\n<meta name=\"robots\" content=\"index, follow, max-snippet:-1, max-image-preview:large, max-video-preview:-1\" \/>\n<link rel=\"canonical\" href=\"https:\/\/www.pressenza.com\/it\/2019\/07\/facebook-elimina-i-post-di-salvini-considerati-propagatori-di-odio\/\" \/>\n<meta property=\"og:locale\" content=\"it_IT\" \/>\n<meta property=\"og:type\" content=\"article\" \/>\n<meta property=\"og:title\" content=\"Facebook elimina i post di Salvini &quot;considerati propagatori di odio&quot;\" \/>\n<meta property=\"og:description\" content=\"I contenuti delle pagine facebook della Lega e di Matteo Salvini considerati mezzi di propagazione dell\u2019odio, finalmente Facebook ha ammesso di aver trovato sulla pagina della &quot;Lega&quot; e di &quot;Salvini Premier&quot; contenuti che violano i loro standard della community.\" \/>\n<meta property=\"og:url\" content=\"https:\/\/www.pressenza.com\/it\/2019\/07\/facebook-elimina-i-post-di-salvini-considerati-propagatori-di-odio\/\" \/>\n<meta property=\"og:site_name\" content=\"Pressenza\" \/>\n<meta property=\"article:publisher\" content=\"https:\/\/www.facebook.com\/PressenzaItalia\" \/>\n<meta property=\"article:published_time\" content=\"2019-07-28T11:27:10+00:00\" \/>\n<meta property=\"og:image\" content=\"https:\/\/www.pressenza.com\/wp-content\/uploads\/2019\/07\/Salvini-durante-la-conferenza-stampa-dopo-il-caso-Seawatch.jpg\" \/>\n\t<meta property=\"og:image:width\" content=\"1200\" \/>\n\t<meta property=\"og:image:height\" content=\"800\" \/>\n\t<meta property=\"og:image:type\" content=\"image\/jpeg\" \/>\n<meta name=\"author\" content=\"Agenzia DIRE\" \/>\n<meta name=\"twitter:card\" content=\"summary_large_image\" \/>\n<meta name=\"twitter:creator\" content=\"@PressenzaIPA\" \/>\n<meta name=\"twitter:site\" content=\"@PressenzaIPA\" \/>\n<meta name=\"twitter:label1\" content=\"Scritto da\" \/>\n\t<meta name=\"twitter:data1\" content=\"Agenzia DIRE\" \/>\n\t<meta name=\"twitter:label2\" content=\"Tempo di lettura stimato\" \/>\n\t<meta name=\"twitter:data2\" content=\"3 minuti\" \/>\n<script type=\"application\/ld+json\" class=\"yoast-schema-graph\">{\"@context\":\"https:\/\/schema.org\",\"@graph\":[{\"@type\":\"Article\",\"@id\":\"https:\/\/www.pressenza.com\/it\/2019\/07\/facebook-elimina-i-post-di-salvini-considerati-propagatori-di-odio\/#article\",\"isPartOf\":{\"@id\":\"https:\/\/www.pressenza.com\/it\/2019\/07\/facebook-elimina-i-post-di-salvini-considerati-propagatori-di-odio\/\"},\"author\":{\"name\":\"Agenzia DIRE\",\"@id\":\"https:\/\/www.pressenza.com\/it\/#\/schema\/person\/bb13dad7d75de3f57ef0c4246101316b\"},\"headline\":\"Facebook elimina i post di Salvini &#8220;considerati propagatori di odio&#8221;\",\"datePublished\":\"2019-07-28T11:27:10+00:00\",\"mainEntityOfPage\":{\"@id\":\"https:\/\/www.pressenza.com\/it\/2019\/07\/facebook-elimina-i-post-di-salvini-considerati-propagatori-di-odio\/\"},\"wordCount\":656,\"publisher\":{\"@id\":\"https:\/\/www.pressenza.com\/it\/#organization\"},\"image\":{\"@id\":\"https:\/\/www.pressenza.com\/it\/2019\/07\/facebook-elimina-i-post-di-salvini-considerati-propagatori-di-odio\/#primaryimage\"},\"thumbnailUrl\":\"https:\/\/www.pressenza.com\/wp-content\/uploads\/2019\/07\/Salvini-durante-la-conferenza-stampa-dopo-il-caso-Seawatch.jpg\",\"keywords\":[\"Cara Italia\",\"Facebook\",\"Fratelli d'Italia\",\"Giorgia Meloni\",\"incitazione all'odio\",\"Lega\",\"Matteo Salvini\",\"Neofascismo\",\"razzismo\",\"Stephen Ogongo\",\"Zuckerberg\"],\"articleSection\":[\"Diritti Umani\",\"Europa\",\"Politica\"],\"inLanguage\":\"it-IT\"},{\"@type\":\"WebPage\",\"@id\":\"https:\/\/www.pressenza.com\/it\/2019\/07\/facebook-elimina-i-post-di-salvini-considerati-propagatori-di-odio\/\",\"url\":\"https:\/\/www.pressenza.com\/it\/2019\/07\/facebook-elimina-i-post-di-salvini-considerati-propagatori-di-odio\/\",\"name\":\"Facebook elimina i post di Salvini \\\"considerati propagatori di odio\\\"\",\"isPartOf\":{\"@id\":\"https:\/\/www.pressenza.com\/it\/#website\"},\"primaryImageOfPage\":{\"@id\":\"https:\/\/www.pressenza.com\/it\/2019\/07\/facebook-elimina-i-post-di-salvini-considerati-propagatori-di-odio\/#primaryimage\"},\"image\":{\"@id\":\"https:\/\/www.pressenza.com\/it\/2019\/07\/facebook-elimina-i-post-di-salvini-considerati-propagatori-di-odio\/#primaryimage\"},\"thumbnailUrl\":\"https:\/\/www.pressenza.com\/wp-content\/uploads\/2019\/07\/Salvini-durante-la-conferenza-stampa-dopo-il-caso-Seawatch.jpg\",\"datePublished\":\"2019-07-28T11:27:10+00:00\",\"description\":\"I contenuti delle pagine facebook della Lega e di Matteo Salvini considerati mezzi di propagazione dell\u2019odio, finalmente Facebook ha ammesso di aver trovato sulla pagina della \\\"Lega\\\" e di \\\"Salvini Premier\\\" contenuti che violano i loro standard della community.\",\"breadcrumb\":{\"@id\":\"https:\/\/www.pressenza.com\/it\/2019\/07\/facebook-elimina-i-post-di-salvini-considerati-propagatori-di-odio\/#breadcrumb\"},\"inLanguage\":\"it-IT\",\"potentialAction\":[{\"@type\":\"ReadAction\",\"target\":[\"https:\/\/www.pressenza.com\/it\/2019\/07\/facebook-elimina-i-post-di-salvini-considerati-propagatori-di-odio\/\"]}]},{\"@type\":\"ImageObject\",\"inLanguage\":\"it-IT\",\"@id\":\"https:\/\/www.pressenza.com\/it\/2019\/07\/facebook-elimina-i-post-di-salvini-considerati-propagatori-di-odio\/#primaryimage\",\"url\":\"https:\/\/www.pressenza.com\/wp-content\/uploads\/2019\/07\/Salvini-durante-la-conferenza-stampa-dopo-il-caso-Seawatch.jpg\",\"contentUrl\":\"https:\/\/www.pressenza.com\/wp-content\/uploads\/2019\/07\/Salvini-durante-la-conferenza-stampa-dopo-il-caso-Seawatch.jpg\",\"width\":1200,\"height\":800,\"caption\":\"Salvini-durante-la-conferenza-stampa-dopo-il-caso-Seawatch\"},{\"@type\":\"BreadcrumbList\",\"@id\":\"https:\/\/www.pressenza.com\/it\/2019\/07\/facebook-elimina-i-post-di-salvini-considerati-propagatori-di-odio\/#breadcrumb\",\"itemListElement\":[{\"@type\":\"ListItem\",\"position\":1,\"name\":\"Accueil\",\"item\":\"https:\/\/www.pressenza.com\/it\/\"},{\"@type\":\"ListItem\",\"position\":2,\"name\":\"Facebook elimina i post di Salvini &#8220;considerati propagatori di odio&#8221;\"}]},{\"@type\":\"WebSite\",\"@id\":\"https:\/\/www.pressenza.com\/it\/#website\",\"url\":\"https:\/\/www.pressenza.com\/it\/\",\"name\":\"Pressenza\",\"description\":\"Agenzia di Stampa Internazionale\",\"publisher\":{\"@id\":\"https:\/\/www.pressenza.com\/it\/#organization\"},\"potentialAction\":[{\"@type\":\"SearchAction\",\"target\":{\"@type\":\"EntryPoint\",\"urlTemplate\":\"https:\/\/www.pressenza.com\/it\/?s={search_term_string}\"},\"query-input\":{\"@type\":\"PropertyValueSpecification\",\"valueRequired\":true,\"valueName\":\"search_term_string\"}}],\"inLanguage\":\"it-IT\"},{\"@type\":\"Organization\",\"@id\":\"https:\/\/www.pressenza.com\/it\/#organization\",\"name\":\"Pressenza\",\"url\":\"https:\/\/www.pressenza.com\/it\/\",\"logo\":{\"@type\":\"ImageObject\",\"inLanguage\":\"it-IT\",\"@id\":\"https:\/\/www.pressenza.com\/it\/#\/schema\/logo\/image\/\",\"url\":\"https:\/\/www.pressenza.com\/wp-content\/uploads\/2022\/10\/pressenza_logo_200x200.jpg\",\"contentUrl\":\"https:\/\/www.pressenza.com\/wp-content\/uploads\/2022\/10\/pressenza_logo_200x200.jpg\",\"width\":200,\"height\":200,\"caption\":\"Pressenza\"},\"image\":{\"@id\":\"https:\/\/www.pressenza.com\/it\/#\/schema\/logo\/image\/\"},\"sameAs\":[\"https:\/\/www.facebook.com\/PressenzaItalia\",\"https:\/\/x.com\/PressenzaIPA\"]},{\"@type\":\"Person\",\"@id\":\"https:\/\/www.pressenza.com\/it\/#\/schema\/person\/bb13dad7d75de3f57ef0c4246101316b\",\"name\":\"Agenzia DIRE\",\"description\":\"La DIRE \u00e8 una delle principali agenzie di stampa nazionali, trasmette sui propri notiziari multimediali tutte le notizie dell'ultimo minuto, approfondimenti, interviste, newsletter tematiche. Specializzata in politiche parlamentari e di governo, oltre che esteri, sanit\u00e0, ambiente, welfare, politiche regionali e locali, giovani. Su Dire.it pubblica, ogni giorno, tutte le principali notizie. E' presente su tutto il territorio nazionale con sei sedi, cinquanta giornalisti e corrispondenti da tutte le regioni.\",\"sameAs\":[\"http:\/\/www.dire.it\/\"],\"url\":\"https:\/\/www.pressenza.com\/it\/author\/agenzia-dire\/\"}]}<\/script>\n<!-- \/ Yoast SEO plugin. -->","yoast_head_json":{"title":"Facebook elimina i post di Salvini \"considerati propagatori di odio\"","description":"I contenuti delle pagine facebook della Lega e di Matteo Salvini considerati mezzi di propagazione dell\u2019odio, finalmente Facebook ha ammesso di aver trovato sulla pagina della \"Lega\" e di \"Salvini Premier\" contenuti che violano i loro standard della community.","robots":{"index":"index","follow":"follow","max-snippet":"max-snippet:-1","max-image-preview":"max-image-preview:large","max-video-preview":"max-video-preview:-1"},"canonical":"https:\/\/www.pressenza.com\/it\/2019\/07\/facebook-elimina-i-post-di-salvini-considerati-propagatori-di-odio\/","og_locale":"it_IT","og_type":"article","og_title":"Facebook elimina i post di Salvini \"considerati propagatori di odio\"","og_description":"I contenuti delle pagine facebook della Lega e di Matteo Salvini considerati mezzi di propagazione dell\u2019odio, finalmente Facebook ha ammesso di aver trovato sulla pagina della \"Lega\" e di \"Salvini Premier\" contenuti che violano i loro standard della community.","og_url":"https:\/\/www.pressenza.com\/it\/2019\/07\/facebook-elimina-i-post-di-salvini-considerati-propagatori-di-odio\/","og_site_name":"Pressenza","article_publisher":"https:\/\/www.facebook.com\/PressenzaItalia","article_published_time":"2019-07-28T11:27:10+00:00","og_image":[{"width":1200,"height":800,"url":"https:\/\/www.pressenza.com\/wp-content\/uploads\/2019\/07\/Salvini-durante-la-conferenza-stampa-dopo-il-caso-Seawatch.jpg","type":"image\/jpeg"}],"author":"Agenzia DIRE","twitter_card":"summary_large_image","twitter_creator":"@PressenzaIPA","twitter_site":"@PressenzaIPA","twitter_misc":{"Scritto da":"Agenzia DIRE","Tempo di lettura stimato":"3 minuti"},"schema":{"@context":"https:\/\/schema.org","@graph":[{"@type":"Article","@id":"https:\/\/www.pressenza.com\/it\/2019\/07\/facebook-elimina-i-post-di-salvini-considerati-propagatori-di-odio\/#article","isPartOf":{"@id":"https:\/\/www.pressenza.com\/it\/2019\/07\/facebook-elimina-i-post-di-salvini-considerati-propagatori-di-odio\/"},"author":{"name":"Agenzia DIRE","@id":"https:\/\/www.pressenza.com\/it\/#\/schema\/person\/bb13dad7d75de3f57ef0c4246101316b"},"headline":"Facebook elimina i post di Salvini &#8220;considerati propagatori di odio&#8221;","datePublished":"2019-07-28T11:27:10+00:00","mainEntityOfPage":{"@id":"https:\/\/www.pressenza.com\/it\/2019\/07\/facebook-elimina-i-post-di-salvini-considerati-propagatori-di-odio\/"},"wordCount":656,"publisher":{"@id":"https:\/\/www.pressenza.com\/it\/#organization"},"image":{"@id":"https:\/\/www.pressenza.com\/it\/2019\/07\/facebook-elimina-i-post-di-salvini-considerati-propagatori-di-odio\/#primaryimage"},"thumbnailUrl":"https:\/\/www.pressenza.com\/wp-content\/uploads\/2019\/07\/Salvini-durante-la-conferenza-stampa-dopo-il-caso-Seawatch.jpg","keywords":["Cara Italia","Facebook","Fratelli d'Italia","Giorgia Meloni","incitazione all'odio","Lega","Matteo Salvini","Neofascismo","razzismo","Stephen Ogongo","Zuckerberg"],"articleSection":["Diritti Umani","Europa","Politica"],"inLanguage":"it-IT"},{"@type":"WebPage","@id":"https:\/\/www.pressenza.com\/it\/2019\/07\/facebook-elimina-i-post-di-salvini-considerati-propagatori-di-odio\/","url":"https:\/\/www.pressenza.com\/it\/2019\/07\/facebook-elimina-i-post-di-salvini-considerati-propagatori-di-odio\/","name":"Facebook elimina i post di Salvini \"considerati propagatori di odio\"","isPartOf":{"@id":"https:\/\/www.pressenza.com\/it\/#website"},"primaryImageOfPage":{"@id":"https:\/\/www.pressenza.com\/it\/2019\/07\/facebook-elimina-i-post-di-salvini-considerati-propagatori-di-odio\/#primaryimage"},"image":{"@id":"https:\/\/www.pressenza.com\/it\/2019\/07\/facebook-elimina-i-post-di-salvini-considerati-propagatori-di-odio\/#primaryimage"},"thumbnailUrl":"https:\/\/www.pressenza.com\/wp-content\/uploads\/2019\/07\/Salvini-durante-la-conferenza-stampa-dopo-il-caso-Seawatch.jpg","datePublished":"2019-07-28T11:27:10+00:00","description":"I contenuti delle pagine facebook della Lega e di Matteo Salvini considerati mezzi di propagazione dell\u2019odio, finalmente Facebook ha ammesso di aver trovato sulla pagina della \"Lega\" e di \"Salvini Premier\" contenuti che violano i loro standard della community.","breadcrumb":{"@id":"https:\/\/www.pressenza.com\/it\/2019\/07\/facebook-elimina-i-post-di-salvini-considerati-propagatori-di-odio\/#breadcrumb"},"inLanguage":"it-IT","potentialAction":[{"@type":"ReadAction","target":["https:\/\/www.pressenza.com\/it\/2019\/07\/facebook-elimina-i-post-di-salvini-considerati-propagatori-di-odio\/"]}]},{"@type":"ImageObject","inLanguage":"it-IT","@id":"https:\/\/www.pressenza.com\/it\/2019\/07\/facebook-elimina-i-post-di-salvini-considerati-propagatori-di-odio\/#primaryimage","url":"https:\/\/www.pressenza.com\/wp-content\/uploads\/2019\/07\/Salvini-durante-la-conferenza-stampa-dopo-il-caso-Seawatch.jpg","contentUrl":"https:\/\/www.pressenza.com\/wp-content\/uploads\/2019\/07\/Salvini-durante-la-conferenza-stampa-dopo-il-caso-Seawatch.jpg","width":1200,"height":800,"caption":"Salvini-durante-la-conferenza-stampa-dopo-il-caso-Seawatch"},{"@type":"BreadcrumbList","@id":"https:\/\/www.pressenza.com\/it\/2019\/07\/facebook-elimina-i-post-di-salvini-considerati-propagatori-di-odio\/#breadcrumb","itemListElement":[{"@type":"ListItem","position":1,"name":"Accueil","item":"https:\/\/www.pressenza.com\/it\/"},{"@type":"ListItem","position":2,"name":"Facebook elimina i post di Salvini &#8220;considerati propagatori di odio&#8221;"}]},{"@type":"WebSite","@id":"https:\/\/www.pressenza.com\/it\/#website","url":"https:\/\/www.pressenza.com\/it\/","name":"Pressenza","description":"Agenzia di Stampa Internazionale","publisher":{"@id":"https:\/\/www.pressenza.com\/it\/#organization"},"potentialAction":[{"@type":"SearchAction","target":{"@type":"EntryPoint","urlTemplate":"https:\/\/www.pressenza.com\/it\/?s={search_term_string}"},"query-input":{"@type":"PropertyValueSpecification","valueRequired":true,"valueName":"search_term_string"}}],"inLanguage":"it-IT"},{"@type":"Organization","@id":"https:\/\/www.pressenza.com\/it\/#organization","name":"Pressenza","url":"https:\/\/www.pressenza.com\/it\/","logo":{"@type":"ImageObject","inLanguage":"it-IT","@id":"https:\/\/www.pressenza.com\/it\/#\/schema\/logo\/image\/","url":"https:\/\/www.pressenza.com\/wp-content\/uploads\/2022\/10\/pressenza_logo_200x200.jpg","contentUrl":"https:\/\/www.pressenza.com\/wp-content\/uploads\/2022\/10\/pressenza_logo_200x200.jpg","width":200,"height":200,"caption":"Pressenza"},"image":{"@id":"https:\/\/www.pressenza.com\/it\/#\/schema\/logo\/image\/"},"sameAs":["https:\/\/www.facebook.com\/PressenzaItalia","https:\/\/x.com\/PressenzaIPA"]},{"@type":"Person","@id":"https:\/\/www.pressenza.com\/it\/#\/schema\/person\/bb13dad7d75de3f57ef0c4246101316b","name":"Agenzia DIRE","description":"La DIRE \u00e8 una delle principali agenzie di stampa nazionali, trasmette sui propri notiziari multimediali tutte le notizie dell'ultimo minuto, approfondimenti, interviste, newsletter tematiche. Specializzata in politiche parlamentari e di governo, oltre che esteri, sanit\u00e0, ambiente, welfare, politiche regionali e locali, giovani. Su Dire.it pubblica, ogni giorno, tutte le principali notizie. E' presente su tutto il territorio nazionale con sei sedi, cinquanta giornalisti e corrispondenti da tutte le regioni.","sameAs":["http:\/\/www.dire.it\/"],"url":"https:\/\/www.pressenza.com\/it\/author\/agenzia-dire\/"}]}},"place":"","original_article_url":"https:\/\/www.dire.it\/27-07-2019\/356896-migranti-facebook-elimina-i-post-di-salvini\/","_links":{"self":[{"href":"https:\/\/www.pressenza.com\/it\/wp-json\/wp\/v2\/posts\/894082","targetHints":{"allow":["GET"]}}],"collection":[{"href":"https:\/\/www.pressenza.com\/it\/wp-json\/wp\/v2\/posts"}],"about":[{"href":"https:\/\/www.pressenza.com\/it\/wp-json\/wp\/v2\/types\/post"}],"author":[{"embeddable":true,"href":"https:\/\/www.pressenza.com\/it\/wp-json\/wp\/v2\/users\/1478"}],"replies":[{"embeddable":true,"href":"https:\/\/www.pressenza.com\/it\/wp-json\/wp\/v2\/comments?post=894082"}],"version-history":[{"count":0,"href":"https:\/\/www.pressenza.com\/it\/wp-json\/wp\/v2\/posts\/894082\/revisions"}],"wp:featuredmedia":[{"embeddable":true,"href":"https:\/\/www.pressenza.com\/it\/wp-json\/wp\/v2\/media\/894103"}],"wp:attachment":[{"href":"https:\/\/www.pressenza.com\/it\/wp-json\/wp\/v2\/media?parent=894082"}],"wp:term":[{"taxonomy":"category","embeddable":true,"href":"https:\/\/www.pressenza.com\/it\/wp-json\/wp\/v2\/categories?post=894082"},{"taxonomy":"post_tag","embeddable":true,"href":"https:\/\/www.pressenza.com\/it\/wp-json\/wp\/v2\/tags?post=894082"}],"curies":[{"name":"wp","href":"https:\/\/api.w.org\/{rel}","templated":true}]}}