{"id":893858,"date":"2019-07-27T16:07:16","date_gmt":"2019-07-27T15:07:16","guid":{"rendered":"https:\/\/www.pressenza.com\/?p=893858"},"modified":"2019-07-27T17:57:48","modified_gmt":"2019-07-27T16:57:48","slug":"la-variabile-dellassassinio-e-lodio-abbiamo-toccato-il-fondo","status":"publish","type":"post","link":"https:\/\/www.pressenza.com\/it\/2019\/07\/la-variabile-dellassassinio-e-lodio-abbiamo-toccato-il-fondo\/","title":{"rendered":"La variabile dell\u2019assassino e l\u2019odio. Abbiamo toccato il fondo"},"content":{"rendered":"<p>Calata la sera del 26 luglio un utente di Twitter,\u00a0Giulia Selvaggi, ha scritto: \u201c<em>Oggi \u00e8 stata una delle peggiori pagine di Twitter, specchio della societ\u00e0. Tutti contro tutti a farci la guerra sulla nazionalit\u00e0 di chi ha ucciso un carabiniere. Come se il problema fosse questo, non la vita che si perde. Si \u00e8 perso il senso di tutto. Della vita, delle persone<\/em>\u201c.<\/p>\n<p>Per oltre\u00a010 ore, i\u00a0socia<strong>l<\/strong>\u00a0si erano riempiti di\u00a0odio\u00a0e\u00a0rancore, replicando l\u2019ormai nota formula della \u201cvariabile dell\u2019assassino\u201d.<\/p>\n<p>Persa di vista la\u00a0vita brutalmente perduta di un funzionario dello stato, il carabiniere\u00a0<strong>Mario Cerciello Rega<\/strong>\u00a0\u2013 descritto da tutti come una persona di straordinaria umanit\u00e0 \u2013\u00a0orde di utenti aizzate da rappresentanti del governo\u00a0e da\u00a0esponenti della destra fascista\u00a0hanno iniziato a\u00a0scaricare odio\u00a0sul \u201c<em>gruppo<\/em>\u201d cui, per\u00a0origine etnica, sarebbero appartenuti i presunti assassini: i \u201c<em>clandestini<\/em>\u201d e per osmosi, quelli che \u201c<em>li avevano fatti entrare<\/em>\u201d e che \u201c<em>li avevano portati in Italia<\/em>\u201d<\/p>\n<p>Nelle poche pause tra la\u00a0diffusione incontrollata di foto e notizie false, la frenesia dell\u2019odiatore (e, va detto, dell\u2019odiatrice), trovava anche il tempo per formulare l\u2019augurio di \u201c<em>buon appetito ai pesci<\/em>\u201d del Mediterraneo che si sarebbero ampiamente saziati dei corpi di oltre un centinaio di migranti naufragati.<\/p>\n<p>La\u00a0<a href=\"https:\/\/www.amnesty.it\/entra-in-azione\/task-force-attivismo\/\"><strong>Task force<\/strong><\/a>\u00a0creata da Amnesty International Italia per contrastare l\u2019odio online ha\u00a0dedicato per ore tutte le sue forze\u00a0a tentare di\u00a0riportare la discussione sul terreno dei fatti.<\/p>\n<p>Ma la guerra \u00e8 proseguita\u00a0anche dopo la confessione delle due persone fermate\u00a0perch\u00e9 sospettate di essere in qualche modo coinvolte nell\u2019assassinio di Mario Cerciello Rega. Extracomunitari, s\u00ec: ma\u00a0statunitensi, e per di pi\u00f9 bianchi; entrati in Italia, s\u00ec: ma con un aereo e regolare passaporto.<\/p>\n<p>C\u2019\u00e8 chi ha persino tirato un sospiro di sollievo perch\u00e9 non erano immigrati, senza accorgersi che questa reazione lo ha fatto diventare uguale agli altri. Opposto ma uguale.<\/p>\n<p>Sullo sfondo, sempre e solo sullo sfondo, la vita del carabiniere ucciso. Cos\u00ec come molte altre volte, sullo sfondo sono rimaste le donne uccise. Vittime, lui e loro, della variabile dell\u2019assassino.<\/p>\n<p><strong>Non importa chi \u00e8 morto, importa chi lo ha ammazzato. Con la variabile dell\u2019assassino abbiamo toccato il fondo.<\/strong><\/p>\n<p>&nbsp;<\/p>\n","protected":false},"excerpt":{"rendered":"<p>Calata la sera del 26 luglio un utente di Twitter,\u00a0Giulia Selvaggi, ha scritto: \u201cOggi \u00e8 stata una delle peggiori pagine di Twitter, specchio della societ\u00e0. Tutti contro tutti a farci la guerra sulla nazionalit\u00e0 di chi ha ucciso un carabiniere.&hellip;<\/p>\n","protected":false},"author":432,"featured_media":893859,"comment_status":"closed","ping_status":"closed","sticky":false,"template":"","format":"standard","meta":{"footnotes":""},"categories":[150,56,47],"tags":[11134,61769,2636,58864,1532],"class_list":["post-893858","post","type-post","status-publish","format-standard","has-post-thumbnail","hentry","category-comunicati-stampa","category-cultura","category-europa","tag-governo-italiano","tag-mario-cerciello-rega","tag-migranti","tag-odio-it","tag-social-media"],"yoast_head":"<!-- This site is optimized with the Yoast SEO plugin v27.1.1 - https:\/\/yoast.com\/product\/yoast-seo-wordpress\/ -->\n<title>La variabile dell\u2019assassino e l\u2019odio. Abbiamo toccato il fondo<\/title>\n<meta name=\"description\" content=\"Calata la sera del 26 luglio un utente di Twitter,\u00a0Giulia Selvaggi, ha scritto: \u201cOggi \u00e8 stata una delle peggiori pagine di Twitter, specchio della\" \/>\n<meta name=\"robots\" content=\"index, follow, max-snippet:-1, max-image-preview:large, max-video-preview:-1\" \/>\n<link rel=\"canonical\" href=\"https:\/\/www.pressenza.com\/it\/2019\/07\/la-variabile-dellassassinio-e-lodio-abbiamo-toccato-il-fondo\/\" \/>\n<meta property=\"og:locale\" content=\"it_IT\" \/>\n<meta property=\"og:type\" content=\"article\" \/>\n<meta property=\"og:title\" content=\"La variabile dell\u2019assassino e l\u2019odio. Abbiamo toccato il fondo\" \/>\n<meta property=\"og:description\" content=\"Calata la sera del 26 luglio un utente di Twitter,\u00a0Giulia Selvaggi, ha scritto: \u201cOggi \u00e8 stata una delle peggiori pagine di Twitter, specchio della\" \/>\n<meta property=\"og:url\" content=\"https:\/\/www.pressenza.com\/it\/2019\/07\/la-variabile-dellassassinio-e-lodio-abbiamo-toccato-il-fondo\/\" \/>\n<meta property=\"og:site_name\" content=\"Pressenza\" \/>\n<meta property=\"article:publisher\" content=\"https:\/\/www.facebook.com\/PressenzaItalia\" \/>\n<meta property=\"article:author\" content=\"https:\/\/www.facebook.com\/amnestyglobal\" \/>\n<meta property=\"article:published_time\" content=\"2019-07-27T15:07:16+00:00\" \/>\n<meta property=\"article:modified_time\" content=\"2019-07-27T16:57:48+00:00\" \/>\n<meta property=\"og:image\" content=\"https:\/\/www.pressenza.com\/wp-content\/uploads\/2019\/07\/barometro-amnesty-italia-elezioni-europee.jpg\" \/>\n\t<meta property=\"og:image:width\" content=\"1920\" \/>\n\t<meta property=\"og:image:height\" content=\"700\" \/>\n\t<meta property=\"og:image:type\" content=\"image\/jpeg\" \/>\n<meta name=\"author\" content=\"Amnesty International\" \/>\n<meta name=\"twitter:card\" content=\"summary_large_image\" \/>\n<meta name=\"twitter:creator\" content=\"@amnesty\" \/>\n<meta name=\"twitter:site\" content=\"@PressenzaIPA\" \/>\n<meta name=\"twitter:label1\" content=\"Scritto da\" \/>\n\t<meta name=\"twitter:data1\" content=\"Amnesty International\" \/>\n\t<meta name=\"twitter:label2\" content=\"Tempo di lettura stimato\" \/>\n\t<meta name=\"twitter:data2\" content=\"2 minuti\" \/>\n<script type=\"application\/ld+json\" class=\"yoast-schema-graph\">{\"@context\":\"https:\/\/schema.org\",\"@graph\":[{\"@type\":\"Article\",\"@id\":\"https:\/\/www.pressenza.com\/it\/2019\/07\/la-variabile-dellassassinio-e-lodio-abbiamo-toccato-il-fondo\/#article\",\"isPartOf\":{\"@id\":\"https:\/\/www.pressenza.com\/it\/2019\/07\/la-variabile-dellassassinio-e-lodio-abbiamo-toccato-il-fondo\/\"},\"author\":{\"name\":\"Amnesty International\",\"@id\":\"https:\/\/www.pressenza.com\/it\/#\/schema\/person\/9b981b05c7ecf09292e6acb3223b2d9d\"},\"headline\":\"La variabile dell\u2019assassino e l\u2019odio. Abbiamo toccato il fondo\",\"datePublished\":\"2019-07-27T15:07:16+00:00\",\"dateModified\":\"2019-07-27T16:57:48+00:00\",\"mainEntityOfPage\":{\"@id\":\"https:\/\/www.pressenza.com\/it\/2019\/07\/la-variabile-dellassassinio-e-lodio-abbiamo-toccato-il-fondo\/\"},\"wordCount\":373,\"publisher\":{\"@id\":\"https:\/\/www.pressenza.com\/it\/#organization\"},\"image\":{\"@id\":\"https:\/\/www.pressenza.com\/it\/2019\/07\/la-variabile-dellassassinio-e-lodio-abbiamo-toccato-il-fondo\/#primaryimage\"},\"thumbnailUrl\":\"https:\/\/www.pressenza.com\/wp-content\/uploads\/2019\/07\/barometro-amnesty-italia-elezioni-europee.jpg\",\"keywords\":[\"governo italiano\",\"Mario Cerciello Rega\",\"migranti\",\"odio\",\"social media\"],\"articleSection\":[\"Comunicati Stampa\",\"Cultura e Media\",\"Europa\"],\"inLanguage\":\"it-IT\"},{\"@type\":\"WebPage\",\"@id\":\"https:\/\/www.pressenza.com\/it\/2019\/07\/la-variabile-dellassassinio-e-lodio-abbiamo-toccato-il-fondo\/\",\"url\":\"https:\/\/www.pressenza.com\/it\/2019\/07\/la-variabile-dellassassinio-e-lodio-abbiamo-toccato-il-fondo\/\",\"name\":\"La variabile dell\u2019assassino e l\u2019odio. Abbiamo toccato il fondo\",\"isPartOf\":{\"@id\":\"https:\/\/www.pressenza.com\/it\/#website\"},\"primaryImageOfPage\":{\"@id\":\"https:\/\/www.pressenza.com\/it\/2019\/07\/la-variabile-dellassassinio-e-lodio-abbiamo-toccato-il-fondo\/#primaryimage\"},\"image\":{\"@id\":\"https:\/\/www.pressenza.com\/it\/2019\/07\/la-variabile-dellassassinio-e-lodio-abbiamo-toccato-il-fondo\/#primaryimage\"},\"thumbnailUrl\":\"https:\/\/www.pressenza.com\/wp-content\/uploads\/2019\/07\/barometro-amnesty-italia-elezioni-europee.jpg\",\"datePublished\":\"2019-07-27T15:07:16+00:00\",\"dateModified\":\"2019-07-27T16:57:48+00:00\",\"description\":\"Calata la sera del 26 luglio un utente di Twitter,\u00a0Giulia Selvaggi, ha scritto: \u201cOggi \u00e8 stata una delle peggiori pagine di Twitter, specchio della\",\"breadcrumb\":{\"@id\":\"https:\/\/www.pressenza.com\/it\/2019\/07\/la-variabile-dellassassinio-e-lodio-abbiamo-toccato-il-fondo\/#breadcrumb\"},\"inLanguage\":\"it-IT\",\"potentialAction\":[{\"@type\":\"ReadAction\",\"target\":[\"https:\/\/www.pressenza.com\/it\/2019\/07\/la-variabile-dellassassinio-e-lodio-abbiamo-toccato-il-fondo\/\"]}]},{\"@type\":\"ImageObject\",\"inLanguage\":\"it-IT\",\"@id\":\"https:\/\/www.pressenza.com\/it\/2019\/07\/la-variabile-dellassassinio-e-lodio-abbiamo-toccato-il-fondo\/#primaryimage\",\"url\":\"https:\/\/www.pressenza.com\/wp-content\/uploads\/2019\/07\/barometro-amnesty-italia-elezioni-europee.jpg\",\"contentUrl\":\"https:\/\/www.pressenza.com\/wp-content\/uploads\/2019\/07\/barometro-amnesty-italia-elezioni-europee.jpg\",\"width\":1920,\"height\":700},{\"@type\":\"BreadcrumbList\",\"@id\":\"https:\/\/www.pressenza.com\/it\/2019\/07\/la-variabile-dellassassinio-e-lodio-abbiamo-toccato-il-fondo\/#breadcrumb\",\"itemListElement\":[{\"@type\":\"ListItem\",\"position\":1,\"name\":\"Accueil\",\"item\":\"https:\/\/www.pressenza.com\/it\/\"},{\"@type\":\"ListItem\",\"position\":2,\"name\":\"La variabile dell\u2019assassino e l\u2019odio. Abbiamo toccato il fondo\"}]},{\"@type\":\"WebSite\",\"@id\":\"https:\/\/www.pressenza.com\/it\/#website\",\"url\":\"https:\/\/www.pressenza.com\/it\/\",\"name\":\"Pressenza\",\"description\":\"Agenzia di Stampa Internazionale\",\"publisher\":{\"@id\":\"https:\/\/www.pressenza.com\/it\/#organization\"},\"potentialAction\":[{\"@type\":\"SearchAction\",\"target\":{\"@type\":\"EntryPoint\",\"urlTemplate\":\"https:\/\/www.pressenza.com\/it\/?s={search_term_string}\"},\"query-input\":{\"@type\":\"PropertyValueSpecification\",\"valueRequired\":true,\"valueName\":\"search_term_string\"}}],\"inLanguage\":\"it-IT\"},{\"@type\":\"Organization\",\"@id\":\"https:\/\/www.pressenza.com\/it\/#organization\",\"name\":\"Pressenza\",\"url\":\"https:\/\/www.pressenza.com\/it\/\",\"logo\":{\"@type\":\"ImageObject\",\"inLanguage\":\"it-IT\",\"@id\":\"https:\/\/www.pressenza.com\/it\/#\/schema\/logo\/image\/\",\"url\":\"https:\/\/www.pressenza.com\/wp-content\/uploads\/2022\/10\/pressenza_logo_200x200.jpg\",\"contentUrl\":\"https:\/\/www.pressenza.com\/wp-content\/uploads\/2022\/10\/pressenza_logo_200x200.jpg\",\"width\":200,\"height\":200,\"caption\":\"Pressenza\"},\"image\":{\"@id\":\"https:\/\/www.pressenza.com\/it\/#\/schema\/logo\/image\/\"},\"sameAs\":[\"https:\/\/www.facebook.com\/PressenzaItalia\",\"https:\/\/x.com\/PressenzaIPA\"]},{\"@type\":\"Person\",\"@id\":\"https:\/\/www.pressenza.com\/it\/#\/schema\/person\/9b981b05c7ecf09292e6acb3223b2d9d\",\"name\":\"Amnesty International\",\"description\":\"Amnesty International is a global movement of more than 3 million supporters, members and activists in over 150 countries and territories who campaign to end grave abuses of human rights. Our vision is for every person to enjoy all the rights enshrined in the Universal Declaration of Human Rights and other international human rights standards. www.amnesty.org\",\"sameAs\":[\"http:\/\/www.amnesty.it\",\"https:\/\/www.facebook.com\/amnestyglobal\",\"https:\/\/x.com\/amnesty\"],\"url\":\"https:\/\/www.pressenza.com\/it\/author\/amnesty-international\/\"}]}<\/script>\n<!-- \/ Yoast SEO plugin. -->","yoast_head_json":{"title":"La variabile dell\u2019assassino e l\u2019odio. Abbiamo toccato il fondo","description":"Calata la sera del 26 luglio un utente di Twitter,\u00a0Giulia Selvaggi, ha scritto: \u201cOggi \u00e8 stata una delle peggiori pagine di Twitter, specchio della","robots":{"index":"index","follow":"follow","max-snippet":"max-snippet:-1","max-image-preview":"max-image-preview:large","max-video-preview":"max-video-preview:-1"},"canonical":"https:\/\/www.pressenza.com\/it\/2019\/07\/la-variabile-dellassassinio-e-lodio-abbiamo-toccato-il-fondo\/","og_locale":"it_IT","og_type":"article","og_title":"La variabile dell\u2019assassino e l\u2019odio. Abbiamo toccato il fondo","og_description":"Calata la sera del 26 luglio un utente di Twitter,\u00a0Giulia Selvaggi, ha scritto: \u201cOggi \u00e8 stata una delle peggiori pagine di Twitter, specchio della","og_url":"https:\/\/www.pressenza.com\/it\/2019\/07\/la-variabile-dellassassinio-e-lodio-abbiamo-toccato-il-fondo\/","og_site_name":"Pressenza","article_publisher":"https:\/\/www.facebook.com\/PressenzaItalia","article_author":"https:\/\/www.facebook.com\/amnestyglobal","article_published_time":"2019-07-27T15:07:16+00:00","article_modified_time":"2019-07-27T16:57:48+00:00","og_image":[{"width":1920,"height":700,"url":"https:\/\/www.pressenza.com\/wp-content\/uploads\/2019\/07\/barometro-amnesty-italia-elezioni-europee.jpg","type":"image\/jpeg"}],"author":"Amnesty International","twitter_card":"summary_large_image","twitter_creator":"@amnesty","twitter_site":"@PressenzaIPA","twitter_misc":{"Scritto da":"Amnesty International","Tempo di lettura stimato":"2 minuti"},"schema":{"@context":"https:\/\/schema.org","@graph":[{"@type":"Article","@id":"https:\/\/www.pressenza.com\/it\/2019\/07\/la-variabile-dellassassinio-e-lodio-abbiamo-toccato-il-fondo\/#article","isPartOf":{"@id":"https:\/\/www.pressenza.com\/it\/2019\/07\/la-variabile-dellassassinio-e-lodio-abbiamo-toccato-il-fondo\/"},"author":{"name":"Amnesty International","@id":"https:\/\/www.pressenza.com\/it\/#\/schema\/person\/9b981b05c7ecf09292e6acb3223b2d9d"},"headline":"La variabile dell\u2019assassino e l\u2019odio. Abbiamo toccato il fondo","datePublished":"2019-07-27T15:07:16+00:00","dateModified":"2019-07-27T16:57:48+00:00","mainEntityOfPage":{"@id":"https:\/\/www.pressenza.com\/it\/2019\/07\/la-variabile-dellassassinio-e-lodio-abbiamo-toccato-il-fondo\/"},"wordCount":373,"publisher":{"@id":"https:\/\/www.pressenza.com\/it\/#organization"},"image":{"@id":"https:\/\/www.pressenza.com\/it\/2019\/07\/la-variabile-dellassassinio-e-lodio-abbiamo-toccato-il-fondo\/#primaryimage"},"thumbnailUrl":"https:\/\/www.pressenza.com\/wp-content\/uploads\/2019\/07\/barometro-amnesty-italia-elezioni-europee.jpg","keywords":["governo italiano","Mario Cerciello Rega","migranti","odio","social media"],"articleSection":["Comunicati Stampa","Cultura e Media","Europa"],"inLanguage":"it-IT"},{"@type":"WebPage","@id":"https:\/\/www.pressenza.com\/it\/2019\/07\/la-variabile-dellassassinio-e-lodio-abbiamo-toccato-il-fondo\/","url":"https:\/\/www.pressenza.com\/it\/2019\/07\/la-variabile-dellassassinio-e-lodio-abbiamo-toccato-il-fondo\/","name":"La variabile dell\u2019assassino e l\u2019odio. Abbiamo toccato il fondo","isPartOf":{"@id":"https:\/\/www.pressenza.com\/it\/#website"},"primaryImageOfPage":{"@id":"https:\/\/www.pressenza.com\/it\/2019\/07\/la-variabile-dellassassinio-e-lodio-abbiamo-toccato-il-fondo\/#primaryimage"},"image":{"@id":"https:\/\/www.pressenza.com\/it\/2019\/07\/la-variabile-dellassassinio-e-lodio-abbiamo-toccato-il-fondo\/#primaryimage"},"thumbnailUrl":"https:\/\/www.pressenza.com\/wp-content\/uploads\/2019\/07\/barometro-amnesty-italia-elezioni-europee.jpg","datePublished":"2019-07-27T15:07:16+00:00","dateModified":"2019-07-27T16:57:48+00:00","description":"Calata la sera del 26 luglio un utente di Twitter,\u00a0Giulia Selvaggi, ha scritto: \u201cOggi \u00e8 stata una delle peggiori pagine di Twitter, specchio della","breadcrumb":{"@id":"https:\/\/www.pressenza.com\/it\/2019\/07\/la-variabile-dellassassinio-e-lodio-abbiamo-toccato-il-fondo\/#breadcrumb"},"inLanguage":"it-IT","potentialAction":[{"@type":"ReadAction","target":["https:\/\/www.pressenza.com\/it\/2019\/07\/la-variabile-dellassassinio-e-lodio-abbiamo-toccato-il-fondo\/"]}]},{"@type":"ImageObject","inLanguage":"it-IT","@id":"https:\/\/www.pressenza.com\/it\/2019\/07\/la-variabile-dellassassinio-e-lodio-abbiamo-toccato-il-fondo\/#primaryimage","url":"https:\/\/www.pressenza.com\/wp-content\/uploads\/2019\/07\/barometro-amnesty-italia-elezioni-europee.jpg","contentUrl":"https:\/\/www.pressenza.com\/wp-content\/uploads\/2019\/07\/barometro-amnesty-italia-elezioni-europee.jpg","width":1920,"height":700},{"@type":"BreadcrumbList","@id":"https:\/\/www.pressenza.com\/it\/2019\/07\/la-variabile-dellassassinio-e-lodio-abbiamo-toccato-il-fondo\/#breadcrumb","itemListElement":[{"@type":"ListItem","position":1,"name":"Accueil","item":"https:\/\/www.pressenza.com\/it\/"},{"@type":"ListItem","position":2,"name":"La variabile dell\u2019assassino e l\u2019odio. Abbiamo toccato il fondo"}]},{"@type":"WebSite","@id":"https:\/\/www.pressenza.com\/it\/#website","url":"https:\/\/www.pressenza.com\/it\/","name":"Pressenza","description":"Agenzia di Stampa Internazionale","publisher":{"@id":"https:\/\/www.pressenza.com\/it\/#organization"},"potentialAction":[{"@type":"SearchAction","target":{"@type":"EntryPoint","urlTemplate":"https:\/\/www.pressenza.com\/it\/?s={search_term_string}"},"query-input":{"@type":"PropertyValueSpecification","valueRequired":true,"valueName":"search_term_string"}}],"inLanguage":"it-IT"},{"@type":"Organization","@id":"https:\/\/www.pressenza.com\/it\/#organization","name":"Pressenza","url":"https:\/\/www.pressenza.com\/it\/","logo":{"@type":"ImageObject","inLanguage":"it-IT","@id":"https:\/\/www.pressenza.com\/it\/#\/schema\/logo\/image\/","url":"https:\/\/www.pressenza.com\/wp-content\/uploads\/2022\/10\/pressenza_logo_200x200.jpg","contentUrl":"https:\/\/www.pressenza.com\/wp-content\/uploads\/2022\/10\/pressenza_logo_200x200.jpg","width":200,"height":200,"caption":"Pressenza"},"image":{"@id":"https:\/\/www.pressenza.com\/it\/#\/schema\/logo\/image\/"},"sameAs":["https:\/\/www.facebook.com\/PressenzaItalia","https:\/\/x.com\/PressenzaIPA"]},{"@type":"Person","@id":"https:\/\/www.pressenza.com\/it\/#\/schema\/person\/9b981b05c7ecf09292e6acb3223b2d9d","name":"Amnesty International","description":"Amnesty International is a global movement of more than 3 million supporters, members and activists in over 150 countries and territories who campaign to end grave abuses of human rights. Our vision is for every person to enjoy all the rights enshrined in the Universal Declaration of Human Rights and other international human rights standards. www.amnesty.org","sameAs":["http:\/\/www.amnesty.it","https:\/\/www.facebook.com\/amnestyglobal","https:\/\/x.com\/amnesty"],"url":"https:\/\/www.pressenza.com\/it\/author\/amnesty-international\/"}]}},"place":"","original_article_url":"","_links":{"self":[{"href":"https:\/\/www.pressenza.com\/it\/wp-json\/wp\/v2\/posts\/893858","targetHints":{"allow":["GET"]}}],"collection":[{"href":"https:\/\/www.pressenza.com\/it\/wp-json\/wp\/v2\/posts"}],"about":[{"href":"https:\/\/www.pressenza.com\/it\/wp-json\/wp\/v2\/types\/post"}],"author":[{"embeddable":true,"href":"https:\/\/www.pressenza.com\/it\/wp-json\/wp\/v2\/users\/432"}],"replies":[{"embeddable":true,"href":"https:\/\/www.pressenza.com\/it\/wp-json\/wp\/v2\/comments?post=893858"}],"version-history":[{"count":0,"href":"https:\/\/www.pressenza.com\/it\/wp-json\/wp\/v2\/posts\/893858\/revisions"}],"wp:featuredmedia":[{"embeddable":true,"href":"https:\/\/www.pressenza.com\/it\/wp-json\/wp\/v2\/media\/893859"}],"wp:attachment":[{"href":"https:\/\/www.pressenza.com\/it\/wp-json\/wp\/v2\/media?parent=893858"}],"wp:term":[{"taxonomy":"category","embeddable":true,"href":"https:\/\/www.pressenza.com\/it\/wp-json\/wp\/v2\/categories?post=893858"},{"taxonomy":"post_tag","embeddable":true,"href":"https:\/\/www.pressenza.com\/it\/wp-json\/wp\/v2\/tags?post=893858"}],"curies":[{"name":"wp","href":"https:\/\/api.w.org\/{rel}","templated":true}]}}