{"id":89339,"date":"2014-02-18T10:36:01","date_gmt":"2014-02-18T10:36:01","guid":{"rendered":"http:\/\/www.pressenza.com\/?p=89339"},"modified":"2014-12-20T12:43:56","modified_gmt":"2014-12-20T12:43:56","slug":"la-chiave-della-nonviolenza-partire-dalla-propria-esperienza-mettere-gioco-la-propria-vita","status":"publish","type":"post","link":"https:\/\/www.pressenza.com\/it\/2014\/02\/la-chiave-della-nonviolenza-partire-dalla-propria-esperienza-mettere-gioco-la-propria-vita\/","title":{"rendered":"La chiave della nonviolenza: partire dalla propria esperienza, mettere in gioco la propria vita"},"content":{"rendered":"<p style=\"text-align: justify;\"><em>Si \u00e8 celebrato a Torino nei giorni 31 gennaio, 1 e 2 febbraio 2014 presso il Centro Sereno Regis il XXIV Congresso del <a href=\"http:\/\/nonviolenti.org\">Movimento Nonviolento<\/a>, ne parliamo con <strong>Mao Valpiana<\/strong>, riconfermato Presidente del Movimento.<\/em><\/p>\n<p style=\"text-align: justify;\"><b>\u00a0Un congresso caratterizzato da continuit\u00e0 e rinnovamento. Ce lo puoi raccontare un po&#8217;?<\/b><\/p>\n<p style=\"text-align: justify;\">Oltre cento i partecipanti provenienti da ogni parte d&#8217;Italia, dal Friuli alla Sardegna, dal Trentino alla Puglia, con due delegazioni anche dalla Svizzera e dal Belgio.<\/p>\n<p style=\"text-align: justify;\">E&#8217; stato Nanni Salio a fare gli onori di casa a nome del Centro Sereno Regis, una delle eccellenze culturali e strutturali della nonviolenza italiana, che ci ha ospitati nei tre giorni. L&#8217;apertura pre-congressuale, con un partecipato dibattito, \u00e8 stata dedicata al tema dell&#8217;Europa, anche in vista del prossimo appuntamento elettorale. La prospettiva di un esercito europeo (che sostituisca gli attuali 28 eserciti nazionali) e la creazione dei Corpi civili di pace europei, strumenti utili per la nuova Europa che immaginiamo, come potenza di pace, federale e solidale, sono stati i temi affrontati.<\/p>\n<p style=\"text-align: justify;\">I lavori congressuali si sono concentrati sulla definizione della politica nonviolenta per i prossimi anni: sar\u00e0 la campagna per il disarmo (cio\u00e8 l&#8217;impegno per togliere spese dal settore militare e spostare gli investimenti sui bisogni sociali) l&#8217;asse portante delle iniziative del Movimento.<\/p>\n<p style=\"text-align: justify;\">Il dibattito nelle quattro commissioni di lavoro (disarmo\/difesa, democrazia\/politica, diritti\/doveri, decrescita\/semplicit\u00e0 volontaria) e in plenaria, \u00e8 stato di ottima qualit\u00e0, segno che la riflessione e la maturazione nel Movimento Nonviolento danno buoni frutti.<\/p>\n<p style=\"text-align: justify;\">A detta di tutti i presenti e degli osservatori il Congresso \u00e8 andato molto bene, e questo evidentemente \u00e8 un risultato collettivo. C&#8217;\u00e8 stato un lavoro di preparazione che ha coinvolto le realt\u00e0 territoriali, veri centri di elaborazione e punti di forza del Movimento.<\/p>\n<p style=\"text-align: justify;\">Il Congresso si \u00e8 concluso con l&#8217;elezione degli organi collegiali: il Comitato di Coordinamento vede per la prima volta una maggioranza al femminile e giovanile (senza dover scomodare \u201cle quote rosa\u201d o\u00a0 \u201cil nuovo che avanza\u201d&#8230;), ed anche un rinnovato Direttivo. Il clima positivo e sereno nel quale si lavora \u00e8 dovuto ad una stima e fiducia reciproca, che abbiamo costruito nel tempo e che \u00e8 uno dei doni pi\u00f9 preziosi che si trovano nel nostro Movimento.<\/p>\n<p style=\"text-align: justify;\"><b>\u00a0Qual \u00e8 la realt\u00e0 attuale del Movimento Nonviolento, quali i numeri che il congresso ha fotografato?<\/b><\/p>\n<p style=\"text-align: justify;\">Partiamo da Azione nonviolenta, la nostra rivista, che \u00e8 giunta proprio in questi giorni ai suoi 50 anni. E&#8217; tempo di bilancio. I contenuti sono sotto gli occhi di tutti, e ciascuno pu\u00f2 giudicare. Del suo futuro possono parlare solo gli \u201cabbonati\u201d, cio\u00e8 quei 646 che hanno voluto essere i \u201cproprietari\u201d della rivista. La sua \u201ctenuta\u201d \u00e8 certamente un&#8217;aspetto positivo della mia direzione, che data dal 1982.\u00a0 Abbiamo inoltre consolidato la nostra presenza sui social-network, con tre pagine su fb: \u201cMovimento Nonviolento\u201d 2.771 seguaci, \u201cAzione nonviolenta\u201d\u00a0 558 seguaci (ma \u00e8 qualla che riusciamo ad aggiorare meno) e Aldo Capitini 1347<\/p>\n<p style=\"text-align: justify;\">Oltre AN, altri punti di forza del MN sono sempre state le sedi (intese come sedi fisiche di propriet\u00e0 o in gestione del MN).<\/p>\n<p style=\"text-align: justify;\">Brescia, Torino, Verona, sono le tre sedi ormai storiche&#8230;. acquisite negli anni 70\/80 hanno svolto per noi una funzione fondamentale.<\/p>\n<p style=\"text-align: justify;\">Questa mole di attivit\u00e0, ed il patrimonio complessivo del MN, potrebbe sembrare enorme e sovradimensionata rispetto all&#8217;esigua entit\u00e0 del MN: nel 2013 solo 177 iscritti. Certo, non abbiamo mai fatto proselitismo, sappiamo bene che l&#8217;adesione al MN \u00e8 un fatto di coscienza, un&#8217;adesione personale, impegnativa e intima alla Carta. Tuttavia, diciamo anche che in 177 non ce la possiamo fare a reggere il peso dei tanti impegno che amici e simpatizzanti del Mn ci caricano sulle spalle.\u00a0 Chi ha delle aspettative, deve anche assumersi la responsabilit\u00e0 di tali aspettative: l&#8217;obiettivo dev&#8217;essere quelle di almeno raddopppiare gli iscritti, come dovremo almeno raddoppiare gli abbonati&#8230;<\/p>\n<p style=\"text-align: justify;\">Il terzo punto di forza del MN (ma forse il primo in termini di importanza) \u00e8 quello rappresentato dai gruppi, dai centri territoriali.\u00a0 Un risultato importante di questi tre anni, \u00e8 stato il veder crescere fino a diventare \u201ccentro\u201d i gruppi di Fiumicino, di Modena, di Bari. Sono tre realt\u00e0 il cui contributo sostanziale si \u00e8 subito sentito: il centro di Fiumicino ha dato vito alla Biblioteca della nonviolenza e all&#8217;attivit\u00e0 del gruppo giovani del MN; il centro di Modena si \u00e8 assunto la responsabilit\u00e0 di ospitare la Festa dei 50 anni di Azione nonviolenta; il centro di Bari ha realizzato convegni importanti e contribuito al percorso contro la militarizzazione delle Murge.<\/p>\n<p style=\"text-align: justify;\"><b>Come vede il Movimento Nonviolento il futuro prossimo?<\/b><\/p>\n<p style=\"text-align: justify;\">Dal 1948 la spesa militare in Italia \u00e8 sempre cresciuta in termini reali e proprio negli ultimi vent\u2019anni, secondo la base dati della spesa pubblica per funzioni pubblicata dall\u2019Istat, l\u2019Italia ha registrato un aumento di quasi il 25% in termini reali per la sola Funzione Difesa.<\/p>\n<p style=\"text-align: justify;\">La disoccupazione ha superato il 12% e quella giovanile il 40%, pi\u00f9 di 9 milioni e mezzo di famiglie (quasi il 16% della popolazione) vivono al di sotto della soglia di povert\u00e0 e quasi 5 milioni di persone \u201dnon sono in grado di sostenere la spesa mensile minima necessaria per acquisire i beni e i servizi considerati necessari per condurre una vita minimamente accettabile\u201d. L\u2019Italia \u00e8 l\u2019unico paese dell\u2019area OCSE che dal 1995 non ha aumentato la spesa per studente nella scuola primaria e secondaria \u201cmentre negli altri paesi \u00e8 aumentata in media del 62%\u201d e nel quale si mette pesantemente a rischio la sicurezza degli studenti perch\u00e9 \u201cquasi la met\u00e0 degli edifici scolastici non possiede le certificazioni di agibilit\u00e0, pi\u00f9 del 65% non ha il certificato di prevenzione incendi e il 36% degli edifici ha bisogno d\u2019interventi di manutenzione urgenti\u201d. Insomma un paese alla deriva che deve continuare a stringere la cinghia\u201d! \u2026..<\/p>\n<p style=\"text-align: justify;\">Ma nonostante questo fosco panorama, noi dobbiamo tenere aperta la speranza e la fiducia che le cose possono cambiare in meglio. Questo \u00e8 sempre possibile, anche se ora pu\u00f2 apparire difficilissimo. Forse il cambiamento non lo vedremo noi, ma \u00e8 nostro compito tenere accesa la \u201cfiammella della nonviolenza\u201d, dalla quale un giorno potr\u00e0 propagarsi quell&#8217;incendio necessario che pu\u00f2 venire dalla \u201cforza dell&#8217;amore e della verit\u00e0\u201d (Gandhi). La crisi in atto richiede l&#8217;impegno di tutti. Non possiamo aspettare che sia l&#8217;Europa, o il governo, o i partiti, a proporre le soluzioni; \u00e8 dal basso che deve iniziare il cambiamento.<\/p>\n<p style=\"text-align: justify;\"><b>\u00a0L&#8217;accento \u00e8 ancora sul disarmo; per\u00f2 mi ha colpito il riferimento al &#8220;disarmo personale&#8221;: cosa si vuole intendere con questo?<\/b><\/p>\n<p style=\"text-align: justify;\">Lo avevo gi\u00e0 detto nel mio intervento finale dalla Rocca di Assisi, il 25 settembre 2011, alla conclusione della Marcia Perugia-Assisi nel cinquantesimo anniversario della prima Marcia di Capitini: \u201c<i>La vera marcia, lo sappiamo, comincer\u00e0 questa sera, quando ognuno di noi torner\u00e0 nella propria casa con l&#8217;impegno di realizzare il programma politico nonviolento:\u00a0 pace e fratellanza.\u00a0 Per cominciare, dobbiamo partire da noi stessi, ognuno di noi deve fare il proprio disarmo. Un disarmo unilaterale, un disarmo cultu<\/i>r<i>ale. Fare cadere i muri dentro le nostre teste. Spezzare il proprio fucile. Non aspettiamo che siano gli altri a disarmare,\u00a0 incominciamo noi! <\/i><\/p>\n<p style=\"text-align: justify;\"><i>Questa \u00e8 la chiave della nonviolenza:\u00a0 partire dalla propria esperienza, mettere in gioco la propria vita.\u00a0 Questo \u00e8 l&#8217;orizzonte che ci ha mostrato Aldo Capitini, questo \u00e8 il varco attuale della storia che Capitini ha indicato dalla Rocca di Assisi cinquant\u2019anni fa. Il Movimento Nonviolento, da lui fondato, prosegue il cammino nella direzione di una politica nonviolenta per l\u2019opposizione integrale alla guerra<\/i>\u201d.<\/p>\n<p style=\"text-align: justify;\">Saremo credibili nel chiedere il disarmo degli Stati, se gi\u00e0 oggi noi iniziamo a praticare il disarmo personale, cio\u00e8 non collaborare con le strutture che rendono possibile la guerra: armi ed eserciti. Cos\u00ec la strada dell&#8217;obiezione di coscienza \u00e8 aperta davanti a noi.<b><br \/>\n<\/b><\/p>\n<p style=\"text-align: justify;\"><b>Il congresso parla degli &#8220;altri viventi&#8221;, ma, curiosamente, non parla di un tema caro agli umanisti, l&#8217;Essere Umano: in questo momento storico caratterizzato dall&#8217;ideologia dell&#8217; &#8220;homo hominis lupus&#8221; non senti l&#8217;esigenza, per i nonviolenti, di chiarire di che esse umano stiamo parlando? E quale definizione viene da dare?<\/b><\/p>\n<p style=\"text-align: justify;\">Quella degli \u201caltri esseri viventi\u201d \u00e8 una specificazione che abbiamo voluto fare per esplicitare una sensibilit\u00e0 ormai diffusa nell&#8217;ambito del Movimento. L&#8217;attenzione al mondo animale e all&#8217;alimentazione. Non \u00e8 una novit\u00e0, gi\u00e0 Capitini, nei suoi scritti, affront\u00f2 con lucidit\u00e0 e lungimiranza il rapporto tra l&#8217;uomo ed il creato, evidenziando le nostre responsabilit\u00e0 verso ogni forma vivente o non vivente che la natura esprime. Per questo la Mozione dice che \u00e8 nostro impegno \u201ccreare un futuro disarmato, per la pace tra gli uomini, con la natura ed ogni essere vivente\u201d.<\/p>\n<p style=\"text-align: justify;\">Ma il nostro orizzonte, resta in quello che \u00e8 scritto nella Carta del Movimento: \u201clo scopo della creazione di una comunit\u00e0 mondiale senza classi che promuova il libero sviluppo di ciascuno in armonia con il bene di tutti\u201d.<\/p>\n<p style=\"text-align: justify;\">L&#8217;Essere Umano cui si riferiscono gli umanisti, \u00e8 per noi nonviolenti il soggetto della definizione stessa di nonviolenza: \u201cLa nonviolenza \u00e8 l&#8217;apertura all&#8217;esistenza, allo sviluppo, alla libert\u00e0, di ogni essere\u201d. Oggi questo Essere Umano, insieme a tuta la Natura, \u00e8 messo in pericolo dagli armamenti e dalla preparazione della guerra: per questo il disarmo \u00e8 la via che vogliamo intraprendere.<b><\/b><\/p>\n<p style=\"text-align: justify;\"><b>Le recenti vicende politiche sono state caratterizzate dall&#8217;elezione inaspettata di Renato Accorinti a Sindaco di Messina; un militante storico della nonviolenza che diventa sindaco; il quale ha fatto alcuni gesti clamorosi proprio in occasione della festa delle Forze Armate. Come mai il Sindaco di Messina non \u00e8 mai citato nei materiali del Congresso?<\/b><\/p>\n<p style=\"text-align: justify;\">Il Sindaco di Messina, Renato Accorinti, \u00e8 per noi innanzitutto un amico e un iscritto al Movimento. A lui, e alle sue iniziative antimilitariste, abbiamo dedicato ampio spazio sia sulla nostra rivista \u201cAzione nonviolenta\u201d, sia nel nostro sito <a href=\"http:\/\/www.nonviolenti.org\/\">www.nonviolenti.org<\/a>. Anzi, ci auguriamo che Renato sia nostro ospite il 25 aprile all&#8217; \u201cArena di Pace e Disarmo\u201d come testimonianza che si possono servire le istituzioni con la nonviolenza, per il bene di tutti. Potr\u00e0 essere un esempio per tanti Sindaci.<\/p>\n","protected":false},"excerpt":{"rendered":"<p>Si \u00e8 celebrato a Torino nei giorni 31 gennaio, 1 e 2 febbraio 2014 presso il Centro Sereno Regis il XXIV Congresso del Movimento Nonviolento, ne parliamo con Mao Valpiana, riconfermato Presidente del Movimento. \u00a0Un congresso caratterizzato da continuit\u00e0 e&hellip;<\/p>\n","protected":false},"author":10,"featured_media":89341,"comment_status":"closed","ping_status":"open","sticky":false,"template":"","format":"standard","meta":{"footnotes":""},"categories":[47,38,157,1262,1263],"tags":[6371,3461,231,4824,720,7657,460,6402],"class_list":["post-89339","post","type-post","status-publish","format-standard","has-post-thumbnail","hentry","category-europa","category-internazionale","category-interviste","category-nonviolenza-argomento","category-pace-disarmo","tag-aldo-capitini","tag-centro-sereno-regis-2","tag-disarmo","tag-mao-valpiana","tag-movimento-nonviolento","tag-nanni-salio","tag-nonviolenza","tag-renato-accorinti"],"yoast_head":"<!-- This site is optimized with the Yoast SEO plugin v27.1.1 - https:\/\/yoast.com\/product\/yoast-seo-wordpress\/ -->\n<title>La chiave della nonviolenza: partire dalla propria esperienza, mettere in gioco la propria vita<\/title>\n<meta name=\"description\" content=\"Si \u00e8 celebrato a Torino nei giorni 31 gennaio, 1 e 2 febbraio 2014 presso il Centro Sereno Regis il XXIV Congresso del Movimento Nonviolento, ne parliamo\" \/>\n<meta name=\"robots\" content=\"index, follow, max-snippet:-1, max-image-preview:large, max-video-preview:-1\" \/>\n<link rel=\"canonical\" href=\"https:\/\/www.pressenza.com\/it\/2014\/02\/la-chiave-della-nonviolenza-partire-dalla-propria-esperienza-mettere-gioco-la-propria-vita\/\" \/>\n<meta property=\"og:locale\" content=\"it_IT\" \/>\n<meta property=\"og:type\" content=\"article\" \/>\n<meta property=\"og:title\" content=\"La chiave della nonviolenza: partire dalla propria esperienza, mettere in gioco la propria vita\" \/>\n<meta property=\"og:description\" content=\"Si \u00e8 celebrato a Torino nei giorni 31 gennaio, 1 e 2 febbraio 2014 presso il Centro Sereno Regis il XXIV Congresso del Movimento Nonviolento, ne parliamo\" \/>\n<meta property=\"og:url\" content=\"https:\/\/www.pressenza.com\/it\/2014\/02\/la-chiave-della-nonviolenza-partire-dalla-propria-esperienza-mettere-gioco-la-propria-vita\/\" \/>\n<meta property=\"og:site_name\" content=\"Pressenza\" \/>\n<meta property=\"article:publisher\" content=\"https:\/\/www.facebook.com\/PressenzaItalia\" \/>\n<meta property=\"article:published_time\" content=\"2014-02-18T10:36:01+00:00\" \/>\n<meta property=\"article:modified_time\" content=\"2014-12-20T12:43:56+00:00\" \/>\n<meta property=\"og:image\" content=\"https:\/\/www.pressenza.com\/wp-content\/uploads\/2014\/02\/congresso-movimento-nonviolento.jpg\" \/>\n\t<meta property=\"og:image:width\" content=\"1500\" \/>\n\t<meta property=\"og:image:height\" content=\"1121\" \/>\n\t<meta property=\"og:image:type\" content=\"image\/jpeg\" \/>\n<meta name=\"author\" content=\"Olivier Turquet\" \/>\n<meta name=\"twitter:card\" content=\"summary_large_image\" \/>\n<meta name=\"twitter:creator\" content=\"@PressenzaIPA\" \/>\n<meta name=\"twitter:site\" content=\"@PressenzaIPA\" \/>\n<meta name=\"twitter:label1\" content=\"Scritto da\" \/>\n\t<meta name=\"twitter:data1\" content=\"Olivier Turquet\" \/>\n\t<meta name=\"twitter:label2\" content=\"Tempo di lettura stimato\" \/>\n\t<meta name=\"twitter:data2\" content=\"8 minuti\" \/>\n<script type=\"application\/ld+json\" class=\"yoast-schema-graph\">{\"@context\":\"https:\/\/schema.org\",\"@graph\":[{\"@type\":\"Article\",\"@id\":\"https:\/\/www.pressenza.com\/it\/2014\/02\/la-chiave-della-nonviolenza-partire-dalla-propria-esperienza-mettere-gioco-la-propria-vita\/#article\",\"isPartOf\":{\"@id\":\"https:\/\/www.pressenza.com\/it\/2014\/02\/la-chiave-della-nonviolenza-partire-dalla-propria-esperienza-mettere-gioco-la-propria-vita\/\"},\"author\":{\"name\":\"Olivier Turquet\",\"@id\":\"https:\/\/www.pressenza.com\/it\/#\/schema\/person\/636f8feb51f63f34e7378d5fcdd1de53\"},\"headline\":\"La chiave della nonviolenza: partire dalla propria esperienza, mettere in gioco la propria vita\",\"datePublished\":\"2014-02-18T10:36:01+00:00\",\"dateModified\":\"2014-12-20T12:43:56+00:00\",\"mainEntityOfPage\":{\"@id\":\"https:\/\/www.pressenza.com\/it\/2014\/02\/la-chiave-della-nonviolenza-partire-dalla-propria-esperienza-mettere-gioco-la-propria-vita\/\"},\"wordCount\":1626,\"publisher\":{\"@id\":\"https:\/\/www.pressenza.com\/it\/#organization\"},\"image\":{\"@id\":\"https:\/\/www.pressenza.com\/it\/2014\/02\/la-chiave-della-nonviolenza-partire-dalla-propria-esperienza-mettere-gioco-la-propria-vita\/#primaryimage\"},\"thumbnailUrl\":\"https:\/\/www.pressenza.com\/wp-content\/uploads\/2014\/02\/congresso-movimento-nonviolento.jpg\",\"keywords\":[\"Aldo Capitini\",\"Centro Sereno Regis\",\"disarmo\",\"Mao Valpiana\",\"Movimento Nonviolento\",\"Nanni Salio\",\"nonviolenza\",\"Renato Accorinti\"],\"articleSection\":[\"Europa\",\"Internazionale\",\"Interviste\",\"Nonviolenza\",\"Pace e Disarmo\"],\"inLanguage\":\"it-IT\"},{\"@type\":\"WebPage\",\"@id\":\"https:\/\/www.pressenza.com\/it\/2014\/02\/la-chiave-della-nonviolenza-partire-dalla-propria-esperienza-mettere-gioco-la-propria-vita\/\",\"url\":\"https:\/\/www.pressenza.com\/it\/2014\/02\/la-chiave-della-nonviolenza-partire-dalla-propria-esperienza-mettere-gioco-la-propria-vita\/\",\"name\":\"La chiave della nonviolenza: partire dalla propria esperienza, mettere in gioco la propria vita\",\"isPartOf\":{\"@id\":\"https:\/\/www.pressenza.com\/it\/#website\"},\"primaryImageOfPage\":{\"@id\":\"https:\/\/www.pressenza.com\/it\/2014\/02\/la-chiave-della-nonviolenza-partire-dalla-propria-esperienza-mettere-gioco-la-propria-vita\/#primaryimage\"},\"image\":{\"@id\":\"https:\/\/www.pressenza.com\/it\/2014\/02\/la-chiave-della-nonviolenza-partire-dalla-propria-esperienza-mettere-gioco-la-propria-vita\/#primaryimage\"},\"thumbnailUrl\":\"https:\/\/www.pressenza.com\/wp-content\/uploads\/2014\/02\/congresso-movimento-nonviolento.jpg\",\"datePublished\":\"2014-02-18T10:36:01+00:00\",\"dateModified\":\"2014-12-20T12:43:56+00:00\",\"description\":\"Si \u00e8 celebrato a Torino nei giorni 31 gennaio, 1 e 2 febbraio 2014 presso il Centro Sereno Regis il XXIV Congresso del Movimento Nonviolento, ne parliamo\",\"breadcrumb\":{\"@id\":\"https:\/\/www.pressenza.com\/it\/2014\/02\/la-chiave-della-nonviolenza-partire-dalla-propria-esperienza-mettere-gioco-la-propria-vita\/#breadcrumb\"},\"inLanguage\":\"it-IT\",\"potentialAction\":[{\"@type\":\"ReadAction\",\"target\":[\"https:\/\/www.pressenza.com\/it\/2014\/02\/la-chiave-della-nonviolenza-partire-dalla-propria-esperienza-mettere-gioco-la-propria-vita\/\"]}]},{\"@type\":\"ImageObject\",\"inLanguage\":\"it-IT\",\"@id\":\"https:\/\/www.pressenza.com\/it\/2014\/02\/la-chiave-della-nonviolenza-partire-dalla-propria-esperienza-mettere-gioco-la-propria-vita\/#primaryimage\",\"url\":\"https:\/\/www.pressenza.com\/wp-content\/uploads\/2014\/02\/congresso-movimento-nonviolento.jpg\",\"contentUrl\":\"https:\/\/www.pressenza.com\/wp-content\/uploads\/2014\/02\/congresso-movimento-nonviolento.jpg\",\"width\":1500,\"height\":1121},{\"@type\":\"BreadcrumbList\",\"@id\":\"https:\/\/www.pressenza.com\/it\/2014\/02\/la-chiave-della-nonviolenza-partire-dalla-propria-esperienza-mettere-gioco-la-propria-vita\/#breadcrumb\",\"itemListElement\":[{\"@type\":\"ListItem\",\"position\":1,\"name\":\"Accueil\",\"item\":\"https:\/\/www.pressenza.com\/it\/\"},{\"@type\":\"ListItem\",\"position\":2,\"name\":\"La chiave della nonviolenza: partire dalla propria esperienza, mettere in gioco la propria vita\"}]},{\"@type\":\"WebSite\",\"@id\":\"https:\/\/www.pressenza.com\/it\/#website\",\"url\":\"https:\/\/www.pressenza.com\/it\/\",\"name\":\"Pressenza\",\"description\":\"Agenzia di Stampa Internazionale\",\"publisher\":{\"@id\":\"https:\/\/www.pressenza.com\/it\/#organization\"},\"potentialAction\":[{\"@type\":\"SearchAction\",\"target\":{\"@type\":\"EntryPoint\",\"urlTemplate\":\"https:\/\/www.pressenza.com\/it\/?s={search_term_string}\"},\"query-input\":{\"@type\":\"PropertyValueSpecification\",\"valueRequired\":true,\"valueName\":\"search_term_string\"}}],\"inLanguage\":\"it-IT\"},{\"@type\":\"Organization\",\"@id\":\"https:\/\/www.pressenza.com\/it\/#organization\",\"name\":\"Pressenza\",\"url\":\"https:\/\/www.pressenza.com\/it\/\",\"logo\":{\"@type\":\"ImageObject\",\"inLanguage\":\"it-IT\",\"@id\":\"https:\/\/www.pressenza.com\/it\/#\/schema\/logo\/image\/\",\"url\":\"https:\/\/www.pressenza.com\/wp-content\/uploads\/2022\/10\/pressenza_logo_200x200.jpg\",\"contentUrl\":\"https:\/\/www.pressenza.com\/wp-content\/uploads\/2022\/10\/pressenza_logo_200x200.jpg\",\"width\":200,\"height\":200,\"caption\":\"Pressenza\"},\"image\":{\"@id\":\"https:\/\/www.pressenza.com\/it\/#\/schema\/logo\/image\/\"},\"sameAs\":[\"https:\/\/www.facebook.com\/PressenzaItalia\",\"https:\/\/x.com\/PressenzaIPA\"]},{\"@type\":\"Person\",\"@id\":\"https:\/\/www.pressenza.com\/it\/#\/schema\/person\/636f8feb51f63f34e7378d5fcdd1de53\",\"name\":\"Olivier Turquet\",\"description\":\"Takes care of writing to tell the reality for about 40 years. He has worked with paper publications, radio and electronic He founded the electronic news agency humanist Good News. He was press secretary to various events such as: the International Humanist, Florence Play, the World March for Peace and Nonviolence. Currently coordinates the Italian team of Pressenza. olivierturquet.wordpress.com\",\"sameAs\":[\"http:\/\/olivierturquet.wordpress.com\"],\"url\":\"https:\/\/www.pressenza.com\/it\/author\/olivier-turquet\/\"}]}<\/script>\n<!-- \/ Yoast SEO plugin. -->","yoast_head_json":{"title":"La chiave della nonviolenza: partire dalla propria esperienza, mettere in gioco la propria vita","description":"Si \u00e8 celebrato a Torino nei giorni 31 gennaio, 1 e 2 febbraio 2014 presso il Centro Sereno Regis il XXIV Congresso del Movimento Nonviolento, ne parliamo","robots":{"index":"index","follow":"follow","max-snippet":"max-snippet:-1","max-image-preview":"max-image-preview:large","max-video-preview":"max-video-preview:-1"},"canonical":"https:\/\/www.pressenza.com\/it\/2014\/02\/la-chiave-della-nonviolenza-partire-dalla-propria-esperienza-mettere-gioco-la-propria-vita\/","og_locale":"it_IT","og_type":"article","og_title":"La chiave della nonviolenza: partire dalla propria esperienza, mettere in gioco la propria vita","og_description":"Si \u00e8 celebrato a Torino nei giorni 31 gennaio, 1 e 2 febbraio 2014 presso il Centro Sereno Regis il XXIV Congresso del Movimento Nonviolento, ne parliamo","og_url":"https:\/\/www.pressenza.com\/it\/2014\/02\/la-chiave-della-nonviolenza-partire-dalla-propria-esperienza-mettere-gioco-la-propria-vita\/","og_site_name":"Pressenza","article_publisher":"https:\/\/www.facebook.com\/PressenzaItalia","article_published_time":"2014-02-18T10:36:01+00:00","article_modified_time":"2014-12-20T12:43:56+00:00","og_image":[{"width":1500,"height":1121,"url":"https:\/\/www.pressenza.com\/wp-content\/uploads\/2014\/02\/congresso-movimento-nonviolento.jpg","type":"image\/jpeg"}],"author":"Olivier Turquet","twitter_card":"summary_large_image","twitter_creator":"@PressenzaIPA","twitter_site":"@PressenzaIPA","twitter_misc":{"Scritto da":"Olivier Turquet","Tempo di lettura stimato":"8 minuti"},"schema":{"@context":"https:\/\/schema.org","@graph":[{"@type":"Article","@id":"https:\/\/www.pressenza.com\/it\/2014\/02\/la-chiave-della-nonviolenza-partire-dalla-propria-esperienza-mettere-gioco-la-propria-vita\/#article","isPartOf":{"@id":"https:\/\/www.pressenza.com\/it\/2014\/02\/la-chiave-della-nonviolenza-partire-dalla-propria-esperienza-mettere-gioco-la-propria-vita\/"},"author":{"name":"Olivier Turquet","@id":"https:\/\/www.pressenza.com\/it\/#\/schema\/person\/636f8feb51f63f34e7378d5fcdd1de53"},"headline":"La chiave della nonviolenza: partire dalla propria esperienza, mettere in gioco la propria vita","datePublished":"2014-02-18T10:36:01+00:00","dateModified":"2014-12-20T12:43:56+00:00","mainEntityOfPage":{"@id":"https:\/\/www.pressenza.com\/it\/2014\/02\/la-chiave-della-nonviolenza-partire-dalla-propria-esperienza-mettere-gioco-la-propria-vita\/"},"wordCount":1626,"publisher":{"@id":"https:\/\/www.pressenza.com\/it\/#organization"},"image":{"@id":"https:\/\/www.pressenza.com\/it\/2014\/02\/la-chiave-della-nonviolenza-partire-dalla-propria-esperienza-mettere-gioco-la-propria-vita\/#primaryimage"},"thumbnailUrl":"https:\/\/www.pressenza.com\/wp-content\/uploads\/2014\/02\/congresso-movimento-nonviolento.jpg","keywords":["Aldo Capitini","Centro Sereno Regis","disarmo","Mao Valpiana","Movimento Nonviolento","Nanni Salio","nonviolenza","Renato Accorinti"],"articleSection":["Europa","Internazionale","Interviste","Nonviolenza","Pace e Disarmo"],"inLanguage":"it-IT"},{"@type":"WebPage","@id":"https:\/\/www.pressenza.com\/it\/2014\/02\/la-chiave-della-nonviolenza-partire-dalla-propria-esperienza-mettere-gioco-la-propria-vita\/","url":"https:\/\/www.pressenza.com\/it\/2014\/02\/la-chiave-della-nonviolenza-partire-dalla-propria-esperienza-mettere-gioco-la-propria-vita\/","name":"La chiave della nonviolenza: partire dalla propria esperienza, mettere in gioco la propria vita","isPartOf":{"@id":"https:\/\/www.pressenza.com\/it\/#website"},"primaryImageOfPage":{"@id":"https:\/\/www.pressenza.com\/it\/2014\/02\/la-chiave-della-nonviolenza-partire-dalla-propria-esperienza-mettere-gioco-la-propria-vita\/#primaryimage"},"image":{"@id":"https:\/\/www.pressenza.com\/it\/2014\/02\/la-chiave-della-nonviolenza-partire-dalla-propria-esperienza-mettere-gioco-la-propria-vita\/#primaryimage"},"thumbnailUrl":"https:\/\/www.pressenza.com\/wp-content\/uploads\/2014\/02\/congresso-movimento-nonviolento.jpg","datePublished":"2014-02-18T10:36:01+00:00","dateModified":"2014-12-20T12:43:56+00:00","description":"Si \u00e8 celebrato a Torino nei giorni 31 gennaio, 1 e 2 febbraio 2014 presso il Centro Sereno Regis il XXIV Congresso del Movimento Nonviolento, ne parliamo","breadcrumb":{"@id":"https:\/\/www.pressenza.com\/it\/2014\/02\/la-chiave-della-nonviolenza-partire-dalla-propria-esperienza-mettere-gioco-la-propria-vita\/#breadcrumb"},"inLanguage":"it-IT","potentialAction":[{"@type":"ReadAction","target":["https:\/\/www.pressenza.com\/it\/2014\/02\/la-chiave-della-nonviolenza-partire-dalla-propria-esperienza-mettere-gioco-la-propria-vita\/"]}]},{"@type":"ImageObject","inLanguage":"it-IT","@id":"https:\/\/www.pressenza.com\/it\/2014\/02\/la-chiave-della-nonviolenza-partire-dalla-propria-esperienza-mettere-gioco-la-propria-vita\/#primaryimage","url":"https:\/\/www.pressenza.com\/wp-content\/uploads\/2014\/02\/congresso-movimento-nonviolento.jpg","contentUrl":"https:\/\/www.pressenza.com\/wp-content\/uploads\/2014\/02\/congresso-movimento-nonviolento.jpg","width":1500,"height":1121},{"@type":"BreadcrumbList","@id":"https:\/\/www.pressenza.com\/it\/2014\/02\/la-chiave-della-nonviolenza-partire-dalla-propria-esperienza-mettere-gioco-la-propria-vita\/#breadcrumb","itemListElement":[{"@type":"ListItem","position":1,"name":"Accueil","item":"https:\/\/www.pressenza.com\/it\/"},{"@type":"ListItem","position":2,"name":"La chiave della nonviolenza: partire dalla propria esperienza, mettere in gioco la propria vita"}]},{"@type":"WebSite","@id":"https:\/\/www.pressenza.com\/it\/#website","url":"https:\/\/www.pressenza.com\/it\/","name":"Pressenza","description":"Agenzia di Stampa Internazionale","publisher":{"@id":"https:\/\/www.pressenza.com\/it\/#organization"},"potentialAction":[{"@type":"SearchAction","target":{"@type":"EntryPoint","urlTemplate":"https:\/\/www.pressenza.com\/it\/?s={search_term_string}"},"query-input":{"@type":"PropertyValueSpecification","valueRequired":true,"valueName":"search_term_string"}}],"inLanguage":"it-IT"},{"@type":"Organization","@id":"https:\/\/www.pressenza.com\/it\/#organization","name":"Pressenza","url":"https:\/\/www.pressenza.com\/it\/","logo":{"@type":"ImageObject","inLanguage":"it-IT","@id":"https:\/\/www.pressenza.com\/it\/#\/schema\/logo\/image\/","url":"https:\/\/www.pressenza.com\/wp-content\/uploads\/2022\/10\/pressenza_logo_200x200.jpg","contentUrl":"https:\/\/www.pressenza.com\/wp-content\/uploads\/2022\/10\/pressenza_logo_200x200.jpg","width":200,"height":200,"caption":"Pressenza"},"image":{"@id":"https:\/\/www.pressenza.com\/it\/#\/schema\/logo\/image\/"},"sameAs":["https:\/\/www.facebook.com\/PressenzaItalia","https:\/\/x.com\/PressenzaIPA"]},{"@type":"Person","@id":"https:\/\/www.pressenza.com\/it\/#\/schema\/person\/636f8feb51f63f34e7378d5fcdd1de53","name":"Olivier Turquet","description":"Takes care of writing to tell the reality for about 40 years. He has worked with paper publications, radio and electronic He founded the electronic news agency humanist Good News. He was press secretary to various events such as: the International Humanist, Florence Play, the World March for Peace and Nonviolence. Currently coordinates the Italian team of Pressenza. olivierturquet.wordpress.com","sameAs":["http:\/\/olivierturquet.wordpress.com"],"url":"https:\/\/www.pressenza.com\/it\/author\/olivier-turquet\/"}]}},"place":"","original_article_url":"","_links":{"self":[{"href":"https:\/\/www.pressenza.com\/it\/wp-json\/wp\/v2\/posts\/89339","targetHints":{"allow":["GET"]}}],"collection":[{"href":"https:\/\/www.pressenza.com\/it\/wp-json\/wp\/v2\/posts"}],"about":[{"href":"https:\/\/www.pressenza.com\/it\/wp-json\/wp\/v2\/types\/post"}],"author":[{"embeddable":true,"href":"https:\/\/www.pressenza.com\/it\/wp-json\/wp\/v2\/users\/10"}],"replies":[{"embeddable":true,"href":"https:\/\/www.pressenza.com\/it\/wp-json\/wp\/v2\/comments?post=89339"}],"version-history":[{"count":0,"href":"https:\/\/www.pressenza.com\/it\/wp-json\/wp\/v2\/posts\/89339\/revisions"}],"wp:featuredmedia":[{"embeddable":true,"href":"https:\/\/www.pressenza.com\/it\/wp-json\/wp\/v2\/media\/89341"}],"wp:attachment":[{"href":"https:\/\/www.pressenza.com\/it\/wp-json\/wp\/v2\/media?parent=89339"}],"wp:term":[{"taxonomy":"category","embeddable":true,"href":"https:\/\/www.pressenza.com\/it\/wp-json\/wp\/v2\/categories?post=89339"},{"taxonomy":"post_tag","embeddable":true,"href":"https:\/\/www.pressenza.com\/it\/wp-json\/wp\/v2\/tags?post=89339"}],"curies":[{"name":"wp","href":"https:\/\/api.w.org\/{rel}","templated":true}]}}