{"id":891393,"date":"2019-07-23T12:29:24","date_gmt":"2019-07-23T11:29:24","guid":{"rendered":"https:\/\/www.pressenza.com\/?p=891393"},"modified":"2019-07-26T13:37:56","modified_gmt":"2019-07-26T12:37:56","slug":"il-buco-nero-della-politica-italiana","status":"publish","type":"post","link":"https:\/\/www.pressenza.com\/it\/2019\/07\/il-buco-nero-della-politica-italiana\/","title":{"rendered":"Il buco nero della politica italiana"},"content":{"rendered":"<p>Chi pensa che la politica italiana sia ormai diventata uno scontro tra tifoserie, tendenzialmente prova a dare l\u2019impressione di una falsa quanto impossibile imparzialit\u00e0. Le tifoserie si sono schierate e rappresenterebbero la semplificazione mediatica di un retroterra culturale presente e reale che si sta trasformando in una vera e propria guerra civile. Anzi in due guerre civili. Quella dei ricchi contro i poveri, e quella tra \u201csinistri\u201d e \u201csovranisti\u201d. La prima \u00e8 quella reale, la seconda \u00e8 quella mediatizzata. Salvini ha sostituito la seconda alla prima, invertendone e scompaginando l\u2019assetto preesistente. Cos\u00ec facendo ha sostituito ai \u201cproblemi reali\u201d, i \u201cproblemi degli italiani\u201d.<\/p>\n<p>Attraverso questa sostituzione ha imposto una forte polarizzazione del dibattito, complice una mediatizzazione che la alimenta e che la semplifica fino a trasformare, protagonisti e figuranti, nella veste di macchiette che si esibiscono in un dialogo tra sordi. Proveremo qui a fare esercizio di astrazione in questo universo in cui le distanze tra le persone non cessano di aumentare.<\/p>\n<p><span style=\"color: #800000;\"><strong>Un universo politico e mediatico polarizzato<\/strong><\/span><\/p>\n<p>Da un lato chi, ritenendo che la competenza, la ragione, la professionalit\u00e0 della classe politica non abbiano risolto i problemi della gente, pensa ora che chiunque possa occuparsi della cosa pubblica. A questa pretesa si unisce quella tipica degli italiani, che pi\u00f9 che della cosa pubblica, vogliono occuparsi di quella piccola porzione della cosa pubblica che li riguarda. Con questo non indico solo i tornaconti personali ma anche la capacit\u00e0 di identificarsi con una mediocrit\u00e0 ostentata ed esaltata a marchio di genuinit\u00e0 contro l\u2019ipocrisia dilagante.<\/p>\n<p>Si dice che in fondo questo governo non sia altro che la sublimazione politica di chi non ha mai combinato un granch\u00e9 nella vita, di chi adesso, trova un motivo finalmente per sentirsi meglio di qualcun altro dopo una vita di fallimenti. Da qui tutta la <a href=\"https:\/\/www.pressenza.com\/it\/2018\/07\/politica-della-paura\/\" target=\"_blank\" rel=\"noopener\">teoria del caprio espiatorio <\/a>del diverso che gi\u00e0 conosciamo.<\/p>\n<p>Inoltre, queste persone pensano che la politica della competenza, delle \u00e9lites intellettuali, dei pi\u00f9 preparati non solo non abbiano creato benessere ma spiegano questo fallimento con il piano complottista della \u201csostituzione etnica\u201d, come se la classe dirigente precedente avesse una masochistica passione per non pensare agli interessi degli italiani, preferendogli a questi gli stranieri gli immigrati. Conosciamo la conseguenza di questo pensiero nei social: l\u2019odiatore seriale viene scatenato al guinzaglio della felpa eversiva contro il buonista radical-chic.<\/p>\n<p>Questi ultimi, invece, ritengono sempre e comunque di trovarsi dal lato giusto dell\u2019universo politico e che vi sia una crociata da fare contro il male, il sovranismo, il fascismo, che si alimenta dell\u2019ignoranza della gente.<\/p>\n<p>Contrariamente ai primi, questi pensano che la Ragione e la Competenza siano tutto e non si rendono di quali danni queste entit\u00e0 abbiano provocato dopo anni di inconsistente opposizione al berlusconismo o di mal governo liberista. Hanno abbandonato la loro capacit\u00e0 di ricercare attrattivit\u00e0 di tutti i corpi celesti intermedi (l\u2019elettorato dell\u2019astensione), puntando il dito contro l\u2019ignoranza delle persone piuttosto che analizzarne le necessit\u00e0, i cosiddetti \u201cproblemi reali\u201d.<\/p>\n<p>I protagonisti di questa sinistra che \u201cdovrebbe ripartire\u201d ogni volta da Greta, Mimmo, Carola eleva questi eroi di un antifascismo, che per l\u2019aria pi\u00f9 radicale \u00e8 sempre stato d&#8217;attualit\u00e0, ma che talvolta non \u00e8 che strumentale prefabbricato di convenienza e d\u2019emergenza, eretto da tutta quell\u2019area liberal che ha creato il virus e ora pretenderebbe di avere la cura.<\/p>\n<p>Questo universo \u00e8 retto da un incantesimo fatto di leggi fisiche, create da un buco nero, Salvini, che genera questa polarizzazione, dal suo verbo social o dal vivo, dettando con una velocit\u00e0 spasmodica i tempi e i temi dell\u2019agenda politica e mediatica del paese, provocando una soddisfazione alla pancia e agli intestini del paese paragonabile soltanto a quella provocata dall\u2019evacuazione di questi organi.<\/p>\n<p>Questo buco nero non fa che spaccare il paese, al punto tale che ormai non si pu\u00f2 pi\u00f9 mediare.<\/p>\n<p><span style=\"color: #800000;\"><strong>Il buco nero attira e polarizza. Impossibile restare imparziali<\/strong><\/span><\/p>\n<p>Impossibile da fare intendere le due parti. Basta un mezzo commento su facebook per schiacciare l\u2019altro in una delle due tifoserie e, rispondendo, pretendere di riuscire ad essere pi\u00f9 giusti ed imparziali dei nostri interlocutori, sulla base della nostra ignorante presunzione di sapere.<\/p>\n<p>Persino chi ha provato a fare esercizio di imparzialit\u00e0, i pentastellati, sono ormai completamente attirati nell\u2019orbita fascio-leghista, vittime della loro ondivaga e neutra politica, che ormai non pu\u00f2 pi\u00f9 a quel voler rappresentarsi come <a href=\"https:\/\/www.pressenza.com\/it\/2018\/10\/ne-di-destra-ne-di-sinistra-il-ritorno-del-grande-inganno\/\">\u201cn\u00e9 di destra n\u00e9 di sinistra\u201d<\/a>. La vacuit\u00e0 politica della dirigenza cinquestelle \u00e8 la stessa del suo incerto elettorato, ed ha ben chiaro di essere stata eletta contro la casta. Ora che governa ha paura di perdere consenso, e nell\u2019incertezza e nella vaghezza ideologica, forse comprende il motivo principale della loro triste caduta.<\/p>\n<p>Ma la forza del buco nero \u00e8 tale per cui in parte si sono ritrovati a riciclare il voto dell\u2019astensione in consenso per i leghisti, permettendo a tanti cripto fascisti repressi presenti nelle loro file di fare coming-out. Cos\u00ec facendo ormai sono entrati nel cono d\u2019ombra o buco nero della propaganda leghista divenendone gli alfieri pi\u00f9 o meno complici.<\/p>\n<p>Persino questi indecisi quindi che hanno rappresentato per tanti la speranza di un rinnovamento vero sono stati spinti in uno dei due poli, permettendo ad una parte dell\u2019elettorato astenutosi negli ultimi anni di far parte di un progetto in cui sono protagonisti.<\/p>\n<p><span style=\"color: #800000;\"><strong>Chi sta in mezzo?<\/strong><\/span><\/p>\n<p>Osservando il rapido passaggio di consenso che ha portato i Cinquestelle al potere, e la Lega a ribaltare i rapporti di forza durante le elezioni europee, si osserva un elettorato molto fluido. Prima solo contestatario d\u2019opposizione, ora cane da guardia social del governo.<\/p>\n<p>Ci\u00f2 dimostra che proprio da questo \u201cbrodo primordiale\u201d e magmatico, si nutre il consenso che affluisce ai due poli sopracitati, attraendo miriadi di persone, meteore di pensiero, profili che da un lato ripetono a pappagallo quanto gi\u00e0 detto ed elaborato nelle rispettive sedi, e chi invece prova a ragionare, l\u00ec in mezzo, pur avendo delle idee simpatizzanti, viene schiacciato da un lato o dall\u2019altro.<br \/>\nConvincersi, discutere, animare un dibattito sui social \u00e8 inutile quanto controproducente per la natura stessa del supporto.<\/p>\n<p>Eppure sono convinto che sia in mezzo a questo brodo in mezzo ai due estremi che nasca lentamente e si alimenti <a href=\"https:\/\/www.pressenza.com\/it\/2019\/07\/come-uscire-dal-buco-nero-della-politica-italiana\/\">il passaggio di una persona indecisa in persona razzista e xefonoba. Questo passaggio \u00e8 lento ed inesorabile ed \u00e8 l\u00ec che bisogna intervenire<\/a>.<\/p>\n","protected":false},"excerpt":{"rendered":"<p>Chi pensa che la politica italiana sia ormai diventata uno scontro tra tifoserie, tendenzialmente prova a dare l\u2019impressione di una falsa quanto impossibile imparzialit\u00e0. Le tifoserie si sono schierate e rappresenterebbero la semplificazione mediatica di un retroterra culturale presente e&hellip;<\/p>\n","protected":false},"author":1496,"featured_media":891404,"comment_status":"closed","ping_status":"closed","sticky":false,"template":"","format":"standard","meta":{"footnotes":""},"categories":[11388,54572,162,55],"tags":[19066,16359,61512],"class_list":["post-891393","post","type-post","status-publish","format-standard","has-post-thumbnail","hentry","category-contenuti-originali","category-migranti","category-opinioni","category-politica","tag-politica-italiana","tag-salvini","tag-tifoserie"],"yoast_head":"<!-- This site is optimized with the Yoast SEO plugin v27.1.1 - https:\/\/yoast.com\/product\/yoast-seo-wordpress\/ -->\n<title>Il buco nero della politica italiana<\/title>\n<meta name=\"description\" content=\"Chi pensa che la politica italiana sia ormai diventata uno scontro tra tifoserie, tendenzialmente prova a dare l\u2019impressione di una falsa quanto\" \/>\n<meta name=\"robots\" content=\"index, follow, max-snippet:-1, max-image-preview:large, max-video-preview:-1\" \/>\n<link rel=\"canonical\" href=\"https:\/\/www.pressenza.com\/it\/2019\/07\/il-buco-nero-della-politica-italiana\/\" \/>\n<meta property=\"og:locale\" content=\"it_IT\" \/>\n<meta property=\"og:type\" content=\"article\" \/>\n<meta property=\"og:title\" content=\"Il buco nero della politica italiana\" \/>\n<meta property=\"og:description\" content=\"Chi pensa che la politica italiana sia ormai diventata uno scontro tra tifoserie, tendenzialmente prova a dare l\u2019impressione di una falsa quanto\" \/>\n<meta property=\"og:url\" content=\"https:\/\/www.pressenza.com\/it\/2019\/07\/il-buco-nero-della-politica-italiana\/\" \/>\n<meta property=\"og:site_name\" content=\"Pressenza\" \/>\n<meta property=\"article:publisher\" content=\"https:\/\/www.facebook.com\/PressenzaItalia\" \/>\n<meta property=\"article:author\" content=\"https:\/\/www.facebook.com\/tobiasavoca\" \/>\n<meta property=\"article:published_time\" content=\"2019-07-23T11:29:24+00:00\" \/>\n<meta property=\"article:modified_time\" content=\"2019-07-26T12:37:56+00:00\" \/>\n<meta property=\"og:image\" content=\"https:\/\/www.pressenza.com\/wp-content\/uploads\/2019\/07\/buconero2.png\" \/>\n\t<meta property=\"og:image:width\" content=\"960\" \/>\n\t<meta property=\"og:image:height\" content=\"782\" \/>\n\t<meta property=\"og:image:type\" content=\"image\/png\" \/>\n<meta name=\"author\" content=\"Tobia Savoca\" \/>\n<meta name=\"twitter:card\" content=\"summary_large_image\" \/>\n<meta name=\"twitter:creator\" content=\"@PressenzaIPA\" \/>\n<meta name=\"twitter:site\" content=\"@PressenzaIPA\" \/>\n<meta name=\"twitter:label1\" content=\"Scritto da\" \/>\n\t<meta name=\"twitter:data1\" content=\"Tobia Savoca\" \/>\n\t<meta name=\"twitter:label2\" content=\"Tempo di lettura stimato\" \/>\n\t<meta name=\"twitter:data2\" content=\"5 minuti\" \/>\n<script type=\"application\/ld+json\" class=\"yoast-schema-graph\">{\"@context\":\"https:\/\/schema.org\",\"@graph\":[{\"@type\":\"Article\",\"@id\":\"https:\/\/www.pressenza.com\/it\/2019\/07\/il-buco-nero-della-politica-italiana\/#article\",\"isPartOf\":{\"@id\":\"https:\/\/www.pressenza.com\/it\/2019\/07\/il-buco-nero-della-politica-italiana\/\"},\"author\":{\"name\":\"Tobia Savoca\",\"@id\":\"https:\/\/www.pressenza.com\/it\/#\/schema\/person\/db5d60896b03571ff2fbf2fdf7a48c84\"},\"headline\":\"Il buco nero della politica italiana\",\"datePublished\":\"2019-07-23T11:29:24+00:00\",\"dateModified\":\"2019-07-26T12:37:56+00:00\",\"mainEntityOfPage\":{\"@id\":\"https:\/\/www.pressenza.com\/it\/2019\/07\/il-buco-nero-della-politica-italiana\/\"},\"wordCount\":1058,\"publisher\":{\"@id\":\"https:\/\/www.pressenza.com\/it\/#organization\"},\"image\":{\"@id\":\"https:\/\/www.pressenza.com\/it\/2019\/07\/il-buco-nero-della-politica-italiana\/#primaryimage\"},\"thumbnailUrl\":\"https:\/\/www.pressenza.com\/wp-content\/uploads\/2019\/07\/buconero2.png\",\"keywords\":[\"politica italiana\",\"Salvini\",\"tifoserie\"],\"articleSection\":[\"contenuti originali\",\"Migranti\",\"Opinioni\",\"Politica\"],\"inLanguage\":\"it-IT\"},{\"@type\":\"WebPage\",\"@id\":\"https:\/\/www.pressenza.com\/it\/2019\/07\/il-buco-nero-della-politica-italiana\/\",\"url\":\"https:\/\/www.pressenza.com\/it\/2019\/07\/il-buco-nero-della-politica-italiana\/\",\"name\":\"Il buco nero della politica italiana\",\"isPartOf\":{\"@id\":\"https:\/\/www.pressenza.com\/it\/#website\"},\"primaryImageOfPage\":{\"@id\":\"https:\/\/www.pressenza.com\/it\/2019\/07\/il-buco-nero-della-politica-italiana\/#primaryimage\"},\"image\":{\"@id\":\"https:\/\/www.pressenza.com\/it\/2019\/07\/il-buco-nero-della-politica-italiana\/#primaryimage\"},\"thumbnailUrl\":\"https:\/\/www.pressenza.com\/wp-content\/uploads\/2019\/07\/buconero2.png\",\"datePublished\":\"2019-07-23T11:29:24+00:00\",\"dateModified\":\"2019-07-26T12:37:56+00:00\",\"description\":\"Chi pensa che la politica italiana sia ormai diventata uno scontro tra tifoserie, tendenzialmente prova a dare l\u2019impressione di una falsa quanto\",\"breadcrumb\":{\"@id\":\"https:\/\/www.pressenza.com\/it\/2019\/07\/il-buco-nero-della-politica-italiana\/#breadcrumb\"},\"inLanguage\":\"it-IT\",\"potentialAction\":[{\"@type\":\"ReadAction\",\"target\":[\"https:\/\/www.pressenza.com\/it\/2019\/07\/il-buco-nero-della-politica-italiana\/\"]}]},{\"@type\":\"ImageObject\",\"inLanguage\":\"it-IT\",\"@id\":\"https:\/\/www.pressenza.com\/it\/2019\/07\/il-buco-nero-della-politica-italiana\/#primaryimage\",\"url\":\"https:\/\/www.pressenza.com\/wp-content\/uploads\/2019\/07\/buconero2.png\",\"contentUrl\":\"https:\/\/www.pressenza.com\/wp-content\/uploads\/2019\/07\/buconero2.png\",\"width\":960,\"height\":782},{\"@type\":\"BreadcrumbList\",\"@id\":\"https:\/\/www.pressenza.com\/it\/2019\/07\/il-buco-nero-della-politica-italiana\/#breadcrumb\",\"itemListElement\":[{\"@type\":\"ListItem\",\"position\":1,\"name\":\"Accueil\",\"item\":\"https:\/\/www.pressenza.com\/it\/\"},{\"@type\":\"ListItem\",\"position\":2,\"name\":\"Il buco nero della politica italiana\"}]},{\"@type\":\"WebSite\",\"@id\":\"https:\/\/www.pressenza.com\/it\/#website\",\"url\":\"https:\/\/www.pressenza.com\/it\/\",\"name\":\"Pressenza\",\"description\":\"Agenzia di Stampa Internazionale\",\"publisher\":{\"@id\":\"https:\/\/www.pressenza.com\/it\/#organization\"},\"potentialAction\":[{\"@type\":\"SearchAction\",\"target\":{\"@type\":\"EntryPoint\",\"urlTemplate\":\"https:\/\/www.pressenza.com\/it\/?s={search_term_string}\"},\"query-input\":{\"@type\":\"PropertyValueSpecification\",\"valueRequired\":true,\"valueName\":\"search_term_string\"}}],\"inLanguage\":\"it-IT\"},{\"@type\":\"Organization\",\"@id\":\"https:\/\/www.pressenza.com\/it\/#organization\",\"name\":\"Pressenza\",\"url\":\"https:\/\/www.pressenza.com\/it\/\",\"logo\":{\"@type\":\"ImageObject\",\"inLanguage\":\"it-IT\",\"@id\":\"https:\/\/www.pressenza.com\/it\/#\/schema\/logo\/image\/\",\"url\":\"https:\/\/www.pressenza.com\/wp-content\/uploads\/2022\/10\/pressenza_logo_200x200.jpg\",\"contentUrl\":\"https:\/\/www.pressenza.com\/wp-content\/uploads\/2022\/10\/pressenza_logo_200x200.jpg\",\"width\":200,\"height\":200,\"caption\":\"Pressenza\"},\"image\":{\"@id\":\"https:\/\/www.pressenza.com\/it\/#\/schema\/logo\/image\/\"},\"sameAs\":[\"https:\/\/www.facebook.com\/PressenzaItalia\",\"https:\/\/x.com\/PressenzaIPA\"]},{\"@type\":\"Person\",\"@id\":\"https:\/\/www.pressenza.com\/it\/#\/schema\/person\/db5d60896b03571ff2fbf2fdf7a48c84\",\"name\":\"Tobia Savoca\",\"description\":\"Palermitano. Laureato in Giurisprudenza in Italia dove si \u00e8 abilitato alla pratica forense, e laureato in Storia in Francia, dove attualmente insegna. Scrive di storia, politica, societ\u00e0 ed educazione.\",\"sameAs\":[\"https:\/\/www.facebook.com\/tobiasavoca\"],\"url\":\"https:\/\/www.pressenza.com\/it\/author\/tobia-savoca\/\"}]}<\/script>\n<!-- \/ Yoast SEO plugin. -->","yoast_head_json":{"title":"Il buco nero della politica italiana","description":"Chi pensa che la politica italiana sia ormai diventata uno scontro tra tifoserie, tendenzialmente prova a dare l\u2019impressione di una falsa quanto","robots":{"index":"index","follow":"follow","max-snippet":"max-snippet:-1","max-image-preview":"max-image-preview:large","max-video-preview":"max-video-preview:-1"},"canonical":"https:\/\/www.pressenza.com\/it\/2019\/07\/il-buco-nero-della-politica-italiana\/","og_locale":"it_IT","og_type":"article","og_title":"Il buco nero della politica italiana","og_description":"Chi pensa che la politica italiana sia ormai diventata uno scontro tra tifoserie, tendenzialmente prova a dare l\u2019impressione di una falsa quanto","og_url":"https:\/\/www.pressenza.com\/it\/2019\/07\/il-buco-nero-della-politica-italiana\/","og_site_name":"Pressenza","article_publisher":"https:\/\/www.facebook.com\/PressenzaItalia","article_author":"https:\/\/www.facebook.com\/tobiasavoca","article_published_time":"2019-07-23T11:29:24+00:00","article_modified_time":"2019-07-26T12:37:56+00:00","og_image":[{"width":960,"height":782,"url":"https:\/\/www.pressenza.com\/wp-content\/uploads\/2019\/07\/buconero2.png","type":"image\/png"}],"author":"Tobia Savoca","twitter_card":"summary_large_image","twitter_creator":"@PressenzaIPA","twitter_site":"@PressenzaIPA","twitter_misc":{"Scritto da":"Tobia Savoca","Tempo di lettura stimato":"5 minuti"},"schema":{"@context":"https:\/\/schema.org","@graph":[{"@type":"Article","@id":"https:\/\/www.pressenza.com\/it\/2019\/07\/il-buco-nero-della-politica-italiana\/#article","isPartOf":{"@id":"https:\/\/www.pressenza.com\/it\/2019\/07\/il-buco-nero-della-politica-italiana\/"},"author":{"name":"Tobia Savoca","@id":"https:\/\/www.pressenza.com\/it\/#\/schema\/person\/db5d60896b03571ff2fbf2fdf7a48c84"},"headline":"Il buco nero della politica italiana","datePublished":"2019-07-23T11:29:24+00:00","dateModified":"2019-07-26T12:37:56+00:00","mainEntityOfPage":{"@id":"https:\/\/www.pressenza.com\/it\/2019\/07\/il-buco-nero-della-politica-italiana\/"},"wordCount":1058,"publisher":{"@id":"https:\/\/www.pressenza.com\/it\/#organization"},"image":{"@id":"https:\/\/www.pressenza.com\/it\/2019\/07\/il-buco-nero-della-politica-italiana\/#primaryimage"},"thumbnailUrl":"https:\/\/www.pressenza.com\/wp-content\/uploads\/2019\/07\/buconero2.png","keywords":["politica italiana","Salvini","tifoserie"],"articleSection":["contenuti originali","Migranti","Opinioni","Politica"],"inLanguage":"it-IT"},{"@type":"WebPage","@id":"https:\/\/www.pressenza.com\/it\/2019\/07\/il-buco-nero-della-politica-italiana\/","url":"https:\/\/www.pressenza.com\/it\/2019\/07\/il-buco-nero-della-politica-italiana\/","name":"Il buco nero della politica italiana","isPartOf":{"@id":"https:\/\/www.pressenza.com\/it\/#website"},"primaryImageOfPage":{"@id":"https:\/\/www.pressenza.com\/it\/2019\/07\/il-buco-nero-della-politica-italiana\/#primaryimage"},"image":{"@id":"https:\/\/www.pressenza.com\/it\/2019\/07\/il-buco-nero-della-politica-italiana\/#primaryimage"},"thumbnailUrl":"https:\/\/www.pressenza.com\/wp-content\/uploads\/2019\/07\/buconero2.png","datePublished":"2019-07-23T11:29:24+00:00","dateModified":"2019-07-26T12:37:56+00:00","description":"Chi pensa che la politica italiana sia ormai diventata uno scontro tra tifoserie, tendenzialmente prova a dare l\u2019impressione di una falsa quanto","breadcrumb":{"@id":"https:\/\/www.pressenza.com\/it\/2019\/07\/il-buco-nero-della-politica-italiana\/#breadcrumb"},"inLanguage":"it-IT","potentialAction":[{"@type":"ReadAction","target":["https:\/\/www.pressenza.com\/it\/2019\/07\/il-buco-nero-della-politica-italiana\/"]}]},{"@type":"ImageObject","inLanguage":"it-IT","@id":"https:\/\/www.pressenza.com\/it\/2019\/07\/il-buco-nero-della-politica-italiana\/#primaryimage","url":"https:\/\/www.pressenza.com\/wp-content\/uploads\/2019\/07\/buconero2.png","contentUrl":"https:\/\/www.pressenza.com\/wp-content\/uploads\/2019\/07\/buconero2.png","width":960,"height":782},{"@type":"BreadcrumbList","@id":"https:\/\/www.pressenza.com\/it\/2019\/07\/il-buco-nero-della-politica-italiana\/#breadcrumb","itemListElement":[{"@type":"ListItem","position":1,"name":"Accueil","item":"https:\/\/www.pressenza.com\/it\/"},{"@type":"ListItem","position":2,"name":"Il buco nero della politica italiana"}]},{"@type":"WebSite","@id":"https:\/\/www.pressenza.com\/it\/#website","url":"https:\/\/www.pressenza.com\/it\/","name":"Pressenza","description":"Agenzia di Stampa Internazionale","publisher":{"@id":"https:\/\/www.pressenza.com\/it\/#organization"},"potentialAction":[{"@type":"SearchAction","target":{"@type":"EntryPoint","urlTemplate":"https:\/\/www.pressenza.com\/it\/?s={search_term_string}"},"query-input":{"@type":"PropertyValueSpecification","valueRequired":true,"valueName":"search_term_string"}}],"inLanguage":"it-IT"},{"@type":"Organization","@id":"https:\/\/www.pressenza.com\/it\/#organization","name":"Pressenza","url":"https:\/\/www.pressenza.com\/it\/","logo":{"@type":"ImageObject","inLanguage":"it-IT","@id":"https:\/\/www.pressenza.com\/it\/#\/schema\/logo\/image\/","url":"https:\/\/www.pressenza.com\/wp-content\/uploads\/2022\/10\/pressenza_logo_200x200.jpg","contentUrl":"https:\/\/www.pressenza.com\/wp-content\/uploads\/2022\/10\/pressenza_logo_200x200.jpg","width":200,"height":200,"caption":"Pressenza"},"image":{"@id":"https:\/\/www.pressenza.com\/it\/#\/schema\/logo\/image\/"},"sameAs":["https:\/\/www.facebook.com\/PressenzaItalia","https:\/\/x.com\/PressenzaIPA"]},{"@type":"Person","@id":"https:\/\/www.pressenza.com\/it\/#\/schema\/person\/db5d60896b03571ff2fbf2fdf7a48c84","name":"Tobia Savoca","description":"Palermitano. Laureato in Giurisprudenza in Italia dove si \u00e8 abilitato alla pratica forense, e laureato in Storia in Francia, dove attualmente insegna. Scrive di storia, politica, societ\u00e0 ed educazione.","sameAs":["https:\/\/www.facebook.com\/tobiasavoca"],"url":"https:\/\/www.pressenza.com\/it\/author\/tobia-savoca\/"}]}},"place":"","original_article_url":"","_links":{"self":[{"href":"https:\/\/www.pressenza.com\/it\/wp-json\/wp\/v2\/posts\/891393","targetHints":{"allow":["GET"]}}],"collection":[{"href":"https:\/\/www.pressenza.com\/it\/wp-json\/wp\/v2\/posts"}],"about":[{"href":"https:\/\/www.pressenza.com\/it\/wp-json\/wp\/v2\/types\/post"}],"author":[{"embeddable":true,"href":"https:\/\/www.pressenza.com\/it\/wp-json\/wp\/v2\/users\/1496"}],"replies":[{"embeddable":true,"href":"https:\/\/www.pressenza.com\/it\/wp-json\/wp\/v2\/comments?post=891393"}],"version-history":[{"count":0,"href":"https:\/\/www.pressenza.com\/it\/wp-json\/wp\/v2\/posts\/891393\/revisions"}],"wp:featuredmedia":[{"embeddable":true,"href":"https:\/\/www.pressenza.com\/it\/wp-json\/wp\/v2\/media\/891404"}],"wp:attachment":[{"href":"https:\/\/www.pressenza.com\/it\/wp-json\/wp\/v2\/media?parent=891393"}],"wp:term":[{"taxonomy":"category","embeddable":true,"href":"https:\/\/www.pressenza.com\/it\/wp-json\/wp\/v2\/categories?post=891393"},{"taxonomy":"post_tag","embeddable":true,"href":"https:\/\/www.pressenza.com\/it\/wp-json\/wp\/v2\/tags?post=891393"}],"curies":[{"name":"wp","href":"https:\/\/api.w.org\/{rel}","templated":true}]}}