{"id":88959,"date":"2014-02-13T19:40:45","date_gmt":"2014-02-13T19:40:45","guid":{"rendered":"http:\/\/www.pressenza.com\/?p=88959"},"modified":"2014-02-13T19:40:45","modified_gmt":"2014-02-13T19:40:45","slug":"alleanze-per-un-nuovo-modello-agricolo","status":"publish","type":"post","link":"https:\/\/www.pressenza.com\/it\/2014\/02\/alleanze-per-un-nuovo-modello-agricolo\/","title":{"rendered":"Alleanze per un nuovo modello agricolo"},"content":{"rendered":"<div>\n<div>\n<div>\n<h1><\/h1>\n<\/div>\n<div><img loading=\"lazy\" decoding=\"async\" title=\"\" alt=\"\" src=\"http:\/\/www.unimondo.org\/var\/unimondo\/storage\/images\/notizie\/alleanze-per-un-nuovo-modello-agricolo-144655\/821938-1-ita-IT\/Alleanze-per-un-nuovo-modello-agricolo_medium.jpg\" width=\"200\" height=\"133\" \/><\/p>\n<div>\n<p>Sotto il terreno si nasconde qualcosa \u2013 Foto: Molinari<\/p>\n<\/div>\n<\/div>\n<div>\n<p>Questo il titolo del XXXII <a href=\"http:\/\/convegnobiodinamica.it\/\" target=\"_blank\">Convegno Internazionale di Agricoltura Biodinamica<\/a> che si terr\u00e0 a Firenze <b>dal 20 al 23 febbraio 2014<\/b>, promosso anche quest\u2019anno dall\u2019<a href=\"http:\/\/www.biodinamica.org\/eventi-e-convegni\/convegno-2014\/\" target=\"_blank\">Associazione per l\u2019Agricoltura Biodinamica<\/a>. E il 2014 per questo appuntamento \u00e8 un anno particolarmente importante, perch\u00e9 celebra i 90 anni della Fondazione dell\u2019Agricoltura Biodinamica e anche perch\u00e9, a quanto pare, \u201c<b>sono pronti i tempi per concepire un nuovo modello agricolo<\/b>\u201d, raccolto sotto una parola dal significato profondo: <a href=\"http:\/\/convegnobiodinamica.it\/Materiali\/BuonosanoBiodinamico2.swf\" target=\"_blank\">alleanza<\/a>.<\/p>\n<p>Ma facciamo un passo indietro e cominciamo da qui: cos\u2019\u00e8 dunque l\u2019agricoltura biodinamica? Prima di tutto \u00e8 una metodologia, fondata su solide conoscenze scientifiche, che <b>smentisce la convinzione che le conoscenze tecnologiche siano l\u2019unico possibile modo per vivere la produzione agricola<\/b>, perch\u00e9 esse hanno s\u00ec sostenuto l\u2019agricoltura convenzionale nell\u2019ultimo secolo, ma non hanno potuto fare a meno di ritrovarsi \u201cin difetto\u201d nel momento in cui i risultati ottenuti, mirabili ed evoluti sotto moltissimi aspetti, si sono dovuti confrontare con il <b>progressivo consumo delle risorse<\/b>. Inoltre, l\u2019uso diffuso di concimi azotati e di pesticidi ha determinato un <b>danno ambientale dai costi imprevisti<\/b> e ancora difficilmente quantificabili.<\/p>\n<p>Prendiamo allora ad esempio il caso dell\u2019<a href=\"http:\/\/www.sancristoforoazienda.it\/\" target=\"_blank\">Azienda San Cristoforo<\/a>, nelle campagne di Gambassi Terme, il cui titolare, il signor Franco Pedrini, \u00e8 riuscito a riportare in vita negli anni un terreno considerato morto e a creare un \u201corganismo agricolo autosufficiente\u201d. Il tutto seguendo i principi della biodinamica, con <i>\u201cuna mucca sopra e una sotto\u201d<\/i> e basandosi sulle osservazioni raccolte da Rudolf Steiner: con l\u2019introduzione degli animali per ottenere il compost e l\u2019uso di preparati biodinamici fondamentali per il ripristino della fertilit\u00e0 del terreno un campo nudo, che 20 anni fa aveva lo 0,6% di humus ora raggiunge percentuali del 6\/7%.<\/p>\n<p><i>Humus<\/i>, una parola che i biodinamici masticano con dolcezza, perch\u00e9 condensa la vita della terra, quella vita necessaria per produrre alimenti. Osservazione della natura ed esperienza, terreno come pancia feconda e non come mero supporto per sostanze aggiunte, lavorazione secondo tempi giusti, scambio di aria, introduzione di leguminose, rotazioni e sovesci. Una mucca sopra allora, s\u00ec, perch\u00e9 gli animali sono presenze preziose e attive in questo ciclo. Ma anche una sotto (per i pi\u00f9 curiosi, <a href=\"http:\/\/www.youtube.com\/watch?v=tiMMoqngdt0\" target=\"_blank\">qui<\/a> un video su uno dei pi\u00f9 famosi preparati, il <i>500<\/i>), perch\u00e9 grazie ai preparati biodinamici una zolla di terreno \u00e8 un grumo di vita, che pullula di lombrichi, microrganismi e movimento.<\/p>\n<p>Processi dinamici, per l\u2019appunto, che costituiscono parte caratterizzante di questa agricoltura (non un semplice metodo agricolo ma <b>una visione del\u00a0 mondo<\/b>), applicazione di un sistema di conoscenza scientifica indispensabile per la comprensione piena di tale <b>approccio olistico <\/b>(non a caso uno dei testi di riferimento pi\u00f9 famosi di Steiner titola <i><a href=\"http:\/\/www.fuocosacro.com\/pagine\/libri\/libri2\/Steiner%20-%20La%20filosofia%20della%20liberta.pdf\" target=\"_blank\">La filosofia della libert\u00e0<\/a><\/i>). Parlare di agricoltura e di coltivazioni<b> non significa parlare principalmente di produzione, bens\u00ec parlare di vita, <\/b>in cui l\u2019alleanza tra mondo animale e vegetale \u00e8 condizione indispensabile e necessaria. E proprio attraverso la parola <i>alleanza<\/i> gli invitati al convegno intrecceranno i loro pensieri e le loro esperienze: tra i massimi rappresentanti del mondo rurale e della societ\u00e0 contemporanea, si faranno portavoce di culture diverse, decise a lavorare insieme per un rinnovamento dell\u2019agricoltura.<\/p>\n<p>Un\u2019opportunit\u00e0 preziosa che far\u00e0 incontrare scienziati, medici, giornalisti, gastronomi, economisti, addetti del settore e persone interessate alla biodinamica, per scambiarsi novit\u00e0 e confrontarsi su programmi e applicazioni d\u2019avanguardia destinate all\u2019eccellenza delle produzioni alimentari nostrane. Parole chiave di questi 3 giorni:<b> qualit\u00e0, garanzia e sovranit\u00e0 alimentare<\/b>. E il <a href=\"http:\/\/convegnobiodinamica.it\/Programma2014.htm\" target=\"_blank\">programma<\/a> non poteva che essere ricco di eventi e di stimoli: dalla terra dei fuochi alla speranza, dalla salvaguardia delle fonti idriche alla <a href=\"http:\/\/www.unimondo.org\/Guide\/Ambiente\/Biodiversita\/%28desc%29\/show\" target=\"_blank\">biodiversit\u00e0<\/a>, dai preparati biodinamici alla pedagogia, ci diamo allora appuntamento a Firenze tra pochi giorni!<\/p>\n<p><b><i><a href=\"http:\/\/www.unimondo.org\/content\/search?SearchWhere=unimondo&amp;SubTreeArray=1867&amp;SearchText=anna+molinari\" target=\"_blank\">Anna Molinari<\/a><\/i><\/b><\/p>\n<\/div>\n<\/div>\n<\/div>\n","protected":false},"excerpt":{"rendered":"<p>Sotto il terreno si nasconde qualcosa \u2013 Foto: Molinari Questo il titolo del XXXII Convegno Internazionale di Agricoltura Biodinamica che si terr\u00e0 a Firenze dal 20 al 23 febbraio 2014, promosso anche quest\u2019anno dall\u2019Associazione per l\u2019Agricoltura Biodinamica. E il 2014&hellip;<\/p>\n","protected":false},"author":599,"featured_media":0,"comment_status":"closed","ping_status":"open","sticky":false,"template":"","format":"standard","meta":{"footnotes":""},"categories":[62,47,1259],"tags":[447,9039,6192,1800,3066],"class_list":["post-88959","post","type-post","status-publish","format-standard","hentry","category-economia","category-europa","category-salute-argomento","tag-agricoltura","tag-agricoltura-biodinamica","tag-agricoltura-biologica","tag-convegno","tag-firenze"],"yoast_head":"<!-- This site is optimized with the Yoast SEO plugin v27.1.1 - https:\/\/yoast.com\/product\/yoast-seo-wordpress\/ -->\n<title>Alleanze per un nuovo modello agricolo<\/title>\n<meta name=\"description\" content=\"Sotto il terreno si nasconde qualcosa \u2013 Foto: Molinari Questo il titolo del XXXII Convegno Internazionale di Agricoltura Biodinamica che si terr\u00e0 a\" \/>\n<meta name=\"robots\" content=\"index, follow, max-snippet:-1, max-image-preview:large, max-video-preview:-1\" \/>\n<link rel=\"canonical\" href=\"https:\/\/www.pressenza.com\/it\/2014\/02\/alleanze-per-un-nuovo-modello-agricolo\/\" \/>\n<meta property=\"og:locale\" content=\"it_IT\" \/>\n<meta property=\"og:type\" content=\"article\" \/>\n<meta property=\"og:title\" content=\"Alleanze per un nuovo modello agricolo\" \/>\n<meta property=\"og:description\" content=\"Sotto il terreno si nasconde qualcosa \u2013 Foto: Molinari Questo il titolo del XXXII Convegno Internazionale di Agricoltura Biodinamica che si terr\u00e0 a\" \/>\n<meta property=\"og:url\" content=\"https:\/\/www.pressenza.com\/it\/2014\/02\/alleanze-per-un-nuovo-modello-agricolo\/\" \/>\n<meta property=\"og:site_name\" content=\"Pressenza\" \/>\n<meta property=\"article:publisher\" content=\"https:\/\/www.facebook.com\/PressenzaItalia\" \/>\n<meta property=\"article:published_time\" content=\"2014-02-13T19:40:45+00:00\" \/>\n<meta property=\"og:image\" content=\"http:\/\/www.unimondo.org\/var\/unimondo\/storage\/images\/notizie\/alleanze-per-un-nuovo-modello-agricolo-144655\/821938-1-ita-IT\/Alleanze-per-un-nuovo-modello-agricolo_medium.jpg\" \/>\n<meta name=\"author\" content=\"Unimondo\" \/>\n<meta name=\"twitter:card\" content=\"summary_large_image\" \/>\n<meta name=\"twitter:creator\" content=\"@PressenzaIPA\" \/>\n<meta name=\"twitter:site\" content=\"@PressenzaIPA\" \/>\n<meta name=\"twitter:label1\" content=\"Scritto da\" \/>\n\t<meta name=\"twitter:data1\" content=\"Unimondo\" \/>\n\t<meta name=\"twitter:label2\" content=\"Tempo di lettura stimato\" \/>\n\t<meta name=\"twitter:data2\" content=\"3 minuti\" \/>\n<script type=\"application\/ld+json\" class=\"yoast-schema-graph\">{\"@context\":\"https:\/\/schema.org\",\"@graph\":[{\"@type\":\"Article\",\"@id\":\"https:\/\/www.pressenza.com\/it\/2014\/02\/alleanze-per-un-nuovo-modello-agricolo\/#article\",\"isPartOf\":{\"@id\":\"https:\/\/www.pressenza.com\/it\/2014\/02\/alleanze-per-un-nuovo-modello-agricolo\/\"},\"author\":{\"name\":\"Unimondo\",\"@id\":\"https:\/\/www.pressenza.com\/it\/#\/schema\/person\/c1522125703ef99487d4e50b9fbc1ecf\"},\"headline\":\"Alleanze per un nuovo modello agricolo\",\"datePublished\":\"2014-02-13T19:40:45+00:00\",\"mainEntityOfPage\":{\"@id\":\"https:\/\/www.pressenza.com\/it\/2014\/02\/alleanze-per-un-nuovo-modello-agricolo\/\"},\"wordCount\":614,\"publisher\":{\"@id\":\"https:\/\/www.pressenza.com\/it\/#organization\"},\"image\":{\"@id\":\"https:\/\/www.pressenza.com\/it\/2014\/02\/alleanze-per-un-nuovo-modello-agricolo\/#primaryimage\"},\"thumbnailUrl\":\"http:\/\/www.unimondo.org\/var\/unimondo\/storage\/images\/notizie\/alleanze-per-un-nuovo-modello-agricolo-144655\/821938-1-ita-IT\/Alleanze-per-un-nuovo-modello-agricolo_medium.jpg\",\"keywords\":[\"agricoltura\",\"Agricoltura Biodinamica\",\"agricoltura biologica\",\"convegno\",\"Firenze\"],\"articleSection\":[\"Economia\",\"Europa\",\"Salute\"],\"inLanguage\":\"it-IT\"},{\"@type\":\"WebPage\",\"@id\":\"https:\/\/www.pressenza.com\/it\/2014\/02\/alleanze-per-un-nuovo-modello-agricolo\/\",\"url\":\"https:\/\/www.pressenza.com\/it\/2014\/02\/alleanze-per-un-nuovo-modello-agricolo\/\",\"name\":\"Alleanze per un nuovo modello agricolo\",\"isPartOf\":{\"@id\":\"https:\/\/www.pressenza.com\/it\/#website\"},\"primaryImageOfPage\":{\"@id\":\"https:\/\/www.pressenza.com\/it\/2014\/02\/alleanze-per-un-nuovo-modello-agricolo\/#primaryimage\"},\"image\":{\"@id\":\"https:\/\/www.pressenza.com\/it\/2014\/02\/alleanze-per-un-nuovo-modello-agricolo\/#primaryimage\"},\"thumbnailUrl\":\"http:\/\/www.unimondo.org\/var\/unimondo\/storage\/images\/notizie\/alleanze-per-un-nuovo-modello-agricolo-144655\/821938-1-ita-IT\/Alleanze-per-un-nuovo-modello-agricolo_medium.jpg\",\"datePublished\":\"2014-02-13T19:40:45+00:00\",\"description\":\"Sotto il terreno si nasconde qualcosa \u2013 Foto: Molinari Questo il titolo del XXXII Convegno Internazionale di Agricoltura Biodinamica che si terr\u00e0 a\",\"breadcrumb\":{\"@id\":\"https:\/\/www.pressenza.com\/it\/2014\/02\/alleanze-per-un-nuovo-modello-agricolo\/#breadcrumb\"},\"inLanguage\":\"it-IT\",\"potentialAction\":[{\"@type\":\"ReadAction\",\"target\":[\"https:\/\/www.pressenza.com\/it\/2014\/02\/alleanze-per-un-nuovo-modello-agricolo\/\"]}]},{\"@type\":\"ImageObject\",\"inLanguage\":\"it-IT\",\"@id\":\"https:\/\/www.pressenza.com\/it\/2014\/02\/alleanze-per-un-nuovo-modello-agricolo\/#primaryimage\",\"url\":\"http:\/\/www.unimondo.org\/var\/unimondo\/storage\/images\/notizie\/alleanze-per-un-nuovo-modello-agricolo-144655\/821938-1-ita-IT\/Alleanze-per-un-nuovo-modello-agricolo_medium.jpg\",\"contentUrl\":\"http:\/\/www.unimondo.org\/var\/unimondo\/storage\/images\/notizie\/alleanze-per-un-nuovo-modello-agricolo-144655\/821938-1-ita-IT\/Alleanze-per-un-nuovo-modello-agricolo_medium.jpg\"},{\"@type\":\"BreadcrumbList\",\"@id\":\"https:\/\/www.pressenza.com\/it\/2014\/02\/alleanze-per-un-nuovo-modello-agricolo\/#breadcrumb\",\"itemListElement\":[{\"@type\":\"ListItem\",\"position\":1,\"name\":\"Accueil\",\"item\":\"https:\/\/www.pressenza.com\/it\/\"},{\"@type\":\"ListItem\",\"position\":2,\"name\":\"Alleanze per un nuovo modello agricolo\"}]},{\"@type\":\"WebSite\",\"@id\":\"https:\/\/www.pressenza.com\/it\/#website\",\"url\":\"https:\/\/www.pressenza.com\/it\/\",\"name\":\"Pressenza\",\"description\":\"Agenzia di Stampa Internazionale\",\"publisher\":{\"@id\":\"https:\/\/www.pressenza.com\/it\/#organization\"},\"potentialAction\":[{\"@type\":\"SearchAction\",\"target\":{\"@type\":\"EntryPoint\",\"urlTemplate\":\"https:\/\/www.pressenza.com\/it\/?s={search_term_string}\"},\"query-input\":{\"@type\":\"PropertyValueSpecification\",\"valueRequired\":true,\"valueName\":\"search_term_string\"}}],\"inLanguage\":\"it-IT\"},{\"@type\":\"Organization\",\"@id\":\"https:\/\/www.pressenza.com\/it\/#organization\",\"name\":\"Pressenza\",\"url\":\"https:\/\/www.pressenza.com\/it\/\",\"logo\":{\"@type\":\"ImageObject\",\"inLanguage\":\"it-IT\",\"@id\":\"https:\/\/www.pressenza.com\/it\/#\/schema\/logo\/image\/\",\"url\":\"https:\/\/www.pressenza.com\/wp-content\/uploads\/2022\/10\/pressenza_logo_200x200.jpg\",\"contentUrl\":\"https:\/\/www.pressenza.com\/wp-content\/uploads\/2022\/10\/pressenza_logo_200x200.jpg\",\"width\":200,\"height\":200,\"caption\":\"Pressenza\"},\"image\":{\"@id\":\"https:\/\/www.pressenza.com\/it\/#\/schema\/logo\/image\/\"},\"sameAs\":[\"https:\/\/www.facebook.com\/PressenzaItalia\",\"https:\/\/x.com\/PressenzaIPA\"]},{\"@type\":\"Person\",\"@id\":\"https:\/\/www.pressenza.com\/it\/#\/schema\/person\/c1522125703ef99487d4e50b9fbc1ecf\",\"name\":\"Unimondo\",\"description\":\"www.unimondo.org\",\"url\":\"https:\/\/www.pressenza.com\/it\/author\/unimondo\/\"}]}<\/script>\n<!-- \/ Yoast SEO plugin. -->","yoast_head_json":{"title":"Alleanze per un nuovo modello agricolo","description":"Sotto il terreno si nasconde qualcosa \u2013 Foto: Molinari Questo il titolo del XXXII Convegno Internazionale di Agricoltura Biodinamica che si terr\u00e0 a","robots":{"index":"index","follow":"follow","max-snippet":"max-snippet:-1","max-image-preview":"max-image-preview:large","max-video-preview":"max-video-preview:-1"},"canonical":"https:\/\/www.pressenza.com\/it\/2014\/02\/alleanze-per-un-nuovo-modello-agricolo\/","og_locale":"it_IT","og_type":"article","og_title":"Alleanze per un nuovo modello agricolo","og_description":"Sotto il terreno si nasconde qualcosa \u2013 Foto: Molinari Questo il titolo del XXXII Convegno Internazionale di Agricoltura Biodinamica che si terr\u00e0 a","og_url":"https:\/\/www.pressenza.com\/it\/2014\/02\/alleanze-per-un-nuovo-modello-agricolo\/","og_site_name":"Pressenza","article_publisher":"https:\/\/www.facebook.com\/PressenzaItalia","article_published_time":"2014-02-13T19:40:45+00:00","og_image":[{"url":"http:\/\/www.unimondo.org\/var\/unimondo\/storage\/images\/notizie\/alleanze-per-un-nuovo-modello-agricolo-144655\/821938-1-ita-IT\/Alleanze-per-un-nuovo-modello-agricolo_medium.jpg","type":"","width":"","height":""}],"author":"Unimondo","twitter_card":"summary_large_image","twitter_creator":"@PressenzaIPA","twitter_site":"@PressenzaIPA","twitter_misc":{"Scritto da":"Unimondo","Tempo di lettura stimato":"3 minuti"},"schema":{"@context":"https:\/\/schema.org","@graph":[{"@type":"Article","@id":"https:\/\/www.pressenza.com\/it\/2014\/02\/alleanze-per-un-nuovo-modello-agricolo\/#article","isPartOf":{"@id":"https:\/\/www.pressenza.com\/it\/2014\/02\/alleanze-per-un-nuovo-modello-agricolo\/"},"author":{"name":"Unimondo","@id":"https:\/\/www.pressenza.com\/it\/#\/schema\/person\/c1522125703ef99487d4e50b9fbc1ecf"},"headline":"Alleanze per un nuovo modello agricolo","datePublished":"2014-02-13T19:40:45+00:00","mainEntityOfPage":{"@id":"https:\/\/www.pressenza.com\/it\/2014\/02\/alleanze-per-un-nuovo-modello-agricolo\/"},"wordCount":614,"publisher":{"@id":"https:\/\/www.pressenza.com\/it\/#organization"},"image":{"@id":"https:\/\/www.pressenza.com\/it\/2014\/02\/alleanze-per-un-nuovo-modello-agricolo\/#primaryimage"},"thumbnailUrl":"http:\/\/www.unimondo.org\/var\/unimondo\/storage\/images\/notizie\/alleanze-per-un-nuovo-modello-agricolo-144655\/821938-1-ita-IT\/Alleanze-per-un-nuovo-modello-agricolo_medium.jpg","keywords":["agricoltura","Agricoltura Biodinamica","agricoltura biologica","convegno","Firenze"],"articleSection":["Economia","Europa","Salute"],"inLanguage":"it-IT"},{"@type":"WebPage","@id":"https:\/\/www.pressenza.com\/it\/2014\/02\/alleanze-per-un-nuovo-modello-agricolo\/","url":"https:\/\/www.pressenza.com\/it\/2014\/02\/alleanze-per-un-nuovo-modello-agricolo\/","name":"Alleanze per un nuovo modello agricolo","isPartOf":{"@id":"https:\/\/www.pressenza.com\/it\/#website"},"primaryImageOfPage":{"@id":"https:\/\/www.pressenza.com\/it\/2014\/02\/alleanze-per-un-nuovo-modello-agricolo\/#primaryimage"},"image":{"@id":"https:\/\/www.pressenza.com\/it\/2014\/02\/alleanze-per-un-nuovo-modello-agricolo\/#primaryimage"},"thumbnailUrl":"http:\/\/www.unimondo.org\/var\/unimondo\/storage\/images\/notizie\/alleanze-per-un-nuovo-modello-agricolo-144655\/821938-1-ita-IT\/Alleanze-per-un-nuovo-modello-agricolo_medium.jpg","datePublished":"2014-02-13T19:40:45+00:00","description":"Sotto il terreno si nasconde qualcosa \u2013 Foto: Molinari Questo il titolo del XXXII Convegno Internazionale di Agricoltura Biodinamica che si terr\u00e0 a","breadcrumb":{"@id":"https:\/\/www.pressenza.com\/it\/2014\/02\/alleanze-per-un-nuovo-modello-agricolo\/#breadcrumb"},"inLanguage":"it-IT","potentialAction":[{"@type":"ReadAction","target":["https:\/\/www.pressenza.com\/it\/2014\/02\/alleanze-per-un-nuovo-modello-agricolo\/"]}]},{"@type":"ImageObject","inLanguage":"it-IT","@id":"https:\/\/www.pressenza.com\/it\/2014\/02\/alleanze-per-un-nuovo-modello-agricolo\/#primaryimage","url":"http:\/\/www.unimondo.org\/var\/unimondo\/storage\/images\/notizie\/alleanze-per-un-nuovo-modello-agricolo-144655\/821938-1-ita-IT\/Alleanze-per-un-nuovo-modello-agricolo_medium.jpg","contentUrl":"http:\/\/www.unimondo.org\/var\/unimondo\/storage\/images\/notizie\/alleanze-per-un-nuovo-modello-agricolo-144655\/821938-1-ita-IT\/Alleanze-per-un-nuovo-modello-agricolo_medium.jpg"},{"@type":"BreadcrumbList","@id":"https:\/\/www.pressenza.com\/it\/2014\/02\/alleanze-per-un-nuovo-modello-agricolo\/#breadcrumb","itemListElement":[{"@type":"ListItem","position":1,"name":"Accueil","item":"https:\/\/www.pressenza.com\/it\/"},{"@type":"ListItem","position":2,"name":"Alleanze per un nuovo modello agricolo"}]},{"@type":"WebSite","@id":"https:\/\/www.pressenza.com\/it\/#website","url":"https:\/\/www.pressenza.com\/it\/","name":"Pressenza","description":"Agenzia di Stampa Internazionale","publisher":{"@id":"https:\/\/www.pressenza.com\/it\/#organization"},"potentialAction":[{"@type":"SearchAction","target":{"@type":"EntryPoint","urlTemplate":"https:\/\/www.pressenza.com\/it\/?s={search_term_string}"},"query-input":{"@type":"PropertyValueSpecification","valueRequired":true,"valueName":"search_term_string"}}],"inLanguage":"it-IT"},{"@type":"Organization","@id":"https:\/\/www.pressenza.com\/it\/#organization","name":"Pressenza","url":"https:\/\/www.pressenza.com\/it\/","logo":{"@type":"ImageObject","inLanguage":"it-IT","@id":"https:\/\/www.pressenza.com\/it\/#\/schema\/logo\/image\/","url":"https:\/\/www.pressenza.com\/wp-content\/uploads\/2022\/10\/pressenza_logo_200x200.jpg","contentUrl":"https:\/\/www.pressenza.com\/wp-content\/uploads\/2022\/10\/pressenza_logo_200x200.jpg","width":200,"height":200,"caption":"Pressenza"},"image":{"@id":"https:\/\/www.pressenza.com\/it\/#\/schema\/logo\/image\/"},"sameAs":["https:\/\/www.facebook.com\/PressenzaItalia","https:\/\/x.com\/PressenzaIPA"]},{"@type":"Person","@id":"https:\/\/www.pressenza.com\/it\/#\/schema\/person\/c1522125703ef99487d4e50b9fbc1ecf","name":"Unimondo","description":"www.unimondo.org","url":"https:\/\/www.pressenza.com\/it\/author\/unimondo\/"}]}},"place":"","original_article_url":"","_links":{"self":[{"href":"https:\/\/www.pressenza.com\/it\/wp-json\/wp\/v2\/posts\/88959","targetHints":{"allow":["GET"]}}],"collection":[{"href":"https:\/\/www.pressenza.com\/it\/wp-json\/wp\/v2\/posts"}],"about":[{"href":"https:\/\/www.pressenza.com\/it\/wp-json\/wp\/v2\/types\/post"}],"author":[{"embeddable":true,"href":"https:\/\/www.pressenza.com\/it\/wp-json\/wp\/v2\/users\/599"}],"replies":[{"embeddable":true,"href":"https:\/\/www.pressenza.com\/it\/wp-json\/wp\/v2\/comments?post=88959"}],"version-history":[{"count":0,"href":"https:\/\/www.pressenza.com\/it\/wp-json\/wp\/v2\/posts\/88959\/revisions"}],"wp:attachment":[{"href":"https:\/\/www.pressenza.com\/it\/wp-json\/wp\/v2\/media?parent=88959"}],"wp:term":[{"taxonomy":"category","embeddable":true,"href":"https:\/\/www.pressenza.com\/it\/wp-json\/wp\/v2\/categories?post=88959"},{"taxonomy":"post_tag","embeddable":true,"href":"https:\/\/www.pressenza.com\/it\/wp-json\/wp\/v2\/tags?post=88959"}],"curies":[{"name":"wp","href":"https:\/\/api.w.org\/{rel}","templated":true}]}}